{"id":9323,"date":"2026-04-29T12:41:30","date_gmt":"2026-04-29T15:41:30","guid":{"rendered":"https:\/\/motorista.com.br\/noticias\/2026\/04\/29\/transformacoes-no-agronegocio-brasileiro\/"},"modified":"2026-04-29T12:41:30","modified_gmt":"2026-04-29T15:41:30","slug":"transformacoes-no-agronegocio-brasileiro","status":"publish","type":"post","link":"https:\/\/motorista.com.br\/noticias\/2026\/04\/29\/transformacoes-no-agronegocio-brasileiro\/","title":{"rendered":"Transforma\u00e7\u00f5es no agroneg\u00f3cio brasileiro"},"content":{"rendered":"<p><\/p>\n<div data-ast-blocks-layout=\"true\" itemprop=\"text\">\n<figure class=\"wp-block-image aligncenter size-large\"><img fetchpriority=\"high\" fetchpriority=\"high\" decoding=\"async\" width=\"1024\" height=\"613\" src=\"https:\/\/www.reformatributaria.com\/wp-content\/uploads\/2026\/04\/produtor-rural-1024x613.webp\" alt=\"\" class=\"wp-image-41124\" srcset=\"https:\/\/www.reformatributaria.com\/wp-content\/uploads\/2026\/04\/produtor-rural-1024x613.webp 1024w, https:\/\/www.reformatributaria.com\/wp-content\/uploads\/2026\/04\/produtor-rural-300x179.webp 300w, https:\/\/www.reformatributaria.com\/wp-content\/uploads\/2026\/04\/produtor-rural-200x120.webp 200w, https:\/\/www.reformatributaria.com\/wp-content\/uploads\/2026\/04\/produtor-rural-768x459.webp 768w, https:\/\/www.reformatributaria.com\/wp-content\/uploads\/2026\/04\/produtor-rural-600x359.webp 600w, https:\/\/www.reformatributaria.com\/wp-content\/uploads\/2026\/04\/produtor-rural.webp 1170w\" sizes=\"(max-width: 1024px) 100vw, 1024px\" loading=\"eager\"\/><figcaption class=\"wp-element-caption\"><em>Foto: Valter Campanato via Ag\u00eancia Brasil<\/em><\/figcaption><\/figure>\n<p><strong>Por Marcelo Geraldelli<\/strong><\/p>\n<p>O Brasil rural est\u00e1 prestes a vivenciar uma transforma\u00e7\u00e3o significativa em sua estrutura tribut\u00e1ria. Depois de anos de debate, a Reforma Tribut\u00e1ria est\u00e1 pronta para ser implementada, e seu impacto ser\u00e1 especialmente relevante para o agroneg\u00f3cio \u2014 uma \u00e1rea vital para a economia do pa\u00eds.<\/p>\n<p>A partir de 2025, o Brasil inicia a transi\u00e7\u00e3o para o <strong>IVA Dual<\/strong>, substituindo diversos impostos como PIS, Cofins e ICMS por um novo sistema que promove simplifica\u00e7\u00e3o e transpar\u00eancia. Esta mudan\u00e7a n\u00e3o apenas altera a forma de tributa\u00e7\u00e3o, mas tamb\u00e9m impacta diretamente a maneira como os produtores rurais operam, gerenciam seus neg\u00f3cios e interagem no mercado.<\/p>\n<h4><strong>Um novo cen\u00e1rio tribut\u00e1rio que impacta o campo<\/strong><\/h4>\n<p>Com a reforma, os produtores rurais enfrentar\u00e3o uma s\u00e9rie de modifica\u00e7\u00f5es que afetar\u00e3o a forma\u00e7\u00e3o de pre\u00e7os, cadeia log\u00edstica e gest\u00e3o de propriedades. A conviv\u00eancia de tributos antigos e novos, at\u00e9 2033, exigir\u00e1 uma aten\u00e7\u00e3o especial e adapta\u00e7\u00e3o cont\u00ednua.<\/p>\n<h4><strong>1. Al\u00edquotas reduzidas para o agro<\/strong><\/h4>\n<p>A nova estrutura tribut\u00e1ria reconhece a import\u00e2ncia do agroneg\u00f3cio, oferecendo uma redu\u00e7\u00e3o significativa nas al\u00edquotas para insumos e produtos agropecu\u00e1rios. Isso representa um al\u00edvio para os produtores, especialmente em um cen\u00e1rio onde os custos de insumos est\u00e3o altos, contribuindo para a sustentabilidade das opera\u00e7\u00f5es e, consequentemente, para a mobilidade de produtos nas cadeias de abastecimento.<\/p>\n<h4><strong>2. Cesta b\u00e1sica isenta: beneficiando a produ\u00e7\u00e3o e o consumidor<\/strong><\/h4>\n<p>A isen\u00e7\u00e3o de tributos sobre a cesta b\u00e1sica garante que alimentos essenciais permane\u00e7am acess\u00edveis ao consumidor. Isso n\u00e3o s\u00f3 facilita o acesso a produtos b\u00e1sicos, mas reduz as press\u00f5es na cadeia produtiva, estimulando a mobilidade e a competitividade do agroneg\u00f3cio no mercado global.<\/p>\n<h4><strong>3. A for\u00e7a das cooperativas preservada por lei<\/strong><\/h4>\n<p>Com a legisla\u00e7\u00e3o garantindo al\u00edquota zero para opera\u00e7\u00f5es entre cooperados e cooperativas, o cooperativismo se fortalece. Essa estrutura n\u00e3o apenas sustenta milhares de produtores, mas tamb\u00e9m otimiza a log\u00edstica e a distribui\u00e7\u00e3o, promovendo uma mobilidade mais eficiente dos produtos.<\/p>\n<h4><strong>Produtor contribuinte vs. n\u00e3o contribuinte: op\u00e7\u00f5es e consequ\u00eancias<\/strong><\/h4>\n<p>A reforma estabelece crit\u00e9rios claros de tributa\u00e7\u00e3o, diferenciando entre produtores com faturamento acima e abaixo de R$ 3,6 milh\u00f5es\/ano. Essa segmenta\u00e7\u00e3o permitir\u00e1 que muitos pequenos e m\u00e9dios agricultores permane\u00e7am fora do sistema tribut\u00e1rio, estimulando a produ\u00e7\u00e3o sem onerar suas opera\u00e7\u00f5es.<\/p>\n<h4><strong>Contratos agr\u00e1rios e nova tributa\u00e7\u00e3o<\/strong><\/h4>\n<p>As opera\u00e7\u00f5es de arrendamentos e loca\u00e7\u00f5es tamb\u00e9m ser\u00e3o tributadas, exigindo uma revis\u00e3o cuidadosa dos contratos. Estas mudan\u00e7as poder\u00e3o influenciar a negocia\u00e7\u00e3o de pre\u00e7os e termos contratuais, impactando a mobilidade de terras e recursos dentro do agroneg\u00f3cio.<\/p>\n<h4><strong>O novo CNPJ alfanum\u00e9rico: um passo importante<\/strong><\/h4>\n<p>A implementa\u00e7\u00e3o obrigat\u00f3ria do CNPJ alfanum\u00e9rico a partir de junho de 2026 trar\u00e1 padroniza\u00e7\u00e3o e facilitar\u00e1 a integra\u00e7\u00e3o de dados. Essa mudan\u00e7a permitir\u00e1 uma melhor rastreabilidade fiscal e uma comunica\u00e7\u00e3o mais eficiente entre os produtores e os \u00f3rg\u00e3os fiscais, resultando em um ambiente comercial mais din\u00e2mico.<\/p>\n<h4><strong>Um campo em transi\u00e7\u00e3o: desafios e oportunidades<\/strong><\/h4>\n<p>Estamos diante de um per\u00edodo de transforma\u00e7\u00e3o onde aqueles que se antecipam a essas mudan\u00e7as poder\u00e3o colher melhores resultados. O tempo at\u00e9 2033 ser\u00e1 crucial para revis\u00f5es contratuais, ajustes em sistemas e capacita\u00e7\u00e3o das equipes, tornando as cooperativas ainda mais relevantes neste processo.<\/p>\n<h4><strong>Conclus\u00e3o<\/strong><\/h4>\n<p>A Reforma Tribut\u00e1ria n\u00e3o \u00e9 apenas uma mudan\u00e7a de impostos, mas uma reconfigura\u00e7\u00e3o de processos e responsabilidades que oferece novas oportunidades ao produtor rural. A adapta\u00e7\u00e3o r\u00e1pida e organizada garantir\u00e1 uma posi\u00e7\u00e3o competitiva e um papel ativo no novo cen\u00e1rio do Brasil rural. O cooperativismo continuar\u00e1 sendo a base vital que mant\u00e9m os produtores informados e capacitados para enfrentar os desafios que est\u00e3o por vir.<\/p>\n<hr class=\"wp-block-separator has-alpha-channel-opacity is-style-wide\"\/>\n<p>Fonte: reformatributaria<\/p>\n<\/div>\n","protected":false},"excerpt":{"rendered":"<p>Foto: Valter Campanato via Ag\u00eancia Brasil Por Marcelo Geraldelli O Brasil rural est\u00e1 prestes a vivenciar uma transforma\u00e7\u00e3o significativa em sua estrutura tribut\u00e1ria. Depois de anos de debate, a Reforma Tribut\u00e1ria est\u00e1 pronta para ser implementada, e seu impacto ser\u00e1 especialmente relevante para o agroneg\u00f3cio \u2014 uma \u00e1rea vital para a economia do pa\u00eds. A &hellip;<\/p>\n","protected":false},"author":4,"featured_media":9324,"comment_status":"","ping_status":"open","sticky":false,"template":"","format":"standard","meta":{"footnotes":""},"categories":[35],"tags":[],"coauthors":[42],"class_list":["post-9323","post","type-post","status-publish","format-standard","has-post-thumbnail","hentry","category-legislacao"],"yoast_head":"<!-- This site is optimized with the Yoast SEO Premium plugin v25.5 (Yoast SEO v27.5) - https:\/\/yoast.com\/product\/yoast-seo-premium-wordpress\/ -->\n<title>Transforma\u00e7\u00f5es no agroneg\u00f3cio brasileiro - Motorista.com.br<\/title>\n<meta name=\"robots\" content=\"index, follow, max-snippet:-1, max-image-preview:large, max-video-preview:-1\" \/>\n<link rel=\"canonical\" href=\"https:\/\/motorista.com.br\/noticias\/2026\/04\/29\/transformacoes-no-agronegocio-brasileiro\/\" \/>\n<meta property=\"og:locale\" content=\"pt_BR\" \/>\n<meta property=\"og:type\" content=\"article\" \/>\n<meta property=\"og:title\" content=\"Transforma\u00e7\u00f5es no agroneg\u00f3cio brasileiro\" \/>\n<meta property=\"og:description\" content=\"Foto: Valter Campanato via Ag\u00eancia Brasil Por Marcelo Geraldelli O Brasil rural est\u00e1 prestes a vivenciar uma transforma\u00e7\u00e3o significativa em sua estrutura tribut\u00e1ria. Depois de anos de debate, a Reforma Tribut\u00e1ria est\u00e1 pronta para ser implementada, e seu impacto ser\u00e1 especialmente relevante para o agroneg\u00f3cio \u2014 uma \u00e1rea vital para a economia do pa\u00eds. A &hellip;\" \/>\n<meta property=\"og:url\" content=\"https:\/\/motorista.com.br\/noticias\/2026\/04\/29\/transformacoes-no-agronegocio-brasileiro\/\" \/>\n<meta property=\"og:site_name\" content=\"Motorista.com.br\" \/>\n<meta property=\"article:published_time\" content=\"2026-04-29T15:41:30+00:00\" \/>\n<meta name=\"author\" content=\"Equipe Reda\u00e7\u00e3o\" \/>\n<meta name=\"twitter:card\" content=\"summary_large_image\" \/>\n<meta name=\"twitter:label1\" content=\"Escrito por\" \/>\n\t<meta name=\"twitter:data1\" content=\"Equipe Reda\u00e7\u00e3o\" \/>\n\t<meta name=\"twitter:label2\" content=\"Est. tempo de leitura\" \/>\n\t<meta name=\"twitter:data2\" content=\"3 minutos\" \/>\n\t<meta name=\"twitter:label3\" content=\"Written by\" \/>\n\t<meta name=\"twitter:data3\" content=\"Equipe Reda\u00e7\u00e3o\" \/>\n<script type=\"application\/ld+json\" class=\"yoast-schema-graph\">{\"@context\":\"https:\\\/\\\/schema.org\",\"@graph\":[{\"@type\":\"Article\",\"@id\":\"https:\\\/\\\/motorista.com.br\\\/noticias\\\/2026\\\/04\\\/29\\\/transformacoes-no-agronegocio-brasileiro\\\/#article\",\"isPartOf\":{\"@id\":\"https:\\\/\\\/motorista.com.br\\\/noticias\\\/2026\\\/04\\\/29\\\/transformacoes-no-agronegocio-brasileiro\\\/\"},\"author\":{\"name\":\"Equipe Reda\u00e7\u00e3o\",\"@id\":\"https:\\\/\\\/motorista.com.br\\\/noticias\\\/#\\\/schema\\\/person\\\/dc93afc2981c0e3ce6bc3c053fd847be\"},\"headline\":\"Transforma\u00e7\u00f5es no agroneg\u00f3cio brasileiro\",\"datePublished\":\"2026-04-29T15:41:30+00:00\",\"mainEntityOfPage\":{\"@id\":\"https:\\\/\\\/motorista.com.br\\\/noticias\\\/2026\\\/04\\\/29\\\/transformacoes-no-agronegocio-brasileiro\\\/\"},\"wordCount\":685,\"publisher\":{\"@id\":\"https:\\\/\\\/motorista.com.br\\\/noticias\\\/#organization\"},\"image\":{\"@id\":\"https:\\\/\\\/motorista.com.br\\\/noticias\\\/2026\\\/04\\\/29\\\/transformacoes-no-agronegocio-brasileiro\\\/#primaryimage\"},\"thumbnailUrl\":\"https:\\\/\\\/motorista.com.br\\\/noticias\\\/wp-content\\\/uploads\\\/2026\\\/04\\\/produtor-rural.webp.webp\",\"articleSection\":[\"Legisla\u00e7\u00e3o\"],\"inLanguage\":\"pt-BR\"},{\"@type\":\"WebPage\",\"@id\":\"https:\\\/\\\/motorista.com.br\\\/noticias\\\/2026\\\/04\\\/29\\\/transformacoes-no-agronegocio-brasileiro\\\/\",\"url\":\"https:\\\/\\\/motorista.com.br\\\/noticias\\\/2026\\\/04\\\/29\\\/transformacoes-no-agronegocio-brasileiro\\\/\",\"name\":\"Transforma\u00e7\u00f5es no agroneg\u00f3cio brasileiro - Motorista.com.br\",\"isPartOf\":{\"@id\":\"https:\\\/\\\/motorista.com.br\\\/noticias\\\/#website\"},\"primaryImageOfPage\":{\"@id\":\"https:\\\/\\\/motorista.com.br\\\/noticias\\\/2026\\\/04\\\/29\\\/transformacoes-no-agronegocio-brasileiro\\\/#primaryimage\"},\"image\":{\"@id\":\"https:\\\/\\\/motorista.com.br\\\/noticias\\\/2026\\\/04\\\/29\\\/transformacoes-no-agronegocio-brasileiro\\\/#primaryimage\"},\"thumbnailUrl\":\"https:\\\/\\\/motorista.com.br\\\/noticias\\\/wp-content\\\/uploads\\\/2026\\\/04\\\/produtor-rural.webp.webp\",\"datePublished\":\"2026-04-29T15:41:30+00:00\",\"breadcrumb\":{\"@id\":\"https:\\\/\\\/motorista.com.br\\\/noticias\\\/2026\\\/04\\\/29\\\/transformacoes-no-agronegocio-brasileiro\\\/#breadcrumb\"},\"inLanguage\":\"pt-BR\",\"potentialAction\":[{\"@type\":\"ReadAction\",\"target\":[\"https:\\\/\\\/motorista.com.br\\\/noticias\\\/2026\\\/04\\\/29\\\/transformacoes-no-agronegocio-brasileiro\\\/\"]}]},{\"@type\":\"ImageObject\",\"inLanguage\":\"pt-BR\",\"@id\":\"https:\\\/\\\/motorista.com.br\\\/noticias\\\/2026\\\/04\\\/29\\\/transformacoes-no-agronegocio-brasileiro\\\/#primaryimage\",\"url\":\"https:\\\/\\\/motorista.com.br\\\/noticias\\\/wp-content\\\/uploads\\\/2026\\\/04\\\/produtor-rural.webp.webp\",\"contentUrl\":\"https:\\\/\\\/motorista.com.br\\\/noticias\\\/wp-content\\\/uploads\\\/2026\\\/04\\\/produtor-rural.webp.webp\",\"width\":1170,\"height\":700},{\"@type\":\"BreadcrumbList\",\"@id\":\"https:\\\/\\\/motorista.com.br\\\/noticias\\\/2026\\\/04\\\/29\\\/transformacoes-no-agronegocio-brasileiro\\\/#breadcrumb\",\"itemListElement\":[{\"@type\":\"ListItem\",\"position\":1,\"name\":\"In\u00edcio\",\"item\":\"https:\\\/\\\/motorista.com.br\\\/noticias\\\/\"},{\"@type\":\"ListItem\",\"position\":2,\"name\":\"Transforma\u00e7\u00f5es no agroneg\u00f3cio brasileiro\"}]},{\"@type\":\"WebSite\",\"@id\":\"https:\\\/\\\/motorista.com.br\\\/noticias\\\/#website\",\"url\":\"https:\\\/\\\/motorista.com.br\\\/noticias\\\/\",\"name\":\"Motorista.com.br\",\"description\":\"Not\u00edcia do Motorista\",\"publisher\":{\"@id\":\"https:\\\/\\\/motorista.com.br\\\/noticias\\\/#organization\"},\"potentialAction\":[{\"@type\":\"SearchAction\",\"target\":{\"@type\":\"EntryPoint\",\"urlTemplate\":\"https:\\\/\\\/motorista.com.br\\\/noticias\\\/?s={search_term_string}\"},\"query-input\":{\"@type\":\"PropertyValueSpecification\",\"valueRequired\":true,\"valueName\":\"search_term_string\"}}],\"inLanguage\":\"pt-BR\"},{\"@type\":\"Organization\",\"@id\":\"https:\\\/\\\/motorista.com.br\\\/noticias\\\/#organization\",\"name\":\"Motorista.com.br\",\"url\":\"https:\\\/\\\/motorista.com.br\\\/noticias\\\/\",\"logo\":{\"@type\":\"ImageObject\",\"inLanguage\":\"pt-BR\",\"@id\":\"https:\\\/\\\/motorista.com.br\\\/noticias\\\/#\\\/schema\\\/logo\\\/image\\\/\",\"url\":\"https:\\\/\\\/motorista.com.br\\\/noticias\\\/wp-content\\\/uploads\\\/2025\\\/06\\\/Design-sem-nome-9.png\",\"contentUrl\":\"https:\\\/\\\/motorista.com.br\\\/noticias\\\/wp-content\\\/uploads\\\/2025\\\/06\\\/Design-sem-nome-9.png\",\"width\":150,\"height\":85,\"caption\":\"Motorista.com.br\"},\"image\":{\"@id\":\"https:\\\/\\\/motorista.com.br\\\/noticias\\\/#\\\/schema\\\/logo\\\/image\\\/\"}},{\"@type\":\"Person\",\"@id\":\"https:\\\/\\\/motorista.com.br\\\/noticias\\\/#\\\/schema\\\/person\\\/dc93afc2981c0e3ce6bc3c053fd847be\",\"name\":\"Equipe Reda\u00e7\u00e3o\",\"image\":{\"@type\":\"ImageObject\",\"inLanguage\":\"pt-BR\",\"@id\":\"https:\\\/\\\/secure.gravatar.com\\\/avatar\\\/4f525efbf18dd2bb300ccad28bfb99d95a9465a5ba268407c8c37b37e1f28d2d?s=96&d=mm&r=g9e099043a0c61e9ae27e293b9fa75ffc\",\"url\":\"https:\\\/\\\/secure.gravatar.com\\\/avatar\\\/4f525efbf18dd2bb300ccad28bfb99d95a9465a5ba268407c8c37b37e1f28d2d?s=96&d=mm&r=g\",\"contentUrl\":\"https:\\\/\\\/secure.gravatar.com\\\/avatar\\\/4f525efbf18dd2bb300ccad28bfb99d95a9465a5ba268407c8c37b37e1f28d2d?s=96&d=mm&r=g\",\"caption\":\"Equipe Reda\u00e7\u00e3o\"},\"description\":\"Equipe de reda\u00e7\u00e3o \u00e9 um grupo de profissionais que trabalham juntos para criar conte\u00fado escrito para Motorista.com.br\",\"url\":\"https:\\\/\\\/motorista.com.br\\\/noticias\\\/author\\\/equiperedacao\\\/\"}]}<\/script>\n<!-- \/ Yoast SEO Premium plugin. -->","yoast_head_json":{"title":"Transforma\u00e7\u00f5es no agroneg\u00f3cio brasileiro - Motorista.com.br","robots":{"index":"index","follow":"follow","max-snippet":"max-snippet:-1","max-image-preview":"max-image-preview:large","max-video-preview":"max-video-preview:-1"},"canonical":"https:\/\/motorista.com.br\/noticias\/2026\/04\/29\/transformacoes-no-agronegocio-brasileiro\/","og_locale":"pt_BR","og_type":"article","og_title":"Transforma\u00e7\u00f5es no agroneg\u00f3cio brasileiro","og_description":"Foto: Valter Campanato via Ag\u00eancia Brasil Por Marcelo Geraldelli O Brasil rural est\u00e1 prestes a vivenciar uma transforma\u00e7\u00e3o significativa em sua estrutura tribut\u00e1ria. Depois de anos de debate, a Reforma Tribut\u00e1ria est\u00e1 pronta para ser implementada, e seu impacto ser\u00e1 especialmente relevante para o agroneg\u00f3cio \u2014 uma \u00e1rea vital para a economia do pa\u00eds. A &hellip;","og_url":"https:\/\/motorista.com.br\/noticias\/2026\/04\/29\/transformacoes-no-agronegocio-brasileiro\/","og_site_name":"Motorista.com.br","article_published_time":"2026-04-29T15:41:30+00:00","author":"Equipe Reda\u00e7\u00e3o","twitter_card":"summary_large_image","twitter_misc":{"Escrito por":"Equipe Reda\u00e7\u00e3o","Est. tempo de leitura":"3 minutos","Written by":"Equipe Reda\u00e7\u00e3o"},"schema":{"@context":"https:\/\/schema.org","@graph":[{"@type":"Article","@id":"https:\/\/motorista.com.br\/noticias\/2026\/04\/29\/transformacoes-no-agronegocio-brasileiro\/#article","isPartOf":{"@id":"https:\/\/motorista.com.br\/noticias\/2026\/04\/29\/transformacoes-no-agronegocio-brasileiro\/"},"author":{"name":"Equipe Reda\u00e7\u00e3o","@id":"https:\/\/motorista.com.br\/noticias\/#\/schema\/person\/dc93afc2981c0e3ce6bc3c053fd847be"},"headline":"Transforma\u00e7\u00f5es no agroneg\u00f3cio brasileiro","datePublished":"2026-04-29T15:41:30+00:00","mainEntityOfPage":{"@id":"https:\/\/motorista.com.br\/noticias\/2026\/04\/29\/transformacoes-no-agronegocio-brasileiro\/"},"wordCount":685,"publisher":{"@id":"https:\/\/motorista.com.br\/noticias\/#organization"},"image":{"@id":"https:\/\/motorista.com.br\/noticias\/2026\/04\/29\/transformacoes-no-agronegocio-brasileiro\/#primaryimage"},"thumbnailUrl":"https:\/\/motorista.com.br\/noticias\/wp-content\/uploads\/2026\/04\/produtor-rural.webp.webp","articleSection":["Legisla\u00e7\u00e3o"],"inLanguage":"pt-BR"},{"@type":"WebPage","@id":"https:\/\/motorista.com.br\/noticias\/2026\/04\/29\/transformacoes-no-agronegocio-brasileiro\/","url":"https:\/\/motorista.com.br\/noticias\/2026\/04\/29\/transformacoes-no-agronegocio-brasileiro\/","name":"Transforma\u00e7\u00f5es no agroneg\u00f3cio brasileiro - Motorista.com.br","isPartOf":{"@id":"https:\/\/motorista.com.br\/noticias\/#website"},"primaryImageOfPage":{"@id":"https:\/\/motorista.com.br\/noticias\/2026\/04\/29\/transformacoes-no-agronegocio-brasileiro\/#primaryimage"},"image":{"@id":"https:\/\/motorista.com.br\/noticias\/2026\/04\/29\/transformacoes-no-agronegocio-brasileiro\/#primaryimage"},"thumbnailUrl":"https:\/\/motorista.com.br\/noticias\/wp-content\/uploads\/2026\/04\/produtor-rural.webp.webp","datePublished":"2026-04-29T15:41:30+00:00","breadcrumb":{"@id":"https:\/\/motorista.com.br\/noticias\/2026\/04\/29\/transformacoes-no-agronegocio-brasileiro\/#breadcrumb"},"inLanguage":"pt-BR","potentialAction":[{"@type":"ReadAction","target":["https:\/\/motorista.com.br\/noticias\/2026\/04\/29\/transformacoes-no-agronegocio-brasileiro\/"]}]},{"@type":"ImageObject","inLanguage":"pt-BR","@id":"https:\/\/motorista.com.br\/noticias\/2026\/04\/29\/transformacoes-no-agronegocio-brasileiro\/#primaryimage","url":"https:\/\/motorista.com.br\/noticias\/wp-content\/uploads\/2026\/04\/produtor-rural.webp.webp","contentUrl":"https:\/\/motorista.com.br\/noticias\/wp-content\/uploads\/2026\/04\/produtor-rural.webp.webp","width":1170,"height":700},{"@type":"BreadcrumbList","@id":"https:\/\/motorista.com.br\/noticias\/2026\/04\/29\/transformacoes-no-agronegocio-brasileiro\/#breadcrumb","itemListElement":[{"@type":"ListItem","position":1,"name":"In\u00edcio","item":"https:\/\/motorista.com.br\/noticias\/"},{"@type":"ListItem","position":2,"name":"Transforma\u00e7\u00f5es no agroneg\u00f3cio brasileiro"}]},{"@type":"WebSite","@id":"https:\/\/motorista.com.br\/noticias\/#website","url":"https:\/\/motorista.com.br\/noticias\/","name":"Motorista.com.br","description":"Not\u00edcia do Motorista","publisher":{"@id":"https:\/\/motorista.com.br\/noticias\/#organization"},"potentialAction":[{"@type":"SearchAction","target":{"@type":"EntryPoint","urlTemplate":"https:\/\/motorista.com.br\/noticias\/?s={search_term_string}"},"query-input":{"@type":"PropertyValueSpecification","valueRequired":true,"valueName":"search_term_string"}}],"inLanguage":"pt-BR"},{"@type":"Organization","@id":"https:\/\/motorista.com.br\/noticias\/#organization","name":"Motorista.com.br","url":"https:\/\/motorista.com.br\/noticias\/","logo":{"@type":"ImageObject","inLanguage":"pt-BR","@id":"https:\/\/motorista.com.br\/noticias\/#\/schema\/logo\/image\/","url":"https:\/\/motorista.com.br\/noticias\/wp-content\/uploads\/2025\/06\/Design-sem-nome-9.png","contentUrl":"https:\/\/motorista.com.br\/noticias\/wp-content\/uploads\/2025\/06\/Design-sem-nome-9.png","width":150,"height":85,"caption":"Motorista.com.br"},"image":{"@id":"https:\/\/motorista.com.br\/noticias\/#\/schema\/logo\/image\/"}},{"@type":"Person","@id":"https:\/\/motorista.com.br\/noticias\/#\/schema\/person\/dc93afc2981c0e3ce6bc3c053fd847be","name":"Equipe Reda\u00e7\u00e3o","image":{"@type":"ImageObject","inLanguage":"pt-BR","@id":"https:\/\/secure.gravatar.com\/avatar\/4f525efbf18dd2bb300ccad28bfb99d95a9465a5ba268407c8c37b37e1f28d2d?s=96&d=mm&r=g9e099043a0c61e9ae27e293b9fa75ffc","url":"https:\/\/secure.gravatar.com\/avatar\/4f525efbf18dd2bb300ccad28bfb99d95a9465a5ba268407c8c37b37e1f28d2d?s=96&d=mm&r=g","contentUrl":"https:\/\/secure.gravatar.com\/avatar\/4f525efbf18dd2bb300ccad28bfb99d95a9465a5ba268407c8c37b37e1f28d2d?s=96&d=mm&r=g","caption":"Equipe Reda\u00e7\u00e3o"},"description":"Equipe de reda\u00e7\u00e3o \u00e9 um grupo de profissionais que trabalham juntos para criar conte\u00fado escrito para Motorista.com.br","url":"https:\/\/motorista.com.br\/noticias\/author\/equiperedacao\/"}]}},"_links":{"self":[{"href":"https:\/\/motorista.com.br\/noticias\/wp-json\/wp\/v2\/posts\/9323","targetHints":{"allow":["GET"]}}],"collection":[{"href":"https:\/\/motorista.com.br\/noticias\/wp-json\/wp\/v2\/posts"}],"about":[{"href":"https:\/\/motorista.com.br\/noticias\/wp-json\/wp\/v2\/types\/post"}],"author":[{"embeddable":true,"href":"https:\/\/motorista.com.br\/noticias\/wp-json\/wp\/v2\/users\/4"}],"replies":[{"embeddable":true,"href":"https:\/\/motorista.com.br\/noticias\/wp-json\/wp\/v2\/comments?post=9323"}],"version-history":[{"count":0,"href":"https:\/\/motorista.com.br\/noticias\/wp-json\/wp\/v2\/posts\/9323\/revisions"}],"wp:featuredmedia":[{"embeddable":true,"href":"https:\/\/motorista.com.br\/noticias\/wp-json\/wp\/v2\/media\/9324"}],"wp:attachment":[{"href":"https:\/\/motorista.com.br\/noticias\/wp-json\/wp\/v2\/media?parent=9323"}],"wp:term":[{"taxonomy":"category","embeddable":true,"href":"https:\/\/motorista.com.br\/noticias\/wp-json\/wp\/v2\/categories?post=9323"},{"taxonomy":"post_tag","embeddable":true,"href":"https:\/\/motorista.com.br\/noticias\/wp-json\/wp\/v2\/tags?post=9323"},{"taxonomy":"author","embeddable":true,"href":"https:\/\/motorista.com.br\/noticias\/wp-json\/wp\/v2\/coauthors?post=9323"}],"curies":[{"name":"wp","href":"https:\/\/api.w.org\/{rel}","templated":true}]}}