{"id":9317,"date":"2026-04-29T12:19:04","date_gmt":"2026-04-29T15:19:04","guid":{"rendered":"https:\/\/motorista.com.br\/noticias\/2026\/04\/29\/fim-da-era-powell-no-fed-inicio-e-termino-sob-trump\/"},"modified":"2026-04-29T12:19:04","modified_gmt":"2026-04-29T15:19:04","slug":"fim-da-era-powell-no-fed-inicio-e-termino-sob-trump","status":"publish","type":"post","link":"https:\/\/motorista.com.br\/noticias\/2026\/04\/29\/fim-da-era-powell-no-fed-inicio-e-termino-sob-trump\/","title":{"rendered":"Fim da Era Powell no Fed: In\u00edcio e T\u00e9rmino sob Trump"},"content":{"rendered":"<p><\/p>\n<p><strong>Era Powell no Fed: Reflex\u00f5es sobre Mobilidade e Economia<\/strong><\/p>\n<p>Em um frio dia de primavera de 2017, Jerome Powell fez uma viagem de carro, de Washington \u00e0 West Virginia University, onde conversou com estudantes sobre a hist\u00f3ria do Federal Reserve e a estrutura pol\u00edtica de sua atua\u00e7\u00e3o. Naquele momento, esses temas podiam parecer distantes, mas se tornaram cruciais para o debate sobre pol\u00edtica monet\u00e1ria nos anos seguintes.<\/p>\n<p>Nomeado pelo presidente Donald Trump em 2018, o legado de Powell no Fed ser\u00e1 amplamente discutido, levando em conta sua gest\u00e3o durante a pandemia e as tens\u00f5es com o ex-presidente. Powell herdou uma economia em crescimento, mas rapidamente precisou navegar por uma s\u00e9rie de crises.<\/p>\n<h3>Impactos da Gest\u00e3o de Powell na Mobilidade<\/h3>\n<p>A gest\u00e3o de Powell teve repercuss\u00f5es significativas n\u00e3o apenas para a economia, mas tamb\u00e9m para a mobilidade das pessoas. Durante a pandemia, a resposta r\u00e1pida do Fed \u2013 incluindo taxas de juros pr\u00f3ximas de zero e inje\u00e7\u00f5es massivas de liquidez \u2013 ajudou a prevenir uma crise econ\u00f4mica profunda. Essa a\u00e7\u00e3o imediata contribuiu para a recupera\u00e7\u00e3o econ\u00f4mica, que teve impactos diretos na mobilidade.<\/p>\n<p>\u00c0 medida que as empresas reabriram e o consumo aumentou, motoristas e transportadores experimentaram uma necessidade renovada de servi\u00e7os de mobilidade. O crescimento do com\u00e9rcio eletr\u00f4nico, por exemplo, liderou uma demanda significativa por entregas, o que exigiu um aumento na frota de ve\u00edculos e uma reavalia\u00e7\u00e3o das rotas de transporte.<\/p>\n<h3>Desafios e Desigualdade<\/h3>\n<p>Contudo, a r\u00e1pida recupera\u00e7\u00e3o econ\u00f4mica traz tamb\u00e9m desafios. O aumento da infla\u00e7\u00e3o, acentuado por decis\u00f5es tomadas durante a gest\u00e3o de Powell, afetou a capacidade de muitos motoristas e cidad\u00e3os comuns. Combust\u00edveis mais caros e custos elevados de manuten\u00e7\u00e3o t\u00eam impactado a mobilidade, exigindo que muitos motoristas repensem seus h\u00e1bitos de transporte.<\/p>\n<p>Ainda, enquanto uma fra\u00e7\u00e3o da popula\u00e7\u00e3o se beneficiou dos novos incentivos econ\u00f4micos, outros continuam lutando, resultando em um cen\u00e1rio de desigualdade que tamb\u00e9m reflete na mobilidade. As decis\u00f5es de pol\u00edtica monet\u00e1ria afetam n\u00e3o apenas os \u00edndices econ\u00f4micos, mas tamb\u00e9m as vidas di\u00e1rias das pessoas, especialmente aquelas que dependem do transporte para trabalhar e acessar servi\u00e7os essenciais.<\/p>\n<h3>Previs\u00f5es para o Futuro<\/h3>\n<p>\u00c0 medida que Powell encerra sua era no Fed, \u00e9 essencial considerar como as decis\u00f5es passadas moldam o futuro da mobilidade. Uma pol\u00edtica monet\u00e1ria que responda \u00e0s necessidades do povo pode facilitar o acesso a oportunidades e melhorar a efici\u00eancia dos sistemas de transporte. A experi\u00eancia de Powell destaca a import\u00e2ncia de um banco central aut\u00f4nomo e a relev\u00e2ncia de um di\u00e1logo cont\u00ednuo entre as esferas econ\u00f4mica e social.<\/p>\n<p>Preparar o caminho para um futuro em que a mobilidade seja acess\u00edvel e sustent\u00e1vel para todos pode demandar uma nova abordagem estrat\u00e9gica por parte dos formuladores de pol\u00edticas, assegurando que o crescimento econ\u00f4mico beneficie a sociedade como um todo.<\/p>\n<p><strong>Fonte: Money Times<\/strong><\/p>\n","protected":false},"excerpt":{"rendered":"<p>Era Powell no Fed: Reflex\u00f5es sobre Mobilidade e Economia Em um frio dia de primavera de 2017, Jerome Powell fez uma viagem de carro, de Washington \u00e0 West Virginia University, onde conversou com estudantes sobre a hist\u00f3ria do Federal Reserve e a estrutura pol\u00edtica de sua atua\u00e7\u00e3o. Naquele momento, esses temas podiam parecer distantes, mas &hellip;<\/p>\n","protected":false},"author":4,"featured_media":9318,"comment_status":"","ping_status":"open","sticky":false,"template":"","format":"standard","meta":{"footnotes":""},"categories":[61],"tags":[],"coauthors":[42],"class_list":["post-9317","post","type-post","status-publish","format-standard","has-post-thumbnail","hentry","category-mercado-financeiro"],"yoast_head":"<!-- This site is optimized with the Yoast SEO Premium plugin v25.5 (Yoast SEO v27.5) - https:\/\/yoast.com\/product\/yoast-seo-premium-wordpress\/ -->\n<title>Fim da Era Powell no Fed: In\u00edcio e T\u00e9rmino sob Trump - Motorista.com.br<\/title>\n<meta name=\"robots\" content=\"index, follow, max-snippet:-1, max-image-preview:large, max-video-preview:-1\" \/>\n<link rel=\"canonical\" href=\"https:\/\/motorista.com.br\/noticias\/2026\/04\/29\/fim-da-era-powell-no-fed-inicio-e-termino-sob-trump\/\" \/>\n<meta property=\"og:locale\" content=\"pt_BR\" \/>\n<meta property=\"og:type\" content=\"article\" \/>\n<meta property=\"og:title\" content=\"Fim da Era Powell no Fed: In\u00edcio e T\u00e9rmino sob Trump\" \/>\n<meta property=\"og:description\" content=\"Era Powell no Fed: Reflex\u00f5es sobre Mobilidade e Economia Em um frio dia de primavera de 2017, Jerome Powell fez uma viagem de carro, de Washington \u00e0 West Virginia University, onde conversou com estudantes sobre a hist\u00f3ria do Federal Reserve e a estrutura pol\u00edtica de sua atua\u00e7\u00e3o. Naquele momento, esses temas podiam parecer distantes, mas &hellip;\" \/>\n<meta property=\"og:url\" content=\"https:\/\/motorista.com.br\/noticias\/2026\/04\/29\/fim-da-era-powell-no-fed-inicio-e-termino-sob-trump\/\" \/>\n<meta property=\"og:site_name\" content=\"Motorista.com.br\" \/>\n<meta property=\"article:published_time\" content=\"2026-04-29T15:19:04+00:00\" \/>\n<meta name=\"author\" content=\"Equipe Reda\u00e7\u00e3o\" \/>\n<meta name=\"twitter:card\" content=\"summary_large_image\" \/>\n<meta name=\"twitter:label1\" content=\"Escrito por\" \/>\n\t<meta name=\"twitter:data1\" content=\"Equipe Reda\u00e7\u00e3o\" \/>\n\t<meta name=\"twitter:label2\" content=\"Est. tempo de leitura\" \/>\n\t<meta name=\"twitter:data2\" content=\"3 minutos\" \/>\n\t<meta name=\"twitter:label3\" content=\"Written by\" \/>\n\t<meta name=\"twitter:data3\" content=\"Equipe Reda\u00e7\u00e3o\" \/>\n<script type=\"application\/ld+json\" class=\"yoast-schema-graph\">{\"@context\":\"https:\\\/\\\/schema.org\",\"@graph\":[{\"@type\":\"Article\",\"@id\":\"https:\\\/\\\/motorista.com.br\\\/noticias\\\/2026\\\/04\\\/29\\\/fim-da-era-powell-no-fed-inicio-e-termino-sob-trump\\\/#article\",\"isPartOf\":{\"@id\":\"https:\\\/\\\/motorista.com.br\\\/noticias\\\/2026\\\/04\\\/29\\\/fim-da-era-powell-no-fed-inicio-e-termino-sob-trump\\\/\"},\"author\":{\"name\":\"Equipe Reda\u00e7\u00e3o\",\"@id\":\"https:\\\/\\\/motorista.com.br\\\/noticias\\\/#\\\/schema\\\/person\\\/dc93afc2981c0e3ce6bc3c053fd847be\"},\"headline\":\"Fim da Era Powell no Fed: In\u00edcio e T\u00e9rmino sob Trump\",\"datePublished\":\"2026-04-29T15:19:04+00:00\",\"mainEntityOfPage\":{\"@id\":\"https:\\\/\\\/motorista.com.br\\\/noticias\\\/2026\\\/04\\\/29\\\/fim-da-era-powell-no-fed-inicio-e-termino-sob-trump\\\/\"},\"wordCount\":529,\"publisher\":{\"@id\":\"https:\\\/\\\/motorista.com.br\\\/noticias\\\/#organization\"},\"image\":{\"@id\":\"https:\\\/\\\/motorista.com.br\\\/noticias\\\/2026\\\/04\\\/29\\\/fim-da-era-powell-no-fed-inicio-e-termino-sob-trump\\\/#primaryimage\"},\"thumbnailUrl\":\"https:\\\/\\\/motorista.com.br\\\/noticias\\\/wp-content\\\/uploads\\\/2026\\\/04\\\/2026-04-29t135742z-1-lynxmpem3s128-rtroptp-4-usa-fed-powell-probe-scaled.jpg\",\"articleSection\":[\"Mercado Financeiro\"],\"inLanguage\":\"pt-BR\"},{\"@type\":\"WebPage\",\"@id\":\"https:\\\/\\\/motorista.com.br\\\/noticias\\\/2026\\\/04\\\/29\\\/fim-da-era-powell-no-fed-inicio-e-termino-sob-trump\\\/\",\"url\":\"https:\\\/\\\/motorista.com.br\\\/noticias\\\/2026\\\/04\\\/29\\\/fim-da-era-powell-no-fed-inicio-e-termino-sob-trump\\\/\",\"name\":\"Fim da Era Powell no Fed: In\u00edcio e T\u00e9rmino sob Trump - Motorista.com.br\",\"isPartOf\":{\"@id\":\"https:\\\/\\\/motorista.com.br\\\/noticias\\\/#website\"},\"primaryImageOfPage\":{\"@id\":\"https:\\\/\\\/motorista.com.br\\\/noticias\\\/2026\\\/04\\\/29\\\/fim-da-era-powell-no-fed-inicio-e-termino-sob-trump\\\/#primaryimage\"},\"image\":{\"@id\":\"https:\\\/\\\/motorista.com.br\\\/noticias\\\/2026\\\/04\\\/29\\\/fim-da-era-powell-no-fed-inicio-e-termino-sob-trump\\\/#primaryimage\"},\"thumbnailUrl\":\"https:\\\/\\\/motorista.com.br\\\/noticias\\\/wp-content\\\/uploads\\\/2026\\\/04\\\/2026-04-29t135742z-1-lynxmpem3s128-rtroptp-4-usa-fed-powell-probe-scaled.jpg\",\"datePublished\":\"2026-04-29T15:19:04+00:00\",\"breadcrumb\":{\"@id\":\"https:\\\/\\\/motorista.com.br\\\/noticias\\\/2026\\\/04\\\/29\\\/fim-da-era-powell-no-fed-inicio-e-termino-sob-trump\\\/#breadcrumb\"},\"inLanguage\":\"pt-BR\",\"potentialAction\":[{\"@type\":\"ReadAction\",\"target\":[\"https:\\\/\\\/motorista.com.br\\\/noticias\\\/2026\\\/04\\\/29\\\/fim-da-era-powell-no-fed-inicio-e-termino-sob-trump\\\/\"]}]},{\"@type\":\"ImageObject\",\"inLanguage\":\"pt-BR\",\"@id\":\"https:\\\/\\\/motorista.com.br\\\/noticias\\\/2026\\\/04\\\/29\\\/fim-da-era-powell-no-fed-inicio-e-termino-sob-trump\\\/#primaryimage\",\"url\":\"https:\\\/\\\/motorista.com.br\\\/noticias\\\/wp-content\\\/uploads\\\/2026\\\/04\\\/2026-04-29t135742z-1-lynxmpem3s128-rtroptp-4-usa-fed-powell-probe-scaled.jpg\",\"contentUrl\":\"https:\\\/\\\/motorista.com.br\\\/noticias\\\/wp-content\\\/uploads\\\/2026\\\/04\\\/2026-04-29t135742z-1-lynxmpem3s128-rtroptp-4-usa-fed-powell-probe-scaled.jpg\",\"width\":2560,\"height\":1707},{\"@type\":\"BreadcrumbList\",\"@id\":\"https:\\\/\\\/motorista.com.br\\\/noticias\\\/2026\\\/04\\\/29\\\/fim-da-era-powell-no-fed-inicio-e-termino-sob-trump\\\/#breadcrumb\",\"itemListElement\":[{\"@type\":\"ListItem\",\"position\":1,\"name\":\"In\u00edcio\",\"item\":\"https:\\\/\\\/motorista.com.br\\\/noticias\\\/\"},{\"@type\":\"ListItem\",\"position\":2,\"name\":\"Fim da Era Powell no Fed: In\u00edcio e T\u00e9rmino sob Trump\"}]},{\"@type\":\"WebSite\",\"@id\":\"https:\\\/\\\/motorista.com.br\\\/noticias\\\/#website\",\"url\":\"https:\\\/\\\/motorista.com.br\\\/noticias\\\/\",\"name\":\"Motorista.com.br\",\"description\":\"Not\u00edcia do Motorista\",\"publisher\":{\"@id\":\"https:\\\/\\\/motorista.com.br\\\/noticias\\\/#organization\"},\"potentialAction\":[{\"@type\":\"SearchAction\",\"target\":{\"@type\":\"EntryPoint\",\"urlTemplate\":\"https:\\\/\\\/motorista.com.br\\\/noticias\\\/?s={search_term_string}\"},\"query-input\":{\"@type\":\"PropertyValueSpecification\",\"valueRequired\":true,\"valueName\":\"search_term_string\"}}],\"inLanguage\":\"pt-BR\"},{\"@type\":\"Organization\",\"@id\":\"https:\\\/\\\/motorista.com.br\\\/noticias\\\/#organization\",\"name\":\"Motorista.com.br\",\"url\":\"https:\\\/\\\/motorista.com.br\\\/noticias\\\/\",\"logo\":{\"@type\":\"ImageObject\",\"inLanguage\":\"pt-BR\",\"@id\":\"https:\\\/\\\/motorista.com.br\\\/noticias\\\/#\\\/schema\\\/logo\\\/image\\\/\",\"url\":\"https:\\\/\\\/motorista.com.br\\\/noticias\\\/wp-content\\\/uploads\\\/2025\\\/06\\\/Design-sem-nome-9.png\",\"contentUrl\":\"https:\\\/\\\/motorista.com.br\\\/noticias\\\/wp-content\\\/uploads\\\/2025\\\/06\\\/Design-sem-nome-9.png\",\"width\":150,\"height\":85,\"caption\":\"Motorista.com.br\"},\"image\":{\"@id\":\"https:\\\/\\\/motorista.com.br\\\/noticias\\\/#\\\/schema\\\/logo\\\/image\\\/\"}},{\"@type\":\"Person\",\"@id\":\"https:\\\/\\\/motorista.com.br\\\/noticias\\\/#\\\/schema\\\/person\\\/dc93afc2981c0e3ce6bc3c053fd847be\",\"name\":\"Equipe Reda\u00e7\u00e3o\",\"image\":{\"@type\":\"ImageObject\",\"inLanguage\":\"pt-BR\",\"@id\":\"https:\\\/\\\/secure.gravatar.com\\\/avatar\\\/4f525efbf18dd2bb300ccad28bfb99d95a9465a5ba268407c8c37b37e1f28d2d?s=96&d=mm&r=g9e099043a0c61e9ae27e293b9fa75ffc\",\"url\":\"https:\\\/\\\/secure.gravatar.com\\\/avatar\\\/4f525efbf18dd2bb300ccad28bfb99d95a9465a5ba268407c8c37b37e1f28d2d?s=96&d=mm&r=g\",\"contentUrl\":\"https:\\\/\\\/secure.gravatar.com\\\/avatar\\\/4f525efbf18dd2bb300ccad28bfb99d95a9465a5ba268407c8c37b37e1f28d2d?s=96&d=mm&r=g\",\"caption\":\"Equipe Reda\u00e7\u00e3o\"},\"description\":\"Equipe de reda\u00e7\u00e3o \u00e9 um grupo de profissionais que trabalham juntos para criar conte\u00fado escrito para Motorista.com.br\",\"url\":\"https:\\\/\\\/motorista.com.br\\\/noticias\\\/author\\\/equiperedacao\\\/\"}]}<\/script>\n<!-- \/ Yoast SEO Premium plugin. -->","yoast_head_json":{"title":"Fim da Era Powell no Fed: In\u00edcio e T\u00e9rmino sob Trump - Motorista.com.br","robots":{"index":"index","follow":"follow","max-snippet":"max-snippet:-1","max-image-preview":"max-image-preview:large","max-video-preview":"max-video-preview:-1"},"canonical":"https:\/\/motorista.com.br\/noticias\/2026\/04\/29\/fim-da-era-powell-no-fed-inicio-e-termino-sob-trump\/","og_locale":"pt_BR","og_type":"article","og_title":"Fim da Era Powell no Fed: In\u00edcio e T\u00e9rmino sob Trump","og_description":"Era Powell no Fed: Reflex\u00f5es sobre Mobilidade e Economia Em um frio dia de primavera de 2017, Jerome Powell fez uma viagem de carro, de Washington \u00e0 West Virginia University, onde conversou com estudantes sobre a hist\u00f3ria do Federal Reserve e a estrutura pol\u00edtica de sua atua\u00e7\u00e3o. Naquele momento, esses temas podiam parecer distantes, mas &hellip;","og_url":"https:\/\/motorista.com.br\/noticias\/2026\/04\/29\/fim-da-era-powell-no-fed-inicio-e-termino-sob-trump\/","og_site_name":"Motorista.com.br","article_published_time":"2026-04-29T15:19:04+00:00","author":"Equipe Reda\u00e7\u00e3o","twitter_card":"summary_large_image","twitter_misc":{"Escrito por":"Equipe Reda\u00e7\u00e3o","Est. tempo de leitura":"3 minutos","Written by":"Equipe Reda\u00e7\u00e3o"},"schema":{"@context":"https:\/\/schema.org","@graph":[{"@type":"Article","@id":"https:\/\/motorista.com.br\/noticias\/2026\/04\/29\/fim-da-era-powell-no-fed-inicio-e-termino-sob-trump\/#article","isPartOf":{"@id":"https:\/\/motorista.com.br\/noticias\/2026\/04\/29\/fim-da-era-powell-no-fed-inicio-e-termino-sob-trump\/"},"author":{"name":"Equipe Reda\u00e7\u00e3o","@id":"https:\/\/motorista.com.br\/noticias\/#\/schema\/person\/dc93afc2981c0e3ce6bc3c053fd847be"},"headline":"Fim da Era Powell no Fed: In\u00edcio e T\u00e9rmino sob Trump","datePublished":"2026-04-29T15:19:04+00:00","mainEntityOfPage":{"@id":"https:\/\/motorista.com.br\/noticias\/2026\/04\/29\/fim-da-era-powell-no-fed-inicio-e-termino-sob-trump\/"},"wordCount":529,"publisher":{"@id":"https:\/\/motorista.com.br\/noticias\/#organization"},"image":{"@id":"https:\/\/motorista.com.br\/noticias\/2026\/04\/29\/fim-da-era-powell-no-fed-inicio-e-termino-sob-trump\/#primaryimage"},"thumbnailUrl":"https:\/\/motorista.com.br\/noticias\/wp-content\/uploads\/2026\/04\/2026-04-29t135742z-1-lynxmpem3s128-rtroptp-4-usa-fed-powell-probe-scaled.jpg","articleSection":["Mercado Financeiro"],"inLanguage":"pt-BR"},{"@type":"WebPage","@id":"https:\/\/motorista.com.br\/noticias\/2026\/04\/29\/fim-da-era-powell-no-fed-inicio-e-termino-sob-trump\/","url":"https:\/\/motorista.com.br\/noticias\/2026\/04\/29\/fim-da-era-powell-no-fed-inicio-e-termino-sob-trump\/","name":"Fim da Era Powell no Fed: In\u00edcio e T\u00e9rmino sob Trump - Motorista.com.br","isPartOf":{"@id":"https:\/\/motorista.com.br\/noticias\/#website"},"primaryImageOfPage":{"@id":"https:\/\/motorista.com.br\/noticias\/2026\/04\/29\/fim-da-era-powell-no-fed-inicio-e-termino-sob-trump\/#primaryimage"},"image":{"@id":"https:\/\/motorista.com.br\/noticias\/2026\/04\/29\/fim-da-era-powell-no-fed-inicio-e-termino-sob-trump\/#primaryimage"},"thumbnailUrl":"https:\/\/motorista.com.br\/noticias\/wp-content\/uploads\/2026\/04\/2026-04-29t135742z-1-lynxmpem3s128-rtroptp-4-usa-fed-powell-probe-scaled.jpg","datePublished":"2026-04-29T15:19:04+00:00","breadcrumb":{"@id":"https:\/\/motorista.com.br\/noticias\/2026\/04\/29\/fim-da-era-powell-no-fed-inicio-e-termino-sob-trump\/#breadcrumb"},"inLanguage":"pt-BR","potentialAction":[{"@type":"ReadAction","target":["https:\/\/motorista.com.br\/noticias\/2026\/04\/29\/fim-da-era-powell-no-fed-inicio-e-termino-sob-trump\/"]}]},{"@type":"ImageObject","inLanguage":"pt-BR","@id":"https:\/\/motorista.com.br\/noticias\/2026\/04\/29\/fim-da-era-powell-no-fed-inicio-e-termino-sob-trump\/#primaryimage","url":"https:\/\/motorista.com.br\/noticias\/wp-content\/uploads\/2026\/04\/2026-04-29t135742z-1-lynxmpem3s128-rtroptp-4-usa-fed-powell-probe-scaled.jpg","contentUrl":"https:\/\/motorista.com.br\/noticias\/wp-content\/uploads\/2026\/04\/2026-04-29t135742z-1-lynxmpem3s128-rtroptp-4-usa-fed-powell-probe-scaled.jpg","width":2560,"height":1707},{"@type":"BreadcrumbList","@id":"https:\/\/motorista.com.br\/noticias\/2026\/04\/29\/fim-da-era-powell-no-fed-inicio-e-termino-sob-trump\/#breadcrumb","itemListElement":[{"@type":"ListItem","position":1,"name":"In\u00edcio","item":"https:\/\/motorista.com.br\/noticias\/"},{"@type":"ListItem","position":2,"name":"Fim da Era Powell no Fed: In\u00edcio e T\u00e9rmino sob Trump"}]},{"@type":"WebSite","@id":"https:\/\/motorista.com.br\/noticias\/#website","url":"https:\/\/motorista.com.br\/noticias\/","name":"Motorista.com.br","description":"Not\u00edcia do Motorista","publisher":{"@id":"https:\/\/motorista.com.br\/noticias\/#organization"},"potentialAction":[{"@type":"SearchAction","target":{"@type":"EntryPoint","urlTemplate":"https:\/\/motorista.com.br\/noticias\/?s={search_term_string}"},"query-input":{"@type":"PropertyValueSpecification","valueRequired":true,"valueName":"search_term_string"}}],"inLanguage":"pt-BR"},{"@type":"Organization","@id":"https:\/\/motorista.com.br\/noticias\/#organization","name":"Motorista.com.br","url":"https:\/\/motorista.com.br\/noticias\/","logo":{"@type":"ImageObject","inLanguage":"pt-BR","@id":"https:\/\/motorista.com.br\/noticias\/#\/schema\/logo\/image\/","url":"https:\/\/motorista.com.br\/noticias\/wp-content\/uploads\/2025\/06\/Design-sem-nome-9.png","contentUrl":"https:\/\/motorista.com.br\/noticias\/wp-content\/uploads\/2025\/06\/Design-sem-nome-9.png","width":150,"height":85,"caption":"Motorista.com.br"},"image":{"@id":"https:\/\/motorista.com.br\/noticias\/#\/schema\/logo\/image\/"}},{"@type":"Person","@id":"https:\/\/motorista.com.br\/noticias\/#\/schema\/person\/dc93afc2981c0e3ce6bc3c053fd847be","name":"Equipe Reda\u00e7\u00e3o","image":{"@type":"ImageObject","inLanguage":"pt-BR","@id":"https:\/\/secure.gravatar.com\/avatar\/4f525efbf18dd2bb300ccad28bfb99d95a9465a5ba268407c8c37b37e1f28d2d?s=96&d=mm&r=g9e099043a0c61e9ae27e293b9fa75ffc","url":"https:\/\/secure.gravatar.com\/avatar\/4f525efbf18dd2bb300ccad28bfb99d95a9465a5ba268407c8c37b37e1f28d2d?s=96&d=mm&r=g","contentUrl":"https:\/\/secure.gravatar.com\/avatar\/4f525efbf18dd2bb300ccad28bfb99d95a9465a5ba268407c8c37b37e1f28d2d?s=96&d=mm&r=g","caption":"Equipe Reda\u00e7\u00e3o"},"description":"Equipe de reda\u00e7\u00e3o \u00e9 um grupo de profissionais que trabalham juntos para criar conte\u00fado escrito para Motorista.com.br","url":"https:\/\/motorista.com.br\/noticias\/author\/equiperedacao\/"}]}},"_links":{"self":[{"href":"https:\/\/motorista.com.br\/noticias\/wp-json\/wp\/v2\/posts\/9317","targetHints":{"allow":["GET"]}}],"collection":[{"href":"https:\/\/motorista.com.br\/noticias\/wp-json\/wp\/v2\/posts"}],"about":[{"href":"https:\/\/motorista.com.br\/noticias\/wp-json\/wp\/v2\/types\/post"}],"author":[{"embeddable":true,"href":"https:\/\/motorista.com.br\/noticias\/wp-json\/wp\/v2\/users\/4"}],"replies":[{"embeddable":true,"href":"https:\/\/motorista.com.br\/noticias\/wp-json\/wp\/v2\/comments?post=9317"}],"version-history":[{"count":0,"href":"https:\/\/motorista.com.br\/noticias\/wp-json\/wp\/v2\/posts\/9317\/revisions"}],"wp:featuredmedia":[{"embeddable":true,"href":"https:\/\/motorista.com.br\/noticias\/wp-json\/wp\/v2\/media\/9318"}],"wp:attachment":[{"href":"https:\/\/motorista.com.br\/noticias\/wp-json\/wp\/v2\/media?parent=9317"}],"wp:term":[{"taxonomy":"category","embeddable":true,"href":"https:\/\/motorista.com.br\/noticias\/wp-json\/wp\/v2\/categories?post=9317"},{"taxonomy":"post_tag","embeddable":true,"href":"https:\/\/motorista.com.br\/noticias\/wp-json\/wp\/v2\/tags?post=9317"},{"taxonomy":"author","embeddable":true,"href":"https:\/\/motorista.com.br\/noticias\/wp-json\/wp\/v2\/coauthors?post=9317"}],"curies":[{"name":"wp","href":"https:\/\/api.w.org\/{rel}","templated":true}]}}