{"id":9315,"date":"2026-04-29T10:28:14","date_gmt":"2026-04-29T13:28:14","guid":{"rendered":"https:\/\/motorista.com.br\/noticias\/2026\/04\/29\/dolar-se-valoriza-e-se-aproxima-de-r-5-com-aumento-da-incerteza-global\/"},"modified":"2026-04-29T10:28:14","modified_gmt":"2026-04-29T13:28:14","slug":"dolar-se-valoriza-e-se-aproxima-de-r-5-com-aumento-da-incerteza-global","status":"publish","type":"post","link":"https:\/\/motorista.com.br\/noticias\/2026\/04\/29\/dolar-se-valoriza-e-se-aproxima-de-r-5-com-aumento-da-incerteza-global\/","title":{"rendered":"D\u00f3lar se valoriza e se aproxima de R$ 5 com aumento da incerteza global."},"content":{"rendered":"<p><\/p>\n<p><strong>D\u00f3lar ganha for\u00e7a e se aproxima de R$ 5 com piora no humor externo<\/strong><\/p>\n<p>Recentemente, o mercado financeiro tem mostrado um cen\u00e1rio de incertezas, n\u00e3o apenas no Brasil, mas tamb\u00e9m em outras economias emergentes. O d\u00f3lar, ap\u00f3s uma leve alta, agora est\u00e1 sendo negociado pr\u00f3ximo de R$ 5, refletindo um aumento nos pr\u00eamios de risco. Essa situa\u00e7\u00e3o \u00e9 exacerbada pela recente escalada dos pre\u00e7os do petr\u00f3leo, impulsionada pela possibilidade de um conflito mais amplo no Oriente M\u00e9dio. Esse clima de tens\u00e3o impacta a percep\u00e7\u00e3o de risco global, afetando a cota\u00e7\u00e3o do real e, consequentemente, a economia local.<\/p>\n<p>\u00c0s 9h35, a cota\u00e7\u00e3o do d\u00f3lar era de R$ 4,9948 no mercado \u00e0 vista, com um avan\u00e7o de 0,26%. Esse movimento sugere que os investidores est\u00e3o buscando seguran\u00e7a em moedas mais est\u00e1veis, o que aumenta a press\u00e3o sobre a nossa moeda. Al\u00e9m disso, o euro tamb\u00e9m apresentou alta, cotado a R$ 5,8459, indicativo de uma tend\u00eancia de desvaloriza\u00e7\u00e3o do real frente \u00e0s principais moedas.<\/p>\n<p>As raz\u00f5es por tr\u00e1s desse comportamento do mercado financeiro incluem rumores de que a guerra no Ir\u00e3 poderia se prolongar, elevando a incerteza nas negocia\u00e7\u00f5es internacionais. Isso, por sua vez, tende a aumentar o risco percebido pelos investidores, refletindo em uma demanda maior por d\u00f3lares e, portanto, levando \u00e0 sua valoriza\u00e7\u00e3o.<\/p>\n<p><strong>Impactos para os Motoristas e a Mobilidade Geral<\/strong><\/p>\n<p>Para os motoristas e a mobilidade urbana, as flutua\u00e7\u00f5es do d\u00f3lar t\u00eam um efeito significativo. A alta do d\u00f3lar pode impactar diretamente o pre\u00e7o dos combust\u00edveis, uma vez que o petr\u00f3leo \u00e9 cotado em d\u00f3lares. Isso pode resultar em um aumento no custo dos combust\u00edveis no Brasil, o que, inevitavelmente, afeta o bolso dos motoristas. Com combust\u00edveis mais caros, a tend\u00eancia \u00e9 que os motoristas reduzam o uso de ve\u00edculos, buscando alternativas de transporte, o que pode alterar a din\u00e2mica do tr\u00e2nsito e da mobilidade nas cidades.<\/p>\n<p>Ademais, essa realidade econ\u00f4mica pode gerar um efeito cascata, onde os custos adicionais se refletem em outros setores, como transporte p\u00fablico e frete, contribuindo para um aumento geral nos pre\u00e7os de bens e servi\u00e7os. Motoristas que dependem do transporte de carga podem enfrentar margens de lucro reduzidas, o que pode levar a um aumento nos pre\u00e7os dos produtos. Essas mudan\u00e7as geram desafios adicionais para a mobilidade urbana, que j\u00e1 enfrenta suas dificuldades.<\/p>\n<p>Diante deste cen\u00e1rio, \u00e9 crucial que motoristas e gestores de transporte fiquem atentos a essas varia\u00e7\u00f5es econ\u00f4micas e suas implica\u00e7\u00f5es. O acompanhamento das tend\u00eancias do mercado pode auxiliar na tomada de decis\u00f5es mais informadas, que considerem tanto o cen\u00e1rio econ\u00f4mico quanto a efici\u00eancia na mobilidade urbana.<\/p>\n<p><strong>Fonte: SETCESP<\/strong><\/p>\n","protected":false},"excerpt":{"rendered":"<p>D\u00f3lar ganha for\u00e7a e se aproxima de R$ 5 com piora no humor externo Recentemente, o mercado financeiro tem mostrado um cen\u00e1rio de incertezas, n\u00e3o apenas no Brasil, mas tamb\u00e9m em outras economias emergentes. O d\u00f3lar, ap\u00f3s uma leve alta, agora est\u00e1 sendo negociado pr\u00f3ximo de R$ 5, refletindo um aumento nos pr\u00eamios de risco. &hellip;<\/p>\n","protected":false},"author":4,"featured_media":9316,"comment_status":"","ping_status":"open","sticky":false,"template":"","format":"standard","meta":{"footnotes":""},"categories":[62],"tags":[],"coauthors":[42],"class_list":["post-9315","post","type-post","status-publish","format-standard","has-post-thumbnail","hentry","category-logistica"],"yoast_head":"<!-- This site is optimized with the Yoast SEO Premium plugin v25.5 (Yoast SEO v27.5) - https:\/\/yoast.com\/product\/yoast-seo-premium-wordpress\/ -->\n<title>D\u00f3lar se valoriza e se aproxima de R$ 5 com aumento da incerteza global. - Motorista.com.br<\/title>\n<meta name=\"robots\" content=\"index, follow, max-snippet:-1, max-image-preview:large, max-video-preview:-1\" \/>\n<link rel=\"canonical\" href=\"https:\/\/motorista.com.br\/noticias\/2026\/04\/29\/dolar-se-valoriza-e-se-aproxima-de-r-5-com-aumento-da-incerteza-global\/\" \/>\n<meta property=\"og:locale\" content=\"pt_BR\" \/>\n<meta property=\"og:type\" content=\"article\" \/>\n<meta property=\"og:title\" content=\"D\u00f3lar se valoriza e se aproxima de R$ 5 com aumento da incerteza global.\" \/>\n<meta property=\"og:description\" content=\"D\u00f3lar ganha for\u00e7a e se aproxima de R$ 5 com piora no humor externo Recentemente, o mercado financeiro tem mostrado um cen\u00e1rio de incertezas, n\u00e3o apenas no Brasil, mas tamb\u00e9m em outras economias emergentes. O d\u00f3lar, ap\u00f3s uma leve alta, agora est\u00e1 sendo negociado pr\u00f3ximo de R$ 5, refletindo um aumento nos pr\u00eamios de risco. &hellip;\" \/>\n<meta property=\"og:url\" content=\"https:\/\/motorista.com.br\/noticias\/2026\/04\/29\/dolar-se-valoriza-e-se-aproxima-de-r-5-com-aumento-da-incerteza-global\/\" \/>\n<meta property=\"og:site_name\" content=\"Motorista.com.br\" \/>\n<meta property=\"article:published_time\" content=\"2026-04-29T13:28:14+00:00\" \/>\n<meta name=\"author\" content=\"Equipe Reda\u00e7\u00e3o\" \/>\n<meta name=\"twitter:card\" content=\"summary_large_image\" \/>\n<meta name=\"twitter:label1\" content=\"Escrito por\" \/>\n\t<meta name=\"twitter:data1\" content=\"Equipe Reda\u00e7\u00e3o\" \/>\n\t<meta name=\"twitter:label2\" content=\"Est. tempo de leitura\" \/>\n\t<meta name=\"twitter:data2\" content=\"2 minutos\" \/>\n\t<meta name=\"twitter:label3\" content=\"Written by\" \/>\n\t<meta name=\"twitter:data3\" content=\"Equipe Reda\u00e7\u00e3o\" \/>\n<script type=\"application\/ld+json\" class=\"yoast-schema-graph\">{\"@context\":\"https:\\\/\\\/schema.org\",\"@graph\":[{\"@type\":\"Article\",\"@id\":\"https:\\\/\\\/motorista.com.br\\\/noticias\\\/2026\\\/04\\\/29\\\/dolar-se-valoriza-e-se-aproxima-de-r-5-com-aumento-da-incerteza-global\\\/#article\",\"isPartOf\":{\"@id\":\"https:\\\/\\\/motorista.com.br\\\/noticias\\\/2026\\\/04\\\/29\\\/dolar-se-valoriza-e-se-aproxima-de-r-5-com-aumento-da-incerteza-global\\\/\"},\"author\":{\"name\":\"Equipe Reda\u00e7\u00e3o\",\"@id\":\"https:\\\/\\\/motorista.com.br\\\/noticias\\\/#\\\/schema\\\/person\\\/dc93afc2981c0e3ce6bc3c053fd847be\"},\"headline\":\"D\u00f3lar se valoriza e se aproxima de R$ 5 com aumento da incerteza global.\",\"datePublished\":\"2026-04-29T13:28:14+00:00\",\"mainEntityOfPage\":{\"@id\":\"https:\\\/\\\/motorista.com.br\\\/noticias\\\/2026\\\/04\\\/29\\\/dolar-se-valoriza-e-se-aproxima-de-r-5-com-aumento-da-incerteza-global\\\/\"},\"wordCount\":491,\"publisher\":{\"@id\":\"https:\\\/\\\/motorista.com.br\\\/noticias\\\/#organization\"},\"image\":{\"@id\":\"https:\\\/\\\/motorista.com.br\\\/noticias\\\/2026\\\/04\\\/29\\\/dolar-se-valoriza-e-se-aproxima-de-r-5-com-aumento-da-incerteza-global\\\/#primaryimage\"},\"thumbnailUrl\":\"https:\\\/\\\/motorista.com.br\\\/noticias\\\/wp-content\\\/uploads\\\/2026\\\/04\\\/015-1024x512.png\",\"articleSection\":[\"Log\u00edstica\"],\"inLanguage\":\"pt-BR\"},{\"@type\":\"WebPage\",\"@id\":\"https:\\\/\\\/motorista.com.br\\\/noticias\\\/2026\\\/04\\\/29\\\/dolar-se-valoriza-e-se-aproxima-de-r-5-com-aumento-da-incerteza-global\\\/\",\"url\":\"https:\\\/\\\/motorista.com.br\\\/noticias\\\/2026\\\/04\\\/29\\\/dolar-se-valoriza-e-se-aproxima-de-r-5-com-aumento-da-incerteza-global\\\/\",\"name\":\"D\u00f3lar se valoriza e se aproxima de R$ 5 com aumento da incerteza global. - Motorista.com.br\",\"isPartOf\":{\"@id\":\"https:\\\/\\\/motorista.com.br\\\/noticias\\\/#website\"},\"primaryImageOfPage\":{\"@id\":\"https:\\\/\\\/motorista.com.br\\\/noticias\\\/2026\\\/04\\\/29\\\/dolar-se-valoriza-e-se-aproxima-de-r-5-com-aumento-da-incerteza-global\\\/#primaryimage\"},\"image\":{\"@id\":\"https:\\\/\\\/motorista.com.br\\\/noticias\\\/2026\\\/04\\\/29\\\/dolar-se-valoriza-e-se-aproxima-de-r-5-com-aumento-da-incerteza-global\\\/#primaryimage\"},\"thumbnailUrl\":\"https:\\\/\\\/motorista.com.br\\\/noticias\\\/wp-content\\\/uploads\\\/2026\\\/04\\\/015-1024x512.png\",\"datePublished\":\"2026-04-29T13:28:14+00:00\",\"breadcrumb\":{\"@id\":\"https:\\\/\\\/motorista.com.br\\\/noticias\\\/2026\\\/04\\\/29\\\/dolar-se-valoriza-e-se-aproxima-de-r-5-com-aumento-da-incerteza-global\\\/#breadcrumb\"},\"inLanguage\":\"pt-BR\",\"potentialAction\":[{\"@type\":\"ReadAction\",\"target\":[\"https:\\\/\\\/motorista.com.br\\\/noticias\\\/2026\\\/04\\\/29\\\/dolar-se-valoriza-e-se-aproxima-de-r-5-com-aumento-da-incerteza-global\\\/\"]}]},{\"@type\":\"ImageObject\",\"inLanguage\":\"pt-BR\",\"@id\":\"https:\\\/\\\/motorista.com.br\\\/noticias\\\/2026\\\/04\\\/29\\\/dolar-se-valoriza-e-se-aproxima-de-r-5-com-aumento-da-incerteza-global\\\/#primaryimage\",\"url\":\"https:\\\/\\\/motorista.com.br\\\/noticias\\\/wp-content\\\/uploads\\\/2026\\\/04\\\/015-1024x512.png\",\"contentUrl\":\"https:\\\/\\\/motorista.com.br\\\/noticias\\\/wp-content\\\/uploads\\\/2026\\\/04\\\/015-1024x512.png\",\"width\":1024,\"height\":512},{\"@type\":\"BreadcrumbList\",\"@id\":\"https:\\\/\\\/motorista.com.br\\\/noticias\\\/2026\\\/04\\\/29\\\/dolar-se-valoriza-e-se-aproxima-de-r-5-com-aumento-da-incerteza-global\\\/#breadcrumb\",\"itemListElement\":[{\"@type\":\"ListItem\",\"position\":1,\"name\":\"In\u00edcio\",\"item\":\"https:\\\/\\\/motorista.com.br\\\/noticias\\\/\"},{\"@type\":\"ListItem\",\"position\":2,\"name\":\"D\u00f3lar se valoriza e se aproxima de R$ 5 com aumento da incerteza global.\"}]},{\"@type\":\"WebSite\",\"@id\":\"https:\\\/\\\/motorista.com.br\\\/noticias\\\/#website\",\"url\":\"https:\\\/\\\/motorista.com.br\\\/noticias\\\/\",\"name\":\"Motorista.com.br\",\"description\":\"Not\u00edcia do Motorista\",\"publisher\":{\"@id\":\"https:\\\/\\\/motorista.com.br\\\/noticias\\\/#organization\"},\"potentialAction\":[{\"@type\":\"SearchAction\",\"target\":{\"@type\":\"EntryPoint\",\"urlTemplate\":\"https:\\\/\\\/motorista.com.br\\\/noticias\\\/?s={search_term_string}\"},\"query-input\":{\"@type\":\"PropertyValueSpecification\",\"valueRequired\":true,\"valueName\":\"search_term_string\"}}],\"inLanguage\":\"pt-BR\"},{\"@type\":\"Organization\",\"@id\":\"https:\\\/\\\/motorista.com.br\\\/noticias\\\/#organization\",\"name\":\"Motorista.com.br\",\"url\":\"https:\\\/\\\/motorista.com.br\\\/noticias\\\/\",\"logo\":{\"@type\":\"ImageObject\",\"inLanguage\":\"pt-BR\",\"@id\":\"https:\\\/\\\/motorista.com.br\\\/noticias\\\/#\\\/schema\\\/logo\\\/image\\\/\",\"url\":\"https:\\\/\\\/motorista.com.br\\\/noticias\\\/wp-content\\\/uploads\\\/2025\\\/06\\\/Design-sem-nome-9.png\",\"contentUrl\":\"https:\\\/\\\/motorista.com.br\\\/noticias\\\/wp-content\\\/uploads\\\/2025\\\/06\\\/Design-sem-nome-9.png\",\"width\":150,\"height\":85,\"caption\":\"Motorista.com.br\"},\"image\":{\"@id\":\"https:\\\/\\\/motorista.com.br\\\/noticias\\\/#\\\/schema\\\/logo\\\/image\\\/\"}},{\"@type\":\"Person\",\"@id\":\"https:\\\/\\\/motorista.com.br\\\/noticias\\\/#\\\/schema\\\/person\\\/dc93afc2981c0e3ce6bc3c053fd847be\",\"name\":\"Equipe Reda\u00e7\u00e3o\",\"image\":{\"@type\":\"ImageObject\",\"inLanguage\":\"pt-BR\",\"@id\":\"https:\\\/\\\/secure.gravatar.com\\\/avatar\\\/4f525efbf18dd2bb300ccad28bfb99d95a9465a5ba268407c8c37b37e1f28d2d?s=96&d=mm&r=g9e099043a0c61e9ae27e293b9fa75ffc\",\"url\":\"https:\\\/\\\/secure.gravatar.com\\\/avatar\\\/4f525efbf18dd2bb300ccad28bfb99d95a9465a5ba268407c8c37b37e1f28d2d?s=96&d=mm&r=g\",\"contentUrl\":\"https:\\\/\\\/secure.gravatar.com\\\/avatar\\\/4f525efbf18dd2bb300ccad28bfb99d95a9465a5ba268407c8c37b37e1f28d2d?s=96&d=mm&r=g\",\"caption\":\"Equipe Reda\u00e7\u00e3o\"},\"description\":\"Equipe de reda\u00e7\u00e3o \u00e9 um grupo de profissionais que trabalham juntos para criar conte\u00fado escrito para Motorista.com.br\",\"url\":\"https:\\\/\\\/motorista.com.br\\\/noticias\\\/author\\\/equiperedacao\\\/\"}]}<\/script>\n<!-- \/ Yoast SEO Premium plugin. -->","yoast_head_json":{"title":"D\u00f3lar se valoriza e se aproxima de R$ 5 com aumento da incerteza global. - Motorista.com.br","robots":{"index":"index","follow":"follow","max-snippet":"max-snippet:-1","max-image-preview":"max-image-preview:large","max-video-preview":"max-video-preview:-1"},"canonical":"https:\/\/motorista.com.br\/noticias\/2026\/04\/29\/dolar-se-valoriza-e-se-aproxima-de-r-5-com-aumento-da-incerteza-global\/","og_locale":"pt_BR","og_type":"article","og_title":"D\u00f3lar se valoriza e se aproxima de R$ 5 com aumento da incerteza global.","og_description":"D\u00f3lar ganha for\u00e7a e se aproxima de R$ 5 com piora no humor externo Recentemente, o mercado financeiro tem mostrado um cen\u00e1rio de incertezas, n\u00e3o apenas no Brasil, mas tamb\u00e9m em outras economias emergentes. O d\u00f3lar, ap\u00f3s uma leve alta, agora est\u00e1 sendo negociado pr\u00f3ximo de R$ 5, refletindo um aumento nos pr\u00eamios de risco. &hellip;","og_url":"https:\/\/motorista.com.br\/noticias\/2026\/04\/29\/dolar-se-valoriza-e-se-aproxima-de-r-5-com-aumento-da-incerteza-global\/","og_site_name":"Motorista.com.br","article_published_time":"2026-04-29T13:28:14+00:00","author":"Equipe Reda\u00e7\u00e3o","twitter_card":"summary_large_image","twitter_misc":{"Escrito por":"Equipe Reda\u00e7\u00e3o","Est. tempo de leitura":"2 minutos","Written by":"Equipe Reda\u00e7\u00e3o"},"schema":{"@context":"https:\/\/schema.org","@graph":[{"@type":"Article","@id":"https:\/\/motorista.com.br\/noticias\/2026\/04\/29\/dolar-se-valoriza-e-se-aproxima-de-r-5-com-aumento-da-incerteza-global\/#article","isPartOf":{"@id":"https:\/\/motorista.com.br\/noticias\/2026\/04\/29\/dolar-se-valoriza-e-se-aproxima-de-r-5-com-aumento-da-incerteza-global\/"},"author":{"name":"Equipe Reda\u00e7\u00e3o","@id":"https:\/\/motorista.com.br\/noticias\/#\/schema\/person\/dc93afc2981c0e3ce6bc3c053fd847be"},"headline":"D\u00f3lar se valoriza e se aproxima de R$ 5 com aumento da incerteza global.","datePublished":"2026-04-29T13:28:14+00:00","mainEntityOfPage":{"@id":"https:\/\/motorista.com.br\/noticias\/2026\/04\/29\/dolar-se-valoriza-e-se-aproxima-de-r-5-com-aumento-da-incerteza-global\/"},"wordCount":491,"publisher":{"@id":"https:\/\/motorista.com.br\/noticias\/#organization"},"image":{"@id":"https:\/\/motorista.com.br\/noticias\/2026\/04\/29\/dolar-se-valoriza-e-se-aproxima-de-r-5-com-aumento-da-incerteza-global\/#primaryimage"},"thumbnailUrl":"https:\/\/motorista.com.br\/noticias\/wp-content\/uploads\/2026\/04\/015-1024x512.png","articleSection":["Log\u00edstica"],"inLanguage":"pt-BR"},{"@type":"WebPage","@id":"https:\/\/motorista.com.br\/noticias\/2026\/04\/29\/dolar-se-valoriza-e-se-aproxima-de-r-5-com-aumento-da-incerteza-global\/","url":"https:\/\/motorista.com.br\/noticias\/2026\/04\/29\/dolar-se-valoriza-e-se-aproxima-de-r-5-com-aumento-da-incerteza-global\/","name":"D\u00f3lar se valoriza e se aproxima de R$ 5 com aumento da incerteza global. - Motorista.com.br","isPartOf":{"@id":"https:\/\/motorista.com.br\/noticias\/#website"},"primaryImageOfPage":{"@id":"https:\/\/motorista.com.br\/noticias\/2026\/04\/29\/dolar-se-valoriza-e-se-aproxima-de-r-5-com-aumento-da-incerteza-global\/#primaryimage"},"image":{"@id":"https:\/\/motorista.com.br\/noticias\/2026\/04\/29\/dolar-se-valoriza-e-se-aproxima-de-r-5-com-aumento-da-incerteza-global\/#primaryimage"},"thumbnailUrl":"https:\/\/motorista.com.br\/noticias\/wp-content\/uploads\/2026\/04\/015-1024x512.png","datePublished":"2026-04-29T13:28:14+00:00","breadcrumb":{"@id":"https:\/\/motorista.com.br\/noticias\/2026\/04\/29\/dolar-se-valoriza-e-se-aproxima-de-r-5-com-aumento-da-incerteza-global\/#breadcrumb"},"inLanguage":"pt-BR","potentialAction":[{"@type":"ReadAction","target":["https:\/\/motorista.com.br\/noticias\/2026\/04\/29\/dolar-se-valoriza-e-se-aproxima-de-r-5-com-aumento-da-incerteza-global\/"]}]},{"@type":"ImageObject","inLanguage":"pt-BR","@id":"https:\/\/motorista.com.br\/noticias\/2026\/04\/29\/dolar-se-valoriza-e-se-aproxima-de-r-5-com-aumento-da-incerteza-global\/#primaryimage","url":"https:\/\/motorista.com.br\/noticias\/wp-content\/uploads\/2026\/04\/015-1024x512.png","contentUrl":"https:\/\/motorista.com.br\/noticias\/wp-content\/uploads\/2026\/04\/015-1024x512.png","width":1024,"height":512},{"@type":"BreadcrumbList","@id":"https:\/\/motorista.com.br\/noticias\/2026\/04\/29\/dolar-se-valoriza-e-se-aproxima-de-r-5-com-aumento-da-incerteza-global\/#breadcrumb","itemListElement":[{"@type":"ListItem","position":1,"name":"In\u00edcio","item":"https:\/\/motorista.com.br\/noticias\/"},{"@type":"ListItem","position":2,"name":"D\u00f3lar se valoriza e se aproxima de R$ 5 com aumento da incerteza global."}]},{"@type":"WebSite","@id":"https:\/\/motorista.com.br\/noticias\/#website","url":"https:\/\/motorista.com.br\/noticias\/","name":"Motorista.com.br","description":"Not\u00edcia do Motorista","publisher":{"@id":"https:\/\/motorista.com.br\/noticias\/#organization"},"potentialAction":[{"@type":"SearchAction","target":{"@type":"EntryPoint","urlTemplate":"https:\/\/motorista.com.br\/noticias\/?s={search_term_string}"},"query-input":{"@type":"PropertyValueSpecification","valueRequired":true,"valueName":"search_term_string"}}],"inLanguage":"pt-BR"},{"@type":"Organization","@id":"https:\/\/motorista.com.br\/noticias\/#organization","name":"Motorista.com.br","url":"https:\/\/motorista.com.br\/noticias\/","logo":{"@type":"ImageObject","inLanguage":"pt-BR","@id":"https:\/\/motorista.com.br\/noticias\/#\/schema\/logo\/image\/","url":"https:\/\/motorista.com.br\/noticias\/wp-content\/uploads\/2025\/06\/Design-sem-nome-9.png","contentUrl":"https:\/\/motorista.com.br\/noticias\/wp-content\/uploads\/2025\/06\/Design-sem-nome-9.png","width":150,"height":85,"caption":"Motorista.com.br"},"image":{"@id":"https:\/\/motorista.com.br\/noticias\/#\/schema\/logo\/image\/"}},{"@type":"Person","@id":"https:\/\/motorista.com.br\/noticias\/#\/schema\/person\/dc93afc2981c0e3ce6bc3c053fd847be","name":"Equipe Reda\u00e7\u00e3o","image":{"@type":"ImageObject","inLanguage":"pt-BR","@id":"https:\/\/secure.gravatar.com\/avatar\/4f525efbf18dd2bb300ccad28bfb99d95a9465a5ba268407c8c37b37e1f28d2d?s=96&d=mm&r=g9e099043a0c61e9ae27e293b9fa75ffc","url":"https:\/\/secure.gravatar.com\/avatar\/4f525efbf18dd2bb300ccad28bfb99d95a9465a5ba268407c8c37b37e1f28d2d?s=96&d=mm&r=g","contentUrl":"https:\/\/secure.gravatar.com\/avatar\/4f525efbf18dd2bb300ccad28bfb99d95a9465a5ba268407c8c37b37e1f28d2d?s=96&d=mm&r=g","caption":"Equipe Reda\u00e7\u00e3o"},"description":"Equipe de reda\u00e7\u00e3o \u00e9 um grupo de profissionais que trabalham juntos para criar conte\u00fado escrito para Motorista.com.br","url":"https:\/\/motorista.com.br\/noticias\/author\/equiperedacao\/"}]}},"_links":{"self":[{"href":"https:\/\/motorista.com.br\/noticias\/wp-json\/wp\/v2\/posts\/9315","targetHints":{"allow":["GET"]}}],"collection":[{"href":"https:\/\/motorista.com.br\/noticias\/wp-json\/wp\/v2\/posts"}],"about":[{"href":"https:\/\/motorista.com.br\/noticias\/wp-json\/wp\/v2\/types\/post"}],"author":[{"embeddable":true,"href":"https:\/\/motorista.com.br\/noticias\/wp-json\/wp\/v2\/users\/4"}],"replies":[{"embeddable":true,"href":"https:\/\/motorista.com.br\/noticias\/wp-json\/wp\/v2\/comments?post=9315"}],"version-history":[{"count":0,"href":"https:\/\/motorista.com.br\/noticias\/wp-json\/wp\/v2\/posts\/9315\/revisions"}],"wp:featuredmedia":[{"embeddable":true,"href":"https:\/\/motorista.com.br\/noticias\/wp-json\/wp\/v2\/media\/9316"}],"wp:attachment":[{"href":"https:\/\/motorista.com.br\/noticias\/wp-json\/wp\/v2\/media?parent=9315"}],"wp:term":[{"taxonomy":"category","embeddable":true,"href":"https:\/\/motorista.com.br\/noticias\/wp-json\/wp\/v2\/categories?post=9315"},{"taxonomy":"post_tag","embeddable":true,"href":"https:\/\/motorista.com.br\/noticias\/wp-json\/wp\/v2\/tags?post=9315"},{"taxonomy":"author","embeddable":true,"href":"https:\/\/motorista.com.br\/noticias\/wp-json\/wp\/v2\/coauthors?post=9315"}],"curies":[{"name":"wp","href":"https:\/\/api.w.org\/{rel}","templated":true}]}}