{"id":9313,"date":"2026-04-29T09:02:54","date_gmt":"2026-04-29T12:02:54","guid":{"rendered":"https:\/\/motorista.com.br\/noticias\/2026\/04\/29\/mulheres-dominam-novas-contratacoes-no-transporte-de-cargas\/"},"modified":"2026-04-29T09:02:54","modified_gmt":"2026-04-29T12:02:54","slug":"mulheres-dominam-novas-contratacoes-no-transporte-de-cargas","status":"publish","type":"post","link":"https:\/\/motorista.com.br\/noticias\/2026\/04\/29\/mulheres-dominam-novas-contratacoes-no-transporte-de-cargas\/","title":{"rendered":"Mulheres dominam novas contrata\u00e7\u00f5es no transporte de cargas."},"content":{"rendered":"<p><\/p>\n<h3>Mulheres lideram novas contrata\u00e7\u00f5es no transporte de cargas e ampliam presen\u00e7a no setor<\/h3>\n<p>A presen\u00e7a feminina no Transporte Rodovi\u00e1rio de Cargas (TRC) cresce no Brasil, alterando significativamente o perfil de um dos setores mais cr\u00edticos da economia. Atualmente, a participa\u00e7\u00e3o de mulheres como motoristas ultrapassa 7%, segundo a Ag\u00eancia Nacional de Transportes Terrestres (ANTT). Esse marco n\u00e3o \u00e9 apenas um n\u00famero, mas representa um sinal de transforma\u00e7\u00e3o e inclus\u00e3o, com impactos diretos na mobilidade e na efici\u00eancia do setor.<\/p>\n<p>O \u00cdndice de Equidade no TRC de 2026, elaborado pelo IPTC, revela que a diversidade est\u00e1 conquistando cada vez mais espa\u00e7o, atingindo 46 pontos numa escala de 0 a 100. Para Camila Florencio, coordenadora do movimento Vez &amp; Voz, que atua na promo\u00e7\u00e3o do protagonismo feminino, este \u00e9 um &quot;ponto de inflex\u00e3o&quot;. O protagonismo das mulheres nas organiza\u00e7\u00f5es n\u00e3o s\u00f3 representa um avan\u00e7o social, mas tamb\u00e9m contribui para a inova\u00e7\u00e3o e a competitividade no setor.<\/p>\n<p>Os dados mostram que cerca de 60% das empresas est\u00e3o ampliando a contrata\u00e7\u00e3o de mulheres para posi\u00e7\u00f5es de lideran\u00e7a, enquanto 88% delas registraram promo\u00e7\u00f5es ou aumentos salariais para profissionais do g\u00eanero feminino. Essa mudan\u00e7a n\u00e3o se limita apenas a n\u00fameros: o ambiente interno das organiza\u00e7\u00f5es tamb\u00e9m est\u00e1 se transformando, com programas de capacita\u00e7\u00e3o e a\u00e7\u00f5es de conscientiza\u00e7\u00e3o se tornando pr\u00e1ticas comuns. Essa abordagem inclusiva eleva o engajamento dos colaboradores e, consequentemente, a produtividade das opera\u00e7\u00f5es.<\/p>\n<p>Al\u00e9m disso, empresas que investem em diversidade apresentam 21% mais chances de aumentar o lucro, demonstrando que a equidade de g\u00eanero n\u00e3o \u00e9 apenas uma quest\u00e3o de justi\u00e7a social, mas uma estrat\u00e9gia de neg\u00f3cio sustent\u00e1vel. Com um mercado cada vez mais exigente, essas pr\u00e1ticas s\u00e3o essenciais para o sucesso a longo prazo.<\/p>\n<p>Contudo, apesar dos avan\u00e7os, desafios ainda persistem. A presen\u00e7a feminina em cargos operacionais e de lideran\u00e7a permanece uma preocupa\u00e7\u00e3o, assim como a necessidade de pol\u00edticas de apoio \u00e0 parentalidade e combate \u00e0 viol\u00eancia dom\u00e9stica. A integra\u00e7\u00e3o das mulheres no sector pode, tamb\u00e9m, trazer solu\u00e7\u00f5es inovadoras para problemas de log\u00edstica, impactando positivamente a mobilidade urbana e rural.<\/p>\n<p>A expectativa \u00e9 que o movimento por amplia\u00e7\u00e3o da diversidade continue crescendo. \u00c0 medida que as empresas adotam pr\u00e1ticas mais inclusivas, o setor se tornar\u00e1 n\u00e3o apenas mais justo, mas tamb\u00e9m mais eficiente e sustent\u00e1vel, refletindo em uma mobilidade mais equilibrada e otimizada para todos.<\/p>\n<p>Esse fortalecimento da presen\u00e7a feminina no TRC n\u00e3o s\u00f3 amplia oportunidades para milhares de mulheres, mas tamb\u00e9m reflete um mercado que se adapta \u00e0s novas demandas da sociedade, promovendo um futuro mais igualit\u00e1rio e pr\u00f3spero para o setor de transportes e para a economia como um todo.<\/p>\n","protected":false},"excerpt":{"rendered":"<p>Mulheres lideram novas contrata\u00e7\u00f5es no transporte de cargas e ampliam presen\u00e7a no setor A presen\u00e7a feminina no Transporte Rodovi\u00e1rio de Cargas (TRC) cresce no Brasil, alterando significativamente o perfil de um dos setores mais cr\u00edticos da economia. Atualmente, a participa\u00e7\u00e3o de mulheres como motoristas ultrapassa 7%, segundo a Ag\u00eancia Nacional de Transportes Terrestres (ANTT). Esse &hellip;<\/p>\n","protected":false},"author":4,"featured_media":9314,"comment_status":"","ping_status":"open","sticky":false,"template":"","format":"standard","meta":{"footnotes":""},"categories":[78,77],"tags":[],"coauthors":[42],"class_list":["post-9313","post","type-post","status-publish","format-standard","has-post-thumbnail","hentry","category-carreteiro","category-motorista"],"yoast_head":"<!-- This site is optimized with the Yoast SEO Premium plugin v25.5 (Yoast SEO v27.5) - https:\/\/yoast.com\/product\/yoast-seo-premium-wordpress\/ -->\n<title>Mulheres dominam novas contrata\u00e7\u00f5es no transporte de cargas. - Motorista.com.br<\/title>\n<meta name=\"robots\" content=\"index, follow, max-snippet:-1, max-image-preview:large, max-video-preview:-1\" \/>\n<link rel=\"canonical\" href=\"https:\/\/motorista.com.br\/noticias\/2026\/04\/29\/mulheres-dominam-novas-contratacoes-no-transporte-de-cargas\/\" \/>\n<meta property=\"og:locale\" content=\"pt_BR\" \/>\n<meta property=\"og:type\" content=\"article\" \/>\n<meta property=\"og:title\" content=\"Mulheres dominam novas contrata\u00e7\u00f5es no transporte de cargas.\" \/>\n<meta property=\"og:description\" content=\"Mulheres lideram novas contrata\u00e7\u00f5es no transporte de cargas e ampliam presen\u00e7a no setor A presen\u00e7a feminina no Transporte Rodovi\u00e1rio de Cargas (TRC) cresce no Brasil, alterando significativamente o perfil de um dos setores mais cr\u00edticos da economia. Atualmente, a participa\u00e7\u00e3o de mulheres como motoristas ultrapassa 7%, segundo a Ag\u00eancia Nacional de Transportes Terrestres (ANTT). Esse &hellip;\" \/>\n<meta property=\"og:url\" content=\"https:\/\/motorista.com.br\/noticias\/2026\/04\/29\/mulheres-dominam-novas-contratacoes-no-transporte-de-cargas\/\" \/>\n<meta property=\"og:site_name\" content=\"Motorista.com.br\" \/>\n<meta property=\"article:published_time\" content=\"2026-04-29T12:02:54+00:00\" \/>\n<meta name=\"author\" content=\"Equipe Reda\u00e7\u00e3o\" \/>\n<meta name=\"twitter:card\" content=\"summary_large_image\" \/>\n<meta name=\"twitter:label1\" content=\"Escrito por\" \/>\n\t<meta name=\"twitter:data1\" content=\"Equipe Reda\u00e7\u00e3o\" \/>\n\t<meta name=\"twitter:label2\" content=\"Est. tempo de leitura\" \/>\n\t<meta name=\"twitter:data2\" content=\"2 minutos\" \/>\n\t<meta name=\"twitter:label3\" content=\"Written by\" \/>\n\t<meta name=\"twitter:data3\" content=\"Equipe Reda\u00e7\u00e3o\" \/>\n<script type=\"application\/ld+json\" class=\"yoast-schema-graph\">{\"@context\":\"https:\\\/\\\/schema.org\",\"@graph\":[{\"@type\":\"Article\",\"@id\":\"https:\\\/\\\/motorista.com.br\\\/noticias\\\/2026\\\/04\\\/29\\\/mulheres-dominam-novas-contratacoes-no-transporte-de-cargas\\\/#article\",\"isPartOf\":{\"@id\":\"https:\\\/\\\/motorista.com.br\\\/noticias\\\/2026\\\/04\\\/29\\\/mulheres-dominam-novas-contratacoes-no-transporte-de-cargas\\\/\"},\"author\":{\"name\":\"Equipe Reda\u00e7\u00e3o\",\"@id\":\"https:\\\/\\\/motorista.com.br\\\/noticias\\\/#\\\/schema\\\/person\\\/dc93afc2981c0e3ce6bc3c053fd847be\"},\"headline\":\"Mulheres dominam novas contrata\u00e7\u00f5es no transporte de cargas.\",\"datePublished\":\"2026-04-29T12:02:54+00:00\",\"mainEntityOfPage\":{\"@id\":\"https:\\\/\\\/motorista.com.br\\\/noticias\\\/2026\\\/04\\\/29\\\/mulheres-dominam-novas-contratacoes-no-transporte-de-cargas\\\/\"},\"wordCount\":492,\"publisher\":{\"@id\":\"https:\\\/\\\/motorista.com.br\\\/noticias\\\/#organization\"},\"image\":{\"@id\":\"https:\\\/\\\/motorista.com.br\\\/noticias\\\/2026\\\/04\\\/29\\\/mulheres-dominam-novas-contratacoes-no-transporte-de-cargas\\\/#primaryimage\"},\"thumbnailUrl\":\"https:\\\/\\\/motorista.com.br\\\/noticias\\\/wp-content\\\/uploads\\\/2026\\\/04\\\/mulher-caminhoneira.jpg\",\"articleSection\":[\"Carreteiro\",\"Motorista\"],\"inLanguage\":\"pt-BR\"},{\"@type\":\"WebPage\",\"@id\":\"https:\\\/\\\/motorista.com.br\\\/noticias\\\/2026\\\/04\\\/29\\\/mulheres-dominam-novas-contratacoes-no-transporte-de-cargas\\\/\",\"url\":\"https:\\\/\\\/motorista.com.br\\\/noticias\\\/2026\\\/04\\\/29\\\/mulheres-dominam-novas-contratacoes-no-transporte-de-cargas\\\/\",\"name\":\"Mulheres dominam novas contrata\u00e7\u00f5es no transporte de cargas. - Motorista.com.br\",\"isPartOf\":{\"@id\":\"https:\\\/\\\/motorista.com.br\\\/noticias\\\/#website\"},\"primaryImageOfPage\":{\"@id\":\"https:\\\/\\\/motorista.com.br\\\/noticias\\\/2026\\\/04\\\/29\\\/mulheres-dominam-novas-contratacoes-no-transporte-de-cargas\\\/#primaryimage\"},\"image\":{\"@id\":\"https:\\\/\\\/motorista.com.br\\\/noticias\\\/2026\\\/04\\\/29\\\/mulheres-dominam-novas-contratacoes-no-transporte-de-cargas\\\/#primaryimage\"},\"thumbnailUrl\":\"https:\\\/\\\/motorista.com.br\\\/noticias\\\/wp-content\\\/uploads\\\/2026\\\/04\\\/mulher-caminhoneira.jpg\",\"datePublished\":\"2026-04-29T12:02:54+00:00\",\"breadcrumb\":{\"@id\":\"https:\\\/\\\/motorista.com.br\\\/noticias\\\/2026\\\/04\\\/29\\\/mulheres-dominam-novas-contratacoes-no-transporte-de-cargas\\\/#breadcrumb\"},\"inLanguage\":\"pt-BR\",\"potentialAction\":[{\"@type\":\"ReadAction\",\"target\":[\"https:\\\/\\\/motorista.com.br\\\/noticias\\\/2026\\\/04\\\/29\\\/mulheres-dominam-novas-contratacoes-no-transporte-de-cargas\\\/\"]}]},{\"@type\":\"ImageObject\",\"inLanguage\":\"pt-BR\",\"@id\":\"https:\\\/\\\/motorista.com.br\\\/noticias\\\/2026\\\/04\\\/29\\\/mulheres-dominam-novas-contratacoes-no-transporte-de-cargas\\\/#primaryimage\",\"url\":\"https:\\\/\\\/motorista.com.br\\\/noticias\\\/wp-content\\\/uploads\\\/2026\\\/04\\\/mulher-caminhoneira.jpg\",\"contentUrl\":\"https:\\\/\\\/motorista.com.br\\\/noticias\\\/wp-content\\\/uploads\\\/2026\\\/04\\\/mulher-caminhoneira.jpg\",\"width\":1300,\"height\":867},{\"@type\":\"BreadcrumbList\",\"@id\":\"https:\\\/\\\/motorista.com.br\\\/noticias\\\/2026\\\/04\\\/29\\\/mulheres-dominam-novas-contratacoes-no-transporte-de-cargas\\\/#breadcrumb\",\"itemListElement\":[{\"@type\":\"ListItem\",\"position\":1,\"name\":\"In\u00edcio\",\"item\":\"https:\\\/\\\/motorista.com.br\\\/noticias\\\/\"},{\"@type\":\"ListItem\",\"position\":2,\"name\":\"Mulheres dominam novas contrata\u00e7\u00f5es no transporte de cargas.\"}]},{\"@type\":\"WebSite\",\"@id\":\"https:\\\/\\\/motorista.com.br\\\/noticias\\\/#website\",\"url\":\"https:\\\/\\\/motorista.com.br\\\/noticias\\\/\",\"name\":\"Motorista.com.br\",\"description\":\"Not\u00edcia do Motorista\",\"publisher\":{\"@id\":\"https:\\\/\\\/motorista.com.br\\\/noticias\\\/#organization\"},\"potentialAction\":[{\"@type\":\"SearchAction\",\"target\":{\"@type\":\"EntryPoint\",\"urlTemplate\":\"https:\\\/\\\/motorista.com.br\\\/noticias\\\/?s={search_term_string}\"},\"query-input\":{\"@type\":\"PropertyValueSpecification\",\"valueRequired\":true,\"valueName\":\"search_term_string\"}}],\"inLanguage\":\"pt-BR\"},{\"@type\":\"Organization\",\"@id\":\"https:\\\/\\\/motorista.com.br\\\/noticias\\\/#organization\",\"name\":\"Motorista.com.br\",\"url\":\"https:\\\/\\\/motorista.com.br\\\/noticias\\\/\",\"logo\":{\"@type\":\"ImageObject\",\"inLanguage\":\"pt-BR\",\"@id\":\"https:\\\/\\\/motorista.com.br\\\/noticias\\\/#\\\/schema\\\/logo\\\/image\\\/\",\"url\":\"https:\\\/\\\/motorista.com.br\\\/noticias\\\/wp-content\\\/uploads\\\/2025\\\/06\\\/Design-sem-nome-9.png\",\"contentUrl\":\"https:\\\/\\\/motorista.com.br\\\/noticias\\\/wp-content\\\/uploads\\\/2025\\\/06\\\/Design-sem-nome-9.png\",\"width\":150,\"height\":85,\"caption\":\"Motorista.com.br\"},\"image\":{\"@id\":\"https:\\\/\\\/motorista.com.br\\\/noticias\\\/#\\\/schema\\\/logo\\\/image\\\/\"}},{\"@type\":\"Person\",\"@id\":\"https:\\\/\\\/motorista.com.br\\\/noticias\\\/#\\\/schema\\\/person\\\/dc93afc2981c0e3ce6bc3c053fd847be\",\"name\":\"Equipe Reda\u00e7\u00e3o\",\"image\":{\"@type\":\"ImageObject\",\"inLanguage\":\"pt-BR\",\"@id\":\"https:\\\/\\\/secure.gravatar.com\\\/avatar\\\/4f525efbf18dd2bb300ccad28bfb99d95a9465a5ba268407c8c37b37e1f28d2d?s=96&d=mm&r=g9e099043a0c61e9ae27e293b9fa75ffc\",\"url\":\"https:\\\/\\\/secure.gravatar.com\\\/avatar\\\/4f525efbf18dd2bb300ccad28bfb99d95a9465a5ba268407c8c37b37e1f28d2d?s=96&d=mm&r=g\",\"contentUrl\":\"https:\\\/\\\/secure.gravatar.com\\\/avatar\\\/4f525efbf18dd2bb300ccad28bfb99d95a9465a5ba268407c8c37b37e1f28d2d?s=96&d=mm&r=g\",\"caption\":\"Equipe Reda\u00e7\u00e3o\"},\"description\":\"Equipe de reda\u00e7\u00e3o \u00e9 um grupo de profissionais que trabalham juntos para criar conte\u00fado escrito para Motorista.com.br\",\"url\":\"https:\\\/\\\/motorista.com.br\\\/noticias\\\/author\\\/equiperedacao\\\/\"}]}<\/script>\n<!-- \/ Yoast SEO Premium plugin. -->","yoast_head_json":{"title":"Mulheres dominam novas contrata\u00e7\u00f5es no transporte de cargas. - Motorista.com.br","robots":{"index":"index","follow":"follow","max-snippet":"max-snippet:-1","max-image-preview":"max-image-preview:large","max-video-preview":"max-video-preview:-1"},"canonical":"https:\/\/motorista.com.br\/noticias\/2026\/04\/29\/mulheres-dominam-novas-contratacoes-no-transporte-de-cargas\/","og_locale":"pt_BR","og_type":"article","og_title":"Mulheres dominam novas contrata\u00e7\u00f5es no transporte de cargas.","og_description":"Mulheres lideram novas contrata\u00e7\u00f5es no transporte de cargas e ampliam presen\u00e7a no setor A presen\u00e7a feminina no Transporte Rodovi\u00e1rio de Cargas (TRC) cresce no Brasil, alterando significativamente o perfil de um dos setores mais cr\u00edticos da economia. Atualmente, a participa\u00e7\u00e3o de mulheres como motoristas ultrapassa 7%, segundo a Ag\u00eancia Nacional de Transportes Terrestres (ANTT). Esse &hellip;","og_url":"https:\/\/motorista.com.br\/noticias\/2026\/04\/29\/mulheres-dominam-novas-contratacoes-no-transporte-de-cargas\/","og_site_name":"Motorista.com.br","article_published_time":"2026-04-29T12:02:54+00:00","author":"Equipe Reda\u00e7\u00e3o","twitter_card":"summary_large_image","twitter_misc":{"Escrito por":"Equipe Reda\u00e7\u00e3o","Est. tempo de leitura":"2 minutos","Written by":"Equipe Reda\u00e7\u00e3o"},"schema":{"@context":"https:\/\/schema.org","@graph":[{"@type":"Article","@id":"https:\/\/motorista.com.br\/noticias\/2026\/04\/29\/mulheres-dominam-novas-contratacoes-no-transporte-de-cargas\/#article","isPartOf":{"@id":"https:\/\/motorista.com.br\/noticias\/2026\/04\/29\/mulheres-dominam-novas-contratacoes-no-transporte-de-cargas\/"},"author":{"name":"Equipe Reda\u00e7\u00e3o","@id":"https:\/\/motorista.com.br\/noticias\/#\/schema\/person\/dc93afc2981c0e3ce6bc3c053fd847be"},"headline":"Mulheres dominam novas contrata\u00e7\u00f5es no transporte de cargas.","datePublished":"2026-04-29T12:02:54+00:00","mainEntityOfPage":{"@id":"https:\/\/motorista.com.br\/noticias\/2026\/04\/29\/mulheres-dominam-novas-contratacoes-no-transporte-de-cargas\/"},"wordCount":492,"publisher":{"@id":"https:\/\/motorista.com.br\/noticias\/#organization"},"image":{"@id":"https:\/\/motorista.com.br\/noticias\/2026\/04\/29\/mulheres-dominam-novas-contratacoes-no-transporte-de-cargas\/#primaryimage"},"thumbnailUrl":"https:\/\/motorista.com.br\/noticias\/wp-content\/uploads\/2026\/04\/mulher-caminhoneira.jpg","articleSection":["Carreteiro","Motorista"],"inLanguage":"pt-BR"},{"@type":"WebPage","@id":"https:\/\/motorista.com.br\/noticias\/2026\/04\/29\/mulheres-dominam-novas-contratacoes-no-transporte-de-cargas\/","url":"https:\/\/motorista.com.br\/noticias\/2026\/04\/29\/mulheres-dominam-novas-contratacoes-no-transporte-de-cargas\/","name":"Mulheres dominam novas contrata\u00e7\u00f5es no transporte de cargas. - Motorista.com.br","isPartOf":{"@id":"https:\/\/motorista.com.br\/noticias\/#website"},"primaryImageOfPage":{"@id":"https:\/\/motorista.com.br\/noticias\/2026\/04\/29\/mulheres-dominam-novas-contratacoes-no-transporte-de-cargas\/#primaryimage"},"image":{"@id":"https:\/\/motorista.com.br\/noticias\/2026\/04\/29\/mulheres-dominam-novas-contratacoes-no-transporte-de-cargas\/#primaryimage"},"thumbnailUrl":"https:\/\/motorista.com.br\/noticias\/wp-content\/uploads\/2026\/04\/mulher-caminhoneira.jpg","datePublished":"2026-04-29T12:02:54+00:00","breadcrumb":{"@id":"https:\/\/motorista.com.br\/noticias\/2026\/04\/29\/mulheres-dominam-novas-contratacoes-no-transporte-de-cargas\/#breadcrumb"},"inLanguage":"pt-BR","potentialAction":[{"@type":"ReadAction","target":["https:\/\/motorista.com.br\/noticias\/2026\/04\/29\/mulheres-dominam-novas-contratacoes-no-transporte-de-cargas\/"]}]},{"@type":"ImageObject","inLanguage":"pt-BR","@id":"https:\/\/motorista.com.br\/noticias\/2026\/04\/29\/mulheres-dominam-novas-contratacoes-no-transporte-de-cargas\/#primaryimage","url":"https:\/\/motorista.com.br\/noticias\/wp-content\/uploads\/2026\/04\/mulher-caminhoneira.jpg","contentUrl":"https:\/\/motorista.com.br\/noticias\/wp-content\/uploads\/2026\/04\/mulher-caminhoneira.jpg","width":1300,"height":867},{"@type":"BreadcrumbList","@id":"https:\/\/motorista.com.br\/noticias\/2026\/04\/29\/mulheres-dominam-novas-contratacoes-no-transporte-de-cargas\/#breadcrumb","itemListElement":[{"@type":"ListItem","position":1,"name":"In\u00edcio","item":"https:\/\/motorista.com.br\/noticias\/"},{"@type":"ListItem","position":2,"name":"Mulheres dominam novas contrata\u00e7\u00f5es no transporte de cargas."}]},{"@type":"WebSite","@id":"https:\/\/motorista.com.br\/noticias\/#website","url":"https:\/\/motorista.com.br\/noticias\/","name":"Motorista.com.br","description":"Not\u00edcia do Motorista","publisher":{"@id":"https:\/\/motorista.com.br\/noticias\/#organization"},"potentialAction":[{"@type":"SearchAction","target":{"@type":"EntryPoint","urlTemplate":"https:\/\/motorista.com.br\/noticias\/?s={search_term_string}"},"query-input":{"@type":"PropertyValueSpecification","valueRequired":true,"valueName":"search_term_string"}}],"inLanguage":"pt-BR"},{"@type":"Organization","@id":"https:\/\/motorista.com.br\/noticias\/#organization","name":"Motorista.com.br","url":"https:\/\/motorista.com.br\/noticias\/","logo":{"@type":"ImageObject","inLanguage":"pt-BR","@id":"https:\/\/motorista.com.br\/noticias\/#\/schema\/logo\/image\/","url":"https:\/\/motorista.com.br\/noticias\/wp-content\/uploads\/2025\/06\/Design-sem-nome-9.png","contentUrl":"https:\/\/motorista.com.br\/noticias\/wp-content\/uploads\/2025\/06\/Design-sem-nome-9.png","width":150,"height":85,"caption":"Motorista.com.br"},"image":{"@id":"https:\/\/motorista.com.br\/noticias\/#\/schema\/logo\/image\/"}},{"@type":"Person","@id":"https:\/\/motorista.com.br\/noticias\/#\/schema\/person\/dc93afc2981c0e3ce6bc3c053fd847be","name":"Equipe Reda\u00e7\u00e3o","image":{"@type":"ImageObject","inLanguage":"pt-BR","@id":"https:\/\/secure.gravatar.com\/avatar\/4f525efbf18dd2bb300ccad28bfb99d95a9465a5ba268407c8c37b37e1f28d2d?s=96&d=mm&r=g9e099043a0c61e9ae27e293b9fa75ffc","url":"https:\/\/secure.gravatar.com\/avatar\/4f525efbf18dd2bb300ccad28bfb99d95a9465a5ba268407c8c37b37e1f28d2d?s=96&d=mm&r=g","contentUrl":"https:\/\/secure.gravatar.com\/avatar\/4f525efbf18dd2bb300ccad28bfb99d95a9465a5ba268407c8c37b37e1f28d2d?s=96&d=mm&r=g","caption":"Equipe Reda\u00e7\u00e3o"},"description":"Equipe de reda\u00e7\u00e3o \u00e9 um grupo de profissionais que trabalham juntos para criar conte\u00fado escrito para Motorista.com.br","url":"https:\/\/motorista.com.br\/noticias\/author\/equiperedacao\/"}]}},"_links":{"self":[{"href":"https:\/\/motorista.com.br\/noticias\/wp-json\/wp\/v2\/posts\/9313","targetHints":{"allow":["GET"]}}],"collection":[{"href":"https:\/\/motorista.com.br\/noticias\/wp-json\/wp\/v2\/posts"}],"about":[{"href":"https:\/\/motorista.com.br\/noticias\/wp-json\/wp\/v2\/types\/post"}],"author":[{"embeddable":true,"href":"https:\/\/motorista.com.br\/noticias\/wp-json\/wp\/v2\/users\/4"}],"replies":[{"embeddable":true,"href":"https:\/\/motorista.com.br\/noticias\/wp-json\/wp\/v2\/comments?post=9313"}],"version-history":[{"count":0,"href":"https:\/\/motorista.com.br\/noticias\/wp-json\/wp\/v2\/posts\/9313\/revisions"}],"wp:featuredmedia":[{"embeddable":true,"href":"https:\/\/motorista.com.br\/noticias\/wp-json\/wp\/v2\/media\/9314"}],"wp:attachment":[{"href":"https:\/\/motorista.com.br\/noticias\/wp-json\/wp\/v2\/media?parent=9313"}],"wp:term":[{"taxonomy":"category","embeddable":true,"href":"https:\/\/motorista.com.br\/noticias\/wp-json\/wp\/v2\/categories?post=9313"},{"taxonomy":"post_tag","embeddable":true,"href":"https:\/\/motorista.com.br\/noticias\/wp-json\/wp\/v2\/tags?post=9313"},{"taxonomy":"author","embeddable":true,"href":"https:\/\/motorista.com.br\/noticias\/wp-json\/wp\/v2\/coauthors?post=9313"}],"curies":[{"name":"wp","href":"https:\/\/api.w.org\/{rel}","templated":true}]}}