{"id":9311,"date":"2026-04-29T08:36:04","date_gmt":"2026-04-29T11:36:04","guid":{"rendered":"https:\/\/motorista.com.br\/noticias\/2026\/04\/29\/petroleo-aumenta-apos-emirados-se-retirarem-da-opep\/"},"modified":"2026-04-29T08:36:04","modified_gmt":"2026-04-29T11:36:04","slug":"petroleo-aumenta-apos-emirados-se-retirarem-da-opep","status":"publish","type":"post","link":"https:\/\/motorista.com.br\/noticias\/2026\/04\/29\/petroleo-aumenta-apos-emirados-se-retirarem-da-opep\/","title":{"rendered":"Petr\u00f3leo aumenta ap\u00f3s Emirados se retirarem da OPEP."},"content":{"rendered":"<p><\/p>\n<p><strong>Petr\u00f3leo sobe ap\u00f3s sa\u00edda dos Emirados \u00c1rabes da OPEP<\/strong><\/p>\n<p>O pre\u00e7o do petr\u00f3leo Brent, uma refer\u00eancia global, registrou uma alta significativa nos \u00faltimos dias, alcan\u00e7ando entre US$ 114 e US$ 115 por barril. Este aumento, que se aproxima de 3%, marca o oitavo dia consecutivo de valoriza\u00e7\u00e3o, atingindo o maior n\u00edvel desde o final de mar\u00e7o. Os principais fatores que impulsionam esses pre\u00e7os incluem tens\u00f5es geopol\u00edticas na regi\u00e3o do Estreito de Ormuz, uma rota vital para o transporte de petr\u00f3leo, e a recente decis\u00e3o dos Emirados \u00c1rabes Unidos de deixarem a OPEP.<\/p>\n<p>A sa\u00edda dos Emirados pode inicialmente sugerir uma perspectiva de aumento da oferta de petr\u00f3leo no mercado. Entretanto, a realidade \u00e9 complexa, e a incerteza quanto \u00e0 coordena\u00e7\u00e3o de pol\u00edticas entre grandes produtores continua a pressionar os pre\u00e7os. As restri\u00e7\u00f5es no Estreito de Ormuz, que \u00e9 respons\u00e1vel por um quinto da produ\u00e7\u00e3o de petr\u00f3leo mundial, tamb\u00e9m elevaram preocupa\u00e7\u00f5es no cen\u00e1rio global. Al\u00e9m disso, a tentativa do governo dos EUA em manter bloqueios ao Ir\u00e3 refor\u00e7a essa incerteza, potencialmente prolongando as interrup\u00e7\u00f5es no fornecimento.<\/p>\n<p>Com os pre\u00e7os do petr\u00f3leo WTI nos Estados Unidos rondando US$ 100 por barril e o Murban, refer\u00eancia dos Emirados, acima de US$ 107, o impacto dessa alta n\u00e3o se limita apenas ao mercado internacional, mas atinge diretamente os motoristas. A valoriza\u00e7\u00e3o do petr\u00f3leo geralmente resulta em maiores custos nos combust\u00edveis, que s\u00e3o inevitavelmente repassados para o consumidor final. Isso pode desencadear um efeito cascata sobre o custo de vida, afetando desde os pre\u00e7os dos alimentos at\u00e9 o transporte de mercadorias.<\/p>\n<p>Para motoristas, o aumento do pre\u00e7o do combust\u00edvel significa n\u00e3o apenas despesas mais elevadas nas distribui\u00e7\u00f5es, mas tamb\u00e9m uma press\u00e3o a mais sobre a mobilidade urbana, especialmente em regi\u00f5es que dependem fortemente de ve\u00edculos pessoais. Al\u00e9m disso, esse cen\u00e1rio destaca a import\u00e2ncia da busca por alternativas sustent\u00e1veis e por uma infraestrutura de mobilidade mais eficiente, que pode ajudar a mitigar os impactos das flutua\u00e7\u00f5es no mercado de petr\u00f3leo.<\/p>\n<p>O an\u00fancio da sa\u00edda dos Emirados \u00c1rabes da OPEP, que visa aumentar a autonomia sobre suas pol\u00edticas energ\u00e9ticas e expandir sua produ\u00e7\u00e3o interna, reflete uma mudan\u00e7a significativa nas din\u00e2micas de mercado. Isso poderia, em teoria, proporcionar al\u00edvio no m\u00e9dio prazo, mas os motoristas devem estar preparados para poss\u00edveis oscila\u00e7\u00f5es at\u00e9 que a situa\u00e7\u00e3o se estabilize.<\/p>\n<p>Em resumo, a alta nos pre\u00e7os do petr\u00f3leo revela uma interconex\u00e3o cr\u00edtica entre as decis\u00f5es pol\u00edticas no Oriente M\u00e9dio e a vida cotidiana dos motoristas. Esta situa\u00e7\u00e3o refor\u00e7a a necessidade de inova\u00e7\u00e3o em mobilidade e um movimento em dire\u00e7\u00e3o a fontes de energia alternativas, buscando garantir uma maior estabilidade e resili\u00eancia no futuro.<\/p>\n","protected":false},"excerpt":{"rendered":"<p>Petr\u00f3leo sobe ap\u00f3s sa\u00edda dos Emirados \u00c1rabes da OPEP O pre\u00e7o do petr\u00f3leo Brent, uma refer\u00eancia global, registrou uma alta significativa nos \u00faltimos dias, alcan\u00e7ando entre US$ 114 e US$ 115 por barril. Este aumento, que se aproxima de 3%, marca o oitavo dia consecutivo de valoriza\u00e7\u00e3o, atingindo o maior n\u00edvel desde o final de &hellip;<\/p>\n","protected":false},"author":4,"featured_media":9312,"comment_status":"","ping_status":"open","sticky":false,"template":"","format":"standard","meta":{"footnotes":""},"categories":[45],"tags":[],"coauthors":[42],"class_list":["post-9311","post","type-post","status-publish","format-standard","has-post-thumbnail","hentry","category-mundo"],"yoast_head":"<!-- This site is optimized with the Yoast SEO Premium plugin v25.5 (Yoast SEO v27.5) - https:\/\/yoast.com\/product\/yoast-seo-premium-wordpress\/ -->\n<title>Petr\u00f3leo aumenta ap\u00f3s Emirados se retirarem da OPEP. - Motorista.com.br<\/title>\n<meta name=\"robots\" content=\"index, follow, max-snippet:-1, max-image-preview:large, max-video-preview:-1\" \/>\n<link rel=\"canonical\" href=\"https:\/\/motorista.com.br\/noticias\/2026\/04\/29\/petroleo-aumenta-apos-emirados-se-retirarem-da-opep\/\" \/>\n<meta property=\"og:locale\" content=\"pt_BR\" \/>\n<meta property=\"og:type\" content=\"article\" \/>\n<meta property=\"og:title\" content=\"Petr\u00f3leo aumenta ap\u00f3s Emirados se retirarem da OPEP.\" \/>\n<meta property=\"og:description\" content=\"Petr\u00f3leo sobe ap\u00f3s sa\u00edda dos Emirados \u00c1rabes da OPEP O pre\u00e7o do petr\u00f3leo Brent, uma refer\u00eancia global, registrou uma alta significativa nos \u00faltimos dias, alcan\u00e7ando entre US$ 114 e US$ 115 por barril. Este aumento, que se aproxima de 3%, marca o oitavo dia consecutivo de valoriza\u00e7\u00e3o, atingindo o maior n\u00edvel desde o final de &hellip;\" \/>\n<meta property=\"og:url\" content=\"https:\/\/motorista.com.br\/noticias\/2026\/04\/29\/petroleo-aumenta-apos-emirados-se-retirarem-da-opep\/\" \/>\n<meta property=\"og:site_name\" content=\"Motorista.com.br\" \/>\n<meta property=\"article:published_time\" content=\"2026-04-29T11:36:04+00:00\" \/>\n<meta name=\"author\" content=\"Equipe Reda\u00e7\u00e3o\" \/>\n<meta name=\"twitter:card\" content=\"summary_large_image\" \/>\n<meta name=\"twitter:label1\" content=\"Escrito por\" \/>\n\t<meta name=\"twitter:data1\" content=\"Equipe Reda\u00e7\u00e3o\" \/>\n\t<meta name=\"twitter:label2\" content=\"Est. tempo de leitura\" \/>\n\t<meta name=\"twitter:data2\" content=\"3 minutos\" \/>\n\t<meta name=\"twitter:label3\" content=\"Written by\" \/>\n\t<meta name=\"twitter:data3\" content=\"Equipe Reda\u00e7\u00e3o\" \/>\n<script type=\"application\/ld+json\" class=\"yoast-schema-graph\">{\"@context\":\"https:\\\/\\\/schema.org\",\"@graph\":[{\"@type\":\"Article\",\"@id\":\"https:\\\/\\\/motorista.com.br\\\/noticias\\\/2026\\\/04\\\/29\\\/petroleo-aumenta-apos-emirados-se-retirarem-da-opep\\\/#article\",\"isPartOf\":{\"@id\":\"https:\\\/\\\/motorista.com.br\\\/noticias\\\/2026\\\/04\\\/29\\\/petroleo-aumenta-apos-emirados-se-retirarem-da-opep\\\/\"},\"author\":{\"name\":\"Equipe Reda\u00e7\u00e3o\",\"@id\":\"https:\\\/\\\/motorista.com.br\\\/noticias\\\/#\\\/schema\\\/person\\\/dc93afc2981c0e3ce6bc3c053fd847be\"},\"headline\":\"Petr\u00f3leo aumenta ap\u00f3s Emirados se retirarem da OPEP.\",\"datePublished\":\"2026-04-29T11:36:04+00:00\",\"mainEntityOfPage\":{\"@id\":\"https:\\\/\\\/motorista.com.br\\\/noticias\\\/2026\\\/04\\\/29\\\/petroleo-aumenta-apos-emirados-se-retirarem-da-opep\\\/\"},\"wordCount\":512,\"publisher\":{\"@id\":\"https:\\\/\\\/motorista.com.br\\\/noticias\\\/#organization\"},\"image\":{\"@id\":\"https:\\\/\\\/motorista.com.br\\\/noticias\\\/2026\\\/04\\\/29\\\/petroleo-aumenta-apos-emirados-se-retirarem-da-opep\\\/#primaryimage\"},\"thumbnailUrl\":\"https:\\\/\\\/motorista.com.br\\\/noticias\\\/wp-content\\\/uploads\\\/2026\\\/04\\\/1405013111492325836468784-1.jpg\",\"articleSection\":[\"Mundo\"],\"inLanguage\":\"pt-BR\"},{\"@type\":\"WebPage\",\"@id\":\"https:\\\/\\\/motorista.com.br\\\/noticias\\\/2026\\\/04\\\/29\\\/petroleo-aumenta-apos-emirados-se-retirarem-da-opep\\\/\",\"url\":\"https:\\\/\\\/motorista.com.br\\\/noticias\\\/2026\\\/04\\\/29\\\/petroleo-aumenta-apos-emirados-se-retirarem-da-opep\\\/\",\"name\":\"Petr\u00f3leo aumenta ap\u00f3s Emirados se retirarem da OPEP. - Motorista.com.br\",\"isPartOf\":{\"@id\":\"https:\\\/\\\/motorista.com.br\\\/noticias\\\/#website\"},\"primaryImageOfPage\":{\"@id\":\"https:\\\/\\\/motorista.com.br\\\/noticias\\\/2026\\\/04\\\/29\\\/petroleo-aumenta-apos-emirados-se-retirarem-da-opep\\\/#primaryimage\"},\"image\":{\"@id\":\"https:\\\/\\\/motorista.com.br\\\/noticias\\\/2026\\\/04\\\/29\\\/petroleo-aumenta-apos-emirados-se-retirarem-da-opep\\\/#primaryimage\"},\"thumbnailUrl\":\"https:\\\/\\\/motorista.com.br\\\/noticias\\\/wp-content\\\/uploads\\\/2026\\\/04\\\/1405013111492325836468784-1.jpg\",\"datePublished\":\"2026-04-29T11:36:04+00:00\",\"breadcrumb\":{\"@id\":\"https:\\\/\\\/motorista.com.br\\\/noticias\\\/2026\\\/04\\\/29\\\/petroleo-aumenta-apos-emirados-se-retirarem-da-opep\\\/#breadcrumb\"},\"inLanguage\":\"pt-BR\",\"potentialAction\":[{\"@type\":\"ReadAction\",\"target\":[\"https:\\\/\\\/motorista.com.br\\\/noticias\\\/2026\\\/04\\\/29\\\/petroleo-aumenta-apos-emirados-se-retirarem-da-opep\\\/\"]}]},{\"@type\":\"ImageObject\",\"inLanguage\":\"pt-BR\",\"@id\":\"https:\\\/\\\/motorista.com.br\\\/noticias\\\/2026\\\/04\\\/29\\\/petroleo-aumenta-apos-emirados-se-retirarem-da-opep\\\/#primaryimage\",\"url\":\"https:\\\/\\\/motorista.com.br\\\/noticias\\\/wp-content\\\/uploads\\\/2026\\\/04\\\/1405013111492325836468784-1.jpg\",\"contentUrl\":\"https:\\\/\\\/motorista.com.br\\\/noticias\\\/wp-content\\\/uploads\\\/2026\\\/04\\\/1405013111492325836468784-1.jpg\",\"width\":800,\"height\":557},{\"@type\":\"BreadcrumbList\",\"@id\":\"https:\\\/\\\/motorista.com.br\\\/noticias\\\/2026\\\/04\\\/29\\\/petroleo-aumenta-apos-emirados-se-retirarem-da-opep\\\/#breadcrumb\",\"itemListElement\":[{\"@type\":\"ListItem\",\"position\":1,\"name\":\"In\u00edcio\",\"item\":\"https:\\\/\\\/motorista.com.br\\\/noticias\\\/\"},{\"@type\":\"ListItem\",\"position\":2,\"name\":\"Petr\u00f3leo aumenta ap\u00f3s Emirados se retirarem da OPEP.\"}]},{\"@type\":\"WebSite\",\"@id\":\"https:\\\/\\\/motorista.com.br\\\/noticias\\\/#website\",\"url\":\"https:\\\/\\\/motorista.com.br\\\/noticias\\\/\",\"name\":\"Motorista.com.br\",\"description\":\"Not\u00edcia do Motorista\",\"publisher\":{\"@id\":\"https:\\\/\\\/motorista.com.br\\\/noticias\\\/#organization\"},\"potentialAction\":[{\"@type\":\"SearchAction\",\"target\":{\"@type\":\"EntryPoint\",\"urlTemplate\":\"https:\\\/\\\/motorista.com.br\\\/noticias\\\/?s={search_term_string}\"},\"query-input\":{\"@type\":\"PropertyValueSpecification\",\"valueRequired\":true,\"valueName\":\"search_term_string\"}}],\"inLanguage\":\"pt-BR\"},{\"@type\":\"Organization\",\"@id\":\"https:\\\/\\\/motorista.com.br\\\/noticias\\\/#organization\",\"name\":\"Motorista.com.br\",\"url\":\"https:\\\/\\\/motorista.com.br\\\/noticias\\\/\",\"logo\":{\"@type\":\"ImageObject\",\"inLanguage\":\"pt-BR\",\"@id\":\"https:\\\/\\\/motorista.com.br\\\/noticias\\\/#\\\/schema\\\/logo\\\/image\\\/\",\"url\":\"https:\\\/\\\/motorista.com.br\\\/noticias\\\/wp-content\\\/uploads\\\/2025\\\/06\\\/Design-sem-nome-9.png\",\"contentUrl\":\"https:\\\/\\\/motorista.com.br\\\/noticias\\\/wp-content\\\/uploads\\\/2025\\\/06\\\/Design-sem-nome-9.png\",\"width\":150,\"height\":85,\"caption\":\"Motorista.com.br\"},\"image\":{\"@id\":\"https:\\\/\\\/motorista.com.br\\\/noticias\\\/#\\\/schema\\\/logo\\\/image\\\/\"}},{\"@type\":\"Person\",\"@id\":\"https:\\\/\\\/motorista.com.br\\\/noticias\\\/#\\\/schema\\\/person\\\/dc93afc2981c0e3ce6bc3c053fd847be\",\"name\":\"Equipe Reda\u00e7\u00e3o\",\"image\":{\"@type\":\"ImageObject\",\"inLanguage\":\"pt-BR\",\"@id\":\"https:\\\/\\\/secure.gravatar.com\\\/avatar\\\/4f525efbf18dd2bb300ccad28bfb99d95a9465a5ba268407c8c37b37e1f28d2d?s=96&d=mm&r=g9e099043a0c61e9ae27e293b9fa75ffc\",\"url\":\"https:\\\/\\\/secure.gravatar.com\\\/avatar\\\/4f525efbf18dd2bb300ccad28bfb99d95a9465a5ba268407c8c37b37e1f28d2d?s=96&d=mm&r=g\",\"contentUrl\":\"https:\\\/\\\/secure.gravatar.com\\\/avatar\\\/4f525efbf18dd2bb300ccad28bfb99d95a9465a5ba268407c8c37b37e1f28d2d?s=96&d=mm&r=g\",\"caption\":\"Equipe Reda\u00e7\u00e3o\"},\"description\":\"Equipe de reda\u00e7\u00e3o \u00e9 um grupo de profissionais que trabalham juntos para criar conte\u00fado escrito para Motorista.com.br\",\"url\":\"https:\\\/\\\/motorista.com.br\\\/noticias\\\/author\\\/equiperedacao\\\/\"}]}<\/script>\n<!-- \/ Yoast SEO Premium plugin. -->","yoast_head_json":{"title":"Petr\u00f3leo aumenta ap\u00f3s Emirados se retirarem da OPEP. - Motorista.com.br","robots":{"index":"index","follow":"follow","max-snippet":"max-snippet:-1","max-image-preview":"max-image-preview:large","max-video-preview":"max-video-preview:-1"},"canonical":"https:\/\/motorista.com.br\/noticias\/2026\/04\/29\/petroleo-aumenta-apos-emirados-se-retirarem-da-opep\/","og_locale":"pt_BR","og_type":"article","og_title":"Petr\u00f3leo aumenta ap\u00f3s Emirados se retirarem da OPEP.","og_description":"Petr\u00f3leo sobe ap\u00f3s sa\u00edda dos Emirados \u00c1rabes da OPEP O pre\u00e7o do petr\u00f3leo Brent, uma refer\u00eancia global, registrou uma alta significativa nos \u00faltimos dias, alcan\u00e7ando entre US$ 114 e US$ 115 por barril. Este aumento, que se aproxima de 3%, marca o oitavo dia consecutivo de valoriza\u00e7\u00e3o, atingindo o maior n\u00edvel desde o final de &hellip;","og_url":"https:\/\/motorista.com.br\/noticias\/2026\/04\/29\/petroleo-aumenta-apos-emirados-se-retirarem-da-opep\/","og_site_name":"Motorista.com.br","article_published_time":"2026-04-29T11:36:04+00:00","author":"Equipe Reda\u00e7\u00e3o","twitter_card":"summary_large_image","twitter_misc":{"Escrito por":"Equipe Reda\u00e7\u00e3o","Est. tempo de leitura":"3 minutos","Written by":"Equipe Reda\u00e7\u00e3o"},"schema":{"@context":"https:\/\/schema.org","@graph":[{"@type":"Article","@id":"https:\/\/motorista.com.br\/noticias\/2026\/04\/29\/petroleo-aumenta-apos-emirados-se-retirarem-da-opep\/#article","isPartOf":{"@id":"https:\/\/motorista.com.br\/noticias\/2026\/04\/29\/petroleo-aumenta-apos-emirados-se-retirarem-da-opep\/"},"author":{"name":"Equipe Reda\u00e7\u00e3o","@id":"https:\/\/motorista.com.br\/noticias\/#\/schema\/person\/dc93afc2981c0e3ce6bc3c053fd847be"},"headline":"Petr\u00f3leo aumenta ap\u00f3s Emirados se retirarem da OPEP.","datePublished":"2026-04-29T11:36:04+00:00","mainEntityOfPage":{"@id":"https:\/\/motorista.com.br\/noticias\/2026\/04\/29\/petroleo-aumenta-apos-emirados-se-retirarem-da-opep\/"},"wordCount":512,"publisher":{"@id":"https:\/\/motorista.com.br\/noticias\/#organization"},"image":{"@id":"https:\/\/motorista.com.br\/noticias\/2026\/04\/29\/petroleo-aumenta-apos-emirados-se-retirarem-da-opep\/#primaryimage"},"thumbnailUrl":"https:\/\/motorista.com.br\/noticias\/wp-content\/uploads\/2026\/04\/1405013111492325836468784-1.jpg","articleSection":["Mundo"],"inLanguage":"pt-BR"},{"@type":"WebPage","@id":"https:\/\/motorista.com.br\/noticias\/2026\/04\/29\/petroleo-aumenta-apos-emirados-se-retirarem-da-opep\/","url":"https:\/\/motorista.com.br\/noticias\/2026\/04\/29\/petroleo-aumenta-apos-emirados-se-retirarem-da-opep\/","name":"Petr\u00f3leo aumenta ap\u00f3s Emirados se retirarem da OPEP. - Motorista.com.br","isPartOf":{"@id":"https:\/\/motorista.com.br\/noticias\/#website"},"primaryImageOfPage":{"@id":"https:\/\/motorista.com.br\/noticias\/2026\/04\/29\/petroleo-aumenta-apos-emirados-se-retirarem-da-opep\/#primaryimage"},"image":{"@id":"https:\/\/motorista.com.br\/noticias\/2026\/04\/29\/petroleo-aumenta-apos-emirados-se-retirarem-da-opep\/#primaryimage"},"thumbnailUrl":"https:\/\/motorista.com.br\/noticias\/wp-content\/uploads\/2026\/04\/1405013111492325836468784-1.jpg","datePublished":"2026-04-29T11:36:04+00:00","breadcrumb":{"@id":"https:\/\/motorista.com.br\/noticias\/2026\/04\/29\/petroleo-aumenta-apos-emirados-se-retirarem-da-opep\/#breadcrumb"},"inLanguage":"pt-BR","potentialAction":[{"@type":"ReadAction","target":["https:\/\/motorista.com.br\/noticias\/2026\/04\/29\/petroleo-aumenta-apos-emirados-se-retirarem-da-opep\/"]}]},{"@type":"ImageObject","inLanguage":"pt-BR","@id":"https:\/\/motorista.com.br\/noticias\/2026\/04\/29\/petroleo-aumenta-apos-emirados-se-retirarem-da-opep\/#primaryimage","url":"https:\/\/motorista.com.br\/noticias\/wp-content\/uploads\/2026\/04\/1405013111492325836468784-1.jpg","contentUrl":"https:\/\/motorista.com.br\/noticias\/wp-content\/uploads\/2026\/04\/1405013111492325836468784-1.jpg","width":800,"height":557},{"@type":"BreadcrumbList","@id":"https:\/\/motorista.com.br\/noticias\/2026\/04\/29\/petroleo-aumenta-apos-emirados-se-retirarem-da-opep\/#breadcrumb","itemListElement":[{"@type":"ListItem","position":1,"name":"In\u00edcio","item":"https:\/\/motorista.com.br\/noticias\/"},{"@type":"ListItem","position":2,"name":"Petr\u00f3leo aumenta ap\u00f3s Emirados se retirarem da OPEP."}]},{"@type":"WebSite","@id":"https:\/\/motorista.com.br\/noticias\/#website","url":"https:\/\/motorista.com.br\/noticias\/","name":"Motorista.com.br","description":"Not\u00edcia do Motorista","publisher":{"@id":"https:\/\/motorista.com.br\/noticias\/#organization"},"potentialAction":[{"@type":"SearchAction","target":{"@type":"EntryPoint","urlTemplate":"https:\/\/motorista.com.br\/noticias\/?s={search_term_string}"},"query-input":{"@type":"PropertyValueSpecification","valueRequired":true,"valueName":"search_term_string"}}],"inLanguage":"pt-BR"},{"@type":"Organization","@id":"https:\/\/motorista.com.br\/noticias\/#organization","name":"Motorista.com.br","url":"https:\/\/motorista.com.br\/noticias\/","logo":{"@type":"ImageObject","inLanguage":"pt-BR","@id":"https:\/\/motorista.com.br\/noticias\/#\/schema\/logo\/image\/","url":"https:\/\/motorista.com.br\/noticias\/wp-content\/uploads\/2025\/06\/Design-sem-nome-9.png","contentUrl":"https:\/\/motorista.com.br\/noticias\/wp-content\/uploads\/2025\/06\/Design-sem-nome-9.png","width":150,"height":85,"caption":"Motorista.com.br"},"image":{"@id":"https:\/\/motorista.com.br\/noticias\/#\/schema\/logo\/image\/"}},{"@type":"Person","@id":"https:\/\/motorista.com.br\/noticias\/#\/schema\/person\/dc93afc2981c0e3ce6bc3c053fd847be","name":"Equipe Reda\u00e7\u00e3o","image":{"@type":"ImageObject","inLanguage":"pt-BR","@id":"https:\/\/secure.gravatar.com\/avatar\/4f525efbf18dd2bb300ccad28bfb99d95a9465a5ba268407c8c37b37e1f28d2d?s=96&d=mm&r=g9e099043a0c61e9ae27e293b9fa75ffc","url":"https:\/\/secure.gravatar.com\/avatar\/4f525efbf18dd2bb300ccad28bfb99d95a9465a5ba268407c8c37b37e1f28d2d?s=96&d=mm&r=g","contentUrl":"https:\/\/secure.gravatar.com\/avatar\/4f525efbf18dd2bb300ccad28bfb99d95a9465a5ba268407c8c37b37e1f28d2d?s=96&d=mm&r=g","caption":"Equipe Reda\u00e7\u00e3o"},"description":"Equipe de reda\u00e7\u00e3o \u00e9 um grupo de profissionais que trabalham juntos para criar conte\u00fado escrito para Motorista.com.br","url":"https:\/\/motorista.com.br\/noticias\/author\/equiperedacao\/"}]}},"_links":{"self":[{"href":"https:\/\/motorista.com.br\/noticias\/wp-json\/wp\/v2\/posts\/9311","targetHints":{"allow":["GET"]}}],"collection":[{"href":"https:\/\/motorista.com.br\/noticias\/wp-json\/wp\/v2\/posts"}],"about":[{"href":"https:\/\/motorista.com.br\/noticias\/wp-json\/wp\/v2\/types\/post"}],"author":[{"embeddable":true,"href":"https:\/\/motorista.com.br\/noticias\/wp-json\/wp\/v2\/users\/4"}],"replies":[{"embeddable":true,"href":"https:\/\/motorista.com.br\/noticias\/wp-json\/wp\/v2\/comments?post=9311"}],"version-history":[{"count":0,"href":"https:\/\/motorista.com.br\/noticias\/wp-json\/wp\/v2\/posts\/9311\/revisions"}],"wp:featuredmedia":[{"embeddable":true,"href":"https:\/\/motorista.com.br\/noticias\/wp-json\/wp\/v2\/media\/9312"}],"wp:attachment":[{"href":"https:\/\/motorista.com.br\/noticias\/wp-json\/wp\/v2\/media?parent=9311"}],"wp:term":[{"taxonomy":"category","embeddable":true,"href":"https:\/\/motorista.com.br\/noticias\/wp-json\/wp\/v2\/categories?post=9311"},{"taxonomy":"post_tag","embeddable":true,"href":"https:\/\/motorista.com.br\/noticias\/wp-json\/wp\/v2\/tags?post=9311"},{"taxonomy":"author","embeddable":true,"href":"https:\/\/motorista.com.br\/noticias\/wp-json\/wp\/v2\/coauthors?post=9311"}],"curies":[{"name":"wp","href":"https:\/\/api.w.org\/{rel}","templated":true}]}}