{"id":9309,"date":"2026-04-29T07:53:15","date_gmt":"2026-04-29T10:53:15","guid":{"rendered":"https:\/\/motorista.com.br\/noticias\/2026\/04\/29\/cinco-ensinamentos-sobre-transporte-e-logistica-na-guerra\/"},"modified":"2026-04-29T07:53:15","modified_gmt":"2026-04-29T10:53:15","slug":"cinco-ensinamentos-sobre-transporte-e-logistica-na-guerra","status":"publish","type":"post","link":"https:\/\/motorista.com.br\/noticias\/2026\/04\/29\/cinco-ensinamentos-sobre-transporte-e-logistica-na-guerra\/","title":{"rendered":"Cinco ensinamentos sobre transporte e log\u00edstica na guerra"},"content":{"rendered":"<p><\/p>\n<div>\n<h5><strong>Bruno Batista*<\/strong><\/h5>\n<p>Com a diminui\u00e7\u00e3o das tens\u00f5es da guerra no Ir\u00e3, surgiu a oportunidade de refletir sobre as estrat\u00e9gias e metas no setor de transporte e log\u00edstica. Apesar das incertezas que persistem, algumas li\u00e7\u00f5es fundamentais se destacam, revelando a import\u00e2ncia da prepara\u00e7\u00e3o e a necessidade de adaptar-se a um cen\u00e1rio em constante mudan\u00e7a.<\/p>\n<p>Essas li\u00e7\u00f5es t\u00eam relev\u00e2ncia n\u00e3o apenas para empresas, mas impactam diretamente os motoristas e a mobilidade de forma geral, refletindo na din\u00e2mica do transporte urbano e na efici\u00eancia das rotas log\u00edsticas.<\/p>\n<h4><b>\u2013 Ageografia importa<\/b><\/h4>\n<p>Os pontos cr\u00edticos nos quais o com\u00e9rcio e o transporte de petr\u00f3leo s\u00e3o vulner\u00e1veis a interrup\u00e7\u00f5es revelam a import\u00e2ncia de estrat\u00e9gias de mitiga\u00e7\u00e3o. Eventos inesperados, como o bloqueio do Canal de Suez em 2021, relembram que a resili\u00eancia no planejamento das rotas mar\u00edtimas \u00e9 fundamental. Para os motoristas, isso implica em maior agilidade e adapta\u00e7\u00e3o na escolha de trajetos, o que pode traduzir-se em economia de tempo e combust\u00edvel.<\/p>\n<h4><b>\u2013 Os custos da energia e a transi\u00e7\u00e3o energ\u00e9tica<\/b><\/h4>\n<p>A alta nos pre\u00e7os dos combust\u00edveis trouxe desafios diretos para motoristas, afetando suas despesas e, consequentemente, a mobilidade urbana. A transi\u00e7\u00e3o para fontes energ\u00e9ticas mais sustent\u00e1veis n\u00e3o \u00e9 apenas uma alternativa, mas uma necessidade para garantir a viabilidade econ\u00f4mica dos transportes. Assim, op\u00e7\u00f5es como ve\u00edculos el\u00e9tricos ou h\u00edbridos se tornam mais atraentes e podem resultar em economia a longo prazo.<\/p>\n<h4><b>\u2013 A gest\u00e3o do petr\u00f3leo \u00e9 pauta do dia<\/b><\/h4>\n<p>Os diferentes n\u00edveis de prepara\u00e7\u00e3o dos pa\u00edses refletem a import\u00e2ncia de uma gest\u00e3o proativa. Motoristas e empresas devem estar atentos \u00e0s flutua\u00e7\u00f5es nos pre\u00e7os do petr\u00f3leo e \u00e0s consequ\u00eancias diretas em suas opera\u00e7\u00f5es. A diversifica\u00e7\u00e3o de fontes e a ado\u00e7\u00e3o de medidas preventivas s\u00e3o essenciais para manter a efici\u00eancia e minimizar custos.<\/p>\n<h4><b>\u2013 O crescimento econ\u00f4mico depende do redesenho das cadeias de suprimento<\/b><\/h4>\n<p>A crise atual evidencia a depend\u00eancia excessiva de regi\u00f5es espec\u00edficas para suprimentos. Para motoristas, isso significa que uma melhoria nas cadeias de suprimento pode resultar em mais confiabilidade no abastecimento e na entrega de mercadorias, impactando a produtividade e, consequentemente, o desenvolvimento econ\u00f4mico local.<\/p>\n<h4><b>\u2013 A geopol\u00edtica \u00e9 o elo<\/b><\/h4>\n<p>As quest\u00f5es geopol\u00edticas ajudam a moldar o ambiente de neg\u00f3cios e, por consequ\u00eancia, as condi\u00e7\u00f5es de transporte. Diplomacia eficaz pode garantir rotas seguras e previs\u00edveis, crucial para a opera\u00e7\u00e3o fluida dos servi\u00e7os de transporte. Motoristas se beneficiam quando um ambiente mais est\u00e1vel reduz os riscos envolvidos em suas atividades di\u00e1rias.<\/p>\n<h4><b><u>Li\u00e7\u00e3o: a proatividade na diplomacia e nas estrat\u00e9gias de transporte \u00e9 fundamental para minimizar riscos.<\/u><\/b><\/h4>\n<p>Apesar das dificuldades trazidas por conflitos, podemos extrair li\u00e7\u00f5es valiosas que podem transformar o setor de transporte e log\u00edstica. O al\u00edvio tempor\u00e1rio das tens\u00f5es propicia um momento prop\u00edcio para ajustes e aprimoramentos. Assim, a reflex\u00e3o sobre as li\u00e7\u00f5es aprendidas se torna uma oportunidade para reinventar o transporte, garantindo efici\u00eancia e seguran\u00e7a tanto para motoristas quanto para usu\u00e1rios da mobilidade urbana.<\/p>\n<h6><strong><i>*Especialista estrat\u00e9gico em transporte e log\u00edstica.<\/i><\/strong><\/h6>\n<\/div>\n<p>Fonte: Carta de Log\u00edstica<\/p>\n","protected":false},"excerpt":{"rendered":"<p>Bruno Batista* Com a diminui\u00e7\u00e3o das tens\u00f5es da guerra no Ir\u00e3, surgiu a oportunidade de refletir sobre as estrat\u00e9gias e metas no setor de transporte e log\u00edstica. Apesar das incertezas que persistem, algumas li\u00e7\u00f5es fundamentais se destacam, revelando a import\u00e2ncia da prepara\u00e7\u00e3o e a necessidade de adaptar-se a um cen\u00e1rio em constante mudan\u00e7a. Essas li\u00e7\u00f5es &hellip;<\/p>\n","protected":false},"author":4,"featured_media":9310,"comment_status":"","ping_status":"open","sticky":false,"template":"","format":"standard","meta":{"footnotes":""},"categories":[62],"tags":[],"coauthors":[42],"class_list":["post-9309","post","type-post","status-publish","format-standard","has-post-thumbnail","hentry","category-logistica"],"yoast_head":"<!-- This site is optimized with the Yoast SEO Premium plugin v25.5 (Yoast SEO v27.5) - https:\/\/yoast.com\/product\/yoast-seo-premium-wordpress\/ -->\n<title>Cinco ensinamentos sobre transporte e log\u00edstica na guerra - Motorista.com.br<\/title>\n<meta name=\"robots\" content=\"index, follow, max-snippet:-1, max-image-preview:large, max-video-preview:-1\" \/>\n<link rel=\"canonical\" href=\"https:\/\/motorista.com.br\/noticias\/2026\/04\/29\/cinco-ensinamentos-sobre-transporte-e-logistica-na-guerra\/\" \/>\n<meta property=\"og:locale\" content=\"pt_BR\" \/>\n<meta property=\"og:type\" content=\"article\" \/>\n<meta property=\"og:title\" content=\"Cinco ensinamentos sobre transporte e log\u00edstica na guerra\" \/>\n<meta property=\"og:description\" content=\"Bruno Batista* Com a diminui\u00e7\u00e3o das tens\u00f5es da guerra no Ir\u00e3, surgiu a oportunidade de refletir sobre as estrat\u00e9gias e metas no setor de transporte e log\u00edstica. Apesar das incertezas que persistem, algumas li\u00e7\u00f5es fundamentais se destacam, revelando a import\u00e2ncia da prepara\u00e7\u00e3o e a necessidade de adaptar-se a um cen\u00e1rio em constante mudan\u00e7a. Essas li\u00e7\u00f5es &hellip;\" \/>\n<meta property=\"og:url\" content=\"https:\/\/motorista.com.br\/noticias\/2026\/04\/29\/cinco-ensinamentos-sobre-transporte-e-logistica-na-guerra\/\" \/>\n<meta property=\"og:site_name\" content=\"Motorista.com.br\" \/>\n<meta property=\"article:published_time\" content=\"2026-04-29T10:53:15+00:00\" \/>\n<meta name=\"author\" content=\"Equipe Reda\u00e7\u00e3o\" \/>\n<meta name=\"twitter:card\" content=\"summary_large_image\" \/>\n<meta name=\"twitter:label1\" content=\"Escrito por\" \/>\n\t<meta name=\"twitter:data1\" content=\"Equipe Reda\u00e7\u00e3o\" \/>\n\t<meta name=\"twitter:label2\" content=\"Est. tempo de leitura\" \/>\n\t<meta name=\"twitter:data2\" content=\"3 minutos\" \/>\n\t<meta name=\"twitter:label3\" content=\"Written by\" \/>\n\t<meta name=\"twitter:data3\" content=\"Equipe Reda\u00e7\u00e3o\" \/>\n<script type=\"application\/ld+json\" class=\"yoast-schema-graph\">{\"@context\":\"https:\\\/\\\/schema.org\",\"@graph\":[{\"@type\":\"Article\",\"@id\":\"https:\\\/\\\/motorista.com.br\\\/noticias\\\/2026\\\/04\\\/29\\\/cinco-ensinamentos-sobre-transporte-e-logistica-na-guerra\\\/#article\",\"isPartOf\":{\"@id\":\"https:\\\/\\\/motorista.com.br\\\/noticias\\\/2026\\\/04\\\/29\\\/cinco-ensinamentos-sobre-transporte-e-logistica-na-guerra\\\/\"},\"author\":{\"name\":\"Equipe Reda\u00e7\u00e3o\",\"@id\":\"https:\\\/\\\/motorista.com.br\\\/noticias\\\/#\\\/schema\\\/person\\\/dc93afc2981c0e3ce6bc3c053fd847be\"},\"headline\":\"Cinco ensinamentos sobre transporte e log\u00edstica na guerra\",\"datePublished\":\"2026-04-29T10:53:15+00:00\",\"mainEntityOfPage\":{\"@id\":\"https:\\\/\\\/motorista.com.br\\\/noticias\\\/2026\\\/04\\\/29\\\/cinco-ensinamentos-sobre-transporte-e-logistica-na-guerra\\\/\"},\"wordCount\":570,\"publisher\":{\"@id\":\"https:\\\/\\\/motorista.com.br\\\/noticias\\\/#organization\"},\"image\":{\"@id\":\"https:\\\/\\\/motorista.com.br\\\/noticias\\\/2026\\\/04\\\/29\\\/cinco-ensinamentos-sobre-transporte-e-logistica-na-guerra\\\/#primaryimage\"},\"thumbnailUrl\":\"https:\\\/\\\/motorista.com.br\\\/noticias\\\/wp-content\\\/uploads\\\/2026\\\/04\\\/ID-CL-1000-px-x-830-px-Cinco.png\",\"articleSection\":[\"Log\u00edstica\"],\"inLanguage\":\"pt-BR\"},{\"@type\":\"WebPage\",\"@id\":\"https:\\\/\\\/motorista.com.br\\\/noticias\\\/2026\\\/04\\\/29\\\/cinco-ensinamentos-sobre-transporte-e-logistica-na-guerra\\\/\",\"url\":\"https:\\\/\\\/motorista.com.br\\\/noticias\\\/2026\\\/04\\\/29\\\/cinco-ensinamentos-sobre-transporte-e-logistica-na-guerra\\\/\",\"name\":\"Cinco ensinamentos sobre transporte e log\u00edstica na guerra - Motorista.com.br\",\"isPartOf\":{\"@id\":\"https:\\\/\\\/motorista.com.br\\\/noticias\\\/#website\"},\"primaryImageOfPage\":{\"@id\":\"https:\\\/\\\/motorista.com.br\\\/noticias\\\/2026\\\/04\\\/29\\\/cinco-ensinamentos-sobre-transporte-e-logistica-na-guerra\\\/#primaryimage\"},\"image\":{\"@id\":\"https:\\\/\\\/motorista.com.br\\\/noticias\\\/2026\\\/04\\\/29\\\/cinco-ensinamentos-sobre-transporte-e-logistica-na-guerra\\\/#primaryimage\"},\"thumbnailUrl\":\"https:\\\/\\\/motorista.com.br\\\/noticias\\\/wp-content\\\/uploads\\\/2026\\\/04\\\/ID-CL-1000-px-x-830-px-Cinco.png\",\"datePublished\":\"2026-04-29T10:53:15+00:00\",\"breadcrumb\":{\"@id\":\"https:\\\/\\\/motorista.com.br\\\/noticias\\\/2026\\\/04\\\/29\\\/cinco-ensinamentos-sobre-transporte-e-logistica-na-guerra\\\/#breadcrumb\"},\"inLanguage\":\"pt-BR\",\"potentialAction\":[{\"@type\":\"ReadAction\",\"target\":[\"https:\\\/\\\/motorista.com.br\\\/noticias\\\/2026\\\/04\\\/29\\\/cinco-ensinamentos-sobre-transporte-e-logistica-na-guerra\\\/\"]}]},{\"@type\":\"ImageObject\",\"inLanguage\":\"pt-BR\",\"@id\":\"https:\\\/\\\/motorista.com.br\\\/noticias\\\/2026\\\/04\\\/29\\\/cinco-ensinamentos-sobre-transporte-e-logistica-na-guerra\\\/#primaryimage\",\"url\":\"https:\\\/\\\/motorista.com.br\\\/noticias\\\/wp-content\\\/uploads\\\/2026\\\/04\\\/ID-CL-1000-px-x-830-px-Cinco.png\",\"contentUrl\":\"https:\\\/\\\/motorista.com.br\\\/noticias\\\/wp-content\\\/uploads\\\/2026\\\/04\\\/ID-CL-1000-px-x-830-px-Cinco.png\",\"width\":1000,\"height\":821},{\"@type\":\"BreadcrumbList\",\"@id\":\"https:\\\/\\\/motorista.com.br\\\/noticias\\\/2026\\\/04\\\/29\\\/cinco-ensinamentos-sobre-transporte-e-logistica-na-guerra\\\/#breadcrumb\",\"itemListElement\":[{\"@type\":\"ListItem\",\"position\":1,\"name\":\"In\u00edcio\",\"item\":\"https:\\\/\\\/motorista.com.br\\\/noticias\\\/\"},{\"@type\":\"ListItem\",\"position\":2,\"name\":\"Cinco ensinamentos sobre transporte e log\u00edstica na guerra\"}]},{\"@type\":\"WebSite\",\"@id\":\"https:\\\/\\\/motorista.com.br\\\/noticias\\\/#website\",\"url\":\"https:\\\/\\\/motorista.com.br\\\/noticias\\\/\",\"name\":\"Motorista.com.br\",\"description\":\"Not\u00edcia do Motorista\",\"publisher\":{\"@id\":\"https:\\\/\\\/motorista.com.br\\\/noticias\\\/#organization\"},\"potentialAction\":[{\"@type\":\"SearchAction\",\"target\":{\"@type\":\"EntryPoint\",\"urlTemplate\":\"https:\\\/\\\/motorista.com.br\\\/noticias\\\/?s={search_term_string}\"},\"query-input\":{\"@type\":\"PropertyValueSpecification\",\"valueRequired\":true,\"valueName\":\"search_term_string\"}}],\"inLanguage\":\"pt-BR\"},{\"@type\":\"Organization\",\"@id\":\"https:\\\/\\\/motorista.com.br\\\/noticias\\\/#organization\",\"name\":\"Motorista.com.br\",\"url\":\"https:\\\/\\\/motorista.com.br\\\/noticias\\\/\",\"logo\":{\"@type\":\"ImageObject\",\"inLanguage\":\"pt-BR\",\"@id\":\"https:\\\/\\\/motorista.com.br\\\/noticias\\\/#\\\/schema\\\/logo\\\/image\\\/\",\"url\":\"https:\\\/\\\/motorista.com.br\\\/noticias\\\/wp-content\\\/uploads\\\/2025\\\/06\\\/Design-sem-nome-9.png\",\"contentUrl\":\"https:\\\/\\\/motorista.com.br\\\/noticias\\\/wp-content\\\/uploads\\\/2025\\\/06\\\/Design-sem-nome-9.png\",\"width\":150,\"height\":85,\"caption\":\"Motorista.com.br\"},\"image\":{\"@id\":\"https:\\\/\\\/motorista.com.br\\\/noticias\\\/#\\\/schema\\\/logo\\\/image\\\/\"}},{\"@type\":\"Person\",\"@id\":\"https:\\\/\\\/motorista.com.br\\\/noticias\\\/#\\\/schema\\\/person\\\/dc93afc2981c0e3ce6bc3c053fd847be\",\"name\":\"Equipe Reda\u00e7\u00e3o\",\"image\":{\"@type\":\"ImageObject\",\"inLanguage\":\"pt-BR\",\"@id\":\"https:\\\/\\\/secure.gravatar.com\\\/avatar\\\/4f525efbf18dd2bb300ccad28bfb99d95a9465a5ba268407c8c37b37e1f28d2d?s=96&d=mm&r=g9e099043a0c61e9ae27e293b9fa75ffc\",\"url\":\"https:\\\/\\\/secure.gravatar.com\\\/avatar\\\/4f525efbf18dd2bb300ccad28bfb99d95a9465a5ba268407c8c37b37e1f28d2d?s=96&d=mm&r=g\",\"contentUrl\":\"https:\\\/\\\/secure.gravatar.com\\\/avatar\\\/4f525efbf18dd2bb300ccad28bfb99d95a9465a5ba268407c8c37b37e1f28d2d?s=96&d=mm&r=g\",\"caption\":\"Equipe Reda\u00e7\u00e3o\"},\"description\":\"Equipe de reda\u00e7\u00e3o \u00e9 um grupo de profissionais que trabalham juntos para criar conte\u00fado escrito para Motorista.com.br\",\"url\":\"https:\\\/\\\/motorista.com.br\\\/noticias\\\/author\\\/equiperedacao\\\/\"}]}<\/script>\n<!-- \/ Yoast SEO Premium plugin. -->","yoast_head_json":{"title":"Cinco ensinamentos sobre transporte e log\u00edstica na guerra - Motorista.com.br","robots":{"index":"index","follow":"follow","max-snippet":"max-snippet:-1","max-image-preview":"max-image-preview:large","max-video-preview":"max-video-preview:-1"},"canonical":"https:\/\/motorista.com.br\/noticias\/2026\/04\/29\/cinco-ensinamentos-sobre-transporte-e-logistica-na-guerra\/","og_locale":"pt_BR","og_type":"article","og_title":"Cinco ensinamentos sobre transporte e log\u00edstica na guerra","og_description":"Bruno Batista* Com a diminui\u00e7\u00e3o das tens\u00f5es da guerra no Ir\u00e3, surgiu a oportunidade de refletir sobre as estrat\u00e9gias e metas no setor de transporte e log\u00edstica. Apesar das incertezas que persistem, algumas li\u00e7\u00f5es fundamentais se destacam, revelando a import\u00e2ncia da prepara\u00e7\u00e3o e a necessidade de adaptar-se a um cen\u00e1rio em constante mudan\u00e7a. Essas li\u00e7\u00f5es &hellip;","og_url":"https:\/\/motorista.com.br\/noticias\/2026\/04\/29\/cinco-ensinamentos-sobre-transporte-e-logistica-na-guerra\/","og_site_name":"Motorista.com.br","article_published_time":"2026-04-29T10:53:15+00:00","author":"Equipe Reda\u00e7\u00e3o","twitter_card":"summary_large_image","twitter_misc":{"Escrito por":"Equipe Reda\u00e7\u00e3o","Est. tempo de leitura":"3 minutos","Written by":"Equipe Reda\u00e7\u00e3o"},"schema":{"@context":"https:\/\/schema.org","@graph":[{"@type":"Article","@id":"https:\/\/motorista.com.br\/noticias\/2026\/04\/29\/cinco-ensinamentos-sobre-transporte-e-logistica-na-guerra\/#article","isPartOf":{"@id":"https:\/\/motorista.com.br\/noticias\/2026\/04\/29\/cinco-ensinamentos-sobre-transporte-e-logistica-na-guerra\/"},"author":{"name":"Equipe Reda\u00e7\u00e3o","@id":"https:\/\/motorista.com.br\/noticias\/#\/schema\/person\/dc93afc2981c0e3ce6bc3c053fd847be"},"headline":"Cinco ensinamentos sobre transporte e log\u00edstica na guerra","datePublished":"2026-04-29T10:53:15+00:00","mainEntityOfPage":{"@id":"https:\/\/motorista.com.br\/noticias\/2026\/04\/29\/cinco-ensinamentos-sobre-transporte-e-logistica-na-guerra\/"},"wordCount":570,"publisher":{"@id":"https:\/\/motorista.com.br\/noticias\/#organization"},"image":{"@id":"https:\/\/motorista.com.br\/noticias\/2026\/04\/29\/cinco-ensinamentos-sobre-transporte-e-logistica-na-guerra\/#primaryimage"},"thumbnailUrl":"https:\/\/motorista.com.br\/noticias\/wp-content\/uploads\/2026\/04\/ID-CL-1000-px-x-830-px-Cinco.png","articleSection":["Log\u00edstica"],"inLanguage":"pt-BR"},{"@type":"WebPage","@id":"https:\/\/motorista.com.br\/noticias\/2026\/04\/29\/cinco-ensinamentos-sobre-transporte-e-logistica-na-guerra\/","url":"https:\/\/motorista.com.br\/noticias\/2026\/04\/29\/cinco-ensinamentos-sobre-transporte-e-logistica-na-guerra\/","name":"Cinco ensinamentos sobre transporte e log\u00edstica na guerra - Motorista.com.br","isPartOf":{"@id":"https:\/\/motorista.com.br\/noticias\/#website"},"primaryImageOfPage":{"@id":"https:\/\/motorista.com.br\/noticias\/2026\/04\/29\/cinco-ensinamentos-sobre-transporte-e-logistica-na-guerra\/#primaryimage"},"image":{"@id":"https:\/\/motorista.com.br\/noticias\/2026\/04\/29\/cinco-ensinamentos-sobre-transporte-e-logistica-na-guerra\/#primaryimage"},"thumbnailUrl":"https:\/\/motorista.com.br\/noticias\/wp-content\/uploads\/2026\/04\/ID-CL-1000-px-x-830-px-Cinco.png","datePublished":"2026-04-29T10:53:15+00:00","breadcrumb":{"@id":"https:\/\/motorista.com.br\/noticias\/2026\/04\/29\/cinco-ensinamentos-sobre-transporte-e-logistica-na-guerra\/#breadcrumb"},"inLanguage":"pt-BR","potentialAction":[{"@type":"ReadAction","target":["https:\/\/motorista.com.br\/noticias\/2026\/04\/29\/cinco-ensinamentos-sobre-transporte-e-logistica-na-guerra\/"]}]},{"@type":"ImageObject","inLanguage":"pt-BR","@id":"https:\/\/motorista.com.br\/noticias\/2026\/04\/29\/cinco-ensinamentos-sobre-transporte-e-logistica-na-guerra\/#primaryimage","url":"https:\/\/motorista.com.br\/noticias\/wp-content\/uploads\/2026\/04\/ID-CL-1000-px-x-830-px-Cinco.png","contentUrl":"https:\/\/motorista.com.br\/noticias\/wp-content\/uploads\/2026\/04\/ID-CL-1000-px-x-830-px-Cinco.png","width":1000,"height":821},{"@type":"BreadcrumbList","@id":"https:\/\/motorista.com.br\/noticias\/2026\/04\/29\/cinco-ensinamentos-sobre-transporte-e-logistica-na-guerra\/#breadcrumb","itemListElement":[{"@type":"ListItem","position":1,"name":"In\u00edcio","item":"https:\/\/motorista.com.br\/noticias\/"},{"@type":"ListItem","position":2,"name":"Cinco ensinamentos sobre transporte e log\u00edstica na guerra"}]},{"@type":"WebSite","@id":"https:\/\/motorista.com.br\/noticias\/#website","url":"https:\/\/motorista.com.br\/noticias\/","name":"Motorista.com.br","description":"Not\u00edcia do Motorista","publisher":{"@id":"https:\/\/motorista.com.br\/noticias\/#organization"},"potentialAction":[{"@type":"SearchAction","target":{"@type":"EntryPoint","urlTemplate":"https:\/\/motorista.com.br\/noticias\/?s={search_term_string}"},"query-input":{"@type":"PropertyValueSpecification","valueRequired":true,"valueName":"search_term_string"}}],"inLanguage":"pt-BR"},{"@type":"Organization","@id":"https:\/\/motorista.com.br\/noticias\/#organization","name":"Motorista.com.br","url":"https:\/\/motorista.com.br\/noticias\/","logo":{"@type":"ImageObject","inLanguage":"pt-BR","@id":"https:\/\/motorista.com.br\/noticias\/#\/schema\/logo\/image\/","url":"https:\/\/motorista.com.br\/noticias\/wp-content\/uploads\/2025\/06\/Design-sem-nome-9.png","contentUrl":"https:\/\/motorista.com.br\/noticias\/wp-content\/uploads\/2025\/06\/Design-sem-nome-9.png","width":150,"height":85,"caption":"Motorista.com.br"},"image":{"@id":"https:\/\/motorista.com.br\/noticias\/#\/schema\/logo\/image\/"}},{"@type":"Person","@id":"https:\/\/motorista.com.br\/noticias\/#\/schema\/person\/dc93afc2981c0e3ce6bc3c053fd847be","name":"Equipe Reda\u00e7\u00e3o","image":{"@type":"ImageObject","inLanguage":"pt-BR","@id":"https:\/\/secure.gravatar.com\/avatar\/4f525efbf18dd2bb300ccad28bfb99d95a9465a5ba268407c8c37b37e1f28d2d?s=96&d=mm&r=g9e099043a0c61e9ae27e293b9fa75ffc","url":"https:\/\/secure.gravatar.com\/avatar\/4f525efbf18dd2bb300ccad28bfb99d95a9465a5ba268407c8c37b37e1f28d2d?s=96&d=mm&r=g","contentUrl":"https:\/\/secure.gravatar.com\/avatar\/4f525efbf18dd2bb300ccad28bfb99d95a9465a5ba268407c8c37b37e1f28d2d?s=96&d=mm&r=g","caption":"Equipe Reda\u00e7\u00e3o"},"description":"Equipe de reda\u00e7\u00e3o \u00e9 um grupo de profissionais que trabalham juntos para criar conte\u00fado escrito para Motorista.com.br","url":"https:\/\/motorista.com.br\/noticias\/author\/equiperedacao\/"}]}},"_links":{"self":[{"href":"https:\/\/motorista.com.br\/noticias\/wp-json\/wp\/v2\/posts\/9309","targetHints":{"allow":["GET"]}}],"collection":[{"href":"https:\/\/motorista.com.br\/noticias\/wp-json\/wp\/v2\/posts"}],"about":[{"href":"https:\/\/motorista.com.br\/noticias\/wp-json\/wp\/v2\/types\/post"}],"author":[{"embeddable":true,"href":"https:\/\/motorista.com.br\/noticias\/wp-json\/wp\/v2\/users\/4"}],"replies":[{"embeddable":true,"href":"https:\/\/motorista.com.br\/noticias\/wp-json\/wp\/v2\/comments?post=9309"}],"version-history":[{"count":0,"href":"https:\/\/motorista.com.br\/noticias\/wp-json\/wp\/v2\/posts\/9309\/revisions"}],"wp:featuredmedia":[{"embeddable":true,"href":"https:\/\/motorista.com.br\/noticias\/wp-json\/wp\/v2\/media\/9310"}],"wp:attachment":[{"href":"https:\/\/motorista.com.br\/noticias\/wp-json\/wp\/v2\/media?parent=9309"}],"wp:term":[{"taxonomy":"category","embeddable":true,"href":"https:\/\/motorista.com.br\/noticias\/wp-json\/wp\/v2\/categories?post=9309"},{"taxonomy":"post_tag","embeddable":true,"href":"https:\/\/motorista.com.br\/noticias\/wp-json\/wp\/v2\/tags?post=9309"},{"taxonomy":"author","embeddable":true,"href":"https:\/\/motorista.com.br\/noticias\/wp-json\/wp\/v2\/coauthors?post=9309"}],"curies":[{"name":"wp","href":"https:\/\/api.w.org\/{rel}","templated":true}]}}