{"id":9300,"date":"2026-04-29T01:55:05","date_gmt":"2026-04-29T04:55:05","guid":{"rendered":"https:\/\/motorista.com.br\/noticias\/2026\/04\/29\/reparo-de-r-7-200-apos-160-mil-km-de-uso\/"},"modified":"2026-04-29T01:55:05","modified_gmt":"2026-04-29T04:55:05","slug":"reparo-de-r-7-200-apos-160-mil-km-de-uso","status":"publish","type":"post","link":"https:\/\/motorista.com.br\/noticias\/2026\/04\/29\/reparo-de-r-7-200-apos-160-mil-km-de-uso\/","title":{"rendered":"Reparo de R$ 7.200 ap\u00f3s 160 mil km de uso."},"content":{"rendered":"<p><\/p>\n<h1>Reparo de US$ 7.200 Ap\u00f3s 160 Mil km: O Impacto na Mobilidade e na Vida dos Motoristas<\/h1>\n<p>Um recente caso de um propriet\u00e1rio de picape Cybertruck da Tesla em Nashville, que acumulou 160 mil km em apenas 12 meses de uso intensivo como ve\u00edculo de transporte por aplicativo, trouxe \u00e0 tona quest\u00f5es importantes sobre os custos e benef\u00edcios da mobilidade el\u00e9trica. Enquanto muitos motoristas levam cerca de cinco anos para percorrer essa dist\u00e2ncia, a experi\u00eancia desse usu\u00e1rio destaca tanto os desafios quanto as vantagens de adotar um ve\u00edculo el\u00e9trico em um ambiente de trabalho exigente.<\/p>\n<h2>Uso Severamente Intenso<\/h2>\n<p>Recebendo uma das primeiras unidades da picape, o propriet\u00e1rio rapidamente a colocou em opera\u00e7\u00e3o, realizando turnos de cerca de sete horas e meia di\u00e1rias. Os passageiros elogiaram a experi\u00eancia, ressaltando o conforto interno e a suavidade da condu\u00e7\u00e3o. Contudo, essa utiliza\u00e7\u00e3o severa tamb\u00e9m evidenciou os custos operacionais, que incluem a necessidade de substitui\u00e7\u00e3o frequente de pneus e manuten\u00e7\u00e3o.<\/p>\n<h3>Custos de Manuten\u00e7\u00e3o e Desempenho<\/h3>\n<p>O peso consider\u00e1vel da picape, quase 3,2 toneladas, e a pot\u00eancia do motor el\u00e9trico levaram \u00e0 substitui\u00e7\u00e3o dos pneus All-Terrain da Goodyear ap\u00f3s 64 mil km. O motorista optou pelo modelo Michelin Defender Platinum LTX, gastando US$ 2.500 (aproximadamente R$ 12.500). Embora os custos de eletricidade tenham sido relativamente baixos (cerca de US$ 350 mensais), um imprevisto significativo ocorreu quando a picape apresentou falhas ap\u00f3s o t\u00e9rmino da garantia, resultando em um custo de reparo de US$ 7.200 (aproximadamente R$ 36 mil) para a substitui\u00e7\u00e3o do Sistema de Convers\u00e3o de Energia.<\/p>\n<p>Essa situa\u00e7\u00e3o levanta uma quest\u00e3o cr\u00edtica sobre a sustentabilidade financeira dos ve\u00edculos el\u00e9tricos, especialmente para motoristas que dependem deles para trabalho. Embora os benef\u00edcios em termos de efici\u00eancia energ\u00e9tica sejam claros, como a redu\u00e7\u00e3o no consumo em compara\u00e7\u00e3o com ve\u00edculos a combust\u00e3o, as despesas inesperadas podem ser um grande obst\u00e1culo para muitos.<\/p>\n<h2>Degrada\u00e7\u00e3o e Experi\u00eancia do Usu\u00e1rio<\/h2>\n<p>Ap\u00f3s a marca dos 160 mil km, a degrada\u00e7\u00e3o da bateria tamb\u00e9m chamou a aten\u00e7\u00e3o, reduzindo a autonomia para cerca de 481 km. Al\u00e9m disso, problemas menores, como ru\u00eddos na suspens\u00e3o, vazamentos e desgaste em componentes internos, mostraram que mesmo ve\u00edculos inovadores n\u00e3o est\u00e3o isentos de desafios.<\/p>\n<p>Apesar desses custos e preocupa\u00e7\u00f5es, o motorista relatou que a Cybertruck ainda apresenta um desempenho not\u00e1vel, em especial com o sistema de dire\u00e7\u00e3o eletr\u00f4nica, que facilita manobras em \u00e1reas urbanas congestionadas. Essa caracter\u00edstica \u00e9 essencial para motoristas que precisam navegar pelas complexidades da cidade diariamente.<\/p>\n<h2>Impactos na Mobilidade e na Vida dos Motoristas<\/h2>\n<p>A experi\u00eancia desse propriet\u00e1rio reflete uma tend\u00eancia crescente na mobilidade urbana: \u00e0 medida que mais motoristas adotam ve\u00edculos el\u00e9tricos, \u00e9 fundamental considerar n\u00e3o s\u00f3 a efici\u00eancia e a economia de combust\u00edvel, mas tamb\u00e9m a manuten\u00e7\u00e3o a longo prazo e os custos imprevistos. A ado\u00e7\u00e3o de modelos como a Cybertruck pode simbolizar uma mudan\u00e7a significativa na forma como pensamos sobre transporte e trabalho, mas tamb\u00e9m sublinha a import\u00e2ncia de um planejamento cuidadoso em rela\u00e7\u00e3o aos custos operacionais.<\/p>\n<p>Assim, motoristas e usu\u00e1rios de ve\u00edculos el\u00e9tricos precisam estar conscientes das armadilhas potenciais, ao mesmo tempo em que aproveitam os benef\u00edcios de um transporte mais sustent\u00e1vel e econ\u00f4mico. O futuro da mobilidade depende n\u00e3o apenas da tecnologia, mas de como ela se alinha com as realidades financeiras e operacionais de quem realmente a utiliza nas ruas. <\/p>\n<p>Nesse contexto, \u00e9 essencial continuar a discuss\u00e3o sobre a otimiza\u00e7\u00e3o de custos e a evolu\u00e7\u00e3o dos ve\u00edculos el\u00e9tricos, equilibrando inova\u00e7\u00e3o com acessibilidade e durabilidade.<\/p>\n","protected":false},"excerpt":{"rendered":"<p>Reparo de US$ 7.200 Ap\u00f3s 160 Mil km: O Impacto na Mobilidade e na Vida dos Motoristas Um recente caso de um propriet\u00e1rio de picape Cybertruck da Tesla em Nashville, que acumulou 160 mil km em apenas 12 meses de uso intensivo como ve\u00edculo de transporte por aplicativo, trouxe \u00e0 tona quest\u00f5es importantes sobre os &hellip;<\/p>\n","protected":false},"author":4,"featured_media":9301,"comment_status":"","ping_status":"open","sticky":false,"template":"","format":"standard","meta":{"footnotes":""},"categories":[56],"tags":[],"coauthors":[42],"class_list":["post-9300","post","type-post","status-publish","format-standard","has-post-thumbnail","hentry","category-tecnologia"],"yoast_head":"<!-- This site is optimized with the Yoast SEO Premium plugin v25.5 (Yoast SEO v27.5) - https:\/\/yoast.com\/product\/yoast-seo-premium-wordpress\/ -->\n<title>Reparo de R$ 7.200 ap\u00f3s 160 mil km de uso. - Motorista.com.br<\/title>\n<meta name=\"robots\" content=\"index, follow, max-snippet:-1, max-image-preview:large, max-video-preview:-1\" \/>\n<link rel=\"canonical\" href=\"https:\/\/motorista.com.br\/noticias\/2026\/04\/29\/reparo-de-r-7-200-apos-160-mil-km-de-uso\/\" \/>\n<meta property=\"og:locale\" content=\"pt_BR\" \/>\n<meta property=\"og:type\" content=\"article\" \/>\n<meta property=\"og:title\" content=\"Reparo de R$ 7.200 ap\u00f3s 160 mil km de uso.\" \/>\n<meta property=\"og:description\" content=\"Reparo de US$ 7.200 Ap\u00f3s 160 Mil km: O Impacto na Mobilidade e na Vida dos Motoristas Um recente caso de um propriet\u00e1rio de picape Cybertruck da Tesla em Nashville, que acumulou 160 mil km em apenas 12 meses de uso intensivo como ve\u00edculo de transporte por aplicativo, trouxe \u00e0 tona quest\u00f5es importantes sobre os &hellip;\" \/>\n<meta property=\"og:url\" content=\"https:\/\/motorista.com.br\/noticias\/2026\/04\/29\/reparo-de-r-7-200-apos-160-mil-km-de-uso\/\" \/>\n<meta property=\"og:site_name\" content=\"Motorista.com.br\" \/>\n<meta property=\"article:published_time\" content=\"2026-04-29T04:55:05+00:00\" \/>\n<meta name=\"author\" content=\"Equipe Reda\u00e7\u00e3o\" \/>\n<meta name=\"twitter:card\" content=\"summary_large_image\" \/>\n<meta name=\"twitter:label1\" content=\"Escrito por\" \/>\n\t<meta name=\"twitter:data1\" content=\"Equipe Reda\u00e7\u00e3o\" \/>\n\t<meta name=\"twitter:label2\" content=\"Est. tempo de leitura\" \/>\n\t<meta name=\"twitter:data2\" content=\"3 minutos\" \/>\n\t<meta name=\"twitter:label3\" content=\"Written by\" \/>\n\t<meta name=\"twitter:data3\" content=\"Equipe Reda\u00e7\u00e3o\" \/>\n<script type=\"application\/ld+json\" class=\"yoast-schema-graph\">{\"@context\":\"https:\\\/\\\/schema.org\",\"@graph\":[{\"@type\":\"Article\",\"@id\":\"https:\\\/\\\/motorista.com.br\\\/noticias\\\/2026\\\/04\\\/29\\\/reparo-de-r-7-200-apos-160-mil-km-de-uso\\\/#article\",\"isPartOf\":{\"@id\":\"https:\\\/\\\/motorista.com.br\\\/noticias\\\/2026\\\/04\\\/29\\\/reparo-de-r-7-200-apos-160-mil-km-de-uso\\\/\"},\"author\":{\"name\":\"Equipe Reda\u00e7\u00e3o\",\"@id\":\"https:\\\/\\\/motorista.com.br\\\/noticias\\\/#\\\/schema\\\/person\\\/dc93afc2981c0e3ce6bc3c053fd847be\"},\"headline\":\"Reparo de R$ 7.200 ap\u00f3s 160 mil km de uso.\",\"datePublished\":\"2026-04-29T04:55:05+00:00\",\"mainEntityOfPage\":{\"@id\":\"https:\\\/\\\/motorista.com.br\\\/noticias\\\/2026\\\/04\\\/29\\\/reparo-de-r-7-200-apos-160-mil-km-de-uso\\\/\"},\"wordCount\":644,\"publisher\":{\"@id\":\"https:\\\/\\\/motorista.com.br\\\/noticias\\\/#organization\"},\"image\":{\"@id\":\"https:\\\/\\\/motorista.com.br\\\/noticias\\\/2026\\\/04\\\/29\\\/reparo-de-r-7-200-apos-160-mil-km-de-uso\\\/#primaryimage\"},\"thumbnailUrl\":\"https:\\\/\\\/motorista.com.br\\\/noticias\\\/wp-content\\\/uploads\\\/2026\\\/04\\\/Destaque-Tesla-Cybertruck-scaled.jpg\",\"articleSection\":[\"Tecnologia\"],\"inLanguage\":\"pt-BR\"},{\"@type\":\"WebPage\",\"@id\":\"https:\\\/\\\/motorista.com.br\\\/noticias\\\/2026\\\/04\\\/29\\\/reparo-de-r-7-200-apos-160-mil-km-de-uso\\\/\",\"url\":\"https:\\\/\\\/motorista.com.br\\\/noticias\\\/2026\\\/04\\\/29\\\/reparo-de-r-7-200-apos-160-mil-km-de-uso\\\/\",\"name\":\"Reparo de R$ 7.200 ap\u00f3s 160 mil km de uso. - Motorista.com.br\",\"isPartOf\":{\"@id\":\"https:\\\/\\\/motorista.com.br\\\/noticias\\\/#website\"},\"primaryImageOfPage\":{\"@id\":\"https:\\\/\\\/motorista.com.br\\\/noticias\\\/2026\\\/04\\\/29\\\/reparo-de-r-7-200-apos-160-mil-km-de-uso\\\/#primaryimage\"},\"image\":{\"@id\":\"https:\\\/\\\/motorista.com.br\\\/noticias\\\/2026\\\/04\\\/29\\\/reparo-de-r-7-200-apos-160-mil-km-de-uso\\\/#primaryimage\"},\"thumbnailUrl\":\"https:\\\/\\\/motorista.com.br\\\/noticias\\\/wp-content\\\/uploads\\\/2026\\\/04\\\/Destaque-Tesla-Cybertruck-scaled.jpg\",\"datePublished\":\"2026-04-29T04:55:05+00:00\",\"breadcrumb\":{\"@id\":\"https:\\\/\\\/motorista.com.br\\\/noticias\\\/2026\\\/04\\\/29\\\/reparo-de-r-7-200-apos-160-mil-km-de-uso\\\/#breadcrumb\"},\"inLanguage\":\"pt-BR\",\"potentialAction\":[{\"@type\":\"ReadAction\",\"target\":[\"https:\\\/\\\/motorista.com.br\\\/noticias\\\/2026\\\/04\\\/29\\\/reparo-de-r-7-200-apos-160-mil-km-de-uso\\\/\"]}]},{\"@type\":\"ImageObject\",\"inLanguage\":\"pt-BR\",\"@id\":\"https:\\\/\\\/motorista.com.br\\\/noticias\\\/2026\\\/04\\\/29\\\/reparo-de-r-7-200-apos-160-mil-km-de-uso\\\/#primaryimage\",\"url\":\"https:\\\/\\\/motorista.com.br\\\/noticias\\\/wp-content\\\/uploads\\\/2026\\\/04\\\/Destaque-Tesla-Cybertruck-scaled.jpg\",\"contentUrl\":\"https:\\\/\\\/motorista.com.br\\\/noticias\\\/wp-content\\\/uploads\\\/2026\\\/04\\\/Destaque-Tesla-Cybertruck-scaled.jpg\",\"width\":2560,\"height\":1440},{\"@type\":\"BreadcrumbList\",\"@id\":\"https:\\\/\\\/motorista.com.br\\\/noticias\\\/2026\\\/04\\\/29\\\/reparo-de-r-7-200-apos-160-mil-km-de-uso\\\/#breadcrumb\",\"itemListElement\":[{\"@type\":\"ListItem\",\"position\":1,\"name\":\"In\u00edcio\",\"item\":\"https:\\\/\\\/motorista.com.br\\\/noticias\\\/\"},{\"@type\":\"ListItem\",\"position\":2,\"name\":\"Reparo de R$ 7.200 ap\u00f3s 160 mil km de uso.\"}]},{\"@type\":\"WebSite\",\"@id\":\"https:\\\/\\\/motorista.com.br\\\/noticias\\\/#website\",\"url\":\"https:\\\/\\\/motorista.com.br\\\/noticias\\\/\",\"name\":\"Motorista.com.br\",\"description\":\"Not\u00edcia do Motorista\",\"publisher\":{\"@id\":\"https:\\\/\\\/motorista.com.br\\\/noticias\\\/#organization\"},\"potentialAction\":[{\"@type\":\"SearchAction\",\"target\":{\"@type\":\"EntryPoint\",\"urlTemplate\":\"https:\\\/\\\/motorista.com.br\\\/noticias\\\/?s={search_term_string}\"},\"query-input\":{\"@type\":\"PropertyValueSpecification\",\"valueRequired\":true,\"valueName\":\"search_term_string\"}}],\"inLanguage\":\"pt-BR\"},{\"@type\":\"Organization\",\"@id\":\"https:\\\/\\\/motorista.com.br\\\/noticias\\\/#organization\",\"name\":\"Motorista.com.br\",\"url\":\"https:\\\/\\\/motorista.com.br\\\/noticias\\\/\",\"logo\":{\"@type\":\"ImageObject\",\"inLanguage\":\"pt-BR\",\"@id\":\"https:\\\/\\\/motorista.com.br\\\/noticias\\\/#\\\/schema\\\/logo\\\/image\\\/\",\"url\":\"https:\\\/\\\/motorista.com.br\\\/noticias\\\/wp-content\\\/uploads\\\/2025\\\/06\\\/Design-sem-nome-9.png\",\"contentUrl\":\"https:\\\/\\\/motorista.com.br\\\/noticias\\\/wp-content\\\/uploads\\\/2025\\\/06\\\/Design-sem-nome-9.png\",\"width\":150,\"height\":85,\"caption\":\"Motorista.com.br\"},\"image\":{\"@id\":\"https:\\\/\\\/motorista.com.br\\\/noticias\\\/#\\\/schema\\\/logo\\\/image\\\/\"}},{\"@type\":\"Person\",\"@id\":\"https:\\\/\\\/motorista.com.br\\\/noticias\\\/#\\\/schema\\\/person\\\/dc93afc2981c0e3ce6bc3c053fd847be\",\"name\":\"Equipe Reda\u00e7\u00e3o\",\"image\":{\"@type\":\"ImageObject\",\"inLanguage\":\"pt-BR\",\"@id\":\"https:\\\/\\\/secure.gravatar.com\\\/avatar\\\/4f525efbf18dd2bb300ccad28bfb99d95a9465a5ba268407c8c37b37e1f28d2d?s=96&d=mm&r=g9e099043a0c61e9ae27e293b9fa75ffc\",\"url\":\"https:\\\/\\\/secure.gravatar.com\\\/avatar\\\/4f525efbf18dd2bb300ccad28bfb99d95a9465a5ba268407c8c37b37e1f28d2d?s=96&d=mm&r=g\",\"contentUrl\":\"https:\\\/\\\/secure.gravatar.com\\\/avatar\\\/4f525efbf18dd2bb300ccad28bfb99d95a9465a5ba268407c8c37b37e1f28d2d?s=96&d=mm&r=g\",\"caption\":\"Equipe Reda\u00e7\u00e3o\"},\"description\":\"Equipe de reda\u00e7\u00e3o \u00e9 um grupo de profissionais que trabalham juntos para criar conte\u00fado escrito para Motorista.com.br\",\"url\":\"https:\\\/\\\/motorista.com.br\\\/noticias\\\/author\\\/equiperedacao\\\/\"}]}<\/script>\n<!-- \/ Yoast SEO Premium plugin. -->","yoast_head_json":{"title":"Reparo de R$ 7.200 ap\u00f3s 160 mil km de uso. - Motorista.com.br","robots":{"index":"index","follow":"follow","max-snippet":"max-snippet:-1","max-image-preview":"max-image-preview:large","max-video-preview":"max-video-preview:-1"},"canonical":"https:\/\/motorista.com.br\/noticias\/2026\/04\/29\/reparo-de-r-7-200-apos-160-mil-km-de-uso\/","og_locale":"pt_BR","og_type":"article","og_title":"Reparo de R$ 7.200 ap\u00f3s 160 mil km de uso.","og_description":"Reparo de US$ 7.200 Ap\u00f3s 160 Mil km: O Impacto na Mobilidade e na Vida dos Motoristas Um recente caso de um propriet\u00e1rio de picape Cybertruck da Tesla em Nashville, que acumulou 160 mil km em apenas 12 meses de uso intensivo como ve\u00edculo de transporte por aplicativo, trouxe \u00e0 tona quest\u00f5es importantes sobre os &hellip;","og_url":"https:\/\/motorista.com.br\/noticias\/2026\/04\/29\/reparo-de-r-7-200-apos-160-mil-km-de-uso\/","og_site_name":"Motorista.com.br","article_published_time":"2026-04-29T04:55:05+00:00","author":"Equipe Reda\u00e7\u00e3o","twitter_card":"summary_large_image","twitter_misc":{"Escrito por":"Equipe Reda\u00e7\u00e3o","Est. tempo de leitura":"3 minutos","Written by":"Equipe Reda\u00e7\u00e3o"},"schema":{"@context":"https:\/\/schema.org","@graph":[{"@type":"Article","@id":"https:\/\/motorista.com.br\/noticias\/2026\/04\/29\/reparo-de-r-7-200-apos-160-mil-km-de-uso\/#article","isPartOf":{"@id":"https:\/\/motorista.com.br\/noticias\/2026\/04\/29\/reparo-de-r-7-200-apos-160-mil-km-de-uso\/"},"author":{"name":"Equipe Reda\u00e7\u00e3o","@id":"https:\/\/motorista.com.br\/noticias\/#\/schema\/person\/dc93afc2981c0e3ce6bc3c053fd847be"},"headline":"Reparo de R$ 7.200 ap\u00f3s 160 mil km de uso.","datePublished":"2026-04-29T04:55:05+00:00","mainEntityOfPage":{"@id":"https:\/\/motorista.com.br\/noticias\/2026\/04\/29\/reparo-de-r-7-200-apos-160-mil-km-de-uso\/"},"wordCount":644,"publisher":{"@id":"https:\/\/motorista.com.br\/noticias\/#organization"},"image":{"@id":"https:\/\/motorista.com.br\/noticias\/2026\/04\/29\/reparo-de-r-7-200-apos-160-mil-km-de-uso\/#primaryimage"},"thumbnailUrl":"https:\/\/motorista.com.br\/noticias\/wp-content\/uploads\/2026\/04\/Destaque-Tesla-Cybertruck-scaled.jpg","articleSection":["Tecnologia"],"inLanguage":"pt-BR"},{"@type":"WebPage","@id":"https:\/\/motorista.com.br\/noticias\/2026\/04\/29\/reparo-de-r-7-200-apos-160-mil-km-de-uso\/","url":"https:\/\/motorista.com.br\/noticias\/2026\/04\/29\/reparo-de-r-7-200-apos-160-mil-km-de-uso\/","name":"Reparo de R$ 7.200 ap\u00f3s 160 mil km de uso. - Motorista.com.br","isPartOf":{"@id":"https:\/\/motorista.com.br\/noticias\/#website"},"primaryImageOfPage":{"@id":"https:\/\/motorista.com.br\/noticias\/2026\/04\/29\/reparo-de-r-7-200-apos-160-mil-km-de-uso\/#primaryimage"},"image":{"@id":"https:\/\/motorista.com.br\/noticias\/2026\/04\/29\/reparo-de-r-7-200-apos-160-mil-km-de-uso\/#primaryimage"},"thumbnailUrl":"https:\/\/motorista.com.br\/noticias\/wp-content\/uploads\/2026\/04\/Destaque-Tesla-Cybertruck-scaled.jpg","datePublished":"2026-04-29T04:55:05+00:00","breadcrumb":{"@id":"https:\/\/motorista.com.br\/noticias\/2026\/04\/29\/reparo-de-r-7-200-apos-160-mil-km-de-uso\/#breadcrumb"},"inLanguage":"pt-BR","potentialAction":[{"@type":"ReadAction","target":["https:\/\/motorista.com.br\/noticias\/2026\/04\/29\/reparo-de-r-7-200-apos-160-mil-km-de-uso\/"]}]},{"@type":"ImageObject","inLanguage":"pt-BR","@id":"https:\/\/motorista.com.br\/noticias\/2026\/04\/29\/reparo-de-r-7-200-apos-160-mil-km-de-uso\/#primaryimage","url":"https:\/\/motorista.com.br\/noticias\/wp-content\/uploads\/2026\/04\/Destaque-Tesla-Cybertruck-scaled.jpg","contentUrl":"https:\/\/motorista.com.br\/noticias\/wp-content\/uploads\/2026\/04\/Destaque-Tesla-Cybertruck-scaled.jpg","width":2560,"height":1440},{"@type":"BreadcrumbList","@id":"https:\/\/motorista.com.br\/noticias\/2026\/04\/29\/reparo-de-r-7-200-apos-160-mil-km-de-uso\/#breadcrumb","itemListElement":[{"@type":"ListItem","position":1,"name":"In\u00edcio","item":"https:\/\/motorista.com.br\/noticias\/"},{"@type":"ListItem","position":2,"name":"Reparo de R$ 7.200 ap\u00f3s 160 mil km de uso."}]},{"@type":"WebSite","@id":"https:\/\/motorista.com.br\/noticias\/#website","url":"https:\/\/motorista.com.br\/noticias\/","name":"Motorista.com.br","description":"Not\u00edcia do Motorista","publisher":{"@id":"https:\/\/motorista.com.br\/noticias\/#organization"},"potentialAction":[{"@type":"SearchAction","target":{"@type":"EntryPoint","urlTemplate":"https:\/\/motorista.com.br\/noticias\/?s={search_term_string}"},"query-input":{"@type":"PropertyValueSpecification","valueRequired":true,"valueName":"search_term_string"}}],"inLanguage":"pt-BR"},{"@type":"Organization","@id":"https:\/\/motorista.com.br\/noticias\/#organization","name":"Motorista.com.br","url":"https:\/\/motorista.com.br\/noticias\/","logo":{"@type":"ImageObject","inLanguage":"pt-BR","@id":"https:\/\/motorista.com.br\/noticias\/#\/schema\/logo\/image\/","url":"https:\/\/motorista.com.br\/noticias\/wp-content\/uploads\/2025\/06\/Design-sem-nome-9.png","contentUrl":"https:\/\/motorista.com.br\/noticias\/wp-content\/uploads\/2025\/06\/Design-sem-nome-9.png","width":150,"height":85,"caption":"Motorista.com.br"},"image":{"@id":"https:\/\/motorista.com.br\/noticias\/#\/schema\/logo\/image\/"}},{"@type":"Person","@id":"https:\/\/motorista.com.br\/noticias\/#\/schema\/person\/dc93afc2981c0e3ce6bc3c053fd847be","name":"Equipe Reda\u00e7\u00e3o","image":{"@type":"ImageObject","inLanguage":"pt-BR","@id":"https:\/\/secure.gravatar.com\/avatar\/4f525efbf18dd2bb300ccad28bfb99d95a9465a5ba268407c8c37b37e1f28d2d?s=96&d=mm&r=g9e099043a0c61e9ae27e293b9fa75ffc","url":"https:\/\/secure.gravatar.com\/avatar\/4f525efbf18dd2bb300ccad28bfb99d95a9465a5ba268407c8c37b37e1f28d2d?s=96&d=mm&r=g","contentUrl":"https:\/\/secure.gravatar.com\/avatar\/4f525efbf18dd2bb300ccad28bfb99d95a9465a5ba268407c8c37b37e1f28d2d?s=96&d=mm&r=g","caption":"Equipe Reda\u00e7\u00e3o"},"description":"Equipe de reda\u00e7\u00e3o \u00e9 um grupo de profissionais que trabalham juntos para criar conte\u00fado escrito para Motorista.com.br","url":"https:\/\/motorista.com.br\/noticias\/author\/equiperedacao\/"}]}},"_links":{"self":[{"href":"https:\/\/motorista.com.br\/noticias\/wp-json\/wp\/v2\/posts\/9300","targetHints":{"allow":["GET"]}}],"collection":[{"href":"https:\/\/motorista.com.br\/noticias\/wp-json\/wp\/v2\/posts"}],"about":[{"href":"https:\/\/motorista.com.br\/noticias\/wp-json\/wp\/v2\/types\/post"}],"author":[{"embeddable":true,"href":"https:\/\/motorista.com.br\/noticias\/wp-json\/wp\/v2\/users\/4"}],"replies":[{"embeddable":true,"href":"https:\/\/motorista.com.br\/noticias\/wp-json\/wp\/v2\/comments?post=9300"}],"version-history":[{"count":0,"href":"https:\/\/motorista.com.br\/noticias\/wp-json\/wp\/v2\/posts\/9300\/revisions"}],"wp:featuredmedia":[{"embeddable":true,"href":"https:\/\/motorista.com.br\/noticias\/wp-json\/wp\/v2\/media\/9301"}],"wp:attachment":[{"href":"https:\/\/motorista.com.br\/noticias\/wp-json\/wp\/v2\/media?parent=9300"}],"wp:term":[{"taxonomy":"category","embeddable":true,"href":"https:\/\/motorista.com.br\/noticias\/wp-json\/wp\/v2\/categories?post=9300"},{"taxonomy":"post_tag","embeddable":true,"href":"https:\/\/motorista.com.br\/noticias\/wp-json\/wp\/v2\/tags?post=9300"},{"taxonomy":"author","embeddable":true,"href":"https:\/\/motorista.com.br\/noticias\/wp-json\/wp\/v2\/coauthors?post=9300"}],"curies":[{"name":"wp","href":"https:\/\/api.w.org\/{rel}","templated":true}]}}