{"id":9297,"date":"2026-04-29T00:34:26","date_gmt":"2026-04-29T03:34:26","guid":{"rendered":"https:\/\/motorista.com.br\/noticias\/2026\/04\/29\/entidades-solicitam-a-fifa-apoio-a-tregua-do-ice-na-copa\/"},"modified":"2026-04-29T00:34:26","modified_gmt":"2026-04-29T03:34:26","slug":"entidades-solicitam-a-fifa-apoio-a-tregua-do-ice-na-copa","status":"publish","type":"post","link":"https:\/\/motorista.com.br\/noticias\/2026\/04\/29\/entidades-solicitam-a-fifa-apoio-a-tregua-do-ice-na-copa\/","title":{"rendered":"Entidades solicitam \u00e0 FIFA apoio \u00e0 &#8216;tr\u00e9gua do ICE&#8217; na Copa."},"content":{"rendered":"<p><\/p>\n<p><strong>Organiza\u00e7\u00f5es pedem que FIFA defenda &#8216;tr\u00e9gua do ICE\u2019 na Copa<\/strong><\/p>\n<p>A Vigil\u00e2ncia dos Direitos Humanos (HRW) solicitou que a FIFA pressione o governo dos Estados Unidos para suspender temporariamente as opera\u00e7\u00f5es de fiscaliza\u00e7\u00e3o migrat\u00f3ria durante a Copa do Mundo de 2026. A proposta, batizada de &quot;Tr\u00e9gua do ICE&quot;, visa que o Servi\u00e7o de Controle de Imigra\u00e7\u00e3o n\u00e3o realize suas opera\u00e7\u00f5es em est\u00e1dios e \u00e1reas circunvizinhas aos jogos.<\/p>\n<p>Esse torneio, que contar\u00e1 com a participa\u00e7\u00e3o de 48 sele\u00e7\u00f5es e ocorrer\u00e1 em sedes nos EUA, Canad\u00e1 e M\u00e9xico, levanta preocupa\u00e7\u00f5es significativas entre as organiza\u00e7\u00f5es de direitos humanos. A pol\u00edtica anti-imigra\u00e7\u00e3o atual pode impactar n\u00e3o apenas os torcedores e atletas, mas tamb\u00e9m jornalistas e demais profissionais envolvidos. <\/p>\n<p>De acordo com a HRW, as a\u00e7\u00f5es de fiscaliza\u00e7\u00e3o que t\u00eam sido comuns na gest\u00e3o atual podem resultar em deten\u00e7\u00f5es arbitr\u00e1rias, discrimina\u00e7\u00e3o racial e restri\u00e7\u00f5es \u00e0 liberdade de express\u00e3o. Para a entidade, a FIFA deve usar sua influ\u00eancia para garantir um ambiente mais seguro e inclusivo, essencial para a realiza\u00e7\u00e3o de um evento de tamanha magnitude.<\/p>\n<p>Com a relev\u00e2ncia internacional da Copa, a &quot;Tr\u00e9gua do ICE&quot; se inspira na tradi\u00e7\u00e3o da Tr\u00e9gua Ol\u00edmpica da Gr\u00e9cia Antiga, que permitia o deslocamento seguro de atletas e espectadores durante os Jogos. A proposta \u00e9 vital n\u00e3o apenas para o bem-estar dos participantes, mas tamb\u00e9m para a mobilidade geral em cidades que receber\u00e3o os jogos, garantindo que todos possam se mover livremente e participar desse grande espet\u00e1culo esportivo.<\/p>\n<p>A Anistia Internacional tamb\u00e9m expressou preocupa\u00e7\u00f5es sobre o clima de direitos humanos durante o campeonato, alertando os viajantes sobre riscos, como busca em dispositivos eletr\u00f4nicos e deten\u00e7\u00f5es em centros de imigra\u00e7\u00e3o. O ambiente de inseguran\u00e7a pode fazer com que torcedores e atletas hesitem em participar, impactando negativamente a experi\u00eancia e a mobilidade de todos no evento.<\/p>\n<p>Entretanto, o governo dos EUA rejeitou as cr\u00edticas, alegando que seu objetivo \u00e9 garantir um evento seguro e bem organizado. O DHS afirmou que a aplica\u00e7\u00e3o das leis migrat\u00f3rias continuar\u00e1, mas essa postura pode intensificar as preocupa\u00e7\u00f5es j\u00e1 levantadas, levando a uma diminui\u00e7\u00e3o na participa\u00e7\u00e3o e na mobilidade de visitantes.<\/p>\n<p>A discuss\u00e3o sobre a &quot;Tr\u00e9gua do ICE&quot; revela a intersec\u00e7\u00e3o entre direitos humanos e mobilidade, destacando a import\u00e2ncia de um ambiente seguro durante um evento de grande relev\u00e2ncia. \u00c9 fundamental que todos os envolvidos se unam em prol de um evento que n\u00e3o apenas celebree o esporte, mas tamb\u00e9m respeite a dignidade e os direitos de todos os participantes.<\/p>\n","protected":false},"excerpt":{"rendered":"<p>Organiza\u00e7\u00f5es pedem que FIFA defenda &#8216;tr\u00e9gua do ICE\u2019 na Copa A Vigil\u00e2ncia dos Direitos Humanos (HRW) solicitou que a FIFA pressione o governo dos Estados Unidos para suspender temporariamente as opera\u00e7\u00f5es de fiscaliza\u00e7\u00e3o migrat\u00f3ria durante a Copa do Mundo de 2026. A proposta, batizada de &quot;Tr\u00e9gua do ICE&quot;, visa que o Servi\u00e7o de Controle de &hellip;<\/p>\n","protected":false},"author":4,"featured_media":9298,"comment_status":"","ping_status":"open","sticky":false,"template":"","format":"standard","meta":{"footnotes":""},"categories":[45],"tags":[],"coauthors":[42],"class_list":["post-9297","post","type-post","status-publish","format-standard","has-post-thumbnail","hentry","category-mundo"],"yoast_head":"<!-- This site is optimized with the Yoast SEO Premium plugin v25.5 (Yoast SEO v27.5) - https:\/\/yoast.com\/product\/yoast-seo-premium-wordpress\/ -->\n<title>Entidades solicitam \u00e0 FIFA apoio \u00e0 &#039;tr\u00e9gua do ICE&#039; na Copa. - Motorista.com.br<\/title>\n<meta name=\"robots\" content=\"index, follow, max-snippet:-1, max-image-preview:large, max-video-preview:-1\" \/>\n<link rel=\"canonical\" href=\"https:\/\/motorista.com.br\/noticias\/2026\/04\/29\/entidades-solicitam-a-fifa-apoio-a-tregua-do-ice-na-copa\/\" \/>\n<meta property=\"og:locale\" content=\"pt_BR\" \/>\n<meta property=\"og:type\" content=\"article\" \/>\n<meta property=\"og:title\" content=\"Entidades solicitam \u00e0 FIFA apoio \u00e0 &#039;tr\u00e9gua do ICE&#039; na Copa.\" \/>\n<meta property=\"og:description\" content=\"Organiza\u00e7\u00f5es pedem que FIFA defenda &#8216;tr\u00e9gua do ICE\u2019 na Copa A Vigil\u00e2ncia dos Direitos Humanos (HRW) solicitou que a FIFA pressione o governo dos Estados Unidos para suspender temporariamente as opera\u00e7\u00f5es de fiscaliza\u00e7\u00e3o migrat\u00f3ria durante a Copa do Mundo de 2026. A proposta, batizada de &quot;Tr\u00e9gua do ICE&quot;, visa que o Servi\u00e7o de Controle de &hellip;\" \/>\n<meta property=\"og:url\" content=\"https:\/\/motorista.com.br\/noticias\/2026\/04\/29\/entidades-solicitam-a-fifa-apoio-a-tregua-do-ice-na-copa\/\" \/>\n<meta property=\"og:site_name\" content=\"Motorista.com.br\" \/>\n<meta property=\"article:published_time\" content=\"2026-04-29T03:34:26+00:00\" \/>\n<meta name=\"author\" content=\"Equipe Reda\u00e7\u00e3o\" \/>\n<meta name=\"twitter:card\" content=\"summary_large_image\" \/>\n<meta name=\"twitter:label1\" content=\"Escrito por\" \/>\n\t<meta name=\"twitter:data1\" content=\"Equipe Reda\u00e7\u00e3o\" \/>\n\t<meta name=\"twitter:label2\" content=\"Est. tempo de leitura\" \/>\n\t<meta name=\"twitter:data2\" content=\"2 minutos\" \/>\n\t<meta name=\"twitter:label3\" content=\"Written by\" \/>\n\t<meta name=\"twitter:data3\" content=\"Equipe Reda\u00e7\u00e3o\" \/>\n<script type=\"application\/ld+json\" class=\"yoast-schema-graph\">{\"@context\":\"https:\\\/\\\/schema.org\",\"@graph\":[{\"@type\":\"Article\",\"@id\":\"https:\\\/\\\/motorista.com.br\\\/noticias\\\/2026\\\/04\\\/29\\\/entidades-solicitam-a-fifa-apoio-a-tregua-do-ice-na-copa\\\/#article\",\"isPartOf\":{\"@id\":\"https:\\\/\\\/motorista.com.br\\\/noticias\\\/2026\\\/04\\\/29\\\/entidades-solicitam-a-fifa-apoio-a-tregua-do-ice-na-copa\\\/\"},\"author\":{\"name\":\"Equipe Reda\u00e7\u00e3o\",\"@id\":\"https:\\\/\\\/motorista.com.br\\\/noticias\\\/#\\\/schema\\\/person\\\/dc93afc2981c0e3ce6bc3c053fd847be\"},\"headline\":\"Entidades solicitam \u00e0 FIFA apoio \u00e0 &#8216;tr\u00e9gua do ICE&#8217; na Copa.\",\"datePublished\":\"2026-04-29T03:34:26+00:00\",\"mainEntityOfPage\":{\"@id\":\"https:\\\/\\\/motorista.com.br\\\/noticias\\\/2026\\\/04\\\/29\\\/entidades-solicitam-a-fifa-apoio-a-tregua-do-ice-na-copa\\\/\"},\"wordCount\":475,\"publisher\":{\"@id\":\"https:\\\/\\\/motorista.com.br\\\/noticias\\\/#organization\"},\"image\":{\"@id\":\"https:\\\/\\\/motorista.com.br\\\/noticias\\\/2026\\\/04\\\/29\\\/entidades-solicitam-a-fifa-apoio-a-tregua-do-ice-na-copa\\\/#primaryimage\"},\"thumbnailUrl\":\"https:\\\/\\\/motorista.com.br\\\/noticias\\\/wp-content\\\/uploads\\\/2026\\\/04\\\/image-from-rawpixel-id-6112277-original-1-scaled.jpg\",\"articleSection\":[\"Mundo\"],\"inLanguage\":\"pt-BR\"},{\"@type\":\"WebPage\",\"@id\":\"https:\\\/\\\/motorista.com.br\\\/noticias\\\/2026\\\/04\\\/29\\\/entidades-solicitam-a-fifa-apoio-a-tregua-do-ice-na-copa\\\/\",\"url\":\"https:\\\/\\\/motorista.com.br\\\/noticias\\\/2026\\\/04\\\/29\\\/entidades-solicitam-a-fifa-apoio-a-tregua-do-ice-na-copa\\\/\",\"name\":\"Entidades solicitam \u00e0 FIFA apoio \u00e0 'tr\u00e9gua do ICE' na Copa. - Motorista.com.br\",\"isPartOf\":{\"@id\":\"https:\\\/\\\/motorista.com.br\\\/noticias\\\/#website\"},\"primaryImageOfPage\":{\"@id\":\"https:\\\/\\\/motorista.com.br\\\/noticias\\\/2026\\\/04\\\/29\\\/entidades-solicitam-a-fifa-apoio-a-tregua-do-ice-na-copa\\\/#primaryimage\"},\"image\":{\"@id\":\"https:\\\/\\\/motorista.com.br\\\/noticias\\\/2026\\\/04\\\/29\\\/entidades-solicitam-a-fifa-apoio-a-tregua-do-ice-na-copa\\\/#primaryimage\"},\"thumbnailUrl\":\"https:\\\/\\\/motorista.com.br\\\/noticias\\\/wp-content\\\/uploads\\\/2026\\\/04\\\/image-from-rawpixel-id-6112277-original-1-scaled.jpg\",\"datePublished\":\"2026-04-29T03:34:26+00:00\",\"breadcrumb\":{\"@id\":\"https:\\\/\\\/motorista.com.br\\\/noticias\\\/2026\\\/04\\\/29\\\/entidades-solicitam-a-fifa-apoio-a-tregua-do-ice-na-copa\\\/#breadcrumb\"},\"inLanguage\":\"pt-BR\",\"potentialAction\":[{\"@type\":\"ReadAction\",\"target\":[\"https:\\\/\\\/motorista.com.br\\\/noticias\\\/2026\\\/04\\\/29\\\/entidades-solicitam-a-fifa-apoio-a-tregua-do-ice-na-copa\\\/\"]}]},{\"@type\":\"ImageObject\",\"inLanguage\":\"pt-BR\",\"@id\":\"https:\\\/\\\/motorista.com.br\\\/noticias\\\/2026\\\/04\\\/29\\\/entidades-solicitam-a-fifa-apoio-a-tregua-do-ice-na-copa\\\/#primaryimage\",\"url\":\"https:\\\/\\\/motorista.com.br\\\/noticias\\\/wp-content\\\/uploads\\\/2026\\\/04\\\/image-from-rawpixel-id-6112277-original-1-scaled.jpg\",\"contentUrl\":\"https:\\\/\\\/motorista.com.br\\\/noticias\\\/wp-content\\\/uploads\\\/2026\\\/04\\\/image-from-rawpixel-id-6112277-original-1-scaled.jpg\",\"width\":2560,\"height\":1440},{\"@type\":\"BreadcrumbList\",\"@id\":\"https:\\\/\\\/motorista.com.br\\\/noticias\\\/2026\\\/04\\\/29\\\/entidades-solicitam-a-fifa-apoio-a-tregua-do-ice-na-copa\\\/#breadcrumb\",\"itemListElement\":[{\"@type\":\"ListItem\",\"position\":1,\"name\":\"In\u00edcio\",\"item\":\"https:\\\/\\\/motorista.com.br\\\/noticias\\\/\"},{\"@type\":\"ListItem\",\"position\":2,\"name\":\"Entidades solicitam \u00e0 FIFA apoio \u00e0 &#8216;tr\u00e9gua do ICE&#8217; na Copa.\"}]},{\"@type\":\"WebSite\",\"@id\":\"https:\\\/\\\/motorista.com.br\\\/noticias\\\/#website\",\"url\":\"https:\\\/\\\/motorista.com.br\\\/noticias\\\/\",\"name\":\"Motorista.com.br\",\"description\":\"Not\u00edcia do Motorista\",\"publisher\":{\"@id\":\"https:\\\/\\\/motorista.com.br\\\/noticias\\\/#organization\"},\"potentialAction\":[{\"@type\":\"SearchAction\",\"target\":{\"@type\":\"EntryPoint\",\"urlTemplate\":\"https:\\\/\\\/motorista.com.br\\\/noticias\\\/?s={search_term_string}\"},\"query-input\":{\"@type\":\"PropertyValueSpecification\",\"valueRequired\":true,\"valueName\":\"search_term_string\"}}],\"inLanguage\":\"pt-BR\"},{\"@type\":\"Organization\",\"@id\":\"https:\\\/\\\/motorista.com.br\\\/noticias\\\/#organization\",\"name\":\"Motorista.com.br\",\"url\":\"https:\\\/\\\/motorista.com.br\\\/noticias\\\/\",\"logo\":{\"@type\":\"ImageObject\",\"inLanguage\":\"pt-BR\",\"@id\":\"https:\\\/\\\/motorista.com.br\\\/noticias\\\/#\\\/schema\\\/logo\\\/image\\\/\",\"url\":\"https:\\\/\\\/motorista.com.br\\\/noticias\\\/wp-content\\\/uploads\\\/2025\\\/06\\\/Design-sem-nome-9.png\",\"contentUrl\":\"https:\\\/\\\/motorista.com.br\\\/noticias\\\/wp-content\\\/uploads\\\/2025\\\/06\\\/Design-sem-nome-9.png\",\"width\":150,\"height\":85,\"caption\":\"Motorista.com.br\"},\"image\":{\"@id\":\"https:\\\/\\\/motorista.com.br\\\/noticias\\\/#\\\/schema\\\/logo\\\/image\\\/\"}},{\"@type\":\"Person\",\"@id\":\"https:\\\/\\\/motorista.com.br\\\/noticias\\\/#\\\/schema\\\/person\\\/dc93afc2981c0e3ce6bc3c053fd847be\",\"name\":\"Equipe Reda\u00e7\u00e3o\",\"image\":{\"@type\":\"ImageObject\",\"inLanguage\":\"pt-BR\",\"@id\":\"https:\\\/\\\/secure.gravatar.com\\\/avatar\\\/4f525efbf18dd2bb300ccad28bfb99d95a9465a5ba268407c8c37b37e1f28d2d?s=96&d=mm&r=g9e099043a0c61e9ae27e293b9fa75ffc\",\"url\":\"https:\\\/\\\/secure.gravatar.com\\\/avatar\\\/4f525efbf18dd2bb300ccad28bfb99d95a9465a5ba268407c8c37b37e1f28d2d?s=96&d=mm&r=g\",\"contentUrl\":\"https:\\\/\\\/secure.gravatar.com\\\/avatar\\\/4f525efbf18dd2bb300ccad28bfb99d95a9465a5ba268407c8c37b37e1f28d2d?s=96&d=mm&r=g\",\"caption\":\"Equipe Reda\u00e7\u00e3o\"},\"description\":\"Equipe de reda\u00e7\u00e3o \u00e9 um grupo de profissionais que trabalham juntos para criar conte\u00fado escrito para Motorista.com.br\",\"url\":\"https:\\\/\\\/motorista.com.br\\\/noticias\\\/author\\\/equiperedacao\\\/\"}]}<\/script>\n<!-- \/ Yoast SEO Premium plugin. -->","yoast_head_json":{"title":"Entidades solicitam \u00e0 FIFA apoio \u00e0 'tr\u00e9gua do ICE' na Copa. - Motorista.com.br","robots":{"index":"index","follow":"follow","max-snippet":"max-snippet:-1","max-image-preview":"max-image-preview:large","max-video-preview":"max-video-preview:-1"},"canonical":"https:\/\/motorista.com.br\/noticias\/2026\/04\/29\/entidades-solicitam-a-fifa-apoio-a-tregua-do-ice-na-copa\/","og_locale":"pt_BR","og_type":"article","og_title":"Entidades solicitam \u00e0 FIFA apoio \u00e0 'tr\u00e9gua do ICE' na Copa.","og_description":"Organiza\u00e7\u00f5es pedem que FIFA defenda &#8216;tr\u00e9gua do ICE\u2019 na Copa A Vigil\u00e2ncia dos Direitos Humanos (HRW) solicitou que a FIFA pressione o governo dos Estados Unidos para suspender temporariamente as opera\u00e7\u00f5es de fiscaliza\u00e7\u00e3o migrat\u00f3ria durante a Copa do Mundo de 2026. A proposta, batizada de &quot;Tr\u00e9gua do ICE&quot;, visa que o Servi\u00e7o de Controle de &hellip;","og_url":"https:\/\/motorista.com.br\/noticias\/2026\/04\/29\/entidades-solicitam-a-fifa-apoio-a-tregua-do-ice-na-copa\/","og_site_name":"Motorista.com.br","article_published_time":"2026-04-29T03:34:26+00:00","author":"Equipe Reda\u00e7\u00e3o","twitter_card":"summary_large_image","twitter_misc":{"Escrito por":"Equipe Reda\u00e7\u00e3o","Est. tempo de leitura":"2 minutos","Written by":"Equipe Reda\u00e7\u00e3o"},"schema":{"@context":"https:\/\/schema.org","@graph":[{"@type":"Article","@id":"https:\/\/motorista.com.br\/noticias\/2026\/04\/29\/entidades-solicitam-a-fifa-apoio-a-tregua-do-ice-na-copa\/#article","isPartOf":{"@id":"https:\/\/motorista.com.br\/noticias\/2026\/04\/29\/entidades-solicitam-a-fifa-apoio-a-tregua-do-ice-na-copa\/"},"author":{"name":"Equipe Reda\u00e7\u00e3o","@id":"https:\/\/motorista.com.br\/noticias\/#\/schema\/person\/dc93afc2981c0e3ce6bc3c053fd847be"},"headline":"Entidades solicitam \u00e0 FIFA apoio \u00e0 &#8216;tr\u00e9gua do ICE&#8217; na Copa.","datePublished":"2026-04-29T03:34:26+00:00","mainEntityOfPage":{"@id":"https:\/\/motorista.com.br\/noticias\/2026\/04\/29\/entidades-solicitam-a-fifa-apoio-a-tregua-do-ice-na-copa\/"},"wordCount":475,"publisher":{"@id":"https:\/\/motorista.com.br\/noticias\/#organization"},"image":{"@id":"https:\/\/motorista.com.br\/noticias\/2026\/04\/29\/entidades-solicitam-a-fifa-apoio-a-tregua-do-ice-na-copa\/#primaryimage"},"thumbnailUrl":"https:\/\/motorista.com.br\/noticias\/wp-content\/uploads\/2026\/04\/image-from-rawpixel-id-6112277-original-1-scaled.jpg","articleSection":["Mundo"],"inLanguage":"pt-BR"},{"@type":"WebPage","@id":"https:\/\/motorista.com.br\/noticias\/2026\/04\/29\/entidades-solicitam-a-fifa-apoio-a-tregua-do-ice-na-copa\/","url":"https:\/\/motorista.com.br\/noticias\/2026\/04\/29\/entidades-solicitam-a-fifa-apoio-a-tregua-do-ice-na-copa\/","name":"Entidades solicitam \u00e0 FIFA apoio \u00e0 'tr\u00e9gua do ICE' na Copa. - Motorista.com.br","isPartOf":{"@id":"https:\/\/motorista.com.br\/noticias\/#website"},"primaryImageOfPage":{"@id":"https:\/\/motorista.com.br\/noticias\/2026\/04\/29\/entidades-solicitam-a-fifa-apoio-a-tregua-do-ice-na-copa\/#primaryimage"},"image":{"@id":"https:\/\/motorista.com.br\/noticias\/2026\/04\/29\/entidades-solicitam-a-fifa-apoio-a-tregua-do-ice-na-copa\/#primaryimage"},"thumbnailUrl":"https:\/\/motorista.com.br\/noticias\/wp-content\/uploads\/2026\/04\/image-from-rawpixel-id-6112277-original-1-scaled.jpg","datePublished":"2026-04-29T03:34:26+00:00","breadcrumb":{"@id":"https:\/\/motorista.com.br\/noticias\/2026\/04\/29\/entidades-solicitam-a-fifa-apoio-a-tregua-do-ice-na-copa\/#breadcrumb"},"inLanguage":"pt-BR","potentialAction":[{"@type":"ReadAction","target":["https:\/\/motorista.com.br\/noticias\/2026\/04\/29\/entidades-solicitam-a-fifa-apoio-a-tregua-do-ice-na-copa\/"]}]},{"@type":"ImageObject","inLanguage":"pt-BR","@id":"https:\/\/motorista.com.br\/noticias\/2026\/04\/29\/entidades-solicitam-a-fifa-apoio-a-tregua-do-ice-na-copa\/#primaryimage","url":"https:\/\/motorista.com.br\/noticias\/wp-content\/uploads\/2026\/04\/image-from-rawpixel-id-6112277-original-1-scaled.jpg","contentUrl":"https:\/\/motorista.com.br\/noticias\/wp-content\/uploads\/2026\/04\/image-from-rawpixel-id-6112277-original-1-scaled.jpg","width":2560,"height":1440},{"@type":"BreadcrumbList","@id":"https:\/\/motorista.com.br\/noticias\/2026\/04\/29\/entidades-solicitam-a-fifa-apoio-a-tregua-do-ice-na-copa\/#breadcrumb","itemListElement":[{"@type":"ListItem","position":1,"name":"In\u00edcio","item":"https:\/\/motorista.com.br\/noticias\/"},{"@type":"ListItem","position":2,"name":"Entidades solicitam \u00e0 FIFA apoio \u00e0 &#8216;tr\u00e9gua do ICE&#8217; na Copa."}]},{"@type":"WebSite","@id":"https:\/\/motorista.com.br\/noticias\/#website","url":"https:\/\/motorista.com.br\/noticias\/","name":"Motorista.com.br","description":"Not\u00edcia do Motorista","publisher":{"@id":"https:\/\/motorista.com.br\/noticias\/#organization"},"potentialAction":[{"@type":"SearchAction","target":{"@type":"EntryPoint","urlTemplate":"https:\/\/motorista.com.br\/noticias\/?s={search_term_string}"},"query-input":{"@type":"PropertyValueSpecification","valueRequired":true,"valueName":"search_term_string"}}],"inLanguage":"pt-BR"},{"@type":"Organization","@id":"https:\/\/motorista.com.br\/noticias\/#organization","name":"Motorista.com.br","url":"https:\/\/motorista.com.br\/noticias\/","logo":{"@type":"ImageObject","inLanguage":"pt-BR","@id":"https:\/\/motorista.com.br\/noticias\/#\/schema\/logo\/image\/","url":"https:\/\/motorista.com.br\/noticias\/wp-content\/uploads\/2025\/06\/Design-sem-nome-9.png","contentUrl":"https:\/\/motorista.com.br\/noticias\/wp-content\/uploads\/2025\/06\/Design-sem-nome-9.png","width":150,"height":85,"caption":"Motorista.com.br"},"image":{"@id":"https:\/\/motorista.com.br\/noticias\/#\/schema\/logo\/image\/"}},{"@type":"Person","@id":"https:\/\/motorista.com.br\/noticias\/#\/schema\/person\/dc93afc2981c0e3ce6bc3c053fd847be","name":"Equipe Reda\u00e7\u00e3o","image":{"@type":"ImageObject","inLanguage":"pt-BR","@id":"https:\/\/secure.gravatar.com\/avatar\/4f525efbf18dd2bb300ccad28bfb99d95a9465a5ba268407c8c37b37e1f28d2d?s=96&d=mm&r=g9e099043a0c61e9ae27e293b9fa75ffc","url":"https:\/\/secure.gravatar.com\/avatar\/4f525efbf18dd2bb300ccad28bfb99d95a9465a5ba268407c8c37b37e1f28d2d?s=96&d=mm&r=g","contentUrl":"https:\/\/secure.gravatar.com\/avatar\/4f525efbf18dd2bb300ccad28bfb99d95a9465a5ba268407c8c37b37e1f28d2d?s=96&d=mm&r=g","caption":"Equipe Reda\u00e7\u00e3o"},"description":"Equipe de reda\u00e7\u00e3o \u00e9 um grupo de profissionais que trabalham juntos para criar conte\u00fado escrito para Motorista.com.br","url":"https:\/\/motorista.com.br\/noticias\/author\/equiperedacao\/"}]}},"_links":{"self":[{"href":"https:\/\/motorista.com.br\/noticias\/wp-json\/wp\/v2\/posts\/9297","targetHints":{"allow":["GET"]}}],"collection":[{"href":"https:\/\/motorista.com.br\/noticias\/wp-json\/wp\/v2\/posts"}],"about":[{"href":"https:\/\/motorista.com.br\/noticias\/wp-json\/wp\/v2\/types\/post"}],"author":[{"embeddable":true,"href":"https:\/\/motorista.com.br\/noticias\/wp-json\/wp\/v2\/users\/4"}],"replies":[{"embeddable":true,"href":"https:\/\/motorista.com.br\/noticias\/wp-json\/wp\/v2\/comments?post=9297"}],"version-history":[{"count":0,"href":"https:\/\/motorista.com.br\/noticias\/wp-json\/wp\/v2\/posts\/9297\/revisions"}],"wp:featuredmedia":[{"embeddable":true,"href":"https:\/\/motorista.com.br\/noticias\/wp-json\/wp\/v2\/media\/9298"}],"wp:attachment":[{"href":"https:\/\/motorista.com.br\/noticias\/wp-json\/wp\/v2\/media?parent=9297"}],"wp:term":[{"taxonomy":"category","embeddable":true,"href":"https:\/\/motorista.com.br\/noticias\/wp-json\/wp\/v2\/categories?post=9297"},{"taxonomy":"post_tag","embeddable":true,"href":"https:\/\/motorista.com.br\/noticias\/wp-json\/wp\/v2\/tags?post=9297"},{"taxonomy":"author","embeddable":true,"href":"https:\/\/motorista.com.br\/noticias\/wp-json\/wp\/v2\/coauthors?post=9297"}],"curies":[{"name":"wp","href":"https:\/\/api.w.org\/{rel}","templated":true}]}}