{"id":9295,"date":"2026-04-29T00:20:15","date_gmt":"2026-04-29T03:20:15","guid":{"rendered":"https:\/\/motorista.com.br\/noticias\/2026\/04\/29\/nova-portaria-da-antt-impede-ciot-para-fretes-abaixo-do-minimo\/"},"modified":"2026-04-29T00:20:15","modified_gmt":"2026-04-29T03:20:15","slug":"nova-portaria-da-antt-impede-ciot-para-fretes-abaixo-do-minimo","status":"publish","type":"post","link":"https:\/\/motorista.com.br\/noticias\/2026\/04\/29\/nova-portaria-da-antt-impede-ciot-para-fretes-abaixo-do-minimo\/","title":{"rendered":"Nova portaria da ANTT impede CIOT para fretes abaixo do m\u00ednimo"},"content":{"rendered":"<p><\/p>\n<p><strong>Nova Portaria da ANTT Bloqueia CIOT para Fretes Abaixo do Piso M\u00ednimo \u2013 SETCESP<\/strong><\/p>\n<p>A partir de 24 de maio de 2026, a Ag\u00eancia Nacional de Transportes Terrestres (ANTT) implementar\u00e1 mudan\u00e7as significativas no setor de transporte rodovi\u00e1rio, com a publica\u00e7\u00e3o da Portaria SUROC n\u00ba 6\/2026. Essa nova regra estabelece o bloqueio do registro de opera\u00e7\u00f5es de transporte cujo valor de frete seja inferior ao piso m\u00ednimo determinado. Essa iniciativa pode ter impactos diretos tanto para os motoristas quanto para a mobilidade urbana de forma geral.<\/p>\n<p>Com a nova norma, a gera\u00e7\u00e3o do C\u00f3digo Identificador da Opera\u00e7\u00e3o de Transporte (CIOT) passar\u00e1 a ser condicionada ao cumprimento do piso m\u00ednimo. Assim, opera\u00e7\u00f5es com fretes abaixo desse valor n\u00e3o poder\u00e3o ser formalizadas, eliminando a possibilidade de registros de fretes irregulares. Esse controle \u00e9 crucial, pois atinge o momento mais sens\u00edvel da opera\u00e7\u00e3o: a contrata\u00e7\u00e3o.<\/p>\n<p>A obrigatoriedade da conex\u00e3o entre o CIOT e o Manifesto Eletr\u00f4nico de Documentos Fiscais (MDF-e) fortalece a rastreabilidade das opera\u00e7\u00f5es, criando uma trilha de informa\u00e7\u00f5es que promove maior transpar\u00eancia e seguran\u00e7a no transporte. Motoristas e empres\u00e1rios poder\u00e3o acompanhar em tempo real a trajet\u00f3ria do servi\u00e7o prestado, contribuindo para um ambiente mais seguro e confi\u00e1vel para todos os envolvidos. Essa integra\u00e7\u00e3o permite, ainda, a redu\u00e7\u00e3o de inconsist\u00eancias que poderiam levar a penaliza\u00e7\u00f5es.<\/p>\n<p>Al\u00e9m do mais, a nova portaria implica no estabelecimento de prazos operacionais que exigem que os CIOTs sejam registrados antes do in\u00edcio das viagens. Essa exig\u00eancia pode levar a um aumento da organiza\u00e7\u00e3o e planejamento das opera\u00e7\u00f5es de transporte, beneficiando motoristas pela possibilidade de uma gest\u00e3o mais eficiente do tempo e recursos.<\/p>\n<p>Outro ponto que vale destacar \u00e9 a amplia\u00e7\u00e3o das responsabilidades sobre a gera\u00e7\u00e3o do CIOT para empresas que operam com frota pr\u00f3pria, mesmo sem contratar transportadores aut\u00f4nomos. Isso significa que todos os agentes do setor dever\u00e3o se adaptar a essas novas exig\u00eancias, o que pode elevar a qualidade da presta\u00e7\u00e3o de servi\u00e7os e a seguran\u00e7a no transporte de cargas.<\/p>\n<p>Entretanto, o descumprimento das novas regras pode resultar em multas significativas, refor\u00e7ando a necessidade de conformidade. Para os motoristas, isso pode ser positivo, pois a formaliza\u00e7\u00e3o das opera\u00e7\u00f5es e a garantia de fretes adequados podem melhorar as condi\u00e7\u00f5es de trabalho e a valoriza\u00e7\u00e3o profissional.<\/p>\n<p>Em resumo, a nova portaria da ANTT visa, mais do que regular, fomentar um ambiente de transporte mais justo e seguro. Para motoristas, isso representa n\u00e3o apenas a garantia de remunera\u00e7\u00e3o m\u00ednima, mas tamb\u00e9m uma maior organiza\u00e7\u00e3o no setor, que poder\u00e1 refletir em um impacto positivo na mobilidade geral, contribuindo para um tr\u00e1fego mais sustent\u00e1vel e menos ca\u00f3tico.<\/p>\n<p><strong>Fonte: SETCESP<\/strong><\/p>\n","protected":false},"excerpt":{"rendered":"<p>Nova Portaria da ANTT Bloqueia CIOT para Fretes Abaixo do Piso M\u00ednimo \u2013 SETCESP A partir de 24 de maio de 2026, a Ag\u00eancia Nacional de Transportes Terrestres (ANTT) implementar\u00e1 mudan\u00e7as significativas no setor de transporte rodovi\u00e1rio, com a publica\u00e7\u00e3o da Portaria SUROC n\u00ba 6\/2026. Essa nova regra estabelece o bloqueio do registro de opera\u00e7\u00f5es &hellip;<\/p>\n","protected":false},"author":4,"featured_media":9296,"comment_status":"","ping_status":"open","sticky":false,"template":"","format":"standard","meta":{"footnotes":""},"categories":[62],"tags":[],"coauthors":[42],"class_list":["post-9295","post","type-post","status-publish","format-standard","has-post-thumbnail","hentry","category-logistica"],"yoast_head":"<!-- This site is optimized with the Yoast SEO Premium plugin v25.5 (Yoast SEO v27.5) - https:\/\/yoast.com\/product\/yoast-seo-premium-wordpress\/ -->\n<title>Nova portaria da ANTT impede CIOT para fretes abaixo do m\u00ednimo - Motorista.com.br<\/title>\n<meta name=\"robots\" content=\"index, follow, max-snippet:-1, max-image-preview:large, max-video-preview:-1\" \/>\n<link rel=\"canonical\" href=\"https:\/\/motorista.com.br\/noticias\/2026\/04\/29\/nova-portaria-da-antt-impede-ciot-para-fretes-abaixo-do-minimo\/\" \/>\n<meta property=\"og:locale\" content=\"pt_BR\" \/>\n<meta property=\"og:type\" content=\"article\" \/>\n<meta property=\"og:title\" content=\"Nova portaria da ANTT impede CIOT para fretes abaixo do m\u00ednimo\" \/>\n<meta property=\"og:description\" content=\"Nova Portaria da ANTT Bloqueia CIOT para Fretes Abaixo do Piso M\u00ednimo \u2013 SETCESP A partir de 24 de maio de 2026, a Ag\u00eancia Nacional de Transportes Terrestres (ANTT) implementar\u00e1 mudan\u00e7as significativas no setor de transporte rodovi\u00e1rio, com a publica\u00e7\u00e3o da Portaria SUROC n\u00ba 6\/2026. Essa nova regra estabelece o bloqueio do registro de opera\u00e7\u00f5es &hellip;\" \/>\n<meta property=\"og:url\" content=\"https:\/\/motorista.com.br\/noticias\/2026\/04\/29\/nova-portaria-da-antt-impede-ciot-para-fretes-abaixo-do-minimo\/\" \/>\n<meta property=\"og:site_name\" content=\"Motorista.com.br\" \/>\n<meta property=\"article:published_time\" content=\"2026-04-29T03:20:15+00:00\" \/>\n<meta name=\"author\" content=\"Equipe Reda\u00e7\u00e3o\" \/>\n<meta name=\"twitter:card\" content=\"summary_large_image\" \/>\n<meta name=\"twitter:label1\" content=\"Escrito por\" \/>\n\t<meta name=\"twitter:data1\" content=\"Equipe Reda\u00e7\u00e3o\" \/>\n\t<meta name=\"twitter:label2\" content=\"Est. tempo de leitura\" \/>\n\t<meta name=\"twitter:data2\" content=\"2 minutos\" \/>\n\t<meta name=\"twitter:label3\" content=\"Written by\" \/>\n\t<meta name=\"twitter:data3\" content=\"Equipe Reda\u00e7\u00e3o\" \/>\n<script type=\"application\/ld+json\" class=\"yoast-schema-graph\">{\"@context\":\"https:\\\/\\\/schema.org\",\"@graph\":[{\"@type\":\"Article\",\"@id\":\"https:\\\/\\\/motorista.com.br\\\/noticias\\\/2026\\\/04\\\/29\\\/nova-portaria-da-antt-impede-ciot-para-fretes-abaixo-do-minimo\\\/#article\",\"isPartOf\":{\"@id\":\"https:\\\/\\\/motorista.com.br\\\/noticias\\\/2026\\\/04\\\/29\\\/nova-portaria-da-antt-impede-ciot-para-fretes-abaixo-do-minimo\\\/\"},\"author\":{\"name\":\"Equipe Reda\u00e7\u00e3o\",\"@id\":\"https:\\\/\\\/motorista.com.br\\\/noticias\\\/#\\\/schema\\\/person\\\/dc93afc2981c0e3ce6bc3c053fd847be\"},\"headline\":\"Nova portaria da ANTT impede CIOT para fretes abaixo do m\u00ednimo\",\"datePublished\":\"2026-04-29T03:20:15+00:00\",\"mainEntityOfPage\":{\"@id\":\"https:\\\/\\\/motorista.com.br\\\/noticias\\\/2026\\\/04\\\/29\\\/nova-portaria-da-antt-impede-ciot-para-fretes-abaixo-do-minimo\\\/\"},\"wordCount\":493,\"publisher\":{\"@id\":\"https:\\\/\\\/motorista.com.br\\\/noticias\\\/#organization\"},\"image\":{\"@id\":\"https:\\\/\\\/motorista.com.br\\\/noticias\\\/2026\\\/04\\\/29\\\/nova-portaria-da-antt-impede-ciot-para-fretes-abaixo-do-minimo\\\/#primaryimage\"},\"thumbnailUrl\":\"https:\\\/\\\/motorista.com.br\\\/noticias\\\/wp-content\\\/uploads\\\/2026\\\/04\\\/010.png\",\"articleSection\":[\"Log\u00edstica\"],\"inLanguage\":\"pt-BR\"},{\"@type\":\"WebPage\",\"@id\":\"https:\\\/\\\/motorista.com.br\\\/noticias\\\/2026\\\/04\\\/29\\\/nova-portaria-da-antt-impede-ciot-para-fretes-abaixo-do-minimo\\\/\",\"url\":\"https:\\\/\\\/motorista.com.br\\\/noticias\\\/2026\\\/04\\\/29\\\/nova-portaria-da-antt-impede-ciot-para-fretes-abaixo-do-minimo\\\/\",\"name\":\"Nova portaria da ANTT impede CIOT para fretes abaixo do m\u00ednimo - Motorista.com.br\",\"isPartOf\":{\"@id\":\"https:\\\/\\\/motorista.com.br\\\/noticias\\\/#website\"},\"primaryImageOfPage\":{\"@id\":\"https:\\\/\\\/motorista.com.br\\\/noticias\\\/2026\\\/04\\\/29\\\/nova-portaria-da-antt-impede-ciot-para-fretes-abaixo-do-minimo\\\/#primaryimage\"},\"image\":{\"@id\":\"https:\\\/\\\/motorista.com.br\\\/noticias\\\/2026\\\/04\\\/29\\\/nova-portaria-da-antt-impede-ciot-para-fretes-abaixo-do-minimo\\\/#primaryimage\"},\"thumbnailUrl\":\"https:\\\/\\\/motorista.com.br\\\/noticias\\\/wp-content\\\/uploads\\\/2026\\\/04\\\/010.png\",\"datePublished\":\"2026-04-29T03:20:15+00:00\",\"breadcrumb\":{\"@id\":\"https:\\\/\\\/motorista.com.br\\\/noticias\\\/2026\\\/04\\\/29\\\/nova-portaria-da-antt-impede-ciot-para-fretes-abaixo-do-minimo\\\/#breadcrumb\"},\"inLanguage\":\"pt-BR\",\"potentialAction\":[{\"@type\":\"ReadAction\",\"target\":[\"https:\\\/\\\/motorista.com.br\\\/noticias\\\/2026\\\/04\\\/29\\\/nova-portaria-da-antt-impede-ciot-para-fretes-abaixo-do-minimo\\\/\"]}]},{\"@type\":\"ImageObject\",\"inLanguage\":\"pt-BR\",\"@id\":\"https:\\\/\\\/motorista.com.br\\\/noticias\\\/2026\\\/04\\\/29\\\/nova-portaria-da-antt-impede-ciot-para-fretes-abaixo-do-minimo\\\/#primaryimage\",\"url\":\"https:\\\/\\\/motorista.com.br\\\/noticias\\\/wp-content\\\/uploads\\\/2026\\\/04\\\/010.png\",\"contentUrl\":\"https:\\\/\\\/motorista.com.br\\\/noticias\\\/wp-content\\\/uploads\\\/2026\\\/04\\\/010.png\",\"width\":1400,\"height\":700},{\"@type\":\"BreadcrumbList\",\"@id\":\"https:\\\/\\\/motorista.com.br\\\/noticias\\\/2026\\\/04\\\/29\\\/nova-portaria-da-antt-impede-ciot-para-fretes-abaixo-do-minimo\\\/#breadcrumb\",\"itemListElement\":[{\"@type\":\"ListItem\",\"position\":1,\"name\":\"In\u00edcio\",\"item\":\"https:\\\/\\\/motorista.com.br\\\/noticias\\\/\"},{\"@type\":\"ListItem\",\"position\":2,\"name\":\"Nova portaria da ANTT impede CIOT para fretes abaixo do m\u00ednimo\"}]},{\"@type\":\"WebSite\",\"@id\":\"https:\\\/\\\/motorista.com.br\\\/noticias\\\/#website\",\"url\":\"https:\\\/\\\/motorista.com.br\\\/noticias\\\/\",\"name\":\"Motorista.com.br\",\"description\":\"Not\u00edcia do Motorista\",\"publisher\":{\"@id\":\"https:\\\/\\\/motorista.com.br\\\/noticias\\\/#organization\"},\"potentialAction\":[{\"@type\":\"SearchAction\",\"target\":{\"@type\":\"EntryPoint\",\"urlTemplate\":\"https:\\\/\\\/motorista.com.br\\\/noticias\\\/?s={search_term_string}\"},\"query-input\":{\"@type\":\"PropertyValueSpecification\",\"valueRequired\":true,\"valueName\":\"search_term_string\"}}],\"inLanguage\":\"pt-BR\"},{\"@type\":\"Organization\",\"@id\":\"https:\\\/\\\/motorista.com.br\\\/noticias\\\/#organization\",\"name\":\"Motorista.com.br\",\"url\":\"https:\\\/\\\/motorista.com.br\\\/noticias\\\/\",\"logo\":{\"@type\":\"ImageObject\",\"inLanguage\":\"pt-BR\",\"@id\":\"https:\\\/\\\/motorista.com.br\\\/noticias\\\/#\\\/schema\\\/logo\\\/image\\\/\",\"url\":\"https:\\\/\\\/motorista.com.br\\\/noticias\\\/wp-content\\\/uploads\\\/2025\\\/06\\\/Design-sem-nome-9.png\",\"contentUrl\":\"https:\\\/\\\/motorista.com.br\\\/noticias\\\/wp-content\\\/uploads\\\/2025\\\/06\\\/Design-sem-nome-9.png\",\"width\":150,\"height\":85,\"caption\":\"Motorista.com.br\"},\"image\":{\"@id\":\"https:\\\/\\\/motorista.com.br\\\/noticias\\\/#\\\/schema\\\/logo\\\/image\\\/\"}},{\"@type\":\"Person\",\"@id\":\"https:\\\/\\\/motorista.com.br\\\/noticias\\\/#\\\/schema\\\/person\\\/dc93afc2981c0e3ce6bc3c053fd847be\",\"name\":\"Equipe Reda\u00e7\u00e3o\",\"image\":{\"@type\":\"ImageObject\",\"inLanguage\":\"pt-BR\",\"@id\":\"https:\\\/\\\/secure.gravatar.com\\\/avatar\\\/4f525efbf18dd2bb300ccad28bfb99d95a9465a5ba268407c8c37b37e1f28d2d?s=96&d=mm&r=g9e099043a0c61e9ae27e293b9fa75ffc\",\"url\":\"https:\\\/\\\/secure.gravatar.com\\\/avatar\\\/4f525efbf18dd2bb300ccad28bfb99d95a9465a5ba268407c8c37b37e1f28d2d?s=96&d=mm&r=g\",\"contentUrl\":\"https:\\\/\\\/secure.gravatar.com\\\/avatar\\\/4f525efbf18dd2bb300ccad28bfb99d95a9465a5ba268407c8c37b37e1f28d2d?s=96&d=mm&r=g\",\"caption\":\"Equipe Reda\u00e7\u00e3o\"},\"description\":\"Equipe de reda\u00e7\u00e3o \u00e9 um grupo de profissionais que trabalham juntos para criar conte\u00fado escrito para Motorista.com.br\",\"url\":\"https:\\\/\\\/motorista.com.br\\\/noticias\\\/author\\\/equiperedacao\\\/\"}]}<\/script>\n<!-- \/ Yoast SEO Premium plugin. -->","yoast_head_json":{"title":"Nova portaria da ANTT impede CIOT para fretes abaixo do m\u00ednimo - Motorista.com.br","robots":{"index":"index","follow":"follow","max-snippet":"max-snippet:-1","max-image-preview":"max-image-preview:large","max-video-preview":"max-video-preview:-1"},"canonical":"https:\/\/motorista.com.br\/noticias\/2026\/04\/29\/nova-portaria-da-antt-impede-ciot-para-fretes-abaixo-do-minimo\/","og_locale":"pt_BR","og_type":"article","og_title":"Nova portaria da ANTT impede CIOT para fretes abaixo do m\u00ednimo","og_description":"Nova Portaria da ANTT Bloqueia CIOT para Fretes Abaixo do Piso M\u00ednimo \u2013 SETCESP A partir de 24 de maio de 2026, a Ag\u00eancia Nacional de Transportes Terrestres (ANTT) implementar\u00e1 mudan\u00e7as significativas no setor de transporte rodovi\u00e1rio, com a publica\u00e7\u00e3o da Portaria SUROC n\u00ba 6\/2026. Essa nova regra estabelece o bloqueio do registro de opera\u00e7\u00f5es &hellip;","og_url":"https:\/\/motorista.com.br\/noticias\/2026\/04\/29\/nova-portaria-da-antt-impede-ciot-para-fretes-abaixo-do-minimo\/","og_site_name":"Motorista.com.br","article_published_time":"2026-04-29T03:20:15+00:00","author":"Equipe Reda\u00e7\u00e3o","twitter_card":"summary_large_image","twitter_misc":{"Escrito por":"Equipe Reda\u00e7\u00e3o","Est. tempo de leitura":"2 minutos","Written by":"Equipe Reda\u00e7\u00e3o"},"schema":{"@context":"https:\/\/schema.org","@graph":[{"@type":"Article","@id":"https:\/\/motorista.com.br\/noticias\/2026\/04\/29\/nova-portaria-da-antt-impede-ciot-para-fretes-abaixo-do-minimo\/#article","isPartOf":{"@id":"https:\/\/motorista.com.br\/noticias\/2026\/04\/29\/nova-portaria-da-antt-impede-ciot-para-fretes-abaixo-do-minimo\/"},"author":{"name":"Equipe Reda\u00e7\u00e3o","@id":"https:\/\/motorista.com.br\/noticias\/#\/schema\/person\/dc93afc2981c0e3ce6bc3c053fd847be"},"headline":"Nova portaria da ANTT impede CIOT para fretes abaixo do m\u00ednimo","datePublished":"2026-04-29T03:20:15+00:00","mainEntityOfPage":{"@id":"https:\/\/motorista.com.br\/noticias\/2026\/04\/29\/nova-portaria-da-antt-impede-ciot-para-fretes-abaixo-do-minimo\/"},"wordCount":493,"publisher":{"@id":"https:\/\/motorista.com.br\/noticias\/#organization"},"image":{"@id":"https:\/\/motorista.com.br\/noticias\/2026\/04\/29\/nova-portaria-da-antt-impede-ciot-para-fretes-abaixo-do-minimo\/#primaryimage"},"thumbnailUrl":"https:\/\/motorista.com.br\/noticias\/wp-content\/uploads\/2026\/04\/010.png","articleSection":["Log\u00edstica"],"inLanguage":"pt-BR"},{"@type":"WebPage","@id":"https:\/\/motorista.com.br\/noticias\/2026\/04\/29\/nova-portaria-da-antt-impede-ciot-para-fretes-abaixo-do-minimo\/","url":"https:\/\/motorista.com.br\/noticias\/2026\/04\/29\/nova-portaria-da-antt-impede-ciot-para-fretes-abaixo-do-minimo\/","name":"Nova portaria da ANTT impede CIOT para fretes abaixo do m\u00ednimo - Motorista.com.br","isPartOf":{"@id":"https:\/\/motorista.com.br\/noticias\/#website"},"primaryImageOfPage":{"@id":"https:\/\/motorista.com.br\/noticias\/2026\/04\/29\/nova-portaria-da-antt-impede-ciot-para-fretes-abaixo-do-minimo\/#primaryimage"},"image":{"@id":"https:\/\/motorista.com.br\/noticias\/2026\/04\/29\/nova-portaria-da-antt-impede-ciot-para-fretes-abaixo-do-minimo\/#primaryimage"},"thumbnailUrl":"https:\/\/motorista.com.br\/noticias\/wp-content\/uploads\/2026\/04\/010.png","datePublished":"2026-04-29T03:20:15+00:00","breadcrumb":{"@id":"https:\/\/motorista.com.br\/noticias\/2026\/04\/29\/nova-portaria-da-antt-impede-ciot-para-fretes-abaixo-do-minimo\/#breadcrumb"},"inLanguage":"pt-BR","potentialAction":[{"@type":"ReadAction","target":["https:\/\/motorista.com.br\/noticias\/2026\/04\/29\/nova-portaria-da-antt-impede-ciot-para-fretes-abaixo-do-minimo\/"]}]},{"@type":"ImageObject","inLanguage":"pt-BR","@id":"https:\/\/motorista.com.br\/noticias\/2026\/04\/29\/nova-portaria-da-antt-impede-ciot-para-fretes-abaixo-do-minimo\/#primaryimage","url":"https:\/\/motorista.com.br\/noticias\/wp-content\/uploads\/2026\/04\/010.png","contentUrl":"https:\/\/motorista.com.br\/noticias\/wp-content\/uploads\/2026\/04\/010.png","width":1400,"height":700},{"@type":"BreadcrumbList","@id":"https:\/\/motorista.com.br\/noticias\/2026\/04\/29\/nova-portaria-da-antt-impede-ciot-para-fretes-abaixo-do-minimo\/#breadcrumb","itemListElement":[{"@type":"ListItem","position":1,"name":"In\u00edcio","item":"https:\/\/motorista.com.br\/noticias\/"},{"@type":"ListItem","position":2,"name":"Nova portaria da ANTT impede CIOT para fretes abaixo do m\u00ednimo"}]},{"@type":"WebSite","@id":"https:\/\/motorista.com.br\/noticias\/#website","url":"https:\/\/motorista.com.br\/noticias\/","name":"Motorista.com.br","description":"Not\u00edcia do Motorista","publisher":{"@id":"https:\/\/motorista.com.br\/noticias\/#organization"},"potentialAction":[{"@type":"SearchAction","target":{"@type":"EntryPoint","urlTemplate":"https:\/\/motorista.com.br\/noticias\/?s={search_term_string}"},"query-input":{"@type":"PropertyValueSpecification","valueRequired":true,"valueName":"search_term_string"}}],"inLanguage":"pt-BR"},{"@type":"Organization","@id":"https:\/\/motorista.com.br\/noticias\/#organization","name":"Motorista.com.br","url":"https:\/\/motorista.com.br\/noticias\/","logo":{"@type":"ImageObject","inLanguage":"pt-BR","@id":"https:\/\/motorista.com.br\/noticias\/#\/schema\/logo\/image\/","url":"https:\/\/motorista.com.br\/noticias\/wp-content\/uploads\/2025\/06\/Design-sem-nome-9.png","contentUrl":"https:\/\/motorista.com.br\/noticias\/wp-content\/uploads\/2025\/06\/Design-sem-nome-9.png","width":150,"height":85,"caption":"Motorista.com.br"},"image":{"@id":"https:\/\/motorista.com.br\/noticias\/#\/schema\/logo\/image\/"}},{"@type":"Person","@id":"https:\/\/motorista.com.br\/noticias\/#\/schema\/person\/dc93afc2981c0e3ce6bc3c053fd847be","name":"Equipe Reda\u00e7\u00e3o","image":{"@type":"ImageObject","inLanguage":"pt-BR","@id":"https:\/\/secure.gravatar.com\/avatar\/4f525efbf18dd2bb300ccad28bfb99d95a9465a5ba268407c8c37b37e1f28d2d?s=96&d=mm&r=g9e099043a0c61e9ae27e293b9fa75ffc","url":"https:\/\/secure.gravatar.com\/avatar\/4f525efbf18dd2bb300ccad28bfb99d95a9465a5ba268407c8c37b37e1f28d2d?s=96&d=mm&r=g","contentUrl":"https:\/\/secure.gravatar.com\/avatar\/4f525efbf18dd2bb300ccad28bfb99d95a9465a5ba268407c8c37b37e1f28d2d?s=96&d=mm&r=g","caption":"Equipe Reda\u00e7\u00e3o"},"description":"Equipe de reda\u00e7\u00e3o \u00e9 um grupo de profissionais que trabalham juntos para criar conte\u00fado escrito para Motorista.com.br","url":"https:\/\/motorista.com.br\/noticias\/author\/equiperedacao\/"}]}},"_links":{"self":[{"href":"https:\/\/motorista.com.br\/noticias\/wp-json\/wp\/v2\/posts\/9295","targetHints":{"allow":["GET"]}}],"collection":[{"href":"https:\/\/motorista.com.br\/noticias\/wp-json\/wp\/v2\/posts"}],"about":[{"href":"https:\/\/motorista.com.br\/noticias\/wp-json\/wp\/v2\/types\/post"}],"author":[{"embeddable":true,"href":"https:\/\/motorista.com.br\/noticias\/wp-json\/wp\/v2\/users\/4"}],"replies":[{"embeddable":true,"href":"https:\/\/motorista.com.br\/noticias\/wp-json\/wp\/v2\/comments?post=9295"}],"version-history":[{"count":0,"href":"https:\/\/motorista.com.br\/noticias\/wp-json\/wp\/v2\/posts\/9295\/revisions"}],"wp:featuredmedia":[{"embeddable":true,"href":"https:\/\/motorista.com.br\/noticias\/wp-json\/wp\/v2\/media\/9296"}],"wp:attachment":[{"href":"https:\/\/motorista.com.br\/noticias\/wp-json\/wp\/v2\/media?parent=9295"}],"wp:term":[{"taxonomy":"category","embeddable":true,"href":"https:\/\/motorista.com.br\/noticias\/wp-json\/wp\/v2\/categories?post=9295"},{"taxonomy":"post_tag","embeddable":true,"href":"https:\/\/motorista.com.br\/noticias\/wp-json\/wp\/v2\/tags?post=9295"},{"taxonomy":"author","embeddable":true,"href":"https:\/\/motorista.com.br\/noticias\/wp-json\/wp\/v2\/coauthors?post=9295"}],"curies":[{"name":"wp","href":"https:\/\/api.w.org\/{rel}","templated":true}]}}