{"id":9291,"date":"2026-04-28T23:52:23","date_gmt":"2026-04-29T02:52:23","guid":{"rendered":"https:\/\/motorista.com.br\/noticias\/2026\/04\/28\/anac-intensifica-combate-a-taxi-aereo-ilegal-em-mg\/"},"modified":"2026-04-28T23:52:23","modified_gmt":"2026-04-29T02:52:23","slug":"anac-intensifica-combate-a-taxi-aereo-ilegal-em-mg","status":"publish","type":"post","link":"https:\/\/motorista.com.br\/noticias\/2026\/04\/28\/anac-intensifica-combate-a-taxi-aereo-ilegal-em-mg\/","title":{"rendered":"Anac intensifica combate a t\u00e1xi-a\u00e9reo ilegal em MG"},"content":{"rendered":"<p><\/p>\n<div itemprop=\"articleBody\">\n<p>A Ag\u00eancia Nacional de Avia\u00e7\u00e3o Civil (Anac) intensificou suas a\u00e7\u00f5es na luta contra o transporte a\u00e9reo clandestino em Minas Gerais, atrav\u00e9s da Opera\u00e7\u00e3o Mar de Minas V, realizada entre 18 e 20 de abril. Focando na regi\u00e3o do Lago de Furnas, a opera\u00e7\u00e3o resultou na vistoria de 17 aer\u00f3dromos e helipontos em seis munic\u00edpios, como Capit\u00f3lio, Guap\u00e9, Formiga, Passos, S\u00e3o Jo\u00e3o Batista do Gl\u00f3ria e Piumhi.<\/p>\n<p>O envolvimento de \u00f3rg\u00e3os como a Marinha do Brasil e o Ex\u00e9rcito Brasileiro destaca a import\u00e2ncia da colabora\u00e7\u00e3o interinstitucional para garantir a seguran\u00e7a em uma \u00e1rea que apresenta grande apelo tur\u00edstico e uma demanda crescente por voos panor\u00e2micos. Al\u00e9m de combater pr\u00e1ticas irregulares, essa a\u00e7\u00e3o visa tamb\u00e9m refor\u00e7ar a confian\u00e7a dos usu\u00e1rios nos servi\u00e7os de transporte a\u00e9reo, essencial para a mobilidade e prote\u00e7\u00e3o dos passageiros.<\/p>\n<p>A Anac ressalta que o transporte a\u00e9reo clandestino, conhecido como Taca, representa riscos significativos \u00e0 seguran\u00e7a de todos os envolvidos, uma vez que muitas dessas opera\u00e7\u00f5es ocorrem sem a devida certifica\u00e7\u00e3o, manuten\u00e7\u00e3o adequada ou cobertura de seguro. Esse cen\u00e1rio evidencia a necessidade de uma fiscaliza\u00e7\u00e3o mais rigorosa, especialmente em regi\u00f5es com alta demanda tur\u00edstica, onde a seguran\u00e7a e a confian\u00e7a s\u00e3o cruciais.<\/p>\n<p>No intuito de aumentar a conscientiza\u00e7\u00e3o sobre os riscos associados a voos clandestinos, a Anac lan\u00e7ou a campanha \u201cConfian\u00e7a n\u00e3o tem atalho. Voe Seguro!\u201d, que orienta os usu\u00e1rios a verificar a regularidade das empresas e aeronaves antes de contratar os servi\u00e7os. Para facilitar esse processo, a ag\u00eancia tamb\u00e9m disponibiliza a plataforma Voe Seguro, que permite a consulta sobre a autoriza\u00e7\u00e3o de operadores e aeronaves, integrada ao aplicativo oficial da Anac.<\/p>\n<p>Al\u00e9m disso, as responsabilidades recaem tanto sobre empresas quanto sobre pilotos que realizam opera\u00e7\u00f5es irregulares. A expectativa \u00e9 que a fiscaliza\u00e7\u00e3o se intensifique em todo o pa\u00eds, especialmente nas \u00e1reas tur\u00edsticas com maior incid\u00eancia de voos n\u00e3o autorizados, promovendo um ambiente mais seguro e confi\u00e1vel para todos os viajantes. Para os motoristas que dependem de servi\u00e7os de transporte a\u00e9reo em suas rotinas ou atividades profissionais, essa a\u00e7\u00e3o da Anac poder\u00e1 contribuir para uma mobilidade mais segura e organizada, refletindo na confian\u00e7a e na seguran\u00e7a de todos os usu\u00e1rios do transporte a\u00e9reo.<\/p>\n<\/div>\n<p>Fonte: transportemoderno<\/p>\n","protected":false},"excerpt":{"rendered":"<p>A Ag\u00eancia Nacional de Avia\u00e7\u00e3o Civil (Anac) intensificou suas a\u00e7\u00f5es na luta contra o transporte a\u00e9reo clandestino em Minas Gerais, atrav\u00e9s da Opera\u00e7\u00e3o Mar de Minas V, realizada entre 18 e 20 de abril. Focando na regi\u00e3o do Lago de Furnas, a opera\u00e7\u00e3o resultou na vistoria de 17 aer\u00f3dromos e helipontos em seis munic\u00edpios, como &hellip;<\/p>\n","protected":false},"author":4,"featured_media":9292,"comment_status":"","ping_status":"open","sticky":false,"template":"","format":"standard","meta":{"footnotes":""},"categories":[62],"tags":[],"coauthors":[42],"class_list":["post-9291","post","type-post","status-publish","format-standard","has-post-thumbnail","hentry","category-logistica"],"yoast_head":"<!-- This site is optimized with the Yoast SEO Premium plugin v25.5 (Yoast SEO v27.5) - https:\/\/yoast.com\/product\/yoast-seo-premium-wordpress\/ -->\n<title>Anac intensifica combate a t\u00e1xi-a\u00e9reo ilegal em MG - Motorista.com.br<\/title>\n<meta name=\"robots\" content=\"index, follow, max-snippet:-1, max-image-preview:large, max-video-preview:-1\" \/>\n<link rel=\"canonical\" href=\"https:\/\/motorista.com.br\/noticias\/2026\/04\/28\/anac-intensifica-combate-a-taxi-aereo-ilegal-em-mg\/\" \/>\n<meta property=\"og:locale\" content=\"pt_BR\" \/>\n<meta property=\"og:type\" content=\"article\" \/>\n<meta property=\"og:title\" content=\"Anac intensifica combate a t\u00e1xi-a\u00e9reo ilegal em MG\" \/>\n<meta property=\"og:description\" content=\"A Ag\u00eancia Nacional de Avia\u00e7\u00e3o Civil (Anac) intensificou suas a\u00e7\u00f5es na luta contra o transporte a\u00e9reo clandestino em Minas Gerais, atrav\u00e9s da Opera\u00e7\u00e3o Mar de Minas V, realizada entre 18 e 20 de abril. Focando na regi\u00e3o do Lago de Furnas, a opera\u00e7\u00e3o resultou na vistoria de 17 aer\u00f3dromos e helipontos em seis munic\u00edpios, como &hellip;\" \/>\n<meta property=\"og:url\" content=\"https:\/\/motorista.com.br\/noticias\/2026\/04\/28\/anac-intensifica-combate-a-taxi-aereo-ilegal-em-mg\/\" \/>\n<meta property=\"og:site_name\" content=\"Motorista.com.br\" \/>\n<meta property=\"article:published_time\" content=\"2026-04-29T02:52:23+00:00\" \/>\n<meta name=\"author\" content=\"Equipe Reda\u00e7\u00e3o\" \/>\n<meta name=\"twitter:card\" content=\"summary_large_image\" \/>\n<meta name=\"twitter:label1\" content=\"Escrito por\" \/>\n\t<meta name=\"twitter:data1\" content=\"Equipe Reda\u00e7\u00e3o\" \/>\n\t<meta name=\"twitter:label2\" content=\"Est. tempo de leitura\" \/>\n\t<meta name=\"twitter:data2\" content=\"2 minutos\" \/>\n\t<meta name=\"twitter:label3\" content=\"Written by\" \/>\n\t<meta name=\"twitter:data3\" content=\"Equipe Reda\u00e7\u00e3o\" \/>\n<script type=\"application\/ld+json\" class=\"yoast-schema-graph\">{\"@context\":\"https:\\\/\\\/schema.org\",\"@graph\":[{\"@type\":\"Article\",\"@id\":\"https:\\\/\\\/motorista.com.br\\\/noticias\\\/2026\\\/04\\\/28\\\/anac-intensifica-combate-a-taxi-aereo-ilegal-em-mg\\\/#article\",\"isPartOf\":{\"@id\":\"https:\\\/\\\/motorista.com.br\\\/noticias\\\/2026\\\/04\\\/28\\\/anac-intensifica-combate-a-taxi-aereo-ilegal-em-mg\\\/\"},\"author\":{\"name\":\"Equipe Reda\u00e7\u00e3o\",\"@id\":\"https:\\\/\\\/motorista.com.br\\\/noticias\\\/#\\\/schema\\\/person\\\/dc93afc2981c0e3ce6bc3c053fd847be\"},\"headline\":\"Anac intensifica combate a t\u00e1xi-a\u00e9reo ilegal em MG\",\"datePublished\":\"2026-04-29T02:52:23+00:00\",\"mainEntityOfPage\":{\"@id\":\"https:\\\/\\\/motorista.com.br\\\/noticias\\\/2026\\\/04\\\/28\\\/anac-intensifica-combate-a-taxi-aereo-ilegal-em-mg\\\/\"},\"wordCount\":428,\"publisher\":{\"@id\":\"https:\\\/\\\/motorista.com.br\\\/noticias\\\/#organization\"},\"image\":{\"@id\":\"https:\\\/\\\/motorista.com.br\\\/noticias\\\/2026\\\/04\\\/28\\\/anac-intensifica-combate-a-taxi-aereo-ilegal-em-mg\\\/#primaryimage\"},\"thumbnailUrl\":\"https:\\\/\\\/motorista.com.br\\\/noticias\\\/wp-content\\\/uploads\\\/2026\\\/04\\\/aviation.png\",\"articleSection\":[\"Log\u00edstica\"],\"inLanguage\":\"pt-BR\"},{\"@type\":\"WebPage\",\"@id\":\"https:\\\/\\\/motorista.com.br\\\/noticias\\\/2026\\\/04\\\/28\\\/anac-intensifica-combate-a-taxi-aereo-ilegal-em-mg\\\/\",\"url\":\"https:\\\/\\\/motorista.com.br\\\/noticias\\\/2026\\\/04\\\/28\\\/anac-intensifica-combate-a-taxi-aereo-ilegal-em-mg\\\/\",\"name\":\"Anac intensifica combate a t\u00e1xi-a\u00e9reo ilegal em MG - Motorista.com.br\",\"isPartOf\":{\"@id\":\"https:\\\/\\\/motorista.com.br\\\/noticias\\\/#website\"},\"primaryImageOfPage\":{\"@id\":\"https:\\\/\\\/motorista.com.br\\\/noticias\\\/2026\\\/04\\\/28\\\/anac-intensifica-combate-a-taxi-aereo-ilegal-em-mg\\\/#primaryimage\"},\"image\":{\"@id\":\"https:\\\/\\\/motorista.com.br\\\/noticias\\\/2026\\\/04\\\/28\\\/anac-intensifica-combate-a-taxi-aereo-ilegal-em-mg\\\/#primaryimage\"},\"thumbnailUrl\":\"https:\\\/\\\/motorista.com.br\\\/noticias\\\/wp-content\\\/uploads\\\/2026\\\/04\\\/aviation.png\",\"datePublished\":\"2026-04-29T02:52:23+00:00\",\"breadcrumb\":{\"@id\":\"https:\\\/\\\/motorista.com.br\\\/noticias\\\/2026\\\/04\\\/28\\\/anac-intensifica-combate-a-taxi-aereo-ilegal-em-mg\\\/#breadcrumb\"},\"inLanguage\":\"pt-BR\",\"potentialAction\":[{\"@type\":\"ReadAction\",\"target\":[\"https:\\\/\\\/motorista.com.br\\\/noticias\\\/2026\\\/04\\\/28\\\/anac-intensifica-combate-a-taxi-aereo-ilegal-em-mg\\\/\"]}]},{\"@type\":\"ImageObject\",\"inLanguage\":\"pt-BR\",\"@id\":\"https:\\\/\\\/motorista.com.br\\\/noticias\\\/2026\\\/04\\\/28\\\/anac-intensifica-combate-a-taxi-aereo-ilegal-em-mg\\\/#primaryimage\",\"url\":\"https:\\\/\\\/motorista.com.br\\\/noticias\\\/wp-content\\\/uploads\\\/2026\\\/04\\\/aviation.png\",\"contentUrl\":\"https:\\\/\\\/motorista.com.br\\\/noticias\\\/wp-content\\\/uploads\\\/2026\\\/04\\\/aviation.png\",\"width\":454,\"height\":283},{\"@type\":\"BreadcrumbList\",\"@id\":\"https:\\\/\\\/motorista.com.br\\\/noticias\\\/2026\\\/04\\\/28\\\/anac-intensifica-combate-a-taxi-aereo-ilegal-em-mg\\\/#breadcrumb\",\"itemListElement\":[{\"@type\":\"ListItem\",\"position\":1,\"name\":\"In\u00edcio\",\"item\":\"https:\\\/\\\/motorista.com.br\\\/noticias\\\/\"},{\"@type\":\"ListItem\",\"position\":2,\"name\":\"Anac intensifica combate a t\u00e1xi-a\u00e9reo ilegal em MG\"}]},{\"@type\":\"WebSite\",\"@id\":\"https:\\\/\\\/motorista.com.br\\\/noticias\\\/#website\",\"url\":\"https:\\\/\\\/motorista.com.br\\\/noticias\\\/\",\"name\":\"Motorista.com.br\",\"description\":\"Not\u00edcia do Motorista\",\"publisher\":{\"@id\":\"https:\\\/\\\/motorista.com.br\\\/noticias\\\/#organization\"},\"potentialAction\":[{\"@type\":\"SearchAction\",\"target\":{\"@type\":\"EntryPoint\",\"urlTemplate\":\"https:\\\/\\\/motorista.com.br\\\/noticias\\\/?s={search_term_string}\"},\"query-input\":{\"@type\":\"PropertyValueSpecification\",\"valueRequired\":true,\"valueName\":\"search_term_string\"}}],\"inLanguage\":\"pt-BR\"},{\"@type\":\"Organization\",\"@id\":\"https:\\\/\\\/motorista.com.br\\\/noticias\\\/#organization\",\"name\":\"Motorista.com.br\",\"url\":\"https:\\\/\\\/motorista.com.br\\\/noticias\\\/\",\"logo\":{\"@type\":\"ImageObject\",\"inLanguage\":\"pt-BR\",\"@id\":\"https:\\\/\\\/motorista.com.br\\\/noticias\\\/#\\\/schema\\\/logo\\\/image\\\/\",\"url\":\"https:\\\/\\\/motorista.com.br\\\/noticias\\\/wp-content\\\/uploads\\\/2025\\\/06\\\/Design-sem-nome-9.png\",\"contentUrl\":\"https:\\\/\\\/motorista.com.br\\\/noticias\\\/wp-content\\\/uploads\\\/2025\\\/06\\\/Design-sem-nome-9.png\",\"width\":150,\"height\":85,\"caption\":\"Motorista.com.br\"},\"image\":{\"@id\":\"https:\\\/\\\/motorista.com.br\\\/noticias\\\/#\\\/schema\\\/logo\\\/image\\\/\"}},{\"@type\":\"Person\",\"@id\":\"https:\\\/\\\/motorista.com.br\\\/noticias\\\/#\\\/schema\\\/person\\\/dc93afc2981c0e3ce6bc3c053fd847be\",\"name\":\"Equipe Reda\u00e7\u00e3o\",\"image\":{\"@type\":\"ImageObject\",\"inLanguage\":\"pt-BR\",\"@id\":\"https:\\\/\\\/secure.gravatar.com\\\/avatar\\\/4f525efbf18dd2bb300ccad28bfb99d95a9465a5ba268407c8c37b37e1f28d2d?s=96&d=mm&r=g9e099043a0c61e9ae27e293b9fa75ffc\",\"url\":\"https:\\\/\\\/secure.gravatar.com\\\/avatar\\\/4f525efbf18dd2bb300ccad28bfb99d95a9465a5ba268407c8c37b37e1f28d2d?s=96&d=mm&r=g\",\"contentUrl\":\"https:\\\/\\\/secure.gravatar.com\\\/avatar\\\/4f525efbf18dd2bb300ccad28bfb99d95a9465a5ba268407c8c37b37e1f28d2d?s=96&d=mm&r=g\",\"caption\":\"Equipe Reda\u00e7\u00e3o\"},\"description\":\"Equipe de reda\u00e7\u00e3o \u00e9 um grupo de profissionais que trabalham juntos para criar conte\u00fado escrito para Motorista.com.br\",\"url\":\"https:\\\/\\\/motorista.com.br\\\/noticias\\\/author\\\/equiperedacao\\\/\"}]}<\/script>\n<!-- \/ Yoast SEO Premium plugin. -->","yoast_head_json":{"title":"Anac intensifica combate a t\u00e1xi-a\u00e9reo ilegal em MG - Motorista.com.br","robots":{"index":"index","follow":"follow","max-snippet":"max-snippet:-1","max-image-preview":"max-image-preview:large","max-video-preview":"max-video-preview:-1"},"canonical":"https:\/\/motorista.com.br\/noticias\/2026\/04\/28\/anac-intensifica-combate-a-taxi-aereo-ilegal-em-mg\/","og_locale":"pt_BR","og_type":"article","og_title":"Anac intensifica combate a t\u00e1xi-a\u00e9reo ilegal em MG","og_description":"A Ag\u00eancia Nacional de Avia\u00e7\u00e3o Civil (Anac) intensificou suas a\u00e7\u00f5es na luta contra o transporte a\u00e9reo clandestino em Minas Gerais, atrav\u00e9s da Opera\u00e7\u00e3o Mar de Minas V, realizada entre 18 e 20 de abril. Focando na regi\u00e3o do Lago de Furnas, a opera\u00e7\u00e3o resultou na vistoria de 17 aer\u00f3dromos e helipontos em seis munic\u00edpios, como &hellip;","og_url":"https:\/\/motorista.com.br\/noticias\/2026\/04\/28\/anac-intensifica-combate-a-taxi-aereo-ilegal-em-mg\/","og_site_name":"Motorista.com.br","article_published_time":"2026-04-29T02:52:23+00:00","author":"Equipe Reda\u00e7\u00e3o","twitter_card":"summary_large_image","twitter_misc":{"Escrito por":"Equipe Reda\u00e7\u00e3o","Est. tempo de leitura":"2 minutos","Written by":"Equipe Reda\u00e7\u00e3o"},"schema":{"@context":"https:\/\/schema.org","@graph":[{"@type":"Article","@id":"https:\/\/motorista.com.br\/noticias\/2026\/04\/28\/anac-intensifica-combate-a-taxi-aereo-ilegal-em-mg\/#article","isPartOf":{"@id":"https:\/\/motorista.com.br\/noticias\/2026\/04\/28\/anac-intensifica-combate-a-taxi-aereo-ilegal-em-mg\/"},"author":{"name":"Equipe Reda\u00e7\u00e3o","@id":"https:\/\/motorista.com.br\/noticias\/#\/schema\/person\/dc93afc2981c0e3ce6bc3c053fd847be"},"headline":"Anac intensifica combate a t\u00e1xi-a\u00e9reo ilegal em MG","datePublished":"2026-04-29T02:52:23+00:00","mainEntityOfPage":{"@id":"https:\/\/motorista.com.br\/noticias\/2026\/04\/28\/anac-intensifica-combate-a-taxi-aereo-ilegal-em-mg\/"},"wordCount":428,"publisher":{"@id":"https:\/\/motorista.com.br\/noticias\/#organization"},"image":{"@id":"https:\/\/motorista.com.br\/noticias\/2026\/04\/28\/anac-intensifica-combate-a-taxi-aereo-ilegal-em-mg\/#primaryimage"},"thumbnailUrl":"https:\/\/motorista.com.br\/noticias\/wp-content\/uploads\/2026\/04\/aviation.png","articleSection":["Log\u00edstica"],"inLanguage":"pt-BR"},{"@type":"WebPage","@id":"https:\/\/motorista.com.br\/noticias\/2026\/04\/28\/anac-intensifica-combate-a-taxi-aereo-ilegal-em-mg\/","url":"https:\/\/motorista.com.br\/noticias\/2026\/04\/28\/anac-intensifica-combate-a-taxi-aereo-ilegal-em-mg\/","name":"Anac intensifica combate a t\u00e1xi-a\u00e9reo ilegal em MG - Motorista.com.br","isPartOf":{"@id":"https:\/\/motorista.com.br\/noticias\/#website"},"primaryImageOfPage":{"@id":"https:\/\/motorista.com.br\/noticias\/2026\/04\/28\/anac-intensifica-combate-a-taxi-aereo-ilegal-em-mg\/#primaryimage"},"image":{"@id":"https:\/\/motorista.com.br\/noticias\/2026\/04\/28\/anac-intensifica-combate-a-taxi-aereo-ilegal-em-mg\/#primaryimage"},"thumbnailUrl":"https:\/\/motorista.com.br\/noticias\/wp-content\/uploads\/2026\/04\/aviation.png","datePublished":"2026-04-29T02:52:23+00:00","breadcrumb":{"@id":"https:\/\/motorista.com.br\/noticias\/2026\/04\/28\/anac-intensifica-combate-a-taxi-aereo-ilegal-em-mg\/#breadcrumb"},"inLanguage":"pt-BR","potentialAction":[{"@type":"ReadAction","target":["https:\/\/motorista.com.br\/noticias\/2026\/04\/28\/anac-intensifica-combate-a-taxi-aereo-ilegal-em-mg\/"]}]},{"@type":"ImageObject","inLanguage":"pt-BR","@id":"https:\/\/motorista.com.br\/noticias\/2026\/04\/28\/anac-intensifica-combate-a-taxi-aereo-ilegal-em-mg\/#primaryimage","url":"https:\/\/motorista.com.br\/noticias\/wp-content\/uploads\/2026\/04\/aviation.png","contentUrl":"https:\/\/motorista.com.br\/noticias\/wp-content\/uploads\/2026\/04\/aviation.png","width":454,"height":283},{"@type":"BreadcrumbList","@id":"https:\/\/motorista.com.br\/noticias\/2026\/04\/28\/anac-intensifica-combate-a-taxi-aereo-ilegal-em-mg\/#breadcrumb","itemListElement":[{"@type":"ListItem","position":1,"name":"In\u00edcio","item":"https:\/\/motorista.com.br\/noticias\/"},{"@type":"ListItem","position":2,"name":"Anac intensifica combate a t\u00e1xi-a\u00e9reo ilegal em MG"}]},{"@type":"WebSite","@id":"https:\/\/motorista.com.br\/noticias\/#website","url":"https:\/\/motorista.com.br\/noticias\/","name":"Motorista.com.br","description":"Not\u00edcia do Motorista","publisher":{"@id":"https:\/\/motorista.com.br\/noticias\/#organization"},"potentialAction":[{"@type":"SearchAction","target":{"@type":"EntryPoint","urlTemplate":"https:\/\/motorista.com.br\/noticias\/?s={search_term_string}"},"query-input":{"@type":"PropertyValueSpecification","valueRequired":true,"valueName":"search_term_string"}}],"inLanguage":"pt-BR"},{"@type":"Organization","@id":"https:\/\/motorista.com.br\/noticias\/#organization","name":"Motorista.com.br","url":"https:\/\/motorista.com.br\/noticias\/","logo":{"@type":"ImageObject","inLanguage":"pt-BR","@id":"https:\/\/motorista.com.br\/noticias\/#\/schema\/logo\/image\/","url":"https:\/\/motorista.com.br\/noticias\/wp-content\/uploads\/2025\/06\/Design-sem-nome-9.png","contentUrl":"https:\/\/motorista.com.br\/noticias\/wp-content\/uploads\/2025\/06\/Design-sem-nome-9.png","width":150,"height":85,"caption":"Motorista.com.br"},"image":{"@id":"https:\/\/motorista.com.br\/noticias\/#\/schema\/logo\/image\/"}},{"@type":"Person","@id":"https:\/\/motorista.com.br\/noticias\/#\/schema\/person\/dc93afc2981c0e3ce6bc3c053fd847be","name":"Equipe Reda\u00e7\u00e3o","image":{"@type":"ImageObject","inLanguage":"pt-BR","@id":"https:\/\/secure.gravatar.com\/avatar\/4f525efbf18dd2bb300ccad28bfb99d95a9465a5ba268407c8c37b37e1f28d2d?s=96&d=mm&r=g9e099043a0c61e9ae27e293b9fa75ffc","url":"https:\/\/secure.gravatar.com\/avatar\/4f525efbf18dd2bb300ccad28bfb99d95a9465a5ba268407c8c37b37e1f28d2d?s=96&d=mm&r=g","contentUrl":"https:\/\/secure.gravatar.com\/avatar\/4f525efbf18dd2bb300ccad28bfb99d95a9465a5ba268407c8c37b37e1f28d2d?s=96&d=mm&r=g","caption":"Equipe Reda\u00e7\u00e3o"},"description":"Equipe de reda\u00e7\u00e3o \u00e9 um grupo de profissionais que trabalham juntos para criar conte\u00fado escrito para Motorista.com.br","url":"https:\/\/motorista.com.br\/noticias\/author\/equiperedacao\/"}]}},"_links":{"self":[{"href":"https:\/\/motorista.com.br\/noticias\/wp-json\/wp\/v2\/posts\/9291","targetHints":{"allow":["GET"]}}],"collection":[{"href":"https:\/\/motorista.com.br\/noticias\/wp-json\/wp\/v2\/posts"}],"about":[{"href":"https:\/\/motorista.com.br\/noticias\/wp-json\/wp\/v2\/types\/post"}],"author":[{"embeddable":true,"href":"https:\/\/motorista.com.br\/noticias\/wp-json\/wp\/v2\/users\/4"}],"replies":[{"embeddable":true,"href":"https:\/\/motorista.com.br\/noticias\/wp-json\/wp\/v2\/comments?post=9291"}],"version-history":[{"count":0,"href":"https:\/\/motorista.com.br\/noticias\/wp-json\/wp\/v2\/posts\/9291\/revisions"}],"wp:featuredmedia":[{"embeddable":true,"href":"https:\/\/motorista.com.br\/noticias\/wp-json\/wp\/v2\/media\/9292"}],"wp:attachment":[{"href":"https:\/\/motorista.com.br\/noticias\/wp-json\/wp\/v2\/media?parent=9291"}],"wp:term":[{"taxonomy":"category","embeddable":true,"href":"https:\/\/motorista.com.br\/noticias\/wp-json\/wp\/v2\/categories?post=9291"},{"taxonomy":"post_tag","embeddable":true,"href":"https:\/\/motorista.com.br\/noticias\/wp-json\/wp\/v2\/tags?post=9291"},{"taxonomy":"author","embeddable":true,"href":"https:\/\/motorista.com.br\/noticias\/wp-json\/wp\/v2\/coauthors?post=9291"}],"curies":[{"name":"wp","href":"https:\/\/api.w.org\/{rel}","templated":true}]}}