{"id":9289,"date":"2026-04-28T22:24:49","date_gmt":"2026-04-29T01:24:49","guid":{"rendered":"https:\/\/motorista.com.br\/noticias\/2026\/04\/28\/publicitario-cria-app-de-mobilidade-que-paga-motoristas-r-850-dia\/"},"modified":"2026-04-28T22:24:49","modified_gmt":"2026-04-29T01:24:49","slug":"publicitario-cria-app-de-mobilidade-que-paga-motoristas-r-850-dia","status":"publish","type":"post","link":"https:\/\/motorista.com.br\/noticias\/2026\/04\/28\/publicitario-cria-app-de-mobilidade-que-paga-motoristas-r-850-dia\/","title":{"rendered":"Publicit\u00e1rio cria app de mobilidade que paga motoristas R$ 850\/dia."},"content":{"rendered":"<p><\/p>\n<p>Claro! Aqui est\u00e1 o artigo reescrito conforme suas orienta\u00e7\u00f5es:<\/p>\n<hr \/>\n<p><strong>Woll\u00e1 Brasil: Uma Revolu\u00e7\u00e3o na Mobilidade Urbana<\/strong><\/p>\n<p>O Woll\u00e1 Brasil chega ao mercado com a proposta de transformar a rela\u00e7\u00e3o entre motoristas e passageiros, priorizando seguran\u00e7a, profissionaliza\u00e7\u00e3o e um atendimento personalizado. Sob a lideran\u00e7a de Wallace Matos, CEO do aplicativo, que traz \u00e0 mesa mais de 30 anos de experi\u00eancia em marketing e publicidade, a plataforma se destaca em um setor competitivo.<\/p>\n<p><strong>Trajet\u00f3ria e Vis\u00e3o de Mercado<\/strong><\/p>\n<p>Wallace, carioca e residente em Bras\u00edlia, percebeu em 2019 a oportunidade de inovar o setor de mobilidade. Sua experi\u00eancia em marketing revelou que o compromisso com o atendimento ao cliente poderia ser elevado, proporcionando uma experi\u00eancia diferenciada para motoristas e usu\u00e1rios.<\/p>\n<p>A ideia do Woll\u00e1 Brasil surgiu a partir da constata\u00e7\u00e3o de que muitos motoristas eram tratados meramente como prestadores de servi\u00e7os tempor\u00e1rios ou renda extra, sem valoriza\u00e7\u00e3o profissional. O Woll\u00e1 redefine esse conceito, tratando o motorista como um profissional t\u00e9cnico que passa por rigorosos processos de sele\u00e7\u00e3o e treinamento, assegurando um padr\u00e3o de atendimento cinco estrelas aos passageiros.<\/p>\n<p><strong>Seguran\u00e7a e Qualidade do Servi\u00e7o<\/strong><\/p>\n<p>Um dos problemas mais recorrentes nas plataformas atuais \u00e9 a falta de seguran\u00e7a e previsibilidade. Muitos passageiros entram em uma &quot;loteria&quot; a cada corrida, sem saber quem ser\u00e1 seu motorista. O Woll\u00e1 minimiza esse risco por meio de uma verifica\u00e7\u00e3o rigorosa dos motoristas e vistoria dos ve\u00edculos, dando ao usu\u00e1rio confian\u00e7a na qualidade do servi\u00e7o que receber\u00e1.<\/p>\n<p><strong>Modelo de Neg\u00f3cio e Remunera\u00e7\u00e3o<\/strong><\/p>\n<p>Diferente de outras plataformas, o Woll\u00e1 n\u00e3o se limita a vender corridas; ele se compromete a oferecer experi\u00eancias personalizadas. A sele\u00e7\u00e3o de motoristas \u00e9 meticulosa, buscando n\u00e3o apenas a efici\u00eancia, mas tamb\u00e9m a capacidade de atender diferentes perfis de clientes.<\/p>\n<p>A remunera\u00e7\u00e3o dos motoristas \u00e9 feita de forma \u00e1gil, com receber imediato de 97% do valor da corrida. A comiss\u00e3o de apenas 3% \u00e9 um atrativo significativo, permitindo que os motoristas aproveitem melhor seus ganhos. Com essa estrutura, um motorista tem a possibilidade de gerar uma renda expressiva, estimada em at\u00e9 R$ 850 por dia.<\/p>\n<p><strong>Inova\u00e7\u00f5es no Atendimento<\/strong><\/p>\n<p>Uma das inova\u00e7\u00f5es mais empolgantes do Woll\u00e1 \u00e9 o conceito de &quot;motorista pessoal sob demanda&quot;. Isso permite que os usu\u00e1rios agendem sempre o mesmo motorista, criando uma rela\u00e7\u00e3o de confian\u00e7a, fundamental em um setor que lida diretamente com a seguran\u00e7a e o bem-estar dos cidad\u00e3os.<\/p>\n<p>Al\u00e9m disso, est\u00e3o sendo desenvolvidas bases de embarque r\u00e1pido em eventos, facilitando a mobilidade em situa\u00e7\u00f5es de grande demanda, potencializando a efici\u00eancia do servi\u00e7o.<\/p>\n<p><strong>O Futuro da Mobilidade Urbana<\/strong><\/p>\n<p>Wallace acredita que, \u00e0 medida que a tecnologia avan\u00e7a, o fator humano deve permanecer central. O profissionalismo dos motoristas \u00e9 essencial, especialmente em um pa\u00eds como o Brasil. Com o Woll\u00e1, a meta \u00e9 n\u00e3o apenas inovar na mobilidade, mas tamb\u00e9m garantir que motoristas sejam reconhecidos e valorizados por seu trabalho.<\/p>\n<p>Assim, o Woll\u00e1 Brasil n\u00e3o \u00e9 apenas uma nova op\u00e7\u00e3o no mercado de transportes; \u00e9 uma proposta de mudan\u00e7a cultural que valoriza os motoristas e garante aos usu\u00e1rios um servi\u00e7o de qualidade, seguran\u00e7a e confian\u00e7a nas suas desloca\u00e7\u00f5es di\u00e1rias. A vis\u00e3o de um futuro onde a mobilidade urbana \u00e9 sin\u00f4nimo de inova\u00e7\u00e3o e cuidado com o ser humano come\u00e7a a se concretizar.<\/p>\n<hr \/>\n<p>Este formato atende \u00e0s suas especifica\u00e7\u00f5es e foca nos benef\u00edcios e impactos que as informa\u00e7\u00f5es podem trazer para motoristas e a mobilidade geral.<\/p>\n","protected":false},"excerpt":{"rendered":"<p>Claro! Aqui est\u00e1 o artigo reescrito conforme suas orienta\u00e7\u00f5es: Woll\u00e1 Brasil: Uma Revolu\u00e7\u00e3o na Mobilidade Urbana O Woll\u00e1 Brasil chega ao mercado com a proposta de transformar a rela\u00e7\u00e3o entre motoristas e passageiros, priorizando seguran\u00e7a, profissionaliza\u00e7\u00e3o e um atendimento personalizado. Sob a lideran\u00e7a de Wallace Matos, CEO do aplicativo, que traz \u00e0 mesa mais de &hellip;<\/p>\n","protected":false},"author":4,"featured_media":9290,"comment_status":"","ping_status":"open","sticky":false,"template":"","format":"standard","meta":{"footnotes":""},"categories":[49,77],"tags":[],"coauthors":[42],"class_list":["post-9289","post","type-post","status-publish","format-standard","has-post-thumbnail","hentry","category-aplicativos","category-motorista"],"yoast_head":"<!-- This site is optimized with the Yoast SEO Premium plugin v25.5 (Yoast SEO v27.5) - https:\/\/yoast.com\/product\/yoast-seo-premium-wordpress\/ -->\n<title>Publicit\u00e1rio cria app de mobilidade que paga motoristas R$ 850\/dia. - Motorista.com.br<\/title>\n<meta name=\"robots\" content=\"index, follow, max-snippet:-1, max-image-preview:large, max-video-preview:-1\" \/>\n<link rel=\"canonical\" href=\"https:\/\/motorista.com.br\/noticias\/2026\/04\/28\/publicitario-cria-app-de-mobilidade-que-paga-motoristas-r-850-dia\/\" \/>\n<meta property=\"og:locale\" content=\"pt_BR\" \/>\n<meta property=\"og:type\" content=\"article\" \/>\n<meta property=\"og:title\" content=\"Publicit\u00e1rio cria app de mobilidade que paga motoristas R$ 850\/dia.\" \/>\n<meta property=\"og:description\" content=\"Claro! Aqui est\u00e1 o artigo reescrito conforme suas orienta\u00e7\u00f5es: Woll\u00e1 Brasil: Uma Revolu\u00e7\u00e3o na Mobilidade Urbana O Woll\u00e1 Brasil chega ao mercado com a proposta de transformar a rela\u00e7\u00e3o entre motoristas e passageiros, priorizando seguran\u00e7a, profissionaliza\u00e7\u00e3o e um atendimento personalizado. Sob a lideran\u00e7a de Wallace Matos, CEO do aplicativo, que traz \u00e0 mesa mais de &hellip;\" \/>\n<meta property=\"og:url\" content=\"https:\/\/motorista.com.br\/noticias\/2026\/04\/28\/publicitario-cria-app-de-mobilidade-que-paga-motoristas-r-850-dia\/\" \/>\n<meta property=\"og:site_name\" content=\"Motorista.com.br\" \/>\n<meta property=\"article:published_time\" content=\"2026-04-29T01:24:49+00:00\" \/>\n<meta name=\"author\" content=\"Equipe Reda\u00e7\u00e3o\" \/>\n<meta name=\"twitter:card\" content=\"summary_large_image\" \/>\n<meta name=\"twitter:label1\" content=\"Escrito por\" \/>\n\t<meta name=\"twitter:data1\" content=\"Equipe Reda\u00e7\u00e3o\" \/>\n\t<meta name=\"twitter:label2\" content=\"Est. tempo de leitura\" \/>\n\t<meta name=\"twitter:data2\" content=\"3 minutos\" \/>\n\t<meta name=\"twitter:label3\" content=\"Written by\" \/>\n\t<meta name=\"twitter:data3\" content=\"Equipe Reda\u00e7\u00e3o\" \/>\n<script type=\"application\/ld+json\" class=\"yoast-schema-graph\">{\"@context\":\"https:\\\/\\\/schema.org\",\"@graph\":[{\"@type\":\"Article\",\"@id\":\"https:\\\/\\\/motorista.com.br\\\/noticias\\\/2026\\\/04\\\/28\\\/publicitario-cria-app-de-mobilidade-que-paga-motoristas-r-850-dia\\\/#article\",\"isPartOf\":{\"@id\":\"https:\\\/\\\/motorista.com.br\\\/noticias\\\/2026\\\/04\\\/28\\\/publicitario-cria-app-de-mobilidade-que-paga-motoristas-r-850-dia\\\/\"},\"author\":{\"name\":\"Equipe Reda\u00e7\u00e3o\",\"@id\":\"https:\\\/\\\/motorista.com.br\\\/noticias\\\/#\\\/schema\\\/person\\\/dc93afc2981c0e3ce6bc3c053fd847be\"},\"headline\":\"Publicit\u00e1rio cria app de mobilidade que paga motoristas R$ 850\\\/dia.\",\"datePublished\":\"2026-04-29T01:24:49+00:00\",\"mainEntityOfPage\":{\"@id\":\"https:\\\/\\\/motorista.com.br\\\/noticias\\\/2026\\\/04\\\/28\\\/publicitario-cria-app-de-mobilidade-que-paga-motoristas-r-850-dia\\\/\"},\"wordCount\":619,\"publisher\":{\"@id\":\"https:\\\/\\\/motorista.com.br\\\/noticias\\\/#organization\"},\"image\":{\"@id\":\"https:\\\/\\\/motorista.com.br\\\/noticias\\\/2026\\\/04\\\/28\\\/publicitario-cria-app-de-mobilidade-que-paga-motoristas-r-850-dia\\\/#primaryimage\"},\"thumbnailUrl\":\"https:\\\/\\\/motorista.com.br\\\/noticias\\\/wp-content\\\/uploads\\\/2026\\\/04\\\/Foto-Wallace-Matos-para-55content-.png\",\"articleSection\":[\"Aplicativos\",\"Motorista\"],\"inLanguage\":\"pt-BR\"},{\"@type\":\"WebPage\",\"@id\":\"https:\\\/\\\/motorista.com.br\\\/noticias\\\/2026\\\/04\\\/28\\\/publicitario-cria-app-de-mobilidade-que-paga-motoristas-r-850-dia\\\/\",\"url\":\"https:\\\/\\\/motorista.com.br\\\/noticias\\\/2026\\\/04\\\/28\\\/publicitario-cria-app-de-mobilidade-que-paga-motoristas-r-850-dia\\\/\",\"name\":\"Publicit\u00e1rio cria app de mobilidade que paga motoristas R$ 850\\\/dia. - Motorista.com.br\",\"isPartOf\":{\"@id\":\"https:\\\/\\\/motorista.com.br\\\/noticias\\\/#website\"},\"primaryImageOfPage\":{\"@id\":\"https:\\\/\\\/motorista.com.br\\\/noticias\\\/2026\\\/04\\\/28\\\/publicitario-cria-app-de-mobilidade-que-paga-motoristas-r-850-dia\\\/#primaryimage\"},\"image\":{\"@id\":\"https:\\\/\\\/motorista.com.br\\\/noticias\\\/2026\\\/04\\\/28\\\/publicitario-cria-app-de-mobilidade-que-paga-motoristas-r-850-dia\\\/#primaryimage\"},\"thumbnailUrl\":\"https:\\\/\\\/motorista.com.br\\\/noticias\\\/wp-content\\\/uploads\\\/2026\\\/04\\\/Foto-Wallace-Matos-para-55content-.png\",\"datePublished\":\"2026-04-29T01:24:49+00:00\",\"breadcrumb\":{\"@id\":\"https:\\\/\\\/motorista.com.br\\\/noticias\\\/2026\\\/04\\\/28\\\/publicitario-cria-app-de-mobilidade-que-paga-motoristas-r-850-dia\\\/#breadcrumb\"},\"inLanguage\":\"pt-BR\",\"potentialAction\":[{\"@type\":\"ReadAction\",\"target\":[\"https:\\\/\\\/motorista.com.br\\\/noticias\\\/2026\\\/04\\\/28\\\/publicitario-cria-app-de-mobilidade-que-paga-motoristas-r-850-dia\\\/\"]}]},{\"@type\":\"ImageObject\",\"inLanguage\":\"pt-BR\",\"@id\":\"https:\\\/\\\/motorista.com.br\\\/noticias\\\/2026\\\/04\\\/28\\\/publicitario-cria-app-de-mobilidade-que-paga-motoristas-r-850-dia\\\/#primaryimage\",\"url\":\"https:\\\/\\\/motorista.com.br\\\/noticias\\\/wp-content\\\/uploads\\\/2026\\\/04\\\/Foto-Wallace-Matos-para-55content-.png\",\"contentUrl\":\"https:\\\/\\\/motorista.com.br\\\/noticias\\\/wp-content\\\/uploads\\\/2026\\\/04\\\/Foto-Wallace-Matos-para-55content-.png\",\"width\":600,\"height\":350},{\"@type\":\"BreadcrumbList\",\"@id\":\"https:\\\/\\\/motorista.com.br\\\/noticias\\\/2026\\\/04\\\/28\\\/publicitario-cria-app-de-mobilidade-que-paga-motoristas-r-850-dia\\\/#breadcrumb\",\"itemListElement\":[{\"@type\":\"ListItem\",\"position\":1,\"name\":\"In\u00edcio\",\"item\":\"https:\\\/\\\/motorista.com.br\\\/noticias\\\/\"},{\"@type\":\"ListItem\",\"position\":2,\"name\":\"Publicit\u00e1rio cria app de mobilidade que paga motoristas R$ 850\\\/dia.\"}]},{\"@type\":\"WebSite\",\"@id\":\"https:\\\/\\\/motorista.com.br\\\/noticias\\\/#website\",\"url\":\"https:\\\/\\\/motorista.com.br\\\/noticias\\\/\",\"name\":\"Motorista.com.br\",\"description\":\"Not\u00edcia do Motorista\",\"publisher\":{\"@id\":\"https:\\\/\\\/motorista.com.br\\\/noticias\\\/#organization\"},\"potentialAction\":[{\"@type\":\"SearchAction\",\"target\":{\"@type\":\"EntryPoint\",\"urlTemplate\":\"https:\\\/\\\/motorista.com.br\\\/noticias\\\/?s={search_term_string}\"},\"query-input\":{\"@type\":\"PropertyValueSpecification\",\"valueRequired\":true,\"valueName\":\"search_term_string\"}}],\"inLanguage\":\"pt-BR\"},{\"@type\":\"Organization\",\"@id\":\"https:\\\/\\\/motorista.com.br\\\/noticias\\\/#organization\",\"name\":\"Motorista.com.br\",\"url\":\"https:\\\/\\\/motorista.com.br\\\/noticias\\\/\",\"logo\":{\"@type\":\"ImageObject\",\"inLanguage\":\"pt-BR\",\"@id\":\"https:\\\/\\\/motorista.com.br\\\/noticias\\\/#\\\/schema\\\/logo\\\/image\\\/\",\"url\":\"https:\\\/\\\/motorista.com.br\\\/noticias\\\/wp-content\\\/uploads\\\/2025\\\/06\\\/Design-sem-nome-9.png\",\"contentUrl\":\"https:\\\/\\\/motorista.com.br\\\/noticias\\\/wp-content\\\/uploads\\\/2025\\\/06\\\/Design-sem-nome-9.png\",\"width\":150,\"height\":85,\"caption\":\"Motorista.com.br\"},\"image\":{\"@id\":\"https:\\\/\\\/motorista.com.br\\\/noticias\\\/#\\\/schema\\\/logo\\\/image\\\/\"}},{\"@type\":\"Person\",\"@id\":\"https:\\\/\\\/motorista.com.br\\\/noticias\\\/#\\\/schema\\\/person\\\/dc93afc2981c0e3ce6bc3c053fd847be\",\"name\":\"Equipe Reda\u00e7\u00e3o\",\"image\":{\"@type\":\"ImageObject\",\"inLanguage\":\"pt-BR\",\"@id\":\"https:\\\/\\\/secure.gravatar.com\\\/avatar\\\/4f525efbf18dd2bb300ccad28bfb99d95a9465a5ba268407c8c37b37e1f28d2d?s=96&d=mm&r=g9e099043a0c61e9ae27e293b9fa75ffc\",\"url\":\"https:\\\/\\\/secure.gravatar.com\\\/avatar\\\/4f525efbf18dd2bb300ccad28bfb99d95a9465a5ba268407c8c37b37e1f28d2d?s=96&d=mm&r=g\",\"contentUrl\":\"https:\\\/\\\/secure.gravatar.com\\\/avatar\\\/4f525efbf18dd2bb300ccad28bfb99d95a9465a5ba268407c8c37b37e1f28d2d?s=96&d=mm&r=g\",\"caption\":\"Equipe Reda\u00e7\u00e3o\"},\"description\":\"Equipe de reda\u00e7\u00e3o \u00e9 um grupo de profissionais que trabalham juntos para criar conte\u00fado escrito para Motorista.com.br\",\"url\":\"https:\\\/\\\/motorista.com.br\\\/noticias\\\/author\\\/equiperedacao\\\/\"}]}<\/script>\n<!-- \/ Yoast SEO Premium plugin. -->","yoast_head_json":{"title":"Publicit\u00e1rio cria app de mobilidade que paga motoristas R$ 850\/dia. - Motorista.com.br","robots":{"index":"index","follow":"follow","max-snippet":"max-snippet:-1","max-image-preview":"max-image-preview:large","max-video-preview":"max-video-preview:-1"},"canonical":"https:\/\/motorista.com.br\/noticias\/2026\/04\/28\/publicitario-cria-app-de-mobilidade-que-paga-motoristas-r-850-dia\/","og_locale":"pt_BR","og_type":"article","og_title":"Publicit\u00e1rio cria app de mobilidade que paga motoristas R$ 850\/dia.","og_description":"Claro! Aqui est\u00e1 o artigo reescrito conforme suas orienta\u00e7\u00f5es: Woll\u00e1 Brasil: Uma Revolu\u00e7\u00e3o na Mobilidade Urbana O Woll\u00e1 Brasil chega ao mercado com a proposta de transformar a rela\u00e7\u00e3o entre motoristas e passageiros, priorizando seguran\u00e7a, profissionaliza\u00e7\u00e3o e um atendimento personalizado. Sob a lideran\u00e7a de Wallace Matos, CEO do aplicativo, que traz \u00e0 mesa mais de &hellip;","og_url":"https:\/\/motorista.com.br\/noticias\/2026\/04\/28\/publicitario-cria-app-de-mobilidade-que-paga-motoristas-r-850-dia\/","og_site_name":"Motorista.com.br","article_published_time":"2026-04-29T01:24:49+00:00","author":"Equipe Reda\u00e7\u00e3o","twitter_card":"summary_large_image","twitter_misc":{"Escrito por":"Equipe Reda\u00e7\u00e3o","Est. tempo de leitura":"3 minutos","Written by":"Equipe Reda\u00e7\u00e3o"},"schema":{"@context":"https:\/\/schema.org","@graph":[{"@type":"Article","@id":"https:\/\/motorista.com.br\/noticias\/2026\/04\/28\/publicitario-cria-app-de-mobilidade-que-paga-motoristas-r-850-dia\/#article","isPartOf":{"@id":"https:\/\/motorista.com.br\/noticias\/2026\/04\/28\/publicitario-cria-app-de-mobilidade-que-paga-motoristas-r-850-dia\/"},"author":{"name":"Equipe Reda\u00e7\u00e3o","@id":"https:\/\/motorista.com.br\/noticias\/#\/schema\/person\/dc93afc2981c0e3ce6bc3c053fd847be"},"headline":"Publicit\u00e1rio cria app de mobilidade que paga motoristas R$ 850\/dia.","datePublished":"2026-04-29T01:24:49+00:00","mainEntityOfPage":{"@id":"https:\/\/motorista.com.br\/noticias\/2026\/04\/28\/publicitario-cria-app-de-mobilidade-que-paga-motoristas-r-850-dia\/"},"wordCount":619,"publisher":{"@id":"https:\/\/motorista.com.br\/noticias\/#organization"},"image":{"@id":"https:\/\/motorista.com.br\/noticias\/2026\/04\/28\/publicitario-cria-app-de-mobilidade-que-paga-motoristas-r-850-dia\/#primaryimage"},"thumbnailUrl":"https:\/\/motorista.com.br\/noticias\/wp-content\/uploads\/2026\/04\/Foto-Wallace-Matos-para-55content-.png","articleSection":["Aplicativos","Motorista"],"inLanguage":"pt-BR"},{"@type":"WebPage","@id":"https:\/\/motorista.com.br\/noticias\/2026\/04\/28\/publicitario-cria-app-de-mobilidade-que-paga-motoristas-r-850-dia\/","url":"https:\/\/motorista.com.br\/noticias\/2026\/04\/28\/publicitario-cria-app-de-mobilidade-que-paga-motoristas-r-850-dia\/","name":"Publicit\u00e1rio cria app de mobilidade que paga motoristas R$ 850\/dia. - Motorista.com.br","isPartOf":{"@id":"https:\/\/motorista.com.br\/noticias\/#website"},"primaryImageOfPage":{"@id":"https:\/\/motorista.com.br\/noticias\/2026\/04\/28\/publicitario-cria-app-de-mobilidade-que-paga-motoristas-r-850-dia\/#primaryimage"},"image":{"@id":"https:\/\/motorista.com.br\/noticias\/2026\/04\/28\/publicitario-cria-app-de-mobilidade-que-paga-motoristas-r-850-dia\/#primaryimage"},"thumbnailUrl":"https:\/\/motorista.com.br\/noticias\/wp-content\/uploads\/2026\/04\/Foto-Wallace-Matos-para-55content-.png","datePublished":"2026-04-29T01:24:49+00:00","breadcrumb":{"@id":"https:\/\/motorista.com.br\/noticias\/2026\/04\/28\/publicitario-cria-app-de-mobilidade-que-paga-motoristas-r-850-dia\/#breadcrumb"},"inLanguage":"pt-BR","potentialAction":[{"@type":"ReadAction","target":["https:\/\/motorista.com.br\/noticias\/2026\/04\/28\/publicitario-cria-app-de-mobilidade-que-paga-motoristas-r-850-dia\/"]}]},{"@type":"ImageObject","inLanguage":"pt-BR","@id":"https:\/\/motorista.com.br\/noticias\/2026\/04\/28\/publicitario-cria-app-de-mobilidade-que-paga-motoristas-r-850-dia\/#primaryimage","url":"https:\/\/motorista.com.br\/noticias\/wp-content\/uploads\/2026\/04\/Foto-Wallace-Matos-para-55content-.png","contentUrl":"https:\/\/motorista.com.br\/noticias\/wp-content\/uploads\/2026\/04\/Foto-Wallace-Matos-para-55content-.png","width":600,"height":350},{"@type":"BreadcrumbList","@id":"https:\/\/motorista.com.br\/noticias\/2026\/04\/28\/publicitario-cria-app-de-mobilidade-que-paga-motoristas-r-850-dia\/#breadcrumb","itemListElement":[{"@type":"ListItem","position":1,"name":"In\u00edcio","item":"https:\/\/motorista.com.br\/noticias\/"},{"@type":"ListItem","position":2,"name":"Publicit\u00e1rio cria app de mobilidade que paga motoristas R$ 850\/dia."}]},{"@type":"WebSite","@id":"https:\/\/motorista.com.br\/noticias\/#website","url":"https:\/\/motorista.com.br\/noticias\/","name":"Motorista.com.br","description":"Not\u00edcia do Motorista","publisher":{"@id":"https:\/\/motorista.com.br\/noticias\/#organization"},"potentialAction":[{"@type":"SearchAction","target":{"@type":"EntryPoint","urlTemplate":"https:\/\/motorista.com.br\/noticias\/?s={search_term_string}"},"query-input":{"@type":"PropertyValueSpecification","valueRequired":true,"valueName":"search_term_string"}}],"inLanguage":"pt-BR"},{"@type":"Organization","@id":"https:\/\/motorista.com.br\/noticias\/#organization","name":"Motorista.com.br","url":"https:\/\/motorista.com.br\/noticias\/","logo":{"@type":"ImageObject","inLanguage":"pt-BR","@id":"https:\/\/motorista.com.br\/noticias\/#\/schema\/logo\/image\/","url":"https:\/\/motorista.com.br\/noticias\/wp-content\/uploads\/2025\/06\/Design-sem-nome-9.png","contentUrl":"https:\/\/motorista.com.br\/noticias\/wp-content\/uploads\/2025\/06\/Design-sem-nome-9.png","width":150,"height":85,"caption":"Motorista.com.br"},"image":{"@id":"https:\/\/motorista.com.br\/noticias\/#\/schema\/logo\/image\/"}},{"@type":"Person","@id":"https:\/\/motorista.com.br\/noticias\/#\/schema\/person\/dc93afc2981c0e3ce6bc3c053fd847be","name":"Equipe Reda\u00e7\u00e3o","image":{"@type":"ImageObject","inLanguage":"pt-BR","@id":"https:\/\/secure.gravatar.com\/avatar\/4f525efbf18dd2bb300ccad28bfb99d95a9465a5ba268407c8c37b37e1f28d2d?s=96&d=mm&r=g9e099043a0c61e9ae27e293b9fa75ffc","url":"https:\/\/secure.gravatar.com\/avatar\/4f525efbf18dd2bb300ccad28bfb99d95a9465a5ba268407c8c37b37e1f28d2d?s=96&d=mm&r=g","contentUrl":"https:\/\/secure.gravatar.com\/avatar\/4f525efbf18dd2bb300ccad28bfb99d95a9465a5ba268407c8c37b37e1f28d2d?s=96&d=mm&r=g","caption":"Equipe Reda\u00e7\u00e3o"},"description":"Equipe de reda\u00e7\u00e3o \u00e9 um grupo de profissionais que trabalham juntos para criar conte\u00fado escrito para Motorista.com.br","url":"https:\/\/motorista.com.br\/noticias\/author\/equiperedacao\/"}]}},"_links":{"self":[{"href":"https:\/\/motorista.com.br\/noticias\/wp-json\/wp\/v2\/posts\/9289","targetHints":{"allow":["GET"]}}],"collection":[{"href":"https:\/\/motorista.com.br\/noticias\/wp-json\/wp\/v2\/posts"}],"about":[{"href":"https:\/\/motorista.com.br\/noticias\/wp-json\/wp\/v2\/types\/post"}],"author":[{"embeddable":true,"href":"https:\/\/motorista.com.br\/noticias\/wp-json\/wp\/v2\/users\/4"}],"replies":[{"embeddable":true,"href":"https:\/\/motorista.com.br\/noticias\/wp-json\/wp\/v2\/comments?post=9289"}],"version-history":[{"count":0,"href":"https:\/\/motorista.com.br\/noticias\/wp-json\/wp\/v2\/posts\/9289\/revisions"}],"wp:featuredmedia":[{"embeddable":true,"href":"https:\/\/motorista.com.br\/noticias\/wp-json\/wp\/v2\/media\/9290"}],"wp:attachment":[{"href":"https:\/\/motorista.com.br\/noticias\/wp-json\/wp\/v2\/media?parent=9289"}],"wp:term":[{"taxonomy":"category","embeddable":true,"href":"https:\/\/motorista.com.br\/noticias\/wp-json\/wp\/v2\/categories?post=9289"},{"taxonomy":"post_tag","embeddable":true,"href":"https:\/\/motorista.com.br\/noticias\/wp-json\/wp\/v2\/tags?post=9289"},{"taxonomy":"author","embeddable":true,"href":"https:\/\/motorista.com.br\/noticias\/wp-json\/wp\/v2\/coauthors?post=9289"}],"curies":[{"name":"wp","href":"https:\/\/api.w.org\/{rel}","templated":true}]}}