{"id":9285,"date":"2026-04-28T20:38:05","date_gmt":"2026-04-28T23:38:05","guid":{"rendered":"https:\/\/motorista.com.br\/noticias\/2026\/04\/28\/nfse-nacional-sera-mandatoria-para-optantes-a-partir-de-setembro\/"},"modified":"2026-04-28T20:38:05","modified_gmt":"2026-04-28T23:38:05","slug":"nfse-nacional-sera-mandatoria-para-optantes-a-partir-de-setembro","status":"publish","type":"post","link":"https:\/\/motorista.com.br\/noticias\/2026\/04\/28\/nfse-nacional-sera-mandatoria-para-optantes-a-partir-de-setembro\/","title":{"rendered":"NFSe nacional ser\u00e1 mandat\u00f3ria para optantes a partir de setembro"},"content":{"rendered":"<p><\/p>\n<h3>NFSe Padr\u00e3o Nacional: Implica\u00e7\u00f5es para Motoristas e Mobilidade<\/h3>\n<p>Em uma importante mudan\u00e7a no cen\u00e1rio tribut\u00e1rio brasileiro, microempresas (MEs) e empresas de pequeno porte (EPPs) optantes pelo Simples Nacional, a partir de 1\u00ba de setembro de 2026, dever\u00e3o adotar obrigatoriamente o padr\u00e3o nacional da Nota Fiscal de Servi\u00e7o Eletr\u00f4nica (NFSe) para a emiss\u00e3o de documentos relativos a servi\u00e7os prestados. Essa decis\u00e3o, publicada pelo Comit\u00ea Gestor do Simples Nacional em abril de 2026, visa padronizar e simplificar o processo de emiss\u00e3o de notas fiscais, trazendo vantagens significativas n\u00e3o apenas para as empresas, mas tamb\u00e9m para motoristas e a mobilidade em geral.<\/p>\n<p>A implementa\u00e7\u00e3o da NFSe padr\u00e3o nacional apresenta diversos benef\u00edcios. Para os motoristas, que frequentemente interagem com micro e pequenas empresas, a uniformiza\u00e7\u00e3o na emiss\u00e3o de notas pode facilitar a identifica\u00e7\u00e3o de servi\u00e7os prestados, garantindo maior transpar\u00eancia nas transa\u00e7\u00f5es comerciais. Isso se traduz em uma rela\u00e7\u00e3o mais est\u00e1vel e confi\u00e1vel entre prestadores de servi\u00e7os e consumidores, fundamental para a mobilidade do setor de transporte.<\/p>\n<p>Com a obrigatoriedade da NFSe, os motoristas poder\u00e3o usufruir de uma melhor organiza\u00e7\u00e3o financeira, \u00e0 medida que a padroniza\u00e7\u00e3o facilita o controle sobre despesas e receitas. Essa clareza poder\u00e1 auxiliar na tomada de decis\u00e3o sobre a contrata\u00e7\u00e3o de servi\u00e7os, aumentando a concorr\u00eancia e, potencialmente, reduzindo custos. Al\u00e9m disso, a tecnologia envolvida, com a utiliza\u00e7\u00e3o do Emissor Nacional da NFSe, oferece mais agilidade nas transa\u00e7\u00f5es, impactando positivamente na rotina dos motoristas.<\/p>\n<p>Outro aspecto a ser considerado \u00e9 a capacidade dessa nova norma de contribuir para a formaliza\u00e7\u00e3o de servi\u00e7os que at\u00e9 ent\u00e3o operavam \u00e0 margem da legalidade. Isso pode resultar em uma mobilidade mais estruturada e segura, j\u00e1 que servi\u00e7os irregulares muitas vezes n\u00e3o seguem normas de seguran\u00e7a e qualidade.<\/p>\n<p>Importante destacar que as novas diretrizes s\u00e3o v\u00e1lidas em todo o territ\u00f3rio brasileiro, promovendo uma aproxima\u00e7\u00e3o entre as diferentes regi\u00f5es do pa\u00eds. Essa padroniza\u00e7\u00e3o reduz a burocracia e facilita o acesso a informa\u00e7\u00f5es pertinentes, favorecendo uma mobilidade mais integrada.<\/p>\n<p>Em suma, a obrigatoriedade da NFSe padr\u00e3o nacional para empresas optantes pelo Simples Nacional n\u00e3o apenas racionaliza o processo para as empresas, mas tamb\u00e9m gera impactos diretos e positivos para motoristas e a mobilidade geral. Ao promover uma rela\u00e7\u00e3o mais transparente e organizada entre prestadores de servi\u00e7os e consumidores, essa medida pode contribuir para um ambiente de neg\u00f3cios mais saud\u00e1vel e din\u00e2mico.<\/p>\n<p><strong>Fonte: reformatributaria<\/strong><\/p>\n","protected":false},"excerpt":{"rendered":"<p>NFSe Padr\u00e3o Nacional: Implica\u00e7\u00f5es para Motoristas e Mobilidade Em uma importante mudan\u00e7a no cen\u00e1rio tribut\u00e1rio brasileiro, microempresas (MEs) e empresas de pequeno porte (EPPs) optantes pelo Simples Nacional, a partir de 1\u00ba de setembro de 2026, dever\u00e3o adotar obrigatoriamente o padr\u00e3o nacional da Nota Fiscal de Servi\u00e7o Eletr\u00f4nica (NFSe) para a emiss\u00e3o de documentos relativos &hellip;<\/p>\n","protected":false},"author":4,"featured_media":9286,"comment_status":"","ping_status":"open","sticky":false,"template":"","format":"standard","meta":{"footnotes":""},"categories":[35],"tags":[],"coauthors":[42],"class_list":["post-9285","post","type-post","status-publish","format-standard","has-post-thumbnail","hentry","category-legislacao"],"yoast_head":"<!-- This site is optimized with the Yoast SEO Premium plugin v25.5 (Yoast SEO v27.5) - https:\/\/yoast.com\/product\/yoast-seo-premium-wordpress\/ -->\n<title>NFSe nacional ser\u00e1 mandat\u00f3ria para optantes a partir de setembro - Motorista.com.br<\/title>\n<meta name=\"robots\" content=\"index, follow, max-snippet:-1, max-image-preview:large, max-video-preview:-1\" \/>\n<link rel=\"canonical\" href=\"https:\/\/motorista.com.br\/noticias\/2026\/04\/28\/nfse-nacional-sera-mandatoria-para-optantes-a-partir-de-setembro\/\" \/>\n<meta property=\"og:locale\" content=\"pt_BR\" \/>\n<meta property=\"og:type\" content=\"article\" \/>\n<meta property=\"og:title\" content=\"NFSe nacional ser\u00e1 mandat\u00f3ria para optantes a partir de setembro\" \/>\n<meta property=\"og:description\" content=\"NFSe Padr\u00e3o Nacional: Implica\u00e7\u00f5es para Motoristas e Mobilidade Em uma importante mudan\u00e7a no cen\u00e1rio tribut\u00e1rio brasileiro, microempresas (MEs) e empresas de pequeno porte (EPPs) optantes pelo Simples Nacional, a partir de 1\u00ba de setembro de 2026, dever\u00e3o adotar obrigatoriamente o padr\u00e3o nacional da Nota Fiscal de Servi\u00e7o Eletr\u00f4nica (NFSe) para a emiss\u00e3o de documentos relativos &hellip;\" \/>\n<meta property=\"og:url\" content=\"https:\/\/motorista.com.br\/noticias\/2026\/04\/28\/nfse-nacional-sera-mandatoria-para-optantes-a-partir-de-setembro\/\" \/>\n<meta property=\"og:site_name\" content=\"Motorista.com.br\" \/>\n<meta property=\"article:published_time\" content=\"2026-04-28T23:38:05+00:00\" \/>\n<meta name=\"author\" content=\"Equipe Reda\u00e7\u00e3o\" \/>\n<meta name=\"twitter:card\" content=\"summary_large_image\" \/>\n<meta name=\"twitter:label1\" content=\"Escrito por\" \/>\n\t<meta name=\"twitter:data1\" content=\"Equipe Reda\u00e7\u00e3o\" \/>\n\t<meta name=\"twitter:label2\" content=\"Est. tempo de leitura\" \/>\n\t<meta name=\"twitter:data2\" content=\"2 minutos\" \/>\n\t<meta name=\"twitter:label3\" content=\"Written by\" \/>\n\t<meta name=\"twitter:data3\" content=\"Equipe Reda\u00e7\u00e3o\" \/>\n<script type=\"application\/ld+json\" class=\"yoast-schema-graph\">{\"@context\":\"https:\\\/\\\/schema.org\",\"@graph\":[{\"@type\":\"Article\",\"@id\":\"https:\\\/\\\/motorista.com.br\\\/noticias\\\/2026\\\/04\\\/28\\\/nfse-nacional-sera-mandatoria-para-optantes-a-partir-de-setembro\\\/#article\",\"isPartOf\":{\"@id\":\"https:\\\/\\\/motorista.com.br\\\/noticias\\\/2026\\\/04\\\/28\\\/nfse-nacional-sera-mandatoria-para-optantes-a-partir-de-setembro\\\/\"},\"author\":{\"name\":\"Equipe Reda\u00e7\u00e3o\",\"@id\":\"https:\\\/\\\/motorista.com.br\\\/noticias\\\/#\\\/schema\\\/person\\\/dc93afc2981c0e3ce6bc3c053fd847be\"},\"headline\":\"NFSe nacional ser\u00e1 mandat\u00f3ria para optantes a partir de setembro\",\"datePublished\":\"2026-04-28T23:38:05+00:00\",\"mainEntityOfPage\":{\"@id\":\"https:\\\/\\\/motorista.com.br\\\/noticias\\\/2026\\\/04\\\/28\\\/nfse-nacional-sera-mandatoria-para-optantes-a-partir-de-setembro\\\/\"},\"wordCount\":449,\"publisher\":{\"@id\":\"https:\\\/\\\/motorista.com.br\\\/noticias\\\/#organization\"},\"image\":{\"@id\":\"https:\\\/\\\/motorista.com.br\\\/noticias\\\/2026\\\/04\\\/28\\\/nfse-nacional-sera-mandatoria-para-optantes-a-partir-de-setembro\\\/#primaryimage\"},\"thumbnailUrl\":\"https:\\\/\\\/motorista.com.br\\\/noticias\\\/wp-content\\\/uploads\\\/2026\\\/04\\\/simples-nacional-arte.png\",\"articleSection\":[\"Legisla\u00e7\u00e3o\"],\"inLanguage\":\"pt-BR\"},{\"@type\":\"WebPage\",\"@id\":\"https:\\\/\\\/motorista.com.br\\\/noticias\\\/2026\\\/04\\\/28\\\/nfse-nacional-sera-mandatoria-para-optantes-a-partir-de-setembro\\\/\",\"url\":\"https:\\\/\\\/motorista.com.br\\\/noticias\\\/2026\\\/04\\\/28\\\/nfse-nacional-sera-mandatoria-para-optantes-a-partir-de-setembro\\\/\",\"name\":\"NFSe nacional ser\u00e1 mandat\u00f3ria para optantes a partir de setembro - Motorista.com.br\",\"isPartOf\":{\"@id\":\"https:\\\/\\\/motorista.com.br\\\/noticias\\\/#website\"},\"primaryImageOfPage\":{\"@id\":\"https:\\\/\\\/motorista.com.br\\\/noticias\\\/2026\\\/04\\\/28\\\/nfse-nacional-sera-mandatoria-para-optantes-a-partir-de-setembro\\\/#primaryimage\"},\"image\":{\"@id\":\"https:\\\/\\\/motorista.com.br\\\/noticias\\\/2026\\\/04\\\/28\\\/nfse-nacional-sera-mandatoria-para-optantes-a-partir-de-setembro\\\/#primaryimage\"},\"thumbnailUrl\":\"https:\\\/\\\/motorista.com.br\\\/noticias\\\/wp-content\\\/uploads\\\/2026\\\/04\\\/simples-nacional-arte.png\",\"datePublished\":\"2026-04-28T23:38:05+00:00\",\"breadcrumb\":{\"@id\":\"https:\\\/\\\/motorista.com.br\\\/noticias\\\/2026\\\/04\\\/28\\\/nfse-nacional-sera-mandatoria-para-optantes-a-partir-de-setembro\\\/#breadcrumb\"},\"inLanguage\":\"pt-BR\",\"potentialAction\":[{\"@type\":\"ReadAction\",\"target\":[\"https:\\\/\\\/motorista.com.br\\\/noticias\\\/2026\\\/04\\\/28\\\/nfse-nacional-sera-mandatoria-para-optantes-a-partir-de-setembro\\\/\"]}]},{\"@type\":\"ImageObject\",\"inLanguage\":\"pt-BR\",\"@id\":\"https:\\\/\\\/motorista.com.br\\\/noticias\\\/2026\\\/04\\\/28\\\/nfse-nacional-sera-mandatoria-para-optantes-a-partir-de-setembro\\\/#primaryimage\",\"url\":\"https:\\\/\\\/motorista.com.br\\\/noticias\\\/wp-content\\\/uploads\\\/2026\\\/04\\\/simples-nacional-arte.png\",\"contentUrl\":\"https:\\\/\\\/motorista.com.br\\\/noticias\\\/wp-content\\\/uploads\\\/2026\\\/04\\\/simples-nacional-arte.png\",\"width\":2176,\"height\":1214},{\"@type\":\"BreadcrumbList\",\"@id\":\"https:\\\/\\\/motorista.com.br\\\/noticias\\\/2026\\\/04\\\/28\\\/nfse-nacional-sera-mandatoria-para-optantes-a-partir-de-setembro\\\/#breadcrumb\",\"itemListElement\":[{\"@type\":\"ListItem\",\"position\":1,\"name\":\"In\u00edcio\",\"item\":\"https:\\\/\\\/motorista.com.br\\\/noticias\\\/\"},{\"@type\":\"ListItem\",\"position\":2,\"name\":\"NFSe nacional ser\u00e1 mandat\u00f3ria para optantes a partir de setembro\"}]},{\"@type\":\"WebSite\",\"@id\":\"https:\\\/\\\/motorista.com.br\\\/noticias\\\/#website\",\"url\":\"https:\\\/\\\/motorista.com.br\\\/noticias\\\/\",\"name\":\"Motorista.com.br\",\"description\":\"Not\u00edcia do Motorista\",\"publisher\":{\"@id\":\"https:\\\/\\\/motorista.com.br\\\/noticias\\\/#organization\"},\"potentialAction\":[{\"@type\":\"SearchAction\",\"target\":{\"@type\":\"EntryPoint\",\"urlTemplate\":\"https:\\\/\\\/motorista.com.br\\\/noticias\\\/?s={search_term_string}\"},\"query-input\":{\"@type\":\"PropertyValueSpecification\",\"valueRequired\":true,\"valueName\":\"search_term_string\"}}],\"inLanguage\":\"pt-BR\"},{\"@type\":\"Organization\",\"@id\":\"https:\\\/\\\/motorista.com.br\\\/noticias\\\/#organization\",\"name\":\"Motorista.com.br\",\"url\":\"https:\\\/\\\/motorista.com.br\\\/noticias\\\/\",\"logo\":{\"@type\":\"ImageObject\",\"inLanguage\":\"pt-BR\",\"@id\":\"https:\\\/\\\/motorista.com.br\\\/noticias\\\/#\\\/schema\\\/logo\\\/image\\\/\",\"url\":\"https:\\\/\\\/motorista.com.br\\\/noticias\\\/wp-content\\\/uploads\\\/2025\\\/06\\\/Design-sem-nome-9.png\",\"contentUrl\":\"https:\\\/\\\/motorista.com.br\\\/noticias\\\/wp-content\\\/uploads\\\/2025\\\/06\\\/Design-sem-nome-9.png\",\"width\":150,\"height\":85,\"caption\":\"Motorista.com.br\"},\"image\":{\"@id\":\"https:\\\/\\\/motorista.com.br\\\/noticias\\\/#\\\/schema\\\/logo\\\/image\\\/\"}},{\"@type\":\"Person\",\"@id\":\"https:\\\/\\\/motorista.com.br\\\/noticias\\\/#\\\/schema\\\/person\\\/dc93afc2981c0e3ce6bc3c053fd847be\",\"name\":\"Equipe Reda\u00e7\u00e3o\",\"image\":{\"@type\":\"ImageObject\",\"inLanguage\":\"pt-BR\",\"@id\":\"https:\\\/\\\/secure.gravatar.com\\\/avatar\\\/4f525efbf18dd2bb300ccad28bfb99d95a9465a5ba268407c8c37b37e1f28d2d?s=96&d=mm&r=g9e099043a0c61e9ae27e293b9fa75ffc\",\"url\":\"https:\\\/\\\/secure.gravatar.com\\\/avatar\\\/4f525efbf18dd2bb300ccad28bfb99d95a9465a5ba268407c8c37b37e1f28d2d?s=96&d=mm&r=g\",\"contentUrl\":\"https:\\\/\\\/secure.gravatar.com\\\/avatar\\\/4f525efbf18dd2bb300ccad28bfb99d95a9465a5ba268407c8c37b37e1f28d2d?s=96&d=mm&r=g\",\"caption\":\"Equipe Reda\u00e7\u00e3o\"},\"description\":\"Equipe de reda\u00e7\u00e3o \u00e9 um grupo de profissionais que trabalham juntos para criar conte\u00fado escrito para Motorista.com.br\",\"url\":\"https:\\\/\\\/motorista.com.br\\\/noticias\\\/author\\\/equiperedacao\\\/\"}]}<\/script>\n<!-- \/ Yoast SEO Premium plugin. -->","yoast_head_json":{"title":"NFSe nacional ser\u00e1 mandat\u00f3ria para optantes a partir de setembro - Motorista.com.br","robots":{"index":"index","follow":"follow","max-snippet":"max-snippet:-1","max-image-preview":"max-image-preview:large","max-video-preview":"max-video-preview:-1"},"canonical":"https:\/\/motorista.com.br\/noticias\/2026\/04\/28\/nfse-nacional-sera-mandatoria-para-optantes-a-partir-de-setembro\/","og_locale":"pt_BR","og_type":"article","og_title":"NFSe nacional ser\u00e1 mandat\u00f3ria para optantes a partir de setembro","og_description":"NFSe Padr\u00e3o Nacional: Implica\u00e7\u00f5es para Motoristas e Mobilidade Em uma importante mudan\u00e7a no cen\u00e1rio tribut\u00e1rio brasileiro, microempresas (MEs) e empresas de pequeno porte (EPPs) optantes pelo Simples Nacional, a partir de 1\u00ba de setembro de 2026, dever\u00e3o adotar obrigatoriamente o padr\u00e3o nacional da Nota Fiscal de Servi\u00e7o Eletr\u00f4nica (NFSe) para a emiss\u00e3o de documentos relativos &hellip;","og_url":"https:\/\/motorista.com.br\/noticias\/2026\/04\/28\/nfse-nacional-sera-mandatoria-para-optantes-a-partir-de-setembro\/","og_site_name":"Motorista.com.br","article_published_time":"2026-04-28T23:38:05+00:00","author":"Equipe Reda\u00e7\u00e3o","twitter_card":"summary_large_image","twitter_misc":{"Escrito por":"Equipe Reda\u00e7\u00e3o","Est. tempo de leitura":"2 minutos","Written by":"Equipe Reda\u00e7\u00e3o"},"schema":{"@context":"https:\/\/schema.org","@graph":[{"@type":"Article","@id":"https:\/\/motorista.com.br\/noticias\/2026\/04\/28\/nfse-nacional-sera-mandatoria-para-optantes-a-partir-de-setembro\/#article","isPartOf":{"@id":"https:\/\/motorista.com.br\/noticias\/2026\/04\/28\/nfse-nacional-sera-mandatoria-para-optantes-a-partir-de-setembro\/"},"author":{"name":"Equipe Reda\u00e7\u00e3o","@id":"https:\/\/motorista.com.br\/noticias\/#\/schema\/person\/dc93afc2981c0e3ce6bc3c053fd847be"},"headline":"NFSe nacional ser\u00e1 mandat\u00f3ria para optantes a partir de setembro","datePublished":"2026-04-28T23:38:05+00:00","mainEntityOfPage":{"@id":"https:\/\/motorista.com.br\/noticias\/2026\/04\/28\/nfse-nacional-sera-mandatoria-para-optantes-a-partir-de-setembro\/"},"wordCount":449,"publisher":{"@id":"https:\/\/motorista.com.br\/noticias\/#organization"},"image":{"@id":"https:\/\/motorista.com.br\/noticias\/2026\/04\/28\/nfse-nacional-sera-mandatoria-para-optantes-a-partir-de-setembro\/#primaryimage"},"thumbnailUrl":"https:\/\/motorista.com.br\/noticias\/wp-content\/uploads\/2026\/04\/simples-nacional-arte.png","articleSection":["Legisla\u00e7\u00e3o"],"inLanguage":"pt-BR"},{"@type":"WebPage","@id":"https:\/\/motorista.com.br\/noticias\/2026\/04\/28\/nfse-nacional-sera-mandatoria-para-optantes-a-partir-de-setembro\/","url":"https:\/\/motorista.com.br\/noticias\/2026\/04\/28\/nfse-nacional-sera-mandatoria-para-optantes-a-partir-de-setembro\/","name":"NFSe nacional ser\u00e1 mandat\u00f3ria para optantes a partir de setembro - Motorista.com.br","isPartOf":{"@id":"https:\/\/motorista.com.br\/noticias\/#website"},"primaryImageOfPage":{"@id":"https:\/\/motorista.com.br\/noticias\/2026\/04\/28\/nfse-nacional-sera-mandatoria-para-optantes-a-partir-de-setembro\/#primaryimage"},"image":{"@id":"https:\/\/motorista.com.br\/noticias\/2026\/04\/28\/nfse-nacional-sera-mandatoria-para-optantes-a-partir-de-setembro\/#primaryimage"},"thumbnailUrl":"https:\/\/motorista.com.br\/noticias\/wp-content\/uploads\/2026\/04\/simples-nacional-arte.png","datePublished":"2026-04-28T23:38:05+00:00","breadcrumb":{"@id":"https:\/\/motorista.com.br\/noticias\/2026\/04\/28\/nfse-nacional-sera-mandatoria-para-optantes-a-partir-de-setembro\/#breadcrumb"},"inLanguage":"pt-BR","potentialAction":[{"@type":"ReadAction","target":["https:\/\/motorista.com.br\/noticias\/2026\/04\/28\/nfse-nacional-sera-mandatoria-para-optantes-a-partir-de-setembro\/"]}]},{"@type":"ImageObject","inLanguage":"pt-BR","@id":"https:\/\/motorista.com.br\/noticias\/2026\/04\/28\/nfse-nacional-sera-mandatoria-para-optantes-a-partir-de-setembro\/#primaryimage","url":"https:\/\/motorista.com.br\/noticias\/wp-content\/uploads\/2026\/04\/simples-nacional-arte.png","contentUrl":"https:\/\/motorista.com.br\/noticias\/wp-content\/uploads\/2026\/04\/simples-nacional-arte.png","width":2176,"height":1214},{"@type":"BreadcrumbList","@id":"https:\/\/motorista.com.br\/noticias\/2026\/04\/28\/nfse-nacional-sera-mandatoria-para-optantes-a-partir-de-setembro\/#breadcrumb","itemListElement":[{"@type":"ListItem","position":1,"name":"In\u00edcio","item":"https:\/\/motorista.com.br\/noticias\/"},{"@type":"ListItem","position":2,"name":"NFSe nacional ser\u00e1 mandat\u00f3ria para optantes a partir de setembro"}]},{"@type":"WebSite","@id":"https:\/\/motorista.com.br\/noticias\/#website","url":"https:\/\/motorista.com.br\/noticias\/","name":"Motorista.com.br","description":"Not\u00edcia do Motorista","publisher":{"@id":"https:\/\/motorista.com.br\/noticias\/#organization"},"potentialAction":[{"@type":"SearchAction","target":{"@type":"EntryPoint","urlTemplate":"https:\/\/motorista.com.br\/noticias\/?s={search_term_string}"},"query-input":{"@type":"PropertyValueSpecification","valueRequired":true,"valueName":"search_term_string"}}],"inLanguage":"pt-BR"},{"@type":"Organization","@id":"https:\/\/motorista.com.br\/noticias\/#organization","name":"Motorista.com.br","url":"https:\/\/motorista.com.br\/noticias\/","logo":{"@type":"ImageObject","inLanguage":"pt-BR","@id":"https:\/\/motorista.com.br\/noticias\/#\/schema\/logo\/image\/","url":"https:\/\/motorista.com.br\/noticias\/wp-content\/uploads\/2025\/06\/Design-sem-nome-9.png","contentUrl":"https:\/\/motorista.com.br\/noticias\/wp-content\/uploads\/2025\/06\/Design-sem-nome-9.png","width":150,"height":85,"caption":"Motorista.com.br"},"image":{"@id":"https:\/\/motorista.com.br\/noticias\/#\/schema\/logo\/image\/"}},{"@type":"Person","@id":"https:\/\/motorista.com.br\/noticias\/#\/schema\/person\/dc93afc2981c0e3ce6bc3c053fd847be","name":"Equipe Reda\u00e7\u00e3o","image":{"@type":"ImageObject","inLanguage":"pt-BR","@id":"https:\/\/secure.gravatar.com\/avatar\/4f525efbf18dd2bb300ccad28bfb99d95a9465a5ba268407c8c37b37e1f28d2d?s=96&d=mm&r=g9e099043a0c61e9ae27e293b9fa75ffc","url":"https:\/\/secure.gravatar.com\/avatar\/4f525efbf18dd2bb300ccad28bfb99d95a9465a5ba268407c8c37b37e1f28d2d?s=96&d=mm&r=g","contentUrl":"https:\/\/secure.gravatar.com\/avatar\/4f525efbf18dd2bb300ccad28bfb99d95a9465a5ba268407c8c37b37e1f28d2d?s=96&d=mm&r=g","caption":"Equipe Reda\u00e7\u00e3o"},"description":"Equipe de reda\u00e7\u00e3o \u00e9 um grupo de profissionais que trabalham juntos para criar conte\u00fado escrito para Motorista.com.br","url":"https:\/\/motorista.com.br\/noticias\/author\/equiperedacao\/"}]}},"_links":{"self":[{"href":"https:\/\/motorista.com.br\/noticias\/wp-json\/wp\/v2\/posts\/9285","targetHints":{"allow":["GET"]}}],"collection":[{"href":"https:\/\/motorista.com.br\/noticias\/wp-json\/wp\/v2\/posts"}],"about":[{"href":"https:\/\/motorista.com.br\/noticias\/wp-json\/wp\/v2\/types\/post"}],"author":[{"embeddable":true,"href":"https:\/\/motorista.com.br\/noticias\/wp-json\/wp\/v2\/users\/4"}],"replies":[{"embeddable":true,"href":"https:\/\/motorista.com.br\/noticias\/wp-json\/wp\/v2\/comments?post=9285"}],"version-history":[{"count":0,"href":"https:\/\/motorista.com.br\/noticias\/wp-json\/wp\/v2\/posts\/9285\/revisions"}],"wp:featuredmedia":[{"embeddable":true,"href":"https:\/\/motorista.com.br\/noticias\/wp-json\/wp\/v2\/media\/9286"}],"wp:attachment":[{"href":"https:\/\/motorista.com.br\/noticias\/wp-json\/wp\/v2\/media?parent=9285"}],"wp:term":[{"taxonomy":"category","embeddable":true,"href":"https:\/\/motorista.com.br\/noticias\/wp-json\/wp\/v2\/categories?post=9285"},{"taxonomy":"post_tag","embeddable":true,"href":"https:\/\/motorista.com.br\/noticias\/wp-json\/wp\/v2\/tags?post=9285"},{"taxonomy":"author","embeddable":true,"href":"https:\/\/motorista.com.br\/noticias\/wp-json\/wp\/v2\/coauthors?post=9285"}],"curies":[{"name":"wp","href":"https:\/\/api.w.org\/{rel}","templated":true}]}}