{"id":9283,"date":"2026-04-28T20:33:16","date_gmt":"2026-04-28T23:33:16","guid":{"rendered":"https:\/\/motorista.com.br\/noticias\/2026\/04\/28\/incendio-em-londrina-destaca-crise-indigena-e-desafia-prefeitura\/"},"modified":"2026-04-28T20:33:16","modified_gmt":"2026-04-28T23:33:16","slug":"incendio-em-londrina-destaca-crise-indigena-e-desafia-prefeitura","status":"publish","type":"post","link":"https:\/\/motorista.com.br\/noticias\/2026\/04\/28\/incendio-em-londrina-destaca-crise-indigena-e-desafia-prefeitura\/","title":{"rendered":"Inc\u00eandio em Londrina destaca crise ind\u00edgena e desafia Prefeitura."},"content":{"rendered":"<p><\/p>\n<p><strong>Crise Ind\u00edgena em Londrina e Seus Impactos na Mobilidade e Comunidade<\/strong><\/p>\n<p>A recente crise no Centro Cultural Kaingang V\u00e3re, em Londrina, exp\u00f5e a fragilidade das condi\u00e7\u00f5es de vida dos ind\u00edgenas e reflete uma situa\u00e7\u00e3o que impacta diretamente a mobilidade urbana e a conviv\u00eancia na regi\u00e3o. A C\u00e2mara Municipal debateu intensamente os efeitos do inc\u00eandio que destruiu sete moradias, apenas seis meses ap\u00f3s um incidente semelhante. Embora n\u00e3o tenham ocorrido feridos, as perdas materiais foram devastadoras em uma comunidade j\u00e1 marcada pela vulnerabilidade.<\/p>\n<p>Quando a maioria dos moradores estava fora, participando de atividades do Dia dos Povos Ind\u00edgenas, o inc\u00eandio revelou a urg\u00eancia da reconstru\u00e7\u00e3o. As fam\u00edlias agora enfrentam desafios n\u00e3o apenas para a recupera\u00e7\u00e3o das moradias, mas tamb\u00e9m para garantir a seguran\u00e7a e bem-estar na \u00e1rea. A preocupa\u00e7\u00e3o com a seguran\u00e7a tamb\u00e9m ressoa entre os vizinhos, que veem a situa\u00e7\u00e3o como um fator que compromete a qualidade de vida e ordem p\u00fablica no local.<\/p>\n<p>A crise n\u00e3o \u00e9 um acontecimento isolado; ela representa a luta hist\u00f3rica por reassentamento e reconhecimento das necessidades b\u00e1sicas. A falta de um posicionamento claro da Prefeitura e a disputa sobre quem deve assumir responsabilidade apenas agravam a situa\u00e7\u00e3o. Enquanto as solu\u00e7\u00f5es permanecem indefinidas, a possibilidade de conflitos futuros \u00e9 uma realidade inquietante, podendo afetar a mobilidade e seguran\u00e7a na regi\u00e3o.<\/p>\n<p>O debate na C\u00e2mara Municipal, onde vereadores expressaram a necessidade de uma solu\u00e7\u00e3o digna e planejada, evidencia que o impasse n\u00e3o \u00e9 apenas um problema local, mas um reflexo das rela\u00e7\u00f5es sociais e pol\u00edticas que precisam ser repensadas. Caso n\u00e3o haja uma resposta firme e coordenada, o risco de novas trag\u00e9dias se torna iminente, prejudicando n\u00e3o apenas os ind\u00edgenas, mas toda a comunidade que depende de um ambiente seguro e est\u00e1vel para conviver e se deslocar.<\/p>\n<p>As consequ\u00eancias da aus\u00eancia de pol\u00edticas efetivas v\u00e3o al\u00e9m do \u00e2mbito social; elas afetam a mobilidade urbana. A inseguran\u00e7a e a precariedade podem criar barreiras para o acesso a servi\u00e7os essenciais, aumentando a dist\u00e2ncia que muitos precisam percorrer para atender suas necessidades di\u00e1rias. Assim, a crise n\u00e3o \u00e9 apenas sobre moradia, mas sobre a qualidade de vida e a capacidade de se mover com seguran\u00e7a e dignidade em uma cidade que deve ser acess\u00edvel a todos.<\/p>\n<p>Nesse cen\u00e1rio, a mobiliza\u00e7\u00e3o da comunidade para arrecadar materiais e apoio revela a resili\u00eancia dos moradores, mas tamb\u00e9m destaca a urg\u00eancia de uma a\u00e7\u00e3o governamental embasada em planejamento s\u00e9rio e compromisso com a solu\u00e7\u00e3o das reivindica\u00e7\u00f5es. O futuro da comunidade ind\u00edgena em Londrina depende da capacidade das autoridades de implementar um di\u00e1logo efetivo e desenvolver um plano que priorize a dignidade e a prote\u00e7\u00e3o dos direitos humanos de todos os cidad\u00e3os.<\/p>\n<p>Em suma, a situa\u00e7\u00e3o em Londrina destaca a interconectividade entre crise social, seguran\u00e7a e mobilidade. A aus\u00eancia de uma solu\u00e7\u00e3o r\u00e1pida e abrangente pode gerar impactos negativos n\u00e3o apenas para os ind\u00edgenas, mas para toda a comunidade, prejudicando a conviv\u00eancia e o acesso a direitos fundamentais.<\/p>\n","protected":false},"excerpt":{"rendered":"<p>Crise Ind\u00edgena em Londrina e Seus Impactos na Mobilidade e Comunidade A recente crise no Centro Cultural Kaingang V\u00e3re, em Londrina, exp\u00f5e a fragilidade das condi\u00e7\u00f5es de vida dos ind\u00edgenas e reflete uma situa\u00e7\u00e3o que impacta diretamente a mobilidade urbana e a conviv\u00eancia na regi\u00e3o. A C\u00e2mara Municipal debateu intensamente os efeitos do inc\u00eandio que &hellip;<\/p>\n","protected":false},"author":4,"featured_media":9284,"comment_status":"","ping_status":"open","sticky":false,"template":"","format":"standard","meta":{"footnotes":""},"categories":[45],"tags":[],"coauthors":[42],"class_list":["post-9283","post","type-post","status-publish","format-standard","has-post-thumbnail","hentry","category-mundo"],"yoast_head":"<!-- This site is optimized with the Yoast SEO Premium plugin v25.5 (Yoast SEO v27.5) - https:\/\/yoast.com\/product\/yoast-seo-premium-wordpress\/ -->\n<title>Inc\u00eandio em Londrina destaca crise ind\u00edgena e desafia Prefeitura. - Motorista.com.br<\/title>\n<meta name=\"robots\" content=\"index, follow, max-snippet:-1, max-image-preview:large, max-video-preview:-1\" \/>\n<link rel=\"canonical\" href=\"https:\/\/motorista.com.br\/noticias\/2026\/04\/28\/incendio-em-londrina-destaca-crise-indigena-e-desafia-prefeitura\/\" \/>\n<meta property=\"og:locale\" content=\"pt_BR\" \/>\n<meta property=\"og:type\" content=\"article\" \/>\n<meta property=\"og:title\" content=\"Inc\u00eandio em Londrina destaca crise ind\u00edgena e desafia Prefeitura.\" \/>\n<meta property=\"og:description\" content=\"Crise Ind\u00edgena em Londrina e Seus Impactos na Mobilidade e Comunidade A recente crise no Centro Cultural Kaingang V\u00e3re, em Londrina, exp\u00f5e a fragilidade das condi\u00e7\u00f5es de vida dos ind\u00edgenas e reflete uma situa\u00e7\u00e3o que impacta diretamente a mobilidade urbana e a conviv\u00eancia na regi\u00e3o. A C\u00e2mara Municipal debateu intensamente os efeitos do inc\u00eandio que &hellip;\" \/>\n<meta property=\"og:url\" content=\"https:\/\/motorista.com.br\/noticias\/2026\/04\/28\/incendio-em-londrina-destaca-crise-indigena-e-desafia-prefeitura\/\" \/>\n<meta property=\"og:site_name\" content=\"Motorista.com.br\" \/>\n<meta property=\"article:published_time\" content=\"2026-04-28T23:33:16+00:00\" \/>\n<meta name=\"author\" content=\"Equipe Reda\u00e7\u00e3o\" \/>\n<meta name=\"twitter:card\" content=\"summary_large_image\" \/>\n<meta name=\"twitter:label1\" content=\"Escrito por\" \/>\n\t<meta name=\"twitter:data1\" content=\"Equipe Reda\u00e7\u00e3o\" \/>\n\t<meta name=\"twitter:label2\" content=\"Est. tempo de leitura\" \/>\n\t<meta name=\"twitter:data2\" content=\"3 minutos\" \/>\n\t<meta name=\"twitter:label3\" content=\"Written by\" \/>\n\t<meta name=\"twitter:data3\" content=\"Equipe Reda\u00e7\u00e3o\" \/>\n<script type=\"application\/ld+json\" class=\"yoast-schema-graph\">{\"@context\":\"https:\\\/\\\/schema.org\",\"@graph\":[{\"@type\":\"Article\",\"@id\":\"https:\\\/\\\/motorista.com.br\\\/noticias\\\/2026\\\/04\\\/28\\\/incendio-em-londrina-destaca-crise-indigena-e-desafia-prefeitura\\\/#article\",\"isPartOf\":{\"@id\":\"https:\\\/\\\/motorista.com.br\\\/noticias\\\/2026\\\/04\\\/28\\\/incendio-em-londrina-destaca-crise-indigena-e-desafia-prefeitura\\\/\"},\"author\":{\"name\":\"Equipe Reda\u00e7\u00e3o\",\"@id\":\"https:\\\/\\\/motorista.com.br\\\/noticias\\\/#\\\/schema\\\/person\\\/dc93afc2981c0e3ce6bc3c053fd847be\"},\"headline\":\"Inc\u00eandio em Londrina destaca crise ind\u00edgena e desafia Prefeitura.\",\"datePublished\":\"2026-04-28T23:33:16+00:00\",\"mainEntityOfPage\":{\"@id\":\"https:\\\/\\\/motorista.com.br\\\/noticias\\\/2026\\\/04\\\/28\\\/incendio-em-londrina-destaca-crise-indigena-e-desafia-prefeitura\\\/\"},\"wordCount\":567,\"publisher\":{\"@id\":\"https:\\\/\\\/motorista.com.br\\\/noticias\\\/#organization\"},\"image\":{\"@id\":\"https:\\\/\\\/motorista.com.br\\\/noticias\\\/2026\\\/04\\\/28\\\/incendio-em-londrina-destaca-crise-indigena-e-desafia-prefeitura\\\/#primaryimage\"},\"thumbnailUrl\":\"https:\\\/\\\/motorista.com.br\\\/noticias\\\/wp-content\\\/uploads\\\/2026\\\/04\\\/20260428171358_ogImage_24.webp.webp\",\"articleSection\":[\"Mundo\"],\"inLanguage\":\"pt-BR\"},{\"@type\":\"WebPage\",\"@id\":\"https:\\\/\\\/motorista.com.br\\\/noticias\\\/2026\\\/04\\\/28\\\/incendio-em-londrina-destaca-crise-indigena-e-desafia-prefeitura\\\/\",\"url\":\"https:\\\/\\\/motorista.com.br\\\/noticias\\\/2026\\\/04\\\/28\\\/incendio-em-londrina-destaca-crise-indigena-e-desafia-prefeitura\\\/\",\"name\":\"Inc\u00eandio em Londrina destaca crise ind\u00edgena e desafia Prefeitura. - Motorista.com.br\",\"isPartOf\":{\"@id\":\"https:\\\/\\\/motorista.com.br\\\/noticias\\\/#website\"},\"primaryImageOfPage\":{\"@id\":\"https:\\\/\\\/motorista.com.br\\\/noticias\\\/2026\\\/04\\\/28\\\/incendio-em-londrina-destaca-crise-indigena-e-desafia-prefeitura\\\/#primaryimage\"},\"image\":{\"@id\":\"https:\\\/\\\/motorista.com.br\\\/noticias\\\/2026\\\/04\\\/28\\\/incendio-em-londrina-destaca-crise-indigena-e-desafia-prefeitura\\\/#primaryimage\"},\"thumbnailUrl\":\"https:\\\/\\\/motorista.com.br\\\/noticias\\\/wp-content\\\/uploads\\\/2026\\\/04\\\/20260428171358_ogImage_24.webp.webp\",\"datePublished\":\"2026-04-28T23:33:16+00:00\",\"breadcrumb\":{\"@id\":\"https:\\\/\\\/motorista.com.br\\\/noticias\\\/2026\\\/04\\\/28\\\/incendio-em-londrina-destaca-crise-indigena-e-desafia-prefeitura\\\/#breadcrumb\"},\"inLanguage\":\"pt-BR\",\"potentialAction\":[{\"@type\":\"ReadAction\",\"target\":[\"https:\\\/\\\/motorista.com.br\\\/noticias\\\/2026\\\/04\\\/28\\\/incendio-em-londrina-destaca-crise-indigena-e-desafia-prefeitura\\\/\"]}]},{\"@type\":\"ImageObject\",\"inLanguage\":\"pt-BR\",\"@id\":\"https:\\\/\\\/motorista.com.br\\\/noticias\\\/2026\\\/04\\\/28\\\/incendio-em-londrina-destaca-crise-indigena-e-desafia-prefeitura\\\/#primaryimage\",\"url\":\"https:\\\/\\\/motorista.com.br\\\/noticias\\\/wp-content\\\/uploads\\\/2026\\\/04\\\/20260428171358_ogImage_24.webp.webp\",\"contentUrl\":\"https:\\\/\\\/motorista.com.br\\\/noticias\\\/wp-content\\\/uploads\\\/2026\\\/04\\\/20260428171358_ogImage_24.webp.webp\",\"width\":730,\"height\":400},{\"@type\":\"BreadcrumbList\",\"@id\":\"https:\\\/\\\/motorista.com.br\\\/noticias\\\/2026\\\/04\\\/28\\\/incendio-em-londrina-destaca-crise-indigena-e-desafia-prefeitura\\\/#breadcrumb\",\"itemListElement\":[{\"@type\":\"ListItem\",\"position\":1,\"name\":\"In\u00edcio\",\"item\":\"https:\\\/\\\/motorista.com.br\\\/noticias\\\/\"},{\"@type\":\"ListItem\",\"position\":2,\"name\":\"Inc\u00eandio em Londrina destaca crise ind\u00edgena e desafia Prefeitura.\"}]},{\"@type\":\"WebSite\",\"@id\":\"https:\\\/\\\/motorista.com.br\\\/noticias\\\/#website\",\"url\":\"https:\\\/\\\/motorista.com.br\\\/noticias\\\/\",\"name\":\"Motorista.com.br\",\"description\":\"Not\u00edcia do Motorista\",\"publisher\":{\"@id\":\"https:\\\/\\\/motorista.com.br\\\/noticias\\\/#organization\"},\"potentialAction\":[{\"@type\":\"SearchAction\",\"target\":{\"@type\":\"EntryPoint\",\"urlTemplate\":\"https:\\\/\\\/motorista.com.br\\\/noticias\\\/?s={search_term_string}\"},\"query-input\":{\"@type\":\"PropertyValueSpecification\",\"valueRequired\":true,\"valueName\":\"search_term_string\"}}],\"inLanguage\":\"pt-BR\"},{\"@type\":\"Organization\",\"@id\":\"https:\\\/\\\/motorista.com.br\\\/noticias\\\/#organization\",\"name\":\"Motorista.com.br\",\"url\":\"https:\\\/\\\/motorista.com.br\\\/noticias\\\/\",\"logo\":{\"@type\":\"ImageObject\",\"inLanguage\":\"pt-BR\",\"@id\":\"https:\\\/\\\/motorista.com.br\\\/noticias\\\/#\\\/schema\\\/logo\\\/image\\\/\",\"url\":\"https:\\\/\\\/motorista.com.br\\\/noticias\\\/wp-content\\\/uploads\\\/2025\\\/06\\\/Design-sem-nome-9.png\",\"contentUrl\":\"https:\\\/\\\/motorista.com.br\\\/noticias\\\/wp-content\\\/uploads\\\/2025\\\/06\\\/Design-sem-nome-9.png\",\"width\":150,\"height\":85,\"caption\":\"Motorista.com.br\"},\"image\":{\"@id\":\"https:\\\/\\\/motorista.com.br\\\/noticias\\\/#\\\/schema\\\/logo\\\/image\\\/\"}},{\"@type\":\"Person\",\"@id\":\"https:\\\/\\\/motorista.com.br\\\/noticias\\\/#\\\/schema\\\/person\\\/dc93afc2981c0e3ce6bc3c053fd847be\",\"name\":\"Equipe Reda\u00e7\u00e3o\",\"image\":{\"@type\":\"ImageObject\",\"inLanguage\":\"pt-BR\",\"@id\":\"https:\\\/\\\/secure.gravatar.com\\\/avatar\\\/4f525efbf18dd2bb300ccad28bfb99d95a9465a5ba268407c8c37b37e1f28d2d?s=96&d=mm&r=g9e099043a0c61e9ae27e293b9fa75ffc\",\"url\":\"https:\\\/\\\/secure.gravatar.com\\\/avatar\\\/4f525efbf18dd2bb300ccad28bfb99d95a9465a5ba268407c8c37b37e1f28d2d?s=96&d=mm&r=g\",\"contentUrl\":\"https:\\\/\\\/secure.gravatar.com\\\/avatar\\\/4f525efbf18dd2bb300ccad28bfb99d95a9465a5ba268407c8c37b37e1f28d2d?s=96&d=mm&r=g\",\"caption\":\"Equipe Reda\u00e7\u00e3o\"},\"description\":\"Equipe de reda\u00e7\u00e3o \u00e9 um grupo de profissionais que trabalham juntos para criar conte\u00fado escrito para Motorista.com.br\",\"url\":\"https:\\\/\\\/motorista.com.br\\\/noticias\\\/author\\\/equiperedacao\\\/\"}]}<\/script>\n<!-- \/ Yoast SEO Premium plugin. -->","yoast_head_json":{"title":"Inc\u00eandio em Londrina destaca crise ind\u00edgena e desafia Prefeitura. - Motorista.com.br","robots":{"index":"index","follow":"follow","max-snippet":"max-snippet:-1","max-image-preview":"max-image-preview:large","max-video-preview":"max-video-preview:-1"},"canonical":"https:\/\/motorista.com.br\/noticias\/2026\/04\/28\/incendio-em-londrina-destaca-crise-indigena-e-desafia-prefeitura\/","og_locale":"pt_BR","og_type":"article","og_title":"Inc\u00eandio em Londrina destaca crise ind\u00edgena e desafia Prefeitura.","og_description":"Crise Ind\u00edgena em Londrina e Seus Impactos na Mobilidade e Comunidade A recente crise no Centro Cultural Kaingang V\u00e3re, em Londrina, exp\u00f5e a fragilidade das condi\u00e7\u00f5es de vida dos ind\u00edgenas e reflete uma situa\u00e7\u00e3o que impacta diretamente a mobilidade urbana e a conviv\u00eancia na regi\u00e3o. A C\u00e2mara Municipal debateu intensamente os efeitos do inc\u00eandio que &hellip;","og_url":"https:\/\/motorista.com.br\/noticias\/2026\/04\/28\/incendio-em-londrina-destaca-crise-indigena-e-desafia-prefeitura\/","og_site_name":"Motorista.com.br","article_published_time":"2026-04-28T23:33:16+00:00","author":"Equipe Reda\u00e7\u00e3o","twitter_card":"summary_large_image","twitter_misc":{"Escrito por":"Equipe Reda\u00e7\u00e3o","Est. tempo de leitura":"3 minutos","Written by":"Equipe Reda\u00e7\u00e3o"},"schema":{"@context":"https:\/\/schema.org","@graph":[{"@type":"Article","@id":"https:\/\/motorista.com.br\/noticias\/2026\/04\/28\/incendio-em-londrina-destaca-crise-indigena-e-desafia-prefeitura\/#article","isPartOf":{"@id":"https:\/\/motorista.com.br\/noticias\/2026\/04\/28\/incendio-em-londrina-destaca-crise-indigena-e-desafia-prefeitura\/"},"author":{"name":"Equipe Reda\u00e7\u00e3o","@id":"https:\/\/motorista.com.br\/noticias\/#\/schema\/person\/dc93afc2981c0e3ce6bc3c053fd847be"},"headline":"Inc\u00eandio em Londrina destaca crise ind\u00edgena e desafia Prefeitura.","datePublished":"2026-04-28T23:33:16+00:00","mainEntityOfPage":{"@id":"https:\/\/motorista.com.br\/noticias\/2026\/04\/28\/incendio-em-londrina-destaca-crise-indigena-e-desafia-prefeitura\/"},"wordCount":567,"publisher":{"@id":"https:\/\/motorista.com.br\/noticias\/#organization"},"image":{"@id":"https:\/\/motorista.com.br\/noticias\/2026\/04\/28\/incendio-em-londrina-destaca-crise-indigena-e-desafia-prefeitura\/#primaryimage"},"thumbnailUrl":"https:\/\/motorista.com.br\/noticias\/wp-content\/uploads\/2026\/04\/20260428171358_ogImage_24.webp.webp","articleSection":["Mundo"],"inLanguage":"pt-BR"},{"@type":"WebPage","@id":"https:\/\/motorista.com.br\/noticias\/2026\/04\/28\/incendio-em-londrina-destaca-crise-indigena-e-desafia-prefeitura\/","url":"https:\/\/motorista.com.br\/noticias\/2026\/04\/28\/incendio-em-londrina-destaca-crise-indigena-e-desafia-prefeitura\/","name":"Inc\u00eandio em Londrina destaca crise ind\u00edgena e desafia Prefeitura. - Motorista.com.br","isPartOf":{"@id":"https:\/\/motorista.com.br\/noticias\/#website"},"primaryImageOfPage":{"@id":"https:\/\/motorista.com.br\/noticias\/2026\/04\/28\/incendio-em-londrina-destaca-crise-indigena-e-desafia-prefeitura\/#primaryimage"},"image":{"@id":"https:\/\/motorista.com.br\/noticias\/2026\/04\/28\/incendio-em-londrina-destaca-crise-indigena-e-desafia-prefeitura\/#primaryimage"},"thumbnailUrl":"https:\/\/motorista.com.br\/noticias\/wp-content\/uploads\/2026\/04\/20260428171358_ogImage_24.webp.webp","datePublished":"2026-04-28T23:33:16+00:00","breadcrumb":{"@id":"https:\/\/motorista.com.br\/noticias\/2026\/04\/28\/incendio-em-londrina-destaca-crise-indigena-e-desafia-prefeitura\/#breadcrumb"},"inLanguage":"pt-BR","potentialAction":[{"@type":"ReadAction","target":["https:\/\/motorista.com.br\/noticias\/2026\/04\/28\/incendio-em-londrina-destaca-crise-indigena-e-desafia-prefeitura\/"]}]},{"@type":"ImageObject","inLanguage":"pt-BR","@id":"https:\/\/motorista.com.br\/noticias\/2026\/04\/28\/incendio-em-londrina-destaca-crise-indigena-e-desafia-prefeitura\/#primaryimage","url":"https:\/\/motorista.com.br\/noticias\/wp-content\/uploads\/2026\/04\/20260428171358_ogImage_24.webp.webp","contentUrl":"https:\/\/motorista.com.br\/noticias\/wp-content\/uploads\/2026\/04\/20260428171358_ogImage_24.webp.webp","width":730,"height":400},{"@type":"BreadcrumbList","@id":"https:\/\/motorista.com.br\/noticias\/2026\/04\/28\/incendio-em-londrina-destaca-crise-indigena-e-desafia-prefeitura\/#breadcrumb","itemListElement":[{"@type":"ListItem","position":1,"name":"In\u00edcio","item":"https:\/\/motorista.com.br\/noticias\/"},{"@type":"ListItem","position":2,"name":"Inc\u00eandio em Londrina destaca crise ind\u00edgena e desafia Prefeitura."}]},{"@type":"WebSite","@id":"https:\/\/motorista.com.br\/noticias\/#website","url":"https:\/\/motorista.com.br\/noticias\/","name":"Motorista.com.br","description":"Not\u00edcia do Motorista","publisher":{"@id":"https:\/\/motorista.com.br\/noticias\/#organization"},"potentialAction":[{"@type":"SearchAction","target":{"@type":"EntryPoint","urlTemplate":"https:\/\/motorista.com.br\/noticias\/?s={search_term_string}"},"query-input":{"@type":"PropertyValueSpecification","valueRequired":true,"valueName":"search_term_string"}}],"inLanguage":"pt-BR"},{"@type":"Organization","@id":"https:\/\/motorista.com.br\/noticias\/#organization","name":"Motorista.com.br","url":"https:\/\/motorista.com.br\/noticias\/","logo":{"@type":"ImageObject","inLanguage":"pt-BR","@id":"https:\/\/motorista.com.br\/noticias\/#\/schema\/logo\/image\/","url":"https:\/\/motorista.com.br\/noticias\/wp-content\/uploads\/2025\/06\/Design-sem-nome-9.png","contentUrl":"https:\/\/motorista.com.br\/noticias\/wp-content\/uploads\/2025\/06\/Design-sem-nome-9.png","width":150,"height":85,"caption":"Motorista.com.br"},"image":{"@id":"https:\/\/motorista.com.br\/noticias\/#\/schema\/logo\/image\/"}},{"@type":"Person","@id":"https:\/\/motorista.com.br\/noticias\/#\/schema\/person\/dc93afc2981c0e3ce6bc3c053fd847be","name":"Equipe Reda\u00e7\u00e3o","image":{"@type":"ImageObject","inLanguage":"pt-BR","@id":"https:\/\/secure.gravatar.com\/avatar\/4f525efbf18dd2bb300ccad28bfb99d95a9465a5ba268407c8c37b37e1f28d2d?s=96&d=mm&r=g9e099043a0c61e9ae27e293b9fa75ffc","url":"https:\/\/secure.gravatar.com\/avatar\/4f525efbf18dd2bb300ccad28bfb99d95a9465a5ba268407c8c37b37e1f28d2d?s=96&d=mm&r=g","contentUrl":"https:\/\/secure.gravatar.com\/avatar\/4f525efbf18dd2bb300ccad28bfb99d95a9465a5ba268407c8c37b37e1f28d2d?s=96&d=mm&r=g","caption":"Equipe Reda\u00e7\u00e3o"},"description":"Equipe de reda\u00e7\u00e3o \u00e9 um grupo de profissionais que trabalham juntos para criar conte\u00fado escrito para Motorista.com.br","url":"https:\/\/motorista.com.br\/noticias\/author\/equiperedacao\/"}]}},"_links":{"self":[{"href":"https:\/\/motorista.com.br\/noticias\/wp-json\/wp\/v2\/posts\/9283","targetHints":{"allow":["GET"]}}],"collection":[{"href":"https:\/\/motorista.com.br\/noticias\/wp-json\/wp\/v2\/posts"}],"about":[{"href":"https:\/\/motorista.com.br\/noticias\/wp-json\/wp\/v2\/types\/post"}],"author":[{"embeddable":true,"href":"https:\/\/motorista.com.br\/noticias\/wp-json\/wp\/v2\/users\/4"}],"replies":[{"embeddable":true,"href":"https:\/\/motorista.com.br\/noticias\/wp-json\/wp\/v2\/comments?post=9283"}],"version-history":[{"count":0,"href":"https:\/\/motorista.com.br\/noticias\/wp-json\/wp\/v2\/posts\/9283\/revisions"}],"wp:featuredmedia":[{"embeddable":true,"href":"https:\/\/motorista.com.br\/noticias\/wp-json\/wp\/v2\/media\/9284"}],"wp:attachment":[{"href":"https:\/\/motorista.com.br\/noticias\/wp-json\/wp\/v2\/media?parent=9283"}],"wp:term":[{"taxonomy":"category","embeddable":true,"href":"https:\/\/motorista.com.br\/noticias\/wp-json\/wp\/v2\/categories?post=9283"},{"taxonomy":"post_tag","embeddable":true,"href":"https:\/\/motorista.com.br\/noticias\/wp-json\/wp\/v2\/tags?post=9283"},{"taxonomy":"author","embeddable":true,"href":"https:\/\/motorista.com.br\/noticias\/wp-json\/wp\/v2\/coauthors?post=9283"}],"curies":[{"name":"wp","href":"https:\/\/api.w.org\/{rel}","templated":true}]}}