{"id":9281,"date":"2026-04-28T20:16:04","date_gmt":"2026-04-28T23:16:04","guid":{"rendered":"https:\/\/motorista.com.br\/noticias\/2026\/04\/28\/abralog-discute-falta-de-mao-de-obra-e-e-commerce-no-brasil-caminhoneiro\/"},"modified":"2026-04-28T20:16:04","modified_gmt":"2026-04-28T23:16:04","slug":"abralog-discute-falta-de-mao-de-obra-e-e-commerce-no-brasil-caminhoneiro","status":"publish","type":"post","link":"https:\/\/motorista.com.br\/noticias\/2026\/04\/28\/abralog-discute-falta-de-mao-de-obra-e-e-commerce-no-brasil-caminhoneiro\/","title":{"rendered":"Abralog discute falta de m\u00e3o de obra e e-commerce no Brasil Caminhoneiro."},"content":{"rendered":"<p><\/p>\n<h3>No &quot;Brasil Caminhoneiro&quot;, Abralog Aborda Escassez de M\u00e3o de Obra e Migra\u00e7\u00e3o para o E-commerce<\/h3>\n<p>Pedro Moreira, presidente da Abralog, participou do programa Brasil Caminhoneiro, exibido em 26 de abril de 2026, e destacou os impactos do e-commerce na log\u00edstica, com especial foco na migra\u00e7\u00e3o de motoristas para opera\u00e7\u00f5es de last mile.<\/p>\n<p>Moreira enfatizou que a infraestrutura de transportes continua sendo um dos maiores desafios para o setor. Historicamente, o Brasil tem investido uma fra\u00e7\u00e3o reduzida do PIB em transportes, alcan\u00e7ando patamares cr\u00edticos, como 0,5% e at\u00e9 0,2% em certos per\u00edodos. A falta de investimento consistentemente afeta diretamente a capacidade de mobilidade dos motoristas e, por consequ\u00eancia, a efici\u00eancia da log\u00edstica no pa\u00eds.<\/p>\n<p>Para reverter essa situa\u00e7\u00e3o, Moreira defendeu a necessidade de um ciclo robusto de investimentos, estimando que sejam necess\u00e1rios aportes de 3% a 4% do PIB anualmente, por um per\u00edodo de 15 a 20 anos, para elevar o Brasil a um n\u00edvel de competitividade similar ao de economias mais desenvolvidas. Esta vis\u00e3o n\u00e3o apenas beneficia o setor de transporte, mas melhora a mobilidade geral, facilitando o deslocamento e a entrega de produtos, o que, em \u00faltima an\u00e1lise, afeta todos os cidad\u00e3os.<\/p>\n<p>Outro tema abordado foi a escassez de m\u00e3o de obra. Moreira apontou a falta de motoristas como um problema persistente, distribu\u00eddo globalmente, incluindo na Europa e nos Estados Unidos. O envelhecimento da categoria e a falta de atratividade da profiss\u00e3o para as novas gera\u00e7\u00f5es criam uma situa\u00e7\u00e3o que exige respostas eficazes do setor e pol\u00edticas direcionadas \u00e0 forma\u00e7\u00e3o e reten\u00e7\u00e3o de novos profissionais.<\/p>\n<h3>Motoristas Miram E-commerce<\/h3>\n<p>Sobre a migra\u00e7\u00e3o de motoristas para opera\u00e7\u00f5es de last mile, Moreira observou que o crescimento do e-commerce est\u00e1 moldando uma nova din\u00e2mica no setor. Com a expans\u00e3o das entregas urbanas e a demanda crescente por servi\u00e7os r\u00e1pidos, muitos motoristas est\u00e3o abandonando o transporte rodovi\u00e1rio de longa dist\u00e2ncia em favor de atividades de distribui\u00e7\u00e3o final, predominantemente em \u00e1reas urbanas.<\/p>\n<p>Essa mudan\u00e7a n\u00e3o apenas reconfigura a oferta de m\u00e3o de obra, mas tamb\u00e9m pressiona as opera\u00e7\u00f5es a serem mais eficientes e tecnol\u00f3gicas, exigindo adapta\u00e7\u00f5es nas redes log\u00edsticas para atender prazos curtos e volumes fragmentados. Para os motoristas, isso representa uma oportunidade de se reconectar com o mercado e se adaptar \u00e0s novas demandas, mas tamb\u00e9m requer habilidades aprimoradas e uma r\u00e1pida adapta\u00e7\u00e3o a novas tecnologias.<\/p>\n<p>Essas transforma\u00e7\u00f5es no setor de transporte e log\u00edstica impactam diretamente a mobilidade urbana como um todo. A forma como motoristas e empresas se adaptam \u00e0s exig\u00eancias do e-commerce pode levar a melhorias significativas na entrega de bens e servi\u00e7os, beneficiando toda a sociedade.<\/p>\n<p><strong>Fonte: Abralog<\/strong><\/p>\n","protected":false},"excerpt":{"rendered":"<p>No &quot;Brasil Caminhoneiro&quot;, Abralog Aborda Escassez de M\u00e3o de Obra e Migra\u00e7\u00e3o para o E-commerce Pedro Moreira, presidente da Abralog, participou do programa Brasil Caminhoneiro, exibido em 26 de abril de 2026, e destacou os impactos do e-commerce na log\u00edstica, com especial foco na migra\u00e7\u00e3o de motoristas para opera\u00e7\u00f5es de last mile. Moreira enfatizou que &hellip;<\/p>\n","protected":false},"author":4,"featured_media":9282,"comment_status":"","ping_status":"open","sticky":false,"template":"","format":"standard","meta":{"footnotes":""},"categories":[62],"tags":[],"coauthors":[42],"class_list":["post-9281","post","type-post","status-publish","format-standard","has-post-thumbnail","hentry","category-logistica"],"yoast_head":"<!-- This site is optimized with the Yoast SEO Premium plugin v25.5 (Yoast SEO v27.5) - https:\/\/yoast.com\/product\/yoast-seo-premium-wordpress\/ -->\n<title>Abralog discute falta de m\u00e3o de obra e e-commerce no Brasil Caminhoneiro. - Motorista.com.br<\/title>\n<meta name=\"robots\" content=\"index, follow, max-snippet:-1, max-image-preview:large, max-video-preview:-1\" \/>\n<link rel=\"canonical\" href=\"https:\/\/motorista.com.br\/noticias\/2026\/04\/28\/abralog-discute-falta-de-mao-de-obra-e-e-commerce-no-brasil-caminhoneiro\/\" \/>\n<meta property=\"og:locale\" content=\"pt_BR\" \/>\n<meta property=\"og:type\" content=\"article\" \/>\n<meta property=\"og:title\" content=\"Abralog discute falta de m\u00e3o de obra e e-commerce no Brasil Caminhoneiro.\" \/>\n<meta property=\"og:description\" content=\"No &quot;Brasil Caminhoneiro&quot;, Abralog Aborda Escassez de M\u00e3o de Obra e Migra\u00e7\u00e3o para o E-commerce Pedro Moreira, presidente da Abralog, participou do programa Brasil Caminhoneiro, exibido em 26 de abril de 2026, e destacou os impactos do e-commerce na log\u00edstica, com especial foco na migra\u00e7\u00e3o de motoristas para opera\u00e7\u00f5es de last mile. Moreira enfatizou que &hellip;\" \/>\n<meta property=\"og:url\" content=\"https:\/\/motorista.com.br\/noticias\/2026\/04\/28\/abralog-discute-falta-de-mao-de-obra-e-e-commerce-no-brasil-caminhoneiro\/\" \/>\n<meta property=\"og:site_name\" content=\"Motorista.com.br\" \/>\n<meta property=\"article:published_time\" content=\"2026-04-28T23:16:04+00:00\" \/>\n<meta name=\"author\" content=\"Equipe Reda\u00e7\u00e3o\" \/>\n<meta name=\"twitter:card\" content=\"summary_large_image\" \/>\n<meta name=\"twitter:label1\" content=\"Escrito por\" \/>\n\t<meta name=\"twitter:data1\" content=\"Equipe Reda\u00e7\u00e3o\" \/>\n\t<meta name=\"twitter:label2\" content=\"Est. tempo de leitura\" \/>\n\t<meta name=\"twitter:data2\" content=\"2 minutos\" \/>\n\t<meta name=\"twitter:label3\" content=\"Written by\" \/>\n\t<meta name=\"twitter:data3\" content=\"Equipe Reda\u00e7\u00e3o\" \/>\n<script type=\"application\/ld+json\" class=\"yoast-schema-graph\">{\"@context\":\"https:\\\/\\\/schema.org\",\"@graph\":[{\"@type\":\"Article\",\"@id\":\"https:\\\/\\\/motorista.com.br\\\/noticias\\\/2026\\\/04\\\/28\\\/abralog-discute-falta-de-mao-de-obra-e-e-commerce-no-brasil-caminhoneiro\\\/#article\",\"isPartOf\":{\"@id\":\"https:\\\/\\\/motorista.com.br\\\/noticias\\\/2026\\\/04\\\/28\\\/abralog-discute-falta-de-mao-de-obra-e-e-commerce-no-brasil-caminhoneiro\\\/\"},\"author\":{\"name\":\"Equipe Reda\u00e7\u00e3o\",\"@id\":\"https:\\\/\\\/motorista.com.br\\\/noticias\\\/#\\\/schema\\\/person\\\/dc93afc2981c0e3ce6bc3c053fd847be\"},\"headline\":\"Abralog discute falta de m\u00e3o de obra e e-commerce no Brasil Caminhoneiro.\",\"datePublished\":\"2026-04-28T23:16:04+00:00\",\"mainEntityOfPage\":{\"@id\":\"https:\\\/\\\/motorista.com.br\\\/noticias\\\/2026\\\/04\\\/28\\\/abralog-discute-falta-de-mao-de-obra-e-e-commerce-no-brasil-caminhoneiro\\\/\"},\"wordCount\":487,\"publisher\":{\"@id\":\"https:\\\/\\\/motorista.com.br\\\/noticias\\\/#organization\"},\"image\":{\"@id\":\"https:\\\/\\\/motorista.com.br\\\/noticias\\\/2026\\\/04\\\/28\\\/abralog-discute-falta-de-mao-de-obra-e-e-commerce-no-brasil-caminhoneiro\\\/#primaryimage\"},\"thumbnailUrl\":\"https:\\\/\\\/motorista.com.br\\\/noticias\\\/wp-content\\\/uploads\\\/2026\\\/04\\\/ID-AB-1000-px-x-830-px-No.png\",\"articleSection\":[\"Log\u00edstica\"],\"inLanguage\":\"pt-BR\"},{\"@type\":\"WebPage\",\"@id\":\"https:\\\/\\\/motorista.com.br\\\/noticias\\\/2026\\\/04\\\/28\\\/abralog-discute-falta-de-mao-de-obra-e-e-commerce-no-brasil-caminhoneiro\\\/\",\"url\":\"https:\\\/\\\/motorista.com.br\\\/noticias\\\/2026\\\/04\\\/28\\\/abralog-discute-falta-de-mao-de-obra-e-e-commerce-no-brasil-caminhoneiro\\\/\",\"name\":\"Abralog discute falta de m\u00e3o de obra e e-commerce no Brasil Caminhoneiro. - Motorista.com.br\",\"isPartOf\":{\"@id\":\"https:\\\/\\\/motorista.com.br\\\/noticias\\\/#website\"},\"primaryImageOfPage\":{\"@id\":\"https:\\\/\\\/motorista.com.br\\\/noticias\\\/2026\\\/04\\\/28\\\/abralog-discute-falta-de-mao-de-obra-e-e-commerce-no-brasil-caminhoneiro\\\/#primaryimage\"},\"image\":{\"@id\":\"https:\\\/\\\/motorista.com.br\\\/noticias\\\/2026\\\/04\\\/28\\\/abralog-discute-falta-de-mao-de-obra-e-e-commerce-no-brasil-caminhoneiro\\\/#primaryimage\"},\"thumbnailUrl\":\"https:\\\/\\\/motorista.com.br\\\/noticias\\\/wp-content\\\/uploads\\\/2026\\\/04\\\/ID-AB-1000-px-x-830-px-No.png\",\"datePublished\":\"2026-04-28T23:16:04+00:00\",\"breadcrumb\":{\"@id\":\"https:\\\/\\\/motorista.com.br\\\/noticias\\\/2026\\\/04\\\/28\\\/abralog-discute-falta-de-mao-de-obra-e-e-commerce-no-brasil-caminhoneiro\\\/#breadcrumb\"},\"inLanguage\":\"pt-BR\",\"potentialAction\":[{\"@type\":\"ReadAction\",\"target\":[\"https:\\\/\\\/motorista.com.br\\\/noticias\\\/2026\\\/04\\\/28\\\/abralog-discute-falta-de-mao-de-obra-e-e-commerce-no-brasil-caminhoneiro\\\/\"]}]},{\"@type\":\"ImageObject\",\"inLanguage\":\"pt-BR\",\"@id\":\"https:\\\/\\\/motorista.com.br\\\/noticias\\\/2026\\\/04\\\/28\\\/abralog-discute-falta-de-mao-de-obra-e-e-commerce-no-brasil-caminhoneiro\\\/#primaryimage\",\"url\":\"https:\\\/\\\/motorista.com.br\\\/noticias\\\/wp-content\\\/uploads\\\/2026\\\/04\\\/ID-AB-1000-px-x-830-px-No.png\",\"contentUrl\":\"https:\\\/\\\/motorista.com.br\\\/noticias\\\/wp-content\\\/uploads\\\/2026\\\/04\\\/ID-AB-1000-px-x-830-px-No.png\",\"width\":1000,\"height\":830},{\"@type\":\"BreadcrumbList\",\"@id\":\"https:\\\/\\\/motorista.com.br\\\/noticias\\\/2026\\\/04\\\/28\\\/abralog-discute-falta-de-mao-de-obra-e-e-commerce-no-brasil-caminhoneiro\\\/#breadcrumb\",\"itemListElement\":[{\"@type\":\"ListItem\",\"position\":1,\"name\":\"In\u00edcio\",\"item\":\"https:\\\/\\\/motorista.com.br\\\/noticias\\\/\"},{\"@type\":\"ListItem\",\"position\":2,\"name\":\"Abralog discute falta de m\u00e3o de obra e e-commerce no Brasil Caminhoneiro.\"}]},{\"@type\":\"WebSite\",\"@id\":\"https:\\\/\\\/motorista.com.br\\\/noticias\\\/#website\",\"url\":\"https:\\\/\\\/motorista.com.br\\\/noticias\\\/\",\"name\":\"Motorista.com.br\",\"description\":\"Not\u00edcia do Motorista\",\"publisher\":{\"@id\":\"https:\\\/\\\/motorista.com.br\\\/noticias\\\/#organization\"},\"potentialAction\":[{\"@type\":\"SearchAction\",\"target\":{\"@type\":\"EntryPoint\",\"urlTemplate\":\"https:\\\/\\\/motorista.com.br\\\/noticias\\\/?s={search_term_string}\"},\"query-input\":{\"@type\":\"PropertyValueSpecification\",\"valueRequired\":true,\"valueName\":\"search_term_string\"}}],\"inLanguage\":\"pt-BR\"},{\"@type\":\"Organization\",\"@id\":\"https:\\\/\\\/motorista.com.br\\\/noticias\\\/#organization\",\"name\":\"Motorista.com.br\",\"url\":\"https:\\\/\\\/motorista.com.br\\\/noticias\\\/\",\"logo\":{\"@type\":\"ImageObject\",\"inLanguage\":\"pt-BR\",\"@id\":\"https:\\\/\\\/motorista.com.br\\\/noticias\\\/#\\\/schema\\\/logo\\\/image\\\/\",\"url\":\"https:\\\/\\\/motorista.com.br\\\/noticias\\\/wp-content\\\/uploads\\\/2025\\\/06\\\/Design-sem-nome-9.png\",\"contentUrl\":\"https:\\\/\\\/motorista.com.br\\\/noticias\\\/wp-content\\\/uploads\\\/2025\\\/06\\\/Design-sem-nome-9.png\",\"width\":150,\"height\":85,\"caption\":\"Motorista.com.br\"},\"image\":{\"@id\":\"https:\\\/\\\/motorista.com.br\\\/noticias\\\/#\\\/schema\\\/logo\\\/image\\\/\"}},{\"@type\":\"Person\",\"@id\":\"https:\\\/\\\/motorista.com.br\\\/noticias\\\/#\\\/schema\\\/person\\\/dc93afc2981c0e3ce6bc3c053fd847be\",\"name\":\"Equipe Reda\u00e7\u00e3o\",\"image\":{\"@type\":\"ImageObject\",\"inLanguage\":\"pt-BR\",\"@id\":\"https:\\\/\\\/secure.gravatar.com\\\/avatar\\\/4f525efbf18dd2bb300ccad28bfb99d95a9465a5ba268407c8c37b37e1f28d2d?s=96&d=mm&r=g9e099043a0c61e9ae27e293b9fa75ffc\",\"url\":\"https:\\\/\\\/secure.gravatar.com\\\/avatar\\\/4f525efbf18dd2bb300ccad28bfb99d95a9465a5ba268407c8c37b37e1f28d2d?s=96&d=mm&r=g\",\"contentUrl\":\"https:\\\/\\\/secure.gravatar.com\\\/avatar\\\/4f525efbf18dd2bb300ccad28bfb99d95a9465a5ba268407c8c37b37e1f28d2d?s=96&d=mm&r=g\",\"caption\":\"Equipe Reda\u00e7\u00e3o\"},\"description\":\"Equipe de reda\u00e7\u00e3o \u00e9 um grupo de profissionais que trabalham juntos para criar conte\u00fado escrito para Motorista.com.br\",\"url\":\"https:\\\/\\\/motorista.com.br\\\/noticias\\\/author\\\/equiperedacao\\\/\"}]}<\/script>\n<!-- \/ Yoast SEO Premium plugin. -->","yoast_head_json":{"title":"Abralog discute falta de m\u00e3o de obra e e-commerce no Brasil Caminhoneiro. - Motorista.com.br","robots":{"index":"index","follow":"follow","max-snippet":"max-snippet:-1","max-image-preview":"max-image-preview:large","max-video-preview":"max-video-preview:-1"},"canonical":"https:\/\/motorista.com.br\/noticias\/2026\/04\/28\/abralog-discute-falta-de-mao-de-obra-e-e-commerce-no-brasil-caminhoneiro\/","og_locale":"pt_BR","og_type":"article","og_title":"Abralog discute falta de m\u00e3o de obra e e-commerce no Brasil Caminhoneiro.","og_description":"No &quot;Brasil Caminhoneiro&quot;, Abralog Aborda Escassez de M\u00e3o de Obra e Migra\u00e7\u00e3o para o E-commerce Pedro Moreira, presidente da Abralog, participou do programa Brasil Caminhoneiro, exibido em 26 de abril de 2026, e destacou os impactos do e-commerce na log\u00edstica, com especial foco na migra\u00e7\u00e3o de motoristas para opera\u00e7\u00f5es de last mile. Moreira enfatizou que &hellip;","og_url":"https:\/\/motorista.com.br\/noticias\/2026\/04\/28\/abralog-discute-falta-de-mao-de-obra-e-e-commerce-no-brasil-caminhoneiro\/","og_site_name":"Motorista.com.br","article_published_time":"2026-04-28T23:16:04+00:00","author":"Equipe Reda\u00e7\u00e3o","twitter_card":"summary_large_image","twitter_misc":{"Escrito por":"Equipe Reda\u00e7\u00e3o","Est. tempo de leitura":"2 minutos","Written by":"Equipe Reda\u00e7\u00e3o"},"schema":{"@context":"https:\/\/schema.org","@graph":[{"@type":"Article","@id":"https:\/\/motorista.com.br\/noticias\/2026\/04\/28\/abralog-discute-falta-de-mao-de-obra-e-e-commerce-no-brasil-caminhoneiro\/#article","isPartOf":{"@id":"https:\/\/motorista.com.br\/noticias\/2026\/04\/28\/abralog-discute-falta-de-mao-de-obra-e-e-commerce-no-brasil-caminhoneiro\/"},"author":{"name":"Equipe Reda\u00e7\u00e3o","@id":"https:\/\/motorista.com.br\/noticias\/#\/schema\/person\/dc93afc2981c0e3ce6bc3c053fd847be"},"headline":"Abralog discute falta de m\u00e3o de obra e e-commerce no Brasil Caminhoneiro.","datePublished":"2026-04-28T23:16:04+00:00","mainEntityOfPage":{"@id":"https:\/\/motorista.com.br\/noticias\/2026\/04\/28\/abralog-discute-falta-de-mao-de-obra-e-e-commerce-no-brasil-caminhoneiro\/"},"wordCount":487,"publisher":{"@id":"https:\/\/motorista.com.br\/noticias\/#organization"},"image":{"@id":"https:\/\/motorista.com.br\/noticias\/2026\/04\/28\/abralog-discute-falta-de-mao-de-obra-e-e-commerce-no-brasil-caminhoneiro\/#primaryimage"},"thumbnailUrl":"https:\/\/motorista.com.br\/noticias\/wp-content\/uploads\/2026\/04\/ID-AB-1000-px-x-830-px-No.png","articleSection":["Log\u00edstica"],"inLanguage":"pt-BR"},{"@type":"WebPage","@id":"https:\/\/motorista.com.br\/noticias\/2026\/04\/28\/abralog-discute-falta-de-mao-de-obra-e-e-commerce-no-brasil-caminhoneiro\/","url":"https:\/\/motorista.com.br\/noticias\/2026\/04\/28\/abralog-discute-falta-de-mao-de-obra-e-e-commerce-no-brasil-caminhoneiro\/","name":"Abralog discute falta de m\u00e3o de obra e e-commerce no Brasil Caminhoneiro. - Motorista.com.br","isPartOf":{"@id":"https:\/\/motorista.com.br\/noticias\/#website"},"primaryImageOfPage":{"@id":"https:\/\/motorista.com.br\/noticias\/2026\/04\/28\/abralog-discute-falta-de-mao-de-obra-e-e-commerce-no-brasil-caminhoneiro\/#primaryimage"},"image":{"@id":"https:\/\/motorista.com.br\/noticias\/2026\/04\/28\/abralog-discute-falta-de-mao-de-obra-e-e-commerce-no-brasil-caminhoneiro\/#primaryimage"},"thumbnailUrl":"https:\/\/motorista.com.br\/noticias\/wp-content\/uploads\/2026\/04\/ID-AB-1000-px-x-830-px-No.png","datePublished":"2026-04-28T23:16:04+00:00","breadcrumb":{"@id":"https:\/\/motorista.com.br\/noticias\/2026\/04\/28\/abralog-discute-falta-de-mao-de-obra-e-e-commerce-no-brasil-caminhoneiro\/#breadcrumb"},"inLanguage":"pt-BR","potentialAction":[{"@type":"ReadAction","target":["https:\/\/motorista.com.br\/noticias\/2026\/04\/28\/abralog-discute-falta-de-mao-de-obra-e-e-commerce-no-brasil-caminhoneiro\/"]}]},{"@type":"ImageObject","inLanguage":"pt-BR","@id":"https:\/\/motorista.com.br\/noticias\/2026\/04\/28\/abralog-discute-falta-de-mao-de-obra-e-e-commerce-no-brasil-caminhoneiro\/#primaryimage","url":"https:\/\/motorista.com.br\/noticias\/wp-content\/uploads\/2026\/04\/ID-AB-1000-px-x-830-px-No.png","contentUrl":"https:\/\/motorista.com.br\/noticias\/wp-content\/uploads\/2026\/04\/ID-AB-1000-px-x-830-px-No.png","width":1000,"height":830},{"@type":"BreadcrumbList","@id":"https:\/\/motorista.com.br\/noticias\/2026\/04\/28\/abralog-discute-falta-de-mao-de-obra-e-e-commerce-no-brasil-caminhoneiro\/#breadcrumb","itemListElement":[{"@type":"ListItem","position":1,"name":"In\u00edcio","item":"https:\/\/motorista.com.br\/noticias\/"},{"@type":"ListItem","position":2,"name":"Abralog discute falta de m\u00e3o de obra e e-commerce no Brasil Caminhoneiro."}]},{"@type":"WebSite","@id":"https:\/\/motorista.com.br\/noticias\/#website","url":"https:\/\/motorista.com.br\/noticias\/","name":"Motorista.com.br","description":"Not\u00edcia do Motorista","publisher":{"@id":"https:\/\/motorista.com.br\/noticias\/#organization"},"potentialAction":[{"@type":"SearchAction","target":{"@type":"EntryPoint","urlTemplate":"https:\/\/motorista.com.br\/noticias\/?s={search_term_string}"},"query-input":{"@type":"PropertyValueSpecification","valueRequired":true,"valueName":"search_term_string"}}],"inLanguage":"pt-BR"},{"@type":"Organization","@id":"https:\/\/motorista.com.br\/noticias\/#organization","name":"Motorista.com.br","url":"https:\/\/motorista.com.br\/noticias\/","logo":{"@type":"ImageObject","inLanguage":"pt-BR","@id":"https:\/\/motorista.com.br\/noticias\/#\/schema\/logo\/image\/","url":"https:\/\/motorista.com.br\/noticias\/wp-content\/uploads\/2025\/06\/Design-sem-nome-9.png","contentUrl":"https:\/\/motorista.com.br\/noticias\/wp-content\/uploads\/2025\/06\/Design-sem-nome-9.png","width":150,"height":85,"caption":"Motorista.com.br"},"image":{"@id":"https:\/\/motorista.com.br\/noticias\/#\/schema\/logo\/image\/"}},{"@type":"Person","@id":"https:\/\/motorista.com.br\/noticias\/#\/schema\/person\/dc93afc2981c0e3ce6bc3c053fd847be","name":"Equipe Reda\u00e7\u00e3o","image":{"@type":"ImageObject","inLanguage":"pt-BR","@id":"https:\/\/secure.gravatar.com\/avatar\/4f525efbf18dd2bb300ccad28bfb99d95a9465a5ba268407c8c37b37e1f28d2d?s=96&d=mm&r=g9e099043a0c61e9ae27e293b9fa75ffc","url":"https:\/\/secure.gravatar.com\/avatar\/4f525efbf18dd2bb300ccad28bfb99d95a9465a5ba268407c8c37b37e1f28d2d?s=96&d=mm&r=g","contentUrl":"https:\/\/secure.gravatar.com\/avatar\/4f525efbf18dd2bb300ccad28bfb99d95a9465a5ba268407c8c37b37e1f28d2d?s=96&d=mm&r=g","caption":"Equipe Reda\u00e7\u00e3o"},"description":"Equipe de reda\u00e7\u00e3o \u00e9 um grupo de profissionais que trabalham juntos para criar conte\u00fado escrito para Motorista.com.br","url":"https:\/\/motorista.com.br\/noticias\/author\/equiperedacao\/"}]}},"_links":{"self":[{"href":"https:\/\/motorista.com.br\/noticias\/wp-json\/wp\/v2\/posts\/9281","targetHints":{"allow":["GET"]}}],"collection":[{"href":"https:\/\/motorista.com.br\/noticias\/wp-json\/wp\/v2\/posts"}],"about":[{"href":"https:\/\/motorista.com.br\/noticias\/wp-json\/wp\/v2\/types\/post"}],"author":[{"embeddable":true,"href":"https:\/\/motorista.com.br\/noticias\/wp-json\/wp\/v2\/users\/4"}],"replies":[{"embeddable":true,"href":"https:\/\/motorista.com.br\/noticias\/wp-json\/wp\/v2\/comments?post=9281"}],"version-history":[{"count":0,"href":"https:\/\/motorista.com.br\/noticias\/wp-json\/wp\/v2\/posts\/9281\/revisions"}],"wp:featuredmedia":[{"embeddable":true,"href":"https:\/\/motorista.com.br\/noticias\/wp-json\/wp\/v2\/media\/9282"}],"wp:attachment":[{"href":"https:\/\/motorista.com.br\/noticias\/wp-json\/wp\/v2\/media?parent=9281"}],"wp:term":[{"taxonomy":"category","embeddable":true,"href":"https:\/\/motorista.com.br\/noticias\/wp-json\/wp\/v2\/categories?post=9281"},{"taxonomy":"post_tag","embeddable":true,"href":"https:\/\/motorista.com.br\/noticias\/wp-json\/wp\/v2\/tags?post=9281"},{"taxonomy":"author","embeddable":true,"href":"https:\/\/motorista.com.br\/noticias\/wp-json\/wp\/v2\/coauthors?post=9281"}],"curies":[{"name":"wp","href":"https:\/\/api.w.org\/{rel}","templated":true}]}}