{"id":9278,"date":"2026-04-28T16:59:30","date_gmt":"2026-04-28T19:59:30","guid":{"rendered":"https:\/\/motorista.com.br\/noticias\/2026\/04\/28\/justica-valida-tabela-de-frete-em-acoes-da-agu\/"},"modified":"2026-04-28T16:59:30","modified_gmt":"2026-04-28T19:59:30","slug":"justica-valida-tabela-de-frete-em-acoes-da-agu","status":"publish","type":"post","link":"https:\/\/motorista.com.br\/noticias\/2026\/04\/28\/justica-valida-tabela-de-frete-em-acoes-da-agu\/","title":{"rendered":"Justi\u00e7a valida Tabela de Frete em a\u00e7\u00f5es da AGU"},"content":{"rendered":"<p><\/p>\n<h3>Justi\u00e7a Garante Validade da Tabela de Frete: Implica\u00e7\u00f5es para Motoristas e Mobilidade<\/h3>\n<p>Recentemente, a Advocacia-Geral da Uni\u00e3o (AGU) obteve decis\u00f5es favor\u00e1veis que refor\u00e7am a validade da Pol\u00edtica Nacional de Pre\u00e7os M\u00ednimos do Transporte Rodovi\u00e1rio de Cargas, tamb\u00e9m conhecida como Tabela do Frete. Esta pol\u00edtica, institu\u00edda pela Lei 13.703\/2018, \u00e9 crucial para a regulamenta\u00e7\u00e3o do setor e tem impactos diretos tanto para os motoristas quanto para a mobilidade geral no Brasil.<\/p>\n<h4>O Papel da Tabela do Frete<\/h4>\n<p>A Tabela do Frete estabelece um piso m\u00ednimo a ser pago por servi\u00e7os de transporte rodovi\u00e1rio de cargas. Isso significa que, independentemente das flutua\u00e7\u00f5es de mercado, os caminhoneiros garantem uma remunera\u00e7\u00e3o m\u00ednima, essencial para sua sobreviv\u00eancia econ\u00f4mica. Com as recentes decis\u00f5es judiciais que sustentam essa norma, a AGU reafirma a import\u00e2ncia dessa pol\u00edtica p\u00fablica para a estabilidade do transporte rodovi\u00e1rio, que movimenta cerca de 60% das cargas no pa\u00eds.<\/p>\n<p>Os motoristas se beneficiam diretamente dessa legaliza\u00e7\u00e3o, pois a garantia de um pre\u00e7o m\u00ednimo evita a concorr\u00eancia desleal e jornadas excessivas de trabalho. Portanto, a aplica\u00e7\u00e3o rigorosa dessa tabela n\u00e3o apenas assegura a remunera\u00e7\u00e3o justa, mas tamb\u00e9m promove melhores condi\u00e7\u00f5es de trabalho, contribuindo para a satisfa\u00e7\u00e3o e seguran\u00e7a no transporte.<\/p>\n<h4>Impacto na Mobilidade<\/h4>\n<p>Uma mobilidade eficiente \u00e9 um dos pilares da economia de qualquer pa\u00eds. Assegurar que os motoristas sejam devidamente remunerados pelo seu trabalho n\u00e3o apenas melhora as condi\u00e7\u00f5es de vida deles, mas tamb\u00e9m aprimora o servi\u00e7o oferecido. O cumprimento da Tabela do Frete implica uma qualidade de servi\u00e7o mais est\u00e1vel e previs\u00edvel, estimulando investimentos no setor e melhorando a infraestrutura do transporte.<\/p>\n<p>Ademais, a fiscaliza\u00e7\u00e3o rigorosa da ANTT, conforme respaldada pela justi\u00e7a, traz uma camada adicional de seguran\u00e7a e confiabilidade para os usu\u00e1rios do transporte. Isso resulta em uma melhor coordena\u00e7\u00e3o das opera\u00e7\u00f5es log\u00edsticas, influenciando positivamente o fluxo de mercadorias e, por conseguinte, a efici\u00eancia da cadeia produtiva.<\/p>\n<h4>A Fiscaliza\u00e7\u00e3o Eletr\u00f4nica como Aliada<\/h4>\n<p>A implementa\u00e7\u00e3o da fiscaliza\u00e7\u00e3o eletr\u00f4nica representa um avan\u00e7o significativo nesse contexto. Com m\u00e9todos automatizados de controle, a ANTT assegura que os padr\u00f5es de qualidade e pre\u00e7o sejam obedecidos com mais efici\u00eancia. Essa tecnologia facilita a identifica\u00e7\u00e3o de poss\u00edveis irregularidades, permitindo uma resposta r\u00e1pida e uma gest\u00e3o mais eficiente das infra\u00e7\u00f5es. A transpar\u00eancia gerada por essa fiscaliza\u00e7\u00e3o n\u00e3o s\u00f3 prote\u00e7\u00e3o os direitos dos motoristas, mas tamb\u00e9m beneficia a mobilidade geral ao garantir que as regras do jogo sejam seguidas por todos os participantes.<\/p>\n<h4>Considera\u00e7\u00f5es Finais<\/h4>\n<p>A consolida\u00e7\u00e3o da Tabela do Frete, respaldada por decis\u00f5es judiciais recentes, \u00e9 um avan\u00e7o importante tanto para os motoristas quanto para a mobilidade do pa\u00eds. Ao garantir remunera\u00e7\u00e3o justa e seguran\u00e7a nas opera\u00e7\u00f5es de transporte, essa pol\u00edtica p\u00fablica se mostra n\u00e3o apenas necess\u00e1ria, mas fundamental para a sa\u00fade econ\u00f4mica e social do Brasil. Com o apoio de uma fiscaliza\u00e7\u00e3o robusta e ferramentas eletr\u00f4nicas, podemos esperar um futuro mais est\u00e1vel e eficiente para o setor de transporte rodovi\u00e1rio.<\/p>\n","protected":false},"excerpt":{"rendered":"<p>Justi\u00e7a Garante Validade da Tabela de Frete: Implica\u00e7\u00f5es para Motoristas e Mobilidade Recentemente, a Advocacia-Geral da Uni\u00e3o (AGU) obteve decis\u00f5es favor\u00e1veis que refor\u00e7am a validade da Pol\u00edtica Nacional de Pre\u00e7os M\u00ednimos do Transporte Rodovi\u00e1rio de Cargas, tamb\u00e9m conhecida como Tabela do Frete. Esta pol\u00edtica, institu\u00edda pela Lei 13.703\/2018, \u00e9 crucial para a regulamenta\u00e7\u00e3o do setor &hellip;<\/p>\n","protected":false},"author":4,"featured_media":1997,"comment_status":"","ping_status":"open","sticky":false,"template":"","format":"standard","meta":{"footnotes":""},"categories":[78,77],"tags":[],"coauthors":[42],"class_list":["post-9278","post","type-post","status-publish","format-standard","has-post-thumbnail","hentry","category-carreteiro","category-motorista"],"yoast_head":"<!-- This site is optimized with the Yoast SEO Premium plugin v25.5 (Yoast SEO v27.5) - https:\/\/yoast.com\/product\/yoast-seo-premium-wordpress\/ -->\n<title>Justi\u00e7a valida Tabela de Frete em a\u00e7\u00f5es da AGU - Motorista.com.br<\/title>\n<meta name=\"robots\" content=\"index, follow, max-snippet:-1, max-image-preview:large, max-video-preview:-1\" \/>\n<link rel=\"canonical\" href=\"https:\/\/motorista.com.br\/noticias\/2026\/04\/28\/justica-valida-tabela-de-frete-em-acoes-da-agu\/\" \/>\n<meta property=\"og:locale\" content=\"pt_BR\" \/>\n<meta property=\"og:type\" content=\"article\" \/>\n<meta property=\"og:title\" content=\"Justi\u00e7a valida Tabela de Frete em a\u00e7\u00f5es da AGU\" \/>\n<meta property=\"og:description\" content=\"Justi\u00e7a Garante Validade da Tabela de Frete: Implica\u00e7\u00f5es para Motoristas e Mobilidade Recentemente, a Advocacia-Geral da Uni\u00e3o (AGU) obteve decis\u00f5es favor\u00e1veis que refor\u00e7am a validade da Pol\u00edtica Nacional de Pre\u00e7os M\u00ednimos do Transporte Rodovi\u00e1rio de Cargas, tamb\u00e9m conhecida como Tabela do Frete. Esta pol\u00edtica, institu\u00edda pela Lei 13.703\/2018, \u00e9 crucial para a regulamenta\u00e7\u00e3o do setor &hellip;\" \/>\n<meta property=\"og:url\" content=\"https:\/\/motorista.com.br\/noticias\/2026\/04\/28\/justica-valida-tabela-de-frete-em-acoes-da-agu\/\" \/>\n<meta property=\"og:site_name\" content=\"Motorista.com.br\" \/>\n<meta property=\"article:published_time\" content=\"2026-04-28T19:59:30+00:00\" \/>\n<meta name=\"author\" content=\"Equipe Reda\u00e7\u00e3o\" \/>\n<meta name=\"twitter:card\" content=\"summary_large_image\" \/>\n<meta name=\"twitter:label1\" content=\"Escrito por\" \/>\n\t<meta name=\"twitter:data1\" content=\"Equipe Reda\u00e7\u00e3o\" \/>\n\t<meta name=\"twitter:label2\" content=\"Est. tempo de leitura\" \/>\n\t<meta name=\"twitter:data2\" content=\"3 minutos\" \/>\n\t<meta name=\"twitter:label3\" content=\"Written by\" \/>\n\t<meta name=\"twitter:data3\" content=\"Equipe Reda\u00e7\u00e3o\" \/>\n<script type=\"application\/ld+json\" class=\"yoast-schema-graph\">{\"@context\":\"https:\\\/\\\/schema.org\",\"@graph\":[{\"@type\":\"Article\",\"@id\":\"https:\\\/\\\/motorista.com.br\\\/noticias\\\/2026\\\/04\\\/28\\\/justica-valida-tabela-de-frete-em-acoes-da-agu\\\/#article\",\"isPartOf\":{\"@id\":\"https:\\\/\\\/motorista.com.br\\\/noticias\\\/2026\\\/04\\\/28\\\/justica-valida-tabela-de-frete-em-acoes-da-agu\\\/\"},\"author\":{\"name\":\"Equipe Reda\u00e7\u00e3o\",\"@id\":\"https:\\\/\\\/motorista.com.br\\\/noticias\\\/#\\\/schema\\\/person\\\/dc93afc2981c0e3ce6bc3c053fd847be\"},\"headline\":\"Justi\u00e7a valida Tabela de Frete em a\u00e7\u00f5es da AGU\",\"datePublished\":\"2026-04-28T19:59:30+00:00\",\"mainEntityOfPage\":{\"@id\":\"https:\\\/\\\/motorista.com.br\\\/noticias\\\/2026\\\/04\\\/28\\\/justica-valida-tabela-de-frete-em-acoes-da-agu\\\/\"},\"wordCount\":570,\"publisher\":{\"@id\":\"https:\\\/\\\/motorista.com.br\\\/noticias\\\/#organization\"},\"image\":{\"@id\":\"https:\\\/\\\/motorista.com.br\\\/noticias\\\/2026\\\/04\\\/28\\\/justica-valida-tabela-de-frete-em-acoes-da-agu\\\/#primaryimage\"},\"thumbnailUrl\":\"https:\\\/\\\/motorista.com.br\\\/noticias\\\/wp-content\\\/uploads\\\/2025\\\/07\\\/carreta-carregada-br-163-rodotrem-estrada.jpg\",\"articleSection\":[\"Carreteiro\",\"Motorista\"],\"inLanguage\":\"pt-BR\"},{\"@type\":\"WebPage\",\"@id\":\"https:\\\/\\\/motorista.com.br\\\/noticias\\\/2026\\\/04\\\/28\\\/justica-valida-tabela-de-frete-em-acoes-da-agu\\\/\",\"url\":\"https:\\\/\\\/motorista.com.br\\\/noticias\\\/2026\\\/04\\\/28\\\/justica-valida-tabela-de-frete-em-acoes-da-agu\\\/\",\"name\":\"Justi\u00e7a valida Tabela de Frete em a\u00e7\u00f5es da AGU - Motorista.com.br\",\"isPartOf\":{\"@id\":\"https:\\\/\\\/motorista.com.br\\\/noticias\\\/#website\"},\"primaryImageOfPage\":{\"@id\":\"https:\\\/\\\/motorista.com.br\\\/noticias\\\/2026\\\/04\\\/28\\\/justica-valida-tabela-de-frete-em-acoes-da-agu\\\/#primaryimage\"},\"image\":{\"@id\":\"https:\\\/\\\/motorista.com.br\\\/noticias\\\/2026\\\/04\\\/28\\\/justica-valida-tabela-de-frete-em-acoes-da-agu\\\/#primaryimage\"},\"thumbnailUrl\":\"https:\\\/\\\/motorista.com.br\\\/noticias\\\/wp-content\\\/uploads\\\/2025\\\/07\\\/carreta-carregada-br-163-rodotrem-estrada.jpg\",\"datePublished\":\"2026-04-28T19:59:30+00:00\",\"breadcrumb\":{\"@id\":\"https:\\\/\\\/motorista.com.br\\\/noticias\\\/2026\\\/04\\\/28\\\/justica-valida-tabela-de-frete-em-acoes-da-agu\\\/#breadcrumb\"},\"inLanguage\":\"pt-BR\",\"potentialAction\":[{\"@type\":\"ReadAction\",\"target\":[\"https:\\\/\\\/motorista.com.br\\\/noticias\\\/2026\\\/04\\\/28\\\/justica-valida-tabela-de-frete-em-acoes-da-agu\\\/\"]}]},{\"@type\":\"ImageObject\",\"inLanguage\":\"pt-BR\",\"@id\":\"https:\\\/\\\/motorista.com.br\\\/noticias\\\/2026\\\/04\\\/28\\\/justica-valida-tabela-de-frete-em-acoes-da-agu\\\/#primaryimage\",\"url\":\"https:\\\/\\\/motorista.com.br\\\/noticias\\\/wp-content\\\/uploads\\\/2025\\\/07\\\/carreta-carregada-br-163-rodotrem-estrada.jpg\",\"contentUrl\":\"https:\\\/\\\/motorista.com.br\\\/noticias\\\/wp-content\\\/uploads\\\/2025\\\/07\\\/carreta-carregada-br-163-rodotrem-estrada.jpg\",\"width\":1271,\"height\":800},{\"@type\":\"BreadcrumbList\",\"@id\":\"https:\\\/\\\/motorista.com.br\\\/noticias\\\/2026\\\/04\\\/28\\\/justica-valida-tabela-de-frete-em-acoes-da-agu\\\/#breadcrumb\",\"itemListElement\":[{\"@type\":\"ListItem\",\"position\":1,\"name\":\"In\u00edcio\",\"item\":\"https:\\\/\\\/motorista.com.br\\\/noticias\\\/\"},{\"@type\":\"ListItem\",\"position\":2,\"name\":\"Justi\u00e7a valida Tabela de Frete em a\u00e7\u00f5es da AGU\"}]},{\"@type\":\"WebSite\",\"@id\":\"https:\\\/\\\/motorista.com.br\\\/noticias\\\/#website\",\"url\":\"https:\\\/\\\/motorista.com.br\\\/noticias\\\/\",\"name\":\"Motorista.com.br\",\"description\":\"Not\u00edcia do Motorista\",\"publisher\":{\"@id\":\"https:\\\/\\\/motorista.com.br\\\/noticias\\\/#organization\"},\"potentialAction\":[{\"@type\":\"SearchAction\",\"target\":{\"@type\":\"EntryPoint\",\"urlTemplate\":\"https:\\\/\\\/motorista.com.br\\\/noticias\\\/?s={search_term_string}\"},\"query-input\":{\"@type\":\"PropertyValueSpecification\",\"valueRequired\":true,\"valueName\":\"search_term_string\"}}],\"inLanguage\":\"pt-BR\"},{\"@type\":\"Organization\",\"@id\":\"https:\\\/\\\/motorista.com.br\\\/noticias\\\/#organization\",\"name\":\"Motorista.com.br\",\"url\":\"https:\\\/\\\/motorista.com.br\\\/noticias\\\/\",\"logo\":{\"@type\":\"ImageObject\",\"inLanguage\":\"pt-BR\",\"@id\":\"https:\\\/\\\/motorista.com.br\\\/noticias\\\/#\\\/schema\\\/logo\\\/image\\\/\",\"url\":\"https:\\\/\\\/motorista.com.br\\\/noticias\\\/wp-content\\\/uploads\\\/2025\\\/06\\\/Design-sem-nome-9.png\",\"contentUrl\":\"https:\\\/\\\/motorista.com.br\\\/noticias\\\/wp-content\\\/uploads\\\/2025\\\/06\\\/Design-sem-nome-9.png\",\"width\":150,\"height\":85,\"caption\":\"Motorista.com.br\"},\"image\":{\"@id\":\"https:\\\/\\\/motorista.com.br\\\/noticias\\\/#\\\/schema\\\/logo\\\/image\\\/\"}},{\"@type\":\"Person\",\"@id\":\"https:\\\/\\\/motorista.com.br\\\/noticias\\\/#\\\/schema\\\/person\\\/dc93afc2981c0e3ce6bc3c053fd847be\",\"name\":\"Equipe Reda\u00e7\u00e3o\",\"image\":{\"@type\":\"ImageObject\",\"inLanguage\":\"pt-BR\",\"@id\":\"https:\\\/\\\/secure.gravatar.com\\\/avatar\\\/4f525efbf18dd2bb300ccad28bfb99d95a9465a5ba268407c8c37b37e1f28d2d?s=96&d=mm&r=g9e099043a0c61e9ae27e293b9fa75ffc\",\"url\":\"https:\\\/\\\/secure.gravatar.com\\\/avatar\\\/4f525efbf18dd2bb300ccad28bfb99d95a9465a5ba268407c8c37b37e1f28d2d?s=96&d=mm&r=g\",\"contentUrl\":\"https:\\\/\\\/secure.gravatar.com\\\/avatar\\\/4f525efbf18dd2bb300ccad28bfb99d95a9465a5ba268407c8c37b37e1f28d2d?s=96&d=mm&r=g\",\"caption\":\"Equipe Reda\u00e7\u00e3o\"},\"description\":\"Equipe de reda\u00e7\u00e3o \u00e9 um grupo de profissionais que trabalham juntos para criar conte\u00fado escrito para Motorista.com.br\",\"url\":\"https:\\\/\\\/motorista.com.br\\\/noticias\\\/author\\\/equiperedacao\\\/\"}]}<\/script>\n<!-- \/ Yoast SEO Premium plugin. -->","yoast_head_json":{"title":"Justi\u00e7a valida Tabela de Frete em a\u00e7\u00f5es da AGU - Motorista.com.br","robots":{"index":"index","follow":"follow","max-snippet":"max-snippet:-1","max-image-preview":"max-image-preview:large","max-video-preview":"max-video-preview:-1"},"canonical":"https:\/\/motorista.com.br\/noticias\/2026\/04\/28\/justica-valida-tabela-de-frete-em-acoes-da-agu\/","og_locale":"pt_BR","og_type":"article","og_title":"Justi\u00e7a valida Tabela de Frete em a\u00e7\u00f5es da AGU","og_description":"Justi\u00e7a Garante Validade da Tabela de Frete: Implica\u00e7\u00f5es para Motoristas e Mobilidade Recentemente, a Advocacia-Geral da Uni\u00e3o (AGU) obteve decis\u00f5es favor\u00e1veis que refor\u00e7am a validade da Pol\u00edtica Nacional de Pre\u00e7os M\u00ednimos do Transporte Rodovi\u00e1rio de Cargas, tamb\u00e9m conhecida como Tabela do Frete. Esta pol\u00edtica, institu\u00edda pela Lei 13.703\/2018, \u00e9 crucial para a regulamenta\u00e7\u00e3o do setor &hellip;","og_url":"https:\/\/motorista.com.br\/noticias\/2026\/04\/28\/justica-valida-tabela-de-frete-em-acoes-da-agu\/","og_site_name":"Motorista.com.br","article_published_time":"2026-04-28T19:59:30+00:00","author":"Equipe Reda\u00e7\u00e3o","twitter_card":"summary_large_image","twitter_misc":{"Escrito por":"Equipe Reda\u00e7\u00e3o","Est. tempo de leitura":"3 minutos","Written by":"Equipe Reda\u00e7\u00e3o"},"schema":{"@context":"https:\/\/schema.org","@graph":[{"@type":"Article","@id":"https:\/\/motorista.com.br\/noticias\/2026\/04\/28\/justica-valida-tabela-de-frete-em-acoes-da-agu\/#article","isPartOf":{"@id":"https:\/\/motorista.com.br\/noticias\/2026\/04\/28\/justica-valida-tabela-de-frete-em-acoes-da-agu\/"},"author":{"name":"Equipe Reda\u00e7\u00e3o","@id":"https:\/\/motorista.com.br\/noticias\/#\/schema\/person\/dc93afc2981c0e3ce6bc3c053fd847be"},"headline":"Justi\u00e7a valida Tabela de Frete em a\u00e7\u00f5es da AGU","datePublished":"2026-04-28T19:59:30+00:00","mainEntityOfPage":{"@id":"https:\/\/motorista.com.br\/noticias\/2026\/04\/28\/justica-valida-tabela-de-frete-em-acoes-da-agu\/"},"wordCount":570,"publisher":{"@id":"https:\/\/motorista.com.br\/noticias\/#organization"},"image":{"@id":"https:\/\/motorista.com.br\/noticias\/2026\/04\/28\/justica-valida-tabela-de-frete-em-acoes-da-agu\/#primaryimage"},"thumbnailUrl":"https:\/\/motorista.com.br\/noticias\/wp-content\/uploads\/2025\/07\/carreta-carregada-br-163-rodotrem-estrada.jpg","articleSection":["Carreteiro","Motorista"],"inLanguage":"pt-BR"},{"@type":"WebPage","@id":"https:\/\/motorista.com.br\/noticias\/2026\/04\/28\/justica-valida-tabela-de-frete-em-acoes-da-agu\/","url":"https:\/\/motorista.com.br\/noticias\/2026\/04\/28\/justica-valida-tabela-de-frete-em-acoes-da-agu\/","name":"Justi\u00e7a valida Tabela de Frete em a\u00e7\u00f5es da AGU - Motorista.com.br","isPartOf":{"@id":"https:\/\/motorista.com.br\/noticias\/#website"},"primaryImageOfPage":{"@id":"https:\/\/motorista.com.br\/noticias\/2026\/04\/28\/justica-valida-tabela-de-frete-em-acoes-da-agu\/#primaryimage"},"image":{"@id":"https:\/\/motorista.com.br\/noticias\/2026\/04\/28\/justica-valida-tabela-de-frete-em-acoes-da-agu\/#primaryimage"},"thumbnailUrl":"https:\/\/motorista.com.br\/noticias\/wp-content\/uploads\/2025\/07\/carreta-carregada-br-163-rodotrem-estrada.jpg","datePublished":"2026-04-28T19:59:30+00:00","breadcrumb":{"@id":"https:\/\/motorista.com.br\/noticias\/2026\/04\/28\/justica-valida-tabela-de-frete-em-acoes-da-agu\/#breadcrumb"},"inLanguage":"pt-BR","potentialAction":[{"@type":"ReadAction","target":["https:\/\/motorista.com.br\/noticias\/2026\/04\/28\/justica-valida-tabela-de-frete-em-acoes-da-agu\/"]}]},{"@type":"ImageObject","inLanguage":"pt-BR","@id":"https:\/\/motorista.com.br\/noticias\/2026\/04\/28\/justica-valida-tabela-de-frete-em-acoes-da-agu\/#primaryimage","url":"https:\/\/motorista.com.br\/noticias\/wp-content\/uploads\/2025\/07\/carreta-carregada-br-163-rodotrem-estrada.jpg","contentUrl":"https:\/\/motorista.com.br\/noticias\/wp-content\/uploads\/2025\/07\/carreta-carregada-br-163-rodotrem-estrada.jpg","width":1271,"height":800},{"@type":"BreadcrumbList","@id":"https:\/\/motorista.com.br\/noticias\/2026\/04\/28\/justica-valida-tabela-de-frete-em-acoes-da-agu\/#breadcrumb","itemListElement":[{"@type":"ListItem","position":1,"name":"In\u00edcio","item":"https:\/\/motorista.com.br\/noticias\/"},{"@type":"ListItem","position":2,"name":"Justi\u00e7a valida Tabela de Frete em a\u00e7\u00f5es da AGU"}]},{"@type":"WebSite","@id":"https:\/\/motorista.com.br\/noticias\/#website","url":"https:\/\/motorista.com.br\/noticias\/","name":"Motorista.com.br","description":"Not\u00edcia do Motorista","publisher":{"@id":"https:\/\/motorista.com.br\/noticias\/#organization"},"potentialAction":[{"@type":"SearchAction","target":{"@type":"EntryPoint","urlTemplate":"https:\/\/motorista.com.br\/noticias\/?s={search_term_string}"},"query-input":{"@type":"PropertyValueSpecification","valueRequired":true,"valueName":"search_term_string"}}],"inLanguage":"pt-BR"},{"@type":"Organization","@id":"https:\/\/motorista.com.br\/noticias\/#organization","name":"Motorista.com.br","url":"https:\/\/motorista.com.br\/noticias\/","logo":{"@type":"ImageObject","inLanguage":"pt-BR","@id":"https:\/\/motorista.com.br\/noticias\/#\/schema\/logo\/image\/","url":"https:\/\/motorista.com.br\/noticias\/wp-content\/uploads\/2025\/06\/Design-sem-nome-9.png","contentUrl":"https:\/\/motorista.com.br\/noticias\/wp-content\/uploads\/2025\/06\/Design-sem-nome-9.png","width":150,"height":85,"caption":"Motorista.com.br"},"image":{"@id":"https:\/\/motorista.com.br\/noticias\/#\/schema\/logo\/image\/"}},{"@type":"Person","@id":"https:\/\/motorista.com.br\/noticias\/#\/schema\/person\/dc93afc2981c0e3ce6bc3c053fd847be","name":"Equipe Reda\u00e7\u00e3o","image":{"@type":"ImageObject","inLanguage":"pt-BR","@id":"https:\/\/secure.gravatar.com\/avatar\/4f525efbf18dd2bb300ccad28bfb99d95a9465a5ba268407c8c37b37e1f28d2d?s=96&d=mm&r=g9e099043a0c61e9ae27e293b9fa75ffc","url":"https:\/\/secure.gravatar.com\/avatar\/4f525efbf18dd2bb300ccad28bfb99d95a9465a5ba268407c8c37b37e1f28d2d?s=96&d=mm&r=g","contentUrl":"https:\/\/secure.gravatar.com\/avatar\/4f525efbf18dd2bb300ccad28bfb99d95a9465a5ba268407c8c37b37e1f28d2d?s=96&d=mm&r=g","caption":"Equipe Reda\u00e7\u00e3o"},"description":"Equipe de reda\u00e7\u00e3o \u00e9 um grupo de profissionais que trabalham juntos para criar conte\u00fado escrito para Motorista.com.br","url":"https:\/\/motorista.com.br\/noticias\/author\/equiperedacao\/"}]}},"_links":{"self":[{"href":"https:\/\/motorista.com.br\/noticias\/wp-json\/wp\/v2\/posts\/9278","targetHints":{"allow":["GET"]}}],"collection":[{"href":"https:\/\/motorista.com.br\/noticias\/wp-json\/wp\/v2\/posts"}],"about":[{"href":"https:\/\/motorista.com.br\/noticias\/wp-json\/wp\/v2\/types\/post"}],"author":[{"embeddable":true,"href":"https:\/\/motorista.com.br\/noticias\/wp-json\/wp\/v2\/users\/4"}],"replies":[{"embeddable":true,"href":"https:\/\/motorista.com.br\/noticias\/wp-json\/wp\/v2\/comments?post=9278"}],"version-history":[{"count":0,"href":"https:\/\/motorista.com.br\/noticias\/wp-json\/wp\/v2\/posts\/9278\/revisions"}],"wp:featuredmedia":[{"embeddable":true,"href":"https:\/\/motorista.com.br\/noticias\/wp-json\/wp\/v2\/media\/1997"}],"wp:attachment":[{"href":"https:\/\/motorista.com.br\/noticias\/wp-json\/wp\/v2\/media?parent=9278"}],"wp:term":[{"taxonomy":"category","embeddable":true,"href":"https:\/\/motorista.com.br\/noticias\/wp-json\/wp\/v2\/categories?post=9278"},{"taxonomy":"post_tag","embeddable":true,"href":"https:\/\/motorista.com.br\/noticias\/wp-json\/wp\/v2\/tags?post=9278"},{"taxonomy":"author","embeddable":true,"href":"https:\/\/motorista.com.br\/noticias\/wp-json\/wp\/v2\/coauthors?post=9278"}],"curies":[{"name":"wp","href":"https:\/\/api.w.org\/{rel}","templated":true}]}}