{"id":9276,"date":"2026-04-28T16:31:59","date_gmt":"2026-04-28T19:31:59","guid":{"rendered":"https:\/\/motorista.com.br\/noticias\/2026\/04\/28\/petrobras-pode-aumentar-preco-da-gasolina-se-pis-cofins-for-zerado\/"},"modified":"2026-04-28T16:31:59","modified_gmt":"2026-04-28T19:31:59","slug":"petrobras-pode-aumentar-preco-da-gasolina-se-pis-cofins-for-zerado","status":"publish","type":"post","link":"https:\/\/motorista.com.br\/noticias\/2026\/04\/28\/petrobras-pode-aumentar-preco-da-gasolina-se-pis-cofins-for-zerado\/","title":{"rendered":"Petrobras pode aumentar pre\u00e7o da gasolina se PIS\/Cofins for zerado"},"content":{"rendered":"<p><\/p>\n<h3>Petrobras deve reajustar gasolina se Congresso zerar PIS\/Cofins<\/h3>\n<p>A recente declara\u00e7\u00e3o da presidente da Petrobras, Magda Chambriard, sobre um potencial reajuste na gasolina, dependendo da aprova\u00e7\u00e3o do Congresso Nacional, destaca a complexidade do cen\u00e1rio econ\u00f4mico e suas implica\u00e7\u00f5es para motoristas e a mobilidade urbana. O projeto de lei que visa zerar tributos federais sobre a gasolina poderia impactar significativamente o pre\u00e7o final do combust\u00edvel, sendo essencial para a quest\u00e3o da mobilidade.<\/p>\n<p>Chambriard enfatizou que um reajuste de pre\u00e7o na Petrobras n\u00e3o necessariamente se traduziria em um aumento para o consumidor, desde que se respeitassem os limites impostos pela isen\u00e7\u00e3o de PIS e Cofins. Isso sugere uma poss\u00edvel manuten\u00e7\u00e3o de pre\u00e7os mais acess\u00edveis, o que pode beneficiar diretamente os motoristas. Em tempos de infla\u00e7\u00e3o e aumento do custo de vida, a estabilidade nos pre\u00e7os dos combust\u00edveis pode ser um al\u00edvio consider\u00e1vel para aqueles que dependem do transporte para trabalhar e realizar outras atividades di\u00e1rias.<\/p>\n<p>Al\u00e9m disso, ao evitar a volatilidade nos pre\u00e7os, a Petrobras demonstra um compromisso em garantir pre\u00e7os justos, que podem minimizar o impacto sobre a mobilidade da popula\u00e7\u00e3o. Um combust\u00edvel mais acess\u00edvel favorece n\u00e3o apenas o or\u00e7amento dos motoristas, mas tamb\u00e9m a circula\u00e7\u00e3o de pessoas e mercadorias, essencial para o crescimento econ\u00f4mico local.<\/p>\n<p>Outra dimens\u00e3o importante mencionada por Magda \u00e9 a autossufici\u00eancia da Petrobras na produ\u00e7\u00e3o de gasolina. Essa independ\u00eancia operacional permite que a empresa minimize a influ\u00eancia dos pre\u00e7os internacionais, assegurando que o mercado interno beneficie-se de condi\u00e7\u00f5es mais favor\u00e1veis. Para os motoristas, isso pode significar um v\u00ednculo direto com a estabilidade do pre\u00e7o da gasolina, aumentando a previsibilidade dos gastos mensais.<\/p>\n<p>Portanto, a rela\u00e7\u00e3o entre as pol\u00edticas de pre\u00e7o da Petrobras e a mobilidade urbana \u00e9 clara. O equil\u00edbrio entre os reajustes e os pre\u00e7os acess\u00edveis \u00e9 crucial para a sa\u00fade financeira dos motoristas e para o aprimoramento da mobilidade nas cidades brasileiras. Com um combust\u00edvel mais est\u00e1vel, os cidad\u00e3os podem se sentir mais seguros para utilizar seus ve\u00edculos, o que, por sua vez, impulsiona a economia local.<\/p>\n<p>Um eventual reajuste, portanto, deve ser acompanhado de perto, pois suas consequ\u00eancias se estender\u00e3o al\u00e9m do simples ato de abastecer um carro; elas afetar\u00e3o a din\u00e2mica do transporte urbano, a qualidade de vida dos cidad\u00e3os e o desenvolvimento econ\u00f4mico do Brasil. A expectativa \u00e9 que haja uma aproxima\u00e7\u00e3o entre as decis\u00f5es pol\u00edticas e as necessidades da popula\u00e7\u00e3o, criando um ambiente onde pre\u00e7os mais baixos e investimentos em infraestrutura possam coexistir para um futuro mais sustent\u00e1vel.<\/p>\n","protected":false},"excerpt":{"rendered":"<p>Petrobras deve reajustar gasolina se Congresso zerar PIS\/Cofins A recente declara\u00e7\u00e3o da presidente da Petrobras, Magda Chambriard, sobre um potencial reajuste na gasolina, dependendo da aprova\u00e7\u00e3o do Congresso Nacional, destaca a complexidade do cen\u00e1rio econ\u00f4mico e suas implica\u00e7\u00f5es para motoristas e a mobilidade urbana. O projeto de lei que visa zerar tributos federais sobre a &hellip;<\/p>\n","protected":false},"author":4,"featured_media":9277,"comment_status":"","ping_status":"open","sticky":false,"template":"","format":"standard","meta":{"footnotes":""},"categories":[45],"tags":[],"coauthors":[42],"class_list":["post-9276","post","type-post","status-publish","format-standard","has-post-thumbnail","hentry","category-mundo"],"yoast_head":"<!-- This site is optimized with the Yoast SEO Premium plugin v25.5 (Yoast SEO v27.5) - https:\/\/yoast.com\/product\/yoast-seo-premium-wordpress\/ -->\n<title>Petrobras pode aumentar pre\u00e7o da gasolina se PIS\/Cofins for zerado - Motorista.com.br<\/title>\n<meta name=\"robots\" content=\"index, follow, max-snippet:-1, max-image-preview:large, max-video-preview:-1\" \/>\n<link rel=\"canonical\" href=\"https:\/\/motorista.com.br\/noticias\/2026\/04\/28\/petrobras-pode-aumentar-preco-da-gasolina-se-pis-cofins-for-zerado\/\" \/>\n<meta property=\"og:locale\" content=\"pt_BR\" \/>\n<meta property=\"og:type\" content=\"article\" \/>\n<meta property=\"og:title\" content=\"Petrobras pode aumentar pre\u00e7o da gasolina se PIS\/Cofins for zerado\" \/>\n<meta property=\"og:description\" content=\"Petrobras deve reajustar gasolina se Congresso zerar PIS\/Cofins A recente declara\u00e7\u00e3o da presidente da Petrobras, Magda Chambriard, sobre um potencial reajuste na gasolina, dependendo da aprova\u00e7\u00e3o do Congresso Nacional, destaca a complexidade do cen\u00e1rio econ\u00f4mico e suas implica\u00e7\u00f5es para motoristas e a mobilidade urbana. O projeto de lei que visa zerar tributos federais sobre a &hellip;\" \/>\n<meta property=\"og:url\" content=\"https:\/\/motorista.com.br\/noticias\/2026\/04\/28\/petrobras-pode-aumentar-preco-da-gasolina-se-pis-cofins-for-zerado\/\" \/>\n<meta property=\"og:site_name\" content=\"Motorista.com.br\" \/>\n<meta property=\"article:published_time\" content=\"2026-04-28T19:31:59+00:00\" \/>\n<meta name=\"author\" content=\"Equipe Reda\u00e7\u00e3o\" \/>\n<meta name=\"twitter:card\" content=\"summary_large_image\" \/>\n<meta name=\"twitter:label1\" content=\"Escrito por\" \/>\n\t<meta name=\"twitter:data1\" content=\"Equipe Reda\u00e7\u00e3o\" \/>\n\t<meta name=\"twitter:label2\" content=\"Est. tempo de leitura\" \/>\n\t<meta name=\"twitter:data2\" content=\"2 minutos\" \/>\n\t<meta name=\"twitter:label3\" content=\"Written by\" \/>\n\t<meta name=\"twitter:data3\" content=\"Equipe Reda\u00e7\u00e3o\" \/>\n<script type=\"application\/ld+json\" class=\"yoast-schema-graph\">{\"@context\":\"https:\\\/\\\/schema.org\",\"@graph\":[{\"@type\":\"Article\",\"@id\":\"https:\\\/\\\/motorista.com.br\\\/noticias\\\/2026\\\/04\\\/28\\\/petrobras-pode-aumentar-preco-da-gasolina-se-pis-cofins-for-zerado\\\/#article\",\"isPartOf\":{\"@id\":\"https:\\\/\\\/motorista.com.br\\\/noticias\\\/2026\\\/04\\\/28\\\/petrobras-pode-aumentar-preco-da-gasolina-se-pis-cofins-for-zerado\\\/\"},\"author\":{\"name\":\"Equipe Reda\u00e7\u00e3o\",\"@id\":\"https:\\\/\\\/motorista.com.br\\\/noticias\\\/#\\\/schema\\\/person\\\/dc93afc2981c0e3ce6bc3c053fd847be\"},\"headline\":\"Petrobras pode aumentar pre\u00e7o da gasolina se PIS\\\/Cofins for zerado\",\"datePublished\":\"2026-04-28T19:31:59+00:00\",\"mainEntityOfPage\":{\"@id\":\"https:\\\/\\\/motorista.com.br\\\/noticias\\\/2026\\\/04\\\/28\\\/petrobras-pode-aumentar-preco-da-gasolina-se-pis-cofins-for-zerado\\\/\"},\"wordCount\":482,\"publisher\":{\"@id\":\"https:\\\/\\\/motorista.com.br\\\/noticias\\\/#organization\"},\"image\":{\"@id\":\"https:\\\/\\\/motorista.com.br\\\/noticias\\\/2026\\\/04\\\/28\\\/petrobras-pode-aumentar-preco-da-gasolina-se-pis-cofins-for-zerado\\\/#primaryimage\"},\"thumbnailUrl\":\"https:\\\/\\\/motorista.com.br\\\/noticias\\\/wp-content\\\/uploads\\\/2026\\\/04\\\/magda-chambriard_petrobras-foto-tania_rego-agenciabr-1.jpg\",\"articleSection\":[\"Mundo\"],\"inLanguage\":\"pt-BR\"},{\"@type\":\"WebPage\",\"@id\":\"https:\\\/\\\/motorista.com.br\\\/noticias\\\/2026\\\/04\\\/28\\\/petrobras-pode-aumentar-preco-da-gasolina-se-pis-cofins-for-zerado\\\/\",\"url\":\"https:\\\/\\\/motorista.com.br\\\/noticias\\\/2026\\\/04\\\/28\\\/petrobras-pode-aumentar-preco-da-gasolina-se-pis-cofins-for-zerado\\\/\",\"name\":\"Petrobras pode aumentar pre\u00e7o da gasolina se PIS\\\/Cofins for zerado - Motorista.com.br\",\"isPartOf\":{\"@id\":\"https:\\\/\\\/motorista.com.br\\\/noticias\\\/#website\"},\"primaryImageOfPage\":{\"@id\":\"https:\\\/\\\/motorista.com.br\\\/noticias\\\/2026\\\/04\\\/28\\\/petrobras-pode-aumentar-preco-da-gasolina-se-pis-cofins-for-zerado\\\/#primaryimage\"},\"image\":{\"@id\":\"https:\\\/\\\/motorista.com.br\\\/noticias\\\/2026\\\/04\\\/28\\\/petrobras-pode-aumentar-preco-da-gasolina-se-pis-cofins-for-zerado\\\/#primaryimage\"},\"thumbnailUrl\":\"https:\\\/\\\/motorista.com.br\\\/noticias\\\/wp-content\\\/uploads\\\/2026\\\/04\\\/magda-chambriard_petrobras-foto-tania_rego-agenciabr-1.jpg\",\"datePublished\":\"2026-04-28T19:31:59+00:00\",\"breadcrumb\":{\"@id\":\"https:\\\/\\\/motorista.com.br\\\/noticias\\\/2026\\\/04\\\/28\\\/petrobras-pode-aumentar-preco-da-gasolina-se-pis-cofins-for-zerado\\\/#breadcrumb\"},\"inLanguage\":\"pt-BR\",\"potentialAction\":[{\"@type\":\"ReadAction\",\"target\":[\"https:\\\/\\\/motorista.com.br\\\/noticias\\\/2026\\\/04\\\/28\\\/petrobras-pode-aumentar-preco-da-gasolina-se-pis-cofins-for-zerado\\\/\"]}]},{\"@type\":\"ImageObject\",\"inLanguage\":\"pt-BR\",\"@id\":\"https:\\\/\\\/motorista.com.br\\\/noticias\\\/2026\\\/04\\\/28\\\/petrobras-pode-aumentar-preco-da-gasolina-se-pis-cofins-for-zerado\\\/#primaryimage\",\"url\":\"https:\\\/\\\/motorista.com.br\\\/noticias\\\/wp-content\\\/uploads\\\/2026\\\/04\\\/magda-chambriard_petrobras-foto-tania_rego-agenciabr-1.jpg\",\"contentUrl\":\"https:\\\/\\\/motorista.com.br\\\/noticias\\\/wp-content\\\/uploads\\\/2026\\\/04\\\/magda-chambriard_petrobras-foto-tania_rego-agenciabr-1.jpg\",\"width\":1280,\"height\":854},{\"@type\":\"BreadcrumbList\",\"@id\":\"https:\\\/\\\/motorista.com.br\\\/noticias\\\/2026\\\/04\\\/28\\\/petrobras-pode-aumentar-preco-da-gasolina-se-pis-cofins-for-zerado\\\/#breadcrumb\",\"itemListElement\":[{\"@type\":\"ListItem\",\"position\":1,\"name\":\"In\u00edcio\",\"item\":\"https:\\\/\\\/motorista.com.br\\\/noticias\\\/\"},{\"@type\":\"ListItem\",\"position\":2,\"name\":\"Petrobras pode aumentar pre\u00e7o da gasolina se PIS\\\/Cofins for zerado\"}]},{\"@type\":\"WebSite\",\"@id\":\"https:\\\/\\\/motorista.com.br\\\/noticias\\\/#website\",\"url\":\"https:\\\/\\\/motorista.com.br\\\/noticias\\\/\",\"name\":\"Motorista.com.br\",\"description\":\"Not\u00edcia do Motorista\",\"publisher\":{\"@id\":\"https:\\\/\\\/motorista.com.br\\\/noticias\\\/#organization\"},\"potentialAction\":[{\"@type\":\"SearchAction\",\"target\":{\"@type\":\"EntryPoint\",\"urlTemplate\":\"https:\\\/\\\/motorista.com.br\\\/noticias\\\/?s={search_term_string}\"},\"query-input\":{\"@type\":\"PropertyValueSpecification\",\"valueRequired\":true,\"valueName\":\"search_term_string\"}}],\"inLanguage\":\"pt-BR\"},{\"@type\":\"Organization\",\"@id\":\"https:\\\/\\\/motorista.com.br\\\/noticias\\\/#organization\",\"name\":\"Motorista.com.br\",\"url\":\"https:\\\/\\\/motorista.com.br\\\/noticias\\\/\",\"logo\":{\"@type\":\"ImageObject\",\"inLanguage\":\"pt-BR\",\"@id\":\"https:\\\/\\\/motorista.com.br\\\/noticias\\\/#\\\/schema\\\/logo\\\/image\\\/\",\"url\":\"https:\\\/\\\/motorista.com.br\\\/noticias\\\/wp-content\\\/uploads\\\/2025\\\/06\\\/Design-sem-nome-9.png\",\"contentUrl\":\"https:\\\/\\\/motorista.com.br\\\/noticias\\\/wp-content\\\/uploads\\\/2025\\\/06\\\/Design-sem-nome-9.png\",\"width\":150,\"height\":85,\"caption\":\"Motorista.com.br\"},\"image\":{\"@id\":\"https:\\\/\\\/motorista.com.br\\\/noticias\\\/#\\\/schema\\\/logo\\\/image\\\/\"}},{\"@type\":\"Person\",\"@id\":\"https:\\\/\\\/motorista.com.br\\\/noticias\\\/#\\\/schema\\\/person\\\/dc93afc2981c0e3ce6bc3c053fd847be\",\"name\":\"Equipe Reda\u00e7\u00e3o\",\"image\":{\"@type\":\"ImageObject\",\"inLanguage\":\"pt-BR\",\"@id\":\"https:\\\/\\\/secure.gravatar.com\\\/avatar\\\/4f525efbf18dd2bb300ccad28bfb99d95a9465a5ba268407c8c37b37e1f28d2d?s=96&d=mm&r=g9e099043a0c61e9ae27e293b9fa75ffc\",\"url\":\"https:\\\/\\\/secure.gravatar.com\\\/avatar\\\/4f525efbf18dd2bb300ccad28bfb99d95a9465a5ba268407c8c37b37e1f28d2d?s=96&d=mm&r=g\",\"contentUrl\":\"https:\\\/\\\/secure.gravatar.com\\\/avatar\\\/4f525efbf18dd2bb300ccad28bfb99d95a9465a5ba268407c8c37b37e1f28d2d?s=96&d=mm&r=g\",\"caption\":\"Equipe Reda\u00e7\u00e3o\"},\"description\":\"Equipe de reda\u00e7\u00e3o \u00e9 um grupo de profissionais que trabalham juntos para criar conte\u00fado escrito para Motorista.com.br\",\"url\":\"https:\\\/\\\/motorista.com.br\\\/noticias\\\/author\\\/equiperedacao\\\/\"}]}<\/script>\n<!-- \/ Yoast SEO Premium plugin. -->","yoast_head_json":{"title":"Petrobras pode aumentar pre\u00e7o da gasolina se PIS\/Cofins for zerado - Motorista.com.br","robots":{"index":"index","follow":"follow","max-snippet":"max-snippet:-1","max-image-preview":"max-image-preview:large","max-video-preview":"max-video-preview:-1"},"canonical":"https:\/\/motorista.com.br\/noticias\/2026\/04\/28\/petrobras-pode-aumentar-preco-da-gasolina-se-pis-cofins-for-zerado\/","og_locale":"pt_BR","og_type":"article","og_title":"Petrobras pode aumentar pre\u00e7o da gasolina se PIS\/Cofins for zerado","og_description":"Petrobras deve reajustar gasolina se Congresso zerar PIS\/Cofins A recente declara\u00e7\u00e3o da presidente da Petrobras, Magda Chambriard, sobre um potencial reajuste na gasolina, dependendo da aprova\u00e7\u00e3o do Congresso Nacional, destaca a complexidade do cen\u00e1rio econ\u00f4mico e suas implica\u00e7\u00f5es para motoristas e a mobilidade urbana. O projeto de lei que visa zerar tributos federais sobre a &hellip;","og_url":"https:\/\/motorista.com.br\/noticias\/2026\/04\/28\/petrobras-pode-aumentar-preco-da-gasolina-se-pis-cofins-for-zerado\/","og_site_name":"Motorista.com.br","article_published_time":"2026-04-28T19:31:59+00:00","author":"Equipe Reda\u00e7\u00e3o","twitter_card":"summary_large_image","twitter_misc":{"Escrito por":"Equipe Reda\u00e7\u00e3o","Est. tempo de leitura":"2 minutos","Written by":"Equipe Reda\u00e7\u00e3o"},"schema":{"@context":"https:\/\/schema.org","@graph":[{"@type":"Article","@id":"https:\/\/motorista.com.br\/noticias\/2026\/04\/28\/petrobras-pode-aumentar-preco-da-gasolina-se-pis-cofins-for-zerado\/#article","isPartOf":{"@id":"https:\/\/motorista.com.br\/noticias\/2026\/04\/28\/petrobras-pode-aumentar-preco-da-gasolina-se-pis-cofins-for-zerado\/"},"author":{"name":"Equipe Reda\u00e7\u00e3o","@id":"https:\/\/motorista.com.br\/noticias\/#\/schema\/person\/dc93afc2981c0e3ce6bc3c053fd847be"},"headline":"Petrobras pode aumentar pre\u00e7o da gasolina se PIS\/Cofins for zerado","datePublished":"2026-04-28T19:31:59+00:00","mainEntityOfPage":{"@id":"https:\/\/motorista.com.br\/noticias\/2026\/04\/28\/petrobras-pode-aumentar-preco-da-gasolina-se-pis-cofins-for-zerado\/"},"wordCount":482,"publisher":{"@id":"https:\/\/motorista.com.br\/noticias\/#organization"},"image":{"@id":"https:\/\/motorista.com.br\/noticias\/2026\/04\/28\/petrobras-pode-aumentar-preco-da-gasolina-se-pis-cofins-for-zerado\/#primaryimage"},"thumbnailUrl":"https:\/\/motorista.com.br\/noticias\/wp-content\/uploads\/2026\/04\/magda-chambriard_petrobras-foto-tania_rego-agenciabr-1.jpg","articleSection":["Mundo"],"inLanguage":"pt-BR"},{"@type":"WebPage","@id":"https:\/\/motorista.com.br\/noticias\/2026\/04\/28\/petrobras-pode-aumentar-preco-da-gasolina-se-pis-cofins-for-zerado\/","url":"https:\/\/motorista.com.br\/noticias\/2026\/04\/28\/petrobras-pode-aumentar-preco-da-gasolina-se-pis-cofins-for-zerado\/","name":"Petrobras pode aumentar pre\u00e7o da gasolina se PIS\/Cofins for zerado - Motorista.com.br","isPartOf":{"@id":"https:\/\/motorista.com.br\/noticias\/#website"},"primaryImageOfPage":{"@id":"https:\/\/motorista.com.br\/noticias\/2026\/04\/28\/petrobras-pode-aumentar-preco-da-gasolina-se-pis-cofins-for-zerado\/#primaryimage"},"image":{"@id":"https:\/\/motorista.com.br\/noticias\/2026\/04\/28\/petrobras-pode-aumentar-preco-da-gasolina-se-pis-cofins-for-zerado\/#primaryimage"},"thumbnailUrl":"https:\/\/motorista.com.br\/noticias\/wp-content\/uploads\/2026\/04\/magda-chambriard_petrobras-foto-tania_rego-agenciabr-1.jpg","datePublished":"2026-04-28T19:31:59+00:00","breadcrumb":{"@id":"https:\/\/motorista.com.br\/noticias\/2026\/04\/28\/petrobras-pode-aumentar-preco-da-gasolina-se-pis-cofins-for-zerado\/#breadcrumb"},"inLanguage":"pt-BR","potentialAction":[{"@type":"ReadAction","target":["https:\/\/motorista.com.br\/noticias\/2026\/04\/28\/petrobras-pode-aumentar-preco-da-gasolina-se-pis-cofins-for-zerado\/"]}]},{"@type":"ImageObject","inLanguage":"pt-BR","@id":"https:\/\/motorista.com.br\/noticias\/2026\/04\/28\/petrobras-pode-aumentar-preco-da-gasolina-se-pis-cofins-for-zerado\/#primaryimage","url":"https:\/\/motorista.com.br\/noticias\/wp-content\/uploads\/2026\/04\/magda-chambriard_petrobras-foto-tania_rego-agenciabr-1.jpg","contentUrl":"https:\/\/motorista.com.br\/noticias\/wp-content\/uploads\/2026\/04\/magda-chambriard_petrobras-foto-tania_rego-agenciabr-1.jpg","width":1280,"height":854},{"@type":"BreadcrumbList","@id":"https:\/\/motorista.com.br\/noticias\/2026\/04\/28\/petrobras-pode-aumentar-preco-da-gasolina-se-pis-cofins-for-zerado\/#breadcrumb","itemListElement":[{"@type":"ListItem","position":1,"name":"In\u00edcio","item":"https:\/\/motorista.com.br\/noticias\/"},{"@type":"ListItem","position":2,"name":"Petrobras pode aumentar pre\u00e7o da gasolina se PIS\/Cofins for zerado"}]},{"@type":"WebSite","@id":"https:\/\/motorista.com.br\/noticias\/#website","url":"https:\/\/motorista.com.br\/noticias\/","name":"Motorista.com.br","description":"Not\u00edcia do Motorista","publisher":{"@id":"https:\/\/motorista.com.br\/noticias\/#organization"},"potentialAction":[{"@type":"SearchAction","target":{"@type":"EntryPoint","urlTemplate":"https:\/\/motorista.com.br\/noticias\/?s={search_term_string}"},"query-input":{"@type":"PropertyValueSpecification","valueRequired":true,"valueName":"search_term_string"}}],"inLanguage":"pt-BR"},{"@type":"Organization","@id":"https:\/\/motorista.com.br\/noticias\/#organization","name":"Motorista.com.br","url":"https:\/\/motorista.com.br\/noticias\/","logo":{"@type":"ImageObject","inLanguage":"pt-BR","@id":"https:\/\/motorista.com.br\/noticias\/#\/schema\/logo\/image\/","url":"https:\/\/motorista.com.br\/noticias\/wp-content\/uploads\/2025\/06\/Design-sem-nome-9.png","contentUrl":"https:\/\/motorista.com.br\/noticias\/wp-content\/uploads\/2025\/06\/Design-sem-nome-9.png","width":150,"height":85,"caption":"Motorista.com.br"},"image":{"@id":"https:\/\/motorista.com.br\/noticias\/#\/schema\/logo\/image\/"}},{"@type":"Person","@id":"https:\/\/motorista.com.br\/noticias\/#\/schema\/person\/dc93afc2981c0e3ce6bc3c053fd847be","name":"Equipe Reda\u00e7\u00e3o","image":{"@type":"ImageObject","inLanguage":"pt-BR","@id":"https:\/\/secure.gravatar.com\/avatar\/4f525efbf18dd2bb300ccad28bfb99d95a9465a5ba268407c8c37b37e1f28d2d?s=96&d=mm&r=g9e099043a0c61e9ae27e293b9fa75ffc","url":"https:\/\/secure.gravatar.com\/avatar\/4f525efbf18dd2bb300ccad28bfb99d95a9465a5ba268407c8c37b37e1f28d2d?s=96&d=mm&r=g","contentUrl":"https:\/\/secure.gravatar.com\/avatar\/4f525efbf18dd2bb300ccad28bfb99d95a9465a5ba268407c8c37b37e1f28d2d?s=96&d=mm&r=g","caption":"Equipe Reda\u00e7\u00e3o"},"description":"Equipe de reda\u00e7\u00e3o \u00e9 um grupo de profissionais que trabalham juntos para criar conte\u00fado escrito para Motorista.com.br","url":"https:\/\/motorista.com.br\/noticias\/author\/equiperedacao\/"}]}},"_links":{"self":[{"href":"https:\/\/motorista.com.br\/noticias\/wp-json\/wp\/v2\/posts\/9276","targetHints":{"allow":["GET"]}}],"collection":[{"href":"https:\/\/motorista.com.br\/noticias\/wp-json\/wp\/v2\/posts"}],"about":[{"href":"https:\/\/motorista.com.br\/noticias\/wp-json\/wp\/v2\/types\/post"}],"author":[{"embeddable":true,"href":"https:\/\/motorista.com.br\/noticias\/wp-json\/wp\/v2\/users\/4"}],"replies":[{"embeddable":true,"href":"https:\/\/motorista.com.br\/noticias\/wp-json\/wp\/v2\/comments?post=9276"}],"version-history":[{"count":0,"href":"https:\/\/motorista.com.br\/noticias\/wp-json\/wp\/v2\/posts\/9276\/revisions"}],"wp:featuredmedia":[{"embeddable":true,"href":"https:\/\/motorista.com.br\/noticias\/wp-json\/wp\/v2\/media\/9277"}],"wp:attachment":[{"href":"https:\/\/motorista.com.br\/noticias\/wp-json\/wp\/v2\/media?parent=9276"}],"wp:term":[{"taxonomy":"category","embeddable":true,"href":"https:\/\/motorista.com.br\/noticias\/wp-json\/wp\/v2\/categories?post=9276"},{"taxonomy":"post_tag","embeddable":true,"href":"https:\/\/motorista.com.br\/noticias\/wp-json\/wp\/v2\/tags?post=9276"},{"taxonomy":"author","embeddable":true,"href":"https:\/\/motorista.com.br\/noticias\/wp-json\/wp\/v2\/coauthors?post=9276"}],"curies":[{"name":"wp","href":"https:\/\/api.w.org\/{rel}","templated":true}]}}