{"id":9274,"date":"2026-04-28T16:12:47","date_gmt":"2026-04-28T19:12:47","guid":{"rendered":"https:\/\/motorista.com.br\/noticias\/2026\/04\/28\/estudos-mostram-opinioes-diferentes-sobre-pib-e-inflacao\/"},"modified":"2026-04-28T16:12:47","modified_gmt":"2026-04-28T19:12:47","slug":"estudos-mostram-opinioes-diferentes-sobre-pib-e-inflacao","status":"publish","type":"post","link":"https:\/\/motorista.com.br\/noticias\/2026\/04\/28\/estudos-mostram-opinioes-diferentes-sobre-pib-e-inflacao\/","title":{"rendered":"Estudos mostram opini\u00f5es diferentes sobre PIB e infla\u00e7\u00e3o."},"content":{"rendered":"<p><\/p>\n<p><strong>Estudos Divergem Sobre Impactos no PIB e Infla\u00e7\u00e3o: O Olhar dos Motoristas e a Mobilidade<\/strong><\/p>\n<p>As propostas de redu\u00e7\u00e3o da jornada de trabalho no Brasil est\u00e3o gerando debates acalorados entre economistas e pesquisadores. Duas vis\u00f5es distintas emergem: enquanto entidades patronais preveem um impacto negativo no Produto Interno Bruto (PIB) e um aumento da infla\u00e7\u00e3o, an\u00e1lises de institui\u00e7\u00f5es como a Unicamp e o Ipea sugerem que os efeitos seriam limitados, com potenciais benef\u00edcios, como a cria\u00e7\u00e3o de emprego e aumento do PIB.<\/p>\n<p>A economista Marilane Teixeira, da Unicamp, argumenta que o debate transcende quest\u00f5es puramente t\u00e9cnicas, sendo fortemente influenciado por aspectos pol\u00edticos. Ela destaca que muitas an\u00e1lises desconsideram a din\u00e2mica do mercado, a capacidade de adapta\u00e7\u00e3o das empresas e o potencial para novas contrata\u00e7\u00f5es, o que pode beneficiar n\u00e3o apenas os empregados, mas tamb\u00e9m a economia coletiva. Essa vis\u00e3o \u00e9 relevante para os motoristas e o setor de transporte, onde a quest\u00e3o da jornada de trabalho, al\u00e9m de impactar diretamente os motoristas, pode influenciar a efici\u00eancia do transporte e a mobilidade das cidades.<\/p>\n<p>Resultados alarmistas, como os apresentados pela Confedera\u00e7\u00e3o Nacional da Ind\u00fastria (CNI), ressaltam poss\u00edveis perdas significativas no PIB e a necessidade de aumentar os pre\u00e7os dos produtos devido ao aumento dos custos trabalhistas. Contudo, o estudo do Ipea sugere que essa alta nos custos n\u00e3o deve ultrapassar 10% em setores cr\u00edticos. O impacto nos pre\u00e7os finais ao consumidor, contr\u00e1rio ao que \u00e9 frequentemente estimado pelas entidades patronais, pode ser muito menor.<\/p>\n<p>Este debate n\u00e3o se limita a n\u00fameros; ele impacta diretamente a mobilidade urbana e as condi\u00e7\u00f5es de trabalho dos motoristas. A redu\u00e7\u00e3o da jornada de trabalho pode, em \u00faltima inst\u00e2ncia, oferecer uma melhor qualidade de vida para esses profissionais, permitindo que eles tenham um tempo maior para descanso e recupera\u00e7\u00e3o, o que, paradoxalmente, poderia aumentar sua produtividade no trabalho. Motoristas mais descansados tendem a ser menos propensos a acidentes e mais aptos a manter a seguran\u00e7a nas estradas.<\/p>\n<p>Al\u00e9m disso, a possibilidade de empregadores absorverem aumentos de custos e ajustarem suas opera\u00e7\u00f5es poderia resultar em um setor mais flex\u00edvel e adapt\u00e1vel, essencial para o crescimento da mobilidade urbana. A cria\u00e7\u00e3o de um ambiente de trabalho que prioriza a sa\u00fade e a satisfa\u00e7\u00e3o dos motoristas n\u00e3o s\u00f3 melhoraria a qualidade do servi\u00e7o prestado, mas tamb\u00e9m fomentaria um ciclo positivo de investimentos e desenvolvimento econ\u00f4mico.<\/p>\n<p>As diverg\u00eancias nas pesquisas revelam um conflito distributivo sobre como os lucros e rendas devem ser direcionados na economia. Para os motoristas, isso significa que o resultado da reforma da jornada de trabalho pode representar uma oportunidade de melhorar suas condi\u00e7\u00f5es laborais, um benef\u00edcio frequentemente subestimado nas an\u00e1lises econ\u00f4micas mais tradicionais. A luta por jornadas de trabalho mais justas, portanto, deve ser encarada como uma quest\u00e3o n\u00e3o apenas econ\u00f4mica, mas tamb\u00e9m social, com potencial de impacto positivo em toda a sociedade.<\/p>\n<p><strong>Fonte: Setcesp<\/strong><\/p>\n","protected":false},"excerpt":{"rendered":"<p>Estudos Divergem Sobre Impactos no PIB e Infla\u00e7\u00e3o: O Olhar dos Motoristas e a Mobilidade As propostas de redu\u00e7\u00e3o da jornada de trabalho no Brasil est\u00e3o gerando debates acalorados entre economistas e pesquisadores. Duas vis\u00f5es distintas emergem: enquanto entidades patronais preveem um impacto negativo no Produto Interno Bruto (PIB) e um aumento da infla\u00e7\u00e3o, an\u00e1lises &hellip;<\/p>\n","protected":false},"author":4,"featured_media":9275,"comment_status":"","ping_status":"open","sticky":false,"template":"","format":"standard","meta":{"footnotes":""},"categories":[62],"tags":[],"coauthors":[42],"class_list":["post-9274","post","type-post","status-publish","format-standard","has-post-thumbnail","hentry","category-logistica"],"yoast_head":"<!-- This site is optimized with the Yoast SEO Premium plugin v25.5 (Yoast SEO v27.5) - https:\/\/yoast.com\/product\/yoast-seo-premium-wordpress\/ -->\n<title>Estudos mostram opini\u00f5es diferentes sobre PIB e infla\u00e7\u00e3o. - Motorista.com.br<\/title>\n<meta name=\"robots\" content=\"index, follow, max-snippet:-1, max-image-preview:large, max-video-preview:-1\" \/>\n<link rel=\"canonical\" href=\"https:\/\/motorista.com.br\/noticias\/2026\/04\/28\/estudos-mostram-opinioes-diferentes-sobre-pib-e-inflacao\/\" \/>\n<meta property=\"og:locale\" content=\"pt_BR\" \/>\n<meta property=\"og:type\" content=\"article\" \/>\n<meta property=\"og:title\" content=\"Estudos mostram opini\u00f5es diferentes sobre PIB e infla\u00e7\u00e3o.\" \/>\n<meta property=\"og:description\" content=\"Estudos Divergem Sobre Impactos no PIB e Infla\u00e7\u00e3o: O Olhar dos Motoristas e a Mobilidade As propostas de redu\u00e7\u00e3o da jornada de trabalho no Brasil est\u00e3o gerando debates acalorados entre economistas e pesquisadores. Duas vis\u00f5es distintas emergem: enquanto entidades patronais preveem um impacto negativo no Produto Interno Bruto (PIB) e um aumento da infla\u00e7\u00e3o, an\u00e1lises &hellip;\" \/>\n<meta property=\"og:url\" content=\"https:\/\/motorista.com.br\/noticias\/2026\/04\/28\/estudos-mostram-opinioes-diferentes-sobre-pib-e-inflacao\/\" \/>\n<meta property=\"og:site_name\" content=\"Motorista.com.br\" \/>\n<meta property=\"article:published_time\" content=\"2026-04-28T19:12:47+00:00\" \/>\n<meta name=\"author\" content=\"Equipe Reda\u00e7\u00e3o\" \/>\n<meta name=\"twitter:card\" content=\"summary_large_image\" \/>\n<meta name=\"twitter:label1\" content=\"Escrito por\" \/>\n\t<meta name=\"twitter:data1\" content=\"Equipe Reda\u00e7\u00e3o\" \/>\n\t<meta name=\"twitter:label2\" content=\"Est. tempo de leitura\" \/>\n\t<meta name=\"twitter:data2\" content=\"3 minutos\" \/>\n\t<meta name=\"twitter:label3\" content=\"Written by\" \/>\n\t<meta name=\"twitter:data3\" content=\"Equipe Reda\u00e7\u00e3o\" \/>\n<script type=\"application\/ld+json\" class=\"yoast-schema-graph\">{\"@context\":\"https:\\\/\\\/schema.org\",\"@graph\":[{\"@type\":\"Article\",\"@id\":\"https:\\\/\\\/motorista.com.br\\\/noticias\\\/2026\\\/04\\\/28\\\/estudos-mostram-opinioes-diferentes-sobre-pib-e-inflacao\\\/#article\",\"isPartOf\":{\"@id\":\"https:\\\/\\\/motorista.com.br\\\/noticias\\\/2026\\\/04\\\/28\\\/estudos-mostram-opinioes-diferentes-sobre-pib-e-inflacao\\\/\"},\"author\":{\"name\":\"Equipe Reda\u00e7\u00e3o\",\"@id\":\"https:\\\/\\\/motorista.com.br\\\/noticias\\\/#\\\/schema\\\/person\\\/dc93afc2981c0e3ce6bc3c053fd847be\"},\"headline\":\"Estudos mostram opini\u00f5es diferentes sobre PIB e infla\u00e7\u00e3o.\",\"datePublished\":\"2026-04-28T19:12:47+00:00\",\"mainEntityOfPage\":{\"@id\":\"https:\\\/\\\/motorista.com.br\\\/noticias\\\/2026\\\/04\\\/28\\\/estudos-mostram-opinioes-diferentes-sobre-pib-e-inflacao\\\/\"},\"wordCount\":532,\"publisher\":{\"@id\":\"https:\\\/\\\/motorista.com.br\\\/noticias\\\/#organization\"},\"image\":{\"@id\":\"https:\\\/\\\/motorista.com.br\\\/noticias\\\/2026\\\/04\\\/28\\\/estudos-mostram-opinioes-diferentes-sobre-pib-e-inflacao\\\/#primaryimage\"},\"thumbnailUrl\":\"https:\\\/\\\/motorista.com.br\\\/noticias\\\/wp-content\\\/uploads\\\/2026\\\/04\\\/009.png\",\"articleSection\":[\"Log\u00edstica\"],\"inLanguage\":\"pt-BR\"},{\"@type\":\"WebPage\",\"@id\":\"https:\\\/\\\/motorista.com.br\\\/noticias\\\/2026\\\/04\\\/28\\\/estudos-mostram-opinioes-diferentes-sobre-pib-e-inflacao\\\/\",\"url\":\"https:\\\/\\\/motorista.com.br\\\/noticias\\\/2026\\\/04\\\/28\\\/estudos-mostram-opinioes-diferentes-sobre-pib-e-inflacao\\\/\",\"name\":\"Estudos mostram opini\u00f5es diferentes sobre PIB e infla\u00e7\u00e3o. - Motorista.com.br\",\"isPartOf\":{\"@id\":\"https:\\\/\\\/motorista.com.br\\\/noticias\\\/#website\"},\"primaryImageOfPage\":{\"@id\":\"https:\\\/\\\/motorista.com.br\\\/noticias\\\/2026\\\/04\\\/28\\\/estudos-mostram-opinioes-diferentes-sobre-pib-e-inflacao\\\/#primaryimage\"},\"image\":{\"@id\":\"https:\\\/\\\/motorista.com.br\\\/noticias\\\/2026\\\/04\\\/28\\\/estudos-mostram-opinioes-diferentes-sobre-pib-e-inflacao\\\/#primaryimage\"},\"thumbnailUrl\":\"https:\\\/\\\/motorista.com.br\\\/noticias\\\/wp-content\\\/uploads\\\/2026\\\/04\\\/009.png\",\"datePublished\":\"2026-04-28T19:12:47+00:00\",\"breadcrumb\":{\"@id\":\"https:\\\/\\\/motorista.com.br\\\/noticias\\\/2026\\\/04\\\/28\\\/estudos-mostram-opinioes-diferentes-sobre-pib-e-inflacao\\\/#breadcrumb\"},\"inLanguage\":\"pt-BR\",\"potentialAction\":[{\"@type\":\"ReadAction\",\"target\":[\"https:\\\/\\\/motorista.com.br\\\/noticias\\\/2026\\\/04\\\/28\\\/estudos-mostram-opinioes-diferentes-sobre-pib-e-inflacao\\\/\"]}]},{\"@type\":\"ImageObject\",\"inLanguage\":\"pt-BR\",\"@id\":\"https:\\\/\\\/motorista.com.br\\\/noticias\\\/2026\\\/04\\\/28\\\/estudos-mostram-opinioes-diferentes-sobre-pib-e-inflacao\\\/#primaryimage\",\"url\":\"https:\\\/\\\/motorista.com.br\\\/noticias\\\/wp-content\\\/uploads\\\/2026\\\/04\\\/009.png\",\"contentUrl\":\"https:\\\/\\\/motorista.com.br\\\/noticias\\\/wp-content\\\/uploads\\\/2026\\\/04\\\/009.png\",\"width\":1400,\"height\":700},{\"@type\":\"BreadcrumbList\",\"@id\":\"https:\\\/\\\/motorista.com.br\\\/noticias\\\/2026\\\/04\\\/28\\\/estudos-mostram-opinioes-diferentes-sobre-pib-e-inflacao\\\/#breadcrumb\",\"itemListElement\":[{\"@type\":\"ListItem\",\"position\":1,\"name\":\"In\u00edcio\",\"item\":\"https:\\\/\\\/motorista.com.br\\\/noticias\\\/\"},{\"@type\":\"ListItem\",\"position\":2,\"name\":\"Estudos mostram opini\u00f5es diferentes sobre PIB e infla\u00e7\u00e3o.\"}]},{\"@type\":\"WebSite\",\"@id\":\"https:\\\/\\\/motorista.com.br\\\/noticias\\\/#website\",\"url\":\"https:\\\/\\\/motorista.com.br\\\/noticias\\\/\",\"name\":\"Motorista.com.br\",\"description\":\"Not\u00edcia do Motorista\",\"publisher\":{\"@id\":\"https:\\\/\\\/motorista.com.br\\\/noticias\\\/#organization\"},\"potentialAction\":[{\"@type\":\"SearchAction\",\"target\":{\"@type\":\"EntryPoint\",\"urlTemplate\":\"https:\\\/\\\/motorista.com.br\\\/noticias\\\/?s={search_term_string}\"},\"query-input\":{\"@type\":\"PropertyValueSpecification\",\"valueRequired\":true,\"valueName\":\"search_term_string\"}}],\"inLanguage\":\"pt-BR\"},{\"@type\":\"Organization\",\"@id\":\"https:\\\/\\\/motorista.com.br\\\/noticias\\\/#organization\",\"name\":\"Motorista.com.br\",\"url\":\"https:\\\/\\\/motorista.com.br\\\/noticias\\\/\",\"logo\":{\"@type\":\"ImageObject\",\"inLanguage\":\"pt-BR\",\"@id\":\"https:\\\/\\\/motorista.com.br\\\/noticias\\\/#\\\/schema\\\/logo\\\/image\\\/\",\"url\":\"https:\\\/\\\/motorista.com.br\\\/noticias\\\/wp-content\\\/uploads\\\/2025\\\/06\\\/Design-sem-nome-9.png\",\"contentUrl\":\"https:\\\/\\\/motorista.com.br\\\/noticias\\\/wp-content\\\/uploads\\\/2025\\\/06\\\/Design-sem-nome-9.png\",\"width\":150,\"height\":85,\"caption\":\"Motorista.com.br\"},\"image\":{\"@id\":\"https:\\\/\\\/motorista.com.br\\\/noticias\\\/#\\\/schema\\\/logo\\\/image\\\/\"}},{\"@type\":\"Person\",\"@id\":\"https:\\\/\\\/motorista.com.br\\\/noticias\\\/#\\\/schema\\\/person\\\/dc93afc2981c0e3ce6bc3c053fd847be\",\"name\":\"Equipe Reda\u00e7\u00e3o\",\"image\":{\"@type\":\"ImageObject\",\"inLanguage\":\"pt-BR\",\"@id\":\"https:\\\/\\\/secure.gravatar.com\\\/avatar\\\/4f525efbf18dd2bb300ccad28bfb99d95a9465a5ba268407c8c37b37e1f28d2d?s=96&d=mm&r=g9e099043a0c61e9ae27e293b9fa75ffc\",\"url\":\"https:\\\/\\\/secure.gravatar.com\\\/avatar\\\/4f525efbf18dd2bb300ccad28bfb99d95a9465a5ba268407c8c37b37e1f28d2d?s=96&d=mm&r=g\",\"contentUrl\":\"https:\\\/\\\/secure.gravatar.com\\\/avatar\\\/4f525efbf18dd2bb300ccad28bfb99d95a9465a5ba268407c8c37b37e1f28d2d?s=96&d=mm&r=g\",\"caption\":\"Equipe Reda\u00e7\u00e3o\"},\"description\":\"Equipe de reda\u00e7\u00e3o \u00e9 um grupo de profissionais que trabalham juntos para criar conte\u00fado escrito para Motorista.com.br\",\"url\":\"https:\\\/\\\/motorista.com.br\\\/noticias\\\/author\\\/equiperedacao\\\/\"}]}<\/script>\n<!-- \/ Yoast SEO Premium plugin. -->","yoast_head_json":{"title":"Estudos mostram opini\u00f5es diferentes sobre PIB e infla\u00e7\u00e3o. - Motorista.com.br","robots":{"index":"index","follow":"follow","max-snippet":"max-snippet:-1","max-image-preview":"max-image-preview:large","max-video-preview":"max-video-preview:-1"},"canonical":"https:\/\/motorista.com.br\/noticias\/2026\/04\/28\/estudos-mostram-opinioes-diferentes-sobre-pib-e-inflacao\/","og_locale":"pt_BR","og_type":"article","og_title":"Estudos mostram opini\u00f5es diferentes sobre PIB e infla\u00e7\u00e3o.","og_description":"Estudos Divergem Sobre Impactos no PIB e Infla\u00e7\u00e3o: O Olhar dos Motoristas e a Mobilidade As propostas de redu\u00e7\u00e3o da jornada de trabalho no Brasil est\u00e3o gerando debates acalorados entre economistas e pesquisadores. Duas vis\u00f5es distintas emergem: enquanto entidades patronais preveem um impacto negativo no Produto Interno Bruto (PIB) e um aumento da infla\u00e7\u00e3o, an\u00e1lises &hellip;","og_url":"https:\/\/motorista.com.br\/noticias\/2026\/04\/28\/estudos-mostram-opinioes-diferentes-sobre-pib-e-inflacao\/","og_site_name":"Motorista.com.br","article_published_time":"2026-04-28T19:12:47+00:00","author":"Equipe Reda\u00e7\u00e3o","twitter_card":"summary_large_image","twitter_misc":{"Escrito por":"Equipe Reda\u00e7\u00e3o","Est. tempo de leitura":"3 minutos","Written by":"Equipe Reda\u00e7\u00e3o"},"schema":{"@context":"https:\/\/schema.org","@graph":[{"@type":"Article","@id":"https:\/\/motorista.com.br\/noticias\/2026\/04\/28\/estudos-mostram-opinioes-diferentes-sobre-pib-e-inflacao\/#article","isPartOf":{"@id":"https:\/\/motorista.com.br\/noticias\/2026\/04\/28\/estudos-mostram-opinioes-diferentes-sobre-pib-e-inflacao\/"},"author":{"name":"Equipe Reda\u00e7\u00e3o","@id":"https:\/\/motorista.com.br\/noticias\/#\/schema\/person\/dc93afc2981c0e3ce6bc3c053fd847be"},"headline":"Estudos mostram opini\u00f5es diferentes sobre PIB e infla\u00e7\u00e3o.","datePublished":"2026-04-28T19:12:47+00:00","mainEntityOfPage":{"@id":"https:\/\/motorista.com.br\/noticias\/2026\/04\/28\/estudos-mostram-opinioes-diferentes-sobre-pib-e-inflacao\/"},"wordCount":532,"publisher":{"@id":"https:\/\/motorista.com.br\/noticias\/#organization"},"image":{"@id":"https:\/\/motorista.com.br\/noticias\/2026\/04\/28\/estudos-mostram-opinioes-diferentes-sobre-pib-e-inflacao\/#primaryimage"},"thumbnailUrl":"https:\/\/motorista.com.br\/noticias\/wp-content\/uploads\/2026\/04\/009.png","articleSection":["Log\u00edstica"],"inLanguage":"pt-BR"},{"@type":"WebPage","@id":"https:\/\/motorista.com.br\/noticias\/2026\/04\/28\/estudos-mostram-opinioes-diferentes-sobre-pib-e-inflacao\/","url":"https:\/\/motorista.com.br\/noticias\/2026\/04\/28\/estudos-mostram-opinioes-diferentes-sobre-pib-e-inflacao\/","name":"Estudos mostram opini\u00f5es diferentes sobre PIB e infla\u00e7\u00e3o. - Motorista.com.br","isPartOf":{"@id":"https:\/\/motorista.com.br\/noticias\/#website"},"primaryImageOfPage":{"@id":"https:\/\/motorista.com.br\/noticias\/2026\/04\/28\/estudos-mostram-opinioes-diferentes-sobre-pib-e-inflacao\/#primaryimage"},"image":{"@id":"https:\/\/motorista.com.br\/noticias\/2026\/04\/28\/estudos-mostram-opinioes-diferentes-sobre-pib-e-inflacao\/#primaryimage"},"thumbnailUrl":"https:\/\/motorista.com.br\/noticias\/wp-content\/uploads\/2026\/04\/009.png","datePublished":"2026-04-28T19:12:47+00:00","breadcrumb":{"@id":"https:\/\/motorista.com.br\/noticias\/2026\/04\/28\/estudos-mostram-opinioes-diferentes-sobre-pib-e-inflacao\/#breadcrumb"},"inLanguage":"pt-BR","potentialAction":[{"@type":"ReadAction","target":["https:\/\/motorista.com.br\/noticias\/2026\/04\/28\/estudos-mostram-opinioes-diferentes-sobre-pib-e-inflacao\/"]}]},{"@type":"ImageObject","inLanguage":"pt-BR","@id":"https:\/\/motorista.com.br\/noticias\/2026\/04\/28\/estudos-mostram-opinioes-diferentes-sobre-pib-e-inflacao\/#primaryimage","url":"https:\/\/motorista.com.br\/noticias\/wp-content\/uploads\/2026\/04\/009.png","contentUrl":"https:\/\/motorista.com.br\/noticias\/wp-content\/uploads\/2026\/04\/009.png","width":1400,"height":700},{"@type":"BreadcrumbList","@id":"https:\/\/motorista.com.br\/noticias\/2026\/04\/28\/estudos-mostram-opinioes-diferentes-sobre-pib-e-inflacao\/#breadcrumb","itemListElement":[{"@type":"ListItem","position":1,"name":"In\u00edcio","item":"https:\/\/motorista.com.br\/noticias\/"},{"@type":"ListItem","position":2,"name":"Estudos mostram opini\u00f5es diferentes sobre PIB e infla\u00e7\u00e3o."}]},{"@type":"WebSite","@id":"https:\/\/motorista.com.br\/noticias\/#website","url":"https:\/\/motorista.com.br\/noticias\/","name":"Motorista.com.br","description":"Not\u00edcia do Motorista","publisher":{"@id":"https:\/\/motorista.com.br\/noticias\/#organization"},"potentialAction":[{"@type":"SearchAction","target":{"@type":"EntryPoint","urlTemplate":"https:\/\/motorista.com.br\/noticias\/?s={search_term_string}"},"query-input":{"@type":"PropertyValueSpecification","valueRequired":true,"valueName":"search_term_string"}}],"inLanguage":"pt-BR"},{"@type":"Organization","@id":"https:\/\/motorista.com.br\/noticias\/#organization","name":"Motorista.com.br","url":"https:\/\/motorista.com.br\/noticias\/","logo":{"@type":"ImageObject","inLanguage":"pt-BR","@id":"https:\/\/motorista.com.br\/noticias\/#\/schema\/logo\/image\/","url":"https:\/\/motorista.com.br\/noticias\/wp-content\/uploads\/2025\/06\/Design-sem-nome-9.png","contentUrl":"https:\/\/motorista.com.br\/noticias\/wp-content\/uploads\/2025\/06\/Design-sem-nome-9.png","width":150,"height":85,"caption":"Motorista.com.br"},"image":{"@id":"https:\/\/motorista.com.br\/noticias\/#\/schema\/logo\/image\/"}},{"@type":"Person","@id":"https:\/\/motorista.com.br\/noticias\/#\/schema\/person\/dc93afc2981c0e3ce6bc3c053fd847be","name":"Equipe Reda\u00e7\u00e3o","image":{"@type":"ImageObject","inLanguage":"pt-BR","@id":"https:\/\/secure.gravatar.com\/avatar\/4f525efbf18dd2bb300ccad28bfb99d95a9465a5ba268407c8c37b37e1f28d2d?s=96&d=mm&r=g9e099043a0c61e9ae27e293b9fa75ffc","url":"https:\/\/secure.gravatar.com\/avatar\/4f525efbf18dd2bb300ccad28bfb99d95a9465a5ba268407c8c37b37e1f28d2d?s=96&d=mm&r=g","contentUrl":"https:\/\/secure.gravatar.com\/avatar\/4f525efbf18dd2bb300ccad28bfb99d95a9465a5ba268407c8c37b37e1f28d2d?s=96&d=mm&r=g","caption":"Equipe Reda\u00e7\u00e3o"},"description":"Equipe de reda\u00e7\u00e3o \u00e9 um grupo de profissionais que trabalham juntos para criar conte\u00fado escrito para Motorista.com.br","url":"https:\/\/motorista.com.br\/noticias\/author\/equiperedacao\/"}]}},"_links":{"self":[{"href":"https:\/\/motorista.com.br\/noticias\/wp-json\/wp\/v2\/posts\/9274","targetHints":{"allow":["GET"]}}],"collection":[{"href":"https:\/\/motorista.com.br\/noticias\/wp-json\/wp\/v2\/posts"}],"about":[{"href":"https:\/\/motorista.com.br\/noticias\/wp-json\/wp\/v2\/types\/post"}],"author":[{"embeddable":true,"href":"https:\/\/motorista.com.br\/noticias\/wp-json\/wp\/v2\/users\/4"}],"replies":[{"embeddable":true,"href":"https:\/\/motorista.com.br\/noticias\/wp-json\/wp\/v2\/comments?post=9274"}],"version-history":[{"count":0,"href":"https:\/\/motorista.com.br\/noticias\/wp-json\/wp\/v2\/posts\/9274\/revisions"}],"wp:featuredmedia":[{"embeddable":true,"href":"https:\/\/motorista.com.br\/noticias\/wp-json\/wp\/v2\/media\/9275"}],"wp:attachment":[{"href":"https:\/\/motorista.com.br\/noticias\/wp-json\/wp\/v2\/media?parent=9274"}],"wp:term":[{"taxonomy":"category","embeddable":true,"href":"https:\/\/motorista.com.br\/noticias\/wp-json\/wp\/v2\/categories?post=9274"},{"taxonomy":"post_tag","embeddable":true,"href":"https:\/\/motorista.com.br\/noticias\/wp-json\/wp\/v2\/tags?post=9274"},{"taxonomy":"author","embeddable":true,"href":"https:\/\/motorista.com.br\/noticias\/wp-json\/wp\/v2\/coauthors?post=9274"}],"curies":[{"name":"wp","href":"https:\/\/api.w.org\/{rel}","templated":true}]}}