{"id":9272,"date":"2026-04-28T15:50:40","date_gmt":"2026-04-28T18:50:40","guid":{"rendered":"https:\/\/motorista.com.br\/noticias\/2026\/04\/28\/super-terminais-ganha-selo-diamante-de-sustentabilidade-do-governo\/"},"modified":"2026-04-28T15:50:40","modified_gmt":"2026-04-28T18:50:40","slug":"super-terminais-ganha-selo-diamante-de-sustentabilidade-do-governo","status":"publish","type":"post","link":"https:\/\/motorista.com.br\/noticias\/2026\/04\/28\/super-terminais-ganha-selo-diamante-de-sustentabilidade-do-governo\/","title":{"rendered":"Super Terminais ganha Selo Diamante de Sustentabilidade do Governo"},"content":{"rendered":"<p><\/p>\n<h3>Super Terminais Recebe Selo Diamante de Sustentabilidade do Minist\u00e9rio<\/h3>\n<p>A Super Terminais, filiada ao Instituto Brasil Log\u00edstica, obteve o Selo Diamante de Sustentabilidade concedido pelo Minist\u00e9rio de Portos e Aeroportos. Essa premia\u00e7\u00e3o faz parte da Pol\u00edtica de Sustentabilidade do minist\u00e9rio, que foi lan\u00e7ada em 2025 e tem como objetivo reconhecer empresas que implementam pr\u00e1ticas avan\u00e7adas de governan\u00e7a ambiental, social e corporativa (ESG).<\/p>\n<p>A empresa destacou-se como a \u00fanica representante da regi\u00e3o Norte a conquistar essa honraria na primeira edi\u00e7\u00e3o do pr\u00eamio. \u201cO Selo de Sustentabilidade do Minist\u00e9rio de Portos e Aeroportos representa um marco importante ao reconhecer pr\u00e1ticas que fazem parte do nosso DNA h\u00e1 mais de 30 anos. Esse resultado valida uma trajet\u00f3ria constru\u00edda com responsabilidade e refor\u00e7a nossa posi\u00e7\u00e3o como refer\u00eancia em inova\u00e7\u00e3o energ\u00e9tica e sustentabilidade\u201d, afirma Marcello Di Gregorio, diretor-gerente da Super Terminais.<\/p>\n<h4>O Impacto na Mobilidade e nos Motoristas<\/h4>\n<p>O reconhecimento recebido pela Super Terminais n\u00e3o se limita apenas \u00e0s suas opera\u00e7\u00f5es, mas tamb\u00e9m influencia toda a mobilidade na regi\u00e3o. Com a ado\u00e7\u00e3o de pr\u00e1ticas sustent\u00e1veis, como a implementa\u00e7\u00e3o da primeira usina a g\u00e1s do Norte voltada para opera\u00e7\u00f5es portu\u00e1rias, a empresa contribui para a melhoria da qualidade do ar e redu\u00e7\u00e3o de emiss\u00f5es, benef\u00edcios diretos para motoristas e usu\u00e1rios das vias.<\/p>\n<p>Al\u00e9m disso, a Pol\u00edtica de Sustentabilidade do Minist\u00e9rio busca estimular setores portu\u00e1rios, aeroportu\u00e1rios e hidrovi\u00e1rios a oferecerem solu\u00e7\u00f5es mais eficientes e menos poluentes. Isso pode trazer um efeito cascata positivo, incentivando empresas de transporte a adotarem ve\u00edculos mais eficientes, que impactam diretamente os motoristas ao reduzir custos e promover uma mobilidade urbana mais sustent\u00e1vel.<\/p>\n<p>Com a ades\u00e3o de 64 empresas na primeira edi\u00e7\u00e3o da iniciativa e 36 delas recebendo o Selo de Sustentabilidade nas diversas categorias, observa-se que pr\u00e1ticas como descarboniza\u00e7\u00e3o e reflorestamento est\u00e3o se tornando cada vez mais comuns. Essas a\u00e7\u00f5es vestem um papel crucial na constru\u00e7\u00e3o de um futuro onde a efici\u00eancia log\u00edstica se alinha com a prote\u00e7\u00e3o ambiental, oferecendo assim um ambiente urbano mais saud\u00e1vel para todos.<\/p>\n<p>\u00c0 medida que mais empresas se comprometem com a sustentabilidade, motoristas e cidad\u00e3os podem esperar melhorias na infraestrutura, sa\u00fade p\u00fablica e qualidade de vida, criando um ciclo virtuoso que beneficia a todos.<\/p>\n<p><strong>Fonte: IBL<\/strong><\/p>\n","protected":false},"excerpt":{"rendered":"<p>Super Terminais Recebe Selo Diamante de Sustentabilidade do Minist\u00e9rio A Super Terminais, filiada ao Instituto Brasil Log\u00edstica, obteve o Selo Diamante de Sustentabilidade concedido pelo Minist\u00e9rio de Portos e Aeroportos. Essa premia\u00e7\u00e3o faz parte da Pol\u00edtica de Sustentabilidade do minist\u00e9rio, que foi lan\u00e7ada em 2025 e tem como objetivo reconhecer empresas que implementam pr\u00e1ticas avan\u00e7adas &hellip;<\/p>\n","protected":false},"author":4,"featured_media":9273,"comment_status":"","ping_status":"open","sticky":false,"template":"","format":"standard","meta":{"footnotes":""},"categories":[62],"tags":[],"coauthors":[42],"class_list":["post-9272","post","type-post","status-publish","format-standard","has-post-thumbnail","hentry","category-logistica"],"yoast_head":"<!-- This site is optimized with the Yoast SEO Premium plugin v25.5 (Yoast SEO v27.5) - https:\/\/yoast.com\/product\/yoast-seo-premium-wordpress\/ -->\n<title>Super Terminais ganha Selo Diamante de Sustentabilidade do Governo - Motorista.com.br<\/title>\n<meta name=\"robots\" content=\"index, follow, max-snippet:-1, max-image-preview:large, max-video-preview:-1\" \/>\n<link rel=\"canonical\" href=\"https:\/\/motorista.com.br\/noticias\/2026\/04\/28\/super-terminais-ganha-selo-diamante-de-sustentabilidade-do-governo\/\" \/>\n<meta property=\"og:locale\" content=\"pt_BR\" \/>\n<meta property=\"og:type\" content=\"article\" \/>\n<meta property=\"og:title\" content=\"Super Terminais ganha Selo Diamante de Sustentabilidade do Governo\" \/>\n<meta property=\"og:description\" content=\"Super Terminais Recebe Selo Diamante de Sustentabilidade do Minist\u00e9rio A Super Terminais, filiada ao Instituto Brasil Log\u00edstica, obteve o Selo Diamante de Sustentabilidade concedido pelo Minist\u00e9rio de Portos e Aeroportos. Essa premia\u00e7\u00e3o faz parte da Pol\u00edtica de Sustentabilidade do minist\u00e9rio, que foi lan\u00e7ada em 2025 e tem como objetivo reconhecer empresas que implementam pr\u00e1ticas avan\u00e7adas &hellip;\" \/>\n<meta property=\"og:url\" content=\"https:\/\/motorista.com.br\/noticias\/2026\/04\/28\/super-terminais-ganha-selo-diamante-de-sustentabilidade-do-governo\/\" \/>\n<meta property=\"og:site_name\" content=\"Motorista.com.br\" \/>\n<meta property=\"article:published_time\" content=\"2026-04-28T18:50:40+00:00\" \/>\n<meta name=\"author\" content=\"Equipe Reda\u00e7\u00e3o\" \/>\n<meta name=\"twitter:card\" content=\"summary_large_image\" \/>\n<meta name=\"twitter:label1\" content=\"Escrito por\" \/>\n\t<meta name=\"twitter:data1\" content=\"Equipe Reda\u00e7\u00e3o\" \/>\n\t<meta name=\"twitter:label2\" content=\"Est. tempo de leitura\" \/>\n\t<meta name=\"twitter:data2\" content=\"2 minutos\" \/>\n\t<meta name=\"twitter:label3\" content=\"Written by\" \/>\n\t<meta name=\"twitter:data3\" content=\"Equipe Reda\u00e7\u00e3o\" \/>\n<script type=\"application\/ld+json\" class=\"yoast-schema-graph\">{\"@context\":\"https:\\\/\\\/schema.org\",\"@graph\":[{\"@type\":\"Article\",\"@id\":\"https:\\\/\\\/motorista.com.br\\\/noticias\\\/2026\\\/04\\\/28\\\/super-terminais-ganha-selo-diamante-de-sustentabilidade-do-governo\\\/#article\",\"isPartOf\":{\"@id\":\"https:\\\/\\\/motorista.com.br\\\/noticias\\\/2026\\\/04\\\/28\\\/super-terminais-ganha-selo-diamante-de-sustentabilidade-do-governo\\\/\"},\"author\":{\"name\":\"Equipe Reda\u00e7\u00e3o\",\"@id\":\"https:\\\/\\\/motorista.com.br\\\/noticias\\\/#\\\/schema\\\/person\\\/dc93afc2981c0e3ce6bc3c053fd847be\"},\"headline\":\"Super Terminais ganha Selo Diamante de Sustentabilidade do Governo\",\"datePublished\":\"2026-04-28T18:50:40+00:00\",\"mainEntityOfPage\":{\"@id\":\"https:\\\/\\\/motorista.com.br\\\/noticias\\\/2026\\\/04\\\/28\\\/super-terminais-ganha-selo-diamante-de-sustentabilidade-do-governo\\\/\"},\"wordCount\":424,\"publisher\":{\"@id\":\"https:\\\/\\\/motorista.com.br\\\/noticias\\\/#organization\"},\"image\":{\"@id\":\"https:\\\/\\\/motorista.com.br\\\/noticias\\\/2026\\\/04\\\/28\\\/super-terminais-ganha-selo-diamante-de-sustentabilidade-do-governo\\\/#primaryimage\"},\"thumbnailUrl\":\"https:\\\/\\\/motorista.com.br\\\/noticias\\\/wp-content\\\/uploads\\\/2026\\\/04\\\/WhatsApp-Image-2026-04-27-at-17.32.08.jpeg\",\"articleSection\":[\"Log\u00edstica\"],\"inLanguage\":\"pt-BR\"},{\"@type\":\"WebPage\",\"@id\":\"https:\\\/\\\/motorista.com.br\\\/noticias\\\/2026\\\/04\\\/28\\\/super-terminais-ganha-selo-diamante-de-sustentabilidade-do-governo\\\/\",\"url\":\"https:\\\/\\\/motorista.com.br\\\/noticias\\\/2026\\\/04\\\/28\\\/super-terminais-ganha-selo-diamante-de-sustentabilidade-do-governo\\\/\",\"name\":\"Super Terminais ganha Selo Diamante de Sustentabilidade do Governo - Motorista.com.br\",\"isPartOf\":{\"@id\":\"https:\\\/\\\/motorista.com.br\\\/noticias\\\/#website\"},\"primaryImageOfPage\":{\"@id\":\"https:\\\/\\\/motorista.com.br\\\/noticias\\\/2026\\\/04\\\/28\\\/super-terminais-ganha-selo-diamante-de-sustentabilidade-do-governo\\\/#primaryimage\"},\"image\":{\"@id\":\"https:\\\/\\\/motorista.com.br\\\/noticias\\\/2026\\\/04\\\/28\\\/super-terminais-ganha-selo-diamante-de-sustentabilidade-do-governo\\\/#primaryimage\"},\"thumbnailUrl\":\"https:\\\/\\\/motorista.com.br\\\/noticias\\\/wp-content\\\/uploads\\\/2026\\\/04\\\/WhatsApp-Image-2026-04-27-at-17.32.08.jpeg\",\"datePublished\":\"2026-04-28T18:50:40+00:00\",\"breadcrumb\":{\"@id\":\"https:\\\/\\\/motorista.com.br\\\/noticias\\\/2026\\\/04\\\/28\\\/super-terminais-ganha-selo-diamante-de-sustentabilidade-do-governo\\\/#breadcrumb\"},\"inLanguage\":\"pt-BR\",\"potentialAction\":[{\"@type\":\"ReadAction\",\"target\":[\"https:\\\/\\\/motorista.com.br\\\/noticias\\\/2026\\\/04\\\/28\\\/super-terminais-ganha-selo-diamante-de-sustentabilidade-do-governo\\\/\"]}]},{\"@type\":\"ImageObject\",\"inLanguage\":\"pt-BR\",\"@id\":\"https:\\\/\\\/motorista.com.br\\\/noticias\\\/2026\\\/04\\\/28\\\/super-terminais-ganha-selo-diamante-de-sustentabilidade-do-governo\\\/#primaryimage\",\"url\":\"https:\\\/\\\/motorista.com.br\\\/noticias\\\/wp-content\\\/uploads\\\/2026\\\/04\\\/WhatsApp-Image-2026-04-27-at-17.32.08.jpeg\",\"contentUrl\":\"https:\\\/\\\/motorista.com.br\\\/noticias\\\/wp-content\\\/uploads\\\/2026\\\/04\\\/WhatsApp-Image-2026-04-27-at-17.32.08.jpeg\",\"width\":1600,\"height\":900},{\"@type\":\"BreadcrumbList\",\"@id\":\"https:\\\/\\\/motorista.com.br\\\/noticias\\\/2026\\\/04\\\/28\\\/super-terminais-ganha-selo-diamante-de-sustentabilidade-do-governo\\\/#breadcrumb\",\"itemListElement\":[{\"@type\":\"ListItem\",\"position\":1,\"name\":\"In\u00edcio\",\"item\":\"https:\\\/\\\/motorista.com.br\\\/noticias\\\/\"},{\"@type\":\"ListItem\",\"position\":2,\"name\":\"Super Terminais ganha Selo Diamante de Sustentabilidade do Governo\"}]},{\"@type\":\"WebSite\",\"@id\":\"https:\\\/\\\/motorista.com.br\\\/noticias\\\/#website\",\"url\":\"https:\\\/\\\/motorista.com.br\\\/noticias\\\/\",\"name\":\"Motorista.com.br\",\"description\":\"Not\u00edcia do Motorista\",\"publisher\":{\"@id\":\"https:\\\/\\\/motorista.com.br\\\/noticias\\\/#organization\"},\"potentialAction\":[{\"@type\":\"SearchAction\",\"target\":{\"@type\":\"EntryPoint\",\"urlTemplate\":\"https:\\\/\\\/motorista.com.br\\\/noticias\\\/?s={search_term_string}\"},\"query-input\":{\"@type\":\"PropertyValueSpecification\",\"valueRequired\":true,\"valueName\":\"search_term_string\"}}],\"inLanguage\":\"pt-BR\"},{\"@type\":\"Organization\",\"@id\":\"https:\\\/\\\/motorista.com.br\\\/noticias\\\/#organization\",\"name\":\"Motorista.com.br\",\"url\":\"https:\\\/\\\/motorista.com.br\\\/noticias\\\/\",\"logo\":{\"@type\":\"ImageObject\",\"inLanguage\":\"pt-BR\",\"@id\":\"https:\\\/\\\/motorista.com.br\\\/noticias\\\/#\\\/schema\\\/logo\\\/image\\\/\",\"url\":\"https:\\\/\\\/motorista.com.br\\\/noticias\\\/wp-content\\\/uploads\\\/2025\\\/06\\\/Design-sem-nome-9.png\",\"contentUrl\":\"https:\\\/\\\/motorista.com.br\\\/noticias\\\/wp-content\\\/uploads\\\/2025\\\/06\\\/Design-sem-nome-9.png\",\"width\":150,\"height\":85,\"caption\":\"Motorista.com.br\"},\"image\":{\"@id\":\"https:\\\/\\\/motorista.com.br\\\/noticias\\\/#\\\/schema\\\/logo\\\/image\\\/\"}},{\"@type\":\"Person\",\"@id\":\"https:\\\/\\\/motorista.com.br\\\/noticias\\\/#\\\/schema\\\/person\\\/dc93afc2981c0e3ce6bc3c053fd847be\",\"name\":\"Equipe Reda\u00e7\u00e3o\",\"image\":{\"@type\":\"ImageObject\",\"inLanguage\":\"pt-BR\",\"@id\":\"https:\\\/\\\/secure.gravatar.com\\\/avatar\\\/4f525efbf18dd2bb300ccad28bfb99d95a9465a5ba268407c8c37b37e1f28d2d?s=96&d=mm&r=g9e099043a0c61e9ae27e293b9fa75ffc\",\"url\":\"https:\\\/\\\/secure.gravatar.com\\\/avatar\\\/4f525efbf18dd2bb300ccad28bfb99d95a9465a5ba268407c8c37b37e1f28d2d?s=96&d=mm&r=g\",\"contentUrl\":\"https:\\\/\\\/secure.gravatar.com\\\/avatar\\\/4f525efbf18dd2bb300ccad28bfb99d95a9465a5ba268407c8c37b37e1f28d2d?s=96&d=mm&r=g\",\"caption\":\"Equipe Reda\u00e7\u00e3o\"},\"description\":\"Equipe de reda\u00e7\u00e3o \u00e9 um grupo de profissionais que trabalham juntos para criar conte\u00fado escrito para Motorista.com.br\",\"url\":\"https:\\\/\\\/motorista.com.br\\\/noticias\\\/author\\\/equiperedacao\\\/\"}]}<\/script>\n<!-- \/ Yoast SEO Premium plugin. -->","yoast_head_json":{"title":"Super Terminais ganha Selo Diamante de Sustentabilidade do Governo - Motorista.com.br","robots":{"index":"index","follow":"follow","max-snippet":"max-snippet:-1","max-image-preview":"max-image-preview:large","max-video-preview":"max-video-preview:-1"},"canonical":"https:\/\/motorista.com.br\/noticias\/2026\/04\/28\/super-terminais-ganha-selo-diamante-de-sustentabilidade-do-governo\/","og_locale":"pt_BR","og_type":"article","og_title":"Super Terminais ganha Selo Diamante de Sustentabilidade do Governo","og_description":"Super Terminais Recebe Selo Diamante de Sustentabilidade do Minist\u00e9rio A Super Terminais, filiada ao Instituto Brasil Log\u00edstica, obteve o Selo Diamante de Sustentabilidade concedido pelo Minist\u00e9rio de Portos e Aeroportos. Essa premia\u00e7\u00e3o faz parte da Pol\u00edtica de Sustentabilidade do minist\u00e9rio, que foi lan\u00e7ada em 2025 e tem como objetivo reconhecer empresas que implementam pr\u00e1ticas avan\u00e7adas &hellip;","og_url":"https:\/\/motorista.com.br\/noticias\/2026\/04\/28\/super-terminais-ganha-selo-diamante-de-sustentabilidade-do-governo\/","og_site_name":"Motorista.com.br","article_published_time":"2026-04-28T18:50:40+00:00","author":"Equipe Reda\u00e7\u00e3o","twitter_card":"summary_large_image","twitter_misc":{"Escrito por":"Equipe Reda\u00e7\u00e3o","Est. tempo de leitura":"2 minutos","Written by":"Equipe Reda\u00e7\u00e3o"},"schema":{"@context":"https:\/\/schema.org","@graph":[{"@type":"Article","@id":"https:\/\/motorista.com.br\/noticias\/2026\/04\/28\/super-terminais-ganha-selo-diamante-de-sustentabilidade-do-governo\/#article","isPartOf":{"@id":"https:\/\/motorista.com.br\/noticias\/2026\/04\/28\/super-terminais-ganha-selo-diamante-de-sustentabilidade-do-governo\/"},"author":{"name":"Equipe Reda\u00e7\u00e3o","@id":"https:\/\/motorista.com.br\/noticias\/#\/schema\/person\/dc93afc2981c0e3ce6bc3c053fd847be"},"headline":"Super Terminais ganha Selo Diamante de Sustentabilidade do Governo","datePublished":"2026-04-28T18:50:40+00:00","mainEntityOfPage":{"@id":"https:\/\/motorista.com.br\/noticias\/2026\/04\/28\/super-terminais-ganha-selo-diamante-de-sustentabilidade-do-governo\/"},"wordCount":424,"publisher":{"@id":"https:\/\/motorista.com.br\/noticias\/#organization"},"image":{"@id":"https:\/\/motorista.com.br\/noticias\/2026\/04\/28\/super-terminais-ganha-selo-diamante-de-sustentabilidade-do-governo\/#primaryimage"},"thumbnailUrl":"https:\/\/motorista.com.br\/noticias\/wp-content\/uploads\/2026\/04\/WhatsApp-Image-2026-04-27-at-17.32.08.jpeg","articleSection":["Log\u00edstica"],"inLanguage":"pt-BR"},{"@type":"WebPage","@id":"https:\/\/motorista.com.br\/noticias\/2026\/04\/28\/super-terminais-ganha-selo-diamante-de-sustentabilidade-do-governo\/","url":"https:\/\/motorista.com.br\/noticias\/2026\/04\/28\/super-terminais-ganha-selo-diamante-de-sustentabilidade-do-governo\/","name":"Super Terminais ganha Selo Diamante de Sustentabilidade do Governo - Motorista.com.br","isPartOf":{"@id":"https:\/\/motorista.com.br\/noticias\/#website"},"primaryImageOfPage":{"@id":"https:\/\/motorista.com.br\/noticias\/2026\/04\/28\/super-terminais-ganha-selo-diamante-de-sustentabilidade-do-governo\/#primaryimage"},"image":{"@id":"https:\/\/motorista.com.br\/noticias\/2026\/04\/28\/super-terminais-ganha-selo-diamante-de-sustentabilidade-do-governo\/#primaryimage"},"thumbnailUrl":"https:\/\/motorista.com.br\/noticias\/wp-content\/uploads\/2026\/04\/WhatsApp-Image-2026-04-27-at-17.32.08.jpeg","datePublished":"2026-04-28T18:50:40+00:00","breadcrumb":{"@id":"https:\/\/motorista.com.br\/noticias\/2026\/04\/28\/super-terminais-ganha-selo-diamante-de-sustentabilidade-do-governo\/#breadcrumb"},"inLanguage":"pt-BR","potentialAction":[{"@type":"ReadAction","target":["https:\/\/motorista.com.br\/noticias\/2026\/04\/28\/super-terminais-ganha-selo-diamante-de-sustentabilidade-do-governo\/"]}]},{"@type":"ImageObject","inLanguage":"pt-BR","@id":"https:\/\/motorista.com.br\/noticias\/2026\/04\/28\/super-terminais-ganha-selo-diamante-de-sustentabilidade-do-governo\/#primaryimage","url":"https:\/\/motorista.com.br\/noticias\/wp-content\/uploads\/2026\/04\/WhatsApp-Image-2026-04-27-at-17.32.08.jpeg","contentUrl":"https:\/\/motorista.com.br\/noticias\/wp-content\/uploads\/2026\/04\/WhatsApp-Image-2026-04-27-at-17.32.08.jpeg","width":1600,"height":900},{"@type":"BreadcrumbList","@id":"https:\/\/motorista.com.br\/noticias\/2026\/04\/28\/super-terminais-ganha-selo-diamante-de-sustentabilidade-do-governo\/#breadcrumb","itemListElement":[{"@type":"ListItem","position":1,"name":"In\u00edcio","item":"https:\/\/motorista.com.br\/noticias\/"},{"@type":"ListItem","position":2,"name":"Super Terminais ganha Selo Diamante de Sustentabilidade do Governo"}]},{"@type":"WebSite","@id":"https:\/\/motorista.com.br\/noticias\/#website","url":"https:\/\/motorista.com.br\/noticias\/","name":"Motorista.com.br","description":"Not\u00edcia do Motorista","publisher":{"@id":"https:\/\/motorista.com.br\/noticias\/#organization"},"potentialAction":[{"@type":"SearchAction","target":{"@type":"EntryPoint","urlTemplate":"https:\/\/motorista.com.br\/noticias\/?s={search_term_string}"},"query-input":{"@type":"PropertyValueSpecification","valueRequired":true,"valueName":"search_term_string"}}],"inLanguage":"pt-BR"},{"@type":"Organization","@id":"https:\/\/motorista.com.br\/noticias\/#organization","name":"Motorista.com.br","url":"https:\/\/motorista.com.br\/noticias\/","logo":{"@type":"ImageObject","inLanguage":"pt-BR","@id":"https:\/\/motorista.com.br\/noticias\/#\/schema\/logo\/image\/","url":"https:\/\/motorista.com.br\/noticias\/wp-content\/uploads\/2025\/06\/Design-sem-nome-9.png","contentUrl":"https:\/\/motorista.com.br\/noticias\/wp-content\/uploads\/2025\/06\/Design-sem-nome-9.png","width":150,"height":85,"caption":"Motorista.com.br"},"image":{"@id":"https:\/\/motorista.com.br\/noticias\/#\/schema\/logo\/image\/"}},{"@type":"Person","@id":"https:\/\/motorista.com.br\/noticias\/#\/schema\/person\/dc93afc2981c0e3ce6bc3c053fd847be","name":"Equipe Reda\u00e7\u00e3o","image":{"@type":"ImageObject","inLanguage":"pt-BR","@id":"https:\/\/secure.gravatar.com\/avatar\/4f525efbf18dd2bb300ccad28bfb99d95a9465a5ba268407c8c37b37e1f28d2d?s=96&d=mm&r=g9e099043a0c61e9ae27e293b9fa75ffc","url":"https:\/\/secure.gravatar.com\/avatar\/4f525efbf18dd2bb300ccad28bfb99d95a9465a5ba268407c8c37b37e1f28d2d?s=96&d=mm&r=g","contentUrl":"https:\/\/secure.gravatar.com\/avatar\/4f525efbf18dd2bb300ccad28bfb99d95a9465a5ba268407c8c37b37e1f28d2d?s=96&d=mm&r=g","caption":"Equipe Reda\u00e7\u00e3o"},"description":"Equipe de reda\u00e7\u00e3o \u00e9 um grupo de profissionais que trabalham juntos para criar conte\u00fado escrito para Motorista.com.br","url":"https:\/\/motorista.com.br\/noticias\/author\/equiperedacao\/"}]}},"_links":{"self":[{"href":"https:\/\/motorista.com.br\/noticias\/wp-json\/wp\/v2\/posts\/9272","targetHints":{"allow":["GET"]}}],"collection":[{"href":"https:\/\/motorista.com.br\/noticias\/wp-json\/wp\/v2\/posts"}],"about":[{"href":"https:\/\/motorista.com.br\/noticias\/wp-json\/wp\/v2\/types\/post"}],"author":[{"embeddable":true,"href":"https:\/\/motorista.com.br\/noticias\/wp-json\/wp\/v2\/users\/4"}],"replies":[{"embeddable":true,"href":"https:\/\/motorista.com.br\/noticias\/wp-json\/wp\/v2\/comments?post=9272"}],"version-history":[{"count":0,"href":"https:\/\/motorista.com.br\/noticias\/wp-json\/wp\/v2\/posts\/9272\/revisions"}],"wp:featuredmedia":[{"embeddable":true,"href":"https:\/\/motorista.com.br\/noticias\/wp-json\/wp\/v2\/media\/9273"}],"wp:attachment":[{"href":"https:\/\/motorista.com.br\/noticias\/wp-json\/wp\/v2\/media?parent=9272"}],"wp:term":[{"taxonomy":"category","embeddable":true,"href":"https:\/\/motorista.com.br\/noticias\/wp-json\/wp\/v2\/categories?post=9272"},{"taxonomy":"post_tag","embeddable":true,"href":"https:\/\/motorista.com.br\/noticias\/wp-json\/wp\/v2\/tags?post=9272"},{"taxonomy":"author","embeddable":true,"href":"https:\/\/motorista.com.br\/noticias\/wp-json\/wp\/v2\/coauthors?post=9272"}],"curies":[{"name":"wp","href":"https:\/\/api.w.org\/{rel}","templated":true}]}}