{"id":9270,"date":"2026-04-28T14:24:02","date_gmt":"2026-04-28T17:24:02","guid":{"rendered":"https:\/\/motorista.com.br\/noticias\/2026\/04\/28\/empresarios-de-curitiba-buscam-alternativa-as-plataformas-uber-e-99\/"},"modified":"2026-04-28T14:24:02","modified_gmt":"2026-04-28T17:24:02","slug":"empresarios-de-curitiba-buscam-alternativa-as-plataformas-uber-e-99","status":"publish","type":"post","link":"https:\/\/motorista.com.br\/noticias\/2026\/04\/28\/empresarios-de-curitiba-buscam-alternativa-as-plataformas-uber-e-99\/","title":{"rendered":"Empres\u00e1rios de Curitiba buscam alternativa \u00e0s plataformas Uber e 99."},"content":{"rendered":"<p><\/p>\n<p><strong>Grupo de empreendedores de Curitiba quer criar alternativa \u00e0 Uber e 99<\/strong><\/p>\n<p>Em um cen\u00e1rio marcado por grandes plataformas de mobilidade, a proposta do aplicativo Hooh \u00e9 oferecer uma alternativa que prioriza o motorista e melhora as condi\u00e7\u00f5es de trabalho. Com um modelo de remunera\u00e7\u00e3o que promete repasses de at\u00e9 85% do total das corridas e taxas reduzidas, a iniciativa busca valorizar aqueles que est\u00e3o atr\u00e1s do volante.<\/p>\n<p>Roger Ribeiro, um dos CEOs da empresa, destaca que a Hooh n\u00e3o apenas garante um m\u00ednimo por quil\u00f4metro, mas tamb\u00e9m adotou pr\u00e1ticas inovadoras de seguran\u00e7a e suporte. Uma das grandes preocupa\u00e7\u00f5es do aplicativo \u00e9 a seguran\u00e7a das passageiras; a plataforma conta com uma categoria exclusivamente para motoristas mulheres, permitindo que as passageiras escolham ser atendidas apenas por elas. Esse tipo de aten\u00e7\u00e3o n\u00e3o apenas aumenta a seguran\u00e7a, mas tamb\u00e9m promove um ambiente de mobilidade mais inclusivo.<\/p>\n<p>Ademais, a prote\u00e7\u00e3o do motorista \u00e9 um grande diferencial, com um seguro que cobre 24 horas por dia, independentemente de estar ou n\u00e3o realizando uma corrida. Essa abordagem pode elevar a confian\u00e7a dos motoristas, impactando diretamente na qualidade do servi\u00e7o prestado. A presen\u00e7a de um escrit\u00f3rio f\u00edsico na cidade de Curitiba tamb\u00e9m facilita o suporte e a comunica\u00e7\u00e3o, um ponto frequentemente negligenciado por grandes plataformas.<\/p>\n<p>O modelo de remunera\u00e7\u00e3o do Hooh elimina a cobran\u00e7a antecipada, o que \u00e9 uma mudan\u00e7a significativa em compara\u00e7\u00e3o ao que existe no mercado. Na pr\u00e1tica, isso pode resultar em uma maior satisfa\u00e7\u00e3o entre os motoristas, que se sentem valorizados e respeitados. Essa nova proposta pode impactar positivamente a mobilidade urbana, ao incentivar mais motoristas a se juntarem ao aplicativo, aumentando a oferta e, consequentemente, a competitividade com as plataformas j\u00e1 estabelecidas.<\/p>\n<p>Com mais de 20 mil passageiros e 8.500 motoristas cadastrados, o Hooh mostra que j\u00e1 est\u00e1 conquistando um espa\u00e7o consider\u00e1vel, especialmente em Curitiba e Santiago. Com desafios operacionais ainda em desenvolvimento, a empresa possui um plano de expans\u00e3o cauteloso, focando em entender as necessidades locais antes de se aventurar em novos mercados.<\/p>\n<p>A iniciativa tamb\u00e9m eleva a discuss\u00e3o sobre a mobilidade sustent\u00e1vel, \u00e0 medida que motoristas com ve\u00edculos el\u00e9tricos ou h\u00edbridos recebem condi\u00e7\u00f5es diferenciadas. Essa estrat\u00e9gia n\u00e3o s\u00f3 beneficia o meio ambiente, mas tamb\u00e9m alinha a marca a um futuro mais sustent\u00e1vel, que \u00e9 cada vez mais relevante na sociedade atual.<\/p>\n<p><strong>Perspectivas e Legado<\/strong><\/p>\n<p>O futuro da mobilidade parece promissor, especialmente para plataformas que operam com uma mentalidade de respeito e valoriza\u00e7\u00e3o. Com a Hooh abrindo caminho, h\u00e1 uma oportunidade para transformar a maneira como motoristas e passageiros se relacionam, criando um ecossistema mais saud\u00e1vel e cooperativo. O legado que se deseja deixar \u00e9 claro: oferecer uma alternativa vi\u00e1vel que n\u00e3o apenas compete, mas inspira uma nova era de mobilidade urbana baseada em justi\u00e7a e seguran\u00e7a para todos os envolvidos.<\/p>\n","protected":false},"excerpt":{"rendered":"<p>Grupo de empreendedores de Curitiba quer criar alternativa \u00e0 Uber e 99 Em um cen\u00e1rio marcado por grandes plataformas de mobilidade, a proposta do aplicativo Hooh \u00e9 oferecer uma alternativa que prioriza o motorista e melhora as condi\u00e7\u00f5es de trabalho. Com um modelo de remunera\u00e7\u00e3o que promete repasses de at\u00e9 85% do total das corridas &hellip;<\/p>\n","protected":false},"author":4,"featured_media":9271,"comment_status":"","ping_status":"open","sticky":false,"template":"","format":"standard","meta":{"footnotes":""},"categories":[49,77],"tags":[],"coauthors":[42],"class_list":["post-9270","post","type-post","status-publish","format-standard","has-post-thumbnail","hentry","category-aplicativos","category-motorista"],"yoast_head":"<!-- This site is optimized with the Yoast SEO Premium plugin v25.5 (Yoast SEO v27.5) - https:\/\/yoast.com\/product\/yoast-seo-premium-wordpress\/ -->\n<title>Empres\u00e1rios de Curitiba buscam alternativa \u00e0s plataformas Uber e 99. - Motorista.com.br<\/title>\n<meta name=\"robots\" content=\"index, follow, max-snippet:-1, max-image-preview:large, max-video-preview:-1\" \/>\n<link rel=\"canonical\" href=\"https:\/\/motorista.com.br\/noticias\/2026\/04\/28\/empresarios-de-curitiba-buscam-alternativa-as-plataformas-uber-e-99\/\" \/>\n<meta property=\"og:locale\" content=\"pt_BR\" \/>\n<meta property=\"og:type\" content=\"article\" \/>\n<meta property=\"og:title\" content=\"Empres\u00e1rios de Curitiba buscam alternativa \u00e0s plataformas Uber e 99.\" \/>\n<meta property=\"og:description\" content=\"Grupo de empreendedores de Curitiba quer criar alternativa \u00e0 Uber e 99 Em um cen\u00e1rio marcado por grandes plataformas de mobilidade, a proposta do aplicativo Hooh \u00e9 oferecer uma alternativa que prioriza o motorista e melhora as condi\u00e7\u00f5es de trabalho. Com um modelo de remunera\u00e7\u00e3o que promete repasses de at\u00e9 85% do total das corridas &hellip;\" \/>\n<meta property=\"og:url\" content=\"https:\/\/motorista.com.br\/noticias\/2026\/04\/28\/empresarios-de-curitiba-buscam-alternativa-as-plataformas-uber-e-99\/\" \/>\n<meta property=\"og:site_name\" content=\"Motorista.com.br\" \/>\n<meta property=\"article:published_time\" content=\"2026-04-28T17:24:02+00:00\" \/>\n<meta name=\"author\" content=\"Equipe Reda\u00e7\u00e3o\" \/>\n<meta name=\"twitter:card\" content=\"summary_large_image\" \/>\n<meta name=\"twitter:label1\" content=\"Escrito por\" \/>\n\t<meta name=\"twitter:data1\" content=\"Equipe Reda\u00e7\u00e3o\" \/>\n\t<meta name=\"twitter:label2\" content=\"Est. tempo de leitura\" \/>\n\t<meta name=\"twitter:data2\" content=\"2 minutos\" \/>\n\t<meta name=\"twitter:label3\" content=\"Written by\" \/>\n\t<meta name=\"twitter:data3\" content=\"Equipe Reda\u00e7\u00e3o\" \/>\n<script type=\"application\/ld+json\" class=\"yoast-schema-graph\">{\"@context\":\"https:\\\/\\\/schema.org\",\"@graph\":[{\"@type\":\"Article\",\"@id\":\"https:\\\/\\\/motorista.com.br\\\/noticias\\\/2026\\\/04\\\/28\\\/empresarios-de-curitiba-buscam-alternativa-as-plataformas-uber-e-99\\\/#article\",\"isPartOf\":{\"@id\":\"https:\\\/\\\/motorista.com.br\\\/noticias\\\/2026\\\/04\\\/28\\\/empresarios-de-curitiba-buscam-alternativa-as-plataformas-uber-e-99\\\/\"},\"author\":{\"name\":\"Equipe Reda\u00e7\u00e3o\",\"@id\":\"https:\\\/\\\/motorista.com.br\\\/noticias\\\/#\\\/schema\\\/person\\\/dc93afc2981c0e3ce6bc3c053fd847be\"},\"headline\":\"Empres\u00e1rios de Curitiba buscam alternativa \u00e0s plataformas Uber e 99.\",\"datePublished\":\"2026-04-28T17:24:02+00:00\",\"mainEntityOfPage\":{\"@id\":\"https:\\\/\\\/motorista.com.br\\\/noticias\\\/2026\\\/04\\\/28\\\/empresarios-de-curitiba-buscam-alternativa-as-plataformas-uber-e-99\\\/\"},\"wordCount\":509,\"publisher\":{\"@id\":\"https:\\\/\\\/motorista.com.br\\\/noticias\\\/#organization\"},\"image\":{\"@id\":\"https:\\\/\\\/motorista.com.br\\\/noticias\\\/2026\\\/04\\\/28\\\/empresarios-de-curitiba-buscam-alternativa-as-plataformas-uber-e-99\\\/#primaryimage\"},\"thumbnailUrl\":\"https:\\\/\\\/motorista.com.br\\\/noticias\\\/wp-content\\\/uploads\\\/2026\\\/04\\\/Foto-HooH-para-55content-.png\",\"articleSection\":[\"Aplicativos\",\"Motorista\"],\"inLanguage\":\"pt-BR\"},{\"@type\":\"WebPage\",\"@id\":\"https:\\\/\\\/motorista.com.br\\\/noticias\\\/2026\\\/04\\\/28\\\/empresarios-de-curitiba-buscam-alternativa-as-plataformas-uber-e-99\\\/\",\"url\":\"https:\\\/\\\/motorista.com.br\\\/noticias\\\/2026\\\/04\\\/28\\\/empresarios-de-curitiba-buscam-alternativa-as-plataformas-uber-e-99\\\/\",\"name\":\"Empres\u00e1rios de Curitiba buscam alternativa \u00e0s plataformas Uber e 99. - Motorista.com.br\",\"isPartOf\":{\"@id\":\"https:\\\/\\\/motorista.com.br\\\/noticias\\\/#website\"},\"primaryImageOfPage\":{\"@id\":\"https:\\\/\\\/motorista.com.br\\\/noticias\\\/2026\\\/04\\\/28\\\/empresarios-de-curitiba-buscam-alternativa-as-plataformas-uber-e-99\\\/#primaryimage\"},\"image\":{\"@id\":\"https:\\\/\\\/motorista.com.br\\\/noticias\\\/2026\\\/04\\\/28\\\/empresarios-de-curitiba-buscam-alternativa-as-plataformas-uber-e-99\\\/#primaryimage\"},\"thumbnailUrl\":\"https:\\\/\\\/motorista.com.br\\\/noticias\\\/wp-content\\\/uploads\\\/2026\\\/04\\\/Foto-HooH-para-55content-.png\",\"datePublished\":\"2026-04-28T17:24:02+00:00\",\"breadcrumb\":{\"@id\":\"https:\\\/\\\/motorista.com.br\\\/noticias\\\/2026\\\/04\\\/28\\\/empresarios-de-curitiba-buscam-alternativa-as-plataformas-uber-e-99\\\/#breadcrumb\"},\"inLanguage\":\"pt-BR\",\"potentialAction\":[{\"@type\":\"ReadAction\",\"target\":[\"https:\\\/\\\/motorista.com.br\\\/noticias\\\/2026\\\/04\\\/28\\\/empresarios-de-curitiba-buscam-alternativa-as-plataformas-uber-e-99\\\/\"]}]},{\"@type\":\"ImageObject\",\"inLanguage\":\"pt-BR\",\"@id\":\"https:\\\/\\\/motorista.com.br\\\/noticias\\\/2026\\\/04\\\/28\\\/empresarios-de-curitiba-buscam-alternativa-as-plataformas-uber-e-99\\\/#primaryimage\",\"url\":\"https:\\\/\\\/motorista.com.br\\\/noticias\\\/wp-content\\\/uploads\\\/2026\\\/04\\\/Foto-HooH-para-55content-.png\",\"contentUrl\":\"https:\\\/\\\/motorista.com.br\\\/noticias\\\/wp-content\\\/uploads\\\/2026\\\/04\\\/Foto-HooH-para-55content-.png\",\"width\":600,\"height\":350},{\"@type\":\"BreadcrumbList\",\"@id\":\"https:\\\/\\\/motorista.com.br\\\/noticias\\\/2026\\\/04\\\/28\\\/empresarios-de-curitiba-buscam-alternativa-as-plataformas-uber-e-99\\\/#breadcrumb\",\"itemListElement\":[{\"@type\":\"ListItem\",\"position\":1,\"name\":\"In\u00edcio\",\"item\":\"https:\\\/\\\/motorista.com.br\\\/noticias\\\/\"},{\"@type\":\"ListItem\",\"position\":2,\"name\":\"Empres\u00e1rios de Curitiba buscam alternativa \u00e0s plataformas Uber e 99.\"}]},{\"@type\":\"WebSite\",\"@id\":\"https:\\\/\\\/motorista.com.br\\\/noticias\\\/#website\",\"url\":\"https:\\\/\\\/motorista.com.br\\\/noticias\\\/\",\"name\":\"Motorista.com.br\",\"description\":\"Not\u00edcia do Motorista\",\"publisher\":{\"@id\":\"https:\\\/\\\/motorista.com.br\\\/noticias\\\/#organization\"},\"potentialAction\":[{\"@type\":\"SearchAction\",\"target\":{\"@type\":\"EntryPoint\",\"urlTemplate\":\"https:\\\/\\\/motorista.com.br\\\/noticias\\\/?s={search_term_string}\"},\"query-input\":{\"@type\":\"PropertyValueSpecification\",\"valueRequired\":true,\"valueName\":\"search_term_string\"}}],\"inLanguage\":\"pt-BR\"},{\"@type\":\"Organization\",\"@id\":\"https:\\\/\\\/motorista.com.br\\\/noticias\\\/#organization\",\"name\":\"Motorista.com.br\",\"url\":\"https:\\\/\\\/motorista.com.br\\\/noticias\\\/\",\"logo\":{\"@type\":\"ImageObject\",\"inLanguage\":\"pt-BR\",\"@id\":\"https:\\\/\\\/motorista.com.br\\\/noticias\\\/#\\\/schema\\\/logo\\\/image\\\/\",\"url\":\"https:\\\/\\\/motorista.com.br\\\/noticias\\\/wp-content\\\/uploads\\\/2025\\\/06\\\/Design-sem-nome-9.png\",\"contentUrl\":\"https:\\\/\\\/motorista.com.br\\\/noticias\\\/wp-content\\\/uploads\\\/2025\\\/06\\\/Design-sem-nome-9.png\",\"width\":150,\"height\":85,\"caption\":\"Motorista.com.br\"},\"image\":{\"@id\":\"https:\\\/\\\/motorista.com.br\\\/noticias\\\/#\\\/schema\\\/logo\\\/image\\\/\"}},{\"@type\":\"Person\",\"@id\":\"https:\\\/\\\/motorista.com.br\\\/noticias\\\/#\\\/schema\\\/person\\\/dc93afc2981c0e3ce6bc3c053fd847be\",\"name\":\"Equipe Reda\u00e7\u00e3o\",\"image\":{\"@type\":\"ImageObject\",\"inLanguage\":\"pt-BR\",\"@id\":\"https:\\\/\\\/secure.gravatar.com\\\/avatar\\\/4f525efbf18dd2bb300ccad28bfb99d95a9465a5ba268407c8c37b37e1f28d2d?s=96&d=mm&r=g9e099043a0c61e9ae27e293b9fa75ffc\",\"url\":\"https:\\\/\\\/secure.gravatar.com\\\/avatar\\\/4f525efbf18dd2bb300ccad28bfb99d95a9465a5ba268407c8c37b37e1f28d2d?s=96&d=mm&r=g\",\"contentUrl\":\"https:\\\/\\\/secure.gravatar.com\\\/avatar\\\/4f525efbf18dd2bb300ccad28bfb99d95a9465a5ba268407c8c37b37e1f28d2d?s=96&d=mm&r=g\",\"caption\":\"Equipe Reda\u00e7\u00e3o\"},\"description\":\"Equipe de reda\u00e7\u00e3o \u00e9 um grupo de profissionais que trabalham juntos para criar conte\u00fado escrito para Motorista.com.br\",\"url\":\"https:\\\/\\\/motorista.com.br\\\/noticias\\\/author\\\/equiperedacao\\\/\"}]}<\/script>\n<!-- \/ Yoast SEO Premium plugin. -->","yoast_head_json":{"title":"Empres\u00e1rios de Curitiba buscam alternativa \u00e0s plataformas Uber e 99. - Motorista.com.br","robots":{"index":"index","follow":"follow","max-snippet":"max-snippet:-1","max-image-preview":"max-image-preview:large","max-video-preview":"max-video-preview:-1"},"canonical":"https:\/\/motorista.com.br\/noticias\/2026\/04\/28\/empresarios-de-curitiba-buscam-alternativa-as-plataformas-uber-e-99\/","og_locale":"pt_BR","og_type":"article","og_title":"Empres\u00e1rios de Curitiba buscam alternativa \u00e0s plataformas Uber e 99.","og_description":"Grupo de empreendedores de Curitiba quer criar alternativa \u00e0 Uber e 99 Em um cen\u00e1rio marcado por grandes plataformas de mobilidade, a proposta do aplicativo Hooh \u00e9 oferecer uma alternativa que prioriza o motorista e melhora as condi\u00e7\u00f5es de trabalho. Com um modelo de remunera\u00e7\u00e3o que promete repasses de at\u00e9 85% do total das corridas &hellip;","og_url":"https:\/\/motorista.com.br\/noticias\/2026\/04\/28\/empresarios-de-curitiba-buscam-alternativa-as-plataformas-uber-e-99\/","og_site_name":"Motorista.com.br","article_published_time":"2026-04-28T17:24:02+00:00","author":"Equipe Reda\u00e7\u00e3o","twitter_card":"summary_large_image","twitter_misc":{"Escrito por":"Equipe Reda\u00e7\u00e3o","Est. tempo de leitura":"2 minutos","Written by":"Equipe Reda\u00e7\u00e3o"},"schema":{"@context":"https:\/\/schema.org","@graph":[{"@type":"Article","@id":"https:\/\/motorista.com.br\/noticias\/2026\/04\/28\/empresarios-de-curitiba-buscam-alternativa-as-plataformas-uber-e-99\/#article","isPartOf":{"@id":"https:\/\/motorista.com.br\/noticias\/2026\/04\/28\/empresarios-de-curitiba-buscam-alternativa-as-plataformas-uber-e-99\/"},"author":{"name":"Equipe Reda\u00e7\u00e3o","@id":"https:\/\/motorista.com.br\/noticias\/#\/schema\/person\/dc93afc2981c0e3ce6bc3c053fd847be"},"headline":"Empres\u00e1rios de Curitiba buscam alternativa \u00e0s plataformas Uber e 99.","datePublished":"2026-04-28T17:24:02+00:00","mainEntityOfPage":{"@id":"https:\/\/motorista.com.br\/noticias\/2026\/04\/28\/empresarios-de-curitiba-buscam-alternativa-as-plataformas-uber-e-99\/"},"wordCount":509,"publisher":{"@id":"https:\/\/motorista.com.br\/noticias\/#organization"},"image":{"@id":"https:\/\/motorista.com.br\/noticias\/2026\/04\/28\/empresarios-de-curitiba-buscam-alternativa-as-plataformas-uber-e-99\/#primaryimage"},"thumbnailUrl":"https:\/\/motorista.com.br\/noticias\/wp-content\/uploads\/2026\/04\/Foto-HooH-para-55content-.png","articleSection":["Aplicativos","Motorista"],"inLanguage":"pt-BR"},{"@type":"WebPage","@id":"https:\/\/motorista.com.br\/noticias\/2026\/04\/28\/empresarios-de-curitiba-buscam-alternativa-as-plataformas-uber-e-99\/","url":"https:\/\/motorista.com.br\/noticias\/2026\/04\/28\/empresarios-de-curitiba-buscam-alternativa-as-plataformas-uber-e-99\/","name":"Empres\u00e1rios de Curitiba buscam alternativa \u00e0s plataformas Uber e 99. - Motorista.com.br","isPartOf":{"@id":"https:\/\/motorista.com.br\/noticias\/#website"},"primaryImageOfPage":{"@id":"https:\/\/motorista.com.br\/noticias\/2026\/04\/28\/empresarios-de-curitiba-buscam-alternativa-as-plataformas-uber-e-99\/#primaryimage"},"image":{"@id":"https:\/\/motorista.com.br\/noticias\/2026\/04\/28\/empresarios-de-curitiba-buscam-alternativa-as-plataformas-uber-e-99\/#primaryimage"},"thumbnailUrl":"https:\/\/motorista.com.br\/noticias\/wp-content\/uploads\/2026\/04\/Foto-HooH-para-55content-.png","datePublished":"2026-04-28T17:24:02+00:00","breadcrumb":{"@id":"https:\/\/motorista.com.br\/noticias\/2026\/04\/28\/empresarios-de-curitiba-buscam-alternativa-as-plataformas-uber-e-99\/#breadcrumb"},"inLanguage":"pt-BR","potentialAction":[{"@type":"ReadAction","target":["https:\/\/motorista.com.br\/noticias\/2026\/04\/28\/empresarios-de-curitiba-buscam-alternativa-as-plataformas-uber-e-99\/"]}]},{"@type":"ImageObject","inLanguage":"pt-BR","@id":"https:\/\/motorista.com.br\/noticias\/2026\/04\/28\/empresarios-de-curitiba-buscam-alternativa-as-plataformas-uber-e-99\/#primaryimage","url":"https:\/\/motorista.com.br\/noticias\/wp-content\/uploads\/2026\/04\/Foto-HooH-para-55content-.png","contentUrl":"https:\/\/motorista.com.br\/noticias\/wp-content\/uploads\/2026\/04\/Foto-HooH-para-55content-.png","width":600,"height":350},{"@type":"BreadcrumbList","@id":"https:\/\/motorista.com.br\/noticias\/2026\/04\/28\/empresarios-de-curitiba-buscam-alternativa-as-plataformas-uber-e-99\/#breadcrumb","itemListElement":[{"@type":"ListItem","position":1,"name":"In\u00edcio","item":"https:\/\/motorista.com.br\/noticias\/"},{"@type":"ListItem","position":2,"name":"Empres\u00e1rios de Curitiba buscam alternativa \u00e0s plataformas Uber e 99."}]},{"@type":"WebSite","@id":"https:\/\/motorista.com.br\/noticias\/#website","url":"https:\/\/motorista.com.br\/noticias\/","name":"Motorista.com.br","description":"Not\u00edcia do Motorista","publisher":{"@id":"https:\/\/motorista.com.br\/noticias\/#organization"},"potentialAction":[{"@type":"SearchAction","target":{"@type":"EntryPoint","urlTemplate":"https:\/\/motorista.com.br\/noticias\/?s={search_term_string}"},"query-input":{"@type":"PropertyValueSpecification","valueRequired":true,"valueName":"search_term_string"}}],"inLanguage":"pt-BR"},{"@type":"Organization","@id":"https:\/\/motorista.com.br\/noticias\/#organization","name":"Motorista.com.br","url":"https:\/\/motorista.com.br\/noticias\/","logo":{"@type":"ImageObject","inLanguage":"pt-BR","@id":"https:\/\/motorista.com.br\/noticias\/#\/schema\/logo\/image\/","url":"https:\/\/motorista.com.br\/noticias\/wp-content\/uploads\/2025\/06\/Design-sem-nome-9.png","contentUrl":"https:\/\/motorista.com.br\/noticias\/wp-content\/uploads\/2025\/06\/Design-sem-nome-9.png","width":150,"height":85,"caption":"Motorista.com.br"},"image":{"@id":"https:\/\/motorista.com.br\/noticias\/#\/schema\/logo\/image\/"}},{"@type":"Person","@id":"https:\/\/motorista.com.br\/noticias\/#\/schema\/person\/dc93afc2981c0e3ce6bc3c053fd847be","name":"Equipe Reda\u00e7\u00e3o","image":{"@type":"ImageObject","inLanguage":"pt-BR","@id":"https:\/\/secure.gravatar.com\/avatar\/4f525efbf18dd2bb300ccad28bfb99d95a9465a5ba268407c8c37b37e1f28d2d?s=96&d=mm&r=g9e099043a0c61e9ae27e293b9fa75ffc","url":"https:\/\/secure.gravatar.com\/avatar\/4f525efbf18dd2bb300ccad28bfb99d95a9465a5ba268407c8c37b37e1f28d2d?s=96&d=mm&r=g","contentUrl":"https:\/\/secure.gravatar.com\/avatar\/4f525efbf18dd2bb300ccad28bfb99d95a9465a5ba268407c8c37b37e1f28d2d?s=96&d=mm&r=g","caption":"Equipe Reda\u00e7\u00e3o"},"description":"Equipe de reda\u00e7\u00e3o \u00e9 um grupo de profissionais que trabalham juntos para criar conte\u00fado escrito para Motorista.com.br","url":"https:\/\/motorista.com.br\/noticias\/author\/equiperedacao\/"}]}},"_links":{"self":[{"href":"https:\/\/motorista.com.br\/noticias\/wp-json\/wp\/v2\/posts\/9270","targetHints":{"allow":["GET"]}}],"collection":[{"href":"https:\/\/motorista.com.br\/noticias\/wp-json\/wp\/v2\/posts"}],"about":[{"href":"https:\/\/motorista.com.br\/noticias\/wp-json\/wp\/v2\/types\/post"}],"author":[{"embeddable":true,"href":"https:\/\/motorista.com.br\/noticias\/wp-json\/wp\/v2\/users\/4"}],"replies":[{"embeddable":true,"href":"https:\/\/motorista.com.br\/noticias\/wp-json\/wp\/v2\/comments?post=9270"}],"version-history":[{"count":0,"href":"https:\/\/motorista.com.br\/noticias\/wp-json\/wp\/v2\/posts\/9270\/revisions"}],"wp:featuredmedia":[{"embeddable":true,"href":"https:\/\/motorista.com.br\/noticias\/wp-json\/wp\/v2\/media\/9271"}],"wp:attachment":[{"href":"https:\/\/motorista.com.br\/noticias\/wp-json\/wp\/v2\/media?parent=9270"}],"wp:term":[{"taxonomy":"category","embeddable":true,"href":"https:\/\/motorista.com.br\/noticias\/wp-json\/wp\/v2\/categories?post=9270"},{"taxonomy":"post_tag","embeddable":true,"href":"https:\/\/motorista.com.br\/noticias\/wp-json\/wp\/v2\/tags?post=9270"},{"taxonomy":"author","embeddable":true,"href":"https:\/\/motorista.com.br\/noticias\/wp-json\/wp\/v2\/coauthors?post=9270"}],"curies":[{"name":"wp","href":"https:\/\/api.w.org\/{rel}","templated":true}]}}