{"id":9268,"date":"2026-04-28T13:54:07","date_gmt":"2026-04-28T16:54:07","guid":{"rendered":"https:\/\/motorista.com.br\/noticias\/2026\/04\/28\/byd-planeja-instalar-mil-carregadores-ultrarrapidos-no-brasil-ate-2027\/"},"modified":"2026-04-28T13:54:07","modified_gmt":"2026-04-28T16:54:07","slug":"byd-planeja-instalar-mil-carregadores-ultrarrapidos-no-brasil-ate-2027","status":"publish","type":"post","link":"https:\/\/motorista.com.br\/noticias\/2026\/04\/28\/byd-planeja-instalar-mil-carregadores-ultrarrapidos-no-brasil-ate-2027\/","title":{"rendered":"BYD planeja instalar mil carregadores ultrarr\u00e1pidos no Brasil at\u00e9 2027."},"content":{"rendered":"<p><\/p>\n<p><strong>BYD Anuncia Mil Carregadores Ultrarr\u00e1pidos para o Brasil at\u00e9 2027<\/strong><\/p>\n<p>A montadora chinesa BYD revelou, durante o Sal\u00e3o do Autom\u00f3vel de Pequim, uma nova tecnologia de carregamento ultrarr\u00e1pido para ve\u00edculos el\u00e9tricos. Esse sistema promete recarregar at\u00e9 97% da bateria em apenas nove minutos, oferecendo uma solu\u00e7\u00e3o pr\u00e1tica para motoristas que buscam efici\u00eancia e agilidade no processo de recarga.<\/p>\n<p>Com a chegada prevista ao Brasil ainda neste ano, a BYD planeja instalar mil carregadores em todo o pa\u00eds at\u00e9 o final de 2027. Esses carregadores t\u00eam uma impressionante capacidade de 1.500 kW, superando em cinco vezes os atuais carregadores r\u00e1pidos dispon\u00edveis no Brasil, que operam em torno de 300 kW. Essa inova\u00e7\u00e3o significa que \u00e9 poss\u00edvel recuperar 70% da carga em apenas cinco minutos, um tempo que pode transformar a experi\u00eancia dos motoristas e impulsionar o uso de ve\u00edculos el\u00e9tricos.<\/p>\n<p>A estrutura dos novos carregadores em formato de \u201cT\u201d permite o carregamento simult\u00e2neo de dois ve\u00edculos, otimizando o tempo e oferecendo maior comodidade para os motoristas. Para garantir a velocidade de carregamento, a BYD implementa um banco de baterias auxiliar, que \u00e9 carregado quando n\u00e3o h\u00e1 ve\u00edculos conectados. Isso n\u00e3o apenas maximiza a efici\u00eancia energ\u00e9tica, mas tamb\u00e9m contribui para o suporte \u00e0 infraestrutura el\u00e9trica local.<\/p>\n<p>Esses desenvolvimentos podem ter um impacto significativo na mobilidade urbana. A possibilidade de recarregar rapidamente o ve\u00edculo pode incentivar mais motoristas a adotarem carros el\u00e9tricos, impulsionando a transi\u00e7\u00e3o para um transporte mais sustent\u00e1vel. Al\u00e9m disso, a cria\u00e7\u00e3o de hubs de recarga com m\u00faltiplos pontos de carregamento pode ajudar a reduzir a ansiedade relacionada \u00e0 autonomia dos ve\u00edculos el\u00e9tricos, tornando a mobilidade el\u00e9trica mais acess\u00edvel e pr\u00e1tica para todos.<\/p>\n<p>O vice-presidente s\u00eanior da BYD no Brasil, Alexandre Baldy, mencionou a adaptabilidade da estrutura atual de carregadores r\u00e1pidos para operar com pot\u00eancias superiores a 1.000 kW, destacando a evolu\u00e7\u00e3o da tecnologia de recarga. Os novos carregadores estar\u00e3o dispon\u00edveis nas concession\u00e1rias da Denza, a marca de luxo da BYD, e a empresa planeja expandir a compatibilidade para outros modelos de sua linha.<\/p>\n<p>Para garantir uma recarga em velocidades t\u00e3o elevadas, os ve\u00edculos precisam ter componentes espec\u00edficos, incluindo sistemas de seguran\u00e7a refor\u00e7ados. Isso sublinha a import\u00e2ncia da tecnologia no desenvolvimento de ve\u00edculos el\u00e9tricos e no avan\u00e7o da mobilidade geral no Brasil.<\/p>\n<p>Com a introdu\u00e7\u00e3o desses carregadores ultrarr\u00e1pidos, a BYD n\u00e3o apenas melhora a infraestrutura de recarga, mas tamb\u00e9m contribui significativamente para a mudan\u00e7a no panorama dos transportes no pa\u00eds, promovendo uma mobilidade mais sustent\u00e1vel e eficiente. Os motoristas ter\u00e3o mais autonomia e conforto, o que pode, finalmente, tornar os ve\u00edculos el\u00e9tricos uma escolha popular entre os brasileiros.<\/p>\n","protected":false},"excerpt":{"rendered":"<p>BYD Anuncia Mil Carregadores Ultrarr\u00e1pidos para o Brasil at\u00e9 2027 A montadora chinesa BYD revelou, durante o Sal\u00e3o do Autom\u00f3vel de Pequim, uma nova tecnologia de carregamento ultrarr\u00e1pido para ve\u00edculos el\u00e9tricos. Esse sistema promete recarregar at\u00e9 97% da bateria em apenas nove minutos, oferecendo uma solu\u00e7\u00e3o pr\u00e1tica para motoristas que buscam efici\u00eancia e agilidade no &hellip;<\/p>\n","protected":false},"author":4,"featured_media":9269,"comment_status":"","ping_status":"open","sticky":false,"template":"","format":"standard","meta":{"footnotes":""},"categories":[56],"tags":[],"coauthors":[42],"class_list":["post-9268","post","type-post","status-publish","format-standard","has-post-thumbnail","hentry","category-tecnologia"],"yoast_head":"<!-- This site is optimized with the Yoast SEO Premium plugin v25.5 (Yoast SEO v27.5) - https:\/\/yoast.com\/product\/yoast-seo-premium-wordpress\/ -->\n<title>BYD planeja instalar mil carregadores ultrarr\u00e1pidos no Brasil at\u00e9 2027. - Motorista.com.br<\/title>\n<meta name=\"robots\" content=\"index, follow, max-snippet:-1, max-image-preview:large, max-video-preview:-1\" \/>\n<link rel=\"canonical\" href=\"https:\/\/motorista.com.br\/noticias\/2026\/04\/28\/byd-planeja-instalar-mil-carregadores-ultrarrapidos-no-brasil-ate-2027\/\" \/>\n<meta property=\"og:locale\" content=\"pt_BR\" \/>\n<meta property=\"og:type\" content=\"article\" \/>\n<meta property=\"og:title\" content=\"BYD planeja instalar mil carregadores ultrarr\u00e1pidos no Brasil at\u00e9 2027.\" \/>\n<meta property=\"og:description\" content=\"BYD Anuncia Mil Carregadores Ultrarr\u00e1pidos para o Brasil at\u00e9 2027 A montadora chinesa BYD revelou, durante o Sal\u00e3o do Autom\u00f3vel de Pequim, uma nova tecnologia de carregamento ultrarr\u00e1pido para ve\u00edculos el\u00e9tricos. Esse sistema promete recarregar at\u00e9 97% da bateria em apenas nove minutos, oferecendo uma solu\u00e7\u00e3o pr\u00e1tica para motoristas que buscam efici\u00eancia e agilidade no &hellip;\" \/>\n<meta property=\"og:url\" content=\"https:\/\/motorista.com.br\/noticias\/2026\/04\/28\/byd-planeja-instalar-mil-carregadores-ultrarrapidos-no-brasil-ate-2027\/\" \/>\n<meta property=\"og:site_name\" content=\"Motorista.com.br\" \/>\n<meta property=\"article:published_time\" content=\"2026-04-28T16:54:07+00:00\" \/>\n<meta name=\"author\" content=\"Equipe Reda\u00e7\u00e3o\" \/>\n<meta name=\"twitter:card\" content=\"summary_large_image\" \/>\n<meta name=\"twitter:label1\" content=\"Escrito por\" \/>\n\t<meta name=\"twitter:data1\" content=\"Equipe Reda\u00e7\u00e3o\" \/>\n\t<meta name=\"twitter:label2\" content=\"Est. tempo de leitura\" \/>\n\t<meta name=\"twitter:data2\" content=\"2 minutos\" \/>\n\t<meta name=\"twitter:label3\" content=\"Written by\" \/>\n\t<meta name=\"twitter:data3\" content=\"Equipe Reda\u00e7\u00e3o\" \/>\n<script type=\"application\/ld+json\" class=\"yoast-schema-graph\">{\"@context\":\"https:\\\/\\\/schema.org\",\"@graph\":[{\"@type\":\"Article\",\"@id\":\"https:\\\/\\\/motorista.com.br\\\/noticias\\\/2026\\\/04\\\/28\\\/byd-planeja-instalar-mil-carregadores-ultrarrapidos-no-brasil-ate-2027\\\/#article\",\"isPartOf\":{\"@id\":\"https:\\\/\\\/motorista.com.br\\\/noticias\\\/2026\\\/04\\\/28\\\/byd-planeja-instalar-mil-carregadores-ultrarrapidos-no-brasil-ate-2027\\\/\"},\"author\":{\"name\":\"Equipe Reda\u00e7\u00e3o\",\"@id\":\"https:\\\/\\\/motorista.com.br\\\/noticias\\\/#\\\/schema\\\/person\\\/dc93afc2981c0e3ce6bc3c053fd847be\"},\"headline\":\"BYD planeja instalar mil carregadores ultrarr\u00e1pidos no Brasil at\u00e9 2027.\",\"datePublished\":\"2026-04-28T16:54:07+00:00\",\"mainEntityOfPage\":{\"@id\":\"https:\\\/\\\/motorista.com.br\\\/noticias\\\/2026\\\/04\\\/28\\\/byd-planeja-instalar-mil-carregadores-ultrarrapidos-no-brasil-ate-2027\\\/\"},\"wordCount\":491,\"publisher\":{\"@id\":\"https:\\\/\\\/motorista.com.br\\\/noticias\\\/#organization\"},\"image\":{\"@id\":\"https:\\\/\\\/motorista.com.br\\\/noticias\\\/2026\\\/04\\\/28\\\/byd-planeja-instalar-mil-carregadores-ultrarrapidos-no-brasil-ate-2027\\\/#primaryimage\"},\"thumbnailUrl\":\"https:\\\/\\\/motorista.com.br\\\/noticias\\\/wp-content\\\/uploads\\\/2026\\\/04\\\/1777395248_byd.jpg\",\"articleSection\":[\"Tecnologia\"],\"inLanguage\":\"pt-BR\"},{\"@type\":\"WebPage\",\"@id\":\"https:\\\/\\\/motorista.com.br\\\/noticias\\\/2026\\\/04\\\/28\\\/byd-planeja-instalar-mil-carregadores-ultrarrapidos-no-brasil-ate-2027\\\/\",\"url\":\"https:\\\/\\\/motorista.com.br\\\/noticias\\\/2026\\\/04\\\/28\\\/byd-planeja-instalar-mil-carregadores-ultrarrapidos-no-brasil-ate-2027\\\/\",\"name\":\"BYD planeja instalar mil carregadores ultrarr\u00e1pidos no Brasil at\u00e9 2027. - Motorista.com.br\",\"isPartOf\":{\"@id\":\"https:\\\/\\\/motorista.com.br\\\/noticias\\\/#website\"},\"primaryImageOfPage\":{\"@id\":\"https:\\\/\\\/motorista.com.br\\\/noticias\\\/2026\\\/04\\\/28\\\/byd-planeja-instalar-mil-carregadores-ultrarrapidos-no-brasil-ate-2027\\\/#primaryimage\"},\"image\":{\"@id\":\"https:\\\/\\\/motorista.com.br\\\/noticias\\\/2026\\\/04\\\/28\\\/byd-planeja-instalar-mil-carregadores-ultrarrapidos-no-brasil-ate-2027\\\/#primaryimage\"},\"thumbnailUrl\":\"https:\\\/\\\/motorista.com.br\\\/noticias\\\/wp-content\\\/uploads\\\/2026\\\/04\\\/1777395248_byd.jpg\",\"datePublished\":\"2026-04-28T16:54:07+00:00\",\"breadcrumb\":{\"@id\":\"https:\\\/\\\/motorista.com.br\\\/noticias\\\/2026\\\/04\\\/28\\\/byd-planeja-instalar-mil-carregadores-ultrarrapidos-no-brasil-ate-2027\\\/#breadcrumb\"},\"inLanguage\":\"pt-BR\",\"potentialAction\":[{\"@type\":\"ReadAction\",\"target\":[\"https:\\\/\\\/motorista.com.br\\\/noticias\\\/2026\\\/04\\\/28\\\/byd-planeja-instalar-mil-carregadores-ultrarrapidos-no-brasil-ate-2027\\\/\"]}]},{\"@type\":\"ImageObject\",\"inLanguage\":\"pt-BR\",\"@id\":\"https:\\\/\\\/motorista.com.br\\\/noticias\\\/2026\\\/04\\\/28\\\/byd-planeja-instalar-mil-carregadores-ultrarrapidos-no-brasil-ate-2027\\\/#primaryimage\",\"url\":\"https:\\\/\\\/motorista.com.br\\\/noticias\\\/wp-content\\\/uploads\\\/2026\\\/04\\\/1777395248_byd.jpg\",\"contentUrl\":\"https:\\\/\\\/motorista.com.br\\\/noticias\\\/wp-content\\\/uploads\\\/2026\\\/04\\\/1777395248_byd.jpg\",\"width\":2560,\"height\":1706},{\"@type\":\"BreadcrumbList\",\"@id\":\"https:\\\/\\\/motorista.com.br\\\/noticias\\\/2026\\\/04\\\/28\\\/byd-planeja-instalar-mil-carregadores-ultrarrapidos-no-brasil-ate-2027\\\/#breadcrumb\",\"itemListElement\":[{\"@type\":\"ListItem\",\"position\":1,\"name\":\"In\u00edcio\",\"item\":\"https:\\\/\\\/motorista.com.br\\\/noticias\\\/\"},{\"@type\":\"ListItem\",\"position\":2,\"name\":\"BYD planeja instalar mil carregadores ultrarr\u00e1pidos no Brasil at\u00e9 2027.\"}]},{\"@type\":\"WebSite\",\"@id\":\"https:\\\/\\\/motorista.com.br\\\/noticias\\\/#website\",\"url\":\"https:\\\/\\\/motorista.com.br\\\/noticias\\\/\",\"name\":\"Motorista.com.br\",\"description\":\"Not\u00edcia do Motorista\",\"publisher\":{\"@id\":\"https:\\\/\\\/motorista.com.br\\\/noticias\\\/#organization\"},\"potentialAction\":[{\"@type\":\"SearchAction\",\"target\":{\"@type\":\"EntryPoint\",\"urlTemplate\":\"https:\\\/\\\/motorista.com.br\\\/noticias\\\/?s={search_term_string}\"},\"query-input\":{\"@type\":\"PropertyValueSpecification\",\"valueRequired\":true,\"valueName\":\"search_term_string\"}}],\"inLanguage\":\"pt-BR\"},{\"@type\":\"Organization\",\"@id\":\"https:\\\/\\\/motorista.com.br\\\/noticias\\\/#organization\",\"name\":\"Motorista.com.br\",\"url\":\"https:\\\/\\\/motorista.com.br\\\/noticias\\\/\",\"logo\":{\"@type\":\"ImageObject\",\"inLanguage\":\"pt-BR\",\"@id\":\"https:\\\/\\\/motorista.com.br\\\/noticias\\\/#\\\/schema\\\/logo\\\/image\\\/\",\"url\":\"https:\\\/\\\/motorista.com.br\\\/noticias\\\/wp-content\\\/uploads\\\/2025\\\/06\\\/Design-sem-nome-9.png\",\"contentUrl\":\"https:\\\/\\\/motorista.com.br\\\/noticias\\\/wp-content\\\/uploads\\\/2025\\\/06\\\/Design-sem-nome-9.png\",\"width\":150,\"height\":85,\"caption\":\"Motorista.com.br\"},\"image\":{\"@id\":\"https:\\\/\\\/motorista.com.br\\\/noticias\\\/#\\\/schema\\\/logo\\\/image\\\/\"}},{\"@type\":\"Person\",\"@id\":\"https:\\\/\\\/motorista.com.br\\\/noticias\\\/#\\\/schema\\\/person\\\/dc93afc2981c0e3ce6bc3c053fd847be\",\"name\":\"Equipe Reda\u00e7\u00e3o\",\"image\":{\"@type\":\"ImageObject\",\"inLanguage\":\"pt-BR\",\"@id\":\"https:\\\/\\\/secure.gravatar.com\\\/avatar\\\/4f525efbf18dd2bb300ccad28bfb99d95a9465a5ba268407c8c37b37e1f28d2d?s=96&d=mm&r=g9e099043a0c61e9ae27e293b9fa75ffc\",\"url\":\"https:\\\/\\\/secure.gravatar.com\\\/avatar\\\/4f525efbf18dd2bb300ccad28bfb99d95a9465a5ba268407c8c37b37e1f28d2d?s=96&d=mm&r=g\",\"contentUrl\":\"https:\\\/\\\/secure.gravatar.com\\\/avatar\\\/4f525efbf18dd2bb300ccad28bfb99d95a9465a5ba268407c8c37b37e1f28d2d?s=96&d=mm&r=g\",\"caption\":\"Equipe Reda\u00e7\u00e3o\"},\"description\":\"Equipe de reda\u00e7\u00e3o \u00e9 um grupo de profissionais que trabalham juntos para criar conte\u00fado escrito para Motorista.com.br\",\"url\":\"https:\\\/\\\/motorista.com.br\\\/noticias\\\/author\\\/equiperedacao\\\/\"}]}<\/script>\n<!-- \/ Yoast SEO Premium plugin. -->","yoast_head_json":{"title":"BYD planeja instalar mil carregadores ultrarr\u00e1pidos no Brasil at\u00e9 2027. - Motorista.com.br","robots":{"index":"index","follow":"follow","max-snippet":"max-snippet:-1","max-image-preview":"max-image-preview:large","max-video-preview":"max-video-preview:-1"},"canonical":"https:\/\/motorista.com.br\/noticias\/2026\/04\/28\/byd-planeja-instalar-mil-carregadores-ultrarrapidos-no-brasil-ate-2027\/","og_locale":"pt_BR","og_type":"article","og_title":"BYD planeja instalar mil carregadores ultrarr\u00e1pidos no Brasil at\u00e9 2027.","og_description":"BYD Anuncia Mil Carregadores Ultrarr\u00e1pidos para o Brasil at\u00e9 2027 A montadora chinesa BYD revelou, durante o Sal\u00e3o do Autom\u00f3vel de Pequim, uma nova tecnologia de carregamento ultrarr\u00e1pido para ve\u00edculos el\u00e9tricos. Esse sistema promete recarregar at\u00e9 97% da bateria em apenas nove minutos, oferecendo uma solu\u00e7\u00e3o pr\u00e1tica para motoristas que buscam efici\u00eancia e agilidade no &hellip;","og_url":"https:\/\/motorista.com.br\/noticias\/2026\/04\/28\/byd-planeja-instalar-mil-carregadores-ultrarrapidos-no-brasil-ate-2027\/","og_site_name":"Motorista.com.br","article_published_time":"2026-04-28T16:54:07+00:00","author":"Equipe Reda\u00e7\u00e3o","twitter_card":"summary_large_image","twitter_misc":{"Escrito por":"Equipe Reda\u00e7\u00e3o","Est. tempo de leitura":"2 minutos","Written by":"Equipe Reda\u00e7\u00e3o"},"schema":{"@context":"https:\/\/schema.org","@graph":[{"@type":"Article","@id":"https:\/\/motorista.com.br\/noticias\/2026\/04\/28\/byd-planeja-instalar-mil-carregadores-ultrarrapidos-no-brasil-ate-2027\/#article","isPartOf":{"@id":"https:\/\/motorista.com.br\/noticias\/2026\/04\/28\/byd-planeja-instalar-mil-carregadores-ultrarrapidos-no-brasil-ate-2027\/"},"author":{"name":"Equipe Reda\u00e7\u00e3o","@id":"https:\/\/motorista.com.br\/noticias\/#\/schema\/person\/dc93afc2981c0e3ce6bc3c053fd847be"},"headline":"BYD planeja instalar mil carregadores ultrarr\u00e1pidos no Brasil at\u00e9 2027.","datePublished":"2026-04-28T16:54:07+00:00","mainEntityOfPage":{"@id":"https:\/\/motorista.com.br\/noticias\/2026\/04\/28\/byd-planeja-instalar-mil-carregadores-ultrarrapidos-no-brasil-ate-2027\/"},"wordCount":491,"publisher":{"@id":"https:\/\/motorista.com.br\/noticias\/#organization"},"image":{"@id":"https:\/\/motorista.com.br\/noticias\/2026\/04\/28\/byd-planeja-instalar-mil-carregadores-ultrarrapidos-no-brasil-ate-2027\/#primaryimage"},"thumbnailUrl":"https:\/\/motorista.com.br\/noticias\/wp-content\/uploads\/2026\/04\/1777395248_byd.jpg","articleSection":["Tecnologia"],"inLanguage":"pt-BR"},{"@type":"WebPage","@id":"https:\/\/motorista.com.br\/noticias\/2026\/04\/28\/byd-planeja-instalar-mil-carregadores-ultrarrapidos-no-brasil-ate-2027\/","url":"https:\/\/motorista.com.br\/noticias\/2026\/04\/28\/byd-planeja-instalar-mil-carregadores-ultrarrapidos-no-brasil-ate-2027\/","name":"BYD planeja instalar mil carregadores ultrarr\u00e1pidos no Brasil at\u00e9 2027. - Motorista.com.br","isPartOf":{"@id":"https:\/\/motorista.com.br\/noticias\/#website"},"primaryImageOfPage":{"@id":"https:\/\/motorista.com.br\/noticias\/2026\/04\/28\/byd-planeja-instalar-mil-carregadores-ultrarrapidos-no-brasil-ate-2027\/#primaryimage"},"image":{"@id":"https:\/\/motorista.com.br\/noticias\/2026\/04\/28\/byd-planeja-instalar-mil-carregadores-ultrarrapidos-no-brasil-ate-2027\/#primaryimage"},"thumbnailUrl":"https:\/\/motorista.com.br\/noticias\/wp-content\/uploads\/2026\/04\/1777395248_byd.jpg","datePublished":"2026-04-28T16:54:07+00:00","breadcrumb":{"@id":"https:\/\/motorista.com.br\/noticias\/2026\/04\/28\/byd-planeja-instalar-mil-carregadores-ultrarrapidos-no-brasil-ate-2027\/#breadcrumb"},"inLanguage":"pt-BR","potentialAction":[{"@type":"ReadAction","target":["https:\/\/motorista.com.br\/noticias\/2026\/04\/28\/byd-planeja-instalar-mil-carregadores-ultrarrapidos-no-brasil-ate-2027\/"]}]},{"@type":"ImageObject","inLanguage":"pt-BR","@id":"https:\/\/motorista.com.br\/noticias\/2026\/04\/28\/byd-planeja-instalar-mil-carregadores-ultrarrapidos-no-brasil-ate-2027\/#primaryimage","url":"https:\/\/motorista.com.br\/noticias\/wp-content\/uploads\/2026\/04\/1777395248_byd.jpg","contentUrl":"https:\/\/motorista.com.br\/noticias\/wp-content\/uploads\/2026\/04\/1777395248_byd.jpg","width":2560,"height":1706},{"@type":"BreadcrumbList","@id":"https:\/\/motorista.com.br\/noticias\/2026\/04\/28\/byd-planeja-instalar-mil-carregadores-ultrarrapidos-no-brasil-ate-2027\/#breadcrumb","itemListElement":[{"@type":"ListItem","position":1,"name":"In\u00edcio","item":"https:\/\/motorista.com.br\/noticias\/"},{"@type":"ListItem","position":2,"name":"BYD planeja instalar mil carregadores ultrarr\u00e1pidos no Brasil at\u00e9 2027."}]},{"@type":"WebSite","@id":"https:\/\/motorista.com.br\/noticias\/#website","url":"https:\/\/motorista.com.br\/noticias\/","name":"Motorista.com.br","description":"Not\u00edcia do Motorista","publisher":{"@id":"https:\/\/motorista.com.br\/noticias\/#organization"},"potentialAction":[{"@type":"SearchAction","target":{"@type":"EntryPoint","urlTemplate":"https:\/\/motorista.com.br\/noticias\/?s={search_term_string}"},"query-input":{"@type":"PropertyValueSpecification","valueRequired":true,"valueName":"search_term_string"}}],"inLanguage":"pt-BR"},{"@type":"Organization","@id":"https:\/\/motorista.com.br\/noticias\/#organization","name":"Motorista.com.br","url":"https:\/\/motorista.com.br\/noticias\/","logo":{"@type":"ImageObject","inLanguage":"pt-BR","@id":"https:\/\/motorista.com.br\/noticias\/#\/schema\/logo\/image\/","url":"https:\/\/motorista.com.br\/noticias\/wp-content\/uploads\/2025\/06\/Design-sem-nome-9.png","contentUrl":"https:\/\/motorista.com.br\/noticias\/wp-content\/uploads\/2025\/06\/Design-sem-nome-9.png","width":150,"height":85,"caption":"Motorista.com.br"},"image":{"@id":"https:\/\/motorista.com.br\/noticias\/#\/schema\/logo\/image\/"}},{"@type":"Person","@id":"https:\/\/motorista.com.br\/noticias\/#\/schema\/person\/dc93afc2981c0e3ce6bc3c053fd847be","name":"Equipe Reda\u00e7\u00e3o","image":{"@type":"ImageObject","inLanguage":"pt-BR","@id":"https:\/\/secure.gravatar.com\/avatar\/4f525efbf18dd2bb300ccad28bfb99d95a9465a5ba268407c8c37b37e1f28d2d?s=96&d=mm&r=g9e099043a0c61e9ae27e293b9fa75ffc","url":"https:\/\/secure.gravatar.com\/avatar\/4f525efbf18dd2bb300ccad28bfb99d95a9465a5ba268407c8c37b37e1f28d2d?s=96&d=mm&r=g","contentUrl":"https:\/\/secure.gravatar.com\/avatar\/4f525efbf18dd2bb300ccad28bfb99d95a9465a5ba268407c8c37b37e1f28d2d?s=96&d=mm&r=g","caption":"Equipe Reda\u00e7\u00e3o"},"description":"Equipe de reda\u00e7\u00e3o \u00e9 um grupo de profissionais que trabalham juntos para criar conte\u00fado escrito para Motorista.com.br","url":"https:\/\/motorista.com.br\/noticias\/author\/equiperedacao\/"}]}},"_links":{"self":[{"href":"https:\/\/motorista.com.br\/noticias\/wp-json\/wp\/v2\/posts\/9268","targetHints":{"allow":["GET"]}}],"collection":[{"href":"https:\/\/motorista.com.br\/noticias\/wp-json\/wp\/v2\/posts"}],"about":[{"href":"https:\/\/motorista.com.br\/noticias\/wp-json\/wp\/v2\/types\/post"}],"author":[{"embeddable":true,"href":"https:\/\/motorista.com.br\/noticias\/wp-json\/wp\/v2\/users\/4"}],"replies":[{"embeddable":true,"href":"https:\/\/motorista.com.br\/noticias\/wp-json\/wp\/v2\/comments?post=9268"}],"version-history":[{"count":0,"href":"https:\/\/motorista.com.br\/noticias\/wp-json\/wp\/v2\/posts\/9268\/revisions"}],"wp:featuredmedia":[{"embeddable":true,"href":"https:\/\/motorista.com.br\/noticias\/wp-json\/wp\/v2\/media\/9269"}],"wp:attachment":[{"href":"https:\/\/motorista.com.br\/noticias\/wp-json\/wp\/v2\/media?parent=9268"}],"wp:term":[{"taxonomy":"category","embeddable":true,"href":"https:\/\/motorista.com.br\/noticias\/wp-json\/wp\/v2\/categories?post=9268"},{"taxonomy":"post_tag","embeddable":true,"href":"https:\/\/motorista.com.br\/noticias\/wp-json\/wp\/v2\/tags?post=9268"},{"taxonomy":"author","embeddable":true,"href":"https:\/\/motorista.com.br\/noticias\/wp-json\/wp\/v2\/coauthors?post=9268"}],"curies":[{"name":"wp","href":"https:\/\/api.w.org\/{rel}","templated":true}]}}