{"id":9266,"date":"2026-04-28T12:37:36","date_gmt":"2026-04-28T15:37:36","guid":{"rendered":"https:\/\/motorista.com.br\/noticias\/2026\/04\/28\/aprovacao-do-regulamento-do-ibs-quais-os-proximos-passos\/"},"modified":"2026-04-28T12:37:36","modified_gmt":"2026-04-28T15:37:36","slug":"aprovacao-do-regulamento-do-ibs-quais-os-proximos-passos","status":"publish","type":"post","link":"https:\/\/motorista.com.br\/noticias\/2026\/04\/28\/aprovacao-do-regulamento-do-ibs-quais-os-proximos-passos\/","title":{"rendered":"Aprova\u00e7\u00e3o do regulamento do IBS: quais os pr\u00f3ximos passos?"},"content":{"rendered":"<p><\/p>\n<div data-ast-blocks-layout=\"true\" itemprop=\"text\">\n<figure class=\"wp-block-image aligncenter size-large\"><img fetchpriority=\"high\" fetchpriority=\"high\" decoding=\"async\" width=\"1024\" height=\"682\" src=\"https:\/\/www.reformatributaria.com\/wp-content\/uploads\/2026\/03\/comite-gestor-primeira-reuniao-1024x682.jpeg\" alt=\"Reuni\u00e3o do Comit\u00ea Gestor\" class=\"wp-image-38607\" srcset=\"https:\/\/www.reformatributaria.com\/wp-content\/uploads\/2026\/03\/comite-gestor-primeira-reuniao-1024x682.jpeg 1024w, https:\/\/www.reformatributaria.com\/wp-content\/uploads\/2026\/03\/comite-gestor-primeira-reuniao-300x200.jpeg 300w, https:\/\/www.reformatributaria.com\/wp-content\/uploads\/2026\/03\/comite-gestor-primeira-reuniao-200x133.jpeg 200w, https:\/\/www.reformatributaria.com\/wp-content\/uploads\/2026\/03\/comite-gestor-primeira-reuniao-768x511.jpeg 768w, https:\/\/www.reformatributaria.com\/wp-content\/uploads\/2026\/03\/comite-gestor-primeira-reuniao-600x400.jpeg 600w, https:\/\/www.reformatributaria.com\/wp-content\/uploads\/2026\/03\/comite-gestor-primeira-reuniao.jpeg 1320w\" sizes=\"(max-width: 1024px) 100vw, 1024px\" loading=\"eager\"\/><figcaption class=\"wp-element-caption\"><em>Na imagem, a reuni\u00e3o do Comit\u00ea Gestor do IBS (realizada em 3.mar.2026) \u2013 Reprodu\u00e7\u00e3o: Ricardo Gon\u00e7alves via Ascom Comsefaz<\/em><\/figcaption><\/figure>\n<p><strong>Por\u00a0Bruno Carvalho<\/strong><\/p>\n<p>A recente aprova\u00e7\u00e3o do regulamento do IBS, confirmada pelo Comit\u00ea Gestor em 27 de abril, representa um marco significativo para a mobilidade e a opera\u00e7\u00e3o do setor de transporte. Com a publica\u00e7\u00e3o do regulamento prevista para o final de abril, fica estabelecido um prazo crucial para a adapta\u00e7\u00e3o dos contribuintes. O novo tributo, que traz mudan\u00e7as substanciais na forma como impostos s\u00e3o geridos, apresentar\u00e1 impactos diretos n\u00e3o s\u00f3 na economia, mas tamb\u00e9m nos modos de opera\u00e7\u00e3o de motoristas e transportadoras.<\/p>\n<p>O regulamento \u00e9 a pe\u00e7a-chave que permitir\u00e1 a implementa\u00e7\u00e3o do IBS. Com mais de 700 artigos contemplados nas leis complementares, ele \u00e9 essencial para que todos os operadores do direito, administra\u00e7\u00e3o e contabilidade estejam preparados para lidar com essas mudan\u00e7as. Essa reformula\u00e7\u00e3o tribut\u00e1ria n\u00e3o deve ser vista apenas como uma burocracia, mas como uma oportunidade de modernizar processos e facilitar a mobilidade nas opera\u00e7\u00f5es log\u00edsticas.<\/p>\n<p>A contagem regressiva para a aplica\u00e7\u00e3o do novo sistema, com a data limite em 1\u00ba de agosto, enfatiza a urg\u00eancia em que as empresas devem se adequar. Para motoristas e empresas de transporte, isso significa que, sem a atualiza\u00e7\u00e3o de sistemas, a emiss\u00e3o de documentos fiscais pode ser inviabilizada. Resultados diretos incluem a poss\u00edvel paralisa\u00e7\u00e3o de entregas, como um caminh\u00e3o que n\u00e3o consegue despachar ou um supermercado que enfrenta filas intermin\u00e1veis.<\/p>\n<p>Esse novo cen\u00e1rio tamb\u00e9m promove uma reflex\u00e3o sobre a efici\u00eancia e a organiza\u00e7\u00e3o do setor de transportes no Brasil. Com a necessidade de implementa\u00e7\u00e3o de dados para a CBS e IBS em todas as notas fiscais, transportadores ser\u00e3o incentivados a otimizar seus processos. Aqueles que se adaptarem rapidamente \u00e0 nova realidade estar\u00e3o em vantagem competitiva. A efici\u00eancia nos processos fiscais pode traduzir-se em uma maior fluidez nas opera\u00e7\u00f5es log\u00edsticas, que \u00e9 essencial para a mobilidade geral, especialmente em um pa\u00eds com uma vasta extens\u00e3o territorial e um setor agr\u00edcola robusto.<\/p>\n<p>O benef\u00edcio de um sistema tribut\u00e1rio mais claro e estruturado pode significar uma maior agilidade no transporte de mercadorias, refletindo-se em economia e efici\u00eancia para os consumidores. Uma estrutura de fiscaliza\u00e7\u00e3o mais s\u00f3lida, embora inicialmente desafiadora, promete tamb\u00e9m trazer mais seguran\u00e7a ao mercado, oferecendo um ambiente prop\u00edcio para investimentos em infraestrutura e inova\u00e7\u00f5es tecnol\u00f3gicas que beneficiar\u00e3o os motoristas a longo prazo.<\/p>\n<p>Estamos, portanto, diante de um momento de transforma\u00e7\u00e3o. O desafio \u00e9 grande, mas os benef\u00edcios potenciais que um regulamento bem implementado pode trazer tanto para motoristas quanto para a mobilidade geral do pa\u00eds s\u00e3o indiscut\u00edveis. O caminho a partir de agora exigir\u00e1 adapta\u00e7\u00e3o, mas tamb\u00e9m promete inova\u00e7\u00e3o e evolu\u00e7\u00e3o no setor.<\/p>\n<p><em><strong>Bruno Carvalho<\/strong>\u00a0\u00e9 auditor fiscal da Sefaz-PI. Atua na Central de Opera\u00e7\u00f5es Estaduais. Foi relator da Comiss\u00e3o de Reforma Tribut\u00e1ria da Fenafisco (Federa\u00e7\u00e3o Nacional do Fisco Estadual e Distrital) at\u00e9 junho de 2024.<\/em><\/p>\n<p><em>Fonte: reformatributaria<\/em><\/p>\n<\/div>\n","protected":false},"excerpt":{"rendered":"<p>Na imagem, a reuni\u00e3o do Comit\u00ea Gestor do IBS (realizada em 3.mar.2026) \u2013 Reprodu\u00e7\u00e3o: Ricardo Gon\u00e7alves via Ascom Comsefaz Por\u00a0Bruno Carvalho A recente aprova\u00e7\u00e3o do regulamento do IBS, confirmada pelo Comit\u00ea Gestor em 27 de abril, representa um marco significativo para a mobilidade e a opera\u00e7\u00e3o do setor de transporte. Com a publica\u00e7\u00e3o do regulamento &hellip;<\/p>\n","protected":false},"author":4,"featured_media":9267,"comment_status":"","ping_status":"open","sticky":false,"template":"","format":"standard","meta":{"footnotes":""},"categories":[35],"tags":[],"coauthors":[42],"class_list":["post-9266","post","type-post","status-publish","format-standard","has-post-thumbnail","hentry","category-legislacao"],"yoast_head":"<!-- This site is optimized with the Yoast SEO Premium plugin v25.5 (Yoast SEO v27.5) - https:\/\/yoast.com\/product\/yoast-seo-premium-wordpress\/ -->\n<title>Aprova\u00e7\u00e3o do regulamento do IBS: quais os pr\u00f3ximos passos? - Motorista.com.br<\/title>\n<meta name=\"robots\" content=\"index, follow, max-snippet:-1, max-image-preview:large, max-video-preview:-1\" \/>\n<link rel=\"canonical\" href=\"https:\/\/motorista.com.br\/noticias\/2026\/04\/28\/aprovacao-do-regulamento-do-ibs-quais-os-proximos-passos\/\" \/>\n<meta property=\"og:locale\" content=\"pt_BR\" \/>\n<meta property=\"og:type\" content=\"article\" \/>\n<meta property=\"og:title\" content=\"Aprova\u00e7\u00e3o do regulamento do IBS: quais os pr\u00f3ximos passos?\" \/>\n<meta property=\"og:description\" content=\"Na imagem, a reuni\u00e3o do Comit\u00ea Gestor do IBS (realizada em 3.mar.2026) \u2013 Reprodu\u00e7\u00e3o: Ricardo Gon\u00e7alves via Ascom Comsefaz Por\u00a0Bruno Carvalho A recente aprova\u00e7\u00e3o do regulamento do IBS, confirmada pelo Comit\u00ea Gestor em 27 de abril, representa um marco significativo para a mobilidade e a opera\u00e7\u00e3o do setor de transporte. Com a publica\u00e7\u00e3o do regulamento &hellip;\" \/>\n<meta property=\"og:url\" content=\"https:\/\/motorista.com.br\/noticias\/2026\/04\/28\/aprovacao-do-regulamento-do-ibs-quais-os-proximos-passos\/\" \/>\n<meta property=\"og:site_name\" content=\"Motorista.com.br\" \/>\n<meta property=\"article:published_time\" content=\"2026-04-28T15:37:36+00:00\" \/>\n<meta name=\"author\" content=\"Equipe Reda\u00e7\u00e3o\" \/>\n<meta name=\"twitter:card\" content=\"summary_large_image\" \/>\n<meta name=\"twitter:label1\" content=\"Escrito por\" \/>\n\t<meta name=\"twitter:data1\" content=\"Equipe Reda\u00e7\u00e3o\" \/>\n\t<meta name=\"twitter:label2\" content=\"Est. tempo de leitura\" \/>\n\t<meta name=\"twitter:data2\" content=\"3 minutos\" \/>\n\t<meta name=\"twitter:label3\" content=\"Written by\" \/>\n\t<meta name=\"twitter:data3\" content=\"Equipe Reda\u00e7\u00e3o\" \/>\n<script type=\"application\/ld+json\" class=\"yoast-schema-graph\">{\"@context\":\"https:\\\/\\\/schema.org\",\"@graph\":[{\"@type\":\"Article\",\"@id\":\"https:\\\/\\\/motorista.com.br\\\/noticias\\\/2026\\\/04\\\/28\\\/aprovacao-do-regulamento-do-ibs-quais-os-proximos-passos\\\/#article\",\"isPartOf\":{\"@id\":\"https:\\\/\\\/motorista.com.br\\\/noticias\\\/2026\\\/04\\\/28\\\/aprovacao-do-regulamento-do-ibs-quais-os-proximos-passos\\\/\"},\"author\":{\"name\":\"Equipe Reda\u00e7\u00e3o\",\"@id\":\"https:\\\/\\\/motorista.com.br\\\/noticias\\\/#\\\/schema\\\/person\\\/dc93afc2981c0e3ce6bc3c053fd847be\"},\"headline\":\"Aprova\u00e7\u00e3o do regulamento do IBS: quais os pr\u00f3ximos passos?\",\"datePublished\":\"2026-04-28T15:37:36+00:00\",\"mainEntityOfPage\":{\"@id\":\"https:\\\/\\\/motorista.com.br\\\/noticias\\\/2026\\\/04\\\/28\\\/aprovacao-do-regulamento-do-ibs-quais-os-proximos-passos\\\/\"},\"wordCount\":543,\"publisher\":{\"@id\":\"https:\\\/\\\/motorista.com.br\\\/noticias\\\/#organization\"},\"image\":{\"@id\":\"https:\\\/\\\/motorista.com.br\\\/noticias\\\/2026\\\/04\\\/28\\\/aprovacao-do-regulamento-do-ibs-quais-os-proximos-passos\\\/#primaryimage\"},\"thumbnailUrl\":\"https:\\\/\\\/motorista.com.br\\\/noticias\\\/wp-content\\\/uploads\\\/2026\\\/04\\\/comite-gestor-primeira-reuniao.jpeg\",\"articleSection\":[\"Legisla\u00e7\u00e3o\"],\"inLanguage\":\"pt-BR\"},{\"@type\":\"WebPage\",\"@id\":\"https:\\\/\\\/motorista.com.br\\\/noticias\\\/2026\\\/04\\\/28\\\/aprovacao-do-regulamento-do-ibs-quais-os-proximos-passos\\\/\",\"url\":\"https:\\\/\\\/motorista.com.br\\\/noticias\\\/2026\\\/04\\\/28\\\/aprovacao-do-regulamento-do-ibs-quais-os-proximos-passos\\\/\",\"name\":\"Aprova\u00e7\u00e3o do regulamento do IBS: quais os pr\u00f3ximos passos? - Motorista.com.br\",\"isPartOf\":{\"@id\":\"https:\\\/\\\/motorista.com.br\\\/noticias\\\/#website\"},\"primaryImageOfPage\":{\"@id\":\"https:\\\/\\\/motorista.com.br\\\/noticias\\\/2026\\\/04\\\/28\\\/aprovacao-do-regulamento-do-ibs-quais-os-proximos-passos\\\/#primaryimage\"},\"image\":{\"@id\":\"https:\\\/\\\/motorista.com.br\\\/noticias\\\/2026\\\/04\\\/28\\\/aprovacao-do-regulamento-do-ibs-quais-os-proximos-passos\\\/#primaryimage\"},\"thumbnailUrl\":\"https:\\\/\\\/motorista.com.br\\\/noticias\\\/wp-content\\\/uploads\\\/2026\\\/04\\\/comite-gestor-primeira-reuniao.jpeg\",\"datePublished\":\"2026-04-28T15:37:36+00:00\",\"breadcrumb\":{\"@id\":\"https:\\\/\\\/motorista.com.br\\\/noticias\\\/2026\\\/04\\\/28\\\/aprovacao-do-regulamento-do-ibs-quais-os-proximos-passos\\\/#breadcrumb\"},\"inLanguage\":\"pt-BR\",\"potentialAction\":[{\"@type\":\"ReadAction\",\"target\":[\"https:\\\/\\\/motorista.com.br\\\/noticias\\\/2026\\\/04\\\/28\\\/aprovacao-do-regulamento-do-ibs-quais-os-proximos-passos\\\/\"]}]},{\"@type\":\"ImageObject\",\"inLanguage\":\"pt-BR\",\"@id\":\"https:\\\/\\\/motorista.com.br\\\/noticias\\\/2026\\\/04\\\/28\\\/aprovacao-do-regulamento-do-ibs-quais-os-proximos-passos\\\/#primaryimage\",\"url\":\"https:\\\/\\\/motorista.com.br\\\/noticias\\\/wp-content\\\/uploads\\\/2026\\\/04\\\/comite-gestor-primeira-reuniao.jpeg\",\"contentUrl\":\"https:\\\/\\\/motorista.com.br\\\/noticias\\\/wp-content\\\/uploads\\\/2026\\\/04\\\/comite-gestor-primeira-reuniao.jpeg\",\"width\":1320,\"height\":879},{\"@type\":\"BreadcrumbList\",\"@id\":\"https:\\\/\\\/motorista.com.br\\\/noticias\\\/2026\\\/04\\\/28\\\/aprovacao-do-regulamento-do-ibs-quais-os-proximos-passos\\\/#breadcrumb\",\"itemListElement\":[{\"@type\":\"ListItem\",\"position\":1,\"name\":\"In\u00edcio\",\"item\":\"https:\\\/\\\/motorista.com.br\\\/noticias\\\/\"},{\"@type\":\"ListItem\",\"position\":2,\"name\":\"Aprova\u00e7\u00e3o do regulamento do IBS: quais os pr\u00f3ximos passos?\"}]},{\"@type\":\"WebSite\",\"@id\":\"https:\\\/\\\/motorista.com.br\\\/noticias\\\/#website\",\"url\":\"https:\\\/\\\/motorista.com.br\\\/noticias\\\/\",\"name\":\"Motorista.com.br\",\"description\":\"Not\u00edcia do Motorista\",\"publisher\":{\"@id\":\"https:\\\/\\\/motorista.com.br\\\/noticias\\\/#organization\"},\"potentialAction\":[{\"@type\":\"SearchAction\",\"target\":{\"@type\":\"EntryPoint\",\"urlTemplate\":\"https:\\\/\\\/motorista.com.br\\\/noticias\\\/?s={search_term_string}\"},\"query-input\":{\"@type\":\"PropertyValueSpecification\",\"valueRequired\":true,\"valueName\":\"search_term_string\"}}],\"inLanguage\":\"pt-BR\"},{\"@type\":\"Organization\",\"@id\":\"https:\\\/\\\/motorista.com.br\\\/noticias\\\/#organization\",\"name\":\"Motorista.com.br\",\"url\":\"https:\\\/\\\/motorista.com.br\\\/noticias\\\/\",\"logo\":{\"@type\":\"ImageObject\",\"inLanguage\":\"pt-BR\",\"@id\":\"https:\\\/\\\/motorista.com.br\\\/noticias\\\/#\\\/schema\\\/logo\\\/image\\\/\",\"url\":\"https:\\\/\\\/motorista.com.br\\\/noticias\\\/wp-content\\\/uploads\\\/2025\\\/06\\\/Design-sem-nome-9.png\",\"contentUrl\":\"https:\\\/\\\/motorista.com.br\\\/noticias\\\/wp-content\\\/uploads\\\/2025\\\/06\\\/Design-sem-nome-9.png\",\"width\":150,\"height\":85,\"caption\":\"Motorista.com.br\"},\"image\":{\"@id\":\"https:\\\/\\\/motorista.com.br\\\/noticias\\\/#\\\/schema\\\/logo\\\/image\\\/\"}},{\"@type\":\"Person\",\"@id\":\"https:\\\/\\\/motorista.com.br\\\/noticias\\\/#\\\/schema\\\/person\\\/dc93afc2981c0e3ce6bc3c053fd847be\",\"name\":\"Equipe Reda\u00e7\u00e3o\",\"image\":{\"@type\":\"ImageObject\",\"inLanguage\":\"pt-BR\",\"@id\":\"https:\\\/\\\/secure.gravatar.com\\\/avatar\\\/4f525efbf18dd2bb300ccad28bfb99d95a9465a5ba268407c8c37b37e1f28d2d?s=96&d=mm&r=g9e099043a0c61e9ae27e293b9fa75ffc\",\"url\":\"https:\\\/\\\/secure.gravatar.com\\\/avatar\\\/4f525efbf18dd2bb300ccad28bfb99d95a9465a5ba268407c8c37b37e1f28d2d?s=96&d=mm&r=g\",\"contentUrl\":\"https:\\\/\\\/secure.gravatar.com\\\/avatar\\\/4f525efbf18dd2bb300ccad28bfb99d95a9465a5ba268407c8c37b37e1f28d2d?s=96&d=mm&r=g\",\"caption\":\"Equipe Reda\u00e7\u00e3o\"},\"description\":\"Equipe de reda\u00e7\u00e3o \u00e9 um grupo de profissionais que trabalham juntos para criar conte\u00fado escrito para Motorista.com.br\",\"url\":\"https:\\\/\\\/motorista.com.br\\\/noticias\\\/author\\\/equiperedacao\\\/\"}]}<\/script>\n<!-- \/ Yoast SEO Premium plugin. -->","yoast_head_json":{"title":"Aprova\u00e7\u00e3o do regulamento do IBS: quais os pr\u00f3ximos passos? - Motorista.com.br","robots":{"index":"index","follow":"follow","max-snippet":"max-snippet:-1","max-image-preview":"max-image-preview:large","max-video-preview":"max-video-preview:-1"},"canonical":"https:\/\/motorista.com.br\/noticias\/2026\/04\/28\/aprovacao-do-regulamento-do-ibs-quais-os-proximos-passos\/","og_locale":"pt_BR","og_type":"article","og_title":"Aprova\u00e7\u00e3o do regulamento do IBS: quais os pr\u00f3ximos passos?","og_description":"Na imagem, a reuni\u00e3o do Comit\u00ea Gestor do IBS (realizada em 3.mar.2026) \u2013 Reprodu\u00e7\u00e3o: Ricardo Gon\u00e7alves via Ascom Comsefaz Por\u00a0Bruno Carvalho A recente aprova\u00e7\u00e3o do regulamento do IBS, confirmada pelo Comit\u00ea Gestor em 27 de abril, representa um marco significativo para a mobilidade e a opera\u00e7\u00e3o do setor de transporte. Com a publica\u00e7\u00e3o do regulamento &hellip;","og_url":"https:\/\/motorista.com.br\/noticias\/2026\/04\/28\/aprovacao-do-regulamento-do-ibs-quais-os-proximos-passos\/","og_site_name":"Motorista.com.br","article_published_time":"2026-04-28T15:37:36+00:00","author":"Equipe Reda\u00e7\u00e3o","twitter_card":"summary_large_image","twitter_misc":{"Escrito por":"Equipe Reda\u00e7\u00e3o","Est. tempo de leitura":"3 minutos","Written by":"Equipe Reda\u00e7\u00e3o"},"schema":{"@context":"https:\/\/schema.org","@graph":[{"@type":"Article","@id":"https:\/\/motorista.com.br\/noticias\/2026\/04\/28\/aprovacao-do-regulamento-do-ibs-quais-os-proximos-passos\/#article","isPartOf":{"@id":"https:\/\/motorista.com.br\/noticias\/2026\/04\/28\/aprovacao-do-regulamento-do-ibs-quais-os-proximos-passos\/"},"author":{"name":"Equipe Reda\u00e7\u00e3o","@id":"https:\/\/motorista.com.br\/noticias\/#\/schema\/person\/dc93afc2981c0e3ce6bc3c053fd847be"},"headline":"Aprova\u00e7\u00e3o do regulamento do IBS: quais os pr\u00f3ximos passos?","datePublished":"2026-04-28T15:37:36+00:00","mainEntityOfPage":{"@id":"https:\/\/motorista.com.br\/noticias\/2026\/04\/28\/aprovacao-do-regulamento-do-ibs-quais-os-proximos-passos\/"},"wordCount":543,"publisher":{"@id":"https:\/\/motorista.com.br\/noticias\/#organization"},"image":{"@id":"https:\/\/motorista.com.br\/noticias\/2026\/04\/28\/aprovacao-do-regulamento-do-ibs-quais-os-proximos-passos\/#primaryimage"},"thumbnailUrl":"https:\/\/motorista.com.br\/noticias\/wp-content\/uploads\/2026\/04\/comite-gestor-primeira-reuniao.jpeg","articleSection":["Legisla\u00e7\u00e3o"],"inLanguage":"pt-BR"},{"@type":"WebPage","@id":"https:\/\/motorista.com.br\/noticias\/2026\/04\/28\/aprovacao-do-regulamento-do-ibs-quais-os-proximos-passos\/","url":"https:\/\/motorista.com.br\/noticias\/2026\/04\/28\/aprovacao-do-regulamento-do-ibs-quais-os-proximos-passos\/","name":"Aprova\u00e7\u00e3o do regulamento do IBS: quais os pr\u00f3ximos passos? - Motorista.com.br","isPartOf":{"@id":"https:\/\/motorista.com.br\/noticias\/#website"},"primaryImageOfPage":{"@id":"https:\/\/motorista.com.br\/noticias\/2026\/04\/28\/aprovacao-do-regulamento-do-ibs-quais-os-proximos-passos\/#primaryimage"},"image":{"@id":"https:\/\/motorista.com.br\/noticias\/2026\/04\/28\/aprovacao-do-regulamento-do-ibs-quais-os-proximos-passos\/#primaryimage"},"thumbnailUrl":"https:\/\/motorista.com.br\/noticias\/wp-content\/uploads\/2026\/04\/comite-gestor-primeira-reuniao.jpeg","datePublished":"2026-04-28T15:37:36+00:00","breadcrumb":{"@id":"https:\/\/motorista.com.br\/noticias\/2026\/04\/28\/aprovacao-do-regulamento-do-ibs-quais-os-proximos-passos\/#breadcrumb"},"inLanguage":"pt-BR","potentialAction":[{"@type":"ReadAction","target":["https:\/\/motorista.com.br\/noticias\/2026\/04\/28\/aprovacao-do-regulamento-do-ibs-quais-os-proximos-passos\/"]}]},{"@type":"ImageObject","inLanguage":"pt-BR","@id":"https:\/\/motorista.com.br\/noticias\/2026\/04\/28\/aprovacao-do-regulamento-do-ibs-quais-os-proximos-passos\/#primaryimage","url":"https:\/\/motorista.com.br\/noticias\/wp-content\/uploads\/2026\/04\/comite-gestor-primeira-reuniao.jpeg","contentUrl":"https:\/\/motorista.com.br\/noticias\/wp-content\/uploads\/2026\/04\/comite-gestor-primeira-reuniao.jpeg","width":1320,"height":879},{"@type":"BreadcrumbList","@id":"https:\/\/motorista.com.br\/noticias\/2026\/04\/28\/aprovacao-do-regulamento-do-ibs-quais-os-proximos-passos\/#breadcrumb","itemListElement":[{"@type":"ListItem","position":1,"name":"In\u00edcio","item":"https:\/\/motorista.com.br\/noticias\/"},{"@type":"ListItem","position":2,"name":"Aprova\u00e7\u00e3o do regulamento do IBS: quais os pr\u00f3ximos passos?"}]},{"@type":"WebSite","@id":"https:\/\/motorista.com.br\/noticias\/#website","url":"https:\/\/motorista.com.br\/noticias\/","name":"Motorista.com.br","description":"Not\u00edcia do Motorista","publisher":{"@id":"https:\/\/motorista.com.br\/noticias\/#organization"},"potentialAction":[{"@type":"SearchAction","target":{"@type":"EntryPoint","urlTemplate":"https:\/\/motorista.com.br\/noticias\/?s={search_term_string}"},"query-input":{"@type":"PropertyValueSpecification","valueRequired":true,"valueName":"search_term_string"}}],"inLanguage":"pt-BR"},{"@type":"Organization","@id":"https:\/\/motorista.com.br\/noticias\/#organization","name":"Motorista.com.br","url":"https:\/\/motorista.com.br\/noticias\/","logo":{"@type":"ImageObject","inLanguage":"pt-BR","@id":"https:\/\/motorista.com.br\/noticias\/#\/schema\/logo\/image\/","url":"https:\/\/motorista.com.br\/noticias\/wp-content\/uploads\/2025\/06\/Design-sem-nome-9.png","contentUrl":"https:\/\/motorista.com.br\/noticias\/wp-content\/uploads\/2025\/06\/Design-sem-nome-9.png","width":150,"height":85,"caption":"Motorista.com.br"},"image":{"@id":"https:\/\/motorista.com.br\/noticias\/#\/schema\/logo\/image\/"}},{"@type":"Person","@id":"https:\/\/motorista.com.br\/noticias\/#\/schema\/person\/dc93afc2981c0e3ce6bc3c053fd847be","name":"Equipe Reda\u00e7\u00e3o","image":{"@type":"ImageObject","inLanguage":"pt-BR","@id":"https:\/\/secure.gravatar.com\/avatar\/4f525efbf18dd2bb300ccad28bfb99d95a9465a5ba268407c8c37b37e1f28d2d?s=96&d=mm&r=g9e099043a0c61e9ae27e293b9fa75ffc","url":"https:\/\/secure.gravatar.com\/avatar\/4f525efbf18dd2bb300ccad28bfb99d95a9465a5ba268407c8c37b37e1f28d2d?s=96&d=mm&r=g","contentUrl":"https:\/\/secure.gravatar.com\/avatar\/4f525efbf18dd2bb300ccad28bfb99d95a9465a5ba268407c8c37b37e1f28d2d?s=96&d=mm&r=g","caption":"Equipe Reda\u00e7\u00e3o"},"description":"Equipe de reda\u00e7\u00e3o \u00e9 um grupo de profissionais que trabalham juntos para criar conte\u00fado escrito para Motorista.com.br","url":"https:\/\/motorista.com.br\/noticias\/author\/equiperedacao\/"}]}},"_links":{"self":[{"href":"https:\/\/motorista.com.br\/noticias\/wp-json\/wp\/v2\/posts\/9266","targetHints":{"allow":["GET"]}}],"collection":[{"href":"https:\/\/motorista.com.br\/noticias\/wp-json\/wp\/v2\/posts"}],"about":[{"href":"https:\/\/motorista.com.br\/noticias\/wp-json\/wp\/v2\/types\/post"}],"author":[{"embeddable":true,"href":"https:\/\/motorista.com.br\/noticias\/wp-json\/wp\/v2\/users\/4"}],"replies":[{"embeddable":true,"href":"https:\/\/motorista.com.br\/noticias\/wp-json\/wp\/v2\/comments?post=9266"}],"version-history":[{"count":0,"href":"https:\/\/motorista.com.br\/noticias\/wp-json\/wp\/v2\/posts\/9266\/revisions"}],"wp:featuredmedia":[{"embeddable":true,"href":"https:\/\/motorista.com.br\/noticias\/wp-json\/wp\/v2\/media\/9267"}],"wp:attachment":[{"href":"https:\/\/motorista.com.br\/noticias\/wp-json\/wp\/v2\/media?parent=9266"}],"wp:term":[{"taxonomy":"category","embeddable":true,"href":"https:\/\/motorista.com.br\/noticias\/wp-json\/wp\/v2\/categories?post=9266"},{"taxonomy":"post_tag","embeddable":true,"href":"https:\/\/motorista.com.br\/noticias\/wp-json\/wp\/v2\/tags?post=9266"},{"taxonomy":"author","embeddable":true,"href":"https:\/\/motorista.com.br\/noticias\/wp-json\/wp\/v2\/coauthors?post=9266"}],"curies":[{"name":"wp","href":"https:\/\/api.w.org\/{rel}","templated":true}]}}