{"id":9264,"date":"2026-04-28T12:31:01","date_gmt":"2026-04-28T15:31:01","guid":{"rendered":"https:\/\/motorista.com.br\/noticias\/2026\/04\/28\/suspensao-de-multas-por-200-dias-confirmada-pelo-ministerio\/"},"modified":"2026-04-28T12:31:01","modified_gmt":"2026-04-28T15:31:01","slug":"suspensao-de-multas-por-200-dias-confirmada-pelo-ministerio","status":"publish","type":"post","link":"https:\/\/motorista.com.br\/noticias\/2026\/04\/28\/suspensao-de-multas-por-200-dias-confirmada-pelo-ministerio\/","title":{"rendered":"Suspens\u00e3o de multas por 200 dias confirmada pelo Minist\u00e9rio"},"content":{"rendered":"<p><\/p>\n<p><strong>Free Flow: Minist\u00e9rio Confirma Resolu\u00e7\u00e3o que Suspende Multas por 200 Dias<\/strong><\/p>\n<p>O ministro dos Transportes, George Santoro, anunciou a publica\u00e7\u00e3o de uma resolu\u00e7\u00e3o do Contran (Conselho Nacional de Tr\u00e2nsito) que institui um per\u00edodo de 200 dias para a suspens\u00e3o das multas relacionadas ao sistema de free flow, o ped\u00e1gio sem cancelas, em todo o Brasil. Durante esse prazo, que se estende at\u00e9 16 de novembro, os motoristas poder\u00e3o realizar o pagamento das tarifas sem enfrentar a penalidade de R$ 195,23, que \u00e9 aplicada quando o d\u00e9bito n\u00e3o \u00e9 quitado em at\u00e9 30 dias. At\u00e9 o momento, j\u00e1 fueron registradas aproximadamente 3,4 milh\u00f5es de multas.<\/p>\n<p>Os motoristas que j\u00e1 foram multados poder\u00e3o se livrar da san\u00e7\u00e3o financeira ao comprovar o pagamento dentro desse per\u00edodo. Aqueles que j\u00e1 pagaram a multa, mas conseguem comprovar que est\u00e3o em dia com o ped\u00e1gio, poder\u00e3o solicitar o ressarcimento ao governo. A resolu\u00e7\u00e3o est\u00e1 prevista para ser publicada em breve, na quarta-feira (29).<\/p>\n<p>Durante os 200 dias, ser\u00e3o estabelecidos 100 dias para que as concession\u00e1rias integrem os dados, o que permitir\u00e1 que as informa\u00e7\u00f5es de cobran\u00e7a sejam acessadas por meio da Carteira Digital de Tr\u00e2nsito. Os outros 100 dias ser\u00e3o destinados \u00e0 adapta\u00e7\u00e3o dos usu\u00e1rios a esse novo sistema. A partir de 17 de novembro, aqueles que tiverem tarifas em aberto ter\u00e3o que pagar tanto o ped\u00e1gio quanto a multa por atraso.<\/p>\n<h3>Impactos e Benef\u00edcios para os Motoristas e a Mobilidade<\/h3>\n<p>Essa iniciativa traz uma s\u00e9rie de benef\u00edcios significativos para os motoristas e para a mobilidade urbana em geral. A suspens\u00e3o tempor\u00e1ria das multas n\u00e3o apenas alivia a press\u00e3o financeira sobre os motoristas, mas tamb\u00e9m oferece uma oportunidade de adapta\u00e7\u00e3o a um novo sistema que promete facilitar o pagamento das tarifas de ped\u00e1gio. Com a integra\u00e7\u00e3o dos dados, os motoristas poder\u00e3o acessar informa\u00e7\u00f5es diretamente pela Carteira Digital de Tr\u00e2nsito, simplificando a experi\u00eancia e reduzindo a burocracia.<\/p>\n<p>Al\u00e9m disso, ao oferecer um per\u00edodo de gra\u00e7a para regulariza\u00e7\u00e3o dos d\u00e9bitos, o governo incentiva os motoristas a se manterem em dia, o que pode resultar em um aumento na arrecada\u00e7\u00e3o dos ped\u00e1gios a longo prazo. Essa arrecada\u00e7\u00e3o \u00e9 fundamental para a manuten\u00e7\u00e3o e melhoria das infraestruturas de transporte, impactando positivamente a mobilidade geral e a qualidade das vias.<\/p>\n<p>Por fim, essa a\u00e7\u00e3o pode ajudar a reduzir a abrupta penaliza\u00e7\u00e3o de motoristas que, muitas vezes, enfrentam dificuldades financeiras. Ao promover uma abordagem mais compreensiva e menos punitiva, o minist\u00e9rio contribui para um ambiente de tr\u00e2nsito mais justo e acess\u00edvel para todos, fomentando a conformidade entre os usu\u00e1rios das vias.<\/p>\n","protected":false},"excerpt":{"rendered":"<p>Free Flow: Minist\u00e9rio Confirma Resolu\u00e7\u00e3o que Suspende Multas por 200 Dias O ministro dos Transportes, George Santoro, anunciou a publica\u00e7\u00e3o de uma resolu\u00e7\u00e3o do Contran (Conselho Nacional de Tr\u00e2nsito) que institui um per\u00edodo de 200 dias para a suspens\u00e3o das multas relacionadas ao sistema de free flow, o ped\u00e1gio sem cancelas, em todo o Brasil. &hellip;<\/p>\n","protected":false},"author":4,"featured_media":9265,"comment_status":"","ping_status":"open","sticky":false,"template":"","format":"standard","meta":{"footnotes":""},"categories":[45],"tags":[],"coauthors":[42],"class_list":["post-9264","post","type-post","status-publish","format-standard","has-post-thumbnail","hentry","category-mundo"],"yoast_head":"<!-- This site is optimized with the Yoast SEO Premium plugin v25.5 (Yoast SEO v27.5) - https:\/\/yoast.com\/product\/yoast-seo-premium-wordpress\/ -->\n<title>Suspens\u00e3o de multas por 200 dias confirmada pelo Minist\u00e9rio - Motorista.com.br<\/title>\n<meta name=\"robots\" content=\"index, follow, max-snippet:-1, max-image-preview:large, max-video-preview:-1\" \/>\n<link rel=\"canonical\" href=\"https:\/\/motorista.com.br\/noticias\/2026\/04\/28\/suspensao-de-multas-por-200-dias-confirmada-pelo-ministerio\/\" \/>\n<meta property=\"og:locale\" content=\"pt_BR\" \/>\n<meta property=\"og:type\" content=\"article\" \/>\n<meta property=\"og:title\" content=\"Suspens\u00e3o de multas por 200 dias confirmada pelo Minist\u00e9rio\" \/>\n<meta property=\"og:description\" content=\"Free Flow: Minist\u00e9rio Confirma Resolu\u00e7\u00e3o que Suspende Multas por 200 Dias O ministro dos Transportes, George Santoro, anunciou a publica\u00e7\u00e3o de uma resolu\u00e7\u00e3o do Contran (Conselho Nacional de Tr\u00e2nsito) que institui um per\u00edodo de 200 dias para a suspens\u00e3o das multas relacionadas ao sistema de free flow, o ped\u00e1gio sem cancelas, em todo o Brasil. &hellip;\" \/>\n<meta property=\"og:url\" content=\"https:\/\/motorista.com.br\/noticias\/2026\/04\/28\/suspensao-de-multas-por-200-dias-confirmada-pelo-ministerio\/\" \/>\n<meta property=\"og:site_name\" content=\"Motorista.com.br\" \/>\n<meta property=\"article:published_time\" content=\"2026-04-28T15:31:01+00:00\" \/>\n<meta name=\"author\" content=\"Equipe Reda\u00e7\u00e3o\" \/>\n<meta name=\"twitter:card\" content=\"summary_large_image\" \/>\n<meta name=\"twitter:label1\" content=\"Escrito por\" \/>\n\t<meta name=\"twitter:data1\" content=\"Equipe Reda\u00e7\u00e3o\" \/>\n\t<meta name=\"twitter:label2\" content=\"Est. tempo de leitura\" \/>\n\t<meta name=\"twitter:data2\" content=\"2 minutos\" \/>\n\t<meta name=\"twitter:label3\" content=\"Written by\" \/>\n\t<meta name=\"twitter:data3\" content=\"Equipe Reda\u00e7\u00e3o\" \/>\n<script type=\"application\/ld+json\" class=\"yoast-schema-graph\">{\"@context\":\"https:\\\/\\\/schema.org\",\"@graph\":[{\"@type\":\"Article\",\"@id\":\"https:\\\/\\\/motorista.com.br\\\/noticias\\\/2026\\\/04\\\/28\\\/suspensao-de-multas-por-200-dias-confirmada-pelo-ministerio\\\/#article\",\"isPartOf\":{\"@id\":\"https:\\\/\\\/motorista.com.br\\\/noticias\\\/2026\\\/04\\\/28\\\/suspensao-de-multas-por-200-dias-confirmada-pelo-ministerio\\\/\"},\"author\":{\"name\":\"Equipe Reda\u00e7\u00e3o\",\"@id\":\"https:\\\/\\\/motorista.com.br\\\/noticias\\\/#\\\/schema\\\/person\\\/dc93afc2981c0e3ce6bc3c053fd847be\"},\"headline\":\"Suspens\u00e3o de multas por 200 dias confirmada pelo Minist\u00e9rio\",\"datePublished\":\"2026-04-28T15:31:01+00:00\",\"mainEntityOfPage\":{\"@id\":\"https:\\\/\\\/motorista.com.br\\\/noticias\\\/2026\\\/04\\\/28\\\/suspensao-de-multas-por-200-dias-confirmada-pelo-ministerio\\\/\"},\"wordCount\":473,\"publisher\":{\"@id\":\"https:\\\/\\\/motorista.com.br\\\/noticias\\\/#organization\"},\"image\":{\"@id\":\"https:\\\/\\\/motorista.com.br\\\/noticias\\\/2026\\\/04\\\/28\\\/suspensao-de-multas-por-200-dias-confirmada-pelo-ministerio\\\/#primaryimage\"},\"thumbnailUrl\":\"https:\\\/\\\/motorista.com.br\\\/noticias\\\/wp-content\\\/uploads\\\/2026\\\/04\\\/george-santoro-foto-marcio_ferreira-MT-.jpg\",\"articleSection\":[\"Mundo\"],\"inLanguage\":\"pt-BR\"},{\"@type\":\"WebPage\",\"@id\":\"https:\\\/\\\/motorista.com.br\\\/noticias\\\/2026\\\/04\\\/28\\\/suspensao-de-multas-por-200-dias-confirmada-pelo-ministerio\\\/\",\"url\":\"https:\\\/\\\/motorista.com.br\\\/noticias\\\/2026\\\/04\\\/28\\\/suspensao-de-multas-por-200-dias-confirmada-pelo-ministerio\\\/\",\"name\":\"Suspens\u00e3o de multas por 200 dias confirmada pelo Minist\u00e9rio - Motorista.com.br\",\"isPartOf\":{\"@id\":\"https:\\\/\\\/motorista.com.br\\\/noticias\\\/#website\"},\"primaryImageOfPage\":{\"@id\":\"https:\\\/\\\/motorista.com.br\\\/noticias\\\/2026\\\/04\\\/28\\\/suspensao-de-multas-por-200-dias-confirmada-pelo-ministerio\\\/#primaryimage\"},\"image\":{\"@id\":\"https:\\\/\\\/motorista.com.br\\\/noticias\\\/2026\\\/04\\\/28\\\/suspensao-de-multas-por-200-dias-confirmada-pelo-ministerio\\\/#primaryimage\"},\"thumbnailUrl\":\"https:\\\/\\\/motorista.com.br\\\/noticias\\\/wp-content\\\/uploads\\\/2026\\\/04\\\/george-santoro-foto-marcio_ferreira-MT-.jpg\",\"datePublished\":\"2026-04-28T15:31:01+00:00\",\"breadcrumb\":{\"@id\":\"https:\\\/\\\/motorista.com.br\\\/noticias\\\/2026\\\/04\\\/28\\\/suspensao-de-multas-por-200-dias-confirmada-pelo-ministerio\\\/#breadcrumb\"},\"inLanguage\":\"pt-BR\",\"potentialAction\":[{\"@type\":\"ReadAction\",\"target\":[\"https:\\\/\\\/motorista.com.br\\\/noticias\\\/2026\\\/04\\\/28\\\/suspensao-de-multas-por-200-dias-confirmada-pelo-ministerio\\\/\"]}]},{\"@type\":\"ImageObject\",\"inLanguage\":\"pt-BR\",\"@id\":\"https:\\\/\\\/motorista.com.br\\\/noticias\\\/2026\\\/04\\\/28\\\/suspensao-de-multas-por-200-dias-confirmada-pelo-ministerio\\\/#primaryimage\",\"url\":\"https:\\\/\\\/motorista.com.br\\\/noticias\\\/wp-content\\\/uploads\\\/2026\\\/04\\\/george-santoro-foto-marcio_ferreira-MT-.jpg\",\"contentUrl\":\"https:\\\/\\\/motorista.com.br\\\/noticias\\\/wp-content\\\/uploads\\\/2026\\\/04\\\/george-santoro-foto-marcio_ferreira-MT-.jpg\",\"width\":1280,\"height\":853},{\"@type\":\"BreadcrumbList\",\"@id\":\"https:\\\/\\\/motorista.com.br\\\/noticias\\\/2026\\\/04\\\/28\\\/suspensao-de-multas-por-200-dias-confirmada-pelo-ministerio\\\/#breadcrumb\",\"itemListElement\":[{\"@type\":\"ListItem\",\"position\":1,\"name\":\"In\u00edcio\",\"item\":\"https:\\\/\\\/motorista.com.br\\\/noticias\\\/\"},{\"@type\":\"ListItem\",\"position\":2,\"name\":\"Suspens\u00e3o de multas por 200 dias confirmada pelo Minist\u00e9rio\"}]},{\"@type\":\"WebSite\",\"@id\":\"https:\\\/\\\/motorista.com.br\\\/noticias\\\/#website\",\"url\":\"https:\\\/\\\/motorista.com.br\\\/noticias\\\/\",\"name\":\"Motorista.com.br\",\"description\":\"Not\u00edcia do Motorista\",\"publisher\":{\"@id\":\"https:\\\/\\\/motorista.com.br\\\/noticias\\\/#organization\"},\"potentialAction\":[{\"@type\":\"SearchAction\",\"target\":{\"@type\":\"EntryPoint\",\"urlTemplate\":\"https:\\\/\\\/motorista.com.br\\\/noticias\\\/?s={search_term_string}\"},\"query-input\":{\"@type\":\"PropertyValueSpecification\",\"valueRequired\":true,\"valueName\":\"search_term_string\"}}],\"inLanguage\":\"pt-BR\"},{\"@type\":\"Organization\",\"@id\":\"https:\\\/\\\/motorista.com.br\\\/noticias\\\/#organization\",\"name\":\"Motorista.com.br\",\"url\":\"https:\\\/\\\/motorista.com.br\\\/noticias\\\/\",\"logo\":{\"@type\":\"ImageObject\",\"inLanguage\":\"pt-BR\",\"@id\":\"https:\\\/\\\/motorista.com.br\\\/noticias\\\/#\\\/schema\\\/logo\\\/image\\\/\",\"url\":\"https:\\\/\\\/motorista.com.br\\\/noticias\\\/wp-content\\\/uploads\\\/2025\\\/06\\\/Design-sem-nome-9.png\",\"contentUrl\":\"https:\\\/\\\/motorista.com.br\\\/noticias\\\/wp-content\\\/uploads\\\/2025\\\/06\\\/Design-sem-nome-9.png\",\"width\":150,\"height\":85,\"caption\":\"Motorista.com.br\"},\"image\":{\"@id\":\"https:\\\/\\\/motorista.com.br\\\/noticias\\\/#\\\/schema\\\/logo\\\/image\\\/\"}},{\"@type\":\"Person\",\"@id\":\"https:\\\/\\\/motorista.com.br\\\/noticias\\\/#\\\/schema\\\/person\\\/dc93afc2981c0e3ce6bc3c053fd847be\",\"name\":\"Equipe Reda\u00e7\u00e3o\",\"image\":{\"@type\":\"ImageObject\",\"inLanguage\":\"pt-BR\",\"@id\":\"https:\\\/\\\/secure.gravatar.com\\\/avatar\\\/4f525efbf18dd2bb300ccad28bfb99d95a9465a5ba268407c8c37b37e1f28d2d?s=96&d=mm&r=g9e099043a0c61e9ae27e293b9fa75ffc\",\"url\":\"https:\\\/\\\/secure.gravatar.com\\\/avatar\\\/4f525efbf18dd2bb300ccad28bfb99d95a9465a5ba268407c8c37b37e1f28d2d?s=96&d=mm&r=g\",\"contentUrl\":\"https:\\\/\\\/secure.gravatar.com\\\/avatar\\\/4f525efbf18dd2bb300ccad28bfb99d95a9465a5ba268407c8c37b37e1f28d2d?s=96&d=mm&r=g\",\"caption\":\"Equipe Reda\u00e7\u00e3o\"},\"description\":\"Equipe de reda\u00e7\u00e3o \u00e9 um grupo de profissionais que trabalham juntos para criar conte\u00fado escrito para Motorista.com.br\",\"url\":\"https:\\\/\\\/motorista.com.br\\\/noticias\\\/author\\\/equiperedacao\\\/\"}]}<\/script>\n<!-- \/ Yoast SEO Premium plugin. -->","yoast_head_json":{"title":"Suspens\u00e3o de multas por 200 dias confirmada pelo Minist\u00e9rio - Motorista.com.br","robots":{"index":"index","follow":"follow","max-snippet":"max-snippet:-1","max-image-preview":"max-image-preview:large","max-video-preview":"max-video-preview:-1"},"canonical":"https:\/\/motorista.com.br\/noticias\/2026\/04\/28\/suspensao-de-multas-por-200-dias-confirmada-pelo-ministerio\/","og_locale":"pt_BR","og_type":"article","og_title":"Suspens\u00e3o de multas por 200 dias confirmada pelo Minist\u00e9rio","og_description":"Free Flow: Minist\u00e9rio Confirma Resolu\u00e7\u00e3o que Suspende Multas por 200 Dias O ministro dos Transportes, George Santoro, anunciou a publica\u00e7\u00e3o de uma resolu\u00e7\u00e3o do Contran (Conselho Nacional de Tr\u00e2nsito) que institui um per\u00edodo de 200 dias para a suspens\u00e3o das multas relacionadas ao sistema de free flow, o ped\u00e1gio sem cancelas, em todo o Brasil. &hellip;","og_url":"https:\/\/motorista.com.br\/noticias\/2026\/04\/28\/suspensao-de-multas-por-200-dias-confirmada-pelo-ministerio\/","og_site_name":"Motorista.com.br","article_published_time":"2026-04-28T15:31:01+00:00","author":"Equipe Reda\u00e7\u00e3o","twitter_card":"summary_large_image","twitter_misc":{"Escrito por":"Equipe Reda\u00e7\u00e3o","Est. tempo de leitura":"2 minutos","Written by":"Equipe Reda\u00e7\u00e3o"},"schema":{"@context":"https:\/\/schema.org","@graph":[{"@type":"Article","@id":"https:\/\/motorista.com.br\/noticias\/2026\/04\/28\/suspensao-de-multas-por-200-dias-confirmada-pelo-ministerio\/#article","isPartOf":{"@id":"https:\/\/motorista.com.br\/noticias\/2026\/04\/28\/suspensao-de-multas-por-200-dias-confirmada-pelo-ministerio\/"},"author":{"name":"Equipe Reda\u00e7\u00e3o","@id":"https:\/\/motorista.com.br\/noticias\/#\/schema\/person\/dc93afc2981c0e3ce6bc3c053fd847be"},"headline":"Suspens\u00e3o de multas por 200 dias confirmada pelo Minist\u00e9rio","datePublished":"2026-04-28T15:31:01+00:00","mainEntityOfPage":{"@id":"https:\/\/motorista.com.br\/noticias\/2026\/04\/28\/suspensao-de-multas-por-200-dias-confirmada-pelo-ministerio\/"},"wordCount":473,"publisher":{"@id":"https:\/\/motorista.com.br\/noticias\/#organization"},"image":{"@id":"https:\/\/motorista.com.br\/noticias\/2026\/04\/28\/suspensao-de-multas-por-200-dias-confirmada-pelo-ministerio\/#primaryimage"},"thumbnailUrl":"https:\/\/motorista.com.br\/noticias\/wp-content\/uploads\/2026\/04\/george-santoro-foto-marcio_ferreira-MT-.jpg","articleSection":["Mundo"],"inLanguage":"pt-BR"},{"@type":"WebPage","@id":"https:\/\/motorista.com.br\/noticias\/2026\/04\/28\/suspensao-de-multas-por-200-dias-confirmada-pelo-ministerio\/","url":"https:\/\/motorista.com.br\/noticias\/2026\/04\/28\/suspensao-de-multas-por-200-dias-confirmada-pelo-ministerio\/","name":"Suspens\u00e3o de multas por 200 dias confirmada pelo Minist\u00e9rio - Motorista.com.br","isPartOf":{"@id":"https:\/\/motorista.com.br\/noticias\/#website"},"primaryImageOfPage":{"@id":"https:\/\/motorista.com.br\/noticias\/2026\/04\/28\/suspensao-de-multas-por-200-dias-confirmada-pelo-ministerio\/#primaryimage"},"image":{"@id":"https:\/\/motorista.com.br\/noticias\/2026\/04\/28\/suspensao-de-multas-por-200-dias-confirmada-pelo-ministerio\/#primaryimage"},"thumbnailUrl":"https:\/\/motorista.com.br\/noticias\/wp-content\/uploads\/2026\/04\/george-santoro-foto-marcio_ferreira-MT-.jpg","datePublished":"2026-04-28T15:31:01+00:00","breadcrumb":{"@id":"https:\/\/motorista.com.br\/noticias\/2026\/04\/28\/suspensao-de-multas-por-200-dias-confirmada-pelo-ministerio\/#breadcrumb"},"inLanguage":"pt-BR","potentialAction":[{"@type":"ReadAction","target":["https:\/\/motorista.com.br\/noticias\/2026\/04\/28\/suspensao-de-multas-por-200-dias-confirmada-pelo-ministerio\/"]}]},{"@type":"ImageObject","inLanguage":"pt-BR","@id":"https:\/\/motorista.com.br\/noticias\/2026\/04\/28\/suspensao-de-multas-por-200-dias-confirmada-pelo-ministerio\/#primaryimage","url":"https:\/\/motorista.com.br\/noticias\/wp-content\/uploads\/2026\/04\/george-santoro-foto-marcio_ferreira-MT-.jpg","contentUrl":"https:\/\/motorista.com.br\/noticias\/wp-content\/uploads\/2026\/04\/george-santoro-foto-marcio_ferreira-MT-.jpg","width":1280,"height":853},{"@type":"BreadcrumbList","@id":"https:\/\/motorista.com.br\/noticias\/2026\/04\/28\/suspensao-de-multas-por-200-dias-confirmada-pelo-ministerio\/#breadcrumb","itemListElement":[{"@type":"ListItem","position":1,"name":"In\u00edcio","item":"https:\/\/motorista.com.br\/noticias\/"},{"@type":"ListItem","position":2,"name":"Suspens\u00e3o de multas por 200 dias confirmada pelo Minist\u00e9rio"}]},{"@type":"WebSite","@id":"https:\/\/motorista.com.br\/noticias\/#website","url":"https:\/\/motorista.com.br\/noticias\/","name":"Motorista.com.br","description":"Not\u00edcia do Motorista","publisher":{"@id":"https:\/\/motorista.com.br\/noticias\/#organization"},"potentialAction":[{"@type":"SearchAction","target":{"@type":"EntryPoint","urlTemplate":"https:\/\/motorista.com.br\/noticias\/?s={search_term_string}"},"query-input":{"@type":"PropertyValueSpecification","valueRequired":true,"valueName":"search_term_string"}}],"inLanguage":"pt-BR"},{"@type":"Organization","@id":"https:\/\/motorista.com.br\/noticias\/#organization","name":"Motorista.com.br","url":"https:\/\/motorista.com.br\/noticias\/","logo":{"@type":"ImageObject","inLanguage":"pt-BR","@id":"https:\/\/motorista.com.br\/noticias\/#\/schema\/logo\/image\/","url":"https:\/\/motorista.com.br\/noticias\/wp-content\/uploads\/2025\/06\/Design-sem-nome-9.png","contentUrl":"https:\/\/motorista.com.br\/noticias\/wp-content\/uploads\/2025\/06\/Design-sem-nome-9.png","width":150,"height":85,"caption":"Motorista.com.br"},"image":{"@id":"https:\/\/motorista.com.br\/noticias\/#\/schema\/logo\/image\/"}},{"@type":"Person","@id":"https:\/\/motorista.com.br\/noticias\/#\/schema\/person\/dc93afc2981c0e3ce6bc3c053fd847be","name":"Equipe Reda\u00e7\u00e3o","image":{"@type":"ImageObject","inLanguage":"pt-BR","@id":"https:\/\/secure.gravatar.com\/avatar\/4f525efbf18dd2bb300ccad28bfb99d95a9465a5ba268407c8c37b37e1f28d2d?s=96&d=mm&r=g9e099043a0c61e9ae27e293b9fa75ffc","url":"https:\/\/secure.gravatar.com\/avatar\/4f525efbf18dd2bb300ccad28bfb99d95a9465a5ba268407c8c37b37e1f28d2d?s=96&d=mm&r=g","contentUrl":"https:\/\/secure.gravatar.com\/avatar\/4f525efbf18dd2bb300ccad28bfb99d95a9465a5ba268407c8c37b37e1f28d2d?s=96&d=mm&r=g","caption":"Equipe Reda\u00e7\u00e3o"},"description":"Equipe de reda\u00e7\u00e3o \u00e9 um grupo de profissionais que trabalham juntos para criar conte\u00fado escrito para Motorista.com.br","url":"https:\/\/motorista.com.br\/noticias\/author\/equiperedacao\/"}]}},"_links":{"self":[{"href":"https:\/\/motorista.com.br\/noticias\/wp-json\/wp\/v2\/posts\/9264","targetHints":{"allow":["GET"]}}],"collection":[{"href":"https:\/\/motorista.com.br\/noticias\/wp-json\/wp\/v2\/posts"}],"about":[{"href":"https:\/\/motorista.com.br\/noticias\/wp-json\/wp\/v2\/types\/post"}],"author":[{"embeddable":true,"href":"https:\/\/motorista.com.br\/noticias\/wp-json\/wp\/v2\/users\/4"}],"replies":[{"embeddable":true,"href":"https:\/\/motorista.com.br\/noticias\/wp-json\/wp\/v2\/comments?post=9264"}],"version-history":[{"count":0,"href":"https:\/\/motorista.com.br\/noticias\/wp-json\/wp\/v2\/posts\/9264\/revisions"}],"wp:featuredmedia":[{"embeddable":true,"href":"https:\/\/motorista.com.br\/noticias\/wp-json\/wp\/v2\/media\/9265"}],"wp:attachment":[{"href":"https:\/\/motorista.com.br\/noticias\/wp-json\/wp\/v2\/media?parent=9264"}],"wp:term":[{"taxonomy":"category","embeddable":true,"href":"https:\/\/motorista.com.br\/noticias\/wp-json\/wp\/v2\/categories?post=9264"},{"taxonomy":"post_tag","embeddable":true,"href":"https:\/\/motorista.com.br\/noticias\/wp-json\/wp\/v2\/tags?post=9264"},{"taxonomy":"author","embeddable":true,"href":"https:\/\/motorista.com.br\/noticias\/wp-json\/wp\/v2\/coauthors?post=9264"}],"curies":[{"name":"wp","href":"https:\/\/api.w.org\/{rel}","templated":true}]}}