{"id":9260,"date":"2026-04-28T08:29:15","date_gmt":"2026-04-28T11:29:15","guid":{"rendered":"https:\/\/motorista.com.br\/noticias\/2026\/04\/28\/ataque-em-libano-resulta-em-morte-de-mae-e-filho-brasileiros\/"},"modified":"2026-04-28T08:29:15","modified_gmt":"2026-04-28T11:29:15","slug":"ataque-em-libano-resulta-em-morte-de-mae-e-filho-brasileiros","status":"publish","type":"post","link":"https:\/\/motorista.com.br\/noticias\/2026\/04\/28\/ataque-em-libano-resulta-em-morte-de-mae-e-filho-brasileiros\/","title":{"rendered":"Ataque em L\u00edbano resulta em morte de m\u00e3e e filho brasileiros."},"content":{"rendered":"<p>O Itamaraty confirmou que duas brasileiras, uma mulher e uma crian\u00e7a de apenas 11 anos, foram mortas em um ataque israelense em Bint Jeil, no sul do L\u00edbano, no \u00faltimo domingo (26\/04). A trag\u00e9dia, que tamb\u00e9m levou \u00e0 morte do pai da crian\u00e7a, um liban\u00eas, evidencia a crueldade do conflito na regi\u00e3o e seus impactos diretos sobre civis inocentes. Al\u00e9m disso, outro filho do casal permanece hospitalizado.<\/p>\n<p>As v\u00edtimas, Manal Jaafar e Ali Ghassan Nader, s\u00e3o representa\u00e7\u00f5es da dor que muitos enfrentam em contextos de viol\u00eancia e instabilidade. Segundo Bilal Nader, irm\u00e3o do liban\u00eas Ghassan, o ataque foi devastador, destruindo a casa da fam\u00edlia e deixando os sobreviventes em estado cr\u00edtico. Este cen\u00e1rio tr\u00e1gico n\u00e3o apenas marca a perda irrepar\u00e1vel de vidas, mas tamb\u00e9m exemplifica o que muitos libaneses est\u00e3o vivendo, nas \u00faltimas semanas, com a demoli\u00e7\u00e3o sistem\u00e1tica de resid\u00eancias e o deslocamento for\u00e7ado de milh\u00f5es de pessoas.<\/p>\n<p>O governo brasileiro condena o ataque, chamando-o de uma viola\u00e7\u00e3o inaceit\u00e1vel do cessar-fogo anunciado anteriormente. A situa\u00e7\u00e3o \u00e9 ainda mais alarmante com a morte de dezenas de civis libaneses, incluindo mulheres e crian\u00e7as, e a urg\u00eancia de um apelo pela cessa\u00e7\u00e3o imediata das hostilidades. A demanda por uma retirada das for\u00e7as israelenses do territ\u00f3rio liban\u00eas evidencia a necessidade de um di\u00e1logo pac\u00edfico e da responsabilidade internacional para garantir a seguran\u00e7a de civis.<\/p>\n<p>A relev\u00e2ncia dessa trag\u00e9dia se estende para al\u00e9m do L\u00edbano, afetando a mobilidade e o bem-estar de brasileiros e de suas fam\u00edlias em todo o mundo. Para motoristas e cidad\u00e3os que vivem fora do pa\u00eds, essas not\u00edcias podem gerar preocupa\u00e7\u00e3o e impacto nas suas percep\u00e7\u00f5es sobre seguran\u00e7a e estabilidade em suas comunidades. O apoio \u00e0 mobilidade internacional tamb\u00e9m \u00e9 crucial. Garantir que as fam\u00edlias tenham o direito de viver em paz, sem medo de conflitos, \u00e9 essencial para a constru\u00e7\u00e3o de um futuro melhor para todos.<\/p>\n<p>A necessidade de uma resposta solid\u00e1ria e humanit\u00e1ria \u00e9 urgente, e o Brasil, como ator importante no cen\u00e1rio internacional, deve continuar a promover a paz e a prote\u00e7\u00e3o de civis frente a agress\u00f5es. As hist\u00f3rias de vidas perdidas impulsionam um chamado \u00e0 a\u00e7\u00e3o, levando todos a refletirem sobre o papel de cada um na busca por um mundo mais seguro e justo.<\/p>\n","protected":false},"excerpt":{"rendered":"<p>O Itamaraty confirmou que duas brasileiras, uma mulher e uma crian\u00e7a de apenas 11 anos, foram mortas em um ataque israelense em Bint Jeil, no sul do L\u00edbano, no \u00faltimo domingo (26\/04). A trag\u00e9dia, que tamb\u00e9m levou \u00e0 morte do pai da crian\u00e7a, um liban\u00eas, evidencia a crueldade do conflito na regi\u00e3o e seus impactos &hellip;<\/p>\n","protected":false},"author":4,"featured_media":9151,"comment_status":"","ping_status":"open","sticky":false,"template":"","format":"standard","meta":{"footnotes":""},"categories":[45],"tags":[],"coauthors":[42],"class_list":["post-9260","post","type-post","status-publish","format-standard","has-post-thumbnail","hentry","category-mundo"],"yoast_head":"<!-- This site is optimized with the Yoast SEO Premium plugin v25.5 (Yoast SEO v27.5) - https:\/\/yoast.com\/product\/yoast-seo-premium-wordpress\/ -->\n<title>Ataque em L\u00edbano resulta em morte de m\u00e3e e filho brasileiros. - Motorista.com.br<\/title>\n<meta name=\"robots\" content=\"index, follow, max-snippet:-1, max-image-preview:large, max-video-preview:-1\" \/>\n<link rel=\"canonical\" href=\"https:\/\/motorista.com.br\/noticias\/2026\/04\/28\/ataque-em-libano-resulta-em-morte-de-mae-e-filho-brasileiros\/\" \/>\n<meta property=\"og:locale\" content=\"pt_BR\" \/>\n<meta property=\"og:type\" content=\"article\" \/>\n<meta property=\"og:title\" content=\"Ataque em L\u00edbano resulta em morte de m\u00e3e e filho brasileiros.\" \/>\n<meta property=\"og:description\" content=\"O Itamaraty confirmou que duas brasileiras, uma mulher e uma crian\u00e7a de apenas 11 anos, foram mortas em um ataque israelense em Bint Jeil, no sul do L\u00edbano, no \u00faltimo domingo (26\/04). A trag\u00e9dia, que tamb\u00e9m levou \u00e0 morte do pai da crian\u00e7a, um liban\u00eas, evidencia a crueldade do conflito na regi\u00e3o e seus impactos &hellip;\" \/>\n<meta property=\"og:url\" content=\"https:\/\/motorista.com.br\/noticias\/2026\/04\/28\/ataque-em-libano-resulta-em-morte-de-mae-e-filho-brasileiros\/\" \/>\n<meta property=\"og:site_name\" content=\"Motorista.com.br\" \/>\n<meta property=\"article:published_time\" content=\"2026-04-28T11:29:15+00:00\" \/>\n<meta name=\"author\" content=\"Equipe Reda\u00e7\u00e3o\" \/>\n<meta name=\"twitter:card\" content=\"summary_large_image\" \/>\n<meta name=\"twitter:label1\" content=\"Escrito por\" \/>\n\t<meta name=\"twitter:data1\" content=\"Equipe Reda\u00e7\u00e3o\" \/>\n\t<meta name=\"twitter:label2\" content=\"Est. tempo de leitura\" \/>\n\t<meta name=\"twitter:data2\" content=\"2 minutos\" \/>\n\t<meta name=\"twitter:label3\" content=\"Written by\" \/>\n\t<meta name=\"twitter:data3\" content=\"Equipe Reda\u00e7\u00e3o\" \/>\n<script type=\"application\/ld+json\" class=\"yoast-schema-graph\">{\"@context\":\"https:\\\/\\\/schema.org\",\"@graph\":[{\"@type\":\"Article\",\"@id\":\"https:\\\/\\\/motorista.com.br\\\/noticias\\\/2026\\\/04\\\/28\\\/ataque-em-libano-resulta-em-morte-de-mae-e-filho-brasileiros\\\/#article\",\"isPartOf\":{\"@id\":\"https:\\\/\\\/motorista.com.br\\\/noticias\\\/2026\\\/04\\\/28\\\/ataque-em-libano-resulta-em-morte-de-mae-e-filho-brasileiros\\\/\"},\"author\":{\"name\":\"Equipe Reda\u00e7\u00e3o\",\"@id\":\"https:\\\/\\\/motorista.com.br\\\/noticias\\\/#\\\/schema\\\/person\\\/dc93afc2981c0e3ce6bc3c053fd847be\"},\"headline\":\"Ataque em L\u00edbano resulta em morte de m\u00e3e e filho brasileiros.\",\"datePublished\":\"2026-04-28T11:29:15+00:00\",\"mainEntityOfPage\":{\"@id\":\"https:\\\/\\\/motorista.com.br\\\/noticias\\\/2026\\\/04\\\/28\\\/ataque-em-libano-resulta-em-morte-de-mae-e-filho-brasileiros\\\/\"},\"wordCount\":432,\"publisher\":{\"@id\":\"https:\\\/\\\/motorista.com.br\\\/noticias\\\/#organization\"},\"image\":{\"@id\":\"https:\\\/\\\/motorista.com.br\\\/noticias\\\/2026\\\/04\\\/28\\\/ataque-em-libano-resulta-em-morte-de-mae-e-filho-brasileiros\\\/#primaryimage\"},\"thumbnailUrl\":\"https:\\\/\\\/motorista.com.br\\\/noticias\\\/wp-content\\\/uploads\\\/2026\\\/04\\\/3cebf939-a866-4162-887d-ba8d80edfc6d-e1772714959365-1.webp.webp\",\"articleSection\":[\"Mundo\"],\"inLanguage\":\"pt-BR\"},{\"@type\":\"WebPage\",\"@id\":\"https:\\\/\\\/motorista.com.br\\\/noticias\\\/2026\\\/04\\\/28\\\/ataque-em-libano-resulta-em-morte-de-mae-e-filho-brasileiros\\\/\",\"url\":\"https:\\\/\\\/motorista.com.br\\\/noticias\\\/2026\\\/04\\\/28\\\/ataque-em-libano-resulta-em-morte-de-mae-e-filho-brasileiros\\\/\",\"name\":\"Ataque em L\u00edbano resulta em morte de m\u00e3e e filho brasileiros. - Motorista.com.br\",\"isPartOf\":{\"@id\":\"https:\\\/\\\/motorista.com.br\\\/noticias\\\/#website\"},\"primaryImageOfPage\":{\"@id\":\"https:\\\/\\\/motorista.com.br\\\/noticias\\\/2026\\\/04\\\/28\\\/ataque-em-libano-resulta-em-morte-de-mae-e-filho-brasileiros\\\/#primaryimage\"},\"image\":{\"@id\":\"https:\\\/\\\/motorista.com.br\\\/noticias\\\/2026\\\/04\\\/28\\\/ataque-em-libano-resulta-em-morte-de-mae-e-filho-brasileiros\\\/#primaryimage\"},\"thumbnailUrl\":\"https:\\\/\\\/motorista.com.br\\\/noticias\\\/wp-content\\\/uploads\\\/2026\\\/04\\\/3cebf939-a866-4162-887d-ba8d80edfc6d-e1772714959365-1.webp.webp\",\"datePublished\":\"2026-04-28T11:29:15+00:00\",\"breadcrumb\":{\"@id\":\"https:\\\/\\\/motorista.com.br\\\/noticias\\\/2026\\\/04\\\/28\\\/ataque-em-libano-resulta-em-morte-de-mae-e-filho-brasileiros\\\/#breadcrumb\"},\"inLanguage\":\"pt-BR\",\"potentialAction\":[{\"@type\":\"ReadAction\",\"target\":[\"https:\\\/\\\/motorista.com.br\\\/noticias\\\/2026\\\/04\\\/28\\\/ataque-em-libano-resulta-em-morte-de-mae-e-filho-brasileiros\\\/\"]}]},{\"@type\":\"ImageObject\",\"inLanguage\":\"pt-BR\",\"@id\":\"https:\\\/\\\/motorista.com.br\\\/noticias\\\/2026\\\/04\\\/28\\\/ataque-em-libano-resulta-em-morte-de-mae-e-filho-brasileiros\\\/#primaryimage\",\"url\":\"https:\\\/\\\/motorista.com.br\\\/noticias\\\/wp-content\\\/uploads\\\/2026\\\/04\\\/3cebf939-a866-4162-887d-ba8d80edfc6d-e1772714959365-1.webp.webp\",\"contentUrl\":\"https:\\\/\\\/motorista.com.br\\\/noticias\\\/wp-content\\\/uploads\\\/2026\\\/04\\\/3cebf939-a866-4162-887d-ba8d80edfc6d-e1772714959365-1.webp.webp\",\"width\":898,\"height\":626},{\"@type\":\"BreadcrumbList\",\"@id\":\"https:\\\/\\\/motorista.com.br\\\/noticias\\\/2026\\\/04\\\/28\\\/ataque-em-libano-resulta-em-morte-de-mae-e-filho-brasileiros\\\/#breadcrumb\",\"itemListElement\":[{\"@type\":\"ListItem\",\"position\":1,\"name\":\"In\u00edcio\",\"item\":\"https:\\\/\\\/motorista.com.br\\\/noticias\\\/\"},{\"@type\":\"ListItem\",\"position\":2,\"name\":\"Ataque em L\u00edbano resulta em morte de m\u00e3e e filho brasileiros.\"}]},{\"@type\":\"WebSite\",\"@id\":\"https:\\\/\\\/motorista.com.br\\\/noticias\\\/#website\",\"url\":\"https:\\\/\\\/motorista.com.br\\\/noticias\\\/\",\"name\":\"Motorista.com.br\",\"description\":\"Not\u00edcia do Motorista\",\"publisher\":{\"@id\":\"https:\\\/\\\/motorista.com.br\\\/noticias\\\/#organization\"},\"potentialAction\":[{\"@type\":\"SearchAction\",\"target\":{\"@type\":\"EntryPoint\",\"urlTemplate\":\"https:\\\/\\\/motorista.com.br\\\/noticias\\\/?s={search_term_string}\"},\"query-input\":{\"@type\":\"PropertyValueSpecification\",\"valueRequired\":true,\"valueName\":\"search_term_string\"}}],\"inLanguage\":\"pt-BR\"},{\"@type\":\"Organization\",\"@id\":\"https:\\\/\\\/motorista.com.br\\\/noticias\\\/#organization\",\"name\":\"Motorista.com.br\",\"url\":\"https:\\\/\\\/motorista.com.br\\\/noticias\\\/\",\"logo\":{\"@type\":\"ImageObject\",\"inLanguage\":\"pt-BR\",\"@id\":\"https:\\\/\\\/motorista.com.br\\\/noticias\\\/#\\\/schema\\\/logo\\\/image\\\/\",\"url\":\"https:\\\/\\\/motorista.com.br\\\/noticias\\\/wp-content\\\/uploads\\\/2025\\\/06\\\/Design-sem-nome-9.png\",\"contentUrl\":\"https:\\\/\\\/motorista.com.br\\\/noticias\\\/wp-content\\\/uploads\\\/2025\\\/06\\\/Design-sem-nome-9.png\",\"width\":150,\"height\":85,\"caption\":\"Motorista.com.br\"},\"image\":{\"@id\":\"https:\\\/\\\/motorista.com.br\\\/noticias\\\/#\\\/schema\\\/logo\\\/image\\\/\"}},{\"@type\":\"Person\",\"@id\":\"https:\\\/\\\/motorista.com.br\\\/noticias\\\/#\\\/schema\\\/person\\\/dc93afc2981c0e3ce6bc3c053fd847be\",\"name\":\"Equipe Reda\u00e7\u00e3o\",\"image\":{\"@type\":\"ImageObject\",\"inLanguage\":\"pt-BR\",\"@id\":\"https:\\\/\\\/secure.gravatar.com\\\/avatar\\\/4f525efbf18dd2bb300ccad28bfb99d95a9465a5ba268407c8c37b37e1f28d2d?s=96&d=mm&r=g9e099043a0c61e9ae27e293b9fa75ffc\",\"url\":\"https:\\\/\\\/secure.gravatar.com\\\/avatar\\\/4f525efbf18dd2bb300ccad28bfb99d95a9465a5ba268407c8c37b37e1f28d2d?s=96&d=mm&r=g\",\"contentUrl\":\"https:\\\/\\\/secure.gravatar.com\\\/avatar\\\/4f525efbf18dd2bb300ccad28bfb99d95a9465a5ba268407c8c37b37e1f28d2d?s=96&d=mm&r=g\",\"caption\":\"Equipe Reda\u00e7\u00e3o\"},\"description\":\"Equipe de reda\u00e7\u00e3o \u00e9 um grupo de profissionais que trabalham juntos para criar conte\u00fado escrito para Motorista.com.br\",\"url\":\"https:\\\/\\\/motorista.com.br\\\/noticias\\\/author\\\/equiperedacao\\\/\"}]}<\/script>\n<!-- \/ Yoast SEO Premium plugin. -->","yoast_head_json":{"title":"Ataque em L\u00edbano resulta em morte de m\u00e3e e filho brasileiros. - Motorista.com.br","robots":{"index":"index","follow":"follow","max-snippet":"max-snippet:-1","max-image-preview":"max-image-preview:large","max-video-preview":"max-video-preview:-1"},"canonical":"https:\/\/motorista.com.br\/noticias\/2026\/04\/28\/ataque-em-libano-resulta-em-morte-de-mae-e-filho-brasileiros\/","og_locale":"pt_BR","og_type":"article","og_title":"Ataque em L\u00edbano resulta em morte de m\u00e3e e filho brasileiros.","og_description":"O Itamaraty confirmou que duas brasileiras, uma mulher e uma crian\u00e7a de apenas 11 anos, foram mortas em um ataque israelense em Bint Jeil, no sul do L\u00edbano, no \u00faltimo domingo (26\/04). A trag\u00e9dia, que tamb\u00e9m levou \u00e0 morte do pai da crian\u00e7a, um liban\u00eas, evidencia a crueldade do conflito na regi\u00e3o e seus impactos &hellip;","og_url":"https:\/\/motorista.com.br\/noticias\/2026\/04\/28\/ataque-em-libano-resulta-em-morte-de-mae-e-filho-brasileiros\/","og_site_name":"Motorista.com.br","article_published_time":"2026-04-28T11:29:15+00:00","author":"Equipe Reda\u00e7\u00e3o","twitter_card":"summary_large_image","twitter_misc":{"Escrito por":"Equipe Reda\u00e7\u00e3o","Est. tempo de leitura":"2 minutos","Written by":"Equipe Reda\u00e7\u00e3o"},"schema":{"@context":"https:\/\/schema.org","@graph":[{"@type":"Article","@id":"https:\/\/motorista.com.br\/noticias\/2026\/04\/28\/ataque-em-libano-resulta-em-morte-de-mae-e-filho-brasileiros\/#article","isPartOf":{"@id":"https:\/\/motorista.com.br\/noticias\/2026\/04\/28\/ataque-em-libano-resulta-em-morte-de-mae-e-filho-brasileiros\/"},"author":{"name":"Equipe Reda\u00e7\u00e3o","@id":"https:\/\/motorista.com.br\/noticias\/#\/schema\/person\/dc93afc2981c0e3ce6bc3c053fd847be"},"headline":"Ataque em L\u00edbano resulta em morte de m\u00e3e e filho brasileiros.","datePublished":"2026-04-28T11:29:15+00:00","mainEntityOfPage":{"@id":"https:\/\/motorista.com.br\/noticias\/2026\/04\/28\/ataque-em-libano-resulta-em-morte-de-mae-e-filho-brasileiros\/"},"wordCount":432,"publisher":{"@id":"https:\/\/motorista.com.br\/noticias\/#organization"},"image":{"@id":"https:\/\/motorista.com.br\/noticias\/2026\/04\/28\/ataque-em-libano-resulta-em-morte-de-mae-e-filho-brasileiros\/#primaryimage"},"thumbnailUrl":"https:\/\/motorista.com.br\/noticias\/wp-content\/uploads\/2026\/04\/3cebf939-a866-4162-887d-ba8d80edfc6d-e1772714959365-1.webp.webp","articleSection":["Mundo"],"inLanguage":"pt-BR"},{"@type":"WebPage","@id":"https:\/\/motorista.com.br\/noticias\/2026\/04\/28\/ataque-em-libano-resulta-em-morte-de-mae-e-filho-brasileiros\/","url":"https:\/\/motorista.com.br\/noticias\/2026\/04\/28\/ataque-em-libano-resulta-em-morte-de-mae-e-filho-brasileiros\/","name":"Ataque em L\u00edbano resulta em morte de m\u00e3e e filho brasileiros. - Motorista.com.br","isPartOf":{"@id":"https:\/\/motorista.com.br\/noticias\/#website"},"primaryImageOfPage":{"@id":"https:\/\/motorista.com.br\/noticias\/2026\/04\/28\/ataque-em-libano-resulta-em-morte-de-mae-e-filho-brasileiros\/#primaryimage"},"image":{"@id":"https:\/\/motorista.com.br\/noticias\/2026\/04\/28\/ataque-em-libano-resulta-em-morte-de-mae-e-filho-brasileiros\/#primaryimage"},"thumbnailUrl":"https:\/\/motorista.com.br\/noticias\/wp-content\/uploads\/2026\/04\/3cebf939-a866-4162-887d-ba8d80edfc6d-e1772714959365-1.webp.webp","datePublished":"2026-04-28T11:29:15+00:00","breadcrumb":{"@id":"https:\/\/motorista.com.br\/noticias\/2026\/04\/28\/ataque-em-libano-resulta-em-morte-de-mae-e-filho-brasileiros\/#breadcrumb"},"inLanguage":"pt-BR","potentialAction":[{"@type":"ReadAction","target":["https:\/\/motorista.com.br\/noticias\/2026\/04\/28\/ataque-em-libano-resulta-em-morte-de-mae-e-filho-brasileiros\/"]}]},{"@type":"ImageObject","inLanguage":"pt-BR","@id":"https:\/\/motorista.com.br\/noticias\/2026\/04\/28\/ataque-em-libano-resulta-em-morte-de-mae-e-filho-brasileiros\/#primaryimage","url":"https:\/\/motorista.com.br\/noticias\/wp-content\/uploads\/2026\/04\/3cebf939-a866-4162-887d-ba8d80edfc6d-e1772714959365-1.webp.webp","contentUrl":"https:\/\/motorista.com.br\/noticias\/wp-content\/uploads\/2026\/04\/3cebf939-a866-4162-887d-ba8d80edfc6d-e1772714959365-1.webp.webp","width":898,"height":626},{"@type":"BreadcrumbList","@id":"https:\/\/motorista.com.br\/noticias\/2026\/04\/28\/ataque-em-libano-resulta-em-morte-de-mae-e-filho-brasileiros\/#breadcrumb","itemListElement":[{"@type":"ListItem","position":1,"name":"In\u00edcio","item":"https:\/\/motorista.com.br\/noticias\/"},{"@type":"ListItem","position":2,"name":"Ataque em L\u00edbano resulta em morte de m\u00e3e e filho brasileiros."}]},{"@type":"WebSite","@id":"https:\/\/motorista.com.br\/noticias\/#website","url":"https:\/\/motorista.com.br\/noticias\/","name":"Motorista.com.br","description":"Not\u00edcia do Motorista","publisher":{"@id":"https:\/\/motorista.com.br\/noticias\/#organization"},"potentialAction":[{"@type":"SearchAction","target":{"@type":"EntryPoint","urlTemplate":"https:\/\/motorista.com.br\/noticias\/?s={search_term_string}"},"query-input":{"@type":"PropertyValueSpecification","valueRequired":true,"valueName":"search_term_string"}}],"inLanguage":"pt-BR"},{"@type":"Organization","@id":"https:\/\/motorista.com.br\/noticias\/#organization","name":"Motorista.com.br","url":"https:\/\/motorista.com.br\/noticias\/","logo":{"@type":"ImageObject","inLanguage":"pt-BR","@id":"https:\/\/motorista.com.br\/noticias\/#\/schema\/logo\/image\/","url":"https:\/\/motorista.com.br\/noticias\/wp-content\/uploads\/2025\/06\/Design-sem-nome-9.png","contentUrl":"https:\/\/motorista.com.br\/noticias\/wp-content\/uploads\/2025\/06\/Design-sem-nome-9.png","width":150,"height":85,"caption":"Motorista.com.br"},"image":{"@id":"https:\/\/motorista.com.br\/noticias\/#\/schema\/logo\/image\/"}},{"@type":"Person","@id":"https:\/\/motorista.com.br\/noticias\/#\/schema\/person\/dc93afc2981c0e3ce6bc3c053fd847be","name":"Equipe Reda\u00e7\u00e3o","image":{"@type":"ImageObject","inLanguage":"pt-BR","@id":"https:\/\/secure.gravatar.com\/avatar\/4f525efbf18dd2bb300ccad28bfb99d95a9465a5ba268407c8c37b37e1f28d2d?s=96&d=mm&r=g9e099043a0c61e9ae27e293b9fa75ffc","url":"https:\/\/secure.gravatar.com\/avatar\/4f525efbf18dd2bb300ccad28bfb99d95a9465a5ba268407c8c37b37e1f28d2d?s=96&d=mm&r=g","contentUrl":"https:\/\/secure.gravatar.com\/avatar\/4f525efbf18dd2bb300ccad28bfb99d95a9465a5ba268407c8c37b37e1f28d2d?s=96&d=mm&r=g","caption":"Equipe Reda\u00e7\u00e3o"},"description":"Equipe de reda\u00e7\u00e3o \u00e9 um grupo de profissionais que trabalham juntos para criar conte\u00fado escrito para Motorista.com.br","url":"https:\/\/motorista.com.br\/noticias\/author\/equiperedacao\/"}]}},"_links":{"self":[{"href":"https:\/\/motorista.com.br\/noticias\/wp-json\/wp\/v2\/posts\/9260","targetHints":{"allow":["GET"]}}],"collection":[{"href":"https:\/\/motorista.com.br\/noticias\/wp-json\/wp\/v2\/posts"}],"about":[{"href":"https:\/\/motorista.com.br\/noticias\/wp-json\/wp\/v2\/types\/post"}],"author":[{"embeddable":true,"href":"https:\/\/motorista.com.br\/noticias\/wp-json\/wp\/v2\/users\/4"}],"replies":[{"embeddable":true,"href":"https:\/\/motorista.com.br\/noticias\/wp-json\/wp\/v2\/comments?post=9260"}],"version-history":[{"count":0,"href":"https:\/\/motorista.com.br\/noticias\/wp-json\/wp\/v2\/posts\/9260\/revisions"}],"wp:featuredmedia":[{"embeddable":true,"href":"https:\/\/motorista.com.br\/noticias\/wp-json\/wp\/v2\/media\/9151"}],"wp:attachment":[{"href":"https:\/\/motorista.com.br\/noticias\/wp-json\/wp\/v2\/media?parent=9260"}],"wp:term":[{"taxonomy":"category","embeddable":true,"href":"https:\/\/motorista.com.br\/noticias\/wp-json\/wp\/v2\/categories?post=9260"},{"taxonomy":"post_tag","embeddable":true,"href":"https:\/\/motorista.com.br\/noticias\/wp-json\/wp\/v2\/tags?post=9260"},{"taxonomy":"author","embeddable":true,"href":"https:\/\/motorista.com.br\/noticias\/wp-json\/wp\/v2\/coauthors?post=9260"}],"curies":[{"name":"wp","href":"https:\/\/api.w.org\/{rel}","templated":true}]}}