{"id":9256,"date":"2026-04-28T06:22:23","date_gmt":"2026-04-28T09:22:23","guid":{"rendered":"https:\/\/motorista.com.br\/noticias\/2026\/04\/28\/app-de-mobilidade-v1-do-grupo-aguia-branca-com-motoristas-clt-salario-de-r-3-500-com-bonus\/"},"modified":"2026-04-28T06:22:23","modified_gmt":"2026-04-28T09:22:23","slug":"app-de-mobilidade-v1-do-grupo-aguia-branca-com-motoristas-clt-salario-de-r-3-500-com-bonus","status":"publish","type":"post","link":"https:\/\/motorista.com.br\/noticias\/2026\/04\/28\/app-de-mobilidade-v1-do-grupo-aguia-branca-com-motoristas-clt-salario-de-r-3-500-com-bonus\/","title":{"rendered":"App de mobilidade V1 do Grupo \u00c1guia Branca com motoristas CLT: &#8220;Sal\u00e1rio de R$ 3.500 com b\u00f4nus&#8221;."},"content":{"rendered":"<p><\/p>\n<p><strong>App de Mobilidade V1: Inova\u00e7\u00e3o e Sustentabilidade no Transporte Urbano<\/strong><\/p>\n<p>O V1, um aplicativo de mobilidade que se destaca por seu modelo inovador em Vit\u00f3ria (ES), est\u00e1 mudando a forma como enxergamos os servi\u00e7os de transporte urbano. Diferente da maioria dos aplicativos, ele opera com uma frota pr\u00f3pria e motoristas contratados sob o regime CLT, garantindo seguran\u00e7a e estabilidade para os profissionais ligados \u00e0 plataforma. Com cerca de 300 mil usu\u00e1rios cadastrados e realizando em m\u00e9dia 20 mil corridas por m\u00eas, o V1 tem estabelecido um novo padr\u00e3o no setor.<\/p>\n<p>Desde sua cria\u00e7\u00e3o pelo Grupo \u00c1guia Branca, o aplicativo foi inicialmente direcionado a atender empresas que buscavam um transporte mais seguro e pr\u00e1tico. Posteriormente, expandiu sua atua\u00e7\u00e3o para o p\u00fablico em geral, refletindo uma necessidade crescente por servi\u00e7os de mobilidade de qualidade. Este modelo n\u00e3o s\u00f3 proporciona uma experi\u00eancia mais confi\u00e1vel para os usu\u00e1rios, como tamb\u00e9m tem um impacto direto em como os motoristas se veem em suas profiss\u00f5es, ao oferecer um sal\u00e1rio m\u00e9dio de R$ 3.500 mensais, que inclui bonifica\u00e7\u00f5es.<\/p>\n<p>Segundo Gilberto Rosa Jr., gerente comercial do V1, o diferencial da opera\u00e7\u00e3o est\u00e1 na gest\u00e3o da frota e na contrata\u00e7\u00e3o de motoristas CLT. Essa abordagem possibilita um controle mais rigoroso sobre a qualidade do servi\u00e7o prestado, promovendo uma experi\u00eancia positiva para os passageiros e uma fonte de renda mais segura para os motoristas.<\/p>\n<p>Um dos principais problemas que o V1 busca resolver \u00e9 a quest\u00e3o da seguran\u00e7a, que se tornou uma preocupa\u00e7\u00e3o crescente tanto para empresas quanto para indiv\u00edduos. A confian\u00e7a dos usu\u00e1rios no transporte urbano afeta diretamente a mobilidade nas cidades. Ao implementar um sistema que prioriza a seguran\u00e7a, o V1 est\u00e1 contribuindo para a constru\u00e7\u00e3o de comunidades mais coesas e refor\u00e7ando a import\u00e2ncia da responsabilidade social nas opera\u00e7\u00f5es de mobilidade.<\/p>\n<p>Al\u00e9m disso, o modelo CLT traz benef\u00edcios que v\u00e3o al\u00e9m da seguran\u00e7a financeira dos motoristas. Garantindo direitos trabalhistas, o V1 n\u00e3o apenas melhora a qualidade de vida de seus colaboradores, mas tamb\u00e9m cria um ciclo virtuoso de satisfa\u00e7\u00e3o e lealdade, fortalecendo o servi\u00e7o ao cliente. Essa estrutura contribui para uma maior estabilidade no setor, minimizando impactos negativos de flutua\u00e7\u00f5es na demanda.<\/p>\n<p>O impacto dessa iniciativa vai al\u00e9m do econ\u00f4mico; ele se traduz em um legado de qualidade e respeito pelo usu\u00e1rio, um diferencial que, segundo Gilberto, \u00e9 frequentemente negligenciado por outras empresas do setor que focam exclusivamente no volume. Ao manter um compromisso com a seguran\u00e7a e a qualidade, o V1 est\u00e1 n\u00e3o somente respondendo a uma demanda crescente, mas tamb\u00e9m moldando o futuro da mobilidade no Brasil.<\/p>\n<p>Com o setor de mobilidade em constante evolu\u00e7\u00e3o e diante das mudan\u00e7as regulat\u00f3rias que ainda est\u00e3o por vir, o V1 est\u00e1 posicionado para liderar essa transforma\u00e7\u00e3o. A vis\u00e3o de promover um transporte eficaz e de qualidade reflete a necessidade de uma abordagem mais humana no campo da mobilidade urbana, onde tanto motoristas quanto passageiros se sintam valorizados e respeitados. Essa iniciativa pode servir como um modelo para futuras opera\u00e7\u00f5es de mobilidade, evidenciando que \u00e9 poss\u00edvel conciliar lucro e responsabilidade social.<\/p>\n<p>Concluindo, o V1 n\u00e3o \u00e9 apenas um aplicativo de transporte; ele representa uma mudan\u00e7a de paradigma na mobilidade urbana, onde a seguran\u00e7a, a qualidade do servi\u00e7o e o bem-estar dos motoristas s\u00e3o prioridade. A forma como os servi\u00e7os s\u00e3o estruturados n\u00e3o s\u00f3 beneficia os indiv\u00edduos diretamente envolvidos, mas tamb\u00e9m contribui para a melhoria da mobilidade urbana como um todo, criando cidades mais seguras e interconectadas.<\/p>\n","protected":false},"excerpt":{"rendered":"<p>App de Mobilidade V1: Inova\u00e7\u00e3o e Sustentabilidade no Transporte Urbano O V1, um aplicativo de mobilidade que se destaca por seu modelo inovador em Vit\u00f3ria (ES), est\u00e1 mudando a forma como enxergamos os servi\u00e7os de transporte urbano. Diferente da maioria dos aplicativos, ele opera com uma frota pr\u00f3pria e motoristas contratados sob o regime CLT, &hellip;<\/p>\n","protected":false},"author":4,"featured_media":9257,"comment_status":"","ping_status":"open","sticky":false,"template":"","format":"standard","meta":{"footnotes":""},"categories":[49,77],"tags":[],"coauthors":[42],"class_list":["post-9256","post","type-post","status-publish","format-standard","has-post-thumbnail","hentry","category-aplicativos","category-motorista"],"yoast_head":"<!-- This site is optimized with the Yoast SEO Premium plugin v25.5 (Yoast SEO v27.5) - https:\/\/yoast.com\/product\/yoast-seo-premium-wordpress\/ -->\n<title>App de mobilidade V1 do Grupo \u00c1guia Branca com motoristas CLT: &quot;Sal\u00e1rio de R$ 3.500 com b\u00f4nus&quot;. - Motorista.com.br<\/title>\n<meta name=\"robots\" content=\"index, follow, max-snippet:-1, max-image-preview:large, max-video-preview:-1\" \/>\n<link rel=\"canonical\" href=\"https:\/\/motorista.com.br\/noticias\/2026\/04\/28\/app-de-mobilidade-v1-do-grupo-aguia-branca-com-motoristas-clt-salario-de-r-3-500-com-bonus\/\" \/>\n<meta property=\"og:locale\" content=\"pt_BR\" \/>\n<meta property=\"og:type\" content=\"article\" \/>\n<meta property=\"og:title\" content=\"App de mobilidade V1 do Grupo \u00c1guia Branca com motoristas CLT: &quot;Sal\u00e1rio de R$ 3.500 com b\u00f4nus&quot;.\" \/>\n<meta property=\"og:description\" content=\"App de Mobilidade V1: Inova\u00e7\u00e3o e Sustentabilidade no Transporte Urbano O V1, um aplicativo de mobilidade que se destaca por seu modelo inovador em Vit\u00f3ria (ES), est\u00e1 mudando a forma como enxergamos os servi\u00e7os de transporte urbano. Diferente da maioria dos aplicativos, ele opera com uma frota pr\u00f3pria e motoristas contratados sob o regime CLT, &hellip;\" \/>\n<meta property=\"og:url\" content=\"https:\/\/motorista.com.br\/noticias\/2026\/04\/28\/app-de-mobilidade-v1-do-grupo-aguia-branca-com-motoristas-clt-salario-de-r-3-500-com-bonus\/\" \/>\n<meta property=\"og:site_name\" content=\"Motorista.com.br\" \/>\n<meta property=\"article:published_time\" content=\"2026-04-28T09:22:23+00:00\" \/>\n<meta name=\"author\" content=\"Equipe Reda\u00e7\u00e3o\" \/>\n<meta name=\"twitter:card\" content=\"summary_large_image\" \/>\n<meta name=\"twitter:label1\" content=\"Escrito por\" \/>\n\t<meta name=\"twitter:data1\" content=\"Equipe Reda\u00e7\u00e3o\" \/>\n\t<meta name=\"twitter:label2\" content=\"Est. tempo de leitura\" \/>\n\t<meta name=\"twitter:data2\" content=\"3 minutos\" \/>\n\t<meta name=\"twitter:label3\" content=\"Written by\" \/>\n\t<meta name=\"twitter:data3\" content=\"Equipe Reda\u00e7\u00e3o\" \/>\n<script type=\"application\/ld+json\" class=\"yoast-schema-graph\">{\"@context\":\"https:\\\/\\\/schema.org\",\"@graph\":[{\"@type\":\"Article\",\"@id\":\"https:\\\/\\\/motorista.com.br\\\/noticias\\\/2026\\\/04\\\/28\\\/app-de-mobilidade-v1-do-grupo-aguia-branca-com-motoristas-clt-salario-de-r-3-500-com-bonus\\\/#article\",\"isPartOf\":{\"@id\":\"https:\\\/\\\/motorista.com.br\\\/noticias\\\/2026\\\/04\\\/28\\\/app-de-mobilidade-v1-do-grupo-aguia-branca-com-motoristas-clt-salario-de-r-3-500-com-bonus\\\/\"},\"author\":{\"name\":\"Equipe Reda\u00e7\u00e3o\",\"@id\":\"https:\\\/\\\/motorista.com.br\\\/noticias\\\/#\\\/schema\\\/person\\\/dc93afc2981c0e3ce6bc3c053fd847be\"},\"headline\":\"App de mobilidade V1 do Grupo \u00c1guia Branca com motoristas CLT: &#8220;Sal\u00e1rio de R$ 3.500 com b\u00f4nus&#8221;.\",\"datePublished\":\"2026-04-28T09:22:23+00:00\",\"mainEntityOfPage\":{\"@id\":\"https:\\\/\\\/motorista.com.br\\\/noticias\\\/2026\\\/04\\\/28\\\/app-de-mobilidade-v1-do-grupo-aguia-branca-com-motoristas-clt-salario-de-r-3-500-com-bonus\\\/\"},\"wordCount\":649,\"publisher\":{\"@id\":\"https:\\\/\\\/motorista.com.br\\\/noticias\\\/#organization\"},\"image\":{\"@id\":\"https:\\\/\\\/motorista.com.br\\\/noticias\\\/2026\\\/04\\\/28\\\/app-de-mobilidade-v1-do-grupo-aguia-branca-com-motoristas-clt-salario-de-r-3-500-com-bonus\\\/#primaryimage\"},\"thumbnailUrl\":\"https:\\\/\\\/motorista.com.br\\\/noticias\\\/wp-content\\\/uploads\\\/2026\\\/04\\\/V1.webp.webp\",\"articleSection\":[\"Aplicativos\",\"Motorista\"],\"inLanguage\":\"pt-BR\"},{\"@type\":\"WebPage\",\"@id\":\"https:\\\/\\\/motorista.com.br\\\/noticias\\\/2026\\\/04\\\/28\\\/app-de-mobilidade-v1-do-grupo-aguia-branca-com-motoristas-clt-salario-de-r-3-500-com-bonus\\\/\",\"url\":\"https:\\\/\\\/motorista.com.br\\\/noticias\\\/2026\\\/04\\\/28\\\/app-de-mobilidade-v1-do-grupo-aguia-branca-com-motoristas-clt-salario-de-r-3-500-com-bonus\\\/\",\"name\":\"App de mobilidade V1 do Grupo \u00c1guia Branca com motoristas CLT: \\\"Sal\u00e1rio de R$ 3.500 com b\u00f4nus\\\". - Motorista.com.br\",\"isPartOf\":{\"@id\":\"https:\\\/\\\/motorista.com.br\\\/noticias\\\/#website\"},\"primaryImageOfPage\":{\"@id\":\"https:\\\/\\\/motorista.com.br\\\/noticias\\\/2026\\\/04\\\/28\\\/app-de-mobilidade-v1-do-grupo-aguia-branca-com-motoristas-clt-salario-de-r-3-500-com-bonus\\\/#primaryimage\"},\"image\":{\"@id\":\"https:\\\/\\\/motorista.com.br\\\/noticias\\\/2026\\\/04\\\/28\\\/app-de-mobilidade-v1-do-grupo-aguia-branca-com-motoristas-clt-salario-de-r-3-500-com-bonus\\\/#primaryimage\"},\"thumbnailUrl\":\"https:\\\/\\\/motorista.com.br\\\/noticias\\\/wp-content\\\/uploads\\\/2026\\\/04\\\/V1.webp.webp\",\"datePublished\":\"2026-04-28T09:22:23+00:00\",\"breadcrumb\":{\"@id\":\"https:\\\/\\\/motorista.com.br\\\/noticias\\\/2026\\\/04\\\/28\\\/app-de-mobilidade-v1-do-grupo-aguia-branca-com-motoristas-clt-salario-de-r-3-500-com-bonus\\\/#breadcrumb\"},\"inLanguage\":\"pt-BR\",\"potentialAction\":[{\"@type\":\"ReadAction\",\"target\":[\"https:\\\/\\\/motorista.com.br\\\/noticias\\\/2026\\\/04\\\/28\\\/app-de-mobilidade-v1-do-grupo-aguia-branca-com-motoristas-clt-salario-de-r-3-500-com-bonus\\\/\"]}]},{\"@type\":\"ImageObject\",\"inLanguage\":\"pt-BR\",\"@id\":\"https:\\\/\\\/motorista.com.br\\\/noticias\\\/2026\\\/04\\\/28\\\/app-de-mobilidade-v1-do-grupo-aguia-branca-com-motoristas-clt-salario-de-r-3-500-com-bonus\\\/#primaryimage\",\"url\":\"https:\\\/\\\/motorista.com.br\\\/noticias\\\/wp-content\\\/uploads\\\/2026\\\/04\\\/V1.webp.webp\",\"contentUrl\":\"https:\\\/\\\/motorista.com.br\\\/noticias\\\/wp-content\\\/uploads\\\/2026\\\/04\\\/V1.webp.webp\",\"width\":1200,\"height\":800},{\"@type\":\"BreadcrumbList\",\"@id\":\"https:\\\/\\\/motorista.com.br\\\/noticias\\\/2026\\\/04\\\/28\\\/app-de-mobilidade-v1-do-grupo-aguia-branca-com-motoristas-clt-salario-de-r-3-500-com-bonus\\\/#breadcrumb\",\"itemListElement\":[{\"@type\":\"ListItem\",\"position\":1,\"name\":\"In\u00edcio\",\"item\":\"https:\\\/\\\/motorista.com.br\\\/noticias\\\/\"},{\"@type\":\"ListItem\",\"position\":2,\"name\":\"App de mobilidade V1 do Grupo \u00c1guia Branca com motoristas CLT: &#8220;Sal\u00e1rio de R$ 3.500 com b\u00f4nus&#8221;.\"}]},{\"@type\":\"WebSite\",\"@id\":\"https:\\\/\\\/motorista.com.br\\\/noticias\\\/#website\",\"url\":\"https:\\\/\\\/motorista.com.br\\\/noticias\\\/\",\"name\":\"Motorista.com.br\",\"description\":\"Not\u00edcia do Motorista\",\"publisher\":{\"@id\":\"https:\\\/\\\/motorista.com.br\\\/noticias\\\/#organization\"},\"potentialAction\":[{\"@type\":\"SearchAction\",\"target\":{\"@type\":\"EntryPoint\",\"urlTemplate\":\"https:\\\/\\\/motorista.com.br\\\/noticias\\\/?s={search_term_string}\"},\"query-input\":{\"@type\":\"PropertyValueSpecification\",\"valueRequired\":true,\"valueName\":\"search_term_string\"}}],\"inLanguage\":\"pt-BR\"},{\"@type\":\"Organization\",\"@id\":\"https:\\\/\\\/motorista.com.br\\\/noticias\\\/#organization\",\"name\":\"Motorista.com.br\",\"url\":\"https:\\\/\\\/motorista.com.br\\\/noticias\\\/\",\"logo\":{\"@type\":\"ImageObject\",\"inLanguage\":\"pt-BR\",\"@id\":\"https:\\\/\\\/motorista.com.br\\\/noticias\\\/#\\\/schema\\\/logo\\\/image\\\/\",\"url\":\"https:\\\/\\\/motorista.com.br\\\/noticias\\\/wp-content\\\/uploads\\\/2025\\\/06\\\/Design-sem-nome-9.png\",\"contentUrl\":\"https:\\\/\\\/motorista.com.br\\\/noticias\\\/wp-content\\\/uploads\\\/2025\\\/06\\\/Design-sem-nome-9.png\",\"width\":150,\"height\":85,\"caption\":\"Motorista.com.br\"},\"image\":{\"@id\":\"https:\\\/\\\/motorista.com.br\\\/noticias\\\/#\\\/schema\\\/logo\\\/image\\\/\"}},{\"@type\":\"Person\",\"@id\":\"https:\\\/\\\/motorista.com.br\\\/noticias\\\/#\\\/schema\\\/person\\\/dc93afc2981c0e3ce6bc3c053fd847be\",\"name\":\"Equipe Reda\u00e7\u00e3o\",\"image\":{\"@type\":\"ImageObject\",\"inLanguage\":\"pt-BR\",\"@id\":\"https:\\\/\\\/secure.gravatar.com\\\/avatar\\\/4f525efbf18dd2bb300ccad28bfb99d95a9465a5ba268407c8c37b37e1f28d2d?s=96&d=mm&r=g9e099043a0c61e9ae27e293b9fa75ffc\",\"url\":\"https:\\\/\\\/secure.gravatar.com\\\/avatar\\\/4f525efbf18dd2bb300ccad28bfb99d95a9465a5ba268407c8c37b37e1f28d2d?s=96&d=mm&r=g\",\"contentUrl\":\"https:\\\/\\\/secure.gravatar.com\\\/avatar\\\/4f525efbf18dd2bb300ccad28bfb99d95a9465a5ba268407c8c37b37e1f28d2d?s=96&d=mm&r=g\",\"caption\":\"Equipe Reda\u00e7\u00e3o\"},\"description\":\"Equipe de reda\u00e7\u00e3o \u00e9 um grupo de profissionais que trabalham juntos para criar conte\u00fado escrito para Motorista.com.br\",\"url\":\"https:\\\/\\\/motorista.com.br\\\/noticias\\\/author\\\/equiperedacao\\\/\"}]}<\/script>\n<!-- \/ Yoast SEO Premium plugin. -->","yoast_head_json":{"title":"App de mobilidade V1 do Grupo \u00c1guia Branca com motoristas CLT: \"Sal\u00e1rio de R$ 3.500 com b\u00f4nus\". - Motorista.com.br","robots":{"index":"index","follow":"follow","max-snippet":"max-snippet:-1","max-image-preview":"max-image-preview:large","max-video-preview":"max-video-preview:-1"},"canonical":"https:\/\/motorista.com.br\/noticias\/2026\/04\/28\/app-de-mobilidade-v1-do-grupo-aguia-branca-com-motoristas-clt-salario-de-r-3-500-com-bonus\/","og_locale":"pt_BR","og_type":"article","og_title":"App de mobilidade V1 do Grupo \u00c1guia Branca com motoristas CLT: \"Sal\u00e1rio de R$ 3.500 com b\u00f4nus\".","og_description":"App de Mobilidade V1: Inova\u00e7\u00e3o e Sustentabilidade no Transporte Urbano O V1, um aplicativo de mobilidade que se destaca por seu modelo inovador em Vit\u00f3ria (ES), est\u00e1 mudando a forma como enxergamos os servi\u00e7os de transporte urbano. Diferente da maioria dos aplicativos, ele opera com uma frota pr\u00f3pria e motoristas contratados sob o regime CLT, &hellip;","og_url":"https:\/\/motorista.com.br\/noticias\/2026\/04\/28\/app-de-mobilidade-v1-do-grupo-aguia-branca-com-motoristas-clt-salario-de-r-3-500-com-bonus\/","og_site_name":"Motorista.com.br","article_published_time":"2026-04-28T09:22:23+00:00","author":"Equipe Reda\u00e7\u00e3o","twitter_card":"summary_large_image","twitter_misc":{"Escrito por":"Equipe Reda\u00e7\u00e3o","Est. tempo de leitura":"3 minutos","Written by":"Equipe Reda\u00e7\u00e3o"},"schema":{"@context":"https:\/\/schema.org","@graph":[{"@type":"Article","@id":"https:\/\/motorista.com.br\/noticias\/2026\/04\/28\/app-de-mobilidade-v1-do-grupo-aguia-branca-com-motoristas-clt-salario-de-r-3-500-com-bonus\/#article","isPartOf":{"@id":"https:\/\/motorista.com.br\/noticias\/2026\/04\/28\/app-de-mobilidade-v1-do-grupo-aguia-branca-com-motoristas-clt-salario-de-r-3-500-com-bonus\/"},"author":{"name":"Equipe Reda\u00e7\u00e3o","@id":"https:\/\/motorista.com.br\/noticias\/#\/schema\/person\/dc93afc2981c0e3ce6bc3c053fd847be"},"headline":"App de mobilidade V1 do Grupo \u00c1guia Branca com motoristas CLT: &#8220;Sal\u00e1rio de R$ 3.500 com b\u00f4nus&#8221;.","datePublished":"2026-04-28T09:22:23+00:00","mainEntityOfPage":{"@id":"https:\/\/motorista.com.br\/noticias\/2026\/04\/28\/app-de-mobilidade-v1-do-grupo-aguia-branca-com-motoristas-clt-salario-de-r-3-500-com-bonus\/"},"wordCount":649,"publisher":{"@id":"https:\/\/motorista.com.br\/noticias\/#organization"},"image":{"@id":"https:\/\/motorista.com.br\/noticias\/2026\/04\/28\/app-de-mobilidade-v1-do-grupo-aguia-branca-com-motoristas-clt-salario-de-r-3-500-com-bonus\/#primaryimage"},"thumbnailUrl":"https:\/\/motorista.com.br\/noticias\/wp-content\/uploads\/2026\/04\/V1.webp.webp","articleSection":["Aplicativos","Motorista"],"inLanguage":"pt-BR"},{"@type":"WebPage","@id":"https:\/\/motorista.com.br\/noticias\/2026\/04\/28\/app-de-mobilidade-v1-do-grupo-aguia-branca-com-motoristas-clt-salario-de-r-3-500-com-bonus\/","url":"https:\/\/motorista.com.br\/noticias\/2026\/04\/28\/app-de-mobilidade-v1-do-grupo-aguia-branca-com-motoristas-clt-salario-de-r-3-500-com-bonus\/","name":"App de mobilidade V1 do Grupo \u00c1guia Branca com motoristas CLT: \"Sal\u00e1rio de R$ 3.500 com b\u00f4nus\". - Motorista.com.br","isPartOf":{"@id":"https:\/\/motorista.com.br\/noticias\/#website"},"primaryImageOfPage":{"@id":"https:\/\/motorista.com.br\/noticias\/2026\/04\/28\/app-de-mobilidade-v1-do-grupo-aguia-branca-com-motoristas-clt-salario-de-r-3-500-com-bonus\/#primaryimage"},"image":{"@id":"https:\/\/motorista.com.br\/noticias\/2026\/04\/28\/app-de-mobilidade-v1-do-grupo-aguia-branca-com-motoristas-clt-salario-de-r-3-500-com-bonus\/#primaryimage"},"thumbnailUrl":"https:\/\/motorista.com.br\/noticias\/wp-content\/uploads\/2026\/04\/V1.webp.webp","datePublished":"2026-04-28T09:22:23+00:00","breadcrumb":{"@id":"https:\/\/motorista.com.br\/noticias\/2026\/04\/28\/app-de-mobilidade-v1-do-grupo-aguia-branca-com-motoristas-clt-salario-de-r-3-500-com-bonus\/#breadcrumb"},"inLanguage":"pt-BR","potentialAction":[{"@type":"ReadAction","target":["https:\/\/motorista.com.br\/noticias\/2026\/04\/28\/app-de-mobilidade-v1-do-grupo-aguia-branca-com-motoristas-clt-salario-de-r-3-500-com-bonus\/"]}]},{"@type":"ImageObject","inLanguage":"pt-BR","@id":"https:\/\/motorista.com.br\/noticias\/2026\/04\/28\/app-de-mobilidade-v1-do-grupo-aguia-branca-com-motoristas-clt-salario-de-r-3-500-com-bonus\/#primaryimage","url":"https:\/\/motorista.com.br\/noticias\/wp-content\/uploads\/2026\/04\/V1.webp.webp","contentUrl":"https:\/\/motorista.com.br\/noticias\/wp-content\/uploads\/2026\/04\/V1.webp.webp","width":1200,"height":800},{"@type":"BreadcrumbList","@id":"https:\/\/motorista.com.br\/noticias\/2026\/04\/28\/app-de-mobilidade-v1-do-grupo-aguia-branca-com-motoristas-clt-salario-de-r-3-500-com-bonus\/#breadcrumb","itemListElement":[{"@type":"ListItem","position":1,"name":"In\u00edcio","item":"https:\/\/motorista.com.br\/noticias\/"},{"@type":"ListItem","position":2,"name":"App de mobilidade V1 do Grupo \u00c1guia Branca com motoristas CLT: &#8220;Sal\u00e1rio de R$ 3.500 com b\u00f4nus&#8221;."}]},{"@type":"WebSite","@id":"https:\/\/motorista.com.br\/noticias\/#website","url":"https:\/\/motorista.com.br\/noticias\/","name":"Motorista.com.br","description":"Not\u00edcia do Motorista","publisher":{"@id":"https:\/\/motorista.com.br\/noticias\/#organization"},"potentialAction":[{"@type":"SearchAction","target":{"@type":"EntryPoint","urlTemplate":"https:\/\/motorista.com.br\/noticias\/?s={search_term_string}"},"query-input":{"@type":"PropertyValueSpecification","valueRequired":true,"valueName":"search_term_string"}}],"inLanguage":"pt-BR"},{"@type":"Organization","@id":"https:\/\/motorista.com.br\/noticias\/#organization","name":"Motorista.com.br","url":"https:\/\/motorista.com.br\/noticias\/","logo":{"@type":"ImageObject","inLanguage":"pt-BR","@id":"https:\/\/motorista.com.br\/noticias\/#\/schema\/logo\/image\/","url":"https:\/\/motorista.com.br\/noticias\/wp-content\/uploads\/2025\/06\/Design-sem-nome-9.png","contentUrl":"https:\/\/motorista.com.br\/noticias\/wp-content\/uploads\/2025\/06\/Design-sem-nome-9.png","width":150,"height":85,"caption":"Motorista.com.br"},"image":{"@id":"https:\/\/motorista.com.br\/noticias\/#\/schema\/logo\/image\/"}},{"@type":"Person","@id":"https:\/\/motorista.com.br\/noticias\/#\/schema\/person\/dc93afc2981c0e3ce6bc3c053fd847be","name":"Equipe Reda\u00e7\u00e3o","image":{"@type":"ImageObject","inLanguage":"pt-BR","@id":"https:\/\/secure.gravatar.com\/avatar\/4f525efbf18dd2bb300ccad28bfb99d95a9465a5ba268407c8c37b37e1f28d2d?s=96&d=mm&r=g9e099043a0c61e9ae27e293b9fa75ffc","url":"https:\/\/secure.gravatar.com\/avatar\/4f525efbf18dd2bb300ccad28bfb99d95a9465a5ba268407c8c37b37e1f28d2d?s=96&d=mm&r=g","contentUrl":"https:\/\/secure.gravatar.com\/avatar\/4f525efbf18dd2bb300ccad28bfb99d95a9465a5ba268407c8c37b37e1f28d2d?s=96&d=mm&r=g","caption":"Equipe Reda\u00e7\u00e3o"},"description":"Equipe de reda\u00e7\u00e3o \u00e9 um grupo de profissionais que trabalham juntos para criar conte\u00fado escrito para Motorista.com.br","url":"https:\/\/motorista.com.br\/noticias\/author\/equiperedacao\/"}]}},"_links":{"self":[{"href":"https:\/\/motorista.com.br\/noticias\/wp-json\/wp\/v2\/posts\/9256","targetHints":{"allow":["GET"]}}],"collection":[{"href":"https:\/\/motorista.com.br\/noticias\/wp-json\/wp\/v2\/posts"}],"about":[{"href":"https:\/\/motorista.com.br\/noticias\/wp-json\/wp\/v2\/types\/post"}],"author":[{"embeddable":true,"href":"https:\/\/motorista.com.br\/noticias\/wp-json\/wp\/v2\/users\/4"}],"replies":[{"embeddable":true,"href":"https:\/\/motorista.com.br\/noticias\/wp-json\/wp\/v2\/comments?post=9256"}],"version-history":[{"count":0,"href":"https:\/\/motorista.com.br\/noticias\/wp-json\/wp\/v2\/posts\/9256\/revisions"}],"wp:featuredmedia":[{"embeddable":true,"href":"https:\/\/motorista.com.br\/noticias\/wp-json\/wp\/v2\/media\/9257"}],"wp:attachment":[{"href":"https:\/\/motorista.com.br\/noticias\/wp-json\/wp\/v2\/media?parent=9256"}],"wp:term":[{"taxonomy":"category","embeddable":true,"href":"https:\/\/motorista.com.br\/noticias\/wp-json\/wp\/v2\/categories?post=9256"},{"taxonomy":"post_tag","embeddable":true,"href":"https:\/\/motorista.com.br\/noticias\/wp-json\/wp\/v2\/tags?post=9256"},{"taxonomy":"author","embeddable":true,"href":"https:\/\/motorista.com.br\/noticias\/wp-json\/wp\/v2\/coauthors?post=9256"}],"curies":[{"name":"wp","href":"https:\/\/api.w.org\/{rel}","templated":true}]}}