{"id":9255,"date":"2026-04-28T04:36:55","date_gmt":"2026-04-28T07:36:55","guid":{"rendered":"https:\/\/motorista.com.br\/noticias\/2026\/04\/28\/empresas-do-regime-geral-podem-usar-das-para-calcular-iss\/"},"modified":"2026-04-28T04:36:55","modified_gmt":"2026-04-28T07:36:55","slug":"empresas-do-regime-geral-podem-usar-das-para-calcular-iss","status":"publish","type":"post","link":"https:\/\/motorista.com.br\/noticias\/2026\/04\/28\/empresas-do-regime-geral-podem-usar-das-para-calcular-iss\/","title":{"rendered":"Empresas do regime geral podem usar DAS para calcular ISS."},"content":{"rendered":"<p><\/p>\n<h3>Empresas do regime geral poder\u00e3o usar DAS para apurar ISS<\/h3>\n<p>O governo anunciou que contribuintes do regime geral poder\u00e3o utilizar o Documento de Arrecada\u00e7\u00e3o do Simples Nacional (DAS) para apurar o Imposto Sobre Servi\u00e7os (ISS) at\u00e9 31 de dezembro de 2032. Essa mudan\u00e7a, v\u00e1lida para empresas de munic\u00edpios que optarem pelo uso do M\u00f3dulo de Apura\u00e7\u00e3o Nacional (MAN), promete simplificar o processo de arrecada\u00e7\u00e3o e incentivar a ades\u00e3o \u00e0 nova modalidade.<\/p>\n<h4>O que muda com a nova norma?<\/h4>\n<p>A iniciativa representa um avan\u00e7o significativo, pois substitui a complexidade da declara\u00e7\u00e3o de ISS que varia de munic\u00edpio para munic\u00edpio. Com o acesso ao m\u00f3dulo centralizado da DAS, as empresas podem contar com regras uniformes e mais transparentes, facilitando o cumprimento de suas obriga\u00e7\u00f5es fiscais. Essa simplifica\u00e7\u00e3o pode resultar em tempos de resposta mais r\u00e1pidos e em redu\u00e7\u00e3o da burocracia, beneficiando tanto os empres\u00e1rios quanto as prefeituras.<\/p>\n<h4>Implica\u00e7\u00f5es para a mobilidade e os motoristas<\/h4>\n<p>As melhorias na arrecada\u00e7\u00e3o do ISS t\u00eam impacto direto na mobilidade urbana. Com uma estrutura tribut\u00e1ria mais eficiente, os munic\u00edpios podem, potencialmente, destinar mais recursos para melhorias na infraestrutura de transporte. Isso inclui a manuten\u00e7\u00e3o de vias, amplia\u00e7\u00e3o do transporte p\u00fablico, e a cria\u00e7\u00e3o de ciclovias, entre outras iniciativas que promovem uma mobilidade mais integrada e eficiente.<\/p>\n<p>Al\u00e9m disso, a ado\u00e7\u00e3o do MAN poder\u00e1 levar a um aumento no fluxo financeiro dentro dos munic\u00edpios. Com mais recursos dispon\u00edveis, as administradoras das cidades podem investir em projetos que visem a melhoria da mobilidade urbana, garantindo que motoristas tenham acessos mais seguros e r\u00e1pidos, o que, por sua vez, se traduz em menos congestionamentos e maior fluidez no tr\u00e2nsito.<\/p>\n<h4>A transi\u00e7\u00e3o e o futuro do ISS<\/h4>\n<p>O prazo at\u00e9 2032 \u00e9 estrat\u00e9gico, uma vez que o ISS ser\u00e1 substitu\u00eddo pelo Imposto sobre Bens e Servi\u00e7os (IBS) em 2033, conforme o cronograma de reforma tribut\u00e1ria. Enquanto isso, a implementa\u00e7\u00e3o e o feedback das cidades durante os testes do MAN ser\u00e3o cruciais para moldar um sistema de arrecada\u00e7\u00e3o mais robusto e eficiente. As prefeituras que aderirem a essa moderniza\u00e7\u00e3o se colocar\u00e3o em uma posi\u00e7\u00e3o vantajosa, podendo oferecer servi\u00e7os mais eficazes \u00e0 popula\u00e7\u00e3o, contribuindo para um ambiente urbano mais din\u00e2mico e acess\u00edvel.<\/p>\n<h4>Conclus\u00e3o<\/h4>\n<p>A mudan\u00e7a na legisla\u00e7\u00e3o representa um passo significativo para a desburocratiza\u00e7\u00e3o e a efici\u00eancia tribut\u00e1ria, com reflexos positivos para empresas e cidad\u00e3os. Motoristas, em particular, poder\u00e3o se beneficiar de um ambiente urbano melhorado, impulsionado por uma gest\u00e3o fiscal que se adapta \u00e0s necessidades contempor\u00e2neas. Investir em mobilidade \u00e9 investir no futuro das cidades, e essa nova norma pode ser um catalisador para mudan\u00e7as significativas.<\/p>\n<p><strong>Fonte: reformatributaria<\/strong><\/p>\n","protected":false},"excerpt":{"rendered":"<p>Empresas do regime geral poder\u00e3o usar DAS para apurar ISS O governo anunciou que contribuintes do regime geral poder\u00e3o utilizar o Documento de Arrecada\u00e7\u00e3o do Simples Nacional (DAS) para apurar o Imposto Sobre Servi\u00e7os (ISS) at\u00e9 31 de dezembro de 2032. Essa mudan\u00e7a, v\u00e1lida para empresas de munic\u00edpios que optarem pelo uso do M\u00f3dulo de &hellip;<\/p>\n","protected":false},"author":4,"featured_media":5428,"comment_status":"","ping_status":"open","sticky":false,"template":"","format":"standard","meta":{"footnotes":""},"categories":[35],"tags":[],"coauthors":[42],"class_list":["post-9255","post","type-post","status-publish","format-standard","has-post-thumbnail","hentry","category-legislacao"],"yoast_head":"<!-- This site is optimized with the Yoast SEO Premium plugin v25.5 (Yoast SEO v27.5) - https:\/\/yoast.com\/product\/yoast-seo-premium-wordpress\/ -->\n<title>Empresas do regime geral podem usar DAS para calcular ISS. - Motorista.com.br<\/title>\n<meta name=\"robots\" content=\"index, follow, max-snippet:-1, max-image-preview:large, max-video-preview:-1\" \/>\n<link rel=\"canonical\" href=\"https:\/\/motorista.com.br\/noticias\/2026\/04\/28\/empresas-do-regime-geral-podem-usar-das-para-calcular-iss\/\" \/>\n<meta property=\"og:locale\" content=\"pt_BR\" \/>\n<meta property=\"og:type\" content=\"article\" \/>\n<meta property=\"og:title\" content=\"Empresas do regime geral podem usar DAS para calcular ISS.\" \/>\n<meta property=\"og:description\" content=\"Empresas do regime geral poder\u00e3o usar DAS para apurar ISS O governo anunciou que contribuintes do regime geral poder\u00e3o utilizar o Documento de Arrecada\u00e7\u00e3o do Simples Nacional (DAS) para apurar o Imposto Sobre Servi\u00e7os (ISS) at\u00e9 31 de dezembro de 2032. Essa mudan\u00e7a, v\u00e1lida para empresas de munic\u00edpios que optarem pelo uso do M\u00f3dulo de &hellip;\" \/>\n<meta property=\"og:url\" content=\"https:\/\/motorista.com.br\/noticias\/2026\/04\/28\/empresas-do-regime-geral-podem-usar-das-para-calcular-iss\/\" \/>\n<meta property=\"og:site_name\" content=\"Motorista.com.br\" \/>\n<meta property=\"article:published_time\" content=\"2026-04-28T07:36:55+00:00\" \/>\n<meta name=\"author\" content=\"Equipe Reda\u00e7\u00e3o\" \/>\n<meta name=\"twitter:card\" content=\"summary_large_image\" \/>\n<meta name=\"twitter:label1\" content=\"Escrito por\" \/>\n\t<meta name=\"twitter:data1\" content=\"Equipe Reda\u00e7\u00e3o\" \/>\n\t<meta name=\"twitter:label2\" content=\"Est. tempo de leitura\" \/>\n\t<meta name=\"twitter:data2\" content=\"2 minutos\" \/>\n\t<meta name=\"twitter:label3\" content=\"Written by\" \/>\n\t<meta name=\"twitter:data3\" content=\"Equipe Reda\u00e7\u00e3o\" \/>\n<script type=\"application\/ld+json\" class=\"yoast-schema-graph\">{\"@context\":\"https:\\\/\\\/schema.org\",\"@graph\":[{\"@type\":\"Article\",\"@id\":\"https:\\\/\\\/motorista.com.br\\\/noticias\\\/2026\\\/04\\\/28\\\/empresas-do-regime-geral-podem-usar-das-para-calcular-iss\\\/#article\",\"isPartOf\":{\"@id\":\"https:\\\/\\\/motorista.com.br\\\/noticias\\\/2026\\\/04\\\/28\\\/empresas-do-regime-geral-podem-usar-das-para-calcular-iss\\\/\"},\"author\":{\"name\":\"Equipe Reda\u00e7\u00e3o\",\"@id\":\"https:\\\/\\\/motorista.com.br\\\/noticias\\\/#\\\/schema\\\/person\\\/dc93afc2981c0e3ce6bc3c053fd847be\"},\"headline\":\"Empresas do regime geral podem usar DAS para calcular ISS.\",\"datePublished\":\"2026-04-28T07:36:55+00:00\",\"mainEntityOfPage\":{\"@id\":\"https:\\\/\\\/motorista.com.br\\\/noticias\\\/2026\\\/04\\\/28\\\/empresas-do-regime-geral-podem-usar-das-para-calcular-iss\\\/\"},\"wordCount\":490,\"publisher\":{\"@id\":\"https:\\\/\\\/motorista.com.br\\\/noticias\\\/#organization\"},\"image\":{\"@id\":\"https:\\\/\\\/motorista.com.br\\\/noticias\\\/2026\\\/04\\\/28\\\/empresas-do-regime-geral-podem-usar-das-para-calcular-iss\\\/#primaryimage\"},\"thumbnailUrl\":\"https:\\\/\\\/motorista.com.br\\\/noticias\\\/wp-content\\\/uploads\\\/2025\\\/12\\\/dinheiro-nota.jpg\",\"articleSection\":[\"Legisla\u00e7\u00e3o\"],\"inLanguage\":\"pt-BR\"},{\"@type\":\"WebPage\",\"@id\":\"https:\\\/\\\/motorista.com.br\\\/noticias\\\/2026\\\/04\\\/28\\\/empresas-do-regime-geral-podem-usar-das-para-calcular-iss\\\/\",\"url\":\"https:\\\/\\\/motorista.com.br\\\/noticias\\\/2026\\\/04\\\/28\\\/empresas-do-regime-geral-podem-usar-das-para-calcular-iss\\\/\",\"name\":\"Empresas do regime geral podem usar DAS para calcular ISS. - Motorista.com.br\",\"isPartOf\":{\"@id\":\"https:\\\/\\\/motorista.com.br\\\/noticias\\\/#website\"},\"primaryImageOfPage\":{\"@id\":\"https:\\\/\\\/motorista.com.br\\\/noticias\\\/2026\\\/04\\\/28\\\/empresas-do-regime-geral-podem-usar-das-para-calcular-iss\\\/#primaryimage\"},\"image\":{\"@id\":\"https:\\\/\\\/motorista.com.br\\\/noticias\\\/2026\\\/04\\\/28\\\/empresas-do-regime-geral-podem-usar-das-para-calcular-iss\\\/#primaryimage\"},\"thumbnailUrl\":\"https:\\\/\\\/motorista.com.br\\\/noticias\\\/wp-content\\\/uploads\\\/2025\\\/12\\\/dinheiro-nota.jpg\",\"datePublished\":\"2026-04-28T07:36:55+00:00\",\"breadcrumb\":{\"@id\":\"https:\\\/\\\/motorista.com.br\\\/noticias\\\/2026\\\/04\\\/28\\\/empresas-do-regime-geral-podem-usar-das-para-calcular-iss\\\/#breadcrumb\"},\"inLanguage\":\"pt-BR\",\"potentialAction\":[{\"@type\":\"ReadAction\",\"target\":[\"https:\\\/\\\/motorista.com.br\\\/noticias\\\/2026\\\/04\\\/28\\\/empresas-do-regime-geral-podem-usar-das-para-calcular-iss\\\/\"]}]},{\"@type\":\"ImageObject\",\"inLanguage\":\"pt-BR\",\"@id\":\"https:\\\/\\\/motorista.com.br\\\/noticias\\\/2026\\\/04\\\/28\\\/empresas-do-regime-geral-podem-usar-das-para-calcular-iss\\\/#primaryimage\",\"url\":\"https:\\\/\\\/motorista.com.br\\\/noticias\\\/wp-content\\\/uploads\\\/2025\\\/12\\\/dinheiro-nota.jpg\",\"contentUrl\":\"https:\\\/\\\/motorista.com.br\\\/noticias\\\/wp-content\\\/uploads\\\/2025\\\/12\\\/dinheiro-nota.jpg\",\"width\":1809,\"height\":1200},{\"@type\":\"BreadcrumbList\",\"@id\":\"https:\\\/\\\/motorista.com.br\\\/noticias\\\/2026\\\/04\\\/28\\\/empresas-do-regime-geral-podem-usar-das-para-calcular-iss\\\/#breadcrumb\",\"itemListElement\":[{\"@type\":\"ListItem\",\"position\":1,\"name\":\"In\u00edcio\",\"item\":\"https:\\\/\\\/motorista.com.br\\\/noticias\\\/\"},{\"@type\":\"ListItem\",\"position\":2,\"name\":\"Empresas do regime geral podem usar DAS para calcular ISS.\"}]},{\"@type\":\"WebSite\",\"@id\":\"https:\\\/\\\/motorista.com.br\\\/noticias\\\/#website\",\"url\":\"https:\\\/\\\/motorista.com.br\\\/noticias\\\/\",\"name\":\"Motorista.com.br\",\"description\":\"Not\u00edcia do Motorista\",\"publisher\":{\"@id\":\"https:\\\/\\\/motorista.com.br\\\/noticias\\\/#organization\"},\"potentialAction\":[{\"@type\":\"SearchAction\",\"target\":{\"@type\":\"EntryPoint\",\"urlTemplate\":\"https:\\\/\\\/motorista.com.br\\\/noticias\\\/?s={search_term_string}\"},\"query-input\":{\"@type\":\"PropertyValueSpecification\",\"valueRequired\":true,\"valueName\":\"search_term_string\"}}],\"inLanguage\":\"pt-BR\"},{\"@type\":\"Organization\",\"@id\":\"https:\\\/\\\/motorista.com.br\\\/noticias\\\/#organization\",\"name\":\"Motorista.com.br\",\"url\":\"https:\\\/\\\/motorista.com.br\\\/noticias\\\/\",\"logo\":{\"@type\":\"ImageObject\",\"inLanguage\":\"pt-BR\",\"@id\":\"https:\\\/\\\/motorista.com.br\\\/noticias\\\/#\\\/schema\\\/logo\\\/image\\\/\",\"url\":\"https:\\\/\\\/motorista.com.br\\\/noticias\\\/wp-content\\\/uploads\\\/2025\\\/06\\\/Design-sem-nome-9.png\",\"contentUrl\":\"https:\\\/\\\/motorista.com.br\\\/noticias\\\/wp-content\\\/uploads\\\/2025\\\/06\\\/Design-sem-nome-9.png\",\"width\":150,\"height\":85,\"caption\":\"Motorista.com.br\"},\"image\":{\"@id\":\"https:\\\/\\\/motorista.com.br\\\/noticias\\\/#\\\/schema\\\/logo\\\/image\\\/\"}},{\"@type\":\"Person\",\"@id\":\"https:\\\/\\\/motorista.com.br\\\/noticias\\\/#\\\/schema\\\/person\\\/dc93afc2981c0e3ce6bc3c053fd847be\",\"name\":\"Equipe Reda\u00e7\u00e3o\",\"image\":{\"@type\":\"ImageObject\",\"inLanguage\":\"pt-BR\",\"@id\":\"https:\\\/\\\/secure.gravatar.com\\\/avatar\\\/4f525efbf18dd2bb300ccad28bfb99d95a9465a5ba268407c8c37b37e1f28d2d?s=96&d=mm&r=g9e099043a0c61e9ae27e293b9fa75ffc\",\"url\":\"https:\\\/\\\/secure.gravatar.com\\\/avatar\\\/4f525efbf18dd2bb300ccad28bfb99d95a9465a5ba268407c8c37b37e1f28d2d?s=96&d=mm&r=g\",\"contentUrl\":\"https:\\\/\\\/secure.gravatar.com\\\/avatar\\\/4f525efbf18dd2bb300ccad28bfb99d95a9465a5ba268407c8c37b37e1f28d2d?s=96&d=mm&r=g\",\"caption\":\"Equipe Reda\u00e7\u00e3o\"},\"description\":\"Equipe de reda\u00e7\u00e3o \u00e9 um grupo de profissionais que trabalham juntos para criar conte\u00fado escrito para Motorista.com.br\",\"url\":\"https:\\\/\\\/motorista.com.br\\\/noticias\\\/author\\\/equiperedacao\\\/\"}]}<\/script>\n<!-- \/ Yoast SEO Premium plugin. -->","yoast_head_json":{"title":"Empresas do regime geral podem usar DAS para calcular ISS. - Motorista.com.br","robots":{"index":"index","follow":"follow","max-snippet":"max-snippet:-1","max-image-preview":"max-image-preview:large","max-video-preview":"max-video-preview:-1"},"canonical":"https:\/\/motorista.com.br\/noticias\/2026\/04\/28\/empresas-do-regime-geral-podem-usar-das-para-calcular-iss\/","og_locale":"pt_BR","og_type":"article","og_title":"Empresas do regime geral podem usar DAS para calcular ISS.","og_description":"Empresas do regime geral poder\u00e3o usar DAS para apurar ISS O governo anunciou que contribuintes do regime geral poder\u00e3o utilizar o Documento de Arrecada\u00e7\u00e3o do Simples Nacional (DAS) para apurar o Imposto Sobre Servi\u00e7os (ISS) at\u00e9 31 de dezembro de 2032. Essa mudan\u00e7a, v\u00e1lida para empresas de munic\u00edpios que optarem pelo uso do M\u00f3dulo de &hellip;","og_url":"https:\/\/motorista.com.br\/noticias\/2026\/04\/28\/empresas-do-regime-geral-podem-usar-das-para-calcular-iss\/","og_site_name":"Motorista.com.br","article_published_time":"2026-04-28T07:36:55+00:00","author":"Equipe Reda\u00e7\u00e3o","twitter_card":"summary_large_image","twitter_misc":{"Escrito por":"Equipe Reda\u00e7\u00e3o","Est. tempo de leitura":"2 minutos","Written by":"Equipe Reda\u00e7\u00e3o"},"schema":{"@context":"https:\/\/schema.org","@graph":[{"@type":"Article","@id":"https:\/\/motorista.com.br\/noticias\/2026\/04\/28\/empresas-do-regime-geral-podem-usar-das-para-calcular-iss\/#article","isPartOf":{"@id":"https:\/\/motorista.com.br\/noticias\/2026\/04\/28\/empresas-do-regime-geral-podem-usar-das-para-calcular-iss\/"},"author":{"name":"Equipe Reda\u00e7\u00e3o","@id":"https:\/\/motorista.com.br\/noticias\/#\/schema\/person\/dc93afc2981c0e3ce6bc3c053fd847be"},"headline":"Empresas do regime geral podem usar DAS para calcular ISS.","datePublished":"2026-04-28T07:36:55+00:00","mainEntityOfPage":{"@id":"https:\/\/motorista.com.br\/noticias\/2026\/04\/28\/empresas-do-regime-geral-podem-usar-das-para-calcular-iss\/"},"wordCount":490,"publisher":{"@id":"https:\/\/motorista.com.br\/noticias\/#organization"},"image":{"@id":"https:\/\/motorista.com.br\/noticias\/2026\/04\/28\/empresas-do-regime-geral-podem-usar-das-para-calcular-iss\/#primaryimage"},"thumbnailUrl":"https:\/\/motorista.com.br\/noticias\/wp-content\/uploads\/2025\/12\/dinheiro-nota.jpg","articleSection":["Legisla\u00e7\u00e3o"],"inLanguage":"pt-BR"},{"@type":"WebPage","@id":"https:\/\/motorista.com.br\/noticias\/2026\/04\/28\/empresas-do-regime-geral-podem-usar-das-para-calcular-iss\/","url":"https:\/\/motorista.com.br\/noticias\/2026\/04\/28\/empresas-do-regime-geral-podem-usar-das-para-calcular-iss\/","name":"Empresas do regime geral podem usar DAS para calcular ISS. - Motorista.com.br","isPartOf":{"@id":"https:\/\/motorista.com.br\/noticias\/#website"},"primaryImageOfPage":{"@id":"https:\/\/motorista.com.br\/noticias\/2026\/04\/28\/empresas-do-regime-geral-podem-usar-das-para-calcular-iss\/#primaryimage"},"image":{"@id":"https:\/\/motorista.com.br\/noticias\/2026\/04\/28\/empresas-do-regime-geral-podem-usar-das-para-calcular-iss\/#primaryimage"},"thumbnailUrl":"https:\/\/motorista.com.br\/noticias\/wp-content\/uploads\/2025\/12\/dinheiro-nota.jpg","datePublished":"2026-04-28T07:36:55+00:00","breadcrumb":{"@id":"https:\/\/motorista.com.br\/noticias\/2026\/04\/28\/empresas-do-regime-geral-podem-usar-das-para-calcular-iss\/#breadcrumb"},"inLanguage":"pt-BR","potentialAction":[{"@type":"ReadAction","target":["https:\/\/motorista.com.br\/noticias\/2026\/04\/28\/empresas-do-regime-geral-podem-usar-das-para-calcular-iss\/"]}]},{"@type":"ImageObject","inLanguage":"pt-BR","@id":"https:\/\/motorista.com.br\/noticias\/2026\/04\/28\/empresas-do-regime-geral-podem-usar-das-para-calcular-iss\/#primaryimage","url":"https:\/\/motorista.com.br\/noticias\/wp-content\/uploads\/2025\/12\/dinheiro-nota.jpg","contentUrl":"https:\/\/motorista.com.br\/noticias\/wp-content\/uploads\/2025\/12\/dinheiro-nota.jpg","width":1809,"height":1200},{"@type":"BreadcrumbList","@id":"https:\/\/motorista.com.br\/noticias\/2026\/04\/28\/empresas-do-regime-geral-podem-usar-das-para-calcular-iss\/#breadcrumb","itemListElement":[{"@type":"ListItem","position":1,"name":"In\u00edcio","item":"https:\/\/motorista.com.br\/noticias\/"},{"@type":"ListItem","position":2,"name":"Empresas do regime geral podem usar DAS para calcular ISS."}]},{"@type":"WebSite","@id":"https:\/\/motorista.com.br\/noticias\/#website","url":"https:\/\/motorista.com.br\/noticias\/","name":"Motorista.com.br","description":"Not\u00edcia do Motorista","publisher":{"@id":"https:\/\/motorista.com.br\/noticias\/#organization"},"potentialAction":[{"@type":"SearchAction","target":{"@type":"EntryPoint","urlTemplate":"https:\/\/motorista.com.br\/noticias\/?s={search_term_string}"},"query-input":{"@type":"PropertyValueSpecification","valueRequired":true,"valueName":"search_term_string"}}],"inLanguage":"pt-BR"},{"@type":"Organization","@id":"https:\/\/motorista.com.br\/noticias\/#organization","name":"Motorista.com.br","url":"https:\/\/motorista.com.br\/noticias\/","logo":{"@type":"ImageObject","inLanguage":"pt-BR","@id":"https:\/\/motorista.com.br\/noticias\/#\/schema\/logo\/image\/","url":"https:\/\/motorista.com.br\/noticias\/wp-content\/uploads\/2025\/06\/Design-sem-nome-9.png","contentUrl":"https:\/\/motorista.com.br\/noticias\/wp-content\/uploads\/2025\/06\/Design-sem-nome-9.png","width":150,"height":85,"caption":"Motorista.com.br"},"image":{"@id":"https:\/\/motorista.com.br\/noticias\/#\/schema\/logo\/image\/"}},{"@type":"Person","@id":"https:\/\/motorista.com.br\/noticias\/#\/schema\/person\/dc93afc2981c0e3ce6bc3c053fd847be","name":"Equipe Reda\u00e7\u00e3o","image":{"@type":"ImageObject","inLanguage":"pt-BR","@id":"https:\/\/secure.gravatar.com\/avatar\/4f525efbf18dd2bb300ccad28bfb99d95a9465a5ba268407c8c37b37e1f28d2d?s=96&d=mm&r=g9e099043a0c61e9ae27e293b9fa75ffc","url":"https:\/\/secure.gravatar.com\/avatar\/4f525efbf18dd2bb300ccad28bfb99d95a9465a5ba268407c8c37b37e1f28d2d?s=96&d=mm&r=g","contentUrl":"https:\/\/secure.gravatar.com\/avatar\/4f525efbf18dd2bb300ccad28bfb99d95a9465a5ba268407c8c37b37e1f28d2d?s=96&d=mm&r=g","caption":"Equipe Reda\u00e7\u00e3o"},"description":"Equipe de reda\u00e7\u00e3o \u00e9 um grupo de profissionais que trabalham juntos para criar conte\u00fado escrito para Motorista.com.br","url":"https:\/\/motorista.com.br\/noticias\/author\/equiperedacao\/"}]}},"_links":{"self":[{"href":"https:\/\/motorista.com.br\/noticias\/wp-json\/wp\/v2\/posts\/9255","targetHints":{"allow":["GET"]}}],"collection":[{"href":"https:\/\/motorista.com.br\/noticias\/wp-json\/wp\/v2\/posts"}],"about":[{"href":"https:\/\/motorista.com.br\/noticias\/wp-json\/wp\/v2\/types\/post"}],"author":[{"embeddable":true,"href":"https:\/\/motorista.com.br\/noticias\/wp-json\/wp\/v2\/users\/4"}],"replies":[{"embeddable":true,"href":"https:\/\/motorista.com.br\/noticias\/wp-json\/wp\/v2\/comments?post=9255"}],"version-history":[{"count":0,"href":"https:\/\/motorista.com.br\/noticias\/wp-json\/wp\/v2\/posts\/9255\/revisions"}],"wp:featuredmedia":[{"embeddable":true,"href":"https:\/\/motorista.com.br\/noticias\/wp-json\/wp\/v2\/media\/5428"}],"wp:attachment":[{"href":"https:\/\/motorista.com.br\/noticias\/wp-json\/wp\/v2\/media?parent=9255"}],"wp:term":[{"taxonomy":"category","embeddable":true,"href":"https:\/\/motorista.com.br\/noticias\/wp-json\/wp\/v2\/categories?post=9255"},{"taxonomy":"post_tag","embeddable":true,"href":"https:\/\/motorista.com.br\/noticias\/wp-json\/wp\/v2\/tags?post=9255"},{"taxonomy":"author","embeddable":true,"href":"https:\/\/motorista.com.br\/noticias\/wp-json\/wp\/v2\/coauthors?post=9255"}],"curies":[{"name":"wp","href":"https:\/\/api.w.org\/{rel}","templated":true}]}}