{"id":9253,"date":"2026-04-28T04:27:55","date_gmt":"2026-04-28T07:27:55","guid":{"rendered":"https:\/\/motorista.com.br\/noticias\/2026\/04\/28\/datas-e-horarios-das-quartas-de-final-da-segundona-do-parana-confirmados\/"},"modified":"2026-04-28T04:27:55","modified_gmt":"2026-04-28T07:27:55","slug":"datas-e-horarios-das-quartas-de-final-da-segundona-do-parana-confirmados","status":"publish","type":"post","link":"https:\/\/motorista.com.br\/noticias\/2026\/04\/28\/datas-e-horarios-das-quartas-de-final-da-segundona-do-parana-confirmados\/","title":{"rendered":"Datas e hor\u00e1rios das quartas de final da Segundona do Paran\u00e1 confirmados"},"content":{"rendered":"<p><\/p>\n<div>\n<p>A Federa\u00e7\u00e3o Paranaense de Futebol anunciou a tabela das quartas de final da 2\u00aa Divis\u00e3o do Campeonato Paranaense, confirmando datas e hor\u00e1rios para os jogos de ida e volta. Esta fase eliminat\u00f3ria conta com oito equipes que buscam o t\u00e3o desejado acesso \u00e0 primeira divis\u00e3o do futebol estadual.<\/p>\n<p>A rodada de ida come\u00e7a no s\u00e1bado, com o confronto do <strong>Paranava\u00ed<\/strong> contra o <strong>Laranja Mec\u00e2nica<\/strong> no Est\u00e1dio Waldemiro Wagner, marcado para \u00e0s 15h30. Em seguida, o <strong>Nacional<\/strong> desafia o <strong>Patriotas<\/strong> em Campo Mour\u00e3o \u00e0s 19h.<\/p>\n<p>No domingo, outros dois jogos completar\u00e3o a primeira rodada. O <strong>Toledo<\/strong> duela contra o <strong>Paran\u00e1 Clube<\/strong> no Est\u00e1dio 14 de Dezembro, \u00e0s 15h30, e o <strong>Rio Branco<\/strong> enfrenta o <strong>Arauc\u00e1ria<\/strong> no Gigante do Itiber\u00ea, em Paranagu\u00e1, tamb\u00e9m \u00e0s 15h30.<\/p>\n<p>As partidas de volta est\u00e3o programadas para o fim de semana seguinte e ser\u00e3o cruciais para a defini\u00e7\u00e3o dos semifinalistas. No s\u00e1bado, o <strong>Arauc\u00e1ria<\/strong> receber\u00e1 o <strong>Rio Branco<\/strong> (local a ser definido) \u00e0s 15h30, e o <strong>Laranja Mec\u00e2nica<\/strong> se encontrar\u00e1 com o <strong>Paranava\u00ed<\/strong> \u00e0s 18h30, no Est\u00e1dio dos P\u00e1ssaros. No domingo, o <strong>Patriotas<\/strong> enfrentar\u00e1 o <strong>Nacional<\/strong> em Campo Largo, \u00e0s 15h30, encerrando a rodada com o <strong>Paran\u00e1 Clube<\/strong> contra o <strong>Toledo<\/strong> na Vila Capanema, em Curitiba, \u00e0s 17h.<\/p>\n<p>Esses confrontos das quartas de final, disputados em partidas de ida e volta, decidir\u00e3o quais equipes avan\u00e7ar\u00e3o para as semifinais e lutar\u00e3o pelo acesso \u00e0 elite do futebol paranaense em 2027.<\/p>\n<h4><strong>Jogos de ida<\/strong><\/h4>\n<p>Paranava\u00ed x Laranja Mec\u00e2nica &#8211; Est\u00e1dio Municipal Dr. Waldemiro Wagner &#8211; Paranava\u00ed &#8211; S\u00e1bado &#8211; 15h30<\/p>\n<p>Nacional x Patriotas &#8211; Est\u00e1dio Municipal Jos\u00e9 Carlos Galbier &#8211; Campo Mour\u00e3o &#8211; S\u00e1bado &#8211; 19h<\/p>\n<p>Toledo x Paran\u00e1 Clube &#8211; Est\u00e1dio 14 de Dezembro &#8211; Toledo &#8211; Domingo &#8211; 15h30<\/p>\n<p>Rio Branco x Arauc\u00e1ria &#8211; Est\u00e1dio Gigante do Itiber\u00ea &#8211; Paranagu\u00e1 &#8211; Domingo &#8211; 15h30<\/p>\n<h4><strong>Jogos de volta<\/strong><\/h4>\n<p>Arauc\u00e1ria x Rio Branco &#8211; Est\u00e1dio a definir &#8211; S\u00e1bado &#8211; 15h30<\/p>\n<p>Laranja Mec\u00e2nica x Paranava\u00ed &#8211; Est\u00e1dio dos Pass\u00e1ros &#8211; S\u00e1bado &#8211; 18h30<\/p>\n<p>Patriotas x Nacional &#8211; Est\u00e1dio At\u00edlio Gion\u00e9dis &#8211; Campo Largo &#8211; Domingo &#8211; 15h30<\/p>\n<p>Paran\u00e1 Clube x Toledo &#8211; Vila Capanema &#8211; Curitiba &#8211; Domingo &#8211; 17h<\/p>\n<p>A movimenta\u00e7\u00e3o dessas partidas traz n\u00e3o apenas entretenimento aos torcedores, mas tamb\u00e9m impacto direto na mobilidade das cidades onde os jogos acontecem. O fluxo de ve\u00edculos aumenta significativamente, exigindo planejamento tanto para os motoristas quanto para os \u00f3rg\u00e3os de tr\u00e2nsito. Muitas cidades devem se preparar para gerenciar o tr\u00e1fego nos dias dos jogos, o que pode resultar em congestionamentos e limites nas op\u00e7\u00f5es de estacionamento. Para os motoristas que acompanham suas equipes, a experi\u00eancia de ir ao est\u00e1dio torna-se uma oportunidade de maior intera\u00e7\u00e3o e valoriza\u00e7\u00e3o do esporte local, o que reflete positivamente na cultura comunit\u00e1ria.<\/p>\n<\/div>\n","protected":false},"excerpt":{"rendered":"<p>A Federa\u00e7\u00e3o Paranaense de Futebol anunciou a tabela das quartas de final da 2\u00aa Divis\u00e3o do Campeonato Paranaense, confirmando datas e hor\u00e1rios para os jogos de ida e volta. Esta fase eliminat\u00f3ria conta com oito equipes que buscam o t\u00e3o desejado acesso \u00e0 primeira divis\u00e3o do futebol estadual. A rodada de ida come\u00e7a no s\u00e1bado, &hellip;<\/p>\n","protected":false},"author":4,"featured_media":9254,"comment_status":"","ping_status":"open","sticky":false,"template":"","format":"standard","meta":{"footnotes":""},"categories":[45],"tags":[],"coauthors":[42],"class_list":["post-9253","post","type-post","status-publish","format-standard","has-post-thumbnail","hentry","category-mundo"],"yoast_head":"<!-- This site is optimized with the Yoast SEO Premium plugin v25.5 (Yoast SEO v27.5) - https:\/\/yoast.com\/product\/yoast-seo-premium-wordpress\/ -->\n<title>Datas e hor\u00e1rios das quartas de final da Segundona do Paran\u00e1 confirmados - Motorista.com.br<\/title>\n<meta name=\"robots\" content=\"index, follow, max-snippet:-1, max-image-preview:large, max-video-preview:-1\" \/>\n<link rel=\"canonical\" href=\"https:\/\/motorista.com.br\/noticias\/2026\/04\/28\/datas-e-horarios-das-quartas-de-final-da-segundona-do-parana-confirmados\/\" \/>\n<meta property=\"og:locale\" content=\"pt_BR\" \/>\n<meta property=\"og:type\" content=\"article\" \/>\n<meta property=\"og:title\" content=\"Datas e hor\u00e1rios das quartas de final da Segundona do Paran\u00e1 confirmados\" \/>\n<meta property=\"og:description\" content=\"A Federa\u00e7\u00e3o Paranaense de Futebol anunciou a tabela das quartas de final da 2\u00aa Divis\u00e3o do Campeonato Paranaense, confirmando datas e hor\u00e1rios para os jogos de ida e volta. Esta fase eliminat\u00f3ria conta com oito equipes que buscam o t\u00e3o desejado acesso \u00e0 primeira divis\u00e3o do futebol estadual. A rodada de ida come\u00e7a no s\u00e1bado, &hellip;\" \/>\n<meta property=\"og:url\" content=\"https:\/\/motorista.com.br\/noticias\/2026\/04\/28\/datas-e-horarios-das-quartas-de-final-da-segundona-do-parana-confirmados\/\" \/>\n<meta property=\"og:site_name\" content=\"Motorista.com.br\" \/>\n<meta property=\"article:published_time\" content=\"2026-04-28T07:27:55+00:00\" \/>\n<meta name=\"author\" content=\"Equipe Reda\u00e7\u00e3o\" \/>\n<meta name=\"twitter:card\" content=\"summary_large_image\" \/>\n<meta name=\"twitter:label1\" content=\"Escrito por\" \/>\n\t<meta name=\"twitter:data1\" content=\"Equipe Reda\u00e7\u00e3o\" \/>\n\t<meta name=\"twitter:label2\" content=\"Est. tempo de leitura\" \/>\n\t<meta name=\"twitter:data2\" content=\"3 minutos\" \/>\n\t<meta name=\"twitter:label3\" content=\"Written by\" \/>\n\t<meta name=\"twitter:data3\" content=\"Equipe Reda\u00e7\u00e3o\" \/>\n<script type=\"application\/ld+json\" class=\"yoast-schema-graph\">{\"@context\":\"https:\\\/\\\/schema.org\",\"@graph\":[{\"@type\":\"Article\",\"@id\":\"https:\\\/\\\/motorista.com.br\\\/noticias\\\/2026\\\/04\\\/28\\\/datas-e-horarios-das-quartas-de-final-da-segundona-do-parana-confirmados\\\/#article\",\"isPartOf\":{\"@id\":\"https:\\\/\\\/motorista.com.br\\\/noticias\\\/2026\\\/04\\\/28\\\/datas-e-horarios-das-quartas-de-final-da-segundona-do-parana-confirmados\\\/\"},\"author\":{\"name\":\"Equipe Reda\u00e7\u00e3o\",\"@id\":\"https:\\\/\\\/motorista.com.br\\\/noticias\\\/#\\\/schema\\\/person\\\/dc93afc2981c0e3ce6bc3c053fd847be\"},\"headline\":\"Datas e hor\u00e1rios das quartas de final da Segundona do Paran\u00e1 confirmados\",\"datePublished\":\"2026-04-28T07:27:55+00:00\",\"mainEntityOfPage\":{\"@id\":\"https:\\\/\\\/motorista.com.br\\\/noticias\\\/2026\\\/04\\\/28\\\/datas-e-horarios-das-quartas-de-final-da-segundona-do-parana-confirmados\\\/\"},\"wordCount\":513,\"publisher\":{\"@id\":\"https:\\\/\\\/motorista.com.br\\\/noticias\\\/#organization\"},\"image\":{\"@id\":\"https:\\\/\\\/motorista.com.br\\\/noticias\\\/2026\\\/04\\\/28\\\/datas-e-horarios-das-quartas-de-final-da-segundona-do-parana-confirmados\\\/#primaryimage\"},\"thumbnailUrl\":\"https:\\\/\\\/motorista.com.br\\\/noticias\\\/wp-content\\\/uploads\\\/2026\\\/04\\\/20260426093548_ogImage_5.jpg\",\"articleSection\":[\"Mundo\"],\"inLanguage\":\"pt-BR\"},{\"@type\":\"WebPage\",\"@id\":\"https:\\\/\\\/motorista.com.br\\\/noticias\\\/2026\\\/04\\\/28\\\/datas-e-horarios-das-quartas-de-final-da-segundona-do-parana-confirmados\\\/\",\"url\":\"https:\\\/\\\/motorista.com.br\\\/noticias\\\/2026\\\/04\\\/28\\\/datas-e-horarios-das-quartas-de-final-da-segundona-do-parana-confirmados\\\/\",\"name\":\"Datas e hor\u00e1rios das quartas de final da Segundona do Paran\u00e1 confirmados - Motorista.com.br\",\"isPartOf\":{\"@id\":\"https:\\\/\\\/motorista.com.br\\\/noticias\\\/#website\"},\"primaryImageOfPage\":{\"@id\":\"https:\\\/\\\/motorista.com.br\\\/noticias\\\/2026\\\/04\\\/28\\\/datas-e-horarios-das-quartas-de-final-da-segundona-do-parana-confirmados\\\/#primaryimage\"},\"image\":{\"@id\":\"https:\\\/\\\/motorista.com.br\\\/noticias\\\/2026\\\/04\\\/28\\\/datas-e-horarios-das-quartas-de-final-da-segundona-do-parana-confirmados\\\/#primaryimage\"},\"thumbnailUrl\":\"https:\\\/\\\/motorista.com.br\\\/noticias\\\/wp-content\\\/uploads\\\/2026\\\/04\\\/20260426093548_ogImage_5.jpg\",\"datePublished\":\"2026-04-28T07:27:55+00:00\",\"breadcrumb\":{\"@id\":\"https:\\\/\\\/motorista.com.br\\\/noticias\\\/2026\\\/04\\\/28\\\/datas-e-horarios-das-quartas-de-final-da-segundona-do-parana-confirmados\\\/#breadcrumb\"},\"inLanguage\":\"pt-BR\",\"potentialAction\":[{\"@type\":\"ReadAction\",\"target\":[\"https:\\\/\\\/motorista.com.br\\\/noticias\\\/2026\\\/04\\\/28\\\/datas-e-horarios-das-quartas-de-final-da-segundona-do-parana-confirmados\\\/\"]}]},{\"@type\":\"ImageObject\",\"inLanguage\":\"pt-BR\",\"@id\":\"https:\\\/\\\/motorista.com.br\\\/noticias\\\/2026\\\/04\\\/28\\\/datas-e-horarios-das-quartas-de-final-da-segundona-do-parana-confirmados\\\/#primaryimage\",\"url\":\"https:\\\/\\\/motorista.com.br\\\/noticias\\\/wp-content\\\/uploads\\\/2026\\\/04\\\/20260426093548_ogImage_5.jpg\",\"contentUrl\":\"https:\\\/\\\/motorista.com.br\\\/noticias\\\/wp-content\\\/uploads\\\/2026\\\/04\\\/20260426093548_ogImage_5.jpg\",\"width\":730,\"height\":400},{\"@type\":\"BreadcrumbList\",\"@id\":\"https:\\\/\\\/motorista.com.br\\\/noticias\\\/2026\\\/04\\\/28\\\/datas-e-horarios-das-quartas-de-final-da-segundona-do-parana-confirmados\\\/#breadcrumb\",\"itemListElement\":[{\"@type\":\"ListItem\",\"position\":1,\"name\":\"In\u00edcio\",\"item\":\"https:\\\/\\\/motorista.com.br\\\/noticias\\\/\"},{\"@type\":\"ListItem\",\"position\":2,\"name\":\"Datas e hor\u00e1rios das quartas de final da Segundona do Paran\u00e1 confirmados\"}]},{\"@type\":\"WebSite\",\"@id\":\"https:\\\/\\\/motorista.com.br\\\/noticias\\\/#website\",\"url\":\"https:\\\/\\\/motorista.com.br\\\/noticias\\\/\",\"name\":\"Motorista.com.br\",\"description\":\"Not\u00edcia do Motorista\",\"publisher\":{\"@id\":\"https:\\\/\\\/motorista.com.br\\\/noticias\\\/#organization\"},\"potentialAction\":[{\"@type\":\"SearchAction\",\"target\":{\"@type\":\"EntryPoint\",\"urlTemplate\":\"https:\\\/\\\/motorista.com.br\\\/noticias\\\/?s={search_term_string}\"},\"query-input\":{\"@type\":\"PropertyValueSpecification\",\"valueRequired\":true,\"valueName\":\"search_term_string\"}}],\"inLanguage\":\"pt-BR\"},{\"@type\":\"Organization\",\"@id\":\"https:\\\/\\\/motorista.com.br\\\/noticias\\\/#organization\",\"name\":\"Motorista.com.br\",\"url\":\"https:\\\/\\\/motorista.com.br\\\/noticias\\\/\",\"logo\":{\"@type\":\"ImageObject\",\"inLanguage\":\"pt-BR\",\"@id\":\"https:\\\/\\\/motorista.com.br\\\/noticias\\\/#\\\/schema\\\/logo\\\/image\\\/\",\"url\":\"https:\\\/\\\/motorista.com.br\\\/noticias\\\/wp-content\\\/uploads\\\/2025\\\/06\\\/Design-sem-nome-9.png\",\"contentUrl\":\"https:\\\/\\\/motorista.com.br\\\/noticias\\\/wp-content\\\/uploads\\\/2025\\\/06\\\/Design-sem-nome-9.png\",\"width\":150,\"height\":85,\"caption\":\"Motorista.com.br\"},\"image\":{\"@id\":\"https:\\\/\\\/motorista.com.br\\\/noticias\\\/#\\\/schema\\\/logo\\\/image\\\/\"}},{\"@type\":\"Person\",\"@id\":\"https:\\\/\\\/motorista.com.br\\\/noticias\\\/#\\\/schema\\\/person\\\/dc93afc2981c0e3ce6bc3c053fd847be\",\"name\":\"Equipe Reda\u00e7\u00e3o\",\"image\":{\"@type\":\"ImageObject\",\"inLanguage\":\"pt-BR\",\"@id\":\"https:\\\/\\\/secure.gravatar.com\\\/avatar\\\/4f525efbf18dd2bb300ccad28bfb99d95a9465a5ba268407c8c37b37e1f28d2d?s=96&d=mm&r=g9e099043a0c61e9ae27e293b9fa75ffc\",\"url\":\"https:\\\/\\\/secure.gravatar.com\\\/avatar\\\/4f525efbf18dd2bb300ccad28bfb99d95a9465a5ba268407c8c37b37e1f28d2d?s=96&d=mm&r=g\",\"contentUrl\":\"https:\\\/\\\/secure.gravatar.com\\\/avatar\\\/4f525efbf18dd2bb300ccad28bfb99d95a9465a5ba268407c8c37b37e1f28d2d?s=96&d=mm&r=g\",\"caption\":\"Equipe Reda\u00e7\u00e3o\"},\"description\":\"Equipe de reda\u00e7\u00e3o \u00e9 um grupo de profissionais que trabalham juntos para criar conte\u00fado escrito para Motorista.com.br\",\"url\":\"https:\\\/\\\/motorista.com.br\\\/noticias\\\/author\\\/equiperedacao\\\/\"}]}<\/script>\n<!-- \/ Yoast SEO Premium plugin. -->","yoast_head_json":{"title":"Datas e hor\u00e1rios das quartas de final da Segundona do Paran\u00e1 confirmados - Motorista.com.br","robots":{"index":"index","follow":"follow","max-snippet":"max-snippet:-1","max-image-preview":"max-image-preview:large","max-video-preview":"max-video-preview:-1"},"canonical":"https:\/\/motorista.com.br\/noticias\/2026\/04\/28\/datas-e-horarios-das-quartas-de-final-da-segundona-do-parana-confirmados\/","og_locale":"pt_BR","og_type":"article","og_title":"Datas e hor\u00e1rios das quartas de final da Segundona do Paran\u00e1 confirmados","og_description":"A Federa\u00e7\u00e3o Paranaense de Futebol anunciou a tabela das quartas de final da 2\u00aa Divis\u00e3o do Campeonato Paranaense, confirmando datas e hor\u00e1rios para os jogos de ida e volta. Esta fase eliminat\u00f3ria conta com oito equipes que buscam o t\u00e3o desejado acesso \u00e0 primeira divis\u00e3o do futebol estadual. A rodada de ida come\u00e7a no s\u00e1bado, &hellip;","og_url":"https:\/\/motorista.com.br\/noticias\/2026\/04\/28\/datas-e-horarios-das-quartas-de-final-da-segundona-do-parana-confirmados\/","og_site_name":"Motorista.com.br","article_published_time":"2026-04-28T07:27:55+00:00","author":"Equipe Reda\u00e7\u00e3o","twitter_card":"summary_large_image","twitter_misc":{"Escrito por":"Equipe Reda\u00e7\u00e3o","Est. tempo de leitura":"3 minutos","Written by":"Equipe Reda\u00e7\u00e3o"},"schema":{"@context":"https:\/\/schema.org","@graph":[{"@type":"Article","@id":"https:\/\/motorista.com.br\/noticias\/2026\/04\/28\/datas-e-horarios-das-quartas-de-final-da-segundona-do-parana-confirmados\/#article","isPartOf":{"@id":"https:\/\/motorista.com.br\/noticias\/2026\/04\/28\/datas-e-horarios-das-quartas-de-final-da-segundona-do-parana-confirmados\/"},"author":{"name":"Equipe Reda\u00e7\u00e3o","@id":"https:\/\/motorista.com.br\/noticias\/#\/schema\/person\/dc93afc2981c0e3ce6bc3c053fd847be"},"headline":"Datas e hor\u00e1rios das quartas de final da Segundona do Paran\u00e1 confirmados","datePublished":"2026-04-28T07:27:55+00:00","mainEntityOfPage":{"@id":"https:\/\/motorista.com.br\/noticias\/2026\/04\/28\/datas-e-horarios-das-quartas-de-final-da-segundona-do-parana-confirmados\/"},"wordCount":513,"publisher":{"@id":"https:\/\/motorista.com.br\/noticias\/#organization"},"image":{"@id":"https:\/\/motorista.com.br\/noticias\/2026\/04\/28\/datas-e-horarios-das-quartas-de-final-da-segundona-do-parana-confirmados\/#primaryimage"},"thumbnailUrl":"https:\/\/motorista.com.br\/noticias\/wp-content\/uploads\/2026\/04\/20260426093548_ogImage_5.jpg","articleSection":["Mundo"],"inLanguage":"pt-BR"},{"@type":"WebPage","@id":"https:\/\/motorista.com.br\/noticias\/2026\/04\/28\/datas-e-horarios-das-quartas-de-final-da-segundona-do-parana-confirmados\/","url":"https:\/\/motorista.com.br\/noticias\/2026\/04\/28\/datas-e-horarios-das-quartas-de-final-da-segundona-do-parana-confirmados\/","name":"Datas e hor\u00e1rios das quartas de final da Segundona do Paran\u00e1 confirmados - Motorista.com.br","isPartOf":{"@id":"https:\/\/motorista.com.br\/noticias\/#website"},"primaryImageOfPage":{"@id":"https:\/\/motorista.com.br\/noticias\/2026\/04\/28\/datas-e-horarios-das-quartas-de-final-da-segundona-do-parana-confirmados\/#primaryimage"},"image":{"@id":"https:\/\/motorista.com.br\/noticias\/2026\/04\/28\/datas-e-horarios-das-quartas-de-final-da-segundona-do-parana-confirmados\/#primaryimage"},"thumbnailUrl":"https:\/\/motorista.com.br\/noticias\/wp-content\/uploads\/2026\/04\/20260426093548_ogImage_5.jpg","datePublished":"2026-04-28T07:27:55+00:00","breadcrumb":{"@id":"https:\/\/motorista.com.br\/noticias\/2026\/04\/28\/datas-e-horarios-das-quartas-de-final-da-segundona-do-parana-confirmados\/#breadcrumb"},"inLanguage":"pt-BR","potentialAction":[{"@type":"ReadAction","target":["https:\/\/motorista.com.br\/noticias\/2026\/04\/28\/datas-e-horarios-das-quartas-de-final-da-segundona-do-parana-confirmados\/"]}]},{"@type":"ImageObject","inLanguage":"pt-BR","@id":"https:\/\/motorista.com.br\/noticias\/2026\/04\/28\/datas-e-horarios-das-quartas-de-final-da-segundona-do-parana-confirmados\/#primaryimage","url":"https:\/\/motorista.com.br\/noticias\/wp-content\/uploads\/2026\/04\/20260426093548_ogImage_5.jpg","contentUrl":"https:\/\/motorista.com.br\/noticias\/wp-content\/uploads\/2026\/04\/20260426093548_ogImage_5.jpg","width":730,"height":400},{"@type":"BreadcrumbList","@id":"https:\/\/motorista.com.br\/noticias\/2026\/04\/28\/datas-e-horarios-das-quartas-de-final-da-segundona-do-parana-confirmados\/#breadcrumb","itemListElement":[{"@type":"ListItem","position":1,"name":"In\u00edcio","item":"https:\/\/motorista.com.br\/noticias\/"},{"@type":"ListItem","position":2,"name":"Datas e hor\u00e1rios das quartas de final da Segundona do Paran\u00e1 confirmados"}]},{"@type":"WebSite","@id":"https:\/\/motorista.com.br\/noticias\/#website","url":"https:\/\/motorista.com.br\/noticias\/","name":"Motorista.com.br","description":"Not\u00edcia do Motorista","publisher":{"@id":"https:\/\/motorista.com.br\/noticias\/#organization"},"potentialAction":[{"@type":"SearchAction","target":{"@type":"EntryPoint","urlTemplate":"https:\/\/motorista.com.br\/noticias\/?s={search_term_string}"},"query-input":{"@type":"PropertyValueSpecification","valueRequired":true,"valueName":"search_term_string"}}],"inLanguage":"pt-BR"},{"@type":"Organization","@id":"https:\/\/motorista.com.br\/noticias\/#organization","name":"Motorista.com.br","url":"https:\/\/motorista.com.br\/noticias\/","logo":{"@type":"ImageObject","inLanguage":"pt-BR","@id":"https:\/\/motorista.com.br\/noticias\/#\/schema\/logo\/image\/","url":"https:\/\/motorista.com.br\/noticias\/wp-content\/uploads\/2025\/06\/Design-sem-nome-9.png","contentUrl":"https:\/\/motorista.com.br\/noticias\/wp-content\/uploads\/2025\/06\/Design-sem-nome-9.png","width":150,"height":85,"caption":"Motorista.com.br"},"image":{"@id":"https:\/\/motorista.com.br\/noticias\/#\/schema\/logo\/image\/"}},{"@type":"Person","@id":"https:\/\/motorista.com.br\/noticias\/#\/schema\/person\/dc93afc2981c0e3ce6bc3c053fd847be","name":"Equipe Reda\u00e7\u00e3o","image":{"@type":"ImageObject","inLanguage":"pt-BR","@id":"https:\/\/secure.gravatar.com\/avatar\/4f525efbf18dd2bb300ccad28bfb99d95a9465a5ba268407c8c37b37e1f28d2d?s=96&d=mm&r=g9e099043a0c61e9ae27e293b9fa75ffc","url":"https:\/\/secure.gravatar.com\/avatar\/4f525efbf18dd2bb300ccad28bfb99d95a9465a5ba268407c8c37b37e1f28d2d?s=96&d=mm&r=g","contentUrl":"https:\/\/secure.gravatar.com\/avatar\/4f525efbf18dd2bb300ccad28bfb99d95a9465a5ba268407c8c37b37e1f28d2d?s=96&d=mm&r=g","caption":"Equipe Reda\u00e7\u00e3o"},"description":"Equipe de reda\u00e7\u00e3o \u00e9 um grupo de profissionais que trabalham juntos para criar conte\u00fado escrito para Motorista.com.br","url":"https:\/\/motorista.com.br\/noticias\/author\/equiperedacao\/"}]}},"_links":{"self":[{"href":"https:\/\/motorista.com.br\/noticias\/wp-json\/wp\/v2\/posts\/9253","targetHints":{"allow":["GET"]}}],"collection":[{"href":"https:\/\/motorista.com.br\/noticias\/wp-json\/wp\/v2\/posts"}],"about":[{"href":"https:\/\/motorista.com.br\/noticias\/wp-json\/wp\/v2\/types\/post"}],"author":[{"embeddable":true,"href":"https:\/\/motorista.com.br\/noticias\/wp-json\/wp\/v2\/users\/4"}],"replies":[{"embeddable":true,"href":"https:\/\/motorista.com.br\/noticias\/wp-json\/wp\/v2\/comments?post=9253"}],"version-history":[{"count":0,"href":"https:\/\/motorista.com.br\/noticias\/wp-json\/wp\/v2\/posts\/9253\/revisions"}],"wp:featuredmedia":[{"embeddable":true,"href":"https:\/\/motorista.com.br\/noticias\/wp-json\/wp\/v2\/media\/9254"}],"wp:attachment":[{"href":"https:\/\/motorista.com.br\/noticias\/wp-json\/wp\/v2\/media?parent=9253"}],"wp:term":[{"taxonomy":"category","embeddable":true,"href":"https:\/\/motorista.com.br\/noticias\/wp-json\/wp\/v2\/categories?post=9253"},{"taxonomy":"post_tag","embeddable":true,"href":"https:\/\/motorista.com.br\/noticias\/wp-json\/wp\/v2\/tags?post=9253"},{"taxonomy":"author","embeddable":true,"href":"https:\/\/motorista.com.br\/noticias\/wp-json\/wp\/v2\/coauthors?post=9253"}],"curies":[{"name":"wp","href":"https:\/\/api.w.org\/{rel}","templated":true}]}}