{"id":9251,"date":"2026-04-28T01:52:35","date_gmt":"2026-04-28T04:52:35","guid":{"rendered":"https:\/\/motorista.com.br\/noticias\/2026\/04\/28\/carro-desenvolvido-com-ia-esta-se-tornando-realidade-compartilhe-sua-opiniao\/"},"modified":"2026-04-28T01:52:35","modified_gmt":"2026-04-28T04:52:35","slug":"carro-desenvolvido-com-ia-esta-se-tornando-realidade-compartilhe-sua-opiniao","status":"publish","type":"post","link":"https:\/\/motorista.com.br\/noticias\/2026\/04\/28\/carro-desenvolvido-com-ia-esta-se-tornando-realidade-compartilhe-sua-opiniao\/","title":{"rendered":"Carro desenvolvido com IA est\u00e1 se tornando realidade; compartilhe sua opini\u00e3o!"},"content":{"rendered":"<p>O advento da intelig\u00eancia artificial (IA) no setor automotivo est\u00e1 transformando radicalmente a maneira como os ve\u00edculos s\u00e3o projetados e fabricados. Tradicionalmente, o desenvolvimento de um carro novo envolvia um longo processo que poderia levar at\u00e9 cinco anos, desde o conceito inicial at\u00e9 a chegada \u00e0s concession\u00e1rias. No entanto, grandes montadoras como a General Motors (GM) e a Nissan est\u00e3o utilizando IAs generativas e preditivas para reduzir esse tempo para cerca de 30 meses, um avan\u00e7o significativo que pode ter impactos diretos na mobilidade urbana.<\/p>\n<p>### Efici\u00eancia no Design e na Produ\u00e7\u00e3o<\/p>\n<p>O uso de ferramentas de IA, como a Vizcom da GM, acelerou a transi\u00e7\u00e3o de esbo\u00e7os manuais para modelos 3D em horas. Isso n\u00e3o apenas acelera a produ\u00e7\u00e3o, mas tamb\u00e9m permite testar diferentes designs e funcionalidades em tempo real. Com essa nova abordagem, os motoristas podem esperar ve\u00edculos que atendam melhor suas necessidades, devido \u00e0 r\u00e1pida adapta\u00e7\u00e3o \u00e0s prefer\u00eancias do consumidor.<\/p>\n<p>Al\u00e9m disso, o &#8220;t\u00fanel de vento virtual&#8221; desenvolvido pela Neural Concept \u00e9 um exemplo de como a IA pode otimizar a aerodin\u00e2mica dos ve\u00edculos. Testes que antes duravam horas agora s\u00e3o realizados em minutos, resultando em carros mais eficientes, que consomem menos combust\u00edvel e apresentam maior autonomia el\u00e9trica. Essa efici\u00eancia pode contribuir para uma mobilidade mais sustent\u00e1vel e para a redu\u00e7\u00e3o das emiss\u00f5es de carbono nas cidades, impactando positivamente a qualidade do ar e, consequentemente, a sa\u00fade p\u00fablica.<\/p>\n<p>### Desenvolvimento \u00c1gil e Resposta ao Mercado<\/p>\n<p>O desafio de manter-se atualizado diante de um cen\u00e1rio pol\u00edtico e econ\u00f4mico vol\u00e1til, especialmente nos EUA, tem levado as montadoras a buscar agilidade na produ\u00e7\u00e3o. A Nissan, por exemplo, est\u00e1 investindo em automa\u00e7\u00e3o para acelerar testes de software, o que possibilita um lan\u00e7amento mais r\u00e1pido de ve\u00edculos inteligentes. Isso significa que os motoristas ter\u00e3o acesso a inova\u00e7\u00f5es tecnol\u00f3gicas com maior frequ\u00eancia, contribuindo para uma mobilidade mais conectada e intuitiva.<\/p>\n<p>### O Futuro do Trabalho e do Design Automotivo<\/p>\n<p>Embora a IA esteja amplificando as capacidades humanas, existem preocupa\u00e7\u00f5es sobre o impacto no emprego dentro das montadoras. Se a efici\u00eancia aumentar consideravelmente, isso pode levar a uma redu\u00e7\u00e3o no n\u00famero de vagas em est\u00fadios de design. Embora a criatividade humana continue a ser essencial, a substitui\u00e7\u00e3o parcial de tarefas repetitivas pode gerar um novo cen\u00e1rio no mercado de trabalho, com a necessidade de especialistas em tecnologia se tornando cada vez mais evidente.<\/p>\n<p>### Considera\u00e7\u00f5es Finais<\/p>\n<p>O avan\u00e7o da IA na ind\u00fastria automotiva \u00e9 um sinal promissor para o futuro da mobilidade. O desenvolvimento mais \u00e1gil de ve\u00edculos, aliado a um design mais eficiente, pode resultar em solu\u00e7\u00f5es mais adequadas \u00e0s necessidades dos motoristas e \u00e0 realidade das cidades. \u00c0 medida que essas tecnologias se consolidam, ser\u00e1 interessante observar como elas moldar\u00e3o n\u00e3o apenas os ve\u00edculos, mas tamb\u00e9m a maneira como nos deslocamos e interagimos com o ambiente urbano.<\/p>\n","protected":false},"excerpt":{"rendered":"<p>O advento da intelig\u00eancia artificial (IA) no setor automotivo est\u00e1 transformando radicalmente a maneira como os ve\u00edculos s\u00e3o projetados e fabricados. Tradicionalmente, o desenvolvimento de um carro novo envolvia um longo processo que poderia levar at\u00e9 cinco anos, desde o conceito inicial at\u00e9 a chegada \u00e0s concession\u00e1rias. No entanto, grandes montadoras como a General Motors &hellip;<\/p>\n","protected":false},"author":4,"featured_media":9252,"comment_status":"","ping_status":"open","sticky":false,"template":"","format":"standard","meta":{"footnotes":""},"categories":[56],"tags":[],"coauthors":[42],"class_list":["post-9251","post","type-post","status-publish","format-standard","has-post-thumbnail","hentry","category-tecnologia"],"yoast_head":"<!-- This site is optimized with the Yoast SEO Premium plugin v25.5 (Yoast SEO v27.5) - https:\/\/yoast.com\/product\/yoast-seo-premium-wordpress\/ -->\n<title>Carro desenvolvido com IA est\u00e1 se tornando realidade; compartilhe sua opini\u00e3o! - Motorista.com.br<\/title>\n<meta name=\"robots\" content=\"index, follow, max-snippet:-1, max-image-preview:large, max-video-preview:-1\" \/>\n<link rel=\"canonical\" href=\"https:\/\/motorista.com.br\/noticias\/2026\/04\/28\/carro-desenvolvido-com-ia-esta-se-tornando-realidade-compartilhe-sua-opiniao\/\" \/>\n<meta property=\"og:locale\" content=\"pt_BR\" \/>\n<meta property=\"og:type\" content=\"article\" \/>\n<meta property=\"og:title\" content=\"Carro desenvolvido com IA est\u00e1 se tornando realidade; compartilhe sua opini\u00e3o!\" \/>\n<meta property=\"og:description\" content=\"O advento da intelig\u00eancia artificial (IA) no setor automotivo est\u00e1 transformando radicalmente a maneira como os ve\u00edculos s\u00e3o projetados e fabricados. Tradicionalmente, o desenvolvimento de um carro novo envolvia um longo processo que poderia levar at\u00e9 cinco anos, desde o conceito inicial at\u00e9 a chegada \u00e0s concession\u00e1rias. No entanto, grandes montadoras como a General Motors &hellip;\" \/>\n<meta property=\"og:url\" content=\"https:\/\/motorista.com.br\/noticias\/2026\/04\/28\/carro-desenvolvido-com-ia-esta-se-tornando-realidade-compartilhe-sua-opiniao\/\" \/>\n<meta property=\"og:site_name\" content=\"Motorista.com.br\" \/>\n<meta property=\"article:published_time\" content=\"2026-04-28T04:52:35+00:00\" \/>\n<meta name=\"author\" content=\"Equipe Reda\u00e7\u00e3o\" \/>\n<meta name=\"twitter:card\" content=\"summary_large_image\" \/>\n<meta name=\"twitter:label1\" content=\"Escrito por\" \/>\n\t<meta name=\"twitter:data1\" content=\"Equipe Reda\u00e7\u00e3o\" \/>\n\t<meta name=\"twitter:label2\" content=\"Est. tempo de leitura\" \/>\n\t<meta name=\"twitter:data2\" content=\"3 minutos\" \/>\n\t<meta name=\"twitter:label3\" content=\"Written by\" \/>\n\t<meta name=\"twitter:data3\" content=\"Equipe Reda\u00e7\u00e3o\" \/>\n<script type=\"application\/ld+json\" class=\"yoast-schema-graph\">{\"@context\":\"https:\\\/\\\/schema.org\",\"@graph\":[{\"@type\":\"Article\",\"@id\":\"https:\\\/\\\/motorista.com.br\\\/noticias\\\/2026\\\/04\\\/28\\\/carro-desenvolvido-com-ia-esta-se-tornando-realidade-compartilhe-sua-opiniao\\\/#article\",\"isPartOf\":{\"@id\":\"https:\\\/\\\/motorista.com.br\\\/noticias\\\/2026\\\/04\\\/28\\\/carro-desenvolvido-com-ia-esta-se-tornando-realidade-compartilhe-sua-opiniao\\\/\"},\"author\":{\"name\":\"Equipe Reda\u00e7\u00e3o\",\"@id\":\"https:\\\/\\\/motorista.com.br\\\/noticias\\\/#\\\/schema\\\/person\\\/dc93afc2981c0e3ce6bc3c053fd847be\"},\"headline\":\"Carro desenvolvido com IA est\u00e1 se tornando realidade; compartilhe sua opini\u00e3o!\",\"datePublished\":\"2026-04-28T04:52:35+00:00\",\"mainEntityOfPage\":{\"@id\":\"https:\\\/\\\/motorista.com.br\\\/noticias\\\/2026\\\/04\\\/28\\\/carro-desenvolvido-com-ia-esta-se-tornando-realidade-compartilhe-sua-opiniao\\\/\"},\"wordCount\":526,\"publisher\":{\"@id\":\"https:\\\/\\\/motorista.com.br\\\/noticias\\\/#organization\"},\"image\":{\"@id\":\"https:\\\/\\\/motorista.com.br\\\/noticias\\\/2026\\\/04\\\/28\\\/carro-desenvolvido-com-ia-esta-se-tornando-realidade-compartilhe-sua-opiniao\\\/#primaryimage\"},\"thumbnailUrl\":\"https:\\\/\\\/motorista.com.br\\\/noticias\\\/wp-content\\\/uploads\\\/2026\\\/04\\\/carro-conceito-vizcom.jpg\",\"articleSection\":[\"Tecnologia\"],\"inLanguage\":\"pt-BR\"},{\"@type\":\"WebPage\",\"@id\":\"https:\\\/\\\/motorista.com.br\\\/noticias\\\/2026\\\/04\\\/28\\\/carro-desenvolvido-com-ia-esta-se-tornando-realidade-compartilhe-sua-opiniao\\\/\",\"url\":\"https:\\\/\\\/motorista.com.br\\\/noticias\\\/2026\\\/04\\\/28\\\/carro-desenvolvido-com-ia-esta-se-tornando-realidade-compartilhe-sua-opiniao\\\/\",\"name\":\"Carro desenvolvido com IA est\u00e1 se tornando realidade; compartilhe sua opini\u00e3o! - Motorista.com.br\",\"isPartOf\":{\"@id\":\"https:\\\/\\\/motorista.com.br\\\/noticias\\\/#website\"},\"primaryImageOfPage\":{\"@id\":\"https:\\\/\\\/motorista.com.br\\\/noticias\\\/2026\\\/04\\\/28\\\/carro-desenvolvido-com-ia-esta-se-tornando-realidade-compartilhe-sua-opiniao\\\/#primaryimage\"},\"image\":{\"@id\":\"https:\\\/\\\/motorista.com.br\\\/noticias\\\/2026\\\/04\\\/28\\\/carro-desenvolvido-com-ia-esta-se-tornando-realidade-compartilhe-sua-opiniao\\\/#primaryimage\"},\"thumbnailUrl\":\"https:\\\/\\\/motorista.com.br\\\/noticias\\\/wp-content\\\/uploads\\\/2026\\\/04\\\/carro-conceito-vizcom.jpg\",\"datePublished\":\"2026-04-28T04:52:35+00:00\",\"breadcrumb\":{\"@id\":\"https:\\\/\\\/motorista.com.br\\\/noticias\\\/2026\\\/04\\\/28\\\/carro-desenvolvido-com-ia-esta-se-tornando-realidade-compartilhe-sua-opiniao\\\/#breadcrumb\"},\"inLanguage\":\"pt-BR\",\"potentialAction\":[{\"@type\":\"ReadAction\",\"target\":[\"https:\\\/\\\/motorista.com.br\\\/noticias\\\/2026\\\/04\\\/28\\\/carro-desenvolvido-com-ia-esta-se-tornando-realidade-compartilhe-sua-opiniao\\\/\"]}]},{\"@type\":\"ImageObject\",\"inLanguage\":\"pt-BR\",\"@id\":\"https:\\\/\\\/motorista.com.br\\\/noticias\\\/2026\\\/04\\\/28\\\/carro-desenvolvido-com-ia-esta-se-tornando-realidade-compartilhe-sua-opiniao\\\/#primaryimage\",\"url\":\"https:\\\/\\\/motorista.com.br\\\/noticias\\\/wp-content\\\/uploads\\\/2026\\\/04\\\/carro-conceito-vizcom.jpg\",\"contentUrl\":\"https:\\\/\\\/motorista.com.br\\\/noticias\\\/wp-content\\\/uploads\\\/2026\\\/04\\\/carro-conceito-vizcom.jpg\",\"width\":1920,\"height\":1080},{\"@type\":\"BreadcrumbList\",\"@id\":\"https:\\\/\\\/motorista.com.br\\\/noticias\\\/2026\\\/04\\\/28\\\/carro-desenvolvido-com-ia-esta-se-tornando-realidade-compartilhe-sua-opiniao\\\/#breadcrumb\",\"itemListElement\":[{\"@type\":\"ListItem\",\"position\":1,\"name\":\"In\u00edcio\",\"item\":\"https:\\\/\\\/motorista.com.br\\\/noticias\\\/\"},{\"@type\":\"ListItem\",\"position\":2,\"name\":\"Carro desenvolvido com IA est\u00e1 se tornando realidade; compartilhe sua opini\u00e3o!\"}]},{\"@type\":\"WebSite\",\"@id\":\"https:\\\/\\\/motorista.com.br\\\/noticias\\\/#website\",\"url\":\"https:\\\/\\\/motorista.com.br\\\/noticias\\\/\",\"name\":\"Motorista.com.br\",\"description\":\"Not\u00edcia do Motorista\",\"publisher\":{\"@id\":\"https:\\\/\\\/motorista.com.br\\\/noticias\\\/#organization\"},\"potentialAction\":[{\"@type\":\"SearchAction\",\"target\":{\"@type\":\"EntryPoint\",\"urlTemplate\":\"https:\\\/\\\/motorista.com.br\\\/noticias\\\/?s={search_term_string}\"},\"query-input\":{\"@type\":\"PropertyValueSpecification\",\"valueRequired\":true,\"valueName\":\"search_term_string\"}}],\"inLanguage\":\"pt-BR\"},{\"@type\":\"Organization\",\"@id\":\"https:\\\/\\\/motorista.com.br\\\/noticias\\\/#organization\",\"name\":\"Motorista.com.br\",\"url\":\"https:\\\/\\\/motorista.com.br\\\/noticias\\\/\",\"logo\":{\"@type\":\"ImageObject\",\"inLanguage\":\"pt-BR\",\"@id\":\"https:\\\/\\\/motorista.com.br\\\/noticias\\\/#\\\/schema\\\/logo\\\/image\\\/\",\"url\":\"https:\\\/\\\/motorista.com.br\\\/noticias\\\/wp-content\\\/uploads\\\/2025\\\/06\\\/Design-sem-nome-9.png\",\"contentUrl\":\"https:\\\/\\\/motorista.com.br\\\/noticias\\\/wp-content\\\/uploads\\\/2025\\\/06\\\/Design-sem-nome-9.png\",\"width\":150,\"height\":85,\"caption\":\"Motorista.com.br\"},\"image\":{\"@id\":\"https:\\\/\\\/motorista.com.br\\\/noticias\\\/#\\\/schema\\\/logo\\\/image\\\/\"}},{\"@type\":\"Person\",\"@id\":\"https:\\\/\\\/motorista.com.br\\\/noticias\\\/#\\\/schema\\\/person\\\/dc93afc2981c0e3ce6bc3c053fd847be\",\"name\":\"Equipe Reda\u00e7\u00e3o\",\"image\":{\"@type\":\"ImageObject\",\"inLanguage\":\"pt-BR\",\"@id\":\"https:\\\/\\\/secure.gravatar.com\\\/avatar\\\/4f525efbf18dd2bb300ccad28bfb99d95a9465a5ba268407c8c37b37e1f28d2d?s=96&d=mm&r=g9e099043a0c61e9ae27e293b9fa75ffc\",\"url\":\"https:\\\/\\\/secure.gravatar.com\\\/avatar\\\/4f525efbf18dd2bb300ccad28bfb99d95a9465a5ba268407c8c37b37e1f28d2d?s=96&d=mm&r=g\",\"contentUrl\":\"https:\\\/\\\/secure.gravatar.com\\\/avatar\\\/4f525efbf18dd2bb300ccad28bfb99d95a9465a5ba268407c8c37b37e1f28d2d?s=96&d=mm&r=g\",\"caption\":\"Equipe Reda\u00e7\u00e3o\"},\"description\":\"Equipe de reda\u00e7\u00e3o \u00e9 um grupo de profissionais que trabalham juntos para criar conte\u00fado escrito para Motorista.com.br\",\"url\":\"https:\\\/\\\/motorista.com.br\\\/noticias\\\/author\\\/equiperedacao\\\/\"}]}<\/script>\n<!-- \/ Yoast SEO Premium plugin. -->","yoast_head_json":{"title":"Carro desenvolvido com IA est\u00e1 se tornando realidade; compartilhe sua opini\u00e3o! - Motorista.com.br","robots":{"index":"index","follow":"follow","max-snippet":"max-snippet:-1","max-image-preview":"max-image-preview:large","max-video-preview":"max-video-preview:-1"},"canonical":"https:\/\/motorista.com.br\/noticias\/2026\/04\/28\/carro-desenvolvido-com-ia-esta-se-tornando-realidade-compartilhe-sua-opiniao\/","og_locale":"pt_BR","og_type":"article","og_title":"Carro desenvolvido com IA est\u00e1 se tornando realidade; compartilhe sua opini\u00e3o!","og_description":"O advento da intelig\u00eancia artificial (IA) no setor automotivo est\u00e1 transformando radicalmente a maneira como os ve\u00edculos s\u00e3o projetados e fabricados. Tradicionalmente, o desenvolvimento de um carro novo envolvia um longo processo que poderia levar at\u00e9 cinco anos, desde o conceito inicial at\u00e9 a chegada \u00e0s concession\u00e1rias. No entanto, grandes montadoras como a General Motors &hellip;","og_url":"https:\/\/motorista.com.br\/noticias\/2026\/04\/28\/carro-desenvolvido-com-ia-esta-se-tornando-realidade-compartilhe-sua-opiniao\/","og_site_name":"Motorista.com.br","article_published_time":"2026-04-28T04:52:35+00:00","author":"Equipe Reda\u00e7\u00e3o","twitter_card":"summary_large_image","twitter_misc":{"Escrito por":"Equipe Reda\u00e7\u00e3o","Est. tempo de leitura":"3 minutos","Written by":"Equipe Reda\u00e7\u00e3o"},"schema":{"@context":"https:\/\/schema.org","@graph":[{"@type":"Article","@id":"https:\/\/motorista.com.br\/noticias\/2026\/04\/28\/carro-desenvolvido-com-ia-esta-se-tornando-realidade-compartilhe-sua-opiniao\/#article","isPartOf":{"@id":"https:\/\/motorista.com.br\/noticias\/2026\/04\/28\/carro-desenvolvido-com-ia-esta-se-tornando-realidade-compartilhe-sua-opiniao\/"},"author":{"name":"Equipe Reda\u00e7\u00e3o","@id":"https:\/\/motorista.com.br\/noticias\/#\/schema\/person\/dc93afc2981c0e3ce6bc3c053fd847be"},"headline":"Carro desenvolvido com IA est\u00e1 se tornando realidade; compartilhe sua opini\u00e3o!","datePublished":"2026-04-28T04:52:35+00:00","mainEntityOfPage":{"@id":"https:\/\/motorista.com.br\/noticias\/2026\/04\/28\/carro-desenvolvido-com-ia-esta-se-tornando-realidade-compartilhe-sua-opiniao\/"},"wordCount":526,"publisher":{"@id":"https:\/\/motorista.com.br\/noticias\/#organization"},"image":{"@id":"https:\/\/motorista.com.br\/noticias\/2026\/04\/28\/carro-desenvolvido-com-ia-esta-se-tornando-realidade-compartilhe-sua-opiniao\/#primaryimage"},"thumbnailUrl":"https:\/\/motorista.com.br\/noticias\/wp-content\/uploads\/2026\/04\/carro-conceito-vizcom.jpg","articleSection":["Tecnologia"],"inLanguage":"pt-BR"},{"@type":"WebPage","@id":"https:\/\/motorista.com.br\/noticias\/2026\/04\/28\/carro-desenvolvido-com-ia-esta-se-tornando-realidade-compartilhe-sua-opiniao\/","url":"https:\/\/motorista.com.br\/noticias\/2026\/04\/28\/carro-desenvolvido-com-ia-esta-se-tornando-realidade-compartilhe-sua-opiniao\/","name":"Carro desenvolvido com IA est\u00e1 se tornando realidade; compartilhe sua opini\u00e3o! - Motorista.com.br","isPartOf":{"@id":"https:\/\/motorista.com.br\/noticias\/#website"},"primaryImageOfPage":{"@id":"https:\/\/motorista.com.br\/noticias\/2026\/04\/28\/carro-desenvolvido-com-ia-esta-se-tornando-realidade-compartilhe-sua-opiniao\/#primaryimage"},"image":{"@id":"https:\/\/motorista.com.br\/noticias\/2026\/04\/28\/carro-desenvolvido-com-ia-esta-se-tornando-realidade-compartilhe-sua-opiniao\/#primaryimage"},"thumbnailUrl":"https:\/\/motorista.com.br\/noticias\/wp-content\/uploads\/2026\/04\/carro-conceito-vizcom.jpg","datePublished":"2026-04-28T04:52:35+00:00","breadcrumb":{"@id":"https:\/\/motorista.com.br\/noticias\/2026\/04\/28\/carro-desenvolvido-com-ia-esta-se-tornando-realidade-compartilhe-sua-opiniao\/#breadcrumb"},"inLanguage":"pt-BR","potentialAction":[{"@type":"ReadAction","target":["https:\/\/motorista.com.br\/noticias\/2026\/04\/28\/carro-desenvolvido-com-ia-esta-se-tornando-realidade-compartilhe-sua-opiniao\/"]}]},{"@type":"ImageObject","inLanguage":"pt-BR","@id":"https:\/\/motorista.com.br\/noticias\/2026\/04\/28\/carro-desenvolvido-com-ia-esta-se-tornando-realidade-compartilhe-sua-opiniao\/#primaryimage","url":"https:\/\/motorista.com.br\/noticias\/wp-content\/uploads\/2026\/04\/carro-conceito-vizcom.jpg","contentUrl":"https:\/\/motorista.com.br\/noticias\/wp-content\/uploads\/2026\/04\/carro-conceito-vizcom.jpg","width":1920,"height":1080},{"@type":"BreadcrumbList","@id":"https:\/\/motorista.com.br\/noticias\/2026\/04\/28\/carro-desenvolvido-com-ia-esta-se-tornando-realidade-compartilhe-sua-opiniao\/#breadcrumb","itemListElement":[{"@type":"ListItem","position":1,"name":"In\u00edcio","item":"https:\/\/motorista.com.br\/noticias\/"},{"@type":"ListItem","position":2,"name":"Carro desenvolvido com IA est\u00e1 se tornando realidade; compartilhe sua opini\u00e3o!"}]},{"@type":"WebSite","@id":"https:\/\/motorista.com.br\/noticias\/#website","url":"https:\/\/motorista.com.br\/noticias\/","name":"Motorista.com.br","description":"Not\u00edcia do Motorista","publisher":{"@id":"https:\/\/motorista.com.br\/noticias\/#organization"},"potentialAction":[{"@type":"SearchAction","target":{"@type":"EntryPoint","urlTemplate":"https:\/\/motorista.com.br\/noticias\/?s={search_term_string}"},"query-input":{"@type":"PropertyValueSpecification","valueRequired":true,"valueName":"search_term_string"}}],"inLanguage":"pt-BR"},{"@type":"Organization","@id":"https:\/\/motorista.com.br\/noticias\/#organization","name":"Motorista.com.br","url":"https:\/\/motorista.com.br\/noticias\/","logo":{"@type":"ImageObject","inLanguage":"pt-BR","@id":"https:\/\/motorista.com.br\/noticias\/#\/schema\/logo\/image\/","url":"https:\/\/motorista.com.br\/noticias\/wp-content\/uploads\/2025\/06\/Design-sem-nome-9.png","contentUrl":"https:\/\/motorista.com.br\/noticias\/wp-content\/uploads\/2025\/06\/Design-sem-nome-9.png","width":150,"height":85,"caption":"Motorista.com.br"},"image":{"@id":"https:\/\/motorista.com.br\/noticias\/#\/schema\/logo\/image\/"}},{"@type":"Person","@id":"https:\/\/motorista.com.br\/noticias\/#\/schema\/person\/dc93afc2981c0e3ce6bc3c053fd847be","name":"Equipe Reda\u00e7\u00e3o","image":{"@type":"ImageObject","inLanguage":"pt-BR","@id":"https:\/\/secure.gravatar.com\/avatar\/4f525efbf18dd2bb300ccad28bfb99d95a9465a5ba268407c8c37b37e1f28d2d?s=96&d=mm&r=g9e099043a0c61e9ae27e293b9fa75ffc","url":"https:\/\/secure.gravatar.com\/avatar\/4f525efbf18dd2bb300ccad28bfb99d95a9465a5ba268407c8c37b37e1f28d2d?s=96&d=mm&r=g","contentUrl":"https:\/\/secure.gravatar.com\/avatar\/4f525efbf18dd2bb300ccad28bfb99d95a9465a5ba268407c8c37b37e1f28d2d?s=96&d=mm&r=g","caption":"Equipe Reda\u00e7\u00e3o"},"description":"Equipe de reda\u00e7\u00e3o \u00e9 um grupo de profissionais que trabalham juntos para criar conte\u00fado escrito para Motorista.com.br","url":"https:\/\/motorista.com.br\/noticias\/author\/equiperedacao\/"}]}},"_links":{"self":[{"href":"https:\/\/motorista.com.br\/noticias\/wp-json\/wp\/v2\/posts\/9251","targetHints":{"allow":["GET"]}}],"collection":[{"href":"https:\/\/motorista.com.br\/noticias\/wp-json\/wp\/v2\/posts"}],"about":[{"href":"https:\/\/motorista.com.br\/noticias\/wp-json\/wp\/v2\/types\/post"}],"author":[{"embeddable":true,"href":"https:\/\/motorista.com.br\/noticias\/wp-json\/wp\/v2\/users\/4"}],"replies":[{"embeddable":true,"href":"https:\/\/motorista.com.br\/noticias\/wp-json\/wp\/v2\/comments?post=9251"}],"version-history":[{"count":0,"href":"https:\/\/motorista.com.br\/noticias\/wp-json\/wp\/v2\/posts\/9251\/revisions"}],"wp:featuredmedia":[{"embeddable":true,"href":"https:\/\/motorista.com.br\/noticias\/wp-json\/wp\/v2\/media\/9252"}],"wp:attachment":[{"href":"https:\/\/motorista.com.br\/noticias\/wp-json\/wp\/v2\/media?parent=9251"}],"wp:term":[{"taxonomy":"category","embeddable":true,"href":"https:\/\/motorista.com.br\/noticias\/wp-json\/wp\/v2\/categories?post=9251"},{"taxonomy":"post_tag","embeddable":true,"href":"https:\/\/motorista.com.br\/noticias\/wp-json\/wp\/v2\/tags?post=9251"},{"taxonomy":"author","embeddable":true,"href":"https:\/\/motorista.com.br\/noticias\/wp-json\/wp\/v2\/coauthors?post=9251"}],"curies":[{"name":"wp","href":"https:\/\/api.w.org\/{rel}","templated":true}]}}