{"id":9247,"date":"2026-04-28T00:25:44","date_gmt":"2026-04-28T03:25:44","guid":{"rendered":"https:\/\/motorista.com.br\/noticias\/2026\/04\/28\/nunes-marques-processa-venda-da-serra-verde-de-terras-raras\/"},"modified":"2026-04-28T00:25:44","modified_gmt":"2026-04-28T03:25:44","slug":"nunes-marques-processa-venda-da-serra-verde-de-terras-raras","status":"publish","type":"post","link":"https:\/\/motorista.com.br\/noticias\/2026\/04\/28\/nunes-marques-processa-venda-da-serra-verde-de-terras-raras\/","title":{"rendered":"Nunes Marques processa venda da Serra Verde de terras raras"},"content":{"rendered":"<p><\/p>\n<h3>Terras Raras: Nunes Marques Relata A\u00e7\u00e3o Contra Venda da Serra Verde<\/h3>\n<p>O ministro do STF, Nunes Marques, foi indicado como relator de um pedido para suspender a transfer\u00eancia do controle da mineradora de terras raras Serra Verde, em Goi\u00e1s, para a USA Rare Earth. Essa transa\u00e7\u00e3o se tornou um tema de crescente relev\u00e2ncia, dado seu impacto potencial em setores estrat\u00e9gicos da economia.<\/p>\n<p>O partido Rede Sustentabilidade argumenta que a import\u00e2ncia do projeto vai al\u00e9m do mero aspecto comercial. As terras raras exploradas em Minas Gerais s\u00e3o insumos essenciais para ind\u00fastrias de alta tecnologia, como semicondutores, eletromobilidade e infraestruturas digitais. Esses produtos s\u00e3o fundamentais n\u00e3o apenas para o desenvolvimento econ\u00f4mico, mas tamb\u00e9m para a seguran\u00e7a nacional e a soberania tecnol\u00f3gica.<\/p>\n<p>A mobilidade urbana e interurbana, por sua vez, pode ser diretamente beneficiada pela valoriza\u00e7\u00e3o desses recursos. Tecnologias que utilizam terras raras, como baterias para ve\u00edculos el\u00e9tricos e sistemas de armazenamento de energia, s\u00e3o cruciais para a transi\u00e7\u00e3o energ\u00e9tica. Essa transi\u00e7\u00e3o n\u00e3o s\u00f3 moderniza a matriz de transportes, mas tamb\u00e9m promove um ambiente mais sustent\u00e1vel, contribuindo para a redu\u00e7\u00e3o da polui\u00e7\u00e3o e dos congestionamentos.<\/p>\n<p>O pedido da Rede Sustentabilidade inclui a exig\u00eancia de que o governo e a Ag\u00eancia Nacional de Minera\u00e7\u00e3o apresentem um rito detalhado para an\u00e1lise da opera\u00e7\u00e3o, abrangendo aspectos como impactos tecnol\u00f3gicos e avalia\u00e7\u00f5es concorrenciais. Esses requisitos s\u00e3o cruciais para garantir que a explora\u00e7\u00e3o das terras raras n\u00e3o apenas beneficie interesses privados, mas tamb\u00e9m respeite as necessidades e preocupa\u00e7\u00f5es da sociedade como um todo.<\/p>\n<p>A atua\u00e7\u00e3o do STF nesse caso pode estabelecer um precedente importante sobre a gest\u00e3o de recursos estrat\u00e9gicos. A possibilidade de uma an\u00e1lise mais aprofundada do interesse nacional poder\u00e1 influenciar positivamente o ambiente de neg\u00f3cios, assegurando que a explora\u00e7\u00e3o de recursos naturais seja conduzida de forma respons\u00e1vel e que os ganhos sejam amplamente distribu\u00eddos, beneficiando todos os segmentos da sociedade, incluindo motoristas e usu\u00e1rios de transportes em geral.<\/p>\n<p>Dessa forma, a discuss\u00e3o em torno da Serra Verde \u00e9 um reflexo das complexas rela\u00e7\u00f5es entre desenvolvimento econ\u00f4mico, sustentabilidade e mobilidade. A a\u00e7\u00e3o judicial em curso n\u00e3o se limita a um embate sobre propriedade corporativa; ela se insere em um contexto mais amplo, onde a prote\u00e7\u00e3o dos recursos naturais e a inova\u00e7\u00e3o tecnol\u00f3gica caminham lado a lado na constru\u00e7\u00e3o de um futuro mais sustent\u00e1vel e eficiente para todos.<\/p>\n","protected":false},"excerpt":{"rendered":"<p>Terras Raras: Nunes Marques Relata A\u00e7\u00e3o Contra Venda da Serra Verde O ministro do STF, Nunes Marques, foi indicado como relator de um pedido para suspender a transfer\u00eancia do controle da mineradora de terras raras Serra Verde, em Goi\u00e1s, para a USA Rare Earth. Essa transa\u00e7\u00e3o se tornou um tema de crescente relev\u00e2ncia, dado seu &hellip;<\/p>\n","protected":false},"author":4,"featured_media":9248,"comment_status":"","ping_status":"open","sticky":false,"template":"","format":"standard","meta":{"footnotes":""},"categories":[45],"tags":[],"coauthors":[42],"class_list":["post-9247","post","type-post","status-publish","format-standard","has-post-thumbnail","hentry","category-mundo"],"yoast_head":"<!-- This site is optimized with the Yoast SEO Premium plugin v25.5 (Yoast SEO v27.5) - https:\/\/yoast.com\/product\/yoast-seo-premium-wordpress\/ -->\n<title>Nunes Marques processa venda da Serra Verde de terras raras - Motorista.com.br<\/title>\n<meta name=\"robots\" content=\"index, follow, max-snippet:-1, max-image-preview:large, max-video-preview:-1\" \/>\n<link rel=\"canonical\" href=\"https:\/\/motorista.com.br\/noticias\/2026\/04\/28\/nunes-marques-processa-venda-da-serra-verde-de-terras-raras\/\" \/>\n<meta property=\"og:locale\" content=\"pt_BR\" \/>\n<meta property=\"og:type\" content=\"article\" \/>\n<meta property=\"og:title\" content=\"Nunes Marques processa venda da Serra Verde de terras raras\" \/>\n<meta property=\"og:description\" content=\"Terras Raras: Nunes Marques Relata A\u00e7\u00e3o Contra Venda da Serra Verde O ministro do STF, Nunes Marques, foi indicado como relator de um pedido para suspender a transfer\u00eancia do controle da mineradora de terras raras Serra Verde, em Goi\u00e1s, para a USA Rare Earth. Essa transa\u00e7\u00e3o se tornou um tema de crescente relev\u00e2ncia, dado seu &hellip;\" \/>\n<meta property=\"og:url\" content=\"https:\/\/motorista.com.br\/noticias\/2026\/04\/28\/nunes-marques-processa-venda-da-serra-verde-de-terras-raras\/\" \/>\n<meta property=\"og:site_name\" content=\"Motorista.com.br\" \/>\n<meta property=\"article:published_time\" content=\"2026-04-28T03:25:44+00:00\" \/>\n<meta name=\"author\" content=\"Equipe Reda\u00e7\u00e3o\" \/>\n<meta name=\"twitter:card\" content=\"summary_large_image\" \/>\n<meta name=\"twitter:label1\" content=\"Escrito por\" \/>\n\t<meta name=\"twitter:data1\" content=\"Equipe Reda\u00e7\u00e3o\" \/>\n\t<meta name=\"twitter:label2\" content=\"Est. tempo de leitura\" \/>\n\t<meta name=\"twitter:data2\" content=\"2 minutos\" \/>\n\t<meta name=\"twitter:label3\" content=\"Written by\" \/>\n\t<meta name=\"twitter:data3\" content=\"Equipe Reda\u00e7\u00e3o\" \/>\n<script type=\"application\/ld+json\" class=\"yoast-schema-graph\">{\"@context\":\"https:\\\/\\\/schema.org\",\"@graph\":[{\"@type\":\"Article\",\"@id\":\"https:\\\/\\\/motorista.com.br\\\/noticias\\\/2026\\\/04\\\/28\\\/nunes-marques-processa-venda-da-serra-verde-de-terras-raras\\\/#article\",\"isPartOf\":{\"@id\":\"https:\\\/\\\/motorista.com.br\\\/noticias\\\/2026\\\/04\\\/28\\\/nunes-marques-processa-venda-da-serra-verde-de-terras-raras\\\/\"},\"author\":{\"name\":\"Equipe Reda\u00e7\u00e3o\",\"@id\":\"https:\\\/\\\/motorista.com.br\\\/noticias\\\/#\\\/schema\\\/person\\\/dc93afc2981c0e3ce6bc3c053fd847be\"},\"headline\":\"Nunes Marques processa venda da Serra Verde de terras raras\",\"datePublished\":\"2026-04-28T03:25:44+00:00\",\"mainEntityOfPage\":{\"@id\":\"https:\\\/\\\/motorista.com.br\\\/noticias\\\/2026\\\/04\\\/28\\\/nunes-marques-processa-venda-da-serra-verde-de-terras-raras\\\/\"},\"wordCount\":448,\"publisher\":{\"@id\":\"https:\\\/\\\/motorista.com.br\\\/noticias\\\/#organization\"},\"image\":{\"@id\":\"https:\\\/\\\/motorista.com.br\\\/noticias\\\/2026\\\/04\\\/28\\\/nunes-marques-processa-venda-da-serra-verde-de-terras-raras\\\/#primaryimage\"},\"thumbnailUrl\":\"https:\\\/\\\/motorista.com.br\\\/noticias\\\/wp-content\\\/uploads\\\/2026\\\/04\\\/Ministro-Nunes-Marques-Foto-Nelson-Jr.-STF.jpg\",\"articleSection\":[\"Mundo\"],\"inLanguage\":\"pt-BR\"},{\"@type\":\"WebPage\",\"@id\":\"https:\\\/\\\/motorista.com.br\\\/noticias\\\/2026\\\/04\\\/28\\\/nunes-marques-processa-venda-da-serra-verde-de-terras-raras\\\/\",\"url\":\"https:\\\/\\\/motorista.com.br\\\/noticias\\\/2026\\\/04\\\/28\\\/nunes-marques-processa-venda-da-serra-verde-de-terras-raras\\\/\",\"name\":\"Nunes Marques processa venda da Serra Verde de terras raras - Motorista.com.br\",\"isPartOf\":{\"@id\":\"https:\\\/\\\/motorista.com.br\\\/noticias\\\/#website\"},\"primaryImageOfPage\":{\"@id\":\"https:\\\/\\\/motorista.com.br\\\/noticias\\\/2026\\\/04\\\/28\\\/nunes-marques-processa-venda-da-serra-verde-de-terras-raras\\\/#primaryimage\"},\"image\":{\"@id\":\"https:\\\/\\\/motorista.com.br\\\/noticias\\\/2026\\\/04\\\/28\\\/nunes-marques-processa-venda-da-serra-verde-de-terras-raras\\\/#primaryimage\"},\"thumbnailUrl\":\"https:\\\/\\\/motorista.com.br\\\/noticias\\\/wp-content\\\/uploads\\\/2026\\\/04\\\/Ministro-Nunes-Marques-Foto-Nelson-Jr.-STF.jpg\",\"datePublished\":\"2026-04-28T03:25:44+00:00\",\"breadcrumb\":{\"@id\":\"https:\\\/\\\/motorista.com.br\\\/noticias\\\/2026\\\/04\\\/28\\\/nunes-marques-processa-venda-da-serra-verde-de-terras-raras\\\/#breadcrumb\"},\"inLanguage\":\"pt-BR\",\"potentialAction\":[{\"@type\":\"ReadAction\",\"target\":[\"https:\\\/\\\/motorista.com.br\\\/noticias\\\/2026\\\/04\\\/28\\\/nunes-marques-processa-venda-da-serra-verde-de-terras-raras\\\/\"]}]},{\"@type\":\"ImageObject\",\"inLanguage\":\"pt-BR\",\"@id\":\"https:\\\/\\\/motorista.com.br\\\/noticias\\\/2026\\\/04\\\/28\\\/nunes-marques-processa-venda-da-serra-verde-de-terras-raras\\\/#primaryimage\",\"url\":\"https:\\\/\\\/motorista.com.br\\\/noticias\\\/wp-content\\\/uploads\\\/2026\\\/04\\\/Ministro-Nunes-Marques-Foto-Nelson-Jr.-STF.jpg\",\"contentUrl\":\"https:\\\/\\\/motorista.com.br\\\/noticias\\\/wp-content\\\/uploads\\\/2026\\\/04\\\/Ministro-Nunes-Marques-Foto-Nelson-Jr.-STF.jpg\",\"width\":1280,\"height\":720},{\"@type\":\"BreadcrumbList\",\"@id\":\"https:\\\/\\\/motorista.com.br\\\/noticias\\\/2026\\\/04\\\/28\\\/nunes-marques-processa-venda-da-serra-verde-de-terras-raras\\\/#breadcrumb\",\"itemListElement\":[{\"@type\":\"ListItem\",\"position\":1,\"name\":\"In\u00edcio\",\"item\":\"https:\\\/\\\/motorista.com.br\\\/noticias\\\/\"},{\"@type\":\"ListItem\",\"position\":2,\"name\":\"Nunes Marques processa venda da Serra Verde de terras raras\"}]},{\"@type\":\"WebSite\",\"@id\":\"https:\\\/\\\/motorista.com.br\\\/noticias\\\/#website\",\"url\":\"https:\\\/\\\/motorista.com.br\\\/noticias\\\/\",\"name\":\"Motorista.com.br\",\"description\":\"Not\u00edcia do Motorista\",\"publisher\":{\"@id\":\"https:\\\/\\\/motorista.com.br\\\/noticias\\\/#organization\"},\"potentialAction\":[{\"@type\":\"SearchAction\",\"target\":{\"@type\":\"EntryPoint\",\"urlTemplate\":\"https:\\\/\\\/motorista.com.br\\\/noticias\\\/?s={search_term_string}\"},\"query-input\":{\"@type\":\"PropertyValueSpecification\",\"valueRequired\":true,\"valueName\":\"search_term_string\"}}],\"inLanguage\":\"pt-BR\"},{\"@type\":\"Organization\",\"@id\":\"https:\\\/\\\/motorista.com.br\\\/noticias\\\/#organization\",\"name\":\"Motorista.com.br\",\"url\":\"https:\\\/\\\/motorista.com.br\\\/noticias\\\/\",\"logo\":{\"@type\":\"ImageObject\",\"inLanguage\":\"pt-BR\",\"@id\":\"https:\\\/\\\/motorista.com.br\\\/noticias\\\/#\\\/schema\\\/logo\\\/image\\\/\",\"url\":\"https:\\\/\\\/motorista.com.br\\\/noticias\\\/wp-content\\\/uploads\\\/2025\\\/06\\\/Design-sem-nome-9.png\",\"contentUrl\":\"https:\\\/\\\/motorista.com.br\\\/noticias\\\/wp-content\\\/uploads\\\/2025\\\/06\\\/Design-sem-nome-9.png\",\"width\":150,\"height\":85,\"caption\":\"Motorista.com.br\"},\"image\":{\"@id\":\"https:\\\/\\\/motorista.com.br\\\/noticias\\\/#\\\/schema\\\/logo\\\/image\\\/\"}},{\"@type\":\"Person\",\"@id\":\"https:\\\/\\\/motorista.com.br\\\/noticias\\\/#\\\/schema\\\/person\\\/dc93afc2981c0e3ce6bc3c053fd847be\",\"name\":\"Equipe Reda\u00e7\u00e3o\",\"image\":{\"@type\":\"ImageObject\",\"inLanguage\":\"pt-BR\",\"@id\":\"https:\\\/\\\/secure.gravatar.com\\\/avatar\\\/4f525efbf18dd2bb300ccad28bfb99d95a9465a5ba268407c8c37b37e1f28d2d?s=96&d=mm&r=g9e099043a0c61e9ae27e293b9fa75ffc\",\"url\":\"https:\\\/\\\/secure.gravatar.com\\\/avatar\\\/4f525efbf18dd2bb300ccad28bfb99d95a9465a5ba268407c8c37b37e1f28d2d?s=96&d=mm&r=g\",\"contentUrl\":\"https:\\\/\\\/secure.gravatar.com\\\/avatar\\\/4f525efbf18dd2bb300ccad28bfb99d95a9465a5ba268407c8c37b37e1f28d2d?s=96&d=mm&r=g\",\"caption\":\"Equipe Reda\u00e7\u00e3o\"},\"description\":\"Equipe de reda\u00e7\u00e3o \u00e9 um grupo de profissionais que trabalham juntos para criar conte\u00fado escrito para Motorista.com.br\",\"url\":\"https:\\\/\\\/motorista.com.br\\\/noticias\\\/author\\\/equiperedacao\\\/\"}]}<\/script>\n<!-- \/ Yoast SEO Premium plugin. -->","yoast_head_json":{"title":"Nunes Marques processa venda da Serra Verde de terras raras - Motorista.com.br","robots":{"index":"index","follow":"follow","max-snippet":"max-snippet:-1","max-image-preview":"max-image-preview:large","max-video-preview":"max-video-preview:-1"},"canonical":"https:\/\/motorista.com.br\/noticias\/2026\/04\/28\/nunes-marques-processa-venda-da-serra-verde-de-terras-raras\/","og_locale":"pt_BR","og_type":"article","og_title":"Nunes Marques processa venda da Serra Verde de terras raras","og_description":"Terras Raras: Nunes Marques Relata A\u00e7\u00e3o Contra Venda da Serra Verde O ministro do STF, Nunes Marques, foi indicado como relator de um pedido para suspender a transfer\u00eancia do controle da mineradora de terras raras Serra Verde, em Goi\u00e1s, para a USA Rare Earth. Essa transa\u00e7\u00e3o se tornou um tema de crescente relev\u00e2ncia, dado seu &hellip;","og_url":"https:\/\/motorista.com.br\/noticias\/2026\/04\/28\/nunes-marques-processa-venda-da-serra-verde-de-terras-raras\/","og_site_name":"Motorista.com.br","article_published_time":"2026-04-28T03:25:44+00:00","author":"Equipe Reda\u00e7\u00e3o","twitter_card":"summary_large_image","twitter_misc":{"Escrito por":"Equipe Reda\u00e7\u00e3o","Est. tempo de leitura":"2 minutos","Written by":"Equipe Reda\u00e7\u00e3o"},"schema":{"@context":"https:\/\/schema.org","@graph":[{"@type":"Article","@id":"https:\/\/motorista.com.br\/noticias\/2026\/04\/28\/nunes-marques-processa-venda-da-serra-verde-de-terras-raras\/#article","isPartOf":{"@id":"https:\/\/motorista.com.br\/noticias\/2026\/04\/28\/nunes-marques-processa-venda-da-serra-verde-de-terras-raras\/"},"author":{"name":"Equipe Reda\u00e7\u00e3o","@id":"https:\/\/motorista.com.br\/noticias\/#\/schema\/person\/dc93afc2981c0e3ce6bc3c053fd847be"},"headline":"Nunes Marques processa venda da Serra Verde de terras raras","datePublished":"2026-04-28T03:25:44+00:00","mainEntityOfPage":{"@id":"https:\/\/motorista.com.br\/noticias\/2026\/04\/28\/nunes-marques-processa-venda-da-serra-verde-de-terras-raras\/"},"wordCount":448,"publisher":{"@id":"https:\/\/motorista.com.br\/noticias\/#organization"},"image":{"@id":"https:\/\/motorista.com.br\/noticias\/2026\/04\/28\/nunes-marques-processa-venda-da-serra-verde-de-terras-raras\/#primaryimage"},"thumbnailUrl":"https:\/\/motorista.com.br\/noticias\/wp-content\/uploads\/2026\/04\/Ministro-Nunes-Marques-Foto-Nelson-Jr.-STF.jpg","articleSection":["Mundo"],"inLanguage":"pt-BR"},{"@type":"WebPage","@id":"https:\/\/motorista.com.br\/noticias\/2026\/04\/28\/nunes-marques-processa-venda-da-serra-verde-de-terras-raras\/","url":"https:\/\/motorista.com.br\/noticias\/2026\/04\/28\/nunes-marques-processa-venda-da-serra-verde-de-terras-raras\/","name":"Nunes Marques processa venda da Serra Verde de terras raras - Motorista.com.br","isPartOf":{"@id":"https:\/\/motorista.com.br\/noticias\/#website"},"primaryImageOfPage":{"@id":"https:\/\/motorista.com.br\/noticias\/2026\/04\/28\/nunes-marques-processa-venda-da-serra-verde-de-terras-raras\/#primaryimage"},"image":{"@id":"https:\/\/motorista.com.br\/noticias\/2026\/04\/28\/nunes-marques-processa-venda-da-serra-verde-de-terras-raras\/#primaryimage"},"thumbnailUrl":"https:\/\/motorista.com.br\/noticias\/wp-content\/uploads\/2026\/04\/Ministro-Nunes-Marques-Foto-Nelson-Jr.-STF.jpg","datePublished":"2026-04-28T03:25:44+00:00","breadcrumb":{"@id":"https:\/\/motorista.com.br\/noticias\/2026\/04\/28\/nunes-marques-processa-venda-da-serra-verde-de-terras-raras\/#breadcrumb"},"inLanguage":"pt-BR","potentialAction":[{"@type":"ReadAction","target":["https:\/\/motorista.com.br\/noticias\/2026\/04\/28\/nunes-marques-processa-venda-da-serra-verde-de-terras-raras\/"]}]},{"@type":"ImageObject","inLanguage":"pt-BR","@id":"https:\/\/motorista.com.br\/noticias\/2026\/04\/28\/nunes-marques-processa-venda-da-serra-verde-de-terras-raras\/#primaryimage","url":"https:\/\/motorista.com.br\/noticias\/wp-content\/uploads\/2026\/04\/Ministro-Nunes-Marques-Foto-Nelson-Jr.-STF.jpg","contentUrl":"https:\/\/motorista.com.br\/noticias\/wp-content\/uploads\/2026\/04\/Ministro-Nunes-Marques-Foto-Nelson-Jr.-STF.jpg","width":1280,"height":720},{"@type":"BreadcrumbList","@id":"https:\/\/motorista.com.br\/noticias\/2026\/04\/28\/nunes-marques-processa-venda-da-serra-verde-de-terras-raras\/#breadcrumb","itemListElement":[{"@type":"ListItem","position":1,"name":"In\u00edcio","item":"https:\/\/motorista.com.br\/noticias\/"},{"@type":"ListItem","position":2,"name":"Nunes Marques processa venda da Serra Verde de terras raras"}]},{"@type":"WebSite","@id":"https:\/\/motorista.com.br\/noticias\/#website","url":"https:\/\/motorista.com.br\/noticias\/","name":"Motorista.com.br","description":"Not\u00edcia do Motorista","publisher":{"@id":"https:\/\/motorista.com.br\/noticias\/#organization"},"potentialAction":[{"@type":"SearchAction","target":{"@type":"EntryPoint","urlTemplate":"https:\/\/motorista.com.br\/noticias\/?s={search_term_string}"},"query-input":{"@type":"PropertyValueSpecification","valueRequired":true,"valueName":"search_term_string"}}],"inLanguage":"pt-BR"},{"@type":"Organization","@id":"https:\/\/motorista.com.br\/noticias\/#organization","name":"Motorista.com.br","url":"https:\/\/motorista.com.br\/noticias\/","logo":{"@type":"ImageObject","inLanguage":"pt-BR","@id":"https:\/\/motorista.com.br\/noticias\/#\/schema\/logo\/image\/","url":"https:\/\/motorista.com.br\/noticias\/wp-content\/uploads\/2025\/06\/Design-sem-nome-9.png","contentUrl":"https:\/\/motorista.com.br\/noticias\/wp-content\/uploads\/2025\/06\/Design-sem-nome-9.png","width":150,"height":85,"caption":"Motorista.com.br"},"image":{"@id":"https:\/\/motorista.com.br\/noticias\/#\/schema\/logo\/image\/"}},{"@type":"Person","@id":"https:\/\/motorista.com.br\/noticias\/#\/schema\/person\/dc93afc2981c0e3ce6bc3c053fd847be","name":"Equipe Reda\u00e7\u00e3o","image":{"@type":"ImageObject","inLanguage":"pt-BR","@id":"https:\/\/secure.gravatar.com\/avatar\/4f525efbf18dd2bb300ccad28bfb99d95a9465a5ba268407c8c37b37e1f28d2d?s=96&d=mm&r=g9e099043a0c61e9ae27e293b9fa75ffc","url":"https:\/\/secure.gravatar.com\/avatar\/4f525efbf18dd2bb300ccad28bfb99d95a9465a5ba268407c8c37b37e1f28d2d?s=96&d=mm&r=g","contentUrl":"https:\/\/secure.gravatar.com\/avatar\/4f525efbf18dd2bb300ccad28bfb99d95a9465a5ba268407c8c37b37e1f28d2d?s=96&d=mm&r=g","caption":"Equipe Reda\u00e7\u00e3o"},"description":"Equipe de reda\u00e7\u00e3o \u00e9 um grupo de profissionais que trabalham juntos para criar conte\u00fado escrito para Motorista.com.br","url":"https:\/\/motorista.com.br\/noticias\/author\/equiperedacao\/"}]}},"_links":{"self":[{"href":"https:\/\/motorista.com.br\/noticias\/wp-json\/wp\/v2\/posts\/9247","targetHints":{"allow":["GET"]}}],"collection":[{"href":"https:\/\/motorista.com.br\/noticias\/wp-json\/wp\/v2\/posts"}],"about":[{"href":"https:\/\/motorista.com.br\/noticias\/wp-json\/wp\/v2\/types\/post"}],"author":[{"embeddable":true,"href":"https:\/\/motorista.com.br\/noticias\/wp-json\/wp\/v2\/users\/4"}],"replies":[{"embeddable":true,"href":"https:\/\/motorista.com.br\/noticias\/wp-json\/wp\/v2\/comments?post=9247"}],"version-history":[{"count":0,"href":"https:\/\/motorista.com.br\/noticias\/wp-json\/wp\/v2\/posts\/9247\/revisions"}],"wp:featuredmedia":[{"embeddable":true,"href":"https:\/\/motorista.com.br\/noticias\/wp-json\/wp\/v2\/media\/9248"}],"wp:attachment":[{"href":"https:\/\/motorista.com.br\/noticias\/wp-json\/wp\/v2\/media?parent=9247"}],"wp:term":[{"taxonomy":"category","embeddable":true,"href":"https:\/\/motorista.com.br\/noticias\/wp-json\/wp\/v2\/categories?post=9247"},{"taxonomy":"post_tag","embeddable":true,"href":"https:\/\/motorista.com.br\/noticias\/wp-json\/wp\/v2\/tags?post=9247"},{"taxonomy":"author","embeddable":true,"href":"https:\/\/motorista.com.br\/noticias\/wp-json\/wp\/v2\/coauthors?post=9247"}],"curies":[{"name":"wp","href":"https:\/\/api.w.org\/{rel}","templated":true}]}}