{"id":9243,"date":"2026-04-27T23:47:56","date_gmt":"2026-04-28T02:47:56","guid":{"rendered":"https:\/\/motorista.com.br\/noticias\/2026\/04\/27\/ci-avalia-proposta-para-regular-preco-dos-combustiveis\/"},"modified":"2026-04-27T23:47:56","modified_gmt":"2026-04-28T02:47:56","slug":"ci-avalia-proposta-para-regular-preco-dos-combustiveis","status":"publish","type":"post","link":"https:\/\/motorista.com.br\/noticias\/2026\/04\/27\/ci-avalia-proposta-para-regular-preco-dos-combustiveis\/","title":{"rendered":"CI avalia proposta para regular pre\u00e7o dos combust\u00edveis."},"content":{"rendered":"<p><\/p>\n<p><strong>CI Analisa Projeto para Limitar Pre\u00e7o de Combust\u00edveis \u2013 SETCESP<\/strong><\/p>\n<p>A Comiss\u00e3o de Infraestrutura (CI) est\u00e1 analisando, na pr\u00f3xima ter\u00e7a-feira (28), um projeto que autoriza o Executivo a intervir no pre\u00e7o dos combust\u00edveis de origem nacional em situa\u00e7\u00f5es de defici\u00eancia no mercado interno. Essa a\u00e7\u00e3o visa promover maior estabilidade para motoristas e empresas que dependem desse insumo crucial.<\/p>\n<p>O Projeto de Lei (PL) 1.704\/2022, proposto pelo senador Marcos Rog\u00e9rio, permite que o governo declare situa\u00e7\u00f5es de emerg\u00eancia em rela\u00e7\u00e3o ao pre\u00e7o dos combust\u00edveis por um per\u00edodo determinado, estabelecendo limites que podem facilitar o planejamento financeiro dos motoristas e transportadores. A relatora, senadora Tereza Cristina, destaca que essa medida ser\u00e1 aplicada apenas durante per\u00edodos de instabilidade no fornecimento, decorrente das flutua\u00e7\u00f5es dos pre\u00e7os internacionais.<\/p>\n<p>Uma potencial redu\u00e7\u00e3o de at\u00e9 10% no pre\u00e7o dos combust\u00edveis em rela\u00e7\u00e3o ao pre\u00e7o de paridade de importa\u00e7\u00e3o (PPI) pode ser um al\u00edvio significativo para os motoristas. Essa a\u00e7\u00e3o n\u00e3o apenas impacta diretamente o custo das viagens, mas tamb\u00e9m pode reduzir o pre\u00e7o dos produtos e servi\u00e7os que dependem do transporte, beneficiando o consumidor final e promovendo uma mobilidade mais acess\u00edvel.<\/p>\n<p>Al\u00e9m disso, a CI tamb\u00e9m deve votar o PL 2.736\/2021, que facilita o pagamento de ped\u00e1gios para caminhoneiros atrav\u00e9s de meios eletr\u00f4nicos como o Pix. Essa mudan\u00e7a n\u00e3o s\u00f3 moderniza o processo de pagamento, mas tamb\u00e9m pode acelerar o fluxo de tr\u00e2nsito nas estradas, resultando em uma mobilidade mais eficiente. A implementa\u00e7\u00e3o dessas solu\u00e7\u00f5es \u00e9 fundamental para garantir que os motoristas possam operar com mais seguran\u00e7a e previsibilidade.<\/p>\n<p>A discuss\u00e3o em torno da redu\u00e7\u00e3o das tarifas de energia el\u00e9trica tamb\u00e9m est\u00e1 em pauta, com propostas que visam beneficiar as comunidades mais carentes. Um servi\u00e7o de transporte sustent\u00e1vel e acess\u00edvel depende, em parte, de tarifas de energia que n\u00e3o onere excessivamente aqueles que operam nesses setores.<\/p>\n<p>O impacto das decis\u00f5es da CI n\u00e3o \u00e9 apenas sobre a economia, mas tamb\u00e9m sobre a qualidade de vida dos motoristas e da popula\u00e7\u00e3o como um todo. Com medidas que promovem a redu\u00e7\u00e3o de custos e a moderniza\u00e7\u00e3o de processos, h\u00e1 um caminho promissor em dire\u00e7\u00e3o a uma mobilidade mais eficiente e acess\u00edvel para todos.<\/p>\n<p><strong>Fonte: SETCESP<\/strong><\/p>\n","protected":false},"excerpt":{"rendered":"<p>CI Analisa Projeto para Limitar Pre\u00e7o de Combust\u00edveis \u2013 SETCESP A Comiss\u00e3o de Infraestrutura (CI) est\u00e1 analisando, na pr\u00f3xima ter\u00e7a-feira (28), um projeto que autoriza o Executivo a intervir no pre\u00e7o dos combust\u00edveis de origem nacional em situa\u00e7\u00f5es de defici\u00eancia no mercado interno. Essa a\u00e7\u00e3o visa promover maior estabilidade para motoristas e empresas que dependem &hellip;<\/p>\n","protected":false},"author":4,"featured_media":9244,"comment_status":"","ping_status":"open","sticky":false,"template":"","format":"standard","meta":{"footnotes":""},"categories":[62],"tags":[],"coauthors":[42],"class_list":["post-9243","post","type-post","status-publish","format-standard","has-post-thumbnail","hentry","category-logistica"],"yoast_head":"<!-- This site is optimized with the Yoast SEO Premium plugin v25.5 (Yoast SEO v27.5) - https:\/\/yoast.com\/product\/yoast-seo-premium-wordpress\/ -->\n<title>CI avalia proposta para regular pre\u00e7o dos combust\u00edveis. - Motorista.com.br<\/title>\n<meta name=\"robots\" content=\"index, follow, max-snippet:-1, max-image-preview:large, max-video-preview:-1\" \/>\n<link rel=\"canonical\" href=\"https:\/\/motorista.com.br\/noticias\/2026\/04\/27\/ci-avalia-proposta-para-regular-preco-dos-combustiveis\/\" \/>\n<meta property=\"og:locale\" content=\"pt_BR\" \/>\n<meta property=\"og:type\" content=\"article\" \/>\n<meta property=\"og:title\" content=\"CI avalia proposta para regular pre\u00e7o dos combust\u00edveis.\" \/>\n<meta property=\"og:description\" content=\"CI Analisa Projeto para Limitar Pre\u00e7o de Combust\u00edveis \u2013 SETCESP A Comiss\u00e3o de Infraestrutura (CI) est\u00e1 analisando, na pr\u00f3xima ter\u00e7a-feira (28), um projeto que autoriza o Executivo a intervir no pre\u00e7o dos combust\u00edveis de origem nacional em situa\u00e7\u00f5es de defici\u00eancia no mercado interno. Essa a\u00e7\u00e3o visa promover maior estabilidade para motoristas e empresas que dependem &hellip;\" \/>\n<meta property=\"og:url\" content=\"https:\/\/motorista.com.br\/noticias\/2026\/04\/27\/ci-avalia-proposta-para-regular-preco-dos-combustiveis\/\" \/>\n<meta property=\"og:site_name\" content=\"Motorista.com.br\" \/>\n<meta property=\"article:published_time\" content=\"2026-04-28T02:47:56+00:00\" \/>\n<meta name=\"author\" content=\"Equipe Reda\u00e7\u00e3o\" \/>\n<meta name=\"twitter:card\" content=\"summary_large_image\" \/>\n<meta name=\"twitter:label1\" content=\"Escrito por\" \/>\n\t<meta name=\"twitter:data1\" content=\"Equipe Reda\u00e7\u00e3o\" \/>\n\t<meta name=\"twitter:label2\" content=\"Est. tempo de leitura\" \/>\n\t<meta name=\"twitter:data2\" content=\"2 minutos\" \/>\n\t<meta name=\"twitter:label3\" content=\"Written by\" \/>\n\t<meta name=\"twitter:data3\" content=\"Equipe Reda\u00e7\u00e3o\" \/>\n<script type=\"application\/ld+json\" class=\"yoast-schema-graph\">{\"@context\":\"https:\\\/\\\/schema.org\",\"@graph\":[{\"@type\":\"Article\",\"@id\":\"https:\\\/\\\/motorista.com.br\\\/noticias\\\/2026\\\/04\\\/27\\\/ci-avalia-proposta-para-regular-preco-dos-combustiveis\\\/#article\",\"isPartOf\":{\"@id\":\"https:\\\/\\\/motorista.com.br\\\/noticias\\\/2026\\\/04\\\/27\\\/ci-avalia-proposta-para-regular-preco-dos-combustiveis\\\/\"},\"author\":{\"name\":\"Equipe Reda\u00e7\u00e3o\",\"@id\":\"https:\\\/\\\/motorista.com.br\\\/noticias\\\/#\\\/schema\\\/person\\\/dc93afc2981c0e3ce6bc3c053fd847be\"},\"headline\":\"CI avalia proposta para regular pre\u00e7o dos combust\u00edveis.\",\"datePublished\":\"2026-04-28T02:47:56+00:00\",\"mainEntityOfPage\":{\"@id\":\"https:\\\/\\\/motorista.com.br\\\/noticias\\\/2026\\\/04\\\/27\\\/ci-avalia-proposta-para-regular-preco-dos-combustiveis\\\/\"},\"wordCount\":420,\"publisher\":{\"@id\":\"https:\\\/\\\/motorista.com.br\\\/noticias\\\/#organization\"},\"image\":{\"@id\":\"https:\\\/\\\/motorista.com.br\\\/noticias\\\/2026\\\/04\\\/27\\\/ci-avalia-proposta-para-regular-preco-dos-combustiveis\\\/#primaryimage\"},\"thumbnailUrl\":\"https:\\\/\\\/motorista.com.br\\\/noticias\\\/wp-content\\\/uploads\\\/2026\\\/04\\\/001.png\",\"articleSection\":[\"Log\u00edstica\"],\"inLanguage\":\"pt-BR\"},{\"@type\":\"WebPage\",\"@id\":\"https:\\\/\\\/motorista.com.br\\\/noticias\\\/2026\\\/04\\\/27\\\/ci-avalia-proposta-para-regular-preco-dos-combustiveis\\\/\",\"url\":\"https:\\\/\\\/motorista.com.br\\\/noticias\\\/2026\\\/04\\\/27\\\/ci-avalia-proposta-para-regular-preco-dos-combustiveis\\\/\",\"name\":\"CI avalia proposta para regular pre\u00e7o dos combust\u00edveis. - Motorista.com.br\",\"isPartOf\":{\"@id\":\"https:\\\/\\\/motorista.com.br\\\/noticias\\\/#website\"},\"primaryImageOfPage\":{\"@id\":\"https:\\\/\\\/motorista.com.br\\\/noticias\\\/2026\\\/04\\\/27\\\/ci-avalia-proposta-para-regular-preco-dos-combustiveis\\\/#primaryimage\"},\"image\":{\"@id\":\"https:\\\/\\\/motorista.com.br\\\/noticias\\\/2026\\\/04\\\/27\\\/ci-avalia-proposta-para-regular-preco-dos-combustiveis\\\/#primaryimage\"},\"thumbnailUrl\":\"https:\\\/\\\/motorista.com.br\\\/noticias\\\/wp-content\\\/uploads\\\/2026\\\/04\\\/001.png\",\"datePublished\":\"2026-04-28T02:47:56+00:00\",\"breadcrumb\":{\"@id\":\"https:\\\/\\\/motorista.com.br\\\/noticias\\\/2026\\\/04\\\/27\\\/ci-avalia-proposta-para-regular-preco-dos-combustiveis\\\/#breadcrumb\"},\"inLanguage\":\"pt-BR\",\"potentialAction\":[{\"@type\":\"ReadAction\",\"target\":[\"https:\\\/\\\/motorista.com.br\\\/noticias\\\/2026\\\/04\\\/27\\\/ci-avalia-proposta-para-regular-preco-dos-combustiveis\\\/\"]}]},{\"@type\":\"ImageObject\",\"inLanguage\":\"pt-BR\",\"@id\":\"https:\\\/\\\/motorista.com.br\\\/noticias\\\/2026\\\/04\\\/27\\\/ci-avalia-proposta-para-regular-preco-dos-combustiveis\\\/#primaryimage\",\"url\":\"https:\\\/\\\/motorista.com.br\\\/noticias\\\/wp-content\\\/uploads\\\/2026\\\/04\\\/001.png\",\"contentUrl\":\"https:\\\/\\\/motorista.com.br\\\/noticias\\\/wp-content\\\/uploads\\\/2026\\\/04\\\/001.png\",\"width\":1400,\"height\":700},{\"@type\":\"BreadcrumbList\",\"@id\":\"https:\\\/\\\/motorista.com.br\\\/noticias\\\/2026\\\/04\\\/27\\\/ci-avalia-proposta-para-regular-preco-dos-combustiveis\\\/#breadcrumb\",\"itemListElement\":[{\"@type\":\"ListItem\",\"position\":1,\"name\":\"In\u00edcio\",\"item\":\"https:\\\/\\\/motorista.com.br\\\/noticias\\\/\"},{\"@type\":\"ListItem\",\"position\":2,\"name\":\"CI avalia proposta para regular pre\u00e7o dos combust\u00edveis.\"}]},{\"@type\":\"WebSite\",\"@id\":\"https:\\\/\\\/motorista.com.br\\\/noticias\\\/#website\",\"url\":\"https:\\\/\\\/motorista.com.br\\\/noticias\\\/\",\"name\":\"Motorista.com.br\",\"description\":\"Not\u00edcia do Motorista\",\"publisher\":{\"@id\":\"https:\\\/\\\/motorista.com.br\\\/noticias\\\/#organization\"},\"potentialAction\":[{\"@type\":\"SearchAction\",\"target\":{\"@type\":\"EntryPoint\",\"urlTemplate\":\"https:\\\/\\\/motorista.com.br\\\/noticias\\\/?s={search_term_string}\"},\"query-input\":{\"@type\":\"PropertyValueSpecification\",\"valueRequired\":true,\"valueName\":\"search_term_string\"}}],\"inLanguage\":\"pt-BR\"},{\"@type\":\"Organization\",\"@id\":\"https:\\\/\\\/motorista.com.br\\\/noticias\\\/#organization\",\"name\":\"Motorista.com.br\",\"url\":\"https:\\\/\\\/motorista.com.br\\\/noticias\\\/\",\"logo\":{\"@type\":\"ImageObject\",\"inLanguage\":\"pt-BR\",\"@id\":\"https:\\\/\\\/motorista.com.br\\\/noticias\\\/#\\\/schema\\\/logo\\\/image\\\/\",\"url\":\"https:\\\/\\\/motorista.com.br\\\/noticias\\\/wp-content\\\/uploads\\\/2025\\\/06\\\/Design-sem-nome-9.png\",\"contentUrl\":\"https:\\\/\\\/motorista.com.br\\\/noticias\\\/wp-content\\\/uploads\\\/2025\\\/06\\\/Design-sem-nome-9.png\",\"width\":150,\"height\":85,\"caption\":\"Motorista.com.br\"},\"image\":{\"@id\":\"https:\\\/\\\/motorista.com.br\\\/noticias\\\/#\\\/schema\\\/logo\\\/image\\\/\"}},{\"@type\":\"Person\",\"@id\":\"https:\\\/\\\/motorista.com.br\\\/noticias\\\/#\\\/schema\\\/person\\\/dc93afc2981c0e3ce6bc3c053fd847be\",\"name\":\"Equipe Reda\u00e7\u00e3o\",\"image\":{\"@type\":\"ImageObject\",\"inLanguage\":\"pt-BR\",\"@id\":\"https:\\\/\\\/secure.gravatar.com\\\/avatar\\\/4f525efbf18dd2bb300ccad28bfb99d95a9465a5ba268407c8c37b37e1f28d2d?s=96&d=mm&r=g9e099043a0c61e9ae27e293b9fa75ffc\",\"url\":\"https:\\\/\\\/secure.gravatar.com\\\/avatar\\\/4f525efbf18dd2bb300ccad28bfb99d95a9465a5ba268407c8c37b37e1f28d2d?s=96&d=mm&r=g\",\"contentUrl\":\"https:\\\/\\\/secure.gravatar.com\\\/avatar\\\/4f525efbf18dd2bb300ccad28bfb99d95a9465a5ba268407c8c37b37e1f28d2d?s=96&d=mm&r=g\",\"caption\":\"Equipe Reda\u00e7\u00e3o\"},\"description\":\"Equipe de reda\u00e7\u00e3o \u00e9 um grupo de profissionais que trabalham juntos para criar conte\u00fado escrito para Motorista.com.br\",\"url\":\"https:\\\/\\\/motorista.com.br\\\/noticias\\\/author\\\/equiperedacao\\\/\"}]}<\/script>\n<!-- \/ Yoast SEO Premium plugin. -->","yoast_head_json":{"title":"CI avalia proposta para regular pre\u00e7o dos combust\u00edveis. - Motorista.com.br","robots":{"index":"index","follow":"follow","max-snippet":"max-snippet:-1","max-image-preview":"max-image-preview:large","max-video-preview":"max-video-preview:-1"},"canonical":"https:\/\/motorista.com.br\/noticias\/2026\/04\/27\/ci-avalia-proposta-para-regular-preco-dos-combustiveis\/","og_locale":"pt_BR","og_type":"article","og_title":"CI avalia proposta para regular pre\u00e7o dos combust\u00edveis.","og_description":"CI Analisa Projeto para Limitar Pre\u00e7o de Combust\u00edveis \u2013 SETCESP A Comiss\u00e3o de Infraestrutura (CI) est\u00e1 analisando, na pr\u00f3xima ter\u00e7a-feira (28), um projeto que autoriza o Executivo a intervir no pre\u00e7o dos combust\u00edveis de origem nacional em situa\u00e7\u00f5es de defici\u00eancia no mercado interno. Essa a\u00e7\u00e3o visa promover maior estabilidade para motoristas e empresas que dependem &hellip;","og_url":"https:\/\/motorista.com.br\/noticias\/2026\/04\/27\/ci-avalia-proposta-para-regular-preco-dos-combustiveis\/","og_site_name":"Motorista.com.br","article_published_time":"2026-04-28T02:47:56+00:00","author":"Equipe Reda\u00e7\u00e3o","twitter_card":"summary_large_image","twitter_misc":{"Escrito por":"Equipe Reda\u00e7\u00e3o","Est. tempo de leitura":"2 minutos","Written by":"Equipe Reda\u00e7\u00e3o"},"schema":{"@context":"https:\/\/schema.org","@graph":[{"@type":"Article","@id":"https:\/\/motorista.com.br\/noticias\/2026\/04\/27\/ci-avalia-proposta-para-regular-preco-dos-combustiveis\/#article","isPartOf":{"@id":"https:\/\/motorista.com.br\/noticias\/2026\/04\/27\/ci-avalia-proposta-para-regular-preco-dos-combustiveis\/"},"author":{"name":"Equipe Reda\u00e7\u00e3o","@id":"https:\/\/motorista.com.br\/noticias\/#\/schema\/person\/dc93afc2981c0e3ce6bc3c053fd847be"},"headline":"CI avalia proposta para regular pre\u00e7o dos combust\u00edveis.","datePublished":"2026-04-28T02:47:56+00:00","mainEntityOfPage":{"@id":"https:\/\/motorista.com.br\/noticias\/2026\/04\/27\/ci-avalia-proposta-para-regular-preco-dos-combustiveis\/"},"wordCount":420,"publisher":{"@id":"https:\/\/motorista.com.br\/noticias\/#organization"},"image":{"@id":"https:\/\/motorista.com.br\/noticias\/2026\/04\/27\/ci-avalia-proposta-para-regular-preco-dos-combustiveis\/#primaryimage"},"thumbnailUrl":"https:\/\/motorista.com.br\/noticias\/wp-content\/uploads\/2026\/04\/001.png","articleSection":["Log\u00edstica"],"inLanguage":"pt-BR"},{"@type":"WebPage","@id":"https:\/\/motorista.com.br\/noticias\/2026\/04\/27\/ci-avalia-proposta-para-regular-preco-dos-combustiveis\/","url":"https:\/\/motorista.com.br\/noticias\/2026\/04\/27\/ci-avalia-proposta-para-regular-preco-dos-combustiveis\/","name":"CI avalia proposta para regular pre\u00e7o dos combust\u00edveis. - Motorista.com.br","isPartOf":{"@id":"https:\/\/motorista.com.br\/noticias\/#website"},"primaryImageOfPage":{"@id":"https:\/\/motorista.com.br\/noticias\/2026\/04\/27\/ci-avalia-proposta-para-regular-preco-dos-combustiveis\/#primaryimage"},"image":{"@id":"https:\/\/motorista.com.br\/noticias\/2026\/04\/27\/ci-avalia-proposta-para-regular-preco-dos-combustiveis\/#primaryimage"},"thumbnailUrl":"https:\/\/motorista.com.br\/noticias\/wp-content\/uploads\/2026\/04\/001.png","datePublished":"2026-04-28T02:47:56+00:00","breadcrumb":{"@id":"https:\/\/motorista.com.br\/noticias\/2026\/04\/27\/ci-avalia-proposta-para-regular-preco-dos-combustiveis\/#breadcrumb"},"inLanguage":"pt-BR","potentialAction":[{"@type":"ReadAction","target":["https:\/\/motorista.com.br\/noticias\/2026\/04\/27\/ci-avalia-proposta-para-regular-preco-dos-combustiveis\/"]}]},{"@type":"ImageObject","inLanguage":"pt-BR","@id":"https:\/\/motorista.com.br\/noticias\/2026\/04\/27\/ci-avalia-proposta-para-regular-preco-dos-combustiveis\/#primaryimage","url":"https:\/\/motorista.com.br\/noticias\/wp-content\/uploads\/2026\/04\/001.png","contentUrl":"https:\/\/motorista.com.br\/noticias\/wp-content\/uploads\/2026\/04\/001.png","width":1400,"height":700},{"@type":"BreadcrumbList","@id":"https:\/\/motorista.com.br\/noticias\/2026\/04\/27\/ci-avalia-proposta-para-regular-preco-dos-combustiveis\/#breadcrumb","itemListElement":[{"@type":"ListItem","position":1,"name":"In\u00edcio","item":"https:\/\/motorista.com.br\/noticias\/"},{"@type":"ListItem","position":2,"name":"CI avalia proposta para regular pre\u00e7o dos combust\u00edveis."}]},{"@type":"WebSite","@id":"https:\/\/motorista.com.br\/noticias\/#website","url":"https:\/\/motorista.com.br\/noticias\/","name":"Motorista.com.br","description":"Not\u00edcia do Motorista","publisher":{"@id":"https:\/\/motorista.com.br\/noticias\/#organization"},"potentialAction":[{"@type":"SearchAction","target":{"@type":"EntryPoint","urlTemplate":"https:\/\/motorista.com.br\/noticias\/?s={search_term_string}"},"query-input":{"@type":"PropertyValueSpecification","valueRequired":true,"valueName":"search_term_string"}}],"inLanguage":"pt-BR"},{"@type":"Organization","@id":"https:\/\/motorista.com.br\/noticias\/#organization","name":"Motorista.com.br","url":"https:\/\/motorista.com.br\/noticias\/","logo":{"@type":"ImageObject","inLanguage":"pt-BR","@id":"https:\/\/motorista.com.br\/noticias\/#\/schema\/logo\/image\/","url":"https:\/\/motorista.com.br\/noticias\/wp-content\/uploads\/2025\/06\/Design-sem-nome-9.png","contentUrl":"https:\/\/motorista.com.br\/noticias\/wp-content\/uploads\/2025\/06\/Design-sem-nome-9.png","width":150,"height":85,"caption":"Motorista.com.br"},"image":{"@id":"https:\/\/motorista.com.br\/noticias\/#\/schema\/logo\/image\/"}},{"@type":"Person","@id":"https:\/\/motorista.com.br\/noticias\/#\/schema\/person\/dc93afc2981c0e3ce6bc3c053fd847be","name":"Equipe Reda\u00e7\u00e3o","image":{"@type":"ImageObject","inLanguage":"pt-BR","@id":"https:\/\/secure.gravatar.com\/avatar\/4f525efbf18dd2bb300ccad28bfb99d95a9465a5ba268407c8c37b37e1f28d2d?s=96&d=mm&r=g9e099043a0c61e9ae27e293b9fa75ffc","url":"https:\/\/secure.gravatar.com\/avatar\/4f525efbf18dd2bb300ccad28bfb99d95a9465a5ba268407c8c37b37e1f28d2d?s=96&d=mm&r=g","contentUrl":"https:\/\/secure.gravatar.com\/avatar\/4f525efbf18dd2bb300ccad28bfb99d95a9465a5ba268407c8c37b37e1f28d2d?s=96&d=mm&r=g","caption":"Equipe Reda\u00e7\u00e3o"},"description":"Equipe de reda\u00e7\u00e3o \u00e9 um grupo de profissionais que trabalham juntos para criar conte\u00fado escrito para Motorista.com.br","url":"https:\/\/motorista.com.br\/noticias\/author\/equiperedacao\/"}]}},"_links":{"self":[{"href":"https:\/\/motorista.com.br\/noticias\/wp-json\/wp\/v2\/posts\/9243","targetHints":{"allow":["GET"]}}],"collection":[{"href":"https:\/\/motorista.com.br\/noticias\/wp-json\/wp\/v2\/posts"}],"about":[{"href":"https:\/\/motorista.com.br\/noticias\/wp-json\/wp\/v2\/types\/post"}],"author":[{"embeddable":true,"href":"https:\/\/motorista.com.br\/noticias\/wp-json\/wp\/v2\/users\/4"}],"replies":[{"embeddable":true,"href":"https:\/\/motorista.com.br\/noticias\/wp-json\/wp\/v2\/comments?post=9243"}],"version-history":[{"count":0,"href":"https:\/\/motorista.com.br\/noticias\/wp-json\/wp\/v2\/posts\/9243\/revisions"}],"wp:featuredmedia":[{"embeddable":true,"href":"https:\/\/motorista.com.br\/noticias\/wp-json\/wp\/v2\/media\/9244"}],"wp:attachment":[{"href":"https:\/\/motorista.com.br\/noticias\/wp-json\/wp\/v2\/media?parent=9243"}],"wp:term":[{"taxonomy":"category","embeddable":true,"href":"https:\/\/motorista.com.br\/noticias\/wp-json\/wp\/v2\/categories?post=9243"},{"taxonomy":"post_tag","embeddable":true,"href":"https:\/\/motorista.com.br\/noticias\/wp-json\/wp\/v2\/tags?post=9243"},{"taxonomy":"author","embeddable":true,"href":"https:\/\/motorista.com.br\/noticias\/wp-json\/wp\/v2\/coauthors?post=9243"}],"curies":[{"name":"wp","href":"https:\/\/api.w.org\/{rel}","templated":true}]}}