{"id":9241,"date":"2026-04-27T23:44:38","date_gmt":"2026-04-28T02:44:38","guid":{"rendered":"https:\/\/motorista.com.br\/noticias\/2026\/04\/27\/presidente-da-frenlogi-se-reune-com-associadas-da-anatc-em-rondonopolis\/"},"modified":"2026-04-27T23:44:38","modified_gmt":"2026-04-28T02:44:38","slug":"presidente-da-frenlogi-se-reune-com-associadas-da-anatc-em-rondonopolis","status":"publish","type":"post","link":"https:\/\/motorista.com.br\/noticias\/2026\/04\/27\/presidente-da-frenlogi-se-reune-com-associadas-da-anatc-em-rondonopolis\/","title":{"rendered":"Presidente da FRENLOGI se re\u00fane com associadas da ANATC em Rondon\u00f3polis."},"content":{"rendered":"<p><\/p>\n<h3>Presidente da FRENLOGI Participa de Encontro com Associadas da ANATC em Rondon\u00f3polis<\/h3>\n<p>A Associa\u00e7\u00e3o Nacional das Empresas de Transporte de Carga (ANATC) recentemente promoveu um encontro em Rondon\u00f3polis, reunindo transportadores rodovi\u00e1rios de carga do agroneg\u00f3cio brasileiro. O objetivo do evento foi discutir temas estrat\u00e9gicos, incluindo os impactos da reforma tribut\u00e1ria e as transforma\u00e7\u00f5es no transporte rodovi\u00e1rio de cargas.<\/p>\n<p>O encontro contcountou com a presen\u00e7a do presidente da Frente Parlamentar Mista de Log\u00edstica e Infraestrutura, senador Wellington Fagundes, que se candidata ao Governo de Mato Grosso. Durante seu discurso, Fagundes interagiu com os participantes e esclareceu quest\u00f5es sobre o processo legislativo e a representatividade do setor no Congresso Nacional.<\/p>\n<p>Ele enfatizou a import\u00e2ncia da participa\u00e7\u00e3o das entidades representativas na formula\u00e7\u00e3o de pol\u00edticas p\u00fablicas, destacando que \u201co Congresso funciona muito na base da mobiliza\u00e7\u00e3o da sociedade\u201d. Essa mobiliza\u00e7\u00e3o \u00e9 fundamental, especialmente em um tema complexo como a reforma tribut\u00e1ria. Quanto mais organizado um setor estiver, mais forte ser\u00e1 sua voz nas discuss\u00f5es que moldam a mobilidade e a log\u00edstica no pa\u00eds.<\/p>\n<p>O senador tamb\u00e9m mencionou que os relat\u00f3rios e propostas legislativas s\u00e3o resultado de debates com diversos segmentos, refletindo as demandas efetivas da sociedade. Essa intera\u00e7\u00e3o permite que o processo legislativo se aproxime mais da realidade dos motoristas e das empresas de transporte, promovendo pol\u00edticas que beneficiam a todos.<\/p>\n<p>Al\u00e9m disso, Fagundes ressaltou a fun\u00e7\u00e3o essencial das entidades representativas, como a ANATC, no di\u00e1logo com o Parlamento. Associando o Advocacy ao fortalecimento do setor, ele ressaltou que a atua\u00e7\u00e3o de associa\u00e7\u00f5es confi\u00e1veis contribui n\u00e3o apenas para um debate legislativo mais qualificado, mas tamb\u00e9m para a eficaz interlocu\u00e7\u00e3o com os parlamentares.<\/p>\n<p>Por fim, o senador destacou a relev\u00e2ncia de Rondon\u00f3polis para a log\u00edstica nacional, sublinhando que encontros como este fortalecem a cadeia produtiva do agroneg\u00f3cio e impulsionam o crescimento econ\u00f4mico do Brasil. Essa colabora\u00e7\u00e3o \u00e9 crucial para a mobilidade, pois um setor log\u00edstico eficiente impacta diretamente a agilidade no transporte e entrega de produtos, beneficiando tanto os motoristas como a sociedade em geral.<\/p>\n<p>Fonte: IBL<\/p>\n","protected":false},"excerpt":{"rendered":"<p>Presidente da FRENLOGI Participa de Encontro com Associadas da ANATC em Rondon\u00f3polis A Associa\u00e7\u00e3o Nacional das Empresas de Transporte de Carga (ANATC) recentemente promoveu um encontro em Rondon\u00f3polis, reunindo transportadores rodovi\u00e1rios de carga do agroneg\u00f3cio brasileiro. O objetivo do evento foi discutir temas estrat\u00e9gicos, incluindo os impactos da reforma tribut\u00e1ria e as transforma\u00e7\u00f5es no transporte &hellip;<\/p>\n","protected":false},"author":4,"featured_media":9242,"comment_status":"","ping_status":"open","sticky":false,"template":"","format":"standard","meta":{"footnotes":""},"categories":[62],"tags":[],"coauthors":[42],"class_list":["post-9241","post","type-post","status-publish","format-standard","has-post-thumbnail","hentry","category-logistica"],"yoast_head":"<!-- This site is optimized with the Yoast SEO Premium plugin v25.5 (Yoast SEO v27.5) - https:\/\/yoast.com\/product\/yoast-seo-premium-wordpress\/ -->\n<title>Presidente da FRENLOGI se re\u00fane com associadas da ANATC em Rondon\u00f3polis. - Motorista.com.br<\/title>\n<meta name=\"robots\" content=\"index, follow, max-snippet:-1, max-image-preview:large, max-video-preview:-1\" \/>\n<link rel=\"canonical\" href=\"https:\/\/motorista.com.br\/noticias\/2026\/04\/27\/presidente-da-frenlogi-se-reune-com-associadas-da-anatc-em-rondonopolis\/\" \/>\n<meta property=\"og:locale\" content=\"pt_BR\" \/>\n<meta property=\"og:type\" content=\"article\" \/>\n<meta property=\"og:title\" content=\"Presidente da FRENLOGI se re\u00fane com associadas da ANATC em Rondon\u00f3polis.\" \/>\n<meta property=\"og:description\" content=\"Presidente da FRENLOGI Participa de Encontro com Associadas da ANATC em Rondon\u00f3polis A Associa\u00e7\u00e3o Nacional das Empresas de Transporte de Carga (ANATC) recentemente promoveu um encontro em Rondon\u00f3polis, reunindo transportadores rodovi\u00e1rios de carga do agroneg\u00f3cio brasileiro. O objetivo do evento foi discutir temas estrat\u00e9gicos, incluindo os impactos da reforma tribut\u00e1ria e as transforma\u00e7\u00f5es no transporte &hellip;\" \/>\n<meta property=\"og:url\" content=\"https:\/\/motorista.com.br\/noticias\/2026\/04\/27\/presidente-da-frenlogi-se-reune-com-associadas-da-anatc-em-rondonopolis\/\" \/>\n<meta property=\"og:site_name\" content=\"Motorista.com.br\" \/>\n<meta property=\"article:published_time\" content=\"2026-04-28T02:44:38+00:00\" \/>\n<meta name=\"author\" content=\"Equipe Reda\u00e7\u00e3o\" \/>\n<meta name=\"twitter:card\" content=\"summary_large_image\" \/>\n<meta name=\"twitter:label1\" content=\"Escrito por\" \/>\n\t<meta name=\"twitter:data1\" content=\"Equipe Reda\u00e7\u00e3o\" \/>\n\t<meta name=\"twitter:label2\" content=\"Est. tempo de leitura\" \/>\n\t<meta name=\"twitter:data2\" content=\"2 minutos\" \/>\n\t<meta name=\"twitter:label3\" content=\"Written by\" \/>\n\t<meta name=\"twitter:data3\" content=\"Equipe Reda\u00e7\u00e3o\" \/>\n<script type=\"application\/ld+json\" class=\"yoast-schema-graph\">{\"@context\":\"https:\\\/\\\/schema.org\",\"@graph\":[{\"@type\":\"Article\",\"@id\":\"https:\\\/\\\/motorista.com.br\\\/noticias\\\/2026\\\/04\\\/27\\\/presidente-da-frenlogi-se-reune-com-associadas-da-anatc-em-rondonopolis\\\/#article\",\"isPartOf\":{\"@id\":\"https:\\\/\\\/motorista.com.br\\\/noticias\\\/2026\\\/04\\\/27\\\/presidente-da-frenlogi-se-reune-com-associadas-da-anatc-em-rondonopolis\\\/\"},\"author\":{\"name\":\"Equipe Reda\u00e7\u00e3o\",\"@id\":\"https:\\\/\\\/motorista.com.br\\\/noticias\\\/#\\\/schema\\\/person\\\/dc93afc2981c0e3ce6bc3c053fd847be\"},\"headline\":\"Presidente da FRENLOGI se re\u00fane com associadas da ANATC em Rondon\u00f3polis.\",\"datePublished\":\"2026-04-28T02:44:38+00:00\",\"mainEntityOfPage\":{\"@id\":\"https:\\\/\\\/motorista.com.br\\\/noticias\\\/2026\\\/04\\\/27\\\/presidente-da-frenlogi-se-reune-com-associadas-da-anatc-em-rondonopolis\\\/\"},\"wordCount\":387,\"publisher\":{\"@id\":\"https:\\\/\\\/motorista.com.br\\\/noticias\\\/#organization\"},\"image\":{\"@id\":\"https:\\\/\\\/motorista.com.br\\\/noticias\\\/2026\\\/04\\\/27\\\/presidente-da-frenlogi-se-reune-com-associadas-da-anatc-em-rondonopolis\\\/#primaryimage\"},\"thumbnailUrl\":\"https:\\\/\\\/motorista.com.br\\\/noticias\\\/wp-content\\\/uploads\\\/2026\\\/04\\\/WhatsApp-Image-2026-04-27-at-17.51.51.jpeg\",\"articleSection\":[\"Log\u00edstica\"],\"inLanguage\":\"pt-BR\"},{\"@type\":\"WebPage\",\"@id\":\"https:\\\/\\\/motorista.com.br\\\/noticias\\\/2026\\\/04\\\/27\\\/presidente-da-frenlogi-se-reune-com-associadas-da-anatc-em-rondonopolis\\\/\",\"url\":\"https:\\\/\\\/motorista.com.br\\\/noticias\\\/2026\\\/04\\\/27\\\/presidente-da-frenlogi-se-reune-com-associadas-da-anatc-em-rondonopolis\\\/\",\"name\":\"Presidente da FRENLOGI se re\u00fane com associadas da ANATC em Rondon\u00f3polis. - Motorista.com.br\",\"isPartOf\":{\"@id\":\"https:\\\/\\\/motorista.com.br\\\/noticias\\\/#website\"},\"primaryImageOfPage\":{\"@id\":\"https:\\\/\\\/motorista.com.br\\\/noticias\\\/2026\\\/04\\\/27\\\/presidente-da-frenlogi-se-reune-com-associadas-da-anatc-em-rondonopolis\\\/#primaryimage\"},\"image\":{\"@id\":\"https:\\\/\\\/motorista.com.br\\\/noticias\\\/2026\\\/04\\\/27\\\/presidente-da-frenlogi-se-reune-com-associadas-da-anatc-em-rondonopolis\\\/#primaryimage\"},\"thumbnailUrl\":\"https:\\\/\\\/motorista.com.br\\\/noticias\\\/wp-content\\\/uploads\\\/2026\\\/04\\\/WhatsApp-Image-2026-04-27-at-17.51.51.jpeg\",\"datePublished\":\"2026-04-28T02:44:38+00:00\",\"breadcrumb\":{\"@id\":\"https:\\\/\\\/motorista.com.br\\\/noticias\\\/2026\\\/04\\\/27\\\/presidente-da-frenlogi-se-reune-com-associadas-da-anatc-em-rondonopolis\\\/#breadcrumb\"},\"inLanguage\":\"pt-BR\",\"potentialAction\":[{\"@type\":\"ReadAction\",\"target\":[\"https:\\\/\\\/motorista.com.br\\\/noticias\\\/2026\\\/04\\\/27\\\/presidente-da-frenlogi-se-reune-com-associadas-da-anatc-em-rondonopolis\\\/\"]}]},{\"@type\":\"ImageObject\",\"inLanguage\":\"pt-BR\",\"@id\":\"https:\\\/\\\/motorista.com.br\\\/noticias\\\/2026\\\/04\\\/27\\\/presidente-da-frenlogi-se-reune-com-associadas-da-anatc-em-rondonopolis\\\/#primaryimage\",\"url\":\"https:\\\/\\\/motorista.com.br\\\/noticias\\\/wp-content\\\/uploads\\\/2026\\\/04\\\/WhatsApp-Image-2026-04-27-at-17.51.51.jpeg\",\"contentUrl\":\"https:\\\/\\\/motorista.com.br\\\/noticias\\\/wp-content\\\/uploads\\\/2026\\\/04\\\/WhatsApp-Image-2026-04-27-at-17.51.51.jpeg\",\"width\":1600,\"height\":900},{\"@type\":\"BreadcrumbList\",\"@id\":\"https:\\\/\\\/motorista.com.br\\\/noticias\\\/2026\\\/04\\\/27\\\/presidente-da-frenlogi-se-reune-com-associadas-da-anatc-em-rondonopolis\\\/#breadcrumb\",\"itemListElement\":[{\"@type\":\"ListItem\",\"position\":1,\"name\":\"In\u00edcio\",\"item\":\"https:\\\/\\\/motorista.com.br\\\/noticias\\\/\"},{\"@type\":\"ListItem\",\"position\":2,\"name\":\"Presidente da FRENLOGI se re\u00fane com associadas da ANATC em Rondon\u00f3polis.\"}]},{\"@type\":\"WebSite\",\"@id\":\"https:\\\/\\\/motorista.com.br\\\/noticias\\\/#website\",\"url\":\"https:\\\/\\\/motorista.com.br\\\/noticias\\\/\",\"name\":\"Motorista.com.br\",\"description\":\"Not\u00edcia do Motorista\",\"publisher\":{\"@id\":\"https:\\\/\\\/motorista.com.br\\\/noticias\\\/#organization\"},\"potentialAction\":[{\"@type\":\"SearchAction\",\"target\":{\"@type\":\"EntryPoint\",\"urlTemplate\":\"https:\\\/\\\/motorista.com.br\\\/noticias\\\/?s={search_term_string}\"},\"query-input\":{\"@type\":\"PropertyValueSpecification\",\"valueRequired\":true,\"valueName\":\"search_term_string\"}}],\"inLanguage\":\"pt-BR\"},{\"@type\":\"Organization\",\"@id\":\"https:\\\/\\\/motorista.com.br\\\/noticias\\\/#organization\",\"name\":\"Motorista.com.br\",\"url\":\"https:\\\/\\\/motorista.com.br\\\/noticias\\\/\",\"logo\":{\"@type\":\"ImageObject\",\"inLanguage\":\"pt-BR\",\"@id\":\"https:\\\/\\\/motorista.com.br\\\/noticias\\\/#\\\/schema\\\/logo\\\/image\\\/\",\"url\":\"https:\\\/\\\/motorista.com.br\\\/noticias\\\/wp-content\\\/uploads\\\/2025\\\/06\\\/Design-sem-nome-9.png\",\"contentUrl\":\"https:\\\/\\\/motorista.com.br\\\/noticias\\\/wp-content\\\/uploads\\\/2025\\\/06\\\/Design-sem-nome-9.png\",\"width\":150,\"height\":85,\"caption\":\"Motorista.com.br\"},\"image\":{\"@id\":\"https:\\\/\\\/motorista.com.br\\\/noticias\\\/#\\\/schema\\\/logo\\\/image\\\/\"}},{\"@type\":\"Person\",\"@id\":\"https:\\\/\\\/motorista.com.br\\\/noticias\\\/#\\\/schema\\\/person\\\/dc93afc2981c0e3ce6bc3c053fd847be\",\"name\":\"Equipe Reda\u00e7\u00e3o\",\"image\":{\"@type\":\"ImageObject\",\"inLanguage\":\"pt-BR\",\"@id\":\"https:\\\/\\\/secure.gravatar.com\\\/avatar\\\/4f525efbf18dd2bb300ccad28bfb99d95a9465a5ba268407c8c37b37e1f28d2d?s=96&d=mm&r=g9e099043a0c61e9ae27e293b9fa75ffc\",\"url\":\"https:\\\/\\\/secure.gravatar.com\\\/avatar\\\/4f525efbf18dd2bb300ccad28bfb99d95a9465a5ba268407c8c37b37e1f28d2d?s=96&d=mm&r=g\",\"contentUrl\":\"https:\\\/\\\/secure.gravatar.com\\\/avatar\\\/4f525efbf18dd2bb300ccad28bfb99d95a9465a5ba268407c8c37b37e1f28d2d?s=96&d=mm&r=g\",\"caption\":\"Equipe Reda\u00e7\u00e3o\"},\"description\":\"Equipe de reda\u00e7\u00e3o \u00e9 um grupo de profissionais que trabalham juntos para criar conte\u00fado escrito para Motorista.com.br\",\"url\":\"https:\\\/\\\/motorista.com.br\\\/noticias\\\/author\\\/equiperedacao\\\/\"}]}<\/script>\n<!-- \/ Yoast SEO Premium plugin. -->","yoast_head_json":{"title":"Presidente da FRENLOGI se re\u00fane com associadas da ANATC em Rondon\u00f3polis. - Motorista.com.br","robots":{"index":"index","follow":"follow","max-snippet":"max-snippet:-1","max-image-preview":"max-image-preview:large","max-video-preview":"max-video-preview:-1"},"canonical":"https:\/\/motorista.com.br\/noticias\/2026\/04\/27\/presidente-da-frenlogi-se-reune-com-associadas-da-anatc-em-rondonopolis\/","og_locale":"pt_BR","og_type":"article","og_title":"Presidente da FRENLOGI se re\u00fane com associadas da ANATC em Rondon\u00f3polis.","og_description":"Presidente da FRENLOGI Participa de Encontro com Associadas da ANATC em Rondon\u00f3polis A Associa\u00e7\u00e3o Nacional das Empresas de Transporte de Carga (ANATC) recentemente promoveu um encontro em Rondon\u00f3polis, reunindo transportadores rodovi\u00e1rios de carga do agroneg\u00f3cio brasileiro. O objetivo do evento foi discutir temas estrat\u00e9gicos, incluindo os impactos da reforma tribut\u00e1ria e as transforma\u00e7\u00f5es no transporte &hellip;","og_url":"https:\/\/motorista.com.br\/noticias\/2026\/04\/27\/presidente-da-frenlogi-se-reune-com-associadas-da-anatc-em-rondonopolis\/","og_site_name":"Motorista.com.br","article_published_time":"2026-04-28T02:44:38+00:00","author":"Equipe Reda\u00e7\u00e3o","twitter_card":"summary_large_image","twitter_misc":{"Escrito por":"Equipe Reda\u00e7\u00e3o","Est. tempo de leitura":"2 minutos","Written by":"Equipe Reda\u00e7\u00e3o"},"schema":{"@context":"https:\/\/schema.org","@graph":[{"@type":"Article","@id":"https:\/\/motorista.com.br\/noticias\/2026\/04\/27\/presidente-da-frenlogi-se-reune-com-associadas-da-anatc-em-rondonopolis\/#article","isPartOf":{"@id":"https:\/\/motorista.com.br\/noticias\/2026\/04\/27\/presidente-da-frenlogi-se-reune-com-associadas-da-anatc-em-rondonopolis\/"},"author":{"name":"Equipe Reda\u00e7\u00e3o","@id":"https:\/\/motorista.com.br\/noticias\/#\/schema\/person\/dc93afc2981c0e3ce6bc3c053fd847be"},"headline":"Presidente da FRENLOGI se re\u00fane com associadas da ANATC em Rondon\u00f3polis.","datePublished":"2026-04-28T02:44:38+00:00","mainEntityOfPage":{"@id":"https:\/\/motorista.com.br\/noticias\/2026\/04\/27\/presidente-da-frenlogi-se-reune-com-associadas-da-anatc-em-rondonopolis\/"},"wordCount":387,"publisher":{"@id":"https:\/\/motorista.com.br\/noticias\/#organization"},"image":{"@id":"https:\/\/motorista.com.br\/noticias\/2026\/04\/27\/presidente-da-frenlogi-se-reune-com-associadas-da-anatc-em-rondonopolis\/#primaryimage"},"thumbnailUrl":"https:\/\/motorista.com.br\/noticias\/wp-content\/uploads\/2026\/04\/WhatsApp-Image-2026-04-27-at-17.51.51.jpeg","articleSection":["Log\u00edstica"],"inLanguage":"pt-BR"},{"@type":"WebPage","@id":"https:\/\/motorista.com.br\/noticias\/2026\/04\/27\/presidente-da-frenlogi-se-reune-com-associadas-da-anatc-em-rondonopolis\/","url":"https:\/\/motorista.com.br\/noticias\/2026\/04\/27\/presidente-da-frenlogi-se-reune-com-associadas-da-anatc-em-rondonopolis\/","name":"Presidente da FRENLOGI se re\u00fane com associadas da ANATC em Rondon\u00f3polis. - Motorista.com.br","isPartOf":{"@id":"https:\/\/motorista.com.br\/noticias\/#website"},"primaryImageOfPage":{"@id":"https:\/\/motorista.com.br\/noticias\/2026\/04\/27\/presidente-da-frenlogi-se-reune-com-associadas-da-anatc-em-rondonopolis\/#primaryimage"},"image":{"@id":"https:\/\/motorista.com.br\/noticias\/2026\/04\/27\/presidente-da-frenlogi-se-reune-com-associadas-da-anatc-em-rondonopolis\/#primaryimage"},"thumbnailUrl":"https:\/\/motorista.com.br\/noticias\/wp-content\/uploads\/2026\/04\/WhatsApp-Image-2026-04-27-at-17.51.51.jpeg","datePublished":"2026-04-28T02:44:38+00:00","breadcrumb":{"@id":"https:\/\/motorista.com.br\/noticias\/2026\/04\/27\/presidente-da-frenlogi-se-reune-com-associadas-da-anatc-em-rondonopolis\/#breadcrumb"},"inLanguage":"pt-BR","potentialAction":[{"@type":"ReadAction","target":["https:\/\/motorista.com.br\/noticias\/2026\/04\/27\/presidente-da-frenlogi-se-reune-com-associadas-da-anatc-em-rondonopolis\/"]}]},{"@type":"ImageObject","inLanguage":"pt-BR","@id":"https:\/\/motorista.com.br\/noticias\/2026\/04\/27\/presidente-da-frenlogi-se-reune-com-associadas-da-anatc-em-rondonopolis\/#primaryimage","url":"https:\/\/motorista.com.br\/noticias\/wp-content\/uploads\/2026\/04\/WhatsApp-Image-2026-04-27-at-17.51.51.jpeg","contentUrl":"https:\/\/motorista.com.br\/noticias\/wp-content\/uploads\/2026\/04\/WhatsApp-Image-2026-04-27-at-17.51.51.jpeg","width":1600,"height":900},{"@type":"BreadcrumbList","@id":"https:\/\/motorista.com.br\/noticias\/2026\/04\/27\/presidente-da-frenlogi-se-reune-com-associadas-da-anatc-em-rondonopolis\/#breadcrumb","itemListElement":[{"@type":"ListItem","position":1,"name":"In\u00edcio","item":"https:\/\/motorista.com.br\/noticias\/"},{"@type":"ListItem","position":2,"name":"Presidente da FRENLOGI se re\u00fane com associadas da ANATC em Rondon\u00f3polis."}]},{"@type":"WebSite","@id":"https:\/\/motorista.com.br\/noticias\/#website","url":"https:\/\/motorista.com.br\/noticias\/","name":"Motorista.com.br","description":"Not\u00edcia do Motorista","publisher":{"@id":"https:\/\/motorista.com.br\/noticias\/#organization"},"potentialAction":[{"@type":"SearchAction","target":{"@type":"EntryPoint","urlTemplate":"https:\/\/motorista.com.br\/noticias\/?s={search_term_string}"},"query-input":{"@type":"PropertyValueSpecification","valueRequired":true,"valueName":"search_term_string"}}],"inLanguage":"pt-BR"},{"@type":"Organization","@id":"https:\/\/motorista.com.br\/noticias\/#organization","name":"Motorista.com.br","url":"https:\/\/motorista.com.br\/noticias\/","logo":{"@type":"ImageObject","inLanguage":"pt-BR","@id":"https:\/\/motorista.com.br\/noticias\/#\/schema\/logo\/image\/","url":"https:\/\/motorista.com.br\/noticias\/wp-content\/uploads\/2025\/06\/Design-sem-nome-9.png","contentUrl":"https:\/\/motorista.com.br\/noticias\/wp-content\/uploads\/2025\/06\/Design-sem-nome-9.png","width":150,"height":85,"caption":"Motorista.com.br"},"image":{"@id":"https:\/\/motorista.com.br\/noticias\/#\/schema\/logo\/image\/"}},{"@type":"Person","@id":"https:\/\/motorista.com.br\/noticias\/#\/schema\/person\/dc93afc2981c0e3ce6bc3c053fd847be","name":"Equipe Reda\u00e7\u00e3o","image":{"@type":"ImageObject","inLanguage":"pt-BR","@id":"https:\/\/secure.gravatar.com\/avatar\/4f525efbf18dd2bb300ccad28bfb99d95a9465a5ba268407c8c37b37e1f28d2d?s=96&d=mm&r=g9e099043a0c61e9ae27e293b9fa75ffc","url":"https:\/\/secure.gravatar.com\/avatar\/4f525efbf18dd2bb300ccad28bfb99d95a9465a5ba268407c8c37b37e1f28d2d?s=96&d=mm&r=g","contentUrl":"https:\/\/secure.gravatar.com\/avatar\/4f525efbf18dd2bb300ccad28bfb99d95a9465a5ba268407c8c37b37e1f28d2d?s=96&d=mm&r=g","caption":"Equipe Reda\u00e7\u00e3o"},"description":"Equipe de reda\u00e7\u00e3o \u00e9 um grupo de profissionais que trabalham juntos para criar conte\u00fado escrito para Motorista.com.br","url":"https:\/\/motorista.com.br\/noticias\/author\/equiperedacao\/"}]}},"_links":{"self":[{"href":"https:\/\/motorista.com.br\/noticias\/wp-json\/wp\/v2\/posts\/9241","targetHints":{"allow":["GET"]}}],"collection":[{"href":"https:\/\/motorista.com.br\/noticias\/wp-json\/wp\/v2\/posts"}],"about":[{"href":"https:\/\/motorista.com.br\/noticias\/wp-json\/wp\/v2\/types\/post"}],"author":[{"embeddable":true,"href":"https:\/\/motorista.com.br\/noticias\/wp-json\/wp\/v2\/users\/4"}],"replies":[{"embeddable":true,"href":"https:\/\/motorista.com.br\/noticias\/wp-json\/wp\/v2\/comments?post=9241"}],"version-history":[{"count":0,"href":"https:\/\/motorista.com.br\/noticias\/wp-json\/wp\/v2\/posts\/9241\/revisions"}],"wp:featuredmedia":[{"embeddable":true,"href":"https:\/\/motorista.com.br\/noticias\/wp-json\/wp\/v2\/media\/9242"}],"wp:attachment":[{"href":"https:\/\/motorista.com.br\/noticias\/wp-json\/wp\/v2\/media?parent=9241"}],"wp:term":[{"taxonomy":"category","embeddable":true,"href":"https:\/\/motorista.com.br\/noticias\/wp-json\/wp\/v2\/categories?post=9241"},{"taxonomy":"post_tag","embeddable":true,"href":"https:\/\/motorista.com.br\/noticias\/wp-json\/wp\/v2\/tags?post=9241"},{"taxonomy":"author","embeddable":true,"href":"https:\/\/motorista.com.br\/noticias\/wp-json\/wp\/v2\/coauthors?post=9241"}],"curies":[{"name":"wp","href":"https:\/\/api.w.org\/{rel}","templated":true}]}}