{"id":9237,"date":"2026-04-27T21:46:52","date_gmt":"2026-04-28T00:46:52","guid":{"rendered":"https:\/\/motorista.com.br\/noticias\/2026\/04\/27\/suspensao-das-multas-por-free-flow-comeca-nesta-terca-e-vai-ate-novembro\/"},"modified":"2026-04-27T21:46:52","modified_gmt":"2026-04-28T00:46:52","slug":"suspensao-das-multas-por-free-flow-comeca-nesta-terca-e-vai-ate-novembro","status":"publish","type":"post","link":"https:\/\/motorista.com.br\/noticias\/2026\/04\/27\/suspensao-das-multas-por-free-flow-comeca-nesta-terca-e-vai-ate-novembro\/","title":{"rendered":"Suspens\u00e3o das multas por free flow come\u00e7a nesta ter\u00e7a e vai at\u00e9 novembro."},"content":{"rendered":"<p><\/p>\n<p><strong>Suspens\u00e3o de Multas por Free Flow: Impactos para Motoristas e Mobilidade Geral<\/strong><\/p>\n<p>O governo anunciou, nesta ter\u00e7a-feira (28), a suspens\u00e3o das multas e dos pontos acumulados na CNH (Carteira Nacional de Habilita\u00e7\u00e3o) para motoristas que n\u00e3o pagaram ped\u00e1gios no sistema free flow. Essa medida poder\u00e1 beneficiar milh\u00f5es de motoristas, que frequentemente enfrentam a confus\u00e3o nas cobran\u00e7as e nos sistemas de ped\u00e1gio.<\/p>\n<p>Com mais de tr\u00eas milh\u00f5es de autua\u00e7\u00f5es registradas devido \u00e0 passagem irregular em ped\u00e1gios eletr\u00f4nicos, a penalidade de R$ 195,23, junto com os cinco pontos na CNH, representa um fardo significativo para muitos motoristas. A decis\u00e3o de suspender essas multas at\u00e9 meados de novembro proporciona um al\u00edvio tempor\u00e1rio e uma oportunidade para que motoristas regularizem sua situa\u00e7\u00e3o sem o peso das san\u00e7\u00f5es. <\/p>\n<p>Os benef\u00edcios dessa suspens\u00e3o v\u00e3o al\u00e9m do al\u00edvio financeiro imediato; ela tamb\u00e9m pode impactar positivamente a mobilidade nas estradas. Ao permitir que motoristas inadimplentes regularizem suas d\u00edvidas sem a press\u00e3o das multas, espera-se uma redu\u00e7\u00e3o nas estradas de ve\u00edculos que evitam o pagamento, contribuindo para uma maior fluidez no tr\u00e2nsito.<\/p>\n<p>Entretanto, h\u00e1 preocupa\u00e7\u00f5es leg\u00edtimas. Algumas partes do setor criticam a suspens\u00e3o, temendo que ela possa incentivar a inadimpl\u00eancia entre os usu\u00e1rios. Se os motoristas perceberem que a falta de pagamento n\u00e3o gera consequ\u00eancias imediatas, isso pode criar um ciclo de descaso em rela\u00e7\u00e3o \u00e0s responsabilidades financeiras com os ped\u00e1gios, impactando a arrecada\u00e7\u00e3o e, consequentemente, os investimentos em infraestrutura rodovi\u00e1ria.<\/p>\n<p>Outro ponto relevante \u00e9 que os motoristas que j\u00e1 pagaram suas multas poder\u00e3o solicitar a restitui\u00e7\u00e3o dos valores e dos pontos acumulados na CNH. Isso n\u00e3o s\u00f3 representa uma justi\u00e7a para aqueles que cumpriram suas obriga\u00e7\u00f5es, mas tamb\u00e9m pode incentivar um comportamento mais respons\u00e1vel entre os motoristas, ao mostrar que o cumprimento das normas ser\u00e1 reconhecido e recompensado.<\/p>\n<p>Em suma, a suspens\u00e3o das multas por free flow traz um misto de al\u00edvio e preocupa\u00e7\u00e3o. \u00c9 uma oportunidade de regulariza\u00e7\u00e3o e um passo para uma mobilidade mais eficiente, mas requer vigil\u00e2ncia para evitar que se torne um incentivo \u00e0 inadimpl\u00eancia. O equil\u00edbrio entre a justi\u00e7a e a responsabilidade ser\u00e1 crucial para assegurar que essa medida beneficie a todos, promovendo um tr\u00e2nsito mais seguro e organizado.<\/p>\n<p>Fonte: SETCESP<\/p>\n","protected":false},"excerpt":{"rendered":"<p>Suspens\u00e3o de Multas por Free Flow: Impactos para Motoristas e Mobilidade Geral O governo anunciou, nesta ter\u00e7a-feira (28), a suspens\u00e3o das multas e dos pontos acumulados na CNH (Carteira Nacional de Habilita\u00e7\u00e3o) para motoristas que n\u00e3o pagaram ped\u00e1gios no sistema free flow. Essa medida poder\u00e1 beneficiar milh\u00f5es de motoristas, que frequentemente enfrentam a confus\u00e3o nas &hellip;<\/p>\n","protected":false},"author":4,"featured_media":9238,"comment_status":"","ping_status":"open","sticky":false,"template":"","format":"standard","meta":{"footnotes":""},"categories":[62],"tags":[],"coauthors":[42],"class_list":["post-9237","post","type-post","status-publish","format-standard","has-post-thumbnail","hentry","category-logistica"],"yoast_head":"<!-- This site is optimized with the Yoast SEO Premium plugin v25.5 (Yoast SEO v27.5) - https:\/\/yoast.com\/product\/yoast-seo-premium-wordpress\/ -->\n<title>Suspens\u00e3o das multas por free flow come\u00e7a nesta ter\u00e7a e vai at\u00e9 novembro. - Motorista.com.br<\/title>\n<meta name=\"robots\" content=\"index, follow, max-snippet:-1, max-image-preview:large, max-video-preview:-1\" \/>\n<link rel=\"canonical\" href=\"https:\/\/motorista.com.br\/noticias\/2026\/04\/27\/suspensao-das-multas-por-free-flow-comeca-nesta-terca-e-vai-ate-novembro\/\" \/>\n<meta property=\"og:locale\" content=\"pt_BR\" \/>\n<meta property=\"og:type\" content=\"article\" \/>\n<meta property=\"og:title\" content=\"Suspens\u00e3o das multas por free flow come\u00e7a nesta ter\u00e7a e vai at\u00e9 novembro.\" \/>\n<meta property=\"og:description\" content=\"Suspens\u00e3o de Multas por Free Flow: Impactos para Motoristas e Mobilidade Geral O governo anunciou, nesta ter\u00e7a-feira (28), a suspens\u00e3o das multas e dos pontos acumulados na CNH (Carteira Nacional de Habilita\u00e7\u00e3o) para motoristas que n\u00e3o pagaram ped\u00e1gios no sistema free flow. Essa medida poder\u00e1 beneficiar milh\u00f5es de motoristas, que frequentemente enfrentam a confus\u00e3o nas &hellip;\" \/>\n<meta property=\"og:url\" content=\"https:\/\/motorista.com.br\/noticias\/2026\/04\/27\/suspensao-das-multas-por-free-flow-comeca-nesta-terca-e-vai-ate-novembro\/\" \/>\n<meta property=\"og:site_name\" content=\"Motorista.com.br\" \/>\n<meta property=\"article:published_time\" content=\"2026-04-28T00:46:52+00:00\" \/>\n<meta name=\"author\" content=\"Equipe Reda\u00e7\u00e3o\" \/>\n<meta name=\"twitter:card\" content=\"summary_large_image\" \/>\n<meta name=\"twitter:label1\" content=\"Escrito por\" \/>\n\t<meta name=\"twitter:data1\" content=\"Equipe Reda\u00e7\u00e3o\" \/>\n\t<meta name=\"twitter:label2\" content=\"Est. tempo de leitura\" \/>\n\t<meta name=\"twitter:data2\" content=\"2 minutos\" \/>\n\t<meta name=\"twitter:label3\" content=\"Written by\" \/>\n\t<meta name=\"twitter:data3\" content=\"Equipe Reda\u00e7\u00e3o\" \/>\n<script type=\"application\/ld+json\" class=\"yoast-schema-graph\">{\"@context\":\"https:\\\/\\\/schema.org\",\"@graph\":[{\"@type\":\"Article\",\"@id\":\"https:\\\/\\\/motorista.com.br\\\/noticias\\\/2026\\\/04\\\/27\\\/suspensao-das-multas-por-free-flow-comeca-nesta-terca-e-vai-ate-novembro\\\/#article\",\"isPartOf\":{\"@id\":\"https:\\\/\\\/motorista.com.br\\\/noticias\\\/2026\\\/04\\\/27\\\/suspensao-das-multas-por-free-flow-comeca-nesta-terca-e-vai-ate-novembro\\\/\"},\"author\":{\"name\":\"Equipe Reda\u00e7\u00e3o\",\"@id\":\"https:\\\/\\\/motorista.com.br\\\/noticias\\\/#\\\/schema\\\/person\\\/dc93afc2981c0e3ce6bc3c053fd847be\"},\"headline\":\"Suspens\u00e3o das multas por free flow come\u00e7a nesta ter\u00e7a e vai at\u00e9 novembro.\",\"datePublished\":\"2026-04-28T00:46:52+00:00\",\"mainEntityOfPage\":{\"@id\":\"https:\\\/\\\/motorista.com.br\\\/noticias\\\/2026\\\/04\\\/27\\\/suspensao-das-multas-por-free-flow-comeca-nesta-terca-e-vai-ate-novembro\\\/\"},\"wordCount\":426,\"publisher\":{\"@id\":\"https:\\\/\\\/motorista.com.br\\\/noticias\\\/#organization\"},\"image\":{\"@id\":\"https:\\\/\\\/motorista.com.br\\\/noticias\\\/2026\\\/04\\\/27\\\/suspensao-das-multas-por-free-flow-comeca-nesta-terca-e-vai-ate-novembro\\\/#primaryimage\"},\"thumbnailUrl\":\"https:\\\/\\\/motorista.com.br\\\/noticias\\\/wp-content\\\/uploads\\\/2026\\\/04\\\/003-1.png\",\"articleSection\":[\"Log\u00edstica\"],\"inLanguage\":\"pt-BR\"},{\"@type\":\"WebPage\",\"@id\":\"https:\\\/\\\/motorista.com.br\\\/noticias\\\/2026\\\/04\\\/27\\\/suspensao-das-multas-por-free-flow-comeca-nesta-terca-e-vai-ate-novembro\\\/\",\"url\":\"https:\\\/\\\/motorista.com.br\\\/noticias\\\/2026\\\/04\\\/27\\\/suspensao-das-multas-por-free-flow-comeca-nesta-terca-e-vai-ate-novembro\\\/\",\"name\":\"Suspens\u00e3o das multas por free flow come\u00e7a nesta ter\u00e7a e vai at\u00e9 novembro. - Motorista.com.br\",\"isPartOf\":{\"@id\":\"https:\\\/\\\/motorista.com.br\\\/noticias\\\/#website\"},\"primaryImageOfPage\":{\"@id\":\"https:\\\/\\\/motorista.com.br\\\/noticias\\\/2026\\\/04\\\/27\\\/suspensao-das-multas-por-free-flow-comeca-nesta-terca-e-vai-ate-novembro\\\/#primaryimage\"},\"image\":{\"@id\":\"https:\\\/\\\/motorista.com.br\\\/noticias\\\/2026\\\/04\\\/27\\\/suspensao-das-multas-por-free-flow-comeca-nesta-terca-e-vai-ate-novembro\\\/#primaryimage\"},\"thumbnailUrl\":\"https:\\\/\\\/motorista.com.br\\\/noticias\\\/wp-content\\\/uploads\\\/2026\\\/04\\\/003-1.png\",\"datePublished\":\"2026-04-28T00:46:52+00:00\",\"breadcrumb\":{\"@id\":\"https:\\\/\\\/motorista.com.br\\\/noticias\\\/2026\\\/04\\\/27\\\/suspensao-das-multas-por-free-flow-comeca-nesta-terca-e-vai-ate-novembro\\\/#breadcrumb\"},\"inLanguage\":\"pt-BR\",\"potentialAction\":[{\"@type\":\"ReadAction\",\"target\":[\"https:\\\/\\\/motorista.com.br\\\/noticias\\\/2026\\\/04\\\/27\\\/suspensao-das-multas-por-free-flow-comeca-nesta-terca-e-vai-ate-novembro\\\/\"]}]},{\"@type\":\"ImageObject\",\"inLanguage\":\"pt-BR\",\"@id\":\"https:\\\/\\\/motorista.com.br\\\/noticias\\\/2026\\\/04\\\/27\\\/suspensao-das-multas-por-free-flow-comeca-nesta-terca-e-vai-ate-novembro\\\/#primaryimage\",\"url\":\"https:\\\/\\\/motorista.com.br\\\/noticias\\\/wp-content\\\/uploads\\\/2026\\\/04\\\/003-1.png\",\"contentUrl\":\"https:\\\/\\\/motorista.com.br\\\/noticias\\\/wp-content\\\/uploads\\\/2026\\\/04\\\/003-1.png\",\"width\":1400,\"height\":700},{\"@type\":\"BreadcrumbList\",\"@id\":\"https:\\\/\\\/motorista.com.br\\\/noticias\\\/2026\\\/04\\\/27\\\/suspensao-das-multas-por-free-flow-comeca-nesta-terca-e-vai-ate-novembro\\\/#breadcrumb\",\"itemListElement\":[{\"@type\":\"ListItem\",\"position\":1,\"name\":\"In\u00edcio\",\"item\":\"https:\\\/\\\/motorista.com.br\\\/noticias\\\/\"},{\"@type\":\"ListItem\",\"position\":2,\"name\":\"Suspens\u00e3o das multas por free flow come\u00e7a nesta ter\u00e7a e vai at\u00e9 novembro.\"}]},{\"@type\":\"WebSite\",\"@id\":\"https:\\\/\\\/motorista.com.br\\\/noticias\\\/#website\",\"url\":\"https:\\\/\\\/motorista.com.br\\\/noticias\\\/\",\"name\":\"Motorista.com.br\",\"description\":\"Not\u00edcia do Motorista\",\"publisher\":{\"@id\":\"https:\\\/\\\/motorista.com.br\\\/noticias\\\/#organization\"},\"potentialAction\":[{\"@type\":\"SearchAction\",\"target\":{\"@type\":\"EntryPoint\",\"urlTemplate\":\"https:\\\/\\\/motorista.com.br\\\/noticias\\\/?s={search_term_string}\"},\"query-input\":{\"@type\":\"PropertyValueSpecification\",\"valueRequired\":true,\"valueName\":\"search_term_string\"}}],\"inLanguage\":\"pt-BR\"},{\"@type\":\"Organization\",\"@id\":\"https:\\\/\\\/motorista.com.br\\\/noticias\\\/#organization\",\"name\":\"Motorista.com.br\",\"url\":\"https:\\\/\\\/motorista.com.br\\\/noticias\\\/\",\"logo\":{\"@type\":\"ImageObject\",\"inLanguage\":\"pt-BR\",\"@id\":\"https:\\\/\\\/motorista.com.br\\\/noticias\\\/#\\\/schema\\\/logo\\\/image\\\/\",\"url\":\"https:\\\/\\\/motorista.com.br\\\/noticias\\\/wp-content\\\/uploads\\\/2025\\\/06\\\/Design-sem-nome-9.png\",\"contentUrl\":\"https:\\\/\\\/motorista.com.br\\\/noticias\\\/wp-content\\\/uploads\\\/2025\\\/06\\\/Design-sem-nome-9.png\",\"width\":150,\"height\":85,\"caption\":\"Motorista.com.br\"},\"image\":{\"@id\":\"https:\\\/\\\/motorista.com.br\\\/noticias\\\/#\\\/schema\\\/logo\\\/image\\\/\"}},{\"@type\":\"Person\",\"@id\":\"https:\\\/\\\/motorista.com.br\\\/noticias\\\/#\\\/schema\\\/person\\\/dc93afc2981c0e3ce6bc3c053fd847be\",\"name\":\"Equipe Reda\u00e7\u00e3o\",\"image\":{\"@type\":\"ImageObject\",\"inLanguage\":\"pt-BR\",\"@id\":\"https:\\\/\\\/secure.gravatar.com\\\/avatar\\\/4f525efbf18dd2bb300ccad28bfb99d95a9465a5ba268407c8c37b37e1f28d2d?s=96&d=mm&r=g9e099043a0c61e9ae27e293b9fa75ffc\",\"url\":\"https:\\\/\\\/secure.gravatar.com\\\/avatar\\\/4f525efbf18dd2bb300ccad28bfb99d95a9465a5ba268407c8c37b37e1f28d2d?s=96&d=mm&r=g\",\"contentUrl\":\"https:\\\/\\\/secure.gravatar.com\\\/avatar\\\/4f525efbf18dd2bb300ccad28bfb99d95a9465a5ba268407c8c37b37e1f28d2d?s=96&d=mm&r=g\",\"caption\":\"Equipe Reda\u00e7\u00e3o\"},\"description\":\"Equipe de reda\u00e7\u00e3o \u00e9 um grupo de profissionais que trabalham juntos para criar conte\u00fado escrito para Motorista.com.br\",\"url\":\"https:\\\/\\\/motorista.com.br\\\/noticias\\\/author\\\/equiperedacao\\\/\"}]}<\/script>\n<!-- \/ Yoast SEO Premium plugin. -->","yoast_head_json":{"title":"Suspens\u00e3o das multas por free flow come\u00e7a nesta ter\u00e7a e vai at\u00e9 novembro. - Motorista.com.br","robots":{"index":"index","follow":"follow","max-snippet":"max-snippet:-1","max-image-preview":"max-image-preview:large","max-video-preview":"max-video-preview:-1"},"canonical":"https:\/\/motorista.com.br\/noticias\/2026\/04\/27\/suspensao-das-multas-por-free-flow-comeca-nesta-terca-e-vai-ate-novembro\/","og_locale":"pt_BR","og_type":"article","og_title":"Suspens\u00e3o das multas por free flow come\u00e7a nesta ter\u00e7a e vai at\u00e9 novembro.","og_description":"Suspens\u00e3o de Multas por Free Flow: Impactos para Motoristas e Mobilidade Geral O governo anunciou, nesta ter\u00e7a-feira (28), a suspens\u00e3o das multas e dos pontos acumulados na CNH (Carteira Nacional de Habilita\u00e7\u00e3o) para motoristas que n\u00e3o pagaram ped\u00e1gios no sistema free flow. Essa medida poder\u00e1 beneficiar milh\u00f5es de motoristas, que frequentemente enfrentam a confus\u00e3o nas &hellip;","og_url":"https:\/\/motorista.com.br\/noticias\/2026\/04\/27\/suspensao-das-multas-por-free-flow-comeca-nesta-terca-e-vai-ate-novembro\/","og_site_name":"Motorista.com.br","article_published_time":"2026-04-28T00:46:52+00:00","author":"Equipe Reda\u00e7\u00e3o","twitter_card":"summary_large_image","twitter_misc":{"Escrito por":"Equipe Reda\u00e7\u00e3o","Est. tempo de leitura":"2 minutos","Written by":"Equipe Reda\u00e7\u00e3o"},"schema":{"@context":"https:\/\/schema.org","@graph":[{"@type":"Article","@id":"https:\/\/motorista.com.br\/noticias\/2026\/04\/27\/suspensao-das-multas-por-free-flow-comeca-nesta-terca-e-vai-ate-novembro\/#article","isPartOf":{"@id":"https:\/\/motorista.com.br\/noticias\/2026\/04\/27\/suspensao-das-multas-por-free-flow-comeca-nesta-terca-e-vai-ate-novembro\/"},"author":{"name":"Equipe Reda\u00e7\u00e3o","@id":"https:\/\/motorista.com.br\/noticias\/#\/schema\/person\/dc93afc2981c0e3ce6bc3c053fd847be"},"headline":"Suspens\u00e3o das multas por free flow come\u00e7a nesta ter\u00e7a e vai at\u00e9 novembro.","datePublished":"2026-04-28T00:46:52+00:00","mainEntityOfPage":{"@id":"https:\/\/motorista.com.br\/noticias\/2026\/04\/27\/suspensao-das-multas-por-free-flow-comeca-nesta-terca-e-vai-ate-novembro\/"},"wordCount":426,"publisher":{"@id":"https:\/\/motorista.com.br\/noticias\/#organization"},"image":{"@id":"https:\/\/motorista.com.br\/noticias\/2026\/04\/27\/suspensao-das-multas-por-free-flow-comeca-nesta-terca-e-vai-ate-novembro\/#primaryimage"},"thumbnailUrl":"https:\/\/motorista.com.br\/noticias\/wp-content\/uploads\/2026\/04\/003-1.png","articleSection":["Log\u00edstica"],"inLanguage":"pt-BR"},{"@type":"WebPage","@id":"https:\/\/motorista.com.br\/noticias\/2026\/04\/27\/suspensao-das-multas-por-free-flow-comeca-nesta-terca-e-vai-ate-novembro\/","url":"https:\/\/motorista.com.br\/noticias\/2026\/04\/27\/suspensao-das-multas-por-free-flow-comeca-nesta-terca-e-vai-ate-novembro\/","name":"Suspens\u00e3o das multas por free flow come\u00e7a nesta ter\u00e7a e vai at\u00e9 novembro. - Motorista.com.br","isPartOf":{"@id":"https:\/\/motorista.com.br\/noticias\/#website"},"primaryImageOfPage":{"@id":"https:\/\/motorista.com.br\/noticias\/2026\/04\/27\/suspensao-das-multas-por-free-flow-comeca-nesta-terca-e-vai-ate-novembro\/#primaryimage"},"image":{"@id":"https:\/\/motorista.com.br\/noticias\/2026\/04\/27\/suspensao-das-multas-por-free-flow-comeca-nesta-terca-e-vai-ate-novembro\/#primaryimage"},"thumbnailUrl":"https:\/\/motorista.com.br\/noticias\/wp-content\/uploads\/2026\/04\/003-1.png","datePublished":"2026-04-28T00:46:52+00:00","breadcrumb":{"@id":"https:\/\/motorista.com.br\/noticias\/2026\/04\/27\/suspensao-das-multas-por-free-flow-comeca-nesta-terca-e-vai-ate-novembro\/#breadcrumb"},"inLanguage":"pt-BR","potentialAction":[{"@type":"ReadAction","target":["https:\/\/motorista.com.br\/noticias\/2026\/04\/27\/suspensao-das-multas-por-free-flow-comeca-nesta-terca-e-vai-ate-novembro\/"]}]},{"@type":"ImageObject","inLanguage":"pt-BR","@id":"https:\/\/motorista.com.br\/noticias\/2026\/04\/27\/suspensao-das-multas-por-free-flow-comeca-nesta-terca-e-vai-ate-novembro\/#primaryimage","url":"https:\/\/motorista.com.br\/noticias\/wp-content\/uploads\/2026\/04\/003-1.png","contentUrl":"https:\/\/motorista.com.br\/noticias\/wp-content\/uploads\/2026\/04\/003-1.png","width":1400,"height":700},{"@type":"BreadcrumbList","@id":"https:\/\/motorista.com.br\/noticias\/2026\/04\/27\/suspensao-das-multas-por-free-flow-comeca-nesta-terca-e-vai-ate-novembro\/#breadcrumb","itemListElement":[{"@type":"ListItem","position":1,"name":"In\u00edcio","item":"https:\/\/motorista.com.br\/noticias\/"},{"@type":"ListItem","position":2,"name":"Suspens\u00e3o das multas por free flow come\u00e7a nesta ter\u00e7a e vai at\u00e9 novembro."}]},{"@type":"WebSite","@id":"https:\/\/motorista.com.br\/noticias\/#website","url":"https:\/\/motorista.com.br\/noticias\/","name":"Motorista.com.br","description":"Not\u00edcia do Motorista","publisher":{"@id":"https:\/\/motorista.com.br\/noticias\/#organization"},"potentialAction":[{"@type":"SearchAction","target":{"@type":"EntryPoint","urlTemplate":"https:\/\/motorista.com.br\/noticias\/?s={search_term_string}"},"query-input":{"@type":"PropertyValueSpecification","valueRequired":true,"valueName":"search_term_string"}}],"inLanguage":"pt-BR"},{"@type":"Organization","@id":"https:\/\/motorista.com.br\/noticias\/#organization","name":"Motorista.com.br","url":"https:\/\/motorista.com.br\/noticias\/","logo":{"@type":"ImageObject","inLanguage":"pt-BR","@id":"https:\/\/motorista.com.br\/noticias\/#\/schema\/logo\/image\/","url":"https:\/\/motorista.com.br\/noticias\/wp-content\/uploads\/2025\/06\/Design-sem-nome-9.png","contentUrl":"https:\/\/motorista.com.br\/noticias\/wp-content\/uploads\/2025\/06\/Design-sem-nome-9.png","width":150,"height":85,"caption":"Motorista.com.br"},"image":{"@id":"https:\/\/motorista.com.br\/noticias\/#\/schema\/logo\/image\/"}},{"@type":"Person","@id":"https:\/\/motorista.com.br\/noticias\/#\/schema\/person\/dc93afc2981c0e3ce6bc3c053fd847be","name":"Equipe Reda\u00e7\u00e3o","image":{"@type":"ImageObject","inLanguage":"pt-BR","@id":"https:\/\/secure.gravatar.com\/avatar\/4f525efbf18dd2bb300ccad28bfb99d95a9465a5ba268407c8c37b37e1f28d2d?s=96&d=mm&r=g9e099043a0c61e9ae27e293b9fa75ffc","url":"https:\/\/secure.gravatar.com\/avatar\/4f525efbf18dd2bb300ccad28bfb99d95a9465a5ba268407c8c37b37e1f28d2d?s=96&d=mm&r=g","contentUrl":"https:\/\/secure.gravatar.com\/avatar\/4f525efbf18dd2bb300ccad28bfb99d95a9465a5ba268407c8c37b37e1f28d2d?s=96&d=mm&r=g","caption":"Equipe Reda\u00e7\u00e3o"},"description":"Equipe de reda\u00e7\u00e3o \u00e9 um grupo de profissionais que trabalham juntos para criar conte\u00fado escrito para Motorista.com.br","url":"https:\/\/motorista.com.br\/noticias\/author\/equiperedacao\/"}]}},"_links":{"self":[{"href":"https:\/\/motorista.com.br\/noticias\/wp-json\/wp\/v2\/posts\/9237","targetHints":{"allow":["GET"]}}],"collection":[{"href":"https:\/\/motorista.com.br\/noticias\/wp-json\/wp\/v2\/posts"}],"about":[{"href":"https:\/\/motorista.com.br\/noticias\/wp-json\/wp\/v2\/types\/post"}],"author":[{"embeddable":true,"href":"https:\/\/motorista.com.br\/noticias\/wp-json\/wp\/v2\/users\/4"}],"replies":[{"embeddable":true,"href":"https:\/\/motorista.com.br\/noticias\/wp-json\/wp\/v2\/comments?post=9237"}],"version-history":[{"count":0,"href":"https:\/\/motorista.com.br\/noticias\/wp-json\/wp\/v2\/posts\/9237\/revisions"}],"wp:featuredmedia":[{"embeddable":true,"href":"https:\/\/motorista.com.br\/noticias\/wp-json\/wp\/v2\/media\/9238"}],"wp:attachment":[{"href":"https:\/\/motorista.com.br\/noticias\/wp-json\/wp\/v2\/media?parent=9237"}],"wp:term":[{"taxonomy":"category","embeddable":true,"href":"https:\/\/motorista.com.br\/noticias\/wp-json\/wp\/v2\/categories?post=9237"},{"taxonomy":"post_tag","embeddable":true,"href":"https:\/\/motorista.com.br\/noticias\/wp-json\/wp\/v2\/tags?post=9237"},{"taxonomy":"author","embeddable":true,"href":"https:\/\/motorista.com.br\/noticias\/wp-json\/wp\/v2\/coauthors?post=9237"}],"curies":[{"name":"wp","href":"https:\/\/api.w.org\/{rel}","templated":true}]}}