{"id":9232,"date":"2026-04-27T19:46:22","date_gmt":"2026-04-27T22:46:22","guid":{"rendered":"https:\/\/motorista.com.br\/noticias\/2026\/04\/27\/antt-torna-ciot-obrigatorio-e-reforca-cumprimento-do-piso-minimo\/"},"modified":"2026-04-27T19:46:22","modified_gmt":"2026-04-27T22:46:22","slug":"antt-torna-ciot-obrigatorio-e-reforca-cumprimento-do-piso-minimo","status":"publish","type":"post","link":"https:\/\/motorista.com.br\/noticias\/2026\/04\/27\/antt-torna-ciot-obrigatorio-e-reforca-cumprimento-do-piso-minimo\/","title":{"rendered":"ANTT torna CIOT obrigat\u00f3rio e refor\u00e7a cumprimento do piso m\u00ednimo"},"content":{"rendered":"<p><\/p>\n<h3>ANTT transforma CIOT em filtro obrigat\u00f3rio e refor\u00e7a o cumprimento do piso m\u00ednimo<\/h3>\n<p>A nova portaria da ANTT estabelece mudan\u00e7as significativas no transporte rodovi\u00e1rio de cargas. A partir de agora, o C\u00f3digo Identificador da Opera\u00e7\u00e3o de Transporte (CIOT) n\u00e3o ser\u00e1 apenas um registro, mas uma condi\u00e7\u00e3o essencial para que a opera\u00e7\u00e3o ocorra, eliminando fretes irregulares desde a contrata\u00e7\u00e3o.<\/p>\n<p>Com a implementa\u00e7\u00e3o da Portaria SUROC n\u00ba 6\/2026, se o valor do frete estiver abaixo do piso m\u00ednimo, o sistema automaticamente n\u00e3o permitir\u00e1 o registro, garantindo que a formaliza\u00e7\u00e3o de fretes indevidos n\u00e3o aconte\u00e7a. Essa mudan\u00e7a \u00e9 uma abordagem preventiva e digital integrada, que representa um avan\u00e7o na regulamenta\u00e7\u00e3o do setor.<\/p>\n<h3>Benef\u00edcios para Motoristas e Mobilidade Geral<\/h3>\n<p>Essa nova regulamenta\u00e7\u00e3o traz diversos benef\u00edcios tanto para motoristas quanto para a mobilidade como um todo. Primeiramente, para os motoristas, a cria\u00e7\u00e3o de um ambiente mais seguro e transparente eleva a qualidade do trabalho. Sem a press\u00e3o de aceitar fretes abaixo do valor m\u00ednimo, os profissionais podem operar em condi\u00e7\u00f5es mais justas e dignas. Isso n\u00e3o apenas melhora a qualidade de vida dos motoristas, mas tamb\u00e9m encoraja uma cultura de respeito e profissionalismo no transporte rodovi\u00e1rio.<\/p>\n<p>Al\u00e9m disso, a integra\u00e7\u00e3o obrigat\u00f3ria do CIOT com o Manifesto Eletr\u00f4nico de Documentos Fiscais (MDF-e) proporciona uma trilha \u00fanica de informa\u00e7\u00f5es, que facilita o rastreamento das opera\u00e7\u00f5es. Isso resulta em menor margem para inconsist\u00eancias e fraudes, garantindo que o transporte de cargas seja realizado de maneira confi\u00e1vel e eficiente. Para a mobilidade urbana, isso significa que as opera\u00e7\u00f5es log\u00edsticas se tornam mais previs\u00edveis e organizadas, contribuindo para um fluxo mais harmonioso no tr\u00e2nsito.<\/p>\n<h3>Estrutura Organizacional e Regras Claras<\/h3>\n<p>A portaria estabelece regras operacionais que organizam a opera\u00e7\u00e3o do in\u00edcio ao fim. O CIOT deve ser gerado antes do in\u00edcio da viagem, com todos os dados da opera\u00e7\u00e3o devidamente preenchidos. Essa sistematiza\u00e7\u00e3o n\u00e3o apenas facilita a vida dos motoristas, mas tamb\u00e9m assegura um procedimento mais fluido para todos os envolvidos, incluindo as empresas contratantes.<\/p>\n<p>A exig\u00eancia de que as opera\u00e7\u00f5es sejam conclu\u00eddas em prazos espec\u00edficos tamb\u00e9m traz uma nova din\u00e2mica para o setor. Isso reduz a burocracia e aumenta a efici\u00eancia, permitindo que as empresas de transporte se planejem melhor e atendam \u00e0s demandas do mercado de maneira mais eficaz. A capacidade de antecipar e resolver problemas antes que se transformem em contratempos \u00e9 uma vantagem significativa que pode impactar diretamente a competitividade do setor.<\/p>\n<h3>Conclus\u00e3o<\/h3>\n<p>Com a nova regulamenta\u00e7\u00e3o, o transporte rodovi\u00e1rio de cargas se alinha a uma l\u00f3gica em que a regularidade \u00e9 uma exig\u00eancia pr\u00e9via, n\u00e3o uma verifica\u00e7\u00e3o posterior. Isso oferece maior seguran\u00e7a aos motoristas, regras claras para as empresas e um sistema mais confi\u00e1vel para o pa\u00eds. Tal transforma\u00e7\u00e3o no setor de transporte n\u00e3o apenas melhora as condi\u00e7\u00f5es de trabalho, mas contribui significativamente para um sistema log\u00edstico mais robusto e eficiente, essencial ao abastecimento e \u00e0 movimenta\u00e7\u00e3o de mercadorias.<\/p>\n<p><strong>Fonte: setcesp<\/strong><\/p>\n","protected":false},"excerpt":{"rendered":"<p>ANTT transforma CIOT em filtro obrigat\u00f3rio e refor\u00e7a o cumprimento do piso m\u00ednimo A nova portaria da ANTT estabelece mudan\u00e7as significativas no transporte rodovi\u00e1rio de cargas. A partir de agora, o C\u00f3digo Identificador da Opera\u00e7\u00e3o de Transporte (CIOT) n\u00e3o ser\u00e1 apenas um registro, mas uma condi\u00e7\u00e3o essencial para que a opera\u00e7\u00e3o ocorra, eliminando fretes irregulares &hellip;<\/p>\n","protected":false},"author":4,"featured_media":9233,"comment_status":"","ping_status":"open","sticky":false,"template":"","format":"standard","meta":{"footnotes":""},"categories":[62],"tags":[],"coauthors":[42],"class_list":["post-9232","post","type-post","status-publish","format-standard","has-post-thumbnail","hentry","category-logistica"],"yoast_head":"<!-- This site is optimized with the Yoast SEO Premium plugin v25.5 (Yoast SEO v27.5) - https:\/\/yoast.com\/product\/yoast-seo-premium-wordpress\/ -->\n<title>ANTT torna CIOT obrigat\u00f3rio e refor\u00e7a cumprimento do piso m\u00ednimo - Motorista.com.br<\/title>\n<meta name=\"robots\" content=\"index, follow, max-snippet:-1, max-image-preview:large, max-video-preview:-1\" \/>\n<link rel=\"canonical\" href=\"https:\/\/motorista.com.br\/noticias\/2026\/04\/27\/antt-torna-ciot-obrigatorio-e-reforca-cumprimento-do-piso-minimo\/\" \/>\n<meta property=\"og:locale\" content=\"pt_BR\" \/>\n<meta property=\"og:type\" content=\"article\" \/>\n<meta property=\"og:title\" content=\"ANTT torna CIOT obrigat\u00f3rio e refor\u00e7a cumprimento do piso m\u00ednimo\" \/>\n<meta property=\"og:description\" content=\"ANTT transforma CIOT em filtro obrigat\u00f3rio e refor\u00e7a o cumprimento do piso m\u00ednimo A nova portaria da ANTT estabelece mudan\u00e7as significativas no transporte rodovi\u00e1rio de cargas. A partir de agora, o C\u00f3digo Identificador da Opera\u00e7\u00e3o de Transporte (CIOT) n\u00e3o ser\u00e1 apenas um registro, mas uma condi\u00e7\u00e3o essencial para que a opera\u00e7\u00e3o ocorra, eliminando fretes irregulares &hellip;\" \/>\n<meta property=\"og:url\" content=\"https:\/\/motorista.com.br\/noticias\/2026\/04\/27\/antt-torna-ciot-obrigatorio-e-reforca-cumprimento-do-piso-minimo\/\" \/>\n<meta property=\"og:site_name\" content=\"Motorista.com.br\" \/>\n<meta property=\"article:published_time\" content=\"2026-04-27T22:46:22+00:00\" \/>\n<meta name=\"author\" content=\"Equipe Reda\u00e7\u00e3o\" \/>\n<meta name=\"twitter:card\" content=\"summary_large_image\" \/>\n<meta name=\"twitter:label1\" content=\"Escrito por\" \/>\n\t<meta name=\"twitter:data1\" content=\"Equipe Reda\u00e7\u00e3o\" \/>\n\t<meta name=\"twitter:label2\" content=\"Est. tempo de leitura\" \/>\n\t<meta name=\"twitter:data2\" content=\"3 minutos\" \/>\n\t<meta name=\"twitter:label3\" content=\"Written by\" \/>\n\t<meta name=\"twitter:data3\" content=\"Equipe Reda\u00e7\u00e3o\" \/>\n<script type=\"application\/ld+json\" class=\"yoast-schema-graph\">{\"@context\":\"https:\\\/\\\/schema.org\",\"@graph\":[{\"@type\":\"Article\",\"@id\":\"https:\\\/\\\/motorista.com.br\\\/noticias\\\/2026\\\/04\\\/27\\\/antt-torna-ciot-obrigatorio-e-reforca-cumprimento-do-piso-minimo\\\/#article\",\"isPartOf\":{\"@id\":\"https:\\\/\\\/motorista.com.br\\\/noticias\\\/2026\\\/04\\\/27\\\/antt-torna-ciot-obrigatorio-e-reforca-cumprimento-do-piso-minimo\\\/\"},\"author\":{\"name\":\"Equipe Reda\u00e7\u00e3o\",\"@id\":\"https:\\\/\\\/motorista.com.br\\\/noticias\\\/#\\\/schema\\\/person\\\/dc93afc2981c0e3ce6bc3c053fd847be\"},\"headline\":\"ANTT torna CIOT obrigat\u00f3rio e refor\u00e7a cumprimento do piso m\u00ednimo\",\"datePublished\":\"2026-04-27T22:46:22+00:00\",\"mainEntityOfPage\":{\"@id\":\"https:\\\/\\\/motorista.com.br\\\/noticias\\\/2026\\\/04\\\/27\\\/antt-torna-ciot-obrigatorio-e-reforca-cumprimento-do-piso-minimo\\\/\"},\"wordCount\":555,\"publisher\":{\"@id\":\"https:\\\/\\\/motorista.com.br\\\/noticias\\\/#organization\"},\"image\":{\"@id\":\"https:\\\/\\\/motorista.com.br\\\/noticias\\\/2026\\\/04\\\/27\\\/antt-torna-ciot-obrigatorio-e-reforca-cumprimento-do-piso-minimo\\\/#primaryimage\"},\"thumbnailUrl\":\"https:\\\/\\\/motorista.com.br\\\/noticias\\\/wp-content\\\/uploads\\\/2026\\\/04\\\/004.png\",\"articleSection\":[\"Log\u00edstica\"],\"inLanguage\":\"pt-BR\"},{\"@type\":\"WebPage\",\"@id\":\"https:\\\/\\\/motorista.com.br\\\/noticias\\\/2026\\\/04\\\/27\\\/antt-torna-ciot-obrigatorio-e-reforca-cumprimento-do-piso-minimo\\\/\",\"url\":\"https:\\\/\\\/motorista.com.br\\\/noticias\\\/2026\\\/04\\\/27\\\/antt-torna-ciot-obrigatorio-e-reforca-cumprimento-do-piso-minimo\\\/\",\"name\":\"ANTT torna CIOT obrigat\u00f3rio e refor\u00e7a cumprimento do piso m\u00ednimo - Motorista.com.br\",\"isPartOf\":{\"@id\":\"https:\\\/\\\/motorista.com.br\\\/noticias\\\/#website\"},\"primaryImageOfPage\":{\"@id\":\"https:\\\/\\\/motorista.com.br\\\/noticias\\\/2026\\\/04\\\/27\\\/antt-torna-ciot-obrigatorio-e-reforca-cumprimento-do-piso-minimo\\\/#primaryimage\"},\"image\":{\"@id\":\"https:\\\/\\\/motorista.com.br\\\/noticias\\\/2026\\\/04\\\/27\\\/antt-torna-ciot-obrigatorio-e-reforca-cumprimento-do-piso-minimo\\\/#primaryimage\"},\"thumbnailUrl\":\"https:\\\/\\\/motorista.com.br\\\/noticias\\\/wp-content\\\/uploads\\\/2026\\\/04\\\/004.png\",\"datePublished\":\"2026-04-27T22:46:22+00:00\",\"breadcrumb\":{\"@id\":\"https:\\\/\\\/motorista.com.br\\\/noticias\\\/2026\\\/04\\\/27\\\/antt-torna-ciot-obrigatorio-e-reforca-cumprimento-do-piso-minimo\\\/#breadcrumb\"},\"inLanguage\":\"pt-BR\",\"potentialAction\":[{\"@type\":\"ReadAction\",\"target\":[\"https:\\\/\\\/motorista.com.br\\\/noticias\\\/2026\\\/04\\\/27\\\/antt-torna-ciot-obrigatorio-e-reforca-cumprimento-do-piso-minimo\\\/\"]}]},{\"@type\":\"ImageObject\",\"inLanguage\":\"pt-BR\",\"@id\":\"https:\\\/\\\/motorista.com.br\\\/noticias\\\/2026\\\/04\\\/27\\\/antt-torna-ciot-obrigatorio-e-reforca-cumprimento-do-piso-minimo\\\/#primaryimage\",\"url\":\"https:\\\/\\\/motorista.com.br\\\/noticias\\\/wp-content\\\/uploads\\\/2026\\\/04\\\/004.png\",\"contentUrl\":\"https:\\\/\\\/motorista.com.br\\\/noticias\\\/wp-content\\\/uploads\\\/2026\\\/04\\\/004.png\",\"width\":1400,\"height\":700},{\"@type\":\"BreadcrumbList\",\"@id\":\"https:\\\/\\\/motorista.com.br\\\/noticias\\\/2026\\\/04\\\/27\\\/antt-torna-ciot-obrigatorio-e-reforca-cumprimento-do-piso-minimo\\\/#breadcrumb\",\"itemListElement\":[{\"@type\":\"ListItem\",\"position\":1,\"name\":\"In\u00edcio\",\"item\":\"https:\\\/\\\/motorista.com.br\\\/noticias\\\/\"},{\"@type\":\"ListItem\",\"position\":2,\"name\":\"ANTT torna CIOT obrigat\u00f3rio e refor\u00e7a cumprimento do piso m\u00ednimo\"}]},{\"@type\":\"WebSite\",\"@id\":\"https:\\\/\\\/motorista.com.br\\\/noticias\\\/#website\",\"url\":\"https:\\\/\\\/motorista.com.br\\\/noticias\\\/\",\"name\":\"Motorista.com.br\",\"description\":\"Not\u00edcia do Motorista\",\"publisher\":{\"@id\":\"https:\\\/\\\/motorista.com.br\\\/noticias\\\/#organization\"},\"potentialAction\":[{\"@type\":\"SearchAction\",\"target\":{\"@type\":\"EntryPoint\",\"urlTemplate\":\"https:\\\/\\\/motorista.com.br\\\/noticias\\\/?s={search_term_string}\"},\"query-input\":{\"@type\":\"PropertyValueSpecification\",\"valueRequired\":true,\"valueName\":\"search_term_string\"}}],\"inLanguage\":\"pt-BR\"},{\"@type\":\"Organization\",\"@id\":\"https:\\\/\\\/motorista.com.br\\\/noticias\\\/#organization\",\"name\":\"Motorista.com.br\",\"url\":\"https:\\\/\\\/motorista.com.br\\\/noticias\\\/\",\"logo\":{\"@type\":\"ImageObject\",\"inLanguage\":\"pt-BR\",\"@id\":\"https:\\\/\\\/motorista.com.br\\\/noticias\\\/#\\\/schema\\\/logo\\\/image\\\/\",\"url\":\"https:\\\/\\\/motorista.com.br\\\/noticias\\\/wp-content\\\/uploads\\\/2025\\\/06\\\/Design-sem-nome-9.png\",\"contentUrl\":\"https:\\\/\\\/motorista.com.br\\\/noticias\\\/wp-content\\\/uploads\\\/2025\\\/06\\\/Design-sem-nome-9.png\",\"width\":150,\"height\":85,\"caption\":\"Motorista.com.br\"},\"image\":{\"@id\":\"https:\\\/\\\/motorista.com.br\\\/noticias\\\/#\\\/schema\\\/logo\\\/image\\\/\"}},{\"@type\":\"Person\",\"@id\":\"https:\\\/\\\/motorista.com.br\\\/noticias\\\/#\\\/schema\\\/person\\\/dc93afc2981c0e3ce6bc3c053fd847be\",\"name\":\"Equipe Reda\u00e7\u00e3o\",\"image\":{\"@type\":\"ImageObject\",\"inLanguage\":\"pt-BR\",\"@id\":\"https:\\\/\\\/secure.gravatar.com\\\/avatar\\\/4f525efbf18dd2bb300ccad28bfb99d95a9465a5ba268407c8c37b37e1f28d2d?s=96&d=mm&r=g9e099043a0c61e9ae27e293b9fa75ffc\",\"url\":\"https:\\\/\\\/secure.gravatar.com\\\/avatar\\\/4f525efbf18dd2bb300ccad28bfb99d95a9465a5ba268407c8c37b37e1f28d2d?s=96&d=mm&r=g\",\"contentUrl\":\"https:\\\/\\\/secure.gravatar.com\\\/avatar\\\/4f525efbf18dd2bb300ccad28bfb99d95a9465a5ba268407c8c37b37e1f28d2d?s=96&d=mm&r=g\",\"caption\":\"Equipe Reda\u00e7\u00e3o\"},\"description\":\"Equipe de reda\u00e7\u00e3o \u00e9 um grupo de profissionais que trabalham juntos para criar conte\u00fado escrito para Motorista.com.br\",\"url\":\"https:\\\/\\\/motorista.com.br\\\/noticias\\\/author\\\/equiperedacao\\\/\"}]}<\/script>\n<!-- \/ Yoast SEO Premium plugin. -->","yoast_head_json":{"title":"ANTT torna CIOT obrigat\u00f3rio e refor\u00e7a cumprimento do piso m\u00ednimo - Motorista.com.br","robots":{"index":"index","follow":"follow","max-snippet":"max-snippet:-1","max-image-preview":"max-image-preview:large","max-video-preview":"max-video-preview:-1"},"canonical":"https:\/\/motorista.com.br\/noticias\/2026\/04\/27\/antt-torna-ciot-obrigatorio-e-reforca-cumprimento-do-piso-minimo\/","og_locale":"pt_BR","og_type":"article","og_title":"ANTT torna CIOT obrigat\u00f3rio e refor\u00e7a cumprimento do piso m\u00ednimo","og_description":"ANTT transforma CIOT em filtro obrigat\u00f3rio e refor\u00e7a o cumprimento do piso m\u00ednimo A nova portaria da ANTT estabelece mudan\u00e7as significativas no transporte rodovi\u00e1rio de cargas. A partir de agora, o C\u00f3digo Identificador da Opera\u00e7\u00e3o de Transporte (CIOT) n\u00e3o ser\u00e1 apenas um registro, mas uma condi\u00e7\u00e3o essencial para que a opera\u00e7\u00e3o ocorra, eliminando fretes irregulares &hellip;","og_url":"https:\/\/motorista.com.br\/noticias\/2026\/04\/27\/antt-torna-ciot-obrigatorio-e-reforca-cumprimento-do-piso-minimo\/","og_site_name":"Motorista.com.br","article_published_time":"2026-04-27T22:46:22+00:00","author":"Equipe Reda\u00e7\u00e3o","twitter_card":"summary_large_image","twitter_misc":{"Escrito por":"Equipe Reda\u00e7\u00e3o","Est. tempo de leitura":"3 minutos","Written by":"Equipe Reda\u00e7\u00e3o"},"schema":{"@context":"https:\/\/schema.org","@graph":[{"@type":"Article","@id":"https:\/\/motorista.com.br\/noticias\/2026\/04\/27\/antt-torna-ciot-obrigatorio-e-reforca-cumprimento-do-piso-minimo\/#article","isPartOf":{"@id":"https:\/\/motorista.com.br\/noticias\/2026\/04\/27\/antt-torna-ciot-obrigatorio-e-reforca-cumprimento-do-piso-minimo\/"},"author":{"name":"Equipe Reda\u00e7\u00e3o","@id":"https:\/\/motorista.com.br\/noticias\/#\/schema\/person\/dc93afc2981c0e3ce6bc3c053fd847be"},"headline":"ANTT torna CIOT obrigat\u00f3rio e refor\u00e7a cumprimento do piso m\u00ednimo","datePublished":"2026-04-27T22:46:22+00:00","mainEntityOfPage":{"@id":"https:\/\/motorista.com.br\/noticias\/2026\/04\/27\/antt-torna-ciot-obrigatorio-e-reforca-cumprimento-do-piso-minimo\/"},"wordCount":555,"publisher":{"@id":"https:\/\/motorista.com.br\/noticias\/#organization"},"image":{"@id":"https:\/\/motorista.com.br\/noticias\/2026\/04\/27\/antt-torna-ciot-obrigatorio-e-reforca-cumprimento-do-piso-minimo\/#primaryimage"},"thumbnailUrl":"https:\/\/motorista.com.br\/noticias\/wp-content\/uploads\/2026\/04\/004.png","articleSection":["Log\u00edstica"],"inLanguage":"pt-BR"},{"@type":"WebPage","@id":"https:\/\/motorista.com.br\/noticias\/2026\/04\/27\/antt-torna-ciot-obrigatorio-e-reforca-cumprimento-do-piso-minimo\/","url":"https:\/\/motorista.com.br\/noticias\/2026\/04\/27\/antt-torna-ciot-obrigatorio-e-reforca-cumprimento-do-piso-minimo\/","name":"ANTT torna CIOT obrigat\u00f3rio e refor\u00e7a cumprimento do piso m\u00ednimo - Motorista.com.br","isPartOf":{"@id":"https:\/\/motorista.com.br\/noticias\/#website"},"primaryImageOfPage":{"@id":"https:\/\/motorista.com.br\/noticias\/2026\/04\/27\/antt-torna-ciot-obrigatorio-e-reforca-cumprimento-do-piso-minimo\/#primaryimage"},"image":{"@id":"https:\/\/motorista.com.br\/noticias\/2026\/04\/27\/antt-torna-ciot-obrigatorio-e-reforca-cumprimento-do-piso-minimo\/#primaryimage"},"thumbnailUrl":"https:\/\/motorista.com.br\/noticias\/wp-content\/uploads\/2026\/04\/004.png","datePublished":"2026-04-27T22:46:22+00:00","breadcrumb":{"@id":"https:\/\/motorista.com.br\/noticias\/2026\/04\/27\/antt-torna-ciot-obrigatorio-e-reforca-cumprimento-do-piso-minimo\/#breadcrumb"},"inLanguage":"pt-BR","potentialAction":[{"@type":"ReadAction","target":["https:\/\/motorista.com.br\/noticias\/2026\/04\/27\/antt-torna-ciot-obrigatorio-e-reforca-cumprimento-do-piso-minimo\/"]}]},{"@type":"ImageObject","inLanguage":"pt-BR","@id":"https:\/\/motorista.com.br\/noticias\/2026\/04\/27\/antt-torna-ciot-obrigatorio-e-reforca-cumprimento-do-piso-minimo\/#primaryimage","url":"https:\/\/motorista.com.br\/noticias\/wp-content\/uploads\/2026\/04\/004.png","contentUrl":"https:\/\/motorista.com.br\/noticias\/wp-content\/uploads\/2026\/04\/004.png","width":1400,"height":700},{"@type":"BreadcrumbList","@id":"https:\/\/motorista.com.br\/noticias\/2026\/04\/27\/antt-torna-ciot-obrigatorio-e-reforca-cumprimento-do-piso-minimo\/#breadcrumb","itemListElement":[{"@type":"ListItem","position":1,"name":"In\u00edcio","item":"https:\/\/motorista.com.br\/noticias\/"},{"@type":"ListItem","position":2,"name":"ANTT torna CIOT obrigat\u00f3rio e refor\u00e7a cumprimento do piso m\u00ednimo"}]},{"@type":"WebSite","@id":"https:\/\/motorista.com.br\/noticias\/#website","url":"https:\/\/motorista.com.br\/noticias\/","name":"Motorista.com.br","description":"Not\u00edcia do Motorista","publisher":{"@id":"https:\/\/motorista.com.br\/noticias\/#organization"},"potentialAction":[{"@type":"SearchAction","target":{"@type":"EntryPoint","urlTemplate":"https:\/\/motorista.com.br\/noticias\/?s={search_term_string}"},"query-input":{"@type":"PropertyValueSpecification","valueRequired":true,"valueName":"search_term_string"}}],"inLanguage":"pt-BR"},{"@type":"Organization","@id":"https:\/\/motorista.com.br\/noticias\/#organization","name":"Motorista.com.br","url":"https:\/\/motorista.com.br\/noticias\/","logo":{"@type":"ImageObject","inLanguage":"pt-BR","@id":"https:\/\/motorista.com.br\/noticias\/#\/schema\/logo\/image\/","url":"https:\/\/motorista.com.br\/noticias\/wp-content\/uploads\/2025\/06\/Design-sem-nome-9.png","contentUrl":"https:\/\/motorista.com.br\/noticias\/wp-content\/uploads\/2025\/06\/Design-sem-nome-9.png","width":150,"height":85,"caption":"Motorista.com.br"},"image":{"@id":"https:\/\/motorista.com.br\/noticias\/#\/schema\/logo\/image\/"}},{"@type":"Person","@id":"https:\/\/motorista.com.br\/noticias\/#\/schema\/person\/dc93afc2981c0e3ce6bc3c053fd847be","name":"Equipe Reda\u00e7\u00e3o","image":{"@type":"ImageObject","inLanguage":"pt-BR","@id":"https:\/\/secure.gravatar.com\/avatar\/4f525efbf18dd2bb300ccad28bfb99d95a9465a5ba268407c8c37b37e1f28d2d?s=96&d=mm&r=g9e099043a0c61e9ae27e293b9fa75ffc","url":"https:\/\/secure.gravatar.com\/avatar\/4f525efbf18dd2bb300ccad28bfb99d95a9465a5ba268407c8c37b37e1f28d2d?s=96&d=mm&r=g","contentUrl":"https:\/\/secure.gravatar.com\/avatar\/4f525efbf18dd2bb300ccad28bfb99d95a9465a5ba268407c8c37b37e1f28d2d?s=96&d=mm&r=g","caption":"Equipe Reda\u00e7\u00e3o"},"description":"Equipe de reda\u00e7\u00e3o \u00e9 um grupo de profissionais que trabalham juntos para criar conte\u00fado escrito para Motorista.com.br","url":"https:\/\/motorista.com.br\/noticias\/author\/equiperedacao\/"}]}},"_links":{"self":[{"href":"https:\/\/motorista.com.br\/noticias\/wp-json\/wp\/v2\/posts\/9232","targetHints":{"allow":["GET"]}}],"collection":[{"href":"https:\/\/motorista.com.br\/noticias\/wp-json\/wp\/v2\/posts"}],"about":[{"href":"https:\/\/motorista.com.br\/noticias\/wp-json\/wp\/v2\/types\/post"}],"author":[{"embeddable":true,"href":"https:\/\/motorista.com.br\/noticias\/wp-json\/wp\/v2\/users\/4"}],"replies":[{"embeddable":true,"href":"https:\/\/motorista.com.br\/noticias\/wp-json\/wp\/v2\/comments?post=9232"}],"version-history":[{"count":0,"href":"https:\/\/motorista.com.br\/noticias\/wp-json\/wp\/v2\/posts\/9232\/revisions"}],"wp:featuredmedia":[{"embeddable":true,"href":"https:\/\/motorista.com.br\/noticias\/wp-json\/wp\/v2\/media\/9233"}],"wp:attachment":[{"href":"https:\/\/motorista.com.br\/noticias\/wp-json\/wp\/v2\/media?parent=9232"}],"wp:term":[{"taxonomy":"category","embeddable":true,"href":"https:\/\/motorista.com.br\/noticias\/wp-json\/wp\/v2\/categories?post=9232"},{"taxonomy":"post_tag","embeddable":true,"href":"https:\/\/motorista.com.br\/noticias\/wp-json\/wp\/v2\/tags?post=9232"},{"taxonomy":"author","embeddable":true,"href":"https:\/\/motorista.com.br\/noticias\/wp-json\/wp\/v2\/coauthors?post=9232"}],"curies":[{"name":"wp","href":"https:\/\/api.w.org\/{rel}","templated":true}]}}