{"id":9230,"date":"2026-04-27T17:44:51","date_gmt":"2026-04-27T20:44:51","guid":{"rendered":"https:\/\/motorista.com.br\/noticias\/2026\/04\/27\/o-que-evitar-ao-enfrentar-o-aumento-do-preco-do-petroleo\/"},"modified":"2026-04-27T17:44:51","modified_gmt":"2026-04-27T20:44:51","slug":"o-que-evitar-ao-enfrentar-o-aumento-do-preco-do-petroleo","status":"publish","type":"post","link":"https:\/\/motorista.com.br\/noticias\/2026\/04\/27\/o-que-evitar-ao-enfrentar-o-aumento-do-preco-do-petroleo\/","title":{"rendered":"O que evitar ao enfrentar o aumento do pre\u00e7o do petr\u00f3leo"},"content":{"rendered":"<p><\/p>\n<p><strong>O que n\u00e3o fazer quando sobe o pre\u00e7o do petr\u00f3leo \u2013 SETCESP<\/strong><\/p>\n<p>As medidas adotadas no Brasil em resposta ao aumento do pre\u00e7o do petr\u00f3leo t\u00eam se mostrado ineficazes ao mirarem no alvo errado. Em vez de considerar que o problema n\u00e3o est\u00e1 apenas no custo elevado do barril, mas na possibilidade de desabastecimento, o governo tem tomado decis\u00f5es que, em vez de mitigar a crise, a agravam.<\/p>\n<p>Estamos diante de uma crise sem precedentes no abastecimento de petr\u00f3leo. Governos pelo mundo todo t\u00eam se mobilizado para enfrentar essa emerg\u00eancia, e o Brasil tamb\u00e9m est\u00e1 tentando agir. Entretanto, as abordagens escolhidas incentivam o consumo de petr\u00f3leo e seus derivados em um momento em que a escassez j\u00e1 \u00e9 uma realidade.<\/p>\n<p>Para lidar eficazmente com a crise, \u00e9 necess\u00e1rio liberar estoques, incentivar a produ\u00e7\u00e3o de petr\u00f3leo e diversificar as fontes de importa\u00e7\u00e3o. A hist\u00f3ria nos mostra que, quando se busca resolver problemas de abastecimento, a redu\u00e7\u00e3o do consumo e a ado\u00e7\u00e3o de alternativas energ\u00e9ticas s\u00e3o essenciais. Um exemplo not\u00e1vel desse tipo de iniciativa foi o Pro\u00e1lcool, implementado na d\u00e9cada de 1970, que resultou no desenvolvimento sustent\u00e1vel do etanol como combust\u00edvel automotivo e promoveu a independ\u00eancia energ\u00e9tica do Brasil.<\/p>\n<p>Diversos pa\u00edses pelo mundo est\u00e3o adotando medidas emergenciais para enfrentar a crise de oferta. Na sequ\u00eancia do in\u00edcio da guerra que impactou o fornecimento de petr\u00f3leo, por exemplo, os membros da Ag\u00eancia Internacional de Energia liberaram 400 milh\u00f5es de barris de estoques emergenciais. A implementa\u00e7\u00e3o de pol\u00edticas como a recomenda\u00e7\u00e3o para trabalho remoto e restri\u00e7\u00f5es de viagem tem se mostrado eficaz em reduzir a demanda. Em v\u00e1rias na\u00e7\u00f5es, pr\u00e1ticas como a implementa\u00e7\u00e3o de uma semana de quatro dias para servidores p\u00fablicos e redu\u00e7\u00e3o de limites de velocidade em estradas s\u00e3o exemplos claros de como a economia de combust\u00edvel pode ser priorizada em tempos de escassez.<\/p>\n<p>Em meio a tudo isso, \u00e9 importante destacar que o aumento no pre\u00e7o do petr\u00f3leo tamb\u00e9m serve como um sinal de alerta. Altos pre\u00e7os estimulam a libera\u00e7\u00e3o de estoques e incentivam investimentos em alternativas ao petr\u00f3leo, enquanto comunicam ao consumidor a necessidade de repensar o uso desse recurso. <\/p>\n<p>No Brasil, ainda assim, as medidas est\u00e3o direcionadas a combater os efeitos do pre\u00e7o elevado em vez de lidar com as causas do problema. Em resposta \u00e0 crise, o governo anunciou subs\u00eddios ao \u00f3leo diesel e isen\u00e7\u00f5es fiscais, que apenas agravam a escassez ao estimular ainda mais o consumo. Esse tipo de abordagem n\u00e3o s\u00f3 intensifica o problema, como tamb\u00e9m tem consequ\u00eancias fiscais significativas, criando um ciclo vicioso.<\/p>\n<p>Um contraste not\u00e1vel \u00e9 a ideia de duplicar o programa Move Brasil, que amplia a oferta de \u00f4nibus e caminh\u00f5es por meio de empr\u00e9stimos subsidiados. Embora essa medida aparente aumentar a efici\u00eancia do transporte, na pr\u00e1tica, ela pode fomentar ainda mais a depend\u00eancia do diesel a longo prazo, dificultando a transi\u00e7\u00e3o para alternativas menos poluentes.<\/p>\n<p>Diante de uma crise de abastecimento, a melhor sa\u00edda seria promover um ambiente que favore\u00e7a a diversifica\u00e7\u00e3o energ\u00e9tica e o uso respons\u00e1vel dos recursos dispon\u00edveis. Assim, a redu\u00e7\u00e3o do consumo e a promo\u00e7\u00e3o de alternativas energ\u00e9ticas se tornam fundamentais n\u00e3o apenas para enfrentar a crise imediata, mas tamb\u00e9m para garantir uma mobilidade mais sustent\u00e1vel no futuro, beneficiando tanto motoristas quanto a sociedade como um todo. <\/p>\n<p>\u00c9 imprescind\u00edvel que o governo adote uma postura proativa que considere as complexidades do mercado e promova um ajuste saud\u00e1vel para todos os envolvidos. O papel dos motoristas e da mobilidade geral deve ser priorizado, garantindo que as solu\u00e7\u00f5es adotadas estejam em sintonia com as necessidades atuais e as exig\u00eancias futuras da sociedade. <\/p>\n<p>Fonte: SETCESP<\/p>\n","protected":false},"excerpt":{"rendered":"<p>O que n\u00e3o fazer quando sobe o pre\u00e7o do petr\u00f3leo \u2013 SETCESP As medidas adotadas no Brasil em resposta ao aumento do pre\u00e7o do petr\u00f3leo t\u00eam se mostrado ineficazes ao mirarem no alvo errado. Em vez de considerar que o problema n\u00e3o est\u00e1 apenas no custo elevado do barril, mas na possibilidade de desabastecimento, o &hellip;<\/p>\n","protected":false},"author":4,"featured_media":9231,"comment_status":"","ping_status":"open","sticky":false,"template":"","format":"standard","meta":{"footnotes":""},"categories":[62],"tags":[],"coauthors":[42],"class_list":["post-9230","post","type-post","status-publish","format-standard","has-post-thumbnail","hentry","category-logistica"],"yoast_head":"<!-- This site is optimized with the Yoast SEO Premium plugin v25.5 (Yoast SEO v27.5) - https:\/\/yoast.com\/product\/yoast-seo-premium-wordpress\/ -->\n<title>O que evitar ao enfrentar o aumento do pre\u00e7o do petr\u00f3leo - Motorista.com.br<\/title>\n<meta name=\"robots\" content=\"index, follow, max-snippet:-1, max-image-preview:large, max-video-preview:-1\" \/>\n<link rel=\"canonical\" href=\"https:\/\/motorista.com.br\/noticias\/2026\/04\/27\/o-que-evitar-ao-enfrentar-o-aumento-do-preco-do-petroleo\/\" \/>\n<meta property=\"og:locale\" content=\"pt_BR\" \/>\n<meta property=\"og:type\" content=\"article\" \/>\n<meta property=\"og:title\" content=\"O que evitar ao enfrentar o aumento do pre\u00e7o do petr\u00f3leo\" \/>\n<meta property=\"og:description\" content=\"O que n\u00e3o fazer quando sobe o pre\u00e7o do petr\u00f3leo \u2013 SETCESP As medidas adotadas no Brasil em resposta ao aumento do pre\u00e7o do petr\u00f3leo t\u00eam se mostrado ineficazes ao mirarem no alvo errado. Em vez de considerar que o problema n\u00e3o est\u00e1 apenas no custo elevado do barril, mas na possibilidade de desabastecimento, o &hellip;\" \/>\n<meta property=\"og:url\" content=\"https:\/\/motorista.com.br\/noticias\/2026\/04\/27\/o-que-evitar-ao-enfrentar-o-aumento-do-preco-do-petroleo\/\" \/>\n<meta property=\"og:site_name\" content=\"Motorista.com.br\" \/>\n<meta property=\"article:published_time\" content=\"2026-04-27T20:44:51+00:00\" \/>\n<meta name=\"author\" content=\"Equipe Reda\u00e7\u00e3o\" \/>\n<meta name=\"twitter:card\" content=\"summary_large_image\" \/>\n<meta name=\"twitter:label1\" content=\"Escrito por\" \/>\n\t<meta name=\"twitter:data1\" content=\"Equipe Reda\u00e7\u00e3o\" \/>\n\t<meta name=\"twitter:label2\" content=\"Est. tempo de leitura\" \/>\n\t<meta name=\"twitter:data2\" content=\"3 minutos\" \/>\n\t<meta name=\"twitter:label3\" content=\"Written by\" \/>\n\t<meta name=\"twitter:data3\" content=\"Equipe Reda\u00e7\u00e3o\" \/>\n<script type=\"application\/ld+json\" class=\"yoast-schema-graph\">{\"@context\":\"https:\\\/\\\/schema.org\",\"@graph\":[{\"@type\":\"Article\",\"@id\":\"https:\\\/\\\/motorista.com.br\\\/noticias\\\/2026\\\/04\\\/27\\\/o-que-evitar-ao-enfrentar-o-aumento-do-preco-do-petroleo\\\/#article\",\"isPartOf\":{\"@id\":\"https:\\\/\\\/motorista.com.br\\\/noticias\\\/2026\\\/04\\\/27\\\/o-que-evitar-ao-enfrentar-o-aumento-do-preco-do-petroleo\\\/\"},\"author\":{\"name\":\"Equipe Reda\u00e7\u00e3o\",\"@id\":\"https:\\\/\\\/motorista.com.br\\\/noticias\\\/#\\\/schema\\\/person\\\/dc93afc2981c0e3ce6bc3c053fd847be\"},\"headline\":\"O que evitar ao enfrentar o aumento do pre\u00e7o do petr\u00f3leo\",\"datePublished\":\"2026-04-27T20:44:51+00:00\",\"mainEntityOfPage\":{\"@id\":\"https:\\\/\\\/motorista.com.br\\\/noticias\\\/2026\\\/04\\\/27\\\/o-que-evitar-ao-enfrentar-o-aumento-do-preco-do-petroleo\\\/\"},\"wordCount\":681,\"publisher\":{\"@id\":\"https:\\\/\\\/motorista.com.br\\\/noticias\\\/#organization\"},\"image\":{\"@id\":\"https:\\\/\\\/motorista.com.br\\\/noticias\\\/2026\\\/04\\\/27\\\/o-que-evitar-ao-enfrentar-o-aumento-do-preco-do-petroleo\\\/#primaryimage\"},\"thumbnailUrl\":\"https:\\\/\\\/motorista.com.br\\\/noticias\\\/wp-content\\\/uploads\\\/2026\\\/04\\\/006.png\",\"articleSection\":[\"Log\u00edstica\"],\"inLanguage\":\"pt-BR\"},{\"@type\":\"WebPage\",\"@id\":\"https:\\\/\\\/motorista.com.br\\\/noticias\\\/2026\\\/04\\\/27\\\/o-que-evitar-ao-enfrentar-o-aumento-do-preco-do-petroleo\\\/\",\"url\":\"https:\\\/\\\/motorista.com.br\\\/noticias\\\/2026\\\/04\\\/27\\\/o-que-evitar-ao-enfrentar-o-aumento-do-preco-do-petroleo\\\/\",\"name\":\"O que evitar ao enfrentar o aumento do pre\u00e7o do petr\u00f3leo - Motorista.com.br\",\"isPartOf\":{\"@id\":\"https:\\\/\\\/motorista.com.br\\\/noticias\\\/#website\"},\"primaryImageOfPage\":{\"@id\":\"https:\\\/\\\/motorista.com.br\\\/noticias\\\/2026\\\/04\\\/27\\\/o-que-evitar-ao-enfrentar-o-aumento-do-preco-do-petroleo\\\/#primaryimage\"},\"image\":{\"@id\":\"https:\\\/\\\/motorista.com.br\\\/noticias\\\/2026\\\/04\\\/27\\\/o-que-evitar-ao-enfrentar-o-aumento-do-preco-do-petroleo\\\/#primaryimage\"},\"thumbnailUrl\":\"https:\\\/\\\/motorista.com.br\\\/noticias\\\/wp-content\\\/uploads\\\/2026\\\/04\\\/006.png\",\"datePublished\":\"2026-04-27T20:44:51+00:00\",\"breadcrumb\":{\"@id\":\"https:\\\/\\\/motorista.com.br\\\/noticias\\\/2026\\\/04\\\/27\\\/o-que-evitar-ao-enfrentar-o-aumento-do-preco-do-petroleo\\\/#breadcrumb\"},\"inLanguage\":\"pt-BR\",\"potentialAction\":[{\"@type\":\"ReadAction\",\"target\":[\"https:\\\/\\\/motorista.com.br\\\/noticias\\\/2026\\\/04\\\/27\\\/o-que-evitar-ao-enfrentar-o-aumento-do-preco-do-petroleo\\\/\"]}]},{\"@type\":\"ImageObject\",\"inLanguage\":\"pt-BR\",\"@id\":\"https:\\\/\\\/motorista.com.br\\\/noticias\\\/2026\\\/04\\\/27\\\/o-que-evitar-ao-enfrentar-o-aumento-do-preco-do-petroleo\\\/#primaryimage\",\"url\":\"https:\\\/\\\/motorista.com.br\\\/noticias\\\/wp-content\\\/uploads\\\/2026\\\/04\\\/006.png\",\"contentUrl\":\"https:\\\/\\\/motorista.com.br\\\/noticias\\\/wp-content\\\/uploads\\\/2026\\\/04\\\/006.png\",\"width\":1400,\"height\":700},{\"@type\":\"BreadcrumbList\",\"@id\":\"https:\\\/\\\/motorista.com.br\\\/noticias\\\/2026\\\/04\\\/27\\\/o-que-evitar-ao-enfrentar-o-aumento-do-preco-do-petroleo\\\/#breadcrumb\",\"itemListElement\":[{\"@type\":\"ListItem\",\"position\":1,\"name\":\"In\u00edcio\",\"item\":\"https:\\\/\\\/motorista.com.br\\\/noticias\\\/\"},{\"@type\":\"ListItem\",\"position\":2,\"name\":\"O que evitar ao enfrentar o aumento do pre\u00e7o do petr\u00f3leo\"}]},{\"@type\":\"WebSite\",\"@id\":\"https:\\\/\\\/motorista.com.br\\\/noticias\\\/#website\",\"url\":\"https:\\\/\\\/motorista.com.br\\\/noticias\\\/\",\"name\":\"Motorista.com.br\",\"description\":\"Not\u00edcia do Motorista\",\"publisher\":{\"@id\":\"https:\\\/\\\/motorista.com.br\\\/noticias\\\/#organization\"},\"potentialAction\":[{\"@type\":\"SearchAction\",\"target\":{\"@type\":\"EntryPoint\",\"urlTemplate\":\"https:\\\/\\\/motorista.com.br\\\/noticias\\\/?s={search_term_string}\"},\"query-input\":{\"@type\":\"PropertyValueSpecification\",\"valueRequired\":true,\"valueName\":\"search_term_string\"}}],\"inLanguage\":\"pt-BR\"},{\"@type\":\"Organization\",\"@id\":\"https:\\\/\\\/motorista.com.br\\\/noticias\\\/#organization\",\"name\":\"Motorista.com.br\",\"url\":\"https:\\\/\\\/motorista.com.br\\\/noticias\\\/\",\"logo\":{\"@type\":\"ImageObject\",\"inLanguage\":\"pt-BR\",\"@id\":\"https:\\\/\\\/motorista.com.br\\\/noticias\\\/#\\\/schema\\\/logo\\\/image\\\/\",\"url\":\"https:\\\/\\\/motorista.com.br\\\/noticias\\\/wp-content\\\/uploads\\\/2025\\\/06\\\/Design-sem-nome-9.png\",\"contentUrl\":\"https:\\\/\\\/motorista.com.br\\\/noticias\\\/wp-content\\\/uploads\\\/2025\\\/06\\\/Design-sem-nome-9.png\",\"width\":150,\"height\":85,\"caption\":\"Motorista.com.br\"},\"image\":{\"@id\":\"https:\\\/\\\/motorista.com.br\\\/noticias\\\/#\\\/schema\\\/logo\\\/image\\\/\"}},{\"@type\":\"Person\",\"@id\":\"https:\\\/\\\/motorista.com.br\\\/noticias\\\/#\\\/schema\\\/person\\\/dc93afc2981c0e3ce6bc3c053fd847be\",\"name\":\"Equipe Reda\u00e7\u00e3o\",\"image\":{\"@type\":\"ImageObject\",\"inLanguage\":\"pt-BR\",\"@id\":\"https:\\\/\\\/secure.gravatar.com\\\/avatar\\\/4f525efbf18dd2bb300ccad28bfb99d95a9465a5ba268407c8c37b37e1f28d2d?s=96&d=mm&r=g9e099043a0c61e9ae27e293b9fa75ffc\",\"url\":\"https:\\\/\\\/secure.gravatar.com\\\/avatar\\\/4f525efbf18dd2bb300ccad28bfb99d95a9465a5ba268407c8c37b37e1f28d2d?s=96&d=mm&r=g\",\"contentUrl\":\"https:\\\/\\\/secure.gravatar.com\\\/avatar\\\/4f525efbf18dd2bb300ccad28bfb99d95a9465a5ba268407c8c37b37e1f28d2d?s=96&d=mm&r=g\",\"caption\":\"Equipe Reda\u00e7\u00e3o\"},\"description\":\"Equipe de reda\u00e7\u00e3o \u00e9 um grupo de profissionais que trabalham juntos para criar conte\u00fado escrito para Motorista.com.br\",\"url\":\"https:\\\/\\\/motorista.com.br\\\/noticias\\\/author\\\/equiperedacao\\\/\"}]}<\/script>\n<!-- \/ Yoast SEO Premium plugin. -->","yoast_head_json":{"title":"O que evitar ao enfrentar o aumento do pre\u00e7o do petr\u00f3leo - Motorista.com.br","robots":{"index":"index","follow":"follow","max-snippet":"max-snippet:-1","max-image-preview":"max-image-preview:large","max-video-preview":"max-video-preview:-1"},"canonical":"https:\/\/motorista.com.br\/noticias\/2026\/04\/27\/o-que-evitar-ao-enfrentar-o-aumento-do-preco-do-petroleo\/","og_locale":"pt_BR","og_type":"article","og_title":"O que evitar ao enfrentar o aumento do pre\u00e7o do petr\u00f3leo","og_description":"O que n\u00e3o fazer quando sobe o pre\u00e7o do petr\u00f3leo \u2013 SETCESP As medidas adotadas no Brasil em resposta ao aumento do pre\u00e7o do petr\u00f3leo t\u00eam se mostrado ineficazes ao mirarem no alvo errado. Em vez de considerar que o problema n\u00e3o est\u00e1 apenas no custo elevado do barril, mas na possibilidade de desabastecimento, o &hellip;","og_url":"https:\/\/motorista.com.br\/noticias\/2026\/04\/27\/o-que-evitar-ao-enfrentar-o-aumento-do-preco-do-petroleo\/","og_site_name":"Motorista.com.br","article_published_time":"2026-04-27T20:44:51+00:00","author":"Equipe Reda\u00e7\u00e3o","twitter_card":"summary_large_image","twitter_misc":{"Escrito por":"Equipe Reda\u00e7\u00e3o","Est. tempo de leitura":"3 minutos","Written by":"Equipe Reda\u00e7\u00e3o"},"schema":{"@context":"https:\/\/schema.org","@graph":[{"@type":"Article","@id":"https:\/\/motorista.com.br\/noticias\/2026\/04\/27\/o-que-evitar-ao-enfrentar-o-aumento-do-preco-do-petroleo\/#article","isPartOf":{"@id":"https:\/\/motorista.com.br\/noticias\/2026\/04\/27\/o-que-evitar-ao-enfrentar-o-aumento-do-preco-do-petroleo\/"},"author":{"name":"Equipe Reda\u00e7\u00e3o","@id":"https:\/\/motorista.com.br\/noticias\/#\/schema\/person\/dc93afc2981c0e3ce6bc3c053fd847be"},"headline":"O que evitar ao enfrentar o aumento do pre\u00e7o do petr\u00f3leo","datePublished":"2026-04-27T20:44:51+00:00","mainEntityOfPage":{"@id":"https:\/\/motorista.com.br\/noticias\/2026\/04\/27\/o-que-evitar-ao-enfrentar-o-aumento-do-preco-do-petroleo\/"},"wordCount":681,"publisher":{"@id":"https:\/\/motorista.com.br\/noticias\/#organization"},"image":{"@id":"https:\/\/motorista.com.br\/noticias\/2026\/04\/27\/o-que-evitar-ao-enfrentar-o-aumento-do-preco-do-petroleo\/#primaryimage"},"thumbnailUrl":"https:\/\/motorista.com.br\/noticias\/wp-content\/uploads\/2026\/04\/006.png","articleSection":["Log\u00edstica"],"inLanguage":"pt-BR"},{"@type":"WebPage","@id":"https:\/\/motorista.com.br\/noticias\/2026\/04\/27\/o-que-evitar-ao-enfrentar-o-aumento-do-preco-do-petroleo\/","url":"https:\/\/motorista.com.br\/noticias\/2026\/04\/27\/o-que-evitar-ao-enfrentar-o-aumento-do-preco-do-petroleo\/","name":"O que evitar ao enfrentar o aumento do pre\u00e7o do petr\u00f3leo - Motorista.com.br","isPartOf":{"@id":"https:\/\/motorista.com.br\/noticias\/#website"},"primaryImageOfPage":{"@id":"https:\/\/motorista.com.br\/noticias\/2026\/04\/27\/o-que-evitar-ao-enfrentar-o-aumento-do-preco-do-petroleo\/#primaryimage"},"image":{"@id":"https:\/\/motorista.com.br\/noticias\/2026\/04\/27\/o-que-evitar-ao-enfrentar-o-aumento-do-preco-do-petroleo\/#primaryimage"},"thumbnailUrl":"https:\/\/motorista.com.br\/noticias\/wp-content\/uploads\/2026\/04\/006.png","datePublished":"2026-04-27T20:44:51+00:00","breadcrumb":{"@id":"https:\/\/motorista.com.br\/noticias\/2026\/04\/27\/o-que-evitar-ao-enfrentar-o-aumento-do-preco-do-petroleo\/#breadcrumb"},"inLanguage":"pt-BR","potentialAction":[{"@type":"ReadAction","target":["https:\/\/motorista.com.br\/noticias\/2026\/04\/27\/o-que-evitar-ao-enfrentar-o-aumento-do-preco-do-petroleo\/"]}]},{"@type":"ImageObject","inLanguage":"pt-BR","@id":"https:\/\/motorista.com.br\/noticias\/2026\/04\/27\/o-que-evitar-ao-enfrentar-o-aumento-do-preco-do-petroleo\/#primaryimage","url":"https:\/\/motorista.com.br\/noticias\/wp-content\/uploads\/2026\/04\/006.png","contentUrl":"https:\/\/motorista.com.br\/noticias\/wp-content\/uploads\/2026\/04\/006.png","width":1400,"height":700},{"@type":"BreadcrumbList","@id":"https:\/\/motorista.com.br\/noticias\/2026\/04\/27\/o-que-evitar-ao-enfrentar-o-aumento-do-preco-do-petroleo\/#breadcrumb","itemListElement":[{"@type":"ListItem","position":1,"name":"In\u00edcio","item":"https:\/\/motorista.com.br\/noticias\/"},{"@type":"ListItem","position":2,"name":"O que evitar ao enfrentar o aumento do pre\u00e7o do petr\u00f3leo"}]},{"@type":"WebSite","@id":"https:\/\/motorista.com.br\/noticias\/#website","url":"https:\/\/motorista.com.br\/noticias\/","name":"Motorista.com.br","description":"Not\u00edcia do Motorista","publisher":{"@id":"https:\/\/motorista.com.br\/noticias\/#organization"},"potentialAction":[{"@type":"SearchAction","target":{"@type":"EntryPoint","urlTemplate":"https:\/\/motorista.com.br\/noticias\/?s={search_term_string}"},"query-input":{"@type":"PropertyValueSpecification","valueRequired":true,"valueName":"search_term_string"}}],"inLanguage":"pt-BR"},{"@type":"Organization","@id":"https:\/\/motorista.com.br\/noticias\/#organization","name":"Motorista.com.br","url":"https:\/\/motorista.com.br\/noticias\/","logo":{"@type":"ImageObject","inLanguage":"pt-BR","@id":"https:\/\/motorista.com.br\/noticias\/#\/schema\/logo\/image\/","url":"https:\/\/motorista.com.br\/noticias\/wp-content\/uploads\/2025\/06\/Design-sem-nome-9.png","contentUrl":"https:\/\/motorista.com.br\/noticias\/wp-content\/uploads\/2025\/06\/Design-sem-nome-9.png","width":150,"height":85,"caption":"Motorista.com.br"},"image":{"@id":"https:\/\/motorista.com.br\/noticias\/#\/schema\/logo\/image\/"}},{"@type":"Person","@id":"https:\/\/motorista.com.br\/noticias\/#\/schema\/person\/dc93afc2981c0e3ce6bc3c053fd847be","name":"Equipe Reda\u00e7\u00e3o","image":{"@type":"ImageObject","inLanguage":"pt-BR","@id":"https:\/\/secure.gravatar.com\/avatar\/4f525efbf18dd2bb300ccad28bfb99d95a9465a5ba268407c8c37b37e1f28d2d?s=96&d=mm&r=g9e099043a0c61e9ae27e293b9fa75ffc","url":"https:\/\/secure.gravatar.com\/avatar\/4f525efbf18dd2bb300ccad28bfb99d95a9465a5ba268407c8c37b37e1f28d2d?s=96&d=mm&r=g","contentUrl":"https:\/\/secure.gravatar.com\/avatar\/4f525efbf18dd2bb300ccad28bfb99d95a9465a5ba268407c8c37b37e1f28d2d?s=96&d=mm&r=g","caption":"Equipe Reda\u00e7\u00e3o"},"description":"Equipe de reda\u00e7\u00e3o \u00e9 um grupo de profissionais que trabalham juntos para criar conte\u00fado escrito para Motorista.com.br","url":"https:\/\/motorista.com.br\/noticias\/author\/equiperedacao\/"}]}},"_links":{"self":[{"href":"https:\/\/motorista.com.br\/noticias\/wp-json\/wp\/v2\/posts\/9230","targetHints":{"allow":["GET"]}}],"collection":[{"href":"https:\/\/motorista.com.br\/noticias\/wp-json\/wp\/v2\/posts"}],"about":[{"href":"https:\/\/motorista.com.br\/noticias\/wp-json\/wp\/v2\/types\/post"}],"author":[{"embeddable":true,"href":"https:\/\/motorista.com.br\/noticias\/wp-json\/wp\/v2\/users\/4"}],"replies":[{"embeddable":true,"href":"https:\/\/motorista.com.br\/noticias\/wp-json\/wp\/v2\/comments?post=9230"}],"version-history":[{"count":0,"href":"https:\/\/motorista.com.br\/noticias\/wp-json\/wp\/v2\/posts\/9230\/revisions"}],"wp:featuredmedia":[{"embeddable":true,"href":"https:\/\/motorista.com.br\/noticias\/wp-json\/wp\/v2\/media\/9231"}],"wp:attachment":[{"href":"https:\/\/motorista.com.br\/noticias\/wp-json\/wp\/v2\/media?parent=9230"}],"wp:term":[{"taxonomy":"category","embeddable":true,"href":"https:\/\/motorista.com.br\/noticias\/wp-json\/wp\/v2\/categories?post=9230"},{"taxonomy":"post_tag","embeddable":true,"href":"https:\/\/motorista.com.br\/noticias\/wp-json\/wp\/v2\/tags?post=9230"},{"taxonomy":"author","embeddable":true,"href":"https:\/\/motorista.com.br\/noticias\/wp-json\/wp\/v2\/coauthors?post=9230"}],"curies":[{"name":"wp","href":"https:\/\/api.w.org\/{rel}","templated":true}]}}