{"id":9226,"date":"2026-04-27T16:23:45","date_gmt":"2026-04-27T19:23:45","guid":{"rendered":"https:\/\/motorista.com.br\/noticias\/2026\/04\/27\/palmeiras-e-flamengo-se-destacam-no-brasileirao-hulk-no-galo-em-duvida\/"},"modified":"2026-04-27T16:23:45","modified_gmt":"2026-04-27T19:23:45","slug":"palmeiras-e-flamengo-se-destacam-no-brasileirao-hulk-no-galo-em-duvida","status":"publish","type":"post","link":"https:\/\/motorista.com.br\/noticias\/2026\/04\/27\/palmeiras-e-flamengo-se-destacam-no-brasileirao-hulk-no-galo-em-duvida\/","title":{"rendered":"Palmeiras e Flamengo se destacam no Brasileir\u00e3o; Hulk no Galo em d\u00favida."},"content":{"rendered":"<p><\/p>\n<p><strong>Palmeiras e Flamengo dominam rodada do Brasileir\u00e3o; Hulk vive indefini\u00e7\u00e3o no Galo<\/strong><\/p>\n<p>A 13\u00aa rodada do Campeonato Brasileiro refletiu a for\u00e7a dos l\u00edderes, com Palmeiras e Flamengo se destacando mais uma vez. A m\u00e9dia de 2,4 gols por partida demonstra que a disputa est\u00e1 acirrada, mas a qualidade das partidas aumenta a expectativa dos torcedores e, consequentemente, impacta a mobilidade urbana.<\/p>\n<p>O Palmeiras, mantendo a lideran\u00e7a, triunfou sobre o Red Bull Bragantino por 1 a 0. Essa vit\u00f3ria consolidou uma vantagem de seis pontos sobre o Flamengo, que teve uma performance impressionante ao golear o Atl\u00e9tico-MG por 4 a 0 em Belo Horizonte. O dom\u00ednio dessas equipes nas primeiras posi\u00e7\u00f5es n\u00e3o apenas traz emo\u00e7\u00e3o aos f\u00e3s, mas tamb\u00e9m influencia o fluxo de transporte nas cidades, com um aumento no n\u00famero de torcedores que buscam assistir aos jogos em est\u00e1dios ou em ambientes sociais.<\/p>\n<p>Al\u00e9m deles, o Fluminense tamb\u00e9m se destacou ao vencer a Chapecoense por 2 a 1, situando-se empatado em pontos com o Flamengo. Esse cen\u00e1rio fomenta a mobilidade, j\u00e1 que muitos torcedores utilizam transporte p\u00fablico ou aplicativos de mobilidade para comparecer aos eventos, refletindo a sinergia entre o esporte e o dia a dia das cidades.<\/p>\n<p>O S\u00e3o Paulo, que recuperou sua forma ao vencer o Mirassol por 1 a 0, d\u00e1 sinais de que a competi\u00e7\u00e3o se intensifica, aliviando a press\u00e3o sobre seu treinador. Para o torcedor, isso significa mais op\u00e7\u00f5es de locais para assistir a jogos e um aumento no engajamento com o esporte.<\/p>\n<p>Na parte inferior da tabela, o Corinthians tamb\u00e9m teve uma vit\u00f3ria crucial contra o Vasco por 1 a 0, saindo da zona de rebaixamento. Esse resultado n\u00e3o apenas revigorou a equipe, mas tamb\u00e9m suas torcidas, que s\u00e3o fundamentais para a din\u00e2mica do tr\u00e1fego nas redondezas dos est\u00e1dios, especialmente em dias de jogo.<\/p>\n<p>Por outro lado, o Santos enfrenta uma situa\u00e7\u00e3o complicada, empatando em 2 a 2 com o Bahia e permanecendo em 17\u00aa coloca\u00e7\u00e3o. Essa instabilidade pode resultar em uma diminui\u00e7\u00e3o da frequ\u00eancia de torcedores nos pr\u00f3ximos jogos, impactando a economia local ao reduzir o fluxo em \u00e1reas comerciais adjacentes aos est\u00e1dios.<\/p>\n<h3>Hulk e sua poss\u00edvel transfer\u00eancia<\/h3>\n<p>Enquanto isso, fora de campo, a indefini\u00e7\u00e3o de Hulk no Atl\u00e9tico-MG gera expectativas. O atacante de 39 anos n\u00e3o participou do jogo contra o Flamengo, levantando especula\u00e7\u00f5es sobre uma transfer\u00eancia para o Fluminense. A falta de uma decis\u00e3o clara pode afetar n\u00e3o apenas o desempenho de seu time, mas tamb\u00e9m a movimenta\u00e7\u00e3o dos torcedores que o apoiam.<\/p>\n<p>Caso a transfer\u00eancia se concretize, a situa\u00e7\u00e3o poderia envolver mudan\u00e7as log\u00edsticas e de mobilidade, principalmente no que diz respeito ao deslocamento dos torcedores entre os dois clubes. A mobilidade nas cidades \u00e9 frequentemente moldada por essas narrativas do esporte, incentivando viagens e a utiliza\u00e7\u00e3o de diferentes meios de transporte.<\/p>\n<p>A intera\u00e7\u00e3o entre o Campeonato Brasileiro, as equipes participantes e a mobilidade urbana ilustra um ciclo onde o esporte e o cotidiano das cidades se entrela\u00e7am, mostrando que a paix\u00e3o pelo futebol vai muito al\u00e9m do que acontece dentro de campo. A conex\u00e3o entre torcedores e seus clubes se traduziu em movimento e viv\u00eancia, refletindo uma cultura que estimula a economia e o conv\u00edvio social.<\/p>\n","protected":false},"excerpt":{"rendered":"<p>Palmeiras e Flamengo dominam rodada do Brasileir\u00e3o; Hulk vive indefini\u00e7\u00e3o no Galo A 13\u00aa rodada do Campeonato Brasileiro refletiu a for\u00e7a dos l\u00edderes, com Palmeiras e Flamengo se destacando mais uma vez. A m\u00e9dia de 2,4 gols por partida demonstra que a disputa est\u00e1 acirrada, mas a qualidade das partidas aumenta a expectativa dos torcedores &hellip;<\/p>\n","protected":false},"author":4,"featured_media":9227,"comment_status":"","ping_status":"open","sticky":false,"template":"","format":"standard","meta":{"footnotes":""},"categories":[45],"tags":[],"coauthors":[42],"class_list":["post-9226","post","type-post","status-publish","format-standard","has-post-thumbnail","hentry","category-mundo"],"yoast_head":"<!-- This site is optimized with the Yoast SEO Premium plugin v25.5 (Yoast SEO v27.5) - https:\/\/yoast.com\/product\/yoast-seo-premium-wordpress\/ -->\n<title>Palmeiras e Flamengo se destacam no Brasileir\u00e3o; Hulk no Galo em d\u00favida. - Motorista.com.br<\/title>\n<meta name=\"robots\" content=\"index, follow, max-snippet:-1, max-image-preview:large, max-video-preview:-1\" \/>\n<link rel=\"canonical\" href=\"https:\/\/motorista.com.br\/noticias\/2026\/04\/27\/palmeiras-e-flamengo-se-destacam-no-brasileirao-hulk-no-galo-em-duvida\/\" \/>\n<meta property=\"og:locale\" content=\"pt_BR\" \/>\n<meta property=\"og:type\" content=\"article\" \/>\n<meta property=\"og:title\" content=\"Palmeiras e Flamengo se destacam no Brasileir\u00e3o; Hulk no Galo em d\u00favida.\" \/>\n<meta property=\"og:description\" content=\"Palmeiras e Flamengo dominam rodada do Brasileir\u00e3o; Hulk vive indefini\u00e7\u00e3o no Galo A 13\u00aa rodada do Campeonato Brasileiro refletiu a for\u00e7a dos l\u00edderes, com Palmeiras e Flamengo se destacando mais uma vez. A m\u00e9dia de 2,4 gols por partida demonstra que a disputa est\u00e1 acirrada, mas a qualidade das partidas aumenta a expectativa dos torcedores &hellip;\" \/>\n<meta property=\"og:url\" content=\"https:\/\/motorista.com.br\/noticias\/2026\/04\/27\/palmeiras-e-flamengo-se-destacam-no-brasileirao-hulk-no-galo-em-duvida\/\" \/>\n<meta property=\"og:site_name\" content=\"Motorista.com.br\" \/>\n<meta property=\"article:published_time\" content=\"2026-04-27T19:23:45+00:00\" \/>\n<meta name=\"author\" content=\"Equipe Reda\u00e7\u00e3o\" \/>\n<meta name=\"twitter:card\" content=\"summary_large_image\" \/>\n<meta name=\"twitter:label1\" content=\"Escrito por\" \/>\n\t<meta name=\"twitter:data1\" content=\"Equipe Reda\u00e7\u00e3o\" \/>\n\t<meta name=\"twitter:label2\" content=\"Est. tempo de leitura\" \/>\n\t<meta name=\"twitter:data2\" content=\"3 minutos\" \/>\n\t<meta name=\"twitter:label3\" content=\"Written by\" \/>\n\t<meta name=\"twitter:data3\" content=\"Equipe Reda\u00e7\u00e3o\" \/>\n<script type=\"application\/ld+json\" class=\"yoast-schema-graph\">{\"@context\":\"https:\\\/\\\/schema.org\",\"@graph\":[{\"@type\":\"Article\",\"@id\":\"https:\\\/\\\/motorista.com.br\\\/noticias\\\/2026\\\/04\\\/27\\\/palmeiras-e-flamengo-se-destacam-no-brasileirao-hulk-no-galo-em-duvida\\\/#article\",\"isPartOf\":{\"@id\":\"https:\\\/\\\/motorista.com.br\\\/noticias\\\/2026\\\/04\\\/27\\\/palmeiras-e-flamengo-se-destacam-no-brasileirao-hulk-no-galo-em-duvida\\\/\"},\"author\":{\"name\":\"Equipe Reda\u00e7\u00e3o\",\"@id\":\"https:\\\/\\\/motorista.com.br\\\/noticias\\\/#\\\/schema\\\/person\\\/dc93afc2981c0e3ce6bc3c053fd847be\"},\"headline\":\"Palmeiras e Flamengo se destacam no Brasileir\u00e3o; Hulk no Galo em d\u00favida.\",\"datePublished\":\"2026-04-27T19:23:45+00:00\",\"mainEntityOfPage\":{\"@id\":\"https:\\\/\\\/motorista.com.br\\\/noticias\\\/2026\\\/04\\\/27\\\/palmeiras-e-flamengo-se-destacam-no-brasileirao-hulk-no-galo-em-duvida\\\/\"},\"wordCount\":584,\"publisher\":{\"@id\":\"https:\\\/\\\/motorista.com.br\\\/noticias\\\/#organization\"},\"image\":{\"@id\":\"https:\\\/\\\/motorista.com.br\\\/noticias\\\/2026\\\/04\\\/27\\\/palmeiras-e-flamengo-se-destacam-no-brasileirao-hulk-no-galo-em-duvida\\\/#primaryimage\"},\"thumbnailUrl\":\"https:\\\/\\\/motorista.com.br\\\/noticias\\\/wp-content\\\/uploads\\\/2026\\\/04\\\/20260222025450_ogImage_4.jpg\",\"articleSection\":[\"Mundo\"],\"inLanguage\":\"pt-BR\"},{\"@type\":\"WebPage\",\"@id\":\"https:\\\/\\\/motorista.com.br\\\/noticias\\\/2026\\\/04\\\/27\\\/palmeiras-e-flamengo-se-destacam-no-brasileirao-hulk-no-galo-em-duvida\\\/\",\"url\":\"https:\\\/\\\/motorista.com.br\\\/noticias\\\/2026\\\/04\\\/27\\\/palmeiras-e-flamengo-se-destacam-no-brasileirao-hulk-no-galo-em-duvida\\\/\",\"name\":\"Palmeiras e Flamengo se destacam no Brasileir\u00e3o; Hulk no Galo em d\u00favida. - Motorista.com.br\",\"isPartOf\":{\"@id\":\"https:\\\/\\\/motorista.com.br\\\/noticias\\\/#website\"},\"primaryImageOfPage\":{\"@id\":\"https:\\\/\\\/motorista.com.br\\\/noticias\\\/2026\\\/04\\\/27\\\/palmeiras-e-flamengo-se-destacam-no-brasileirao-hulk-no-galo-em-duvida\\\/#primaryimage\"},\"image\":{\"@id\":\"https:\\\/\\\/motorista.com.br\\\/noticias\\\/2026\\\/04\\\/27\\\/palmeiras-e-flamengo-se-destacam-no-brasileirao-hulk-no-galo-em-duvida\\\/#primaryimage\"},\"thumbnailUrl\":\"https:\\\/\\\/motorista.com.br\\\/noticias\\\/wp-content\\\/uploads\\\/2026\\\/04\\\/20260222025450_ogImage_4.jpg\",\"datePublished\":\"2026-04-27T19:23:45+00:00\",\"breadcrumb\":{\"@id\":\"https:\\\/\\\/motorista.com.br\\\/noticias\\\/2026\\\/04\\\/27\\\/palmeiras-e-flamengo-se-destacam-no-brasileirao-hulk-no-galo-em-duvida\\\/#breadcrumb\"},\"inLanguage\":\"pt-BR\",\"potentialAction\":[{\"@type\":\"ReadAction\",\"target\":[\"https:\\\/\\\/motorista.com.br\\\/noticias\\\/2026\\\/04\\\/27\\\/palmeiras-e-flamengo-se-destacam-no-brasileirao-hulk-no-galo-em-duvida\\\/\"]}]},{\"@type\":\"ImageObject\",\"inLanguage\":\"pt-BR\",\"@id\":\"https:\\\/\\\/motorista.com.br\\\/noticias\\\/2026\\\/04\\\/27\\\/palmeiras-e-flamengo-se-destacam-no-brasileirao-hulk-no-galo-em-duvida\\\/#primaryimage\",\"url\":\"https:\\\/\\\/motorista.com.br\\\/noticias\\\/wp-content\\\/uploads\\\/2026\\\/04\\\/20260222025450_ogImage_4.jpg\",\"contentUrl\":\"https:\\\/\\\/motorista.com.br\\\/noticias\\\/wp-content\\\/uploads\\\/2026\\\/04\\\/20260222025450_ogImage_4.jpg\",\"width\":730,\"height\":400},{\"@type\":\"BreadcrumbList\",\"@id\":\"https:\\\/\\\/motorista.com.br\\\/noticias\\\/2026\\\/04\\\/27\\\/palmeiras-e-flamengo-se-destacam-no-brasileirao-hulk-no-galo-em-duvida\\\/#breadcrumb\",\"itemListElement\":[{\"@type\":\"ListItem\",\"position\":1,\"name\":\"In\u00edcio\",\"item\":\"https:\\\/\\\/motorista.com.br\\\/noticias\\\/\"},{\"@type\":\"ListItem\",\"position\":2,\"name\":\"Palmeiras e Flamengo se destacam no Brasileir\u00e3o; Hulk no Galo em d\u00favida.\"}]},{\"@type\":\"WebSite\",\"@id\":\"https:\\\/\\\/motorista.com.br\\\/noticias\\\/#website\",\"url\":\"https:\\\/\\\/motorista.com.br\\\/noticias\\\/\",\"name\":\"Motorista.com.br\",\"description\":\"Not\u00edcia do Motorista\",\"publisher\":{\"@id\":\"https:\\\/\\\/motorista.com.br\\\/noticias\\\/#organization\"},\"potentialAction\":[{\"@type\":\"SearchAction\",\"target\":{\"@type\":\"EntryPoint\",\"urlTemplate\":\"https:\\\/\\\/motorista.com.br\\\/noticias\\\/?s={search_term_string}\"},\"query-input\":{\"@type\":\"PropertyValueSpecification\",\"valueRequired\":true,\"valueName\":\"search_term_string\"}}],\"inLanguage\":\"pt-BR\"},{\"@type\":\"Organization\",\"@id\":\"https:\\\/\\\/motorista.com.br\\\/noticias\\\/#organization\",\"name\":\"Motorista.com.br\",\"url\":\"https:\\\/\\\/motorista.com.br\\\/noticias\\\/\",\"logo\":{\"@type\":\"ImageObject\",\"inLanguage\":\"pt-BR\",\"@id\":\"https:\\\/\\\/motorista.com.br\\\/noticias\\\/#\\\/schema\\\/logo\\\/image\\\/\",\"url\":\"https:\\\/\\\/motorista.com.br\\\/noticias\\\/wp-content\\\/uploads\\\/2025\\\/06\\\/Design-sem-nome-9.png\",\"contentUrl\":\"https:\\\/\\\/motorista.com.br\\\/noticias\\\/wp-content\\\/uploads\\\/2025\\\/06\\\/Design-sem-nome-9.png\",\"width\":150,\"height\":85,\"caption\":\"Motorista.com.br\"},\"image\":{\"@id\":\"https:\\\/\\\/motorista.com.br\\\/noticias\\\/#\\\/schema\\\/logo\\\/image\\\/\"}},{\"@type\":\"Person\",\"@id\":\"https:\\\/\\\/motorista.com.br\\\/noticias\\\/#\\\/schema\\\/person\\\/dc93afc2981c0e3ce6bc3c053fd847be\",\"name\":\"Equipe Reda\u00e7\u00e3o\",\"image\":{\"@type\":\"ImageObject\",\"inLanguage\":\"pt-BR\",\"@id\":\"https:\\\/\\\/secure.gravatar.com\\\/avatar\\\/4f525efbf18dd2bb300ccad28bfb99d95a9465a5ba268407c8c37b37e1f28d2d?s=96&d=mm&r=g9e099043a0c61e9ae27e293b9fa75ffc\",\"url\":\"https:\\\/\\\/secure.gravatar.com\\\/avatar\\\/4f525efbf18dd2bb300ccad28bfb99d95a9465a5ba268407c8c37b37e1f28d2d?s=96&d=mm&r=g\",\"contentUrl\":\"https:\\\/\\\/secure.gravatar.com\\\/avatar\\\/4f525efbf18dd2bb300ccad28bfb99d95a9465a5ba268407c8c37b37e1f28d2d?s=96&d=mm&r=g\",\"caption\":\"Equipe Reda\u00e7\u00e3o\"},\"description\":\"Equipe de reda\u00e7\u00e3o \u00e9 um grupo de profissionais que trabalham juntos para criar conte\u00fado escrito para Motorista.com.br\",\"url\":\"https:\\\/\\\/motorista.com.br\\\/noticias\\\/author\\\/equiperedacao\\\/\"}]}<\/script>\n<!-- \/ Yoast SEO Premium plugin. -->","yoast_head_json":{"title":"Palmeiras e Flamengo se destacam no Brasileir\u00e3o; Hulk no Galo em d\u00favida. - Motorista.com.br","robots":{"index":"index","follow":"follow","max-snippet":"max-snippet:-1","max-image-preview":"max-image-preview:large","max-video-preview":"max-video-preview:-1"},"canonical":"https:\/\/motorista.com.br\/noticias\/2026\/04\/27\/palmeiras-e-flamengo-se-destacam-no-brasileirao-hulk-no-galo-em-duvida\/","og_locale":"pt_BR","og_type":"article","og_title":"Palmeiras e Flamengo se destacam no Brasileir\u00e3o; Hulk no Galo em d\u00favida.","og_description":"Palmeiras e Flamengo dominam rodada do Brasileir\u00e3o; Hulk vive indefini\u00e7\u00e3o no Galo A 13\u00aa rodada do Campeonato Brasileiro refletiu a for\u00e7a dos l\u00edderes, com Palmeiras e Flamengo se destacando mais uma vez. A m\u00e9dia de 2,4 gols por partida demonstra que a disputa est\u00e1 acirrada, mas a qualidade das partidas aumenta a expectativa dos torcedores &hellip;","og_url":"https:\/\/motorista.com.br\/noticias\/2026\/04\/27\/palmeiras-e-flamengo-se-destacam-no-brasileirao-hulk-no-galo-em-duvida\/","og_site_name":"Motorista.com.br","article_published_time":"2026-04-27T19:23:45+00:00","author":"Equipe Reda\u00e7\u00e3o","twitter_card":"summary_large_image","twitter_misc":{"Escrito por":"Equipe Reda\u00e7\u00e3o","Est. tempo de leitura":"3 minutos","Written by":"Equipe Reda\u00e7\u00e3o"},"schema":{"@context":"https:\/\/schema.org","@graph":[{"@type":"Article","@id":"https:\/\/motorista.com.br\/noticias\/2026\/04\/27\/palmeiras-e-flamengo-se-destacam-no-brasileirao-hulk-no-galo-em-duvida\/#article","isPartOf":{"@id":"https:\/\/motorista.com.br\/noticias\/2026\/04\/27\/palmeiras-e-flamengo-se-destacam-no-brasileirao-hulk-no-galo-em-duvida\/"},"author":{"name":"Equipe Reda\u00e7\u00e3o","@id":"https:\/\/motorista.com.br\/noticias\/#\/schema\/person\/dc93afc2981c0e3ce6bc3c053fd847be"},"headline":"Palmeiras e Flamengo se destacam no Brasileir\u00e3o; Hulk no Galo em d\u00favida.","datePublished":"2026-04-27T19:23:45+00:00","mainEntityOfPage":{"@id":"https:\/\/motorista.com.br\/noticias\/2026\/04\/27\/palmeiras-e-flamengo-se-destacam-no-brasileirao-hulk-no-galo-em-duvida\/"},"wordCount":584,"publisher":{"@id":"https:\/\/motorista.com.br\/noticias\/#organization"},"image":{"@id":"https:\/\/motorista.com.br\/noticias\/2026\/04\/27\/palmeiras-e-flamengo-se-destacam-no-brasileirao-hulk-no-galo-em-duvida\/#primaryimage"},"thumbnailUrl":"https:\/\/motorista.com.br\/noticias\/wp-content\/uploads\/2026\/04\/20260222025450_ogImage_4.jpg","articleSection":["Mundo"],"inLanguage":"pt-BR"},{"@type":"WebPage","@id":"https:\/\/motorista.com.br\/noticias\/2026\/04\/27\/palmeiras-e-flamengo-se-destacam-no-brasileirao-hulk-no-galo-em-duvida\/","url":"https:\/\/motorista.com.br\/noticias\/2026\/04\/27\/palmeiras-e-flamengo-se-destacam-no-brasileirao-hulk-no-galo-em-duvida\/","name":"Palmeiras e Flamengo se destacam no Brasileir\u00e3o; Hulk no Galo em d\u00favida. - Motorista.com.br","isPartOf":{"@id":"https:\/\/motorista.com.br\/noticias\/#website"},"primaryImageOfPage":{"@id":"https:\/\/motorista.com.br\/noticias\/2026\/04\/27\/palmeiras-e-flamengo-se-destacam-no-brasileirao-hulk-no-galo-em-duvida\/#primaryimage"},"image":{"@id":"https:\/\/motorista.com.br\/noticias\/2026\/04\/27\/palmeiras-e-flamengo-se-destacam-no-brasileirao-hulk-no-galo-em-duvida\/#primaryimage"},"thumbnailUrl":"https:\/\/motorista.com.br\/noticias\/wp-content\/uploads\/2026\/04\/20260222025450_ogImage_4.jpg","datePublished":"2026-04-27T19:23:45+00:00","breadcrumb":{"@id":"https:\/\/motorista.com.br\/noticias\/2026\/04\/27\/palmeiras-e-flamengo-se-destacam-no-brasileirao-hulk-no-galo-em-duvida\/#breadcrumb"},"inLanguage":"pt-BR","potentialAction":[{"@type":"ReadAction","target":["https:\/\/motorista.com.br\/noticias\/2026\/04\/27\/palmeiras-e-flamengo-se-destacam-no-brasileirao-hulk-no-galo-em-duvida\/"]}]},{"@type":"ImageObject","inLanguage":"pt-BR","@id":"https:\/\/motorista.com.br\/noticias\/2026\/04\/27\/palmeiras-e-flamengo-se-destacam-no-brasileirao-hulk-no-galo-em-duvida\/#primaryimage","url":"https:\/\/motorista.com.br\/noticias\/wp-content\/uploads\/2026\/04\/20260222025450_ogImage_4.jpg","contentUrl":"https:\/\/motorista.com.br\/noticias\/wp-content\/uploads\/2026\/04\/20260222025450_ogImage_4.jpg","width":730,"height":400},{"@type":"BreadcrumbList","@id":"https:\/\/motorista.com.br\/noticias\/2026\/04\/27\/palmeiras-e-flamengo-se-destacam-no-brasileirao-hulk-no-galo-em-duvida\/#breadcrumb","itemListElement":[{"@type":"ListItem","position":1,"name":"In\u00edcio","item":"https:\/\/motorista.com.br\/noticias\/"},{"@type":"ListItem","position":2,"name":"Palmeiras e Flamengo se destacam no Brasileir\u00e3o; Hulk no Galo em d\u00favida."}]},{"@type":"WebSite","@id":"https:\/\/motorista.com.br\/noticias\/#website","url":"https:\/\/motorista.com.br\/noticias\/","name":"Motorista.com.br","description":"Not\u00edcia do Motorista","publisher":{"@id":"https:\/\/motorista.com.br\/noticias\/#organization"},"potentialAction":[{"@type":"SearchAction","target":{"@type":"EntryPoint","urlTemplate":"https:\/\/motorista.com.br\/noticias\/?s={search_term_string}"},"query-input":{"@type":"PropertyValueSpecification","valueRequired":true,"valueName":"search_term_string"}}],"inLanguage":"pt-BR"},{"@type":"Organization","@id":"https:\/\/motorista.com.br\/noticias\/#organization","name":"Motorista.com.br","url":"https:\/\/motorista.com.br\/noticias\/","logo":{"@type":"ImageObject","inLanguage":"pt-BR","@id":"https:\/\/motorista.com.br\/noticias\/#\/schema\/logo\/image\/","url":"https:\/\/motorista.com.br\/noticias\/wp-content\/uploads\/2025\/06\/Design-sem-nome-9.png","contentUrl":"https:\/\/motorista.com.br\/noticias\/wp-content\/uploads\/2025\/06\/Design-sem-nome-9.png","width":150,"height":85,"caption":"Motorista.com.br"},"image":{"@id":"https:\/\/motorista.com.br\/noticias\/#\/schema\/logo\/image\/"}},{"@type":"Person","@id":"https:\/\/motorista.com.br\/noticias\/#\/schema\/person\/dc93afc2981c0e3ce6bc3c053fd847be","name":"Equipe Reda\u00e7\u00e3o","image":{"@type":"ImageObject","inLanguage":"pt-BR","@id":"https:\/\/secure.gravatar.com\/avatar\/4f525efbf18dd2bb300ccad28bfb99d95a9465a5ba268407c8c37b37e1f28d2d?s=96&d=mm&r=g9e099043a0c61e9ae27e293b9fa75ffc","url":"https:\/\/secure.gravatar.com\/avatar\/4f525efbf18dd2bb300ccad28bfb99d95a9465a5ba268407c8c37b37e1f28d2d?s=96&d=mm&r=g","contentUrl":"https:\/\/secure.gravatar.com\/avatar\/4f525efbf18dd2bb300ccad28bfb99d95a9465a5ba268407c8c37b37e1f28d2d?s=96&d=mm&r=g","caption":"Equipe Reda\u00e7\u00e3o"},"description":"Equipe de reda\u00e7\u00e3o \u00e9 um grupo de profissionais que trabalham juntos para criar conte\u00fado escrito para Motorista.com.br","url":"https:\/\/motorista.com.br\/noticias\/author\/equiperedacao\/"}]}},"_links":{"self":[{"href":"https:\/\/motorista.com.br\/noticias\/wp-json\/wp\/v2\/posts\/9226","targetHints":{"allow":["GET"]}}],"collection":[{"href":"https:\/\/motorista.com.br\/noticias\/wp-json\/wp\/v2\/posts"}],"about":[{"href":"https:\/\/motorista.com.br\/noticias\/wp-json\/wp\/v2\/types\/post"}],"author":[{"embeddable":true,"href":"https:\/\/motorista.com.br\/noticias\/wp-json\/wp\/v2\/users\/4"}],"replies":[{"embeddable":true,"href":"https:\/\/motorista.com.br\/noticias\/wp-json\/wp\/v2\/comments?post=9226"}],"version-history":[{"count":0,"href":"https:\/\/motorista.com.br\/noticias\/wp-json\/wp\/v2\/posts\/9226\/revisions"}],"wp:featuredmedia":[{"embeddable":true,"href":"https:\/\/motorista.com.br\/noticias\/wp-json\/wp\/v2\/media\/9227"}],"wp:attachment":[{"href":"https:\/\/motorista.com.br\/noticias\/wp-json\/wp\/v2\/media?parent=9226"}],"wp:term":[{"taxonomy":"category","embeddable":true,"href":"https:\/\/motorista.com.br\/noticias\/wp-json\/wp\/v2\/categories?post=9226"},{"taxonomy":"post_tag","embeddable":true,"href":"https:\/\/motorista.com.br\/noticias\/wp-json\/wp\/v2\/tags?post=9226"},{"taxonomy":"author","embeddable":true,"href":"https:\/\/motorista.com.br\/noticias\/wp-json\/wp\/v2\/coauthors?post=9226"}],"curies":[{"name":"wp","href":"https:\/\/api.w.org\/{rel}","templated":true}]}}