{"id":9218,"date":"2026-04-27T13:45:33","date_gmt":"2026-04-27T16:45:33","guid":{"rendered":"https:\/\/motorista.com.br\/noticias\/2026\/04\/27\/site-permite-customizar-supercarro-nacional\/"},"modified":"2026-04-27T13:45:33","modified_gmt":"2026-04-27T16:45:33","slug":"site-permite-customizar-supercarro-nacional","status":"publish","type":"post","link":"https:\/\/motorista.com.br\/noticias\/2026\/04\/27\/site-permite-customizar-supercarro-nacional\/","title":{"rendered":"Site permite customizar supercarro nacional."},"content":{"rendered":"<p><\/p>\n<h3>Personaliza\u00e7\u00e3o e Mobilidade: O Supercarro Brasileiro Unico<\/h3>\n<p>O <strong>Unico<\/strong>, supercarro brasileiro da <strong>Super Veloce<\/strong>, estreou com um <strong>configurador virtual<\/strong> acess\u00edvel ao p\u00fablico, oferecendo uma experi\u00eancia de personaliza\u00e7\u00e3o inigual\u00e1vel. Avaliado em <strong>R$ 1,5 milh\u00e3o<\/strong>, o primeiro exemplar ser\u00e1 entregue em <strong>maio de 2026<\/strong>. Produzido na <strong>Zona Sul de S\u00e3o Paulo<\/strong>, esse projeto levou dois anos sob a dire\u00e7\u00e3o de <strong>Adhemar Cabral<\/strong> e <strong>Rafael Espindola<\/strong>.<\/p>\n<p>A inova\u00e7\u00e3o n\u00e3o est\u00e1 apenas na est\u00e9tica; o carro passa por um processo de <strong>homologa\u00e7\u00e3o<\/strong> para que possa circular legalmente fora dos aut\u00f3dromos. Essa caracter\u00edstica \u00e9 fundamental, pois permite que um ve\u00edculo de alta performance, at\u00e9 ent\u00e3o restrito a pistas, integre-se ao dia a dia das cidades.<\/p>\n<h4>Personaliza\u00e7\u00e3o Digital: O Futuro da Mobilidade<\/h4>\n<p>O configurador do <strong>SV Unico<\/strong> \u00e9 intuitivo, assemelhando-se a simuladores de corrida profissionais. Com <strong>nove tonalidades de fibra de carbono<\/strong>, <strong>11 cores brilhantes<\/strong> e <strong>quatro op\u00e7\u00f5es foscas<\/strong>, o usu\u00e1rio pode personalizar a carroceria e adicionar faixas decorativas em uma paleta de <strong>13 cores<\/strong>. Essa abordagem n\u00e3o s\u00f3 democratiza a personaliza\u00e7\u00e3o como tamb\u00e9m permite que motoristas expressem sua identidade atrav\u00e9s de seus ve\u00edculos.<\/p>\n<p>Al\u00e9m das op\u00e7\u00f5es est\u00e9ticas, os potenciais propriet\u00e1rios podem escolher vari\u00e1veis t\u00e9cnicas, como acabamentos internos e cores de rodas, garantindo que cada unidade seja \u00fanica. Isso n\u00e3o apenas valoriza o aspecto de exclusividade, mas tamb\u00e9m alinha-se a um novo padr\u00e3o de consumo, onde a individualidade do motorista \u00e9 cada vez mais valorizada.<\/p>\n<h4>Desempenho e Sustentabilidade<\/h4>\n<p>Pesando apenas <strong>700 kg<\/strong>, o <strong>Unico<\/strong> \u00e9 um exemplo de efici\u00eancia. Sua carroceria de fibra de carbono e <strong>chassi tubular de a\u00e7o<\/strong> n\u00e3o s\u00f3 garantem leveza, mas tamb\u00e9m desempenho superior. O motor <strong>Ford 2.0 turbo<\/strong> gera <strong>360 cv<\/strong> e, com a op\u00e7\u00e3o de motoriza\u00e7\u00f5es <strong>V6 biturbo<\/strong>, essa pot\u00eancia pode chegar a <strong>440 cv<\/strong>. Essa combina\u00e7\u00e3o de peso e pot\u00eancia n\u00e3o apenas proporciona uma experi\u00eancia de dire\u00e7\u00e3o emocionante, mas tamb\u00e9m sugere um futuro em que carros super leves e de alta performance possam contribuir para a redu\u00e7\u00e3o de emiss\u00f5es no tr\u00e2nsito urbano.<\/p>\n<p>A tecnologia embutida, como <strong>freios Brembo<\/strong> e <strong>pneus Yokohama semislick<\/strong>, aliados a um c\u00e2mbio autom\u00e1tico de <strong>seis marchas<\/strong>, destaca a busca pela excel\u00eancia em performance. A forma como esses elementos se integram n\u00e3o s\u00f3 melhora a jornada do motorista, mas tamb\u00e9m redefine a experi\u00eancia de mobilidade urbana.<\/p>\n<h4>Impactos na Mobilidade<\/h4>\n<p>A chegada do <strong>Unico<\/strong> traz uma reflex\u00e3o sobre a mobilidade nas grandes cidades. A possibilidade de ver supercarros nas ruas desafia a ideia convencional de carros como meros meios de transporte. Ve\u00edculos que unem design sofisticado a alta performance podem, em ess\u00eancia, inspirar mudan\u00e7as nas normas de mobilidade e incentivar a cria\u00e7\u00e3o de infraestruturas urbanas mais adequadas para esses autom\u00f3veis.<\/p>\n<p>Al\u00e9m disso, refor\u00e7a-se a import\u00e2ncia de uma engenharia nacional que atenda \u00e0s demandas contempor\u00e2neas de um mercado cada vez mais exigente. A Super Veloce, ao produzir entre tr\u00eas e cinco unidades por ano, n\u00e3o apenas enriquece o setor automotivo nacional, mas tamb\u00e9m coloca o Brasil no mapa global da mobilidade high-tech.<\/p>\n<p>A personaliza\u00e7\u00e3o do <strong>Unico<\/strong> transcende o simples ato de escolher cores ou acabamentos; trata-se de redefinir a rela\u00e7\u00e3o entre o motorista e seu ve\u00edculo, criando um espa\u00e7o onde indiv\u00edduos podem expressar suas identidades e, ao mesmo tempo, contribuir para um futuro de mobilidade mais eficiente e responsiva \u00e0s necessidades urbanas.<\/p>\n","protected":false},"excerpt":{"rendered":"<p>Personaliza\u00e7\u00e3o e Mobilidade: O Supercarro Brasileiro Unico O Unico, supercarro brasileiro da Super Veloce, estreou com um configurador virtual acess\u00edvel ao p\u00fablico, oferecendo uma experi\u00eancia de personaliza\u00e7\u00e3o inigual\u00e1vel. Avaliado em R$ 1,5 milh\u00e3o, o primeiro exemplar ser\u00e1 entregue em maio de 2026. Produzido na Zona Sul de S\u00e3o Paulo, esse projeto levou dois anos sob &hellip;<\/p>\n","protected":false},"author":4,"featured_media":9219,"comment_status":"","ping_status":"open","sticky":false,"template":"","format":"standard","meta":{"footnotes":""},"categories":[56],"tags":[],"coauthors":[42],"class_list":["post-9218","post","type-post","status-publish","format-standard","has-post-thumbnail","hentry","category-tecnologia"],"yoast_head":"<!-- This site is optimized with the Yoast SEO Premium plugin v25.5 (Yoast SEO v27.5) - https:\/\/yoast.com\/product\/yoast-seo-premium-wordpress\/ -->\n<title>Site permite customizar supercarro nacional. - Motorista.com.br<\/title>\n<meta name=\"robots\" content=\"index, follow, max-snippet:-1, max-image-preview:large, max-video-preview:-1\" \/>\n<link rel=\"canonical\" href=\"https:\/\/motorista.com.br\/noticias\/2026\/04\/27\/site-permite-customizar-supercarro-nacional\/\" \/>\n<meta property=\"og:locale\" content=\"pt_BR\" \/>\n<meta property=\"og:type\" content=\"article\" \/>\n<meta property=\"og:title\" content=\"Site permite customizar supercarro nacional.\" \/>\n<meta property=\"og:description\" content=\"Personaliza\u00e7\u00e3o e Mobilidade: O Supercarro Brasileiro Unico O Unico, supercarro brasileiro da Super Veloce, estreou com um configurador virtual acess\u00edvel ao p\u00fablico, oferecendo uma experi\u00eancia de personaliza\u00e7\u00e3o inigual\u00e1vel. Avaliado em R$ 1,5 milh\u00e3o, o primeiro exemplar ser\u00e1 entregue em maio de 2026. Produzido na Zona Sul de S\u00e3o Paulo, esse projeto levou dois anos sob &hellip;\" \/>\n<meta property=\"og:url\" content=\"https:\/\/motorista.com.br\/noticias\/2026\/04\/27\/site-permite-customizar-supercarro-nacional\/\" \/>\n<meta property=\"og:site_name\" content=\"Motorista.com.br\" \/>\n<meta property=\"article:published_time\" content=\"2026-04-27T16:45:33+00:00\" \/>\n<meta name=\"author\" content=\"Equipe Reda\u00e7\u00e3o\" \/>\n<meta name=\"twitter:card\" content=\"summary_large_image\" \/>\n<meta name=\"twitter:label1\" content=\"Escrito por\" \/>\n\t<meta name=\"twitter:data1\" content=\"Equipe Reda\u00e7\u00e3o\" \/>\n\t<meta name=\"twitter:label2\" content=\"Est. tempo de leitura\" \/>\n\t<meta name=\"twitter:data2\" content=\"3 minutos\" \/>\n\t<meta name=\"twitter:label3\" content=\"Written by\" \/>\n\t<meta name=\"twitter:data3\" content=\"Equipe Reda\u00e7\u00e3o\" \/>\n<script type=\"application\/ld+json\" class=\"yoast-schema-graph\">{\"@context\":\"https:\\\/\\\/schema.org\",\"@graph\":[{\"@type\":\"Article\",\"@id\":\"https:\\\/\\\/motorista.com.br\\\/noticias\\\/2026\\\/04\\\/27\\\/site-permite-customizar-supercarro-nacional\\\/#article\",\"isPartOf\":{\"@id\":\"https:\\\/\\\/motorista.com.br\\\/noticias\\\/2026\\\/04\\\/27\\\/site-permite-customizar-supercarro-nacional\\\/\"},\"author\":{\"name\":\"Equipe Reda\u00e7\u00e3o\",\"@id\":\"https:\\\/\\\/motorista.com.br\\\/noticias\\\/#\\\/schema\\\/person\\\/dc93afc2981c0e3ce6bc3c053fd847be\"},\"headline\":\"Site permite customizar supercarro nacional.\",\"datePublished\":\"2026-04-27T16:45:33+00:00\",\"mainEntityOfPage\":{\"@id\":\"https:\\\/\\\/motorista.com.br\\\/noticias\\\/2026\\\/04\\\/27\\\/site-permite-customizar-supercarro-nacional\\\/\"},\"wordCount\":601,\"publisher\":{\"@id\":\"https:\\\/\\\/motorista.com.br\\\/noticias\\\/#organization\"},\"image\":{\"@id\":\"https:\\\/\\\/motorista.com.br\\\/noticias\\\/2026\\\/04\\\/27\\\/site-permite-customizar-supercarro-nacional\\\/#primaryimage\"},\"thumbnailUrl\":\"https:\\\/\\\/motorista.com.br\\\/noticias\\\/wp-content\\\/uploads\\\/2026\\\/04\\\/Destaque-Super-Veloce-Unico-Supercarro-brasileiro-scaled.jpg\",\"articleSection\":[\"Tecnologia\"],\"inLanguage\":\"pt-BR\"},{\"@type\":\"WebPage\",\"@id\":\"https:\\\/\\\/motorista.com.br\\\/noticias\\\/2026\\\/04\\\/27\\\/site-permite-customizar-supercarro-nacional\\\/\",\"url\":\"https:\\\/\\\/motorista.com.br\\\/noticias\\\/2026\\\/04\\\/27\\\/site-permite-customizar-supercarro-nacional\\\/\",\"name\":\"Site permite customizar supercarro nacional. - Motorista.com.br\",\"isPartOf\":{\"@id\":\"https:\\\/\\\/motorista.com.br\\\/noticias\\\/#website\"},\"primaryImageOfPage\":{\"@id\":\"https:\\\/\\\/motorista.com.br\\\/noticias\\\/2026\\\/04\\\/27\\\/site-permite-customizar-supercarro-nacional\\\/#primaryimage\"},\"image\":{\"@id\":\"https:\\\/\\\/motorista.com.br\\\/noticias\\\/2026\\\/04\\\/27\\\/site-permite-customizar-supercarro-nacional\\\/#primaryimage\"},\"thumbnailUrl\":\"https:\\\/\\\/motorista.com.br\\\/noticias\\\/wp-content\\\/uploads\\\/2026\\\/04\\\/Destaque-Super-Veloce-Unico-Supercarro-brasileiro-scaled.jpg\",\"datePublished\":\"2026-04-27T16:45:33+00:00\",\"breadcrumb\":{\"@id\":\"https:\\\/\\\/motorista.com.br\\\/noticias\\\/2026\\\/04\\\/27\\\/site-permite-customizar-supercarro-nacional\\\/#breadcrumb\"},\"inLanguage\":\"pt-BR\",\"potentialAction\":[{\"@type\":\"ReadAction\",\"target\":[\"https:\\\/\\\/motorista.com.br\\\/noticias\\\/2026\\\/04\\\/27\\\/site-permite-customizar-supercarro-nacional\\\/\"]}]},{\"@type\":\"ImageObject\",\"inLanguage\":\"pt-BR\",\"@id\":\"https:\\\/\\\/motorista.com.br\\\/noticias\\\/2026\\\/04\\\/27\\\/site-permite-customizar-supercarro-nacional\\\/#primaryimage\",\"url\":\"https:\\\/\\\/motorista.com.br\\\/noticias\\\/wp-content\\\/uploads\\\/2026\\\/04\\\/Destaque-Super-Veloce-Unico-Supercarro-brasileiro-scaled.jpg\",\"contentUrl\":\"https:\\\/\\\/motorista.com.br\\\/noticias\\\/wp-content\\\/uploads\\\/2026\\\/04\\\/Destaque-Super-Veloce-Unico-Supercarro-brasileiro-scaled.jpg\",\"width\":2560,\"height\":1440},{\"@type\":\"BreadcrumbList\",\"@id\":\"https:\\\/\\\/motorista.com.br\\\/noticias\\\/2026\\\/04\\\/27\\\/site-permite-customizar-supercarro-nacional\\\/#breadcrumb\",\"itemListElement\":[{\"@type\":\"ListItem\",\"position\":1,\"name\":\"In\u00edcio\",\"item\":\"https:\\\/\\\/motorista.com.br\\\/noticias\\\/\"},{\"@type\":\"ListItem\",\"position\":2,\"name\":\"Site permite customizar supercarro nacional.\"}]},{\"@type\":\"WebSite\",\"@id\":\"https:\\\/\\\/motorista.com.br\\\/noticias\\\/#website\",\"url\":\"https:\\\/\\\/motorista.com.br\\\/noticias\\\/\",\"name\":\"Motorista.com.br\",\"description\":\"Not\u00edcia do Motorista\",\"publisher\":{\"@id\":\"https:\\\/\\\/motorista.com.br\\\/noticias\\\/#organization\"},\"potentialAction\":[{\"@type\":\"SearchAction\",\"target\":{\"@type\":\"EntryPoint\",\"urlTemplate\":\"https:\\\/\\\/motorista.com.br\\\/noticias\\\/?s={search_term_string}\"},\"query-input\":{\"@type\":\"PropertyValueSpecification\",\"valueRequired\":true,\"valueName\":\"search_term_string\"}}],\"inLanguage\":\"pt-BR\"},{\"@type\":\"Organization\",\"@id\":\"https:\\\/\\\/motorista.com.br\\\/noticias\\\/#organization\",\"name\":\"Motorista.com.br\",\"url\":\"https:\\\/\\\/motorista.com.br\\\/noticias\\\/\",\"logo\":{\"@type\":\"ImageObject\",\"inLanguage\":\"pt-BR\",\"@id\":\"https:\\\/\\\/motorista.com.br\\\/noticias\\\/#\\\/schema\\\/logo\\\/image\\\/\",\"url\":\"https:\\\/\\\/motorista.com.br\\\/noticias\\\/wp-content\\\/uploads\\\/2025\\\/06\\\/Design-sem-nome-9.png\",\"contentUrl\":\"https:\\\/\\\/motorista.com.br\\\/noticias\\\/wp-content\\\/uploads\\\/2025\\\/06\\\/Design-sem-nome-9.png\",\"width\":150,\"height\":85,\"caption\":\"Motorista.com.br\"},\"image\":{\"@id\":\"https:\\\/\\\/motorista.com.br\\\/noticias\\\/#\\\/schema\\\/logo\\\/image\\\/\"}},{\"@type\":\"Person\",\"@id\":\"https:\\\/\\\/motorista.com.br\\\/noticias\\\/#\\\/schema\\\/person\\\/dc93afc2981c0e3ce6bc3c053fd847be\",\"name\":\"Equipe Reda\u00e7\u00e3o\",\"image\":{\"@type\":\"ImageObject\",\"inLanguage\":\"pt-BR\",\"@id\":\"https:\\\/\\\/secure.gravatar.com\\\/avatar\\\/4f525efbf18dd2bb300ccad28bfb99d95a9465a5ba268407c8c37b37e1f28d2d?s=96&d=mm&r=g9e099043a0c61e9ae27e293b9fa75ffc\",\"url\":\"https:\\\/\\\/secure.gravatar.com\\\/avatar\\\/4f525efbf18dd2bb300ccad28bfb99d95a9465a5ba268407c8c37b37e1f28d2d?s=96&d=mm&r=g\",\"contentUrl\":\"https:\\\/\\\/secure.gravatar.com\\\/avatar\\\/4f525efbf18dd2bb300ccad28bfb99d95a9465a5ba268407c8c37b37e1f28d2d?s=96&d=mm&r=g\",\"caption\":\"Equipe Reda\u00e7\u00e3o\"},\"description\":\"Equipe de reda\u00e7\u00e3o \u00e9 um grupo de profissionais que trabalham juntos para criar conte\u00fado escrito para Motorista.com.br\",\"url\":\"https:\\\/\\\/motorista.com.br\\\/noticias\\\/author\\\/equiperedacao\\\/\"}]}<\/script>\n<!-- \/ Yoast SEO Premium plugin. -->","yoast_head_json":{"title":"Site permite customizar supercarro nacional. - Motorista.com.br","robots":{"index":"index","follow":"follow","max-snippet":"max-snippet:-1","max-image-preview":"max-image-preview:large","max-video-preview":"max-video-preview:-1"},"canonical":"https:\/\/motorista.com.br\/noticias\/2026\/04\/27\/site-permite-customizar-supercarro-nacional\/","og_locale":"pt_BR","og_type":"article","og_title":"Site permite customizar supercarro nacional.","og_description":"Personaliza\u00e7\u00e3o e Mobilidade: O Supercarro Brasileiro Unico O Unico, supercarro brasileiro da Super Veloce, estreou com um configurador virtual acess\u00edvel ao p\u00fablico, oferecendo uma experi\u00eancia de personaliza\u00e7\u00e3o inigual\u00e1vel. Avaliado em R$ 1,5 milh\u00e3o, o primeiro exemplar ser\u00e1 entregue em maio de 2026. Produzido na Zona Sul de S\u00e3o Paulo, esse projeto levou dois anos sob &hellip;","og_url":"https:\/\/motorista.com.br\/noticias\/2026\/04\/27\/site-permite-customizar-supercarro-nacional\/","og_site_name":"Motorista.com.br","article_published_time":"2026-04-27T16:45:33+00:00","author":"Equipe Reda\u00e7\u00e3o","twitter_card":"summary_large_image","twitter_misc":{"Escrito por":"Equipe Reda\u00e7\u00e3o","Est. tempo de leitura":"3 minutos","Written by":"Equipe Reda\u00e7\u00e3o"},"schema":{"@context":"https:\/\/schema.org","@graph":[{"@type":"Article","@id":"https:\/\/motorista.com.br\/noticias\/2026\/04\/27\/site-permite-customizar-supercarro-nacional\/#article","isPartOf":{"@id":"https:\/\/motorista.com.br\/noticias\/2026\/04\/27\/site-permite-customizar-supercarro-nacional\/"},"author":{"name":"Equipe Reda\u00e7\u00e3o","@id":"https:\/\/motorista.com.br\/noticias\/#\/schema\/person\/dc93afc2981c0e3ce6bc3c053fd847be"},"headline":"Site permite customizar supercarro nacional.","datePublished":"2026-04-27T16:45:33+00:00","mainEntityOfPage":{"@id":"https:\/\/motorista.com.br\/noticias\/2026\/04\/27\/site-permite-customizar-supercarro-nacional\/"},"wordCount":601,"publisher":{"@id":"https:\/\/motorista.com.br\/noticias\/#organization"},"image":{"@id":"https:\/\/motorista.com.br\/noticias\/2026\/04\/27\/site-permite-customizar-supercarro-nacional\/#primaryimage"},"thumbnailUrl":"https:\/\/motorista.com.br\/noticias\/wp-content\/uploads\/2026\/04\/Destaque-Super-Veloce-Unico-Supercarro-brasileiro-scaled.jpg","articleSection":["Tecnologia"],"inLanguage":"pt-BR"},{"@type":"WebPage","@id":"https:\/\/motorista.com.br\/noticias\/2026\/04\/27\/site-permite-customizar-supercarro-nacional\/","url":"https:\/\/motorista.com.br\/noticias\/2026\/04\/27\/site-permite-customizar-supercarro-nacional\/","name":"Site permite customizar supercarro nacional. - Motorista.com.br","isPartOf":{"@id":"https:\/\/motorista.com.br\/noticias\/#website"},"primaryImageOfPage":{"@id":"https:\/\/motorista.com.br\/noticias\/2026\/04\/27\/site-permite-customizar-supercarro-nacional\/#primaryimage"},"image":{"@id":"https:\/\/motorista.com.br\/noticias\/2026\/04\/27\/site-permite-customizar-supercarro-nacional\/#primaryimage"},"thumbnailUrl":"https:\/\/motorista.com.br\/noticias\/wp-content\/uploads\/2026\/04\/Destaque-Super-Veloce-Unico-Supercarro-brasileiro-scaled.jpg","datePublished":"2026-04-27T16:45:33+00:00","breadcrumb":{"@id":"https:\/\/motorista.com.br\/noticias\/2026\/04\/27\/site-permite-customizar-supercarro-nacional\/#breadcrumb"},"inLanguage":"pt-BR","potentialAction":[{"@type":"ReadAction","target":["https:\/\/motorista.com.br\/noticias\/2026\/04\/27\/site-permite-customizar-supercarro-nacional\/"]}]},{"@type":"ImageObject","inLanguage":"pt-BR","@id":"https:\/\/motorista.com.br\/noticias\/2026\/04\/27\/site-permite-customizar-supercarro-nacional\/#primaryimage","url":"https:\/\/motorista.com.br\/noticias\/wp-content\/uploads\/2026\/04\/Destaque-Super-Veloce-Unico-Supercarro-brasileiro-scaled.jpg","contentUrl":"https:\/\/motorista.com.br\/noticias\/wp-content\/uploads\/2026\/04\/Destaque-Super-Veloce-Unico-Supercarro-brasileiro-scaled.jpg","width":2560,"height":1440},{"@type":"BreadcrumbList","@id":"https:\/\/motorista.com.br\/noticias\/2026\/04\/27\/site-permite-customizar-supercarro-nacional\/#breadcrumb","itemListElement":[{"@type":"ListItem","position":1,"name":"In\u00edcio","item":"https:\/\/motorista.com.br\/noticias\/"},{"@type":"ListItem","position":2,"name":"Site permite customizar supercarro nacional."}]},{"@type":"WebSite","@id":"https:\/\/motorista.com.br\/noticias\/#website","url":"https:\/\/motorista.com.br\/noticias\/","name":"Motorista.com.br","description":"Not\u00edcia do Motorista","publisher":{"@id":"https:\/\/motorista.com.br\/noticias\/#organization"},"potentialAction":[{"@type":"SearchAction","target":{"@type":"EntryPoint","urlTemplate":"https:\/\/motorista.com.br\/noticias\/?s={search_term_string}"},"query-input":{"@type":"PropertyValueSpecification","valueRequired":true,"valueName":"search_term_string"}}],"inLanguage":"pt-BR"},{"@type":"Organization","@id":"https:\/\/motorista.com.br\/noticias\/#organization","name":"Motorista.com.br","url":"https:\/\/motorista.com.br\/noticias\/","logo":{"@type":"ImageObject","inLanguage":"pt-BR","@id":"https:\/\/motorista.com.br\/noticias\/#\/schema\/logo\/image\/","url":"https:\/\/motorista.com.br\/noticias\/wp-content\/uploads\/2025\/06\/Design-sem-nome-9.png","contentUrl":"https:\/\/motorista.com.br\/noticias\/wp-content\/uploads\/2025\/06\/Design-sem-nome-9.png","width":150,"height":85,"caption":"Motorista.com.br"},"image":{"@id":"https:\/\/motorista.com.br\/noticias\/#\/schema\/logo\/image\/"}},{"@type":"Person","@id":"https:\/\/motorista.com.br\/noticias\/#\/schema\/person\/dc93afc2981c0e3ce6bc3c053fd847be","name":"Equipe Reda\u00e7\u00e3o","image":{"@type":"ImageObject","inLanguage":"pt-BR","@id":"https:\/\/secure.gravatar.com\/avatar\/4f525efbf18dd2bb300ccad28bfb99d95a9465a5ba268407c8c37b37e1f28d2d?s=96&d=mm&r=g9e099043a0c61e9ae27e293b9fa75ffc","url":"https:\/\/secure.gravatar.com\/avatar\/4f525efbf18dd2bb300ccad28bfb99d95a9465a5ba268407c8c37b37e1f28d2d?s=96&d=mm&r=g","contentUrl":"https:\/\/secure.gravatar.com\/avatar\/4f525efbf18dd2bb300ccad28bfb99d95a9465a5ba268407c8c37b37e1f28d2d?s=96&d=mm&r=g","caption":"Equipe Reda\u00e7\u00e3o"},"description":"Equipe de reda\u00e7\u00e3o \u00e9 um grupo de profissionais que trabalham juntos para criar conte\u00fado escrito para Motorista.com.br","url":"https:\/\/motorista.com.br\/noticias\/author\/equiperedacao\/"}]}},"_links":{"self":[{"href":"https:\/\/motorista.com.br\/noticias\/wp-json\/wp\/v2\/posts\/9218","targetHints":{"allow":["GET"]}}],"collection":[{"href":"https:\/\/motorista.com.br\/noticias\/wp-json\/wp\/v2\/posts"}],"about":[{"href":"https:\/\/motorista.com.br\/noticias\/wp-json\/wp\/v2\/types\/post"}],"author":[{"embeddable":true,"href":"https:\/\/motorista.com.br\/noticias\/wp-json\/wp\/v2\/users\/4"}],"replies":[{"embeddable":true,"href":"https:\/\/motorista.com.br\/noticias\/wp-json\/wp\/v2\/comments?post=9218"}],"version-history":[{"count":0,"href":"https:\/\/motorista.com.br\/noticias\/wp-json\/wp\/v2\/posts\/9218\/revisions"}],"wp:featuredmedia":[{"embeddable":true,"href":"https:\/\/motorista.com.br\/noticias\/wp-json\/wp\/v2\/media\/9219"}],"wp:attachment":[{"href":"https:\/\/motorista.com.br\/noticias\/wp-json\/wp\/v2\/media?parent=9218"}],"wp:term":[{"taxonomy":"category","embeddable":true,"href":"https:\/\/motorista.com.br\/noticias\/wp-json\/wp\/v2\/categories?post=9218"},{"taxonomy":"post_tag","embeddable":true,"href":"https:\/\/motorista.com.br\/noticias\/wp-json\/wp\/v2\/tags?post=9218"},{"taxonomy":"author","embeddable":true,"href":"https:\/\/motorista.com.br\/noticias\/wp-json\/wp\/v2\/coauthors?post=9218"}],"curies":[{"name":"wp","href":"https:\/\/api.w.org\/{rel}","templated":true}]}}