{"id":9215,"date":"2026-04-27T12:31:31","date_gmt":"2026-04-27T15:31:31","guid":{"rendered":"https:\/\/motorista.com.br\/noticias\/2026\/04\/27\/projeto-propoe-identificacao-de-nanoempreendedores-pelo-cpf-sem-nota-fiscal\/"},"modified":"2026-04-27T12:31:31","modified_gmt":"2026-04-27T15:31:31","slug":"projeto-propoe-identificacao-de-nanoempreendedores-pelo-cpf-sem-nota-fiscal","status":"publish","type":"post","link":"https:\/\/motorista.com.br\/noticias\/2026\/04\/27\/projeto-propoe-identificacao-de-nanoempreendedores-pelo-cpf-sem-nota-fiscal\/","title":{"rendered":"Projeto prop\u00f5e identifica\u00e7\u00e3o de nanoempreendedores pelo CPF, sem nota fiscal."},"content":{"rendered":"<p><\/p>\n<p><strong>Projeto prev\u00ea que nanoempreendedor seja identificado com CPF e isento de emiss\u00e3o de nota fiscal<\/strong><\/p>\n<p>Por Gabriel Benevides, de Bras\u00edlia<\/p>\n<p>A Comiss\u00e3o de Ind\u00fastria, Com\u00e9rcio e Servi\u00e7os da C\u00e2mara dos Deputados est\u00e1 prestes a discutir um projeto de lei que visa identificar os nanoempreendedores por meio do CPF, al\u00e9m de isent\u00e1-los de certas obriga\u00e7\u00f5es fiscais. Essa proposta representa um avan\u00e7o significativo para aqueles que est\u00e3o iniciando suas jornadas no mundo dos neg\u00f3cios, proporcionando n\u00e3o apenas al\u00edvio tribut\u00e1rio, mas tamb\u00e9m simplificando a burocracia para os pequenos empreendedores que ainda n\u00e3o atingiram o teto de faturamento do Microempreendedor Individual (MEI).<\/p>\n<p>Os nanoempreendedores, definidos como pessoas f\u00edsicas que faturam at\u00e9 R$ 40.000 anualmente, n\u00e3o s\u00e3o considerados contribuintes do Imposto sobre Bens e Servi\u00e7os (IBS) e da Contribui\u00e7\u00e3o sobre Bens e Servi\u00e7os (CBS). Este reconhecimento \u00e9 crucial, pois permite que mais cidad\u00e3os se legalizem e empreendam sem a carga excessiva de obriga\u00e7\u00f5es fiscais. A medida pode servir como um incentivo \u00e0 formaliza\u00e7\u00e3o de neg\u00f3cios, contribuindo para o aumento da mobilidade financeira e a gera\u00e7\u00e3o de empregos locais.<\/p>\n<p>Al\u00e9m das isen\u00e7\u00f5es fiscais, o projeto prev\u00ea que esses empreendedores ter\u00e3o acesso priorizado a programas de capacita\u00e7\u00e3o e linhas de microcr\u00e9ditos, o que pode potencialmente melhorar a qualidade dos servi\u00e7os e produtos que oferecem, estimulando o com\u00e9rcio local. Essa capacita\u00e7\u00e3o, aliada a uma estrutura mais acess\u00edvel para cr\u00e9dito, pode impulsionar a economia de regi\u00f5es que dependem de pequenos neg\u00f3cios, gerando um ciclo positivo de desenvolvimento.<\/p>\n<p>Outro aspecto importante \u00e9 o est\u00edmulo \u00e0 inclus\u00e3o social, especialmente para mulheres em situa\u00e7\u00f5es vulner\u00e1veis. A possibilidade dessas mulheres terem acesso a programas de capacita\u00e7\u00e3o e microcr\u00e9dito pode n\u00e3o apenas impactar suas vidas, mas tamb\u00e9m transformar suas comunidades, criando um ambiente mais din\u00e2mico e diversificado economicamente.<\/p>\n<p>Ademais, a proposta do PL 4.398 tamb\u00e9m sugere uma s\u00e9rie de iniciativas que visam a inclus\u00e3o digital e apoio aos idosos, refletindo uma preocupa\u00e7\u00e3o em integrar todos os segmentos da popula\u00e7\u00e3o ao mundo digital e \u00e0 economia formal. Essa inclus\u00e3o pode levar a uma mobilidade mais justa, onde todos t\u00eam a oportunidade de participar ativamente do mercado, fomentando a diversidade e a inova\u00e7\u00e3o.<\/p>\n<p>Em um contexto mais amplo, a simplifica\u00e7\u00e3o das obriga\u00e7\u00f5es para nanoempreendedores pode reduzir a carga burocr\u00e1tica de modo geral, permitindo que mais pessoas se concentrem no desenvolvimento de suas atividades e na melhoria de seus servi\u00e7os. Isso pode resultar numa mobilidade mais eficiente em termos de recursos, com um fluxo mais din\u00e2mico de produtos e servi\u00e7os na economia.<\/p>\n<p>A discuss\u00e3o desse projeto \u00e9, portanto, um passo importante para fortalecer a base econ\u00f4mica do pa\u00eds, proporcionando n\u00e3o s\u00f3 um al\u00edvio financeiro, mas tamb\u00e9m promovendo uma rede de apoio aos pequenos empreendedores e contribuindo para uma mobilidade mais assertiva e inclusiva.<\/p>\n<p><em>Fonte: reformatributaria<\/em><\/p>\n","protected":false},"excerpt":{"rendered":"<p>Projeto prev\u00ea que nanoempreendedor seja identificado com CPF e isento de emiss\u00e3o de nota fiscal Por Gabriel Benevides, de Bras\u00edlia A Comiss\u00e3o de Ind\u00fastria, Com\u00e9rcio e Servi\u00e7os da C\u00e2mara dos Deputados est\u00e1 prestes a discutir um projeto de lei que visa identificar os nanoempreendedores por meio do CPF, al\u00e9m de isent\u00e1-los de certas obriga\u00e7\u00f5es fiscais. &hellip;<\/p>\n","protected":false},"author":4,"featured_media":7330,"comment_status":"","ping_status":"open","sticky":false,"template":"","format":"standard","meta":{"footnotes":""},"categories":[35],"tags":[],"coauthors":[42],"class_list":["post-9215","post","type-post","status-publish","format-standard","has-post-thumbnail","hentry","category-legislacao"],"yoast_head":"<!-- This site is optimized with the Yoast SEO Premium plugin v25.5 (Yoast SEO v27.5) - https:\/\/yoast.com\/product\/yoast-seo-premium-wordpress\/ -->\n<title>Projeto prop\u00f5e identifica\u00e7\u00e3o de nanoempreendedores pelo CPF, sem nota fiscal. - Motorista.com.br<\/title>\n<meta name=\"robots\" content=\"index, follow, max-snippet:-1, max-image-preview:large, max-video-preview:-1\" \/>\n<link rel=\"canonical\" href=\"https:\/\/motorista.com.br\/noticias\/2026\/04\/27\/projeto-propoe-identificacao-de-nanoempreendedores-pelo-cpf-sem-nota-fiscal\/\" \/>\n<meta property=\"og:locale\" content=\"pt_BR\" \/>\n<meta property=\"og:type\" content=\"article\" \/>\n<meta property=\"og:title\" content=\"Projeto prop\u00f5e identifica\u00e7\u00e3o de nanoempreendedores pelo CPF, sem nota fiscal.\" \/>\n<meta property=\"og:description\" content=\"Projeto prev\u00ea que nanoempreendedor seja identificado com CPF e isento de emiss\u00e3o de nota fiscal Por Gabriel Benevides, de Bras\u00edlia A Comiss\u00e3o de Ind\u00fastria, Com\u00e9rcio e Servi\u00e7os da C\u00e2mara dos Deputados est\u00e1 prestes a discutir um projeto de lei que visa identificar os nanoempreendedores por meio do CPF, al\u00e9m de isent\u00e1-los de certas obriga\u00e7\u00f5es fiscais. &hellip;\" \/>\n<meta property=\"og:url\" content=\"https:\/\/motorista.com.br\/noticias\/2026\/04\/27\/projeto-propoe-identificacao-de-nanoempreendedores-pelo-cpf-sem-nota-fiscal\/\" \/>\n<meta property=\"og:site_name\" content=\"Motorista.com.br\" \/>\n<meta property=\"article:published_time\" content=\"2026-04-27T15:31:31+00:00\" \/>\n<meta name=\"author\" content=\"Equipe Reda\u00e7\u00e3o\" \/>\n<meta name=\"twitter:card\" content=\"summary_large_image\" \/>\n<meta name=\"twitter:label1\" content=\"Escrito por\" \/>\n\t<meta name=\"twitter:data1\" content=\"Equipe Reda\u00e7\u00e3o\" \/>\n\t<meta name=\"twitter:label2\" content=\"Est. tempo de leitura\" \/>\n\t<meta name=\"twitter:data2\" content=\"3 minutos\" \/>\n\t<meta name=\"twitter:label3\" content=\"Written by\" \/>\n\t<meta name=\"twitter:data3\" content=\"Equipe Reda\u00e7\u00e3o\" \/>\n<script type=\"application\/ld+json\" class=\"yoast-schema-graph\">{\"@context\":\"https:\\\/\\\/schema.org\",\"@graph\":[{\"@type\":\"Article\",\"@id\":\"https:\\\/\\\/motorista.com.br\\\/noticias\\\/2026\\\/04\\\/27\\\/projeto-propoe-identificacao-de-nanoempreendedores-pelo-cpf-sem-nota-fiscal\\\/#article\",\"isPartOf\":{\"@id\":\"https:\\\/\\\/motorista.com.br\\\/noticias\\\/2026\\\/04\\\/27\\\/projeto-propoe-identificacao-de-nanoempreendedores-pelo-cpf-sem-nota-fiscal\\\/\"},\"author\":{\"name\":\"Equipe Reda\u00e7\u00e3o\",\"@id\":\"https:\\\/\\\/motorista.com.br\\\/noticias\\\/#\\\/schema\\\/person\\\/dc93afc2981c0e3ce6bc3c053fd847be\"},\"headline\":\"Projeto prop\u00f5e identifica\u00e7\u00e3o de nanoempreendedores pelo CPF, sem nota fiscal.\",\"datePublished\":\"2026-04-27T15:31:31+00:00\",\"mainEntityOfPage\":{\"@id\":\"https:\\\/\\\/motorista.com.br\\\/noticias\\\/2026\\\/04\\\/27\\\/projeto-propoe-identificacao-de-nanoempreendedores-pelo-cpf-sem-nota-fiscal\\\/\"},\"wordCount\":522,\"publisher\":{\"@id\":\"https:\\\/\\\/motorista.com.br\\\/noticias\\\/#organization\"},\"image\":{\"@id\":\"https:\\\/\\\/motorista.com.br\\\/noticias\\\/2026\\\/04\\\/27\\\/projeto-propoe-identificacao-de-nanoempreendedores-pelo-cpf-sem-nota-fiscal\\\/#primaryimage\"},\"thumbnailUrl\":\"https:\\\/\\\/motorista.com.br\\\/noticias\\\/wp-content\\\/uploads\\\/2026\\\/02\\\/congresso-nacional.jpg\",\"articleSection\":[\"Legisla\u00e7\u00e3o\"],\"inLanguage\":\"pt-BR\"},{\"@type\":\"WebPage\",\"@id\":\"https:\\\/\\\/motorista.com.br\\\/noticias\\\/2026\\\/04\\\/27\\\/projeto-propoe-identificacao-de-nanoempreendedores-pelo-cpf-sem-nota-fiscal\\\/\",\"url\":\"https:\\\/\\\/motorista.com.br\\\/noticias\\\/2026\\\/04\\\/27\\\/projeto-propoe-identificacao-de-nanoempreendedores-pelo-cpf-sem-nota-fiscal\\\/\",\"name\":\"Projeto prop\u00f5e identifica\u00e7\u00e3o de nanoempreendedores pelo CPF, sem nota fiscal. - Motorista.com.br\",\"isPartOf\":{\"@id\":\"https:\\\/\\\/motorista.com.br\\\/noticias\\\/#website\"},\"primaryImageOfPage\":{\"@id\":\"https:\\\/\\\/motorista.com.br\\\/noticias\\\/2026\\\/04\\\/27\\\/projeto-propoe-identificacao-de-nanoempreendedores-pelo-cpf-sem-nota-fiscal\\\/#primaryimage\"},\"image\":{\"@id\":\"https:\\\/\\\/motorista.com.br\\\/noticias\\\/2026\\\/04\\\/27\\\/projeto-propoe-identificacao-de-nanoempreendedores-pelo-cpf-sem-nota-fiscal\\\/#primaryimage\"},\"thumbnailUrl\":\"https:\\\/\\\/motorista.com.br\\\/noticias\\\/wp-content\\\/uploads\\\/2026\\\/02\\\/congresso-nacional.jpg\",\"datePublished\":\"2026-04-27T15:31:31+00:00\",\"breadcrumb\":{\"@id\":\"https:\\\/\\\/motorista.com.br\\\/noticias\\\/2026\\\/04\\\/27\\\/projeto-propoe-identificacao-de-nanoempreendedores-pelo-cpf-sem-nota-fiscal\\\/#breadcrumb\"},\"inLanguage\":\"pt-BR\",\"potentialAction\":[{\"@type\":\"ReadAction\",\"target\":[\"https:\\\/\\\/motorista.com.br\\\/noticias\\\/2026\\\/04\\\/27\\\/projeto-propoe-identificacao-de-nanoempreendedores-pelo-cpf-sem-nota-fiscal\\\/\"]}]},{\"@type\":\"ImageObject\",\"inLanguage\":\"pt-BR\",\"@id\":\"https:\\\/\\\/motorista.com.br\\\/noticias\\\/2026\\\/04\\\/27\\\/projeto-propoe-identificacao-de-nanoempreendedores-pelo-cpf-sem-nota-fiscal\\\/#primaryimage\",\"url\":\"https:\\\/\\\/motorista.com.br\\\/noticias\\\/wp-content\\\/uploads\\\/2026\\\/02\\\/congresso-nacional.jpg\",\"contentUrl\":\"https:\\\/\\\/motorista.com.br\\\/noticias\\\/wp-content\\\/uploads\\\/2026\\\/02\\\/congresso-nacional.jpg\",\"width\":2005,\"height\":1314},{\"@type\":\"BreadcrumbList\",\"@id\":\"https:\\\/\\\/motorista.com.br\\\/noticias\\\/2026\\\/04\\\/27\\\/projeto-propoe-identificacao-de-nanoempreendedores-pelo-cpf-sem-nota-fiscal\\\/#breadcrumb\",\"itemListElement\":[{\"@type\":\"ListItem\",\"position\":1,\"name\":\"In\u00edcio\",\"item\":\"https:\\\/\\\/motorista.com.br\\\/noticias\\\/\"},{\"@type\":\"ListItem\",\"position\":2,\"name\":\"Projeto prop\u00f5e identifica\u00e7\u00e3o de nanoempreendedores pelo CPF, sem nota fiscal.\"}]},{\"@type\":\"WebSite\",\"@id\":\"https:\\\/\\\/motorista.com.br\\\/noticias\\\/#website\",\"url\":\"https:\\\/\\\/motorista.com.br\\\/noticias\\\/\",\"name\":\"Motorista.com.br\",\"description\":\"Not\u00edcia do Motorista\",\"publisher\":{\"@id\":\"https:\\\/\\\/motorista.com.br\\\/noticias\\\/#organization\"},\"potentialAction\":[{\"@type\":\"SearchAction\",\"target\":{\"@type\":\"EntryPoint\",\"urlTemplate\":\"https:\\\/\\\/motorista.com.br\\\/noticias\\\/?s={search_term_string}\"},\"query-input\":{\"@type\":\"PropertyValueSpecification\",\"valueRequired\":true,\"valueName\":\"search_term_string\"}}],\"inLanguage\":\"pt-BR\"},{\"@type\":\"Organization\",\"@id\":\"https:\\\/\\\/motorista.com.br\\\/noticias\\\/#organization\",\"name\":\"Motorista.com.br\",\"url\":\"https:\\\/\\\/motorista.com.br\\\/noticias\\\/\",\"logo\":{\"@type\":\"ImageObject\",\"inLanguage\":\"pt-BR\",\"@id\":\"https:\\\/\\\/motorista.com.br\\\/noticias\\\/#\\\/schema\\\/logo\\\/image\\\/\",\"url\":\"https:\\\/\\\/motorista.com.br\\\/noticias\\\/wp-content\\\/uploads\\\/2025\\\/06\\\/Design-sem-nome-9.png\",\"contentUrl\":\"https:\\\/\\\/motorista.com.br\\\/noticias\\\/wp-content\\\/uploads\\\/2025\\\/06\\\/Design-sem-nome-9.png\",\"width\":150,\"height\":85,\"caption\":\"Motorista.com.br\"},\"image\":{\"@id\":\"https:\\\/\\\/motorista.com.br\\\/noticias\\\/#\\\/schema\\\/logo\\\/image\\\/\"}},{\"@type\":\"Person\",\"@id\":\"https:\\\/\\\/motorista.com.br\\\/noticias\\\/#\\\/schema\\\/person\\\/dc93afc2981c0e3ce6bc3c053fd847be\",\"name\":\"Equipe Reda\u00e7\u00e3o\",\"image\":{\"@type\":\"ImageObject\",\"inLanguage\":\"pt-BR\",\"@id\":\"https:\\\/\\\/secure.gravatar.com\\\/avatar\\\/4f525efbf18dd2bb300ccad28bfb99d95a9465a5ba268407c8c37b37e1f28d2d?s=96&d=mm&r=g9e099043a0c61e9ae27e293b9fa75ffc\",\"url\":\"https:\\\/\\\/secure.gravatar.com\\\/avatar\\\/4f525efbf18dd2bb300ccad28bfb99d95a9465a5ba268407c8c37b37e1f28d2d?s=96&d=mm&r=g\",\"contentUrl\":\"https:\\\/\\\/secure.gravatar.com\\\/avatar\\\/4f525efbf18dd2bb300ccad28bfb99d95a9465a5ba268407c8c37b37e1f28d2d?s=96&d=mm&r=g\",\"caption\":\"Equipe Reda\u00e7\u00e3o\"},\"description\":\"Equipe de reda\u00e7\u00e3o \u00e9 um grupo de profissionais que trabalham juntos para criar conte\u00fado escrito para Motorista.com.br\",\"url\":\"https:\\\/\\\/motorista.com.br\\\/noticias\\\/author\\\/equiperedacao\\\/\"}]}<\/script>\n<!-- \/ Yoast SEO Premium plugin. -->","yoast_head_json":{"title":"Projeto prop\u00f5e identifica\u00e7\u00e3o de nanoempreendedores pelo CPF, sem nota fiscal. - Motorista.com.br","robots":{"index":"index","follow":"follow","max-snippet":"max-snippet:-1","max-image-preview":"max-image-preview:large","max-video-preview":"max-video-preview:-1"},"canonical":"https:\/\/motorista.com.br\/noticias\/2026\/04\/27\/projeto-propoe-identificacao-de-nanoempreendedores-pelo-cpf-sem-nota-fiscal\/","og_locale":"pt_BR","og_type":"article","og_title":"Projeto prop\u00f5e identifica\u00e7\u00e3o de nanoempreendedores pelo CPF, sem nota fiscal.","og_description":"Projeto prev\u00ea que nanoempreendedor seja identificado com CPF e isento de emiss\u00e3o de nota fiscal Por Gabriel Benevides, de Bras\u00edlia A Comiss\u00e3o de Ind\u00fastria, Com\u00e9rcio e Servi\u00e7os da C\u00e2mara dos Deputados est\u00e1 prestes a discutir um projeto de lei que visa identificar os nanoempreendedores por meio do CPF, al\u00e9m de isent\u00e1-los de certas obriga\u00e7\u00f5es fiscais. &hellip;","og_url":"https:\/\/motorista.com.br\/noticias\/2026\/04\/27\/projeto-propoe-identificacao-de-nanoempreendedores-pelo-cpf-sem-nota-fiscal\/","og_site_name":"Motorista.com.br","article_published_time":"2026-04-27T15:31:31+00:00","author":"Equipe Reda\u00e7\u00e3o","twitter_card":"summary_large_image","twitter_misc":{"Escrito por":"Equipe Reda\u00e7\u00e3o","Est. tempo de leitura":"3 minutos","Written by":"Equipe Reda\u00e7\u00e3o"},"schema":{"@context":"https:\/\/schema.org","@graph":[{"@type":"Article","@id":"https:\/\/motorista.com.br\/noticias\/2026\/04\/27\/projeto-propoe-identificacao-de-nanoempreendedores-pelo-cpf-sem-nota-fiscal\/#article","isPartOf":{"@id":"https:\/\/motorista.com.br\/noticias\/2026\/04\/27\/projeto-propoe-identificacao-de-nanoempreendedores-pelo-cpf-sem-nota-fiscal\/"},"author":{"name":"Equipe Reda\u00e7\u00e3o","@id":"https:\/\/motorista.com.br\/noticias\/#\/schema\/person\/dc93afc2981c0e3ce6bc3c053fd847be"},"headline":"Projeto prop\u00f5e identifica\u00e7\u00e3o de nanoempreendedores pelo CPF, sem nota fiscal.","datePublished":"2026-04-27T15:31:31+00:00","mainEntityOfPage":{"@id":"https:\/\/motorista.com.br\/noticias\/2026\/04\/27\/projeto-propoe-identificacao-de-nanoempreendedores-pelo-cpf-sem-nota-fiscal\/"},"wordCount":522,"publisher":{"@id":"https:\/\/motorista.com.br\/noticias\/#organization"},"image":{"@id":"https:\/\/motorista.com.br\/noticias\/2026\/04\/27\/projeto-propoe-identificacao-de-nanoempreendedores-pelo-cpf-sem-nota-fiscal\/#primaryimage"},"thumbnailUrl":"https:\/\/motorista.com.br\/noticias\/wp-content\/uploads\/2026\/02\/congresso-nacional.jpg","articleSection":["Legisla\u00e7\u00e3o"],"inLanguage":"pt-BR"},{"@type":"WebPage","@id":"https:\/\/motorista.com.br\/noticias\/2026\/04\/27\/projeto-propoe-identificacao-de-nanoempreendedores-pelo-cpf-sem-nota-fiscal\/","url":"https:\/\/motorista.com.br\/noticias\/2026\/04\/27\/projeto-propoe-identificacao-de-nanoempreendedores-pelo-cpf-sem-nota-fiscal\/","name":"Projeto prop\u00f5e identifica\u00e7\u00e3o de nanoempreendedores pelo CPF, sem nota fiscal. - Motorista.com.br","isPartOf":{"@id":"https:\/\/motorista.com.br\/noticias\/#website"},"primaryImageOfPage":{"@id":"https:\/\/motorista.com.br\/noticias\/2026\/04\/27\/projeto-propoe-identificacao-de-nanoempreendedores-pelo-cpf-sem-nota-fiscal\/#primaryimage"},"image":{"@id":"https:\/\/motorista.com.br\/noticias\/2026\/04\/27\/projeto-propoe-identificacao-de-nanoempreendedores-pelo-cpf-sem-nota-fiscal\/#primaryimage"},"thumbnailUrl":"https:\/\/motorista.com.br\/noticias\/wp-content\/uploads\/2026\/02\/congresso-nacional.jpg","datePublished":"2026-04-27T15:31:31+00:00","breadcrumb":{"@id":"https:\/\/motorista.com.br\/noticias\/2026\/04\/27\/projeto-propoe-identificacao-de-nanoempreendedores-pelo-cpf-sem-nota-fiscal\/#breadcrumb"},"inLanguage":"pt-BR","potentialAction":[{"@type":"ReadAction","target":["https:\/\/motorista.com.br\/noticias\/2026\/04\/27\/projeto-propoe-identificacao-de-nanoempreendedores-pelo-cpf-sem-nota-fiscal\/"]}]},{"@type":"ImageObject","inLanguage":"pt-BR","@id":"https:\/\/motorista.com.br\/noticias\/2026\/04\/27\/projeto-propoe-identificacao-de-nanoempreendedores-pelo-cpf-sem-nota-fiscal\/#primaryimage","url":"https:\/\/motorista.com.br\/noticias\/wp-content\/uploads\/2026\/02\/congresso-nacional.jpg","contentUrl":"https:\/\/motorista.com.br\/noticias\/wp-content\/uploads\/2026\/02\/congresso-nacional.jpg","width":2005,"height":1314},{"@type":"BreadcrumbList","@id":"https:\/\/motorista.com.br\/noticias\/2026\/04\/27\/projeto-propoe-identificacao-de-nanoempreendedores-pelo-cpf-sem-nota-fiscal\/#breadcrumb","itemListElement":[{"@type":"ListItem","position":1,"name":"In\u00edcio","item":"https:\/\/motorista.com.br\/noticias\/"},{"@type":"ListItem","position":2,"name":"Projeto prop\u00f5e identifica\u00e7\u00e3o de nanoempreendedores pelo CPF, sem nota fiscal."}]},{"@type":"WebSite","@id":"https:\/\/motorista.com.br\/noticias\/#website","url":"https:\/\/motorista.com.br\/noticias\/","name":"Motorista.com.br","description":"Not\u00edcia do Motorista","publisher":{"@id":"https:\/\/motorista.com.br\/noticias\/#organization"},"potentialAction":[{"@type":"SearchAction","target":{"@type":"EntryPoint","urlTemplate":"https:\/\/motorista.com.br\/noticias\/?s={search_term_string}"},"query-input":{"@type":"PropertyValueSpecification","valueRequired":true,"valueName":"search_term_string"}}],"inLanguage":"pt-BR"},{"@type":"Organization","@id":"https:\/\/motorista.com.br\/noticias\/#organization","name":"Motorista.com.br","url":"https:\/\/motorista.com.br\/noticias\/","logo":{"@type":"ImageObject","inLanguage":"pt-BR","@id":"https:\/\/motorista.com.br\/noticias\/#\/schema\/logo\/image\/","url":"https:\/\/motorista.com.br\/noticias\/wp-content\/uploads\/2025\/06\/Design-sem-nome-9.png","contentUrl":"https:\/\/motorista.com.br\/noticias\/wp-content\/uploads\/2025\/06\/Design-sem-nome-9.png","width":150,"height":85,"caption":"Motorista.com.br"},"image":{"@id":"https:\/\/motorista.com.br\/noticias\/#\/schema\/logo\/image\/"}},{"@type":"Person","@id":"https:\/\/motorista.com.br\/noticias\/#\/schema\/person\/dc93afc2981c0e3ce6bc3c053fd847be","name":"Equipe Reda\u00e7\u00e3o","image":{"@type":"ImageObject","inLanguage":"pt-BR","@id":"https:\/\/secure.gravatar.com\/avatar\/4f525efbf18dd2bb300ccad28bfb99d95a9465a5ba268407c8c37b37e1f28d2d?s=96&d=mm&r=g9e099043a0c61e9ae27e293b9fa75ffc","url":"https:\/\/secure.gravatar.com\/avatar\/4f525efbf18dd2bb300ccad28bfb99d95a9465a5ba268407c8c37b37e1f28d2d?s=96&d=mm&r=g","contentUrl":"https:\/\/secure.gravatar.com\/avatar\/4f525efbf18dd2bb300ccad28bfb99d95a9465a5ba268407c8c37b37e1f28d2d?s=96&d=mm&r=g","caption":"Equipe Reda\u00e7\u00e3o"},"description":"Equipe de reda\u00e7\u00e3o \u00e9 um grupo de profissionais que trabalham juntos para criar conte\u00fado escrito para Motorista.com.br","url":"https:\/\/motorista.com.br\/noticias\/author\/equiperedacao\/"}]}},"_links":{"self":[{"href":"https:\/\/motorista.com.br\/noticias\/wp-json\/wp\/v2\/posts\/9215","targetHints":{"allow":["GET"]}}],"collection":[{"href":"https:\/\/motorista.com.br\/noticias\/wp-json\/wp\/v2\/posts"}],"about":[{"href":"https:\/\/motorista.com.br\/noticias\/wp-json\/wp\/v2\/types\/post"}],"author":[{"embeddable":true,"href":"https:\/\/motorista.com.br\/noticias\/wp-json\/wp\/v2\/users\/4"}],"replies":[{"embeddable":true,"href":"https:\/\/motorista.com.br\/noticias\/wp-json\/wp\/v2\/comments?post=9215"}],"version-history":[{"count":0,"href":"https:\/\/motorista.com.br\/noticias\/wp-json\/wp\/v2\/posts\/9215\/revisions"}],"wp:featuredmedia":[{"embeddable":true,"href":"https:\/\/motorista.com.br\/noticias\/wp-json\/wp\/v2\/media\/7330"}],"wp:attachment":[{"href":"https:\/\/motorista.com.br\/noticias\/wp-json\/wp\/v2\/media?parent=9215"}],"wp:term":[{"taxonomy":"category","embeddable":true,"href":"https:\/\/motorista.com.br\/noticias\/wp-json\/wp\/v2\/categories?post=9215"},{"taxonomy":"post_tag","embeddable":true,"href":"https:\/\/motorista.com.br\/noticias\/wp-json\/wp\/v2\/tags?post=9215"},{"taxonomy":"author","embeddable":true,"href":"https:\/\/motorista.com.br\/noticias\/wp-json\/wp\/v2\/coauthors?post=9215"}],"curies":[{"name":"wp","href":"https:\/\/api.w.org\/{rel}","templated":true}]}}