{"id":9210,"date":"2026-04-27T08:54:24","date_gmt":"2026-04-27T11:54:24","guid":{"rendered":"https:\/\/motorista.com.br\/noticias\/2026\/04\/27\/tuft-customservice-lanca-volvo-fh-aero-de-design-ousado-na-noruega\/"},"modified":"2026-04-27T08:54:24","modified_gmt":"2026-04-27T11:54:24","slug":"tuft-customservice-lanca-volvo-fh-aero-de-design-ousado-na-noruega","status":"publish","type":"post","link":"https:\/\/motorista.com.br\/noticias\/2026\/04\/27\/tuft-customservice-lanca-volvo-fh-aero-de-design-ousado-na-noruega\/","title":{"rendered":"Tuft CustomService lan\u00e7a Volvo FH Aero de design ousado na Noruega."},"content":{"rendered":"<p><\/p>\n<h3>Tuft CustomService Apresenta Vers\u00e3o Bicuda do Volvo FH Aero na Noruega<\/h3>\n<p>O Volvo FH Aero, lan\u00e7ado em janeiro de 2024, representa um avan\u00e7o significativo em aerodin\u00e2mica na Europa. Com uma dianteira mais alongada, este modelo reduz o consumo de combust\u00edvel em at\u00e9 5%, o que \u00e9 um feito consider\u00e1vel em um momento em que os custos de opera\u00e7\u00e3o se tornam cada vez mais relevantes para os motoristas e transportadoras.<\/p>\n<p>Recentemente, a empresa norueguesa Tuft CustomService revelou sua vers\u00e3o modificada do caminh\u00e3o, conhecida como &quot;bicuda&quot;, na qual a cabine foi reposicionada atr\u00e1s do motor. Essa altera\u00e7\u00e3o n\u00e3o s\u00f3 desafia os padr\u00f5es convencionais de design, mas tamb\u00e9m tem implica\u00e7\u00f5es pr\u00e1ticas importantes para a mobilidade e efici\u00eancia do transporte de carga.<\/p>\n<h3>Benef\u00edcios das Modifica\u00e7\u00f5es<\/h3>\n<p>Essa nova configura\u00e7\u00e3o do Volvo FH Aero tem o potencial de otimizar a distribui\u00e7\u00e3o de peso e melhorar a estabilidade do ve\u00edculo, uma caracter\u00edstica crucial durante a condu\u00e7\u00e3o em rodovias e em estradas sinuosas. Al\u00e9m disso, a modifica\u00e7\u00e3o pode contribuir para a seguran\u00e7a no tr\u00e2nsito, pois um chassi mais equilibrado pode resultar em melhor manobrabilidade, reduzindo o risco de acidentes.<\/p>\n<p>Outro fator importante \u00e9 o impacto na efici\u00eancia do combust\u00edvel. Ao aprimorar ainda mais a aerodin\u00e2mica do ve\u00edculo, a vers\u00e3o bicuda do FH Aero pode possibilitar uma economia adicional de combust\u00edvel, beneficiando diretamente os motoristas que buscam reduzir suas despesas operacionais.<\/p>\n<h3>Desafios da Implementa\u00e7\u00e3o<\/h3>\n<p>Entretanto, \u00e9 preciso considerar os desafios que surgem com tais modifica\u00e7\u00f5es. O reposicionamento da cabine exige ajustes significativos em componentes como chicotes el\u00e9tricos e barras de dire\u00e7\u00e3o, o que pode aumentar os custos e o tempo de manuten\u00e7\u00e3o. A especializa\u00e7\u00e3o da Tuft CustomService nesse tipo de projeto \u00e9 um ponto positivo, pois indica um compromisso com a qualidade e a seguran\u00e7a.<\/p>\n<h3>Conclus\u00e3o<\/h3>\n<p>Al\u00e9m de suas caracter\u00edsticas t\u00e9cnicas, essa vers\u00e3o do Volvo FH Aero simboliza uma evolu\u00e7\u00e3o na maneira como vemos o transporte rodovi\u00e1rio. Os motoristas e as empresas de log\u00edstica podem se beneficiar de inova\u00e7\u00f5es que n\u00e3o apenas economizam recursos financeiros, mas tamb\u00e9m promovem uma mobilidade mais segura e eficiente.<\/p>\n<p>Assim, a adapta\u00e7\u00e3o do Volvo FH Aero pela Tuft CustomService pode ser um marco para o futuro dos caminh\u00f5es na Europa e, quem sabe, no restante do mundo, refletindo um compromisso com a inova\u00e7\u00e3o e a sustentabilidade no setor de transporte.<\/p>\n","protected":false},"excerpt":{"rendered":"<p>Tuft CustomService Apresenta Vers\u00e3o Bicuda do Volvo FH Aero na Noruega O Volvo FH Aero, lan\u00e7ado em janeiro de 2024, representa um avan\u00e7o significativo em aerodin\u00e2mica na Europa. Com uma dianteira mais alongada, este modelo reduz o consumo de combust\u00edvel em at\u00e9 5%, o que \u00e9 um feito consider\u00e1vel em um momento em que os &hellip;<\/p>\n","protected":false},"author":4,"featured_media":9211,"comment_status":"","ping_status":"open","sticky":false,"template":"","format":"standard","meta":{"footnotes":""},"categories":[78,77],"tags":[],"coauthors":[42],"class_list":["post-9210","post","type-post","status-publish","format-standard","has-post-thumbnail","hentry","category-carreteiro","category-motorista"],"yoast_head":"<!-- This site is optimized with the Yoast SEO Premium plugin v25.5 (Yoast SEO v27.5) - https:\/\/yoast.com\/product\/yoast-seo-premium-wordpress\/ -->\n<title>Tuft CustomService lan\u00e7a Volvo FH Aero de design ousado na Noruega. - Motorista.com.br<\/title>\n<meta name=\"robots\" content=\"index, follow, max-snippet:-1, max-image-preview:large, max-video-preview:-1\" \/>\n<link rel=\"canonical\" href=\"https:\/\/motorista.com.br\/noticias\/2026\/04\/27\/tuft-customservice-lanca-volvo-fh-aero-de-design-ousado-na-noruega\/\" \/>\n<meta property=\"og:locale\" content=\"pt_BR\" \/>\n<meta property=\"og:type\" content=\"article\" \/>\n<meta property=\"og:title\" content=\"Tuft CustomService lan\u00e7a Volvo FH Aero de design ousado na Noruega.\" \/>\n<meta property=\"og:description\" content=\"Tuft CustomService Apresenta Vers\u00e3o Bicuda do Volvo FH Aero na Noruega O Volvo FH Aero, lan\u00e7ado em janeiro de 2024, representa um avan\u00e7o significativo em aerodin\u00e2mica na Europa. Com uma dianteira mais alongada, este modelo reduz o consumo de combust\u00edvel em at\u00e9 5%, o que \u00e9 um feito consider\u00e1vel em um momento em que os &hellip;\" \/>\n<meta property=\"og:url\" content=\"https:\/\/motorista.com.br\/noticias\/2026\/04\/27\/tuft-customservice-lanca-volvo-fh-aero-de-design-ousado-na-noruega\/\" \/>\n<meta property=\"og:site_name\" content=\"Motorista.com.br\" \/>\n<meta property=\"article:published_time\" content=\"2026-04-27T11:54:24+00:00\" \/>\n<meta name=\"author\" content=\"Equipe Reda\u00e7\u00e3o\" \/>\n<meta name=\"twitter:card\" content=\"summary_large_image\" \/>\n<meta name=\"twitter:label1\" content=\"Escrito por\" \/>\n\t<meta name=\"twitter:data1\" content=\"Equipe Reda\u00e7\u00e3o\" \/>\n\t<meta name=\"twitter:label2\" content=\"Est. tempo de leitura\" \/>\n\t<meta name=\"twitter:data2\" content=\"2 minutos\" \/>\n\t<meta name=\"twitter:label3\" content=\"Written by\" \/>\n\t<meta name=\"twitter:data3\" content=\"Equipe Reda\u00e7\u00e3o\" \/>\n<script type=\"application\/ld+json\" class=\"yoast-schema-graph\">{\"@context\":\"https:\\\/\\\/schema.org\",\"@graph\":[{\"@type\":\"Article\",\"@id\":\"https:\\\/\\\/motorista.com.br\\\/noticias\\\/2026\\\/04\\\/27\\\/tuft-customservice-lanca-volvo-fh-aero-de-design-ousado-na-noruega\\\/#article\",\"isPartOf\":{\"@id\":\"https:\\\/\\\/motorista.com.br\\\/noticias\\\/2026\\\/04\\\/27\\\/tuft-customservice-lanca-volvo-fh-aero-de-design-ousado-na-noruega\\\/\"},\"author\":{\"name\":\"Equipe Reda\u00e7\u00e3o\",\"@id\":\"https:\\\/\\\/motorista.com.br\\\/noticias\\\/#\\\/schema\\\/person\\\/dc93afc2981c0e3ce6bc3c053fd847be\"},\"headline\":\"Tuft CustomService lan\u00e7a Volvo FH Aero de design ousado na Noruega.\",\"datePublished\":\"2026-04-27T11:54:24+00:00\",\"mainEntityOfPage\":{\"@id\":\"https:\\\/\\\/motorista.com.br\\\/noticias\\\/2026\\\/04\\\/27\\\/tuft-customservice-lanca-volvo-fh-aero-de-design-ousado-na-noruega\\\/\"},\"wordCount\":439,\"publisher\":{\"@id\":\"https:\\\/\\\/motorista.com.br\\\/noticias\\\/#organization\"},\"image\":{\"@id\":\"https:\\\/\\\/motorista.com.br\\\/noticias\\\/2026\\\/04\\\/27\\\/tuft-customservice-lanca-volvo-fh-aero-de-design-ousado-na-noruega\\\/#primaryimage\"},\"thumbnailUrl\":\"https:\\\/\\\/motorista.com.br\\\/noticias\\\/wp-content\\\/uploads\\\/2026\\\/04\\\/Tuft-CustomService-3.jpg\",\"articleSection\":[\"Carreteiro\",\"Motorista\"],\"inLanguage\":\"pt-BR\"},{\"@type\":\"WebPage\",\"@id\":\"https:\\\/\\\/motorista.com.br\\\/noticias\\\/2026\\\/04\\\/27\\\/tuft-customservice-lanca-volvo-fh-aero-de-design-ousado-na-noruega\\\/\",\"url\":\"https:\\\/\\\/motorista.com.br\\\/noticias\\\/2026\\\/04\\\/27\\\/tuft-customservice-lanca-volvo-fh-aero-de-design-ousado-na-noruega\\\/\",\"name\":\"Tuft CustomService lan\u00e7a Volvo FH Aero de design ousado na Noruega. - Motorista.com.br\",\"isPartOf\":{\"@id\":\"https:\\\/\\\/motorista.com.br\\\/noticias\\\/#website\"},\"primaryImageOfPage\":{\"@id\":\"https:\\\/\\\/motorista.com.br\\\/noticias\\\/2026\\\/04\\\/27\\\/tuft-customservice-lanca-volvo-fh-aero-de-design-ousado-na-noruega\\\/#primaryimage\"},\"image\":{\"@id\":\"https:\\\/\\\/motorista.com.br\\\/noticias\\\/2026\\\/04\\\/27\\\/tuft-customservice-lanca-volvo-fh-aero-de-design-ousado-na-noruega\\\/#primaryimage\"},\"thumbnailUrl\":\"https:\\\/\\\/motorista.com.br\\\/noticias\\\/wp-content\\\/uploads\\\/2026\\\/04\\\/Tuft-CustomService-3.jpg\",\"datePublished\":\"2026-04-27T11:54:24+00:00\",\"breadcrumb\":{\"@id\":\"https:\\\/\\\/motorista.com.br\\\/noticias\\\/2026\\\/04\\\/27\\\/tuft-customservice-lanca-volvo-fh-aero-de-design-ousado-na-noruega\\\/#breadcrumb\"},\"inLanguage\":\"pt-BR\",\"potentialAction\":[{\"@type\":\"ReadAction\",\"target\":[\"https:\\\/\\\/motorista.com.br\\\/noticias\\\/2026\\\/04\\\/27\\\/tuft-customservice-lanca-volvo-fh-aero-de-design-ousado-na-noruega\\\/\"]}]},{\"@type\":\"ImageObject\",\"inLanguage\":\"pt-BR\",\"@id\":\"https:\\\/\\\/motorista.com.br\\\/noticias\\\/2026\\\/04\\\/27\\\/tuft-customservice-lanca-volvo-fh-aero-de-design-ousado-na-noruega\\\/#primaryimage\",\"url\":\"https:\\\/\\\/motorista.com.br\\\/noticias\\\/wp-content\\\/uploads\\\/2026\\\/04\\\/Tuft-CustomService-3.jpg\",\"contentUrl\":\"https:\\\/\\\/motorista.com.br\\\/noticias\\\/wp-content\\\/uploads\\\/2026\\\/04\\\/Tuft-CustomService-3.jpg\",\"width\":1200,\"height\":800},{\"@type\":\"BreadcrumbList\",\"@id\":\"https:\\\/\\\/motorista.com.br\\\/noticias\\\/2026\\\/04\\\/27\\\/tuft-customservice-lanca-volvo-fh-aero-de-design-ousado-na-noruega\\\/#breadcrumb\",\"itemListElement\":[{\"@type\":\"ListItem\",\"position\":1,\"name\":\"In\u00edcio\",\"item\":\"https:\\\/\\\/motorista.com.br\\\/noticias\\\/\"},{\"@type\":\"ListItem\",\"position\":2,\"name\":\"Tuft CustomService lan\u00e7a Volvo FH Aero de design ousado na Noruega.\"}]},{\"@type\":\"WebSite\",\"@id\":\"https:\\\/\\\/motorista.com.br\\\/noticias\\\/#website\",\"url\":\"https:\\\/\\\/motorista.com.br\\\/noticias\\\/\",\"name\":\"Motorista.com.br\",\"description\":\"Not\u00edcia do Motorista\",\"publisher\":{\"@id\":\"https:\\\/\\\/motorista.com.br\\\/noticias\\\/#organization\"},\"potentialAction\":[{\"@type\":\"SearchAction\",\"target\":{\"@type\":\"EntryPoint\",\"urlTemplate\":\"https:\\\/\\\/motorista.com.br\\\/noticias\\\/?s={search_term_string}\"},\"query-input\":{\"@type\":\"PropertyValueSpecification\",\"valueRequired\":true,\"valueName\":\"search_term_string\"}}],\"inLanguage\":\"pt-BR\"},{\"@type\":\"Organization\",\"@id\":\"https:\\\/\\\/motorista.com.br\\\/noticias\\\/#organization\",\"name\":\"Motorista.com.br\",\"url\":\"https:\\\/\\\/motorista.com.br\\\/noticias\\\/\",\"logo\":{\"@type\":\"ImageObject\",\"inLanguage\":\"pt-BR\",\"@id\":\"https:\\\/\\\/motorista.com.br\\\/noticias\\\/#\\\/schema\\\/logo\\\/image\\\/\",\"url\":\"https:\\\/\\\/motorista.com.br\\\/noticias\\\/wp-content\\\/uploads\\\/2025\\\/06\\\/Design-sem-nome-9.png\",\"contentUrl\":\"https:\\\/\\\/motorista.com.br\\\/noticias\\\/wp-content\\\/uploads\\\/2025\\\/06\\\/Design-sem-nome-9.png\",\"width\":150,\"height\":85,\"caption\":\"Motorista.com.br\"},\"image\":{\"@id\":\"https:\\\/\\\/motorista.com.br\\\/noticias\\\/#\\\/schema\\\/logo\\\/image\\\/\"}},{\"@type\":\"Person\",\"@id\":\"https:\\\/\\\/motorista.com.br\\\/noticias\\\/#\\\/schema\\\/person\\\/dc93afc2981c0e3ce6bc3c053fd847be\",\"name\":\"Equipe Reda\u00e7\u00e3o\",\"image\":{\"@type\":\"ImageObject\",\"inLanguage\":\"pt-BR\",\"@id\":\"https:\\\/\\\/secure.gravatar.com\\\/avatar\\\/4f525efbf18dd2bb300ccad28bfb99d95a9465a5ba268407c8c37b37e1f28d2d?s=96&d=mm&r=g9e099043a0c61e9ae27e293b9fa75ffc\",\"url\":\"https:\\\/\\\/secure.gravatar.com\\\/avatar\\\/4f525efbf18dd2bb300ccad28bfb99d95a9465a5ba268407c8c37b37e1f28d2d?s=96&d=mm&r=g\",\"contentUrl\":\"https:\\\/\\\/secure.gravatar.com\\\/avatar\\\/4f525efbf18dd2bb300ccad28bfb99d95a9465a5ba268407c8c37b37e1f28d2d?s=96&d=mm&r=g\",\"caption\":\"Equipe Reda\u00e7\u00e3o\"},\"description\":\"Equipe de reda\u00e7\u00e3o \u00e9 um grupo de profissionais que trabalham juntos para criar conte\u00fado escrito para Motorista.com.br\",\"url\":\"https:\\\/\\\/motorista.com.br\\\/noticias\\\/author\\\/equiperedacao\\\/\"}]}<\/script>\n<!-- \/ Yoast SEO Premium plugin. -->","yoast_head_json":{"title":"Tuft CustomService lan\u00e7a Volvo FH Aero de design ousado na Noruega. - Motorista.com.br","robots":{"index":"index","follow":"follow","max-snippet":"max-snippet:-1","max-image-preview":"max-image-preview:large","max-video-preview":"max-video-preview:-1"},"canonical":"https:\/\/motorista.com.br\/noticias\/2026\/04\/27\/tuft-customservice-lanca-volvo-fh-aero-de-design-ousado-na-noruega\/","og_locale":"pt_BR","og_type":"article","og_title":"Tuft CustomService lan\u00e7a Volvo FH Aero de design ousado na Noruega.","og_description":"Tuft CustomService Apresenta Vers\u00e3o Bicuda do Volvo FH Aero na Noruega O Volvo FH Aero, lan\u00e7ado em janeiro de 2024, representa um avan\u00e7o significativo em aerodin\u00e2mica na Europa. Com uma dianteira mais alongada, este modelo reduz o consumo de combust\u00edvel em at\u00e9 5%, o que \u00e9 um feito consider\u00e1vel em um momento em que os &hellip;","og_url":"https:\/\/motorista.com.br\/noticias\/2026\/04\/27\/tuft-customservice-lanca-volvo-fh-aero-de-design-ousado-na-noruega\/","og_site_name":"Motorista.com.br","article_published_time":"2026-04-27T11:54:24+00:00","author":"Equipe Reda\u00e7\u00e3o","twitter_card":"summary_large_image","twitter_misc":{"Escrito por":"Equipe Reda\u00e7\u00e3o","Est. tempo de leitura":"2 minutos","Written by":"Equipe Reda\u00e7\u00e3o"},"schema":{"@context":"https:\/\/schema.org","@graph":[{"@type":"Article","@id":"https:\/\/motorista.com.br\/noticias\/2026\/04\/27\/tuft-customservice-lanca-volvo-fh-aero-de-design-ousado-na-noruega\/#article","isPartOf":{"@id":"https:\/\/motorista.com.br\/noticias\/2026\/04\/27\/tuft-customservice-lanca-volvo-fh-aero-de-design-ousado-na-noruega\/"},"author":{"name":"Equipe Reda\u00e7\u00e3o","@id":"https:\/\/motorista.com.br\/noticias\/#\/schema\/person\/dc93afc2981c0e3ce6bc3c053fd847be"},"headline":"Tuft CustomService lan\u00e7a Volvo FH Aero de design ousado na Noruega.","datePublished":"2026-04-27T11:54:24+00:00","mainEntityOfPage":{"@id":"https:\/\/motorista.com.br\/noticias\/2026\/04\/27\/tuft-customservice-lanca-volvo-fh-aero-de-design-ousado-na-noruega\/"},"wordCount":439,"publisher":{"@id":"https:\/\/motorista.com.br\/noticias\/#organization"},"image":{"@id":"https:\/\/motorista.com.br\/noticias\/2026\/04\/27\/tuft-customservice-lanca-volvo-fh-aero-de-design-ousado-na-noruega\/#primaryimage"},"thumbnailUrl":"https:\/\/motorista.com.br\/noticias\/wp-content\/uploads\/2026\/04\/Tuft-CustomService-3.jpg","articleSection":["Carreteiro","Motorista"],"inLanguage":"pt-BR"},{"@type":"WebPage","@id":"https:\/\/motorista.com.br\/noticias\/2026\/04\/27\/tuft-customservice-lanca-volvo-fh-aero-de-design-ousado-na-noruega\/","url":"https:\/\/motorista.com.br\/noticias\/2026\/04\/27\/tuft-customservice-lanca-volvo-fh-aero-de-design-ousado-na-noruega\/","name":"Tuft CustomService lan\u00e7a Volvo FH Aero de design ousado na Noruega. - Motorista.com.br","isPartOf":{"@id":"https:\/\/motorista.com.br\/noticias\/#website"},"primaryImageOfPage":{"@id":"https:\/\/motorista.com.br\/noticias\/2026\/04\/27\/tuft-customservice-lanca-volvo-fh-aero-de-design-ousado-na-noruega\/#primaryimage"},"image":{"@id":"https:\/\/motorista.com.br\/noticias\/2026\/04\/27\/tuft-customservice-lanca-volvo-fh-aero-de-design-ousado-na-noruega\/#primaryimage"},"thumbnailUrl":"https:\/\/motorista.com.br\/noticias\/wp-content\/uploads\/2026\/04\/Tuft-CustomService-3.jpg","datePublished":"2026-04-27T11:54:24+00:00","breadcrumb":{"@id":"https:\/\/motorista.com.br\/noticias\/2026\/04\/27\/tuft-customservice-lanca-volvo-fh-aero-de-design-ousado-na-noruega\/#breadcrumb"},"inLanguage":"pt-BR","potentialAction":[{"@type":"ReadAction","target":["https:\/\/motorista.com.br\/noticias\/2026\/04\/27\/tuft-customservice-lanca-volvo-fh-aero-de-design-ousado-na-noruega\/"]}]},{"@type":"ImageObject","inLanguage":"pt-BR","@id":"https:\/\/motorista.com.br\/noticias\/2026\/04\/27\/tuft-customservice-lanca-volvo-fh-aero-de-design-ousado-na-noruega\/#primaryimage","url":"https:\/\/motorista.com.br\/noticias\/wp-content\/uploads\/2026\/04\/Tuft-CustomService-3.jpg","contentUrl":"https:\/\/motorista.com.br\/noticias\/wp-content\/uploads\/2026\/04\/Tuft-CustomService-3.jpg","width":1200,"height":800},{"@type":"BreadcrumbList","@id":"https:\/\/motorista.com.br\/noticias\/2026\/04\/27\/tuft-customservice-lanca-volvo-fh-aero-de-design-ousado-na-noruega\/#breadcrumb","itemListElement":[{"@type":"ListItem","position":1,"name":"In\u00edcio","item":"https:\/\/motorista.com.br\/noticias\/"},{"@type":"ListItem","position":2,"name":"Tuft CustomService lan\u00e7a Volvo FH Aero de design ousado na Noruega."}]},{"@type":"WebSite","@id":"https:\/\/motorista.com.br\/noticias\/#website","url":"https:\/\/motorista.com.br\/noticias\/","name":"Motorista.com.br","description":"Not\u00edcia do Motorista","publisher":{"@id":"https:\/\/motorista.com.br\/noticias\/#organization"},"potentialAction":[{"@type":"SearchAction","target":{"@type":"EntryPoint","urlTemplate":"https:\/\/motorista.com.br\/noticias\/?s={search_term_string}"},"query-input":{"@type":"PropertyValueSpecification","valueRequired":true,"valueName":"search_term_string"}}],"inLanguage":"pt-BR"},{"@type":"Organization","@id":"https:\/\/motorista.com.br\/noticias\/#organization","name":"Motorista.com.br","url":"https:\/\/motorista.com.br\/noticias\/","logo":{"@type":"ImageObject","inLanguage":"pt-BR","@id":"https:\/\/motorista.com.br\/noticias\/#\/schema\/logo\/image\/","url":"https:\/\/motorista.com.br\/noticias\/wp-content\/uploads\/2025\/06\/Design-sem-nome-9.png","contentUrl":"https:\/\/motorista.com.br\/noticias\/wp-content\/uploads\/2025\/06\/Design-sem-nome-9.png","width":150,"height":85,"caption":"Motorista.com.br"},"image":{"@id":"https:\/\/motorista.com.br\/noticias\/#\/schema\/logo\/image\/"}},{"@type":"Person","@id":"https:\/\/motorista.com.br\/noticias\/#\/schema\/person\/dc93afc2981c0e3ce6bc3c053fd847be","name":"Equipe Reda\u00e7\u00e3o","image":{"@type":"ImageObject","inLanguage":"pt-BR","@id":"https:\/\/secure.gravatar.com\/avatar\/4f525efbf18dd2bb300ccad28bfb99d95a9465a5ba268407c8c37b37e1f28d2d?s=96&d=mm&r=g9e099043a0c61e9ae27e293b9fa75ffc","url":"https:\/\/secure.gravatar.com\/avatar\/4f525efbf18dd2bb300ccad28bfb99d95a9465a5ba268407c8c37b37e1f28d2d?s=96&d=mm&r=g","contentUrl":"https:\/\/secure.gravatar.com\/avatar\/4f525efbf18dd2bb300ccad28bfb99d95a9465a5ba268407c8c37b37e1f28d2d?s=96&d=mm&r=g","caption":"Equipe Reda\u00e7\u00e3o"},"description":"Equipe de reda\u00e7\u00e3o \u00e9 um grupo de profissionais que trabalham juntos para criar conte\u00fado escrito para Motorista.com.br","url":"https:\/\/motorista.com.br\/noticias\/author\/equiperedacao\/"}]}},"_links":{"self":[{"href":"https:\/\/motorista.com.br\/noticias\/wp-json\/wp\/v2\/posts\/9210","targetHints":{"allow":["GET"]}}],"collection":[{"href":"https:\/\/motorista.com.br\/noticias\/wp-json\/wp\/v2\/posts"}],"about":[{"href":"https:\/\/motorista.com.br\/noticias\/wp-json\/wp\/v2\/types\/post"}],"author":[{"embeddable":true,"href":"https:\/\/motorista.com.br\/noticias\/wp-json\/wp\/v2\/users\/4"}],"replies":[{"embeddable":true,"href":"https:\/\/motorista.com.br\/noticias\/wp-json\/wp\/v2\/comments?post=9210"}],"version-history":[{"count":0,"href":"https:\/\/motorista.com.br\/noticias\/wp-json\/wp\/v2\/posts\/9210\/revisions"}],"wp:featuredmedia":[{"embeddable":true,"href":"https:\/\/motorista.com.br\/noticias\/wp-json\/wp\/v2\/media\/9211"}],"wp:attachment":[{"href":"https:\/\/motorista.com.br\/noticias\/wp-json\/wp\/v2\/media?parent=9210"}],"wp:term":[{"taxonomy":"category","embeddable":true,"href":"https:\/\/motorista.com.br\/noticias\/wp-json\/wp\/v2\/categories?post=9210"},{"taxonomy":"post_tag","embeddable":true,"href":"https:\/\/motorista.com.br\/noticias\/wp-json\/wp\/v2\/tags?post=9210"},{"taxonomy":"author","embeddable":true,"href":"https:\/\/motorista.com.br\/noticias\/wp-json\/wp\/v2\/coauthors?post=9210"}],"curies":[{"name":"wp","href":"https:\/\/api.w.org\/{rel}","templated":true}]}}