{"id":9208,"date":"2026-04-27T08:09:06","date_gmt":"2026-04-27T11:09:06","guid":{"rendered":"https:\/\/motorista.com.br\/noticias\/2026\/04\/27\/obras-em-rodovias-federais-somam-r-400-bi-em-tres-anos\/"},"modified":"2026-04-27T08:09:06","modified_gmt":"2026-04-27T11:09:06","slug":"obras-em-rodovias-federais-somam-r-400-bi-em-tres-anos","status":"publish","type":"post","link":"https:\/\/motorista.com.br\/noticias\/2026\/04\/27\/obras-em-rodovias-federais-somam-r-400-bi-em-tres-anos\/","title":{"rendered":"Obras em rodovias federais somam R$ 400 bi em tr\u00eas anos."},"content":{"rendered":"<p><\/p>\n<h3>Carteira de Obras em Rodovias Federais Chega a R$ 400 Bilh\u00f5es em Tr\u00eas Anos<\/h3>\n<p>Nos \u00faltimos tr\u00eas anos, o cen\u00e1rio de concess\u00f5es rodovi\u00e1rias no Brasil passou por uma transforma\u00e7\u00e3o significativa. A nova &quot;Carteira de Projetos de Concess\u00f5es Rodovi\u00e1rias&quot; apresenta n\u00fameros impressionantes, com previs\u00e3o de investimentos que chegam a R$ 400 bilh\u00f5es at\u00e9 2029. Esse impulso financeiro n\u00e3o \u00e9 apenas um dado econ\u00f4mico; tem um impacto direto na mobilidade e na vida dos motoristas brasileiros.<\/p>\n<p>O crescimento no n\u00famero de leil\u00f5es, que saltou de praticamente nenhum para 14 em tr\u00eas anos, representa n\u00e3o apenas um aumento de investimentos, mas tamb\u00e9m a revitaliza\u00e7\u00e3o de uma infraestrutura rodovi\u00e1ria que vinha sendo negligenciada. Em 2022, apenas 11,2 mil quil\u00f4metros de malha federal estavam concedidos, com muitas obras paralisadas. A expectativa de alcan\u00e7ar 21 mil quil\u00f4metros em 2025 mostra um comprometimento em transformar a malha vi\u00e1ria nacional.<\/p>\n<p>Esse novo direcionamento promete trazer benef\u00edcios diretos para os motoristas, como a redu\u00e7\u00e3o do tempo de viagem e o aumento na seguran\u00e7a nas rodovias. Com a melhoria da qualidade das estradas, espera-se uma diminui\u00e7\u00e3o nos acidentes, al\u00e9m de um aumento na efici\u00eancia do transporte de carga, relacionado diretamente ao crescimento econ\u00f4mico. A necessidade de um sistema rodovi\u00e1rio eficiente nunca foi t\u00e3o urgente, e esses investimentos s\u00e3o fundamentais para garantir que o Brasil possa sustentar seu crescimento.<\/p>\n<p>As mudan\u00e7as regulat\u00f3rias tamb\u00e9m s\u00e3o um ponto vital neste novo ciclo. Com a cria\u00e7\u00e3o de diretrizes mais claras e a padroniza\u00e7\u00e3o dos contratos, os motoristas poder\u00e3o perceber uma maior transpar\u00eancia no processo de concess\u00e3o. Essa clareza melhora a confian\u00e7a no sistema, incentivando a participa\u00e7\u00e3o de novas empresas e, consequentemente, a inova\u00e7\u00e3o no setor.<\/p>\n<p>Do ponto de vista dos motoristas, a revigora\u00e7\u00e3o das rodovias federais se traduz em um cotidiano mais seguro e eficiente. A crescente quantidade de obras tem o potencial de minimizar congestionamentos e melhorar os acessos entre regi\u00f5es, facilitando deslocamentos tanto pessoais quanto comerciais. Al\u00e9m disso, um sistema rodovi\u00e1rio robusto \u00e9 sin\u00f4nimo de desenvolvimento econ\u00f4mico regional, que cria novas oportunidades de emprego e atrai investimentos.<\/p>\n<p>Por fim, a alian\u00e7a entre o aumento do capital privado e a inova\u00e7\u00e3o nas concess\u00f5es rodovi\u00e1rias promete n\u00e3o s\u00f3 revitalizar a infraestrutura j\u00e1 existente, mas tamb\u00e9m construir um futuro mais sustent\u00e1vel para a mobilidade no Brasil. A expectativa de retorno para os motoristas \u00e9 clara: mais estradas de qualidade, menos acidentes e um ambiente de viagem que respeita as necessidades de todos que utilizam as vias. Assim, esses investimentos se mostram n\u00e3o apenas uma necessidade, mas uma oportunidade inestim\u00e1vel para transformar a realidade da mobilidade no pa\u00eds.<\/p>\n","protected":false},"excerpt":{"rendered":"<p>Carteira de Obras em Rodovias Federais Chega a R$ 400 Bilh\u00f5es em Tr\u00eas Anos Nos \u00faltimos tr\u00eas anos, o cen\u00e1rio de concess\u00f5es rodovi\u00e1rias no Brasil passou por uma transforma\u00e7\u00e3o significativa. A nova &quot;Carteira de Projetos de Concess\u00f5es Rodovi\u00e1rias&quot; apresenta n\u00fameros impressionantes, com previs\u00e3o de investimentos que chegam a R$ 400 bilh\u00f5es at\u00e9 2029. Esse impulso &hellip;<\/p>\n","protected":false},"author":4,"featured_media":9209,"comment_status":"","ping_status":"open","sticky":false,"template":"","format":"standard","meta":{"footnotes":""},"categories":[45],"tags":[],"coauthors":[42],"class_list":["post-9208","post","type-post","status-publish","format-standard","has-post-thumbnail","hentry","category-mundo"],"yoast_head":"<!-- This site is optimized with the Yoast SEO Premium plugin v25.5 (Yoast SEO v27.5) - https:\/\/yoast.com\/product\/yoast-seo-premium-wordpress\/ -->\n<title>Obras em rodovias federais somam R$ 400 bi em tr\u00eas anos. - Motorista.com.br<\/title>\n<meta name=\"robots\" content=\"index, follow, max-snippet:-1, max-image-preview:large, max-video-preview:-1\" \/>\n<link rel=\"canonical\" href=\"https:\/\/motorista.com.br\/noticias\/2026\/04\/27\/obras-em-rodovias-federais-somam-r-400-bi-em-tres-anos\/\" \/>\n<meta property=\"og:locale\" content=\"pt_BR\" \/>\n<meta property=\"og:type\" content=\"article\" \/>\n<meta property=\"og:title\" content=\"Obras em rodovias federais somam R$ 400 bi em tr\u00eas anos.\" \/>\n<meta property=\"og:description\" content=\"Carteira de Obras em Rodovias Federais Chega a R$ 400 Bilh\u00f5es em Tr\u00eas Anos Nos \u00faltimos tr\u00eas anos, o cen\u00e1rio de concess\u00f5es rodovi\u00e1rias no Brasil passou por uma transforma\u00e7\u00e3o significativa. A nova &quot;Carteira de Projetos de Concess\u00f5es Rodovi\u00e1rias&quot; apresenta n\u00fameros impressionantes, com previs\u00e3o de investimentos que chegam a R$ 400 bilh\u00f5es at\u00e9 2029. Esse impulso &hellip;\" \/>\n<meta property=\"og:url\" content=\"https:\/\/motorista.com.br\/noticias\/2026\/04\/27\/obras-em-rodovias-federais-somam-r-400-bi-em-tres-anos\/\" \/>\n<meta property=\"og:site_name\" content=\"Motorista.com.br\" \/>\n<meta property=\"article:published_time\" content=\"2026-04-27T11:09:06+00:00\" \/>\n<meta name=\"author\" content=\"Equipe Reda\u00e7\u00e3o\" \/>\n<meta name=\"twitter:card\" content=\"summary_large_image\" \/>\n<meta name=\"twitter:label1\" content=\"Escrito por\" \/>\n\t<meta name=\"twitter:data1\" content=\"Equipe Reda\u00e7\u00e3o\" \/>\n\t<meta name=\"twitter:label2\" content=\"Est. tempo de leitura\" \/>\n\t<meta name=\"twitter:data2\" content=\"2 minutos\" \/>\n\t<meta name=\"twitter:label3\" content=\"Written by\" \/>\n\t<meta name=\"twitter:data3\" content=\"Equipe Reda\u00e7\u00e3o\" \/>\n<script type=\"application\/ld+json\" class=\"yoast-schema-graph\">{\"@context\":\"https:\\\/\\\/schema.org\",\"@graph\":[{\"@type\":\"Article\",\"@id\":\"https:\\\/\\\/motorista.com.br\\\/noticias\\\/2026\\\/04\\\/27\\\/obras-em-rodovias-federais-somam-r-400-bi-em-tres-anos\\\/#article\",\"isPartOf\":{\"@id\":\"https:\\\/\\\/motorista.com.br\\\/noticias\\\/2026\\\/04\\\/27\\\/obras-em-rodovias-federais-somam-r-400-bi-em-tres-anos\\\/\"},\"author\":{\"name\":\"Equipe Reda\u00e7\u00e3o\",\"@id\":\"https:\\\/\\\/motorista.com.br\\\/noticias\\\/#\\\/schema\\\/person\\\/dc93afc2981c0e3ce6bc3c053fd847be\"},\"headline\":\"Obras em rodovias federais somam R$ 400 bi em tr\u00eas anos.\",\"datePublished\":\"2026-04-27T11:09:06+00:00\",\"mainEntityOfPage\":{\"@id\":\"https:\\\/\\\/motorista.com.br\\\/noticias\\\/2026\\\/04\\\/27\\\/obras-em-rodovias-federais-somam-r-400-bi-em-tres-anos\\\/\"},\"wordCount\":487,\"publisher\":{\"@id\":\"https:\\\/\\\/motorista.com.br\\\/noticias\\\/#organization\"},\"image\":{\"@id\":\"https:\\\/\\\/motorista.com.br\\\/noticias\\\/2026\\\/04\\\/27\\\/obras-em-rodovias-federais-somam-r-400-bi-em-tres-anos\\\/#primaryimage\"},\"thumbnailUrl\":\"https:\\\/\\\/motorista.com.br\\\/noticias\\\/wp-content\\\/uploads\\\/2026\\\/04\\\/viviane_esse-foto-michel_corvello-ministerio-transportes.jpg\",\"articleSection\":[\"Mundo\"],\"inLanguage\":\"pt-BR\"},{\"@type\":\"WebPage\",\"@id\":\"https:\\\/\\\/motorista.com.br\\\/noticias\\\/2026\\\/04\\\/27\\\/obras-em-rodovias-federais-somam-r-400-bi-em-tres-anos\\\/\",\"url\":\"https:\\\/\\\/motorista.com.br\\\/noticias\\\/2026\\\/04\\\/27\\\/obras-em-rodovias-federais-somam-r-400-bi-em-tres-anos\\\/\",\"name\":\"Obras em rodovias federais somam R$ 400 bi em tr\u00eas anos. - Motorista.com.br\",\"isPartOf\":{\"@id\":\"https:\\\/\\\/motorista.com.br\\\/noticias\\\/#website\"},\"primaryImageOfPage\":{\"@id\":\"https:\\\/\\\/motorista.com.br\\\/noticias\\\/2026\\\/04\\\/27\\\/obras-em-rodovias-federais-somam-r-400-bi-em-tres-anos\\\/#primaryimage\"},\"image\":{\"@id\":\"https:\\\/\\\/motorista.com.br\\\/noticias\\\/2026\\\/04\\\/27\\\/obras-em-rodovias-federais-somam-r-400-bi-em-tres-anos\\\/#primaryimage\"},\"thumbnailUrl\":\"https:\\\/\\\/motorista.com.br\\\/noticias\\\/wp-content\\\/uploads\\\/2026\\\/04\\\/viviane_esse-foto-michel_corvello-ministerio-transportes.jpg\",\"datePublished\":\"2026-04-27T11:09:06+00:00\",\"breadcrumb\":{\"@id\":\"https:\\\/\\\/motorista.com.br\\\/noticias\\\/2026\\\/04\\\/27\\\/obras-em-rodovias-federais-somam-r-400-bi-em-tres-anos\\\/#breadcrumb\"},\"inLanguage\":\"pt-BR\",\"potentialAction\":[{\"@type\":\"ReadAction\",\"target\":[\"https:\\\/\\\/motorista.com.br\\\/noticias\\\/2026\\\/04\\\/27\\\/obras-em-rodovias-federais-somam-r-400-bi-em-tres-anos\\\/\"]}]},{\"@type\":\"ImageObject\",\"inLanguage\":\"pt-BR\",\"@id\":\"https:\\\/\\\/motorista.com.br\\\/noticias\\\/2026\\\/04\\\/27\\\/obras-em-rodovias-federais-somam-r-400-bi-em-tres-anos\\\/#primaryimage\",\"url\":\"https:\\\/\\\/motorista.com.br\\\/noticias\\\/wp-content\\\/uploads\\\/2026\\\/04\\\/viviane_esse-foto-michel_corvello-ministerio-transportes.jpg\",\"contentUrl\":\"https:\\\/\\\/motorista.com.br\\\/noticias\\\/wp-content\\\/uploads\\\/2026\\\/04\\\/viviane_esse-foto-michel_corvello-ministerio-transportes.jpg\",\"width\":1280,\"height\":795},{\"@type\":\"BreadcrumbList\",\"@id\":\"https:\\\/\\\/motorista.com.br\\\/noticias\\\/2026\\\/04\\\/27\\\/obras-em-rodovias-federais-somam-r-400-bi-em-tres-anos\\\/#breadcrumb\",\"itemListElement\":[{\"@type\":\"ListItem\",\"position\":1,\"name\":\"In\u00edcio\",\"item\":\"https:\\\/\\\/motorista.com.br\\\/noticias\\\/\"},{\"@type\":\"ListItem\",\"position\":2,\"name\":\"Obras em rodovias federais somam R$ 400 bi em tr\u00eas anos.\"}]},{\"@type\":\"WebSite\",\"@id\":\"https:\\\/\\\/motorista.com.br\\\/noticias\\\/#website\",\"url\":\"https:\\\/\\\/motorista.com.br\\\/noticias\\\/\",\"name\":\"Motorista.com.br\",\"description\":\"Not\u00edcia do Motorista\",\"publisher\":{\"@id\":\"https:\\\/\\\/motorista.com.br\\\/noticias\\\/#organization\"},\"potentialAction\":[{\"@type\":\"SearchAction\",\"target\":{\"@type\":\"EntryPoint\",\"urlTemplate\":\"https:\\\/\\\/motorista.com.br\\\/noticias\\\/?s={search_term_string}\"},\"query-input\":{\"@type\":\"PropertyValueSpecification\",\"valueRequired\":true,\"valueName\":\"search_term_string\"}}],\"inLanguage\":\"pt-BR\"},{\"@type\":\"Organization\",\"@id\":\"https:\\\/\\\/motorista.com.br\\\/noticias\\\/#organization\",\"name\":\"Motorista.com.br\",\"url\":\"https:\\\/\\\/motorista.com.br\\\/noticias\\\/\",\"logo\":{\"@type\":\"ImageObject\",\"inLanguage\":\"pt-BR\",\"@id\":\"https:\\\/\\\/motorista.com.br\\\/noticias\\\/#\\\/schema\\\/logo\\\/image\\\/\",\"url\":\"https:\\\/\\\/motorista.com.br\\\/noticias\\\/wp-content\\\/uploads\\\/2025\\\/06\\\/Design-sem-nome-9.png\",\"contentUrl\":\"https:\\\/\\\/motorista.com.br\\\/noticias\\\/wp-content\\\/uploads\\\/2025\\\/06\\\/Design-sem-nome-9.png\",\"width\":150,\"height\":85,\"caption\":\"Motorista.com.br\"},\"image\":{\"@id\":\"https:\\\/\\\/motorista.com.br\\\/noticias\\\/#\\\/schema\\\/logo\\\/image\\\/\"}},{\"@type\":\"Person\",\"@id\":\"https:\\\/\\\/motorista.com.br\\\/noticias\\\/#\\\/schema\\\/person\\\/dc93afc2981c0e3ce6bc3c053fd847be\",\"name\":\"Equipe Reda\u00e7\u00e3o\",\"image\":{\"@type\":\"ImageObject\",\"inLanguage\":\"pt-BR\",\"@id\":\"https:\\\/\\\/secure.gravatar.com\\\/avatar\\\/4f525efbf18dd2bb300ccad28bfb99d95a9465a5ba268407c8c37b37e1f28d2d?s=96&d=mm&r=g9e099043a0c61e9ae27e293b9fa75ffc\",\"url\":\"https:\\\/\\\/secure.gravatar.com\\\/avatar\\\/4f525efbf18dd2bb300ccad28bfb99d95a9465a5ba268407c8c37b37e1f28d2d?s=96&d=mm&r=g\",\"contentUrl\":\"https:\\\/\\\/secure.gravatar.com\\\/avatar\\\/4f525efbf18dd2bb300ccad28bfb99d95a9465a5ba268407c8c37b37e1f28d2d?s=96&d=mm&r=g\",\"caption\":\"Equipe Reda\u00e7\u00e3o\"},\"description\":\"Equipe de reda\u00e7\u00e3o \u00e9 um grupo de profissionais que trabalham juntos para criar conte\u00fado escrito para Motorista.com.br\",\"url\":\"https:\\\/\\\/motorista.com.br\\\/noticias\\\/author\\\/equiperedacao\\\/\"}]}<\/script>\n<!-- \/ Yoast SEO Premium plugin. -->","yoast_head_json":{"title":"Obras em rodovias federais somam R$ 400 bi em tr\u00eas anos. - Motorista.com.br","robots":{"index":"index","follow":"follow","max-snippet":"max-snippet:-1","max-image-preview":"max-image-preview:large","max-video-preview":"max-video-preview:-1"},"canonical":"https:\/\/motorista.com.br\/noticias\/2026\/04\/27\/obras-em-rodovias-federais-somam-r-400-bi-em-tres-anos\/","og_locale":"pt_BR","og_type":"article","og_title":"Obras em rodovias federais somam R$ 400 bi em tr\u00eas anos.","og_description":"Carteira de Obras em Rodovias Federais Chega a R$ 400 Bilh\u00f5es em Tr\u00eas Anos Nos \u00faltimos tr\u00eas anos, o cen\u00e1rio de concess\u00f5es rodovi\u00e1rias no Brasil passou por uma transforma\u00e7\u00e3o significativa. A nova &quot;Carteira de Projetos de Concess\u00f5es Rodovi\u00e1rias&quot; apresenta n\u00fameros impressionantes, com previs\u00e3o de investimentos que chegam a R$ 400 bilh\u00f5es at\u00e9 2029. Esse impulso &hellip;","og_url":"https:\/\/motorista.com.br\/noticias\/2026\/04\/27\/obras-em-rodovias-federais-somam-r-400-bi-em-tres-anos\/","og_site_name":"Motorista.com.br","article_published_time":"2026-04-27T11:09:06+00:00","author":"Equipe Reda\u00e7\u00e3o","twitter_card":"summary_large_image","twitter_misc":{"Escrito por":"Equipe Reda\u00e7\u00e3o","Est. tempo de leitura":"2 minutos","Written by":"Equipe Reda\u00e7\u00e3o"},"schema":{"@context":"https:\/\/schema.org","@graph":[{"@type":"Article","@id":"https:\/\/motorista.com.br\/noticias\/2026\/04\/27\/obras-em-rodovias-federais-somam-r-400-bi-em-tres-anos\/#article","isPartOf":{"@id":"https:\/\/motorista.com.br\/noticias\/2026\/04\/27\/obras-em-rodovias-federais-somam-r-400-bi-em-tres-anos\/"},"author":{"name":"Equipe Reda\u00e7\u00e3o","@id":"https:\/\/motorista.com.br\/noticias\/#\/schema\/person\/dc93afc2981c0e3ce6bc3c053fd847be"},"headline":"Obras em rodovias federais somam R$ 400 bi em tr\u00eas anos.","datePublished":"2026-04-27T11:09:06+00:00","mainEntityOfPage":{"@id":"https:\/\/motorista.com.br\/noticias\/2026\/04\/27\/obras-em-rodovias-federais-somam-r-400-bi-em-tres-anos\/"},"wordCount":487,"publisher":{"@id":"https:\/\/motorista.com.br\/noticias\/#organization"},"image":{"@id":"https:\/\/motorista.com.br\/noticias\/2026\/04\/27\/obras-em-rodovias-federais-somam-r-400-bi-em-tres-anos\/#primaryimage"},"thumbnailUrl":"https:\/\/motorista.com.br\/noticias\/wp-content\/uploads\/2026\/04\/viviane_esse-foto-michel_corvello-ministerio-transportes.jpg","articleSection":["Mundo"],"inLanguage":"pt-BR"},{"@type":"WebPage","@id":"https:\/\/motorista.com.br\/noticias\/2026\/04\/27\/obras-em-rodovias-federais-somam-r-400-bi-em-tres-anos\/","url":"https:\/\/motorista.com.br\/noticias\/2026\/04\/27\/obras-em-rodovias-federais-somam-r-400-bi-em-tres-anos\/","name":"Obras em rodovias federais somam R$ 400 bi em tr\u00eas anos. - Motorista.com.br","isPartOf":{"@id":"https:\/\/motorista.com.br\/noticias\/#website"},"primaryImageOfPage":{"@id":"https:\/\/motorista.com.br\/noticias\/2026\/04\/27\/obras-em-rodovias-federais-somam-r-400-bi-em-tres-anos\/#primaryimage"},"image":{"@id":"https:\/\/motorista.com.br\/noticias\/2026\/04\/27\/obras-em-rodovias-federais-somam-r-400-bi-em-tres-anos\/#primaryimage"},"thumbnailUrl":"https:\/\/motorista.com.br\/noticias\/wp-content\/uploads\/2026\/04\/viviane_esse-foto-michel_corvello-ministerio-transportes.jpg","datePublished":"2026-04-27T11:09:06+00:00","breadcrumb":{"@id":"https:\/\/motorista.com.br\/noticias\/2026\/04\/27\/obras-em-rodovias-federais-somam-r-400-bi-em-tres-anos\/#breadcrumb"},"inLanguage":"pt-BR","potentialAction":[{"@type":"ReadAction","target":["https:\/\/motorista.com.br\/noticias\/2026\/04\/27\/obras-em-rodovias-federais-somam-r-400-bi-em-tres-anos\/"]}]},{"@type":"ImageObject","inLanguage":"pt-BR","@id":"https:\/\/motorista.com.br\/noticias\/2026\/04\/27\/obras-em-rodovias-federais-somam-r-400-bi-em-tres-anos\/#primaryimage","url":"https:\/\/motorista.com.br\/noticias\/wp-content\/uploads\/2026\/04\/viviane_esse-foto-michel_corvello-ministerio-transportes.jpg","contentUrl":"https:\/\/motorista.com.br\/noticias\/wp-content\/uploads\/2026\/04\/viviane_esse-foto-michel_corvello-ministerio-transportes.jpg","width":1280,"height":795},{"@type":"BreadcrumbList","@id":"https:\/\/motorista.com.br\/noticias\/2026\/04\/27\/obras-em-rodovias-federais-somam-r-400-bi-em-tres-anos\/#breadcrumb","itemListElement":[{"@type":"ListItem","position":1,"name":"In\u00edcio","item":"https:\/\/motorista.com.br\/noticias\/"},{"@type":"ListItem","position":2,"name":"Obras em rodovias federais somam R$ 400 bi em tr\u00eas anos."}]},{"@type":"WebSite","@id":"https:\/\/motorista.com.br\/noticias\/#website","url":"https:\/\/motorista.com.br\/noticias\/","name":"Motorista.com.br","description":"Not\u00edcia do Motorista","publisher":{"@id":"https:\/\/motorista.com.br\/noticias\/#organization"},"potentialAction":[{"@type":"SearchAction","target":{"@type":"EntryPoint","urlTemplate":"https:\/\/motorista.com.br\/noticias\/?s={search_term_string}"},"query-input":{"@type":"PropertyValueSpecification","valueRequired":true,"valueName":"search_term_string"}}],"inLanguage":"pt-BR"},{"@type":"Organization","@id":"https:\/\/motorista.com.br\/noticias\/#organization","name":"Motorista.com.br","url":"https:\/\/motorista.com.br\/noticias\/","logo":{"@type":"ImageObject","inLanguage":"pt-BR","@id":"https:\/\/motorista.com.br\/noticias\/#\/schema\/logo\/image\/","url":"https:\/\/motorista.com.br\/noticias\/wp-content\/uploads\/2025\/06\/Design-sem-nome-9.png","contentUrl":"https:\/\/motorista.com.br\/noticias\/wp-content\/uploads\/2025\/06\/Design-sem-nome-9.png","width":150,"height":85,"caption":"Motorista.com.br"},"image":{"@id":"https:\/\/motorista.com.br\/noticias\/#\/schema\/logo\/image\/"}},{"@type":"Person","@id":"https:\/\/motorista.com.br\/noticias\/#\/schema\/person\/dc93afc2981c0e3ce6bc3c053fd847be","name":"Equipe Reda\u00e7\u00e3o","image":{"@type":"ImageObject","inLanguage":"pt-BR","@id":"https:\/\/secure.gravatar.com\/avatar\/4f525efbf18dd2bb300ccad28bfb99d95a9465a5ba268407c8c37b37e1f28d2d?s=96&d=mm&r=g9e099043a0c61e9ae27e293b9fa75ffc","url":"https:\/\/secure.gravatar.com\/avatar\/4f525efbf18dd2bb300ccad28bfb99d95a9465a5ba268407c8c37b37e1f28d2d?s=96&d=mm&r=g","contentUrl":"https:\/\/secure.gravatar.com\/avatar\/4f525efbf18dd2bb300ccad28bfb99d95a9465a5ba268407c8c37b37e1f28d2d?s=96&d=mm&r=g","caption":"Equipe Reda\u00e7\u00e3o"},"description":"Equipe de reda\u00e7\u00e3o \u00e9 um grupo de profissionais que trabalham juntos para criar conte\u00fado escrito para Motorista.com.br","url":"https:\/\/motorista.com.br\/noticias\/author\/equiperedacao\/"}]}},"_links":{"self":[{"href":"https:\/\/motorista.com.br\/noticias\/wp-json\/wp\/v2\/posts\/9208","targetHints":{"allow":["GET"]}}],"collection":[{"href":"https:\/\/motorista.com.br\/noticias\/wp-json\/wp\/v2\/posts"}],"about":[{"href":"https:\/\/motorista.com.br\/noticias\/wp-json\/wp\/v2\/types\/post"}],"author":[{"embeddable":true,"href":"https:\/\/motorista.com.br\/noticias\/wp-json\/wp\/v2\/users\/4"}],"replies":[{"embeddable":true,"href":"https:\/\/motorista.com.br\/noticias\/wp-json\/wp\/v2\/comments?post=9208"}],"version-history":[{"count":0,"href":"https:\/\/motorista.com.br\/noticias\/wp-json\/wp\/v2\/posts\/9208\/revisions"}],"wp:featuredmedia":[{"embeddable":true,"href":"https:\/\/motorista.com.br\/noticias\/wp-json\/wp\/v2\/media\/9209"}],"wp:attachment":[{"href":"https:\/\/motorista.com.br\/noticias\/wp-json\/wp\/v2\/media?parent=9208"}],"wp:term":[{"taxonomy":"category","embeddable":true,"href":"https:\/\/motorista.com.br\/noticias\/wp-json\/wp\/v2\/categories?post=9208"},{"taxonomy":"post_tag","embeddable":true,"href":"https:\/\/motorista.com.br\/noticias\/wp-json\/wp\/v2\/tags?post=9208"},{"taxonomy":"author","embeddable":true,"href":"https:\/\/motorista.com.br\/noticias\/wp-json\/wp\/v2\/coauthors?post=9208"}],"curies":[{"name":"wp","href":"https:\/\/api.w.org\/{rel}","templated":true}]}}