{"id":9206,"date":"2026-04-27T07:40:42","date_gmt":"2026-04-27T10:40:42","guid":{"rendered":"https:\/\/motorista.com.br\/noticias\/2026\/04\/27\/governo-anuncia-r-10-bilhoes-em-credito-para-impulsionar-investimentos-rurais\/"},"modified":"2026-04-27T07:40:42","modified_gmt":"2026-04-27T10:40:42","slug":"governo-anuncia-r-10-bilhoes-em-credito-para-impulsionar-investimentos-rurais","status":"publish","type":"post","link":"https:\/\/motorista.com.br\/noticias\/2026\/04\/27\/governo-anuncia-r-10-bilhoes-em-credito-para-impulsionar-investimentos-rurais\/","title":{"rendered":"Governo anuncia R$ 10 bilh\u00f5es em cr\u00e9dito para impulsionar investimentos rurais"},"content":{"rendered":"<p><\/p>\n<p>Na abertura da Agrishow, em Ribeir\u00e3o Preto (SP), o vice-presidente Geraldo Alckmin anunciou uma nova linha de R$ 10 bilh\u00f5es em cr\u00e9dito destinada \u00e0 moderniza\u00e7\u00e3o de m\u00e1quinas e implementos agr\u00edcolas, al\u00e9m de um programa de renegocia\u00e7\u00e3o de d\u00edvidas rurais. Essa iniciativa surge como uma resposta clara ao quadro de desinvestimento observado no campo, j\u00e1 sinalizado anteriormente.<\/p>\n<p>A nova linha, chamada Move Agricultura, adota o modelo de um programa similar lan\u00e7ado no in\u00edcio do ano para a renova\u00e7\u00e3o da frota de caminh\u00f5es, que esgotou seu or\u00e7amento rapidamente. Agora, o foco se volta para o campo, permitindo financiamento de tratores, colheitadeiras e implementos com condi\u00e7\u00f5es atrativas, incluindo juros mais baixos e acesso ampliado para cooperativas.<\/p>\n<p>Alckmin enfatizou que, em tr\u00eas semanas, o montante de R$ 10 bilh\u00f5es estar\u00e1 dispon\u00edvel com taxas favor\u00e1veis para modernizar o maquin\u00e1rio agr\u00edcola.<\/p>\n<h2>Cr\u00e9dito como resposta \u00e0 perda de tra\u00e7\u00e3o<\/h2>\n<p>A medida dialoga com a an\u00e1lise da Agrishow, que indicou um ambiente cauteloso entre os produtores rurais. Apesar de uma safra recorde e um bom desempenho nas exporta\u00e7\u00f5es, o setor enfrenta dificuldades de cr\u00e9dito, pressionado por juros altos e crescente endividamento.<\/p>\n<p>O an\u00fancio do governo busca desbloquear investimentos que estavam sendo adiados, especialmente na moderniza\u00e7\u00e3o de m\u00e1quinas, um ponto crucial para produtividade e para a cadeia da ind\u00fastria e transporte. Essa interdepend\u00eancia entre o agroneg\u00f3cio e o setor de ve\u00edculos comerciais \u00e9 clara: menos investimentos no campo resultam em menor demanda por caminh\u00f5es e servi\u00e7os log\u00edsticos, impactando diretamente a mobilidade e a efici\u00eancia do transporte.<\/p>\n<h2>Renegocia\u00e7\u00e3o de d\u00edvidas no radar<\/h2>\n<p>Al\u00e9m da nova linha de cr\u00e9dito, o governo est\u00e1 programando um Iniciativa de renegocia\u00e7\u00e3o de d\u00edvidas rurais, abrangendo tanto produtores inadimplentes quanto aqueles que est\u00e3o em dia. Essa a\u00e7\u00e3o \u00e9 essencial para restaurar a capacidade financeira dos agricultores, possibilitando a retomada dos investimentos necess\u00e1rios para inova\u00e7\u00e3o e moderniza\u00e7\u00e3o do sistema agr\u00edcola. No contexto atual, o endividamento crescente \u00e9 um dos principais obst\u00e1culos para a renova\u00e7\u00e3o da frota e a ado\u00e7\u00e3o de novas tecnologias.<\/p>\n<h2>Integra\u00e7\u00e3o entre agro, ind\u00fastria e inova\u00e7\u00e3o<\/h2>\n<p>A linha de cr\u00e9dito, gerida pela Finep, tem como foco estimular a inova\u00e7\u00e3o e o desenvolvimento tecnol\u00f3gico no setor agr\u00edcola. O acesso direto ao cr\u00e9dito por cooperativas promove uma pol\u00edtica mais abrangente e inclusiva. Destaca-se a import\u00e2ncia da mecaniza\u00e7\u00e3o na agricultura familiar e o potencial do acordo Mercosul-Uni\u00e3o Europeia para aumentar a competitividade do setor.<\/p>\n<h2>Momento paradoxal do agro<\/h2>\n<p>O an\u00fancio coincide com um per\u00edodo de forte crescimento do agroneg\u00f3cio brasileiro, que j\u00e1 abriu 600 novos mercados e projeta recordes na produ\u00e7\u00e3o de gr\u00e3os. No entanto, esse crescimento vem acompanhado de desafios significativos para manter o ciclo de investimentos. O pacote anunciado busca lidar exatamente com essa quest\u00e3o, unindo cr\u00e9dito subsidiado \u00e0 reestrutura\u00e7\u00e3o das d\u00edvidas. Essa combina\u00e7\u00e3o \u00e9 fundamental n\u00e3o apenas para o agroneg\u00f3cio, mas para toda a cadeia de transporte e log\u00edstica que dele depende.<\/p>\n<p>O impacto das medidas ser\u00e1 avaliado pela rapidez com que esses recursos chegar\u00e3o aos produtores e pela capacidade de reativar decis\u00f5es de compra, que at\u00e9 ent\u00e3o estavam em espera. Para os motoristas e para a mobilidade geral, a agilidade na implementa\u00e7\u00e3o dessas iniciativas \u00e9 crucial, pois determina a efici\u00eancia na distribui\u00e7\u00e3o de produtos e o fortalecimento da infraestrutura que apoia o fluxo de transporte no Brasil.<\/p>\n<p>Fonte: transportemoderno<\/p>\n","protected":false},"excerpt":{"rendered":"<p>Na abertura da Agrishow, em Ribeir\u00e3o Preto (SP), o vice-presidente Geraldo Alckmin anunciou uma nova linha de R$ 10 bilh\u00f5es em cr\u00e9dito destinada \u00e0 moderniza\u00e7\u00e3o de m\u00e1quinas e implementos agr\u00edcolas, al\u00e9m de um programa de renegocia\u00e7\u00e3o de d\u00edvidas rurais. Essa iniciativa surge como uma resposta clara ao quadro de desinvestimento observado no campo, j\u00e1 sinalizado &hellip;<\/p>\n","protected":false},"author":4,"featured_media":9207,"comment_status":"","ping_status":"open","sticky":false,"template":"","format":"standard","meta":{"footnotes":""},"categories":[62],"tags":[],"coauthors":[42],"class_list":["post-9206","post","type-post","status-publish","format-standard","has-post-thumbnail","hentry","category-logistica"],"yoast_head":"<!-- This site is optimized with the Yoast SEO Premium plugin v25.5 (Yoast SEO v27.5) - https:\/\/yoast.com\/product\/yoast-seo-premium-wordpress\/ -->\n<title>Governo anuncia R$ 10 bilh\u00f5es em cr\u00e9dito para impulsionar investimentos rurais - Motorista.com.br<\/title>\n<meta name=\"robots\" content=\"index, follow, max-snippet:-1, max-image-preview:large, max-video-preview:-1\" \/>\n<link rel=\"canonical\" href=\"https:\/\/motorista.com.br\/noticias\/2026\/04\/27\/governo-anuncia-r-10-bilhoes-em-credito-para-impulsionar-investimentos-rurais\/\" \/>\n<meta property=\"og:locale\" content=\"pt_BR\" \/>\n<meta property=\"og:type\" content=\"article\" \/>\n<meta property=\"og:title\" content=\"Governo anuncia R$ 10 bilh\u00f5es em cr\u00e9dito para impulsionar investimentos rurais\" \/>\n<meta property=\"og:description\" content=\"Na abertura da Agrishow, em Ribeir\u00e3o Preto (SP), o vice-presidente Geraldo Alckmin anunciou uma nova linha de R$ 10 bilh\u00f5es em cr\u00e9dito destinada \u00e0 moderniza\u00e7\u00e3o de m\u00e1quinas e implementos agr\u00edcolas, al\u00e9m de um programa de renegocia\u00e7\u00e3o de d\u00edvidas rurais. Essa iniciativa surge como uma resposta clara ao quadro de desinvestimento observado no campo, j\u00e1 sinalizado &hellip;\" \/>\n<meta property=\"og:url\" content=\"https:\/\/motorista.com.br\/noticias\/2026\/04\/27\/governo-anuncia-r-10-bilhoes-em-credito-para-impulsionar-investimentos-rurais\/\" \/>\n<meta property=\"og:site_name\" content=\"Motorista.com.br\" \/>\n<meta property=\"article:published_time\" content=\"2026-04-27T10:40:42+00:00\" \/>\n<meta name=\"author\" content=\"Equipe Reda\u00e7\u00e3o\" \/>\n<meta name=\"twitter:card\" content=\"summary_large_image\" \/>\n<meta name=\"twitter:label1\" content=\"Escrito por\" \/>\n\t<meta name=\"twitter:data1\" content=\"Equipe Reda\u00e7\u00e3o\" \/>\n\t<meta name=\"twitter:label2\" content=\"Est. tempo de leitura\" \/>\n\t<meta name=\"twitter:data2\" content=\"3 minutos\" \/>\n\t<meta name=\"twitter:label3\" content=\"Written by\" \/>\n\t<meta name=\"twitter:data3\" content=\"Equipe Reda\u00e7\u00e3o\" \/>\n<script type=\"application\/ld+json\" class=\"yoast-schema-graph\">{\"@context\":\"https:\\\/\\\/schema.org\",\"@graph\":[{\"@type\":\"Article\",\"@id\":\"https:\\\/\\\/motorista.com.br\\\/noticias\\\/2026\\\/04\\\/27\\\/governo-anuncia-r-10-bilhoes-em-credito-para-impulsionar-investimentos-rurais\\\/#article\",\"isPartOf\":{\"@id\":\"https:\\\/\\\/motorista.com.br\\\/noticias\\\/2026\\\/04\\\/27\\\/governo-anuncia-r-10-bilhoes-em-credito-para-impulsionar-investimentos-rurais\\\/\"},\"author\":{\"name\":\"Equipe Reda\u00e7\u00e3o\",\"@id\":\"https:\\\/\\\/motorista.com.br\\\/noticias\\\/#\\\/schema\\\/person\\\/dc93afc2981c0e3ce6bc3c053fd847be\"},\"headline\":\"Governo anuncia R$ 10 bilh\u00f5es em cr\u00e9dito para impulsionar investimentos rurais\",\"datePublished\":\"2026-04-27T10:40:42+00:00\",\"mainEntityOfPage\":{\"@id\":\"https:\\\/\\\/motorista.com.br\\\/noticias\\\/2026\\\/04\\\/27\\\/governo-anuncia-r-10-bilhoes-em-credito-para-impulsionar-investimentos-rurais\\\/\"},\"wordCount\":619,\"publisher\":{\"@id\":\"https:\\\/\\\/motorista.com.br\\\/noticias\\\/#organization\"},\"image\":{\"@id\":\"https:\\\/\\\/motorista.com.br\\\/noticias\\\/2026\\\/04\\\/27\\\/governo-anuncia-r-10-bilhoes-em-credito-para-impulsionar-investimentos-rurais\\\/#primaryimage\"},\"thumbnailUrl\":\"https:\\\/\\\/motorista.com.br\\\/noticias\\\/wp-content\\\/uploads\\\/2026\\\/04\\\/Agro.jpeg\",\"articleSection\":[\"Log\u00edstica\"],\"inLanguage\":\"pt-BR\"},{\"@type\":\"WebPage\",\"@id\":\"https:\\\/\\\/motorista.com.br\\\/noticias\\\/2026\\\/04\\\/27\\\/governo-anuncia-r-10-bilhoes-em-credito-para-impulsionar-investimentos-rurais\\\/\",\"url\":\"https:\\\/\\\/motorista.com.br\\\/noticias\\\/2026\\\/04\\\/27\\\/governo-anuncia-r-10-bilhoes-em-credito-para-impulsionar-investimentos-rurais\\\/\",\"name\":\"Governo anuncia R$ 10 bilh\u00f5es em cr\u00e9dito para impulsionar investimentos rurais - Motorista.com.br\",\"isPartOf\":{\"@id\":\"https:\\\/\\\/motorista.com.br\\\/noticias\\\/#website\"},\"primaryImageOfPage\":{\"@id\":\"https:\\\/\\\/motorista.com.br\\\/noticias\\\/2026\\\/04\\\/27\\\/governo-anuncia-r-10-bilhoes-em-credito-para-impulsionar-investimentos-rurais\\\/#primaryimage\"},\"image\":{\"@id\":\"https:\\\/\\\/motorista.com.br\\\/noticias\\\/2026\\\/04\\\/27\\\/governo-anuncia-r-10-bilhoes-em-credito-para-impulsionar-investimentos-rurais\\\/#primaryimage\"},\"thumbnailUrl\":\"https:\\\/\\\/motorista.com.br\\\/noticias\\\/wp-content\\\/uploads\\\/2026\\\/04\\\/Agro.jpeg\",\"datePublished\":\"2026-04-27T10:40:42+00:00\",\"breadcrumb\":{\"@id\":\"https:\\\/\\\/motorista.com.br\\\/noticias\\\/2026\\\/04\\\/27\\\/governo-anuncia-r-10-bilhoes-em-credito-para-impulsionar-investimentos-rurais\\\/#breadcrumb\"},\"inLanguage\":\"pt-BR\",\"potentialAction\":[{\"@type\":\"ReadAction\",\"target\":[\"https:\\\/\\\/motorista.com.br\\\/noticias\\\/2026\\\/04\\\/27\\\/governo-anuncia-r-10-bilhoes-em-credito-para-impulsionar-investimentos-rurais\\\/\"]}]},{\"@type\":\"ImageObject\",\"inLanguage\":\"pt-BR\",\"@id\":\"https:\\\/\\\/motorista.com.br\\\/noticias\\\/2026\\\/04\\\/27\\\/governo-anuncia-r-10-bilhoes-em-credito-para-impulsionar-investimentos-rurais\\\/#primaryimage\",\"url\":\"https:\\\/\\\/motorista.com.br\\\/noticias\\\/wp-content\\\/uploads\\\/2026\\\/04\\\/Agro.jpeg\",\"contentUrl\":\"https:\\\/\\\/motorista.com.br\\\/noticias\\\/wp-content\\\/uploads\\\/2026\\\/04\\\/Agro.jpeg\",\"width\":768,\"height\":512},{\"@type\":\"BreadcrumbList\",\"@id\":\"https:\\\/\\\/motorista.com.br\\\/noticias\\\/2026\\\/04\\\/27\\\/governo-anuncia-r-10-bilhoes-em-credito-para-impulsionar-investimentos-rurais\\\/#breadcrumb\",\"itemListElement\":[{\"@type\":\"ListItem\",\"position\":1,\"name\":\"In\u00edcio\",\"item\":\"https:\\\/\\\/motorista.com.br\\\/noticias\\\/\"},{\"@type\":\"ListItem\",\"position\":2,\"name\":\"Governo anuncia R$ 10 bilh\u00f5es em cr\u00e9dito para impulsionar investimentos rurais\"}]},{\"@type\":\"WebSite\",\"@id\":\"https:\\\/\\\/motorista.com.br\\\/noticias\\\/#website\",\"url\":\"https:\\\/\\\/motorista.com.br\\\/noticias\\\/\",\"name\":\"Motorista.com.br\",\"description\":\"Not\u00edcia do Motorista\",\"publisher\":{\"@id\":\"https:\\\/\\\/motorista.com.br\\\/noticias\\\/#organization\"},\"potentialAction\":[{\"@type\":\"SearchAction\",\"target\":{\"@type\":\"EntryPoint\",\"urlTemplate\":\"https:\\\/\\\/motorista.com.br\\\/noticias\\\/?s={search_term_string}\"},\"query-input\":{\"@type\":\"PropertyValueSpecification\",\"valueRequired\":true,\"valueName\":\"search_term_string\"}}],\"inLanguage\":\"pt-BR\"},{\"@type\":\"Organization\",\"@id\":\"https:\\\/\\\/motorista.com.br\\\/noticias\\\/#organization\",\"name\":\"Motorista.com.br\",\"url\":\"https:\\\/\\\/motorista.com.br\\\/noticias\\\/\",\"logo\":{\"@type\":\"ImageObject\",\"inLanguage\":\"pt-BR\",\"@id\":\"https:\\\/\\\/motorista.com.br\\\/noticias\\\/#\\\/schema\\\/logo\\\/image\\\/\",\"url\":\"https:\\\/\\\/motorista.com.br\\\/noticias\\\/wp-content\\\/uploads\\\/2025\\\/06\\\/Design-sem-nome-9.png\",\"contentUrl\":\"https:\\\/\\\/motorista.com.br\\\/noticias\\\/wp-content\\\/uploads\\\/2025\\\/06\\\/Design-sem-nome-9.png\",\"width\":150,\"height\":85,\"caption\":\"Motorista.com.br\"},\"image\":{\"@id\":\"https:\\\/\\\/motorista.com.br\\\/noticias\\\/#\\\/schema\\\/logo\\\/image\\\/\"}},{\"@type\":\"Person\",\"@id\":\"https:\\\/\\\/motorista.com.br\\\/noticias\\\/#\\\/schema\\\/person\\\/dc93afc2981c0e3ce6bc3c053fd847be\",\"name\":\"Equipe Reda\u00e7\u00e3o\",\"image\":{\"@type\":\"ImageObject\",\"inLanguage\":\"pt-BR\",\"@id\":\"https:\\\/\\\/secure.gravatar.com\\\/avatar\\\/4f525efbf18dd2bb300ccad28bfb99d95a9465a5ba268407c8c37b37e1f28d2d?s=96&d=mm&r=g9e099043a0c61e9ae27e293b9fa75ffc\",\"url\":\"https:\\\/\\\/secure.gravatar.com\\\/avatar\\\/4f525efbf18dd2bb300ccad28bfb99d95a9465a5ba268407c8c37b37e1f28d2d?s=96&d=mm&r=g\",\"contentUrl\":\"https:\\\/\\\/secure.gravatar.com\\\/avatar\\\/4f525efbf18dd2bb300ccad28bfb99d95a9465a5ba268407c8c37b37e1f28d2d?s=96&d=mm&r=g\",\"caption\":\"Equipe Reda\u00e7\u00e3o\"},\"description\":\"Equipe de reda\u00e7\u00e3o \u00e9 um grupo de profissionais que trabalham juntos para criar conte\u00fado escrito para Motorista.com.br\",\"url\":\"https:\\\/\\\/motorista.com.br\\\/noticias\\\/author\\\/equiperedacao\\\/\"}]}<\/script>\n<!-- \/ Yoast SEO Premium plugin. -->","yoast_head_json":{"title":"Governo anuncia R$ 10 bilh\u00f5es em cr\u00e9dito para impulsionar investimentos rurais - Motorista.com.br","robots":{"index":"index","follow":"follow","max-snippet":"max-snippet:-1","max-image-preview":"max-image-preview:large","max-video-preview":"max-video-preview:-1"},"canonical":"https:\/\/motorista.com.br\/noticias\/2026\/04\/27\/governo-anuncia-r-10-bilhoes-em-credito-para-impulsionar-investimentos-rurais\/","og_locale":"pt_BR","og_type":"article","og_title":"Governo anuncia R$ 10 bilh\u00f5es em cr\u00e9dito para impulsionar investimentos rurais","og_description":"Na abertura da Agrishow, em Ribeir\u00e3o Preto (SP), o vice-presidente Geraldo Alckmin anunciou uma nova linha de R$ 10 bilh\u00f5es em cr\u00e9dito destinada \u00e0 moderniza\u00e7\u00e3o de m\u00e1quinas e implementos agr\u00edcolas, al\u00e9m de um programa de renegocia\u00e7\u00e3o de d\u00edvidas rurais. Essa iniciativa surge como uma resposta clara ao quadro de desinvestimento observado no campo, j\u00e1 sinalizado &hellip;","og_url":"https:\/\/motorista.com.br\/noticias\/2026\/04\/27\/governo-anuncia-r-10-bilhoes-em-credito-para-impulsionar-investimentos-rurais\/","og_site_name":"Motorista.com.br","article_published_time":"2026-04-27T10:40:42+00:00","author":"Equipe Reda\u00e7\u00e3o","twitter_card":"summary_large_image","twitter_misc":{"Escrito por":"Equipe Reda\u00e7\u00e3o","Est. tempo de leitura":"3 minutos","Written by":"Equipe Reda\u00e7\u00e3o"},"schema":{"@context":"https:\/\/schema.org","@graph":[{"@type":"Article","@id":"https:\/\/motorista.com.br\/noticias\/2026\/04\/27\/governo-anuncia-r-10-bilhoes-em-credito-para-impulsionar-investimentos-rurais\/#article","isPartOf":{"@id":"https:\/\/motorista.com.br\/noticias\/2026\/04\/27\/governo-anuncia-r-10-bilhoes-em-credito-para-impulsionar-investimentos-rurais\/"},"author":{"name":"Equipe Reda\u00e7\u00e3o","@id":"https:\/\/motorista.com.br\/noticias\/#\/schema\/person\/dc93afc2981c0e3ce6bc3c053fd847be"},"headline":"Governo anuncia R$ 10 bilh\u00f5es em cr\u00e9dito para impulsionar investimentos rurais","datePublished":"2026-04-27T10:40:42+00:00","mainEntityOfPage":{"@id":"https:\/\/motorista.com.br\/noticias\/2026\/04\/27\/governo-anuncia-r-10-bilhoes-em-credito-para-impulsionar-investimentos-rurais\/"},"wordCount":619,"publisher":{"@id":"https:\/\/motorista.com.br\/noticias\/#organization"},"image":{"@id":"https:\/\/motorista.com.br\/noticias\/2026\/04\/27\/governo-anuncia-r-10-bilhoes-em-credito-para-impulsionar-investimentos-rurais\/#primaryimage"},"thumbnailUrl":"https:\/\/motorista.com.br\/noticias\/wp-content\/uploads\/2026\/04\/Agro.jpeg","articleSection":["Log\u00edstica"],"inLanguage":"pt-BR"},{"@type":"WebPage","@id":"https:\/\/motorista.com.br\/noticias\/2026\/04\/27\/governo-anuncia-r-10-bilhoes-em-credito-para-impulsionar-investimentos-rurais\/","url":"https:\/\/motorista.com.br\/noticias\/2026\/04\/27\/governo-anuncia-r-10-bilhoes-em-credito-para-impulsionar-investimentos-rurais\/","name":"Governo anuncia R$ 10 bilh\u00f5es em cr\u00e9dito para impulsionar investimentos rurais - Motorista.com.br","isPartOf":{"@id":"https:\/\/motorista.com.br\/noticias\/#website"},"primaryImageOfPage":{"@id":"https:\/\/motorista.com.br\/noticias\/2026\/04\/27\/governo-anuncia-r-10-bilhoes-em-credito-para-impulsionar-investimentos-rurais\/#primaryimage"},"image":{"@id":"https:\/\/motorista.com.br\/noticias\/2026\/04\/27\/governo-anuncia-r-10-bilhoes-em-credito-para-impulsionar-investimentos-rurais\/#primaryimage"},"thumbnailUrl":"https:\/\/motorista.com.br\/noticias\/wp-content\/uploads\/2026\/04\/Agro.jpeg","datePublished":"2026-04-27T10:40:42+00:00","breadcrumb":{"@id":"https:\/\/motorista.com.br\/noticias\/2026\/04\/27\/governo-anuncia-r-10-bilhoes-em-credito-para-impulsionar-investimentos-rurais\/#breadcrumb"},"inLanguage":"pt-BR","potentialAction":[{"@type":"ReadAction","target":["https:\/\/motorista.com.br\/noticias\/2026\/04\/27\/governo-anuncia-r-10-bilhoes-em-credito-para-impulsionar-investimentos-rurais\/"]}]},{"@type":"ImageObject","inLanguage":"pt-BR","@id":"https:\/\/motorista.com.br\/noticias\/2026\/04\/27\/governo-anuncia-r-10-bilhoes-em-credito-para-impulsionar-investimentos-rurais\/#primaryimage","url":"https:\/\/motorista.com.br\/noticias\/wp-content\/uploads\/2026\/04\/Agro.jpeg","contentUrl":"https:\/\/motorista.com.br\/noticias\/wp-content\/uploads\/2026\/04\/Agro.jpeg","width":768,"height":512},{"@type":"BreadcrumbList","@id":"https:\/\/motorista.com.br\/noticias\/2026\/04\/27\/governo-anuncia-r-10-bilhoes-em-credito-para-impulsionar-investimentos-rurais\/#breadcrumb","itemListElement":[{"@type":"ListItem","position":1,"name":"In\u00edcio","item":"https:\/\/motorista.com.br\/noticias\/"},{"@type":"ListItem","position":2,"name":"Governo anuncia R$ 10 bilh\u00f5es em cr\u00e9dito para impulsionar investimentos rurais"}]},{"@type":"WebSite","@id":"https:\/\/motorista.com.br\/noticias\/#website","url":"https:\/\/motorista.com.br\/noticias\/","name":"Motorista.com.br","description":"Not\u00edcia do Motorista","publisher":{"@id":"https:\/\/motorista.com.br\/noticias\/#organization"},"potentialAction":[{"@type":"SearchAction","target":{"@type":"EntryPoint","urlTemplate":"https:\/\/motorista.com.br\/noticias\/?s={search_term_string}"},"query-input":{"@type":"PropertyValueSpecification","valueRequired":true,"valueName":"search_term_string"}}],"inLanguage":"pt-BR"},{"@type":"Organization","@id":"https:\/\/motorista.com.br\/noticias\/#organization","name":"Motorista.com.br","url":"https:\/\/motorista.com.br\/noticias\/","logo":{"@type":"ImageObject","inLanguage":"pt-BR","@id":"https:\/\/motorista.com.br\/noticias\/#\/schema\/logo\/image\/","url":"https:\/\/motorista.com.br\/noticias\/wp-content\/uploads\/2025\/06\/Design-sem-nome-9.png","contentUrl":"https:\/\/motorista.com.br\/noticias\/wp-content\/uploads\/2025\/06\/Design-sem-nome-9.png","width":150,"height":85,"caption":"Motorista.com.br"},"image":{"@id":"https:\/\/motorista.com.br\/noticias\/#\/schema\/logo\/image\/"}},{"@type":"Person","@id":"https:\/\/motorista.com.br\/noticias\/#\/schema\/person\/dc93afc2981c0e3ce6bc3c053fd847be","name":"Equipe Reda\u00e7\u00e3o","image":{"@type":"ImageObject","inLanguage":"pt-BR","@id":"https:\/\/secure.gravatar.com\/avatar\/4f525efbf18dd2bb300ccad28bfb99d95a9465a5ba268407c8c37b37e1f28d2d?s=96&d=mm&r=g9e099043a0c61e9ae27e293b9fa75ffc","url":"https:\/\/secure.gravatar.com\/avatar\/4f525efbf18dd2bb300ccad28bfb99d95a9465a5ba268407c8c37b37e1f28d2d?s=96&d=mm&r=g","contentUrl":"https:\/\/secure.gravatar.com\/avatar\/4f525efbf18dd2bb300ccad28bfb99d95a9465a5ba268407c8c37b37e1f28d2d?s=96&d=mm&r=g","caption":"Equipe Reda\u00e7\u00e3o"},"description":"Equipe de reda\u00e7\u00e3o \u00e9 um grupo de profissionais que trabalham juntos para criar conte\u00fado escrito para Motorista.com.br","url":"https:\/\/motorista.com.br\/noticias\/author\/equiperedacao\/"}]}},"_links":{"self":[{"href":"https:\/\/motorista.com.br\/noticias\/wp-json\/wp\/v2\/posts\/9206","targetHints":{"allow":["GET"]}}],"collection":[{"href":"https:\/\/motorista.com.br\/noticias\/wp-json\/wp\/v2\/posts"}],"about":[{"href":"https:\/\/motorista.com.br\/noticias\/wp-json\/wp\/v2\/types\/post"}],"author":[{"embeddable":true,"href":"https:\/\/motorista.com.br\/noticias\/wp-json\/wp\/v2\/users\/4"}],"replies":[{"embeddable":true,"href":"https:\/\/motorista.com.br\/noticias\/wp-json\/wp\/v2\/comments?post=9206"}],"version-history":[{"count":0,"href":"https:\/\/motorista.com.br\/noticias\/wp-json\/wp\/v2\/posts\/9206\/revisions"}],"wp:featuredmedia":[{"embeddable":true,"href":"https:\/\/motorista.com.br\/noticias\/wp-json\/wp\/v2\/media\/9207"}],"wp:attachment":[{"href":"https:\/\/motorista.com.br\/noticias\/wp-json\/wp\/v2\/media?parent=9206"}],"wp:term":[{"taxonomy":"category","embeddable":true,"href":"https:\/\/motorista.com.br\/noticias\/wp-json\/wp\/v2\/categories?post=9206"},{"taxonomy":"post_tag","embeddable":true,"href":"https:\/\/motorista.com.br\/noticias\/wp-json\/wp\/v2\/tags?post=9206"},{"taxonomy":"author","embeddable":true,"href":"https:\/\/motorista.com.br\/noticias\/wp-json\/wp\/v2\/coauthors?post=9206"}],"curies":[{"name":"wp","href":"https:\/\/api.w.org\/{rel}","templated":true}]}}