{"id":9204,"date":"2026-04-27T04:30:48","date_gmt":"2026-04-27T07:30:48","guid":{"rendered":"https:\/\/motorista.com.br\/noticias\/2026\/04\/27\/conferencia-tax-is-cool-2026-inovacoes-na-superinteligencia-tributaria\/"},"modified":"2026-04-27T04:30:48","modified_gmt":"2026-04-27T07:30:48","slug":"conferencia-tax-is-cool-2026-inovacoes-na-superinteligencia-tributaria","status":"publish","type":"post","link":"https:\/\/motorista.com.br\/noticias\/2026\/04\/27\/conferencia-tax-is-cool-2026-inovacoes-na-superinteligencia-tributaria\/","title":{"rendered":"Confer\u00eancia Tax Is Cool 2026: Inova\u00e7\u00f5es na superintelig\u00eancia tribut\u00e1ria."},"content":{"rendered":"<p><\/p>\n<h2>Tax Is Cool Conference 2026: A Era da Superintelig\u00eancia Tribut\u00e1ria e Suas Implica\u00e7\u00f5es para Motoristas e Mobilidade<\/h2>\n<p>O <strong>Tax Is Cool Conference<\/strong> de 2026, realizado em S\u00e3o Paulo, destacou os impactos da tecnologia no setor tribut\u00e1rio e introduziu a &quot;era da superintelig\u00eancia tribut\u00e1ria&quot;. Reunindo cerca de 300 profissionais, o evento enfatizou como a intelig\u00eancia artificial (IA) est\u00e1 moldando o futuro dos profissionais fiscais, passando da execu\u00e7\u00e3o de tarefas operacionais para a supervis\u00e3o de sistemas automatizados.<\/p>\n<h3>O Papel da Tecnologia no Setor Tribut\u00e1rio<\/h3>\n<p>O avan\u00e7o tecnol\u00f3gico promete melhorar a efici\u00eancia das empresas, reduzir riscos e aprimorar a tomada de decis\u00f5es. Essas inova\u00e7\u00f5es t\u00eam um reflexo direto nas opera\u00e7\u00f5es do dia a dia dos motoristas. Com a automa\u00e7\u00e3o de processos fiscais, a burocracia diminui, permitindo uma gest\u00e3o mais \u00e1gil e focada. Para motoristas de aplicativos, por exemplo, isso significa menos tempo lidando com quest\u00f5es tribut\u00e1rias e mais tempo em suas atividades essenciais.<\/p>\n<h3>Autonomia e Conectividade<\/h3>\n<p>A apresenta\u00e7\u00e3o do Registro de Alta Execu\u00e7\u00e3o Inteligente (RAI), um contrato inteligente para automa\u00e7\u00e3o de opera\u00e7\u00f5es fiscais, \u00e9 um exemplo claro de como a tecnologia pode simplificar processos complexos. Com menos papelada e mais transpar\u00eancia, os motoristas podem confiar que suas obriga\u00e7\u00f5es fiscais estar\u00e3o sendo geridas de forma eficiente, criando um ambiente mais prop\u00edcio para o crescimento de suas atividades.<\/p>\n<h3>Desafios e Oportunidades<\/h3>\n<p>Os desafios enfrentados pelas empresas na escassez de talentos qualificados, discutidos por Marcos Gimenez, t\u00eam implica\u00e7\u00f5es diretas sobre a mobilidade. A crescente terceiriza\u00e7\u00e3o de processos fiscais tende a liberar os motoristas das preocupa\u00e7\u00f5es administrativas, permitindo que se concentrem no atendimento ao cliente. Essa mudan\u00e7a poderia resultar em um aumento na qualidade do servi\u00e7o oferecido.<\/p>\n<h3>Intelig\u00eancia Artificial como Catalisadora de Decis\u00f5es<\/h3>\n<p>A utiliza\u00e7\u00e3o da IA na an\u00e1lise de dados tribut\u00e1rios, como evidenciado na apresenta\u00e7\u00e3o de Wainer Peron, transforma volumes massivos de informa\u00e7\u00f5es em insights pr\u00e1ticos. Para os motoristas, isso pode significar uma melhor compreens\u00e3o sobre como per\u00edodos de alta demanda se relacionam com suas obriga\u00e7\u00f5es tribut\u00e1rias, ajudando-os a planejar financeiramente.<\/p>\n<h3>Inova\u00e7\u00e3o e Resolu\u00e7\u00e3o Pr\u00e1tica de Problemas<\/h3>\n<p>O semin\u00e1rio de &quot;Batalha de Ideias&quot; incentivou profissionais a desenvolver solu\u00e7\u00f5es tecnol\u00f3gicas para os desafios impostos pela nova reforma tribut\u00e1ria. Essa iniciativa promove a inova\u00e7\u00e3o, e os motoristas poderiam se beneficiar de plataformas que integrem informa\u00e7\u00f5es tribut\u00e1rias \u00e0 sua rotina, facilitando a gest\u00e3o de despesas e otimizando a lucratividade.<\/p>\n<h3>Reflex\u00e3o sobre o Futuro<\/h3>\n<p>Ao final do evento, ficou claro que a transforma\u00e7\u00e3o do sistema tribut\u00e1rio trar\u00e1 mudan\u00e7as significativas. A demanda por profissionais com habilidades tecnol\u00f3gicas ser\u00e1 maior, e isso incluir\u00e1 os motoristas, que precisar\u00e3o estar cientes das novas ferramentas dispon\u00edveis para gerenciar suas atividades de forma eficaz.<\/p>\n<h3>Conclus\u00e3o<\/h3>\n<p>O Tax Is Cool Conference 2026 n\u00e3o apenas esclareceu o futuro do setor tribut\u00e1rio, mas tamb\u00e9m ofereceu um vislumbre de como essas mudan\u00e7as podem impactar positivamente os motoristas e a mobilidade geral. A interse\u00e7\u00e3o entre tecnologia e mobilidade promete criar um ambiente mais eficiente, proporcionando aos motoristas as ferramentas necess\u00e1rias para prosperar em um mundo cada vez mais digitalizado.<\/p>\n<p><strong>Fonte<\/strong>: reformatributaria<\/p>\n","protected":false},"excerpt":{"rendered":"<p>Tax Is Cool Conference 2026: A Era da Superintelig\u00eancia Tribut\u00e1ria e Suas Implica\u00e7\u00f5es para Motoristas e Mobilidade O Tax Is Cool Conference de 2026, realizado em S\u00e3o Paulo, destacou os impactos da tecnologia no setor tribut\u00e1rio e introduziu a &quot;era da superintelig\u00eancia tribut\u00e1ria&quot;. Reunindo cerca de 300 profissionais, o evento enfatizou como a intelig\u00eancia artificial &hellip;<\/p>\n","protected":false},"author":4,"featured_media":9205,"comment_status":"","ping_status":"open","sticky":false,"template":"","format":"standard","meta":{"footnotes":""},"categories":[35],"tags":[],"coauthors":[42],"class_list":["post-9204","post","type-post","status-publish","format-standard","has-post-thumbnail","hentry","category-legislacao"],"yoast_head":"<!-- This site is optimized with the Yoast SEO Premium plugin v25.5 (Yoast SEO v27.5) - https:\/\/yoast.com\/product\/yoast-seo-premium-wordpress\/ -->\n<title>Confer\u00eancia Tax Is Cool 2026: Inova\u00e7\u00f5es na superintelig\u00eancia tribut\u00e1ria. - Motorista.com.br<\/title>\n<meta name=\"robots\" content=\"index, follow, max-snippet:-1, max-image-preview:large, max-video-preview:-1\" \/>\n<link rel=\"canonical\" href=\"https:\/\/motorista.com.br\/noticias\/2026\/04\/27\/conferencia-tax-is-cool-2026-inovacoes-na-superinteligencia-tributaria\/\" \/>\n<meta property=\"og:locale\" content=\"pt_BR\" \/>\n<meta property=\"og:type\" content=\"article\" \/>\n<meta property=\"og:title\" content=\"Confer\u00eancia Tax Is Cool 2026: Inova\u00e7\u00f5es na superintelig\u00eancia tribut\u00e1ria.\" \/>\n<meta property=\"og:description\" content=\"Tax Is Cool Conference 2026: A Era da Superintelig\u00eancia Tribut\u00e1ria e Suas Implica\u00e7\u00f5es para Motoristas e Mobilidade O Tax Is Cool Conference de 2026, realizado em S\u00e3o Paulo, destacou os impactos da tecnologia no setor tribut\u00e1rio e introduziu a &quot;era da superintelig\u00eancia tribut\u00e1ria&quot;. Reunindo cerca de 300 profissionais, o evento enfatizou como a intelig\u00eancia artificial &hellip;\" \/>\n<meta property=\"og:url\" content=\"https:\/\/motorista.com.br\/noticias\/2026\/04\/27\/conferencia-tax-is-cool-2026-inovacoes-na-superinteligencia-tributaria\/\" \/>\n<meta property=\"og:site_name\" content=\"Motorista.com.br\" \/>\n<meta property=\"article:published_time\" content=\"2026-04-27T07:30:48+00:00\" \/>\n<meta name=\"author\" content=\"Equipe Reda\u00e7\u00e3o\" \/>\n<meta name=\"twitter:card\" content=\"summary_large_image\" \/>\n<meta name=\"twitter:label1\" content=\"Escrito por\" \/>\n\t<meta name=\"twitter:data1\" content=\"Equipe Reda\u00e7\u00e3o\" \/>\n\t<meta name=\"twitter:label2\" content=\"Est. tempo de leitura\" \/>\n\t<meta name=\"twitter:data2\" content=\"3 minutos\" \/>\n\t<meta name=\"twitter:label3\" content=\"Written by\" \/>\n\t<meta name=\"twitter:data3\" content=\"Equipe Reda\u00e7\u00e3o\" \/>\n<script type=\"application\/ld+json\" class=\"yoast-schema-graph\">{\"@context\":\"https:\\\/\\\/schema.org\",\"@graph\":[{\"@type\":\"Article\",\"@id\":\"https:\\\/\\\/motorista.com.br\\\/noticias\\\/2026\\\/04\\\/27\\\/conferencia-tax-is-cool-2026-inovacoes-na-superinteligencia-tributaria\\\/#article\",\"isPartOf\":{\"@id\":\"https:\\\/\\\/motorista.com.br\\\/noticias\\\/2026\\\/04\\\/27\\\/conferencia-tax-is-cool-2026-inovacoes-na-superinteligencia-tributaria\\\/\"},\"author\":{\"name\":\"Equipe Reda\u00e7\u00e3o\",\"@id\":\"https:\\\/\\\/motorista.com.br\\\/noticias\\\/#\\\/schema\\\/person\\\/dc93afc2981c0e3ce6bc3c053fd847be\"},\"headline\":\"Confer\u00eancia Tax Is Cool 2026: Inova\u00e7\u00f5es na superintelig\u00eancia tribut\u00e1ria.\",\"datePublished\":\"2026-04-27T07:30:48+00:00\",\"mainEntityOfPage\":{\"@id\":\"https:\\\/\\\/motorista.com.br\\\/noticias\\\/2026\\\/04\\\/27\\\/conferencia-tax-is-cool-2026-inovacoes-na-superinteligencia-tributaria\\\/\"},\"wordCount\":573,\"publisher\":{\"@id\":\"https:\\\/\\\/motorista.com.br\\\/noticias\\\/#organization\"},\"image\":{\"@id\":\"https:\\\/\\\/motorista.com.br\\\/noticias\\\/2026\\\/04\\\/27\\\/conferencia-tax-is-cool-2026-inovacoes-na-superinteligencia-tributaria\\\/#primaryimage\"},\"thumbnailUrl\":\"https:\\\/\\\/motorista.com.br\\\/noticias\\\/wp-content\\\/uploads\\\/2026\\\/04\\\/tax-is-cool-confererence-2026-6.jpg\",\"articleSection\":[\"Legisla\u00e7\u00e3o\"],\"inLanguage\":\"pt-BR\"},{\"@type\":\"WebPage\",\"@id\":\"https:\\\/\\\/motorista.com.br\\\/noticias\\\/2026\\\/04\\\/27\\\/conferencia-tax-is-cool-2026-inovacoes-na-superinteligencia-tributaria\\\/\",\"url\":\"https:\\\/\\\/motorista.com.br\\\/noticias\\\/2026\\\/04\\\/27\\\/conferencia-tax-is-cool-2026-inovacoes-na-superinteligencia-tributaria\\\/\",\"name\":\"Confer\u00eancia Tax Is Cool 2026: Inova\u00e7\u00f5es na superintelig\u00eancia tribut\u00e1ria. - Motorista.com.br\",\"isPartOf\":{\"@id\":\"https:\\\/\\\/motorista.com.br\\\/noticias\\\/#website\"},\"primaryImageOfPage\":{\"@id\":\"https:\\\/\\\/motorista.com.br\\\/noticias\\\/2026\\\/04\\\/27\\\/conferencia-tax-is-cool-2026-inovacoes-na-superinteligencia-tributaria\\\/#primaryimage\"},\"image\":{\"@id\":\"https:\\\/\\\/motorista.com.br\\\/noticias\\\/2026\\\/04\\\/27\\\/conferencia-tax-is-cool-2026-inovacoes-na-superinteligencia-tributaria\\\/#primaryimage\"},\"thumbnailUrl\":\"https:\\\/\\\/motorista.com.br\\\/noticias\\\/wp-content\\\/uploads\\\/2026\\\/04\\\/tax-is-cool-confererence-2026-6.jpg\",\"datePublished\":\"2026-04-27T07:30:48+00:00\",\"breadcrumb\":{\"@id\":\"https:\\\/\\\/motorista.com.br\\\/noticias\\\/2026\\\/04\\\/27\\\/conferencia-tax-is-cool-2026-inovacoes-na-superinteligencia-tributaria\\\/#breadcrumb\"},\"inLanguage\":\"pt-BR\",\"potentialAction\":[{\"@type\":\"ReadAction\",\"target\":[\"https:\\\/\\\/motorista.com.br\\\/noticias\\\/2026\\\/04\\\/27\\\/conferencia-tax-is-cool-2026-inovacoes-na-superinteligencia-tributaria\\\/\"]}]},{\"@type\":\"ImageObject\",\"inLanguage\":\"pt-BR\",\"@id\":\"https:\\\/\\\/motorista.com.br\\\/noticias\\\/2026\\\/04\\\/27\\\/conferencia-tax-is-cool-2026-inovacoes-na-superinteligencia-tributaria\\\/#primaryimage\",\"url\":\"https:\\\/\\\/motorista.com.br\\\/noticias\\\/wp-content\\\/uploads\\\/2026\\\/04\\\/tax-is-cool-confererence-2026-6.jpg\",\"contentUrl\":\"https:\\\/\\\/motorista.com.br\\\/noticias\\\/wp-content\\\/uploads\\\/2026\\\/04\\\/tax-is-cool-confererence-2026-6.jpg\",\"width\":1080,\"height\":720},{\"@type\":\"BreadcrumbList\",\"@id\":\"https:\\\/\\\/motorista.com.br\\\/noticias\\\/2026\\\/04\\\/27\\\/conferencia-tax-is-cool-2026-inovacoes-na-superinteligencia-tributaria\\\/#breadcrumb\",\"itemListElement\":[{\"@type\":\"ListItem\",\"position\":1,\"name\":\"In\u00edcio\",\"item\":\"https:\\\/\\\/motorista.com.br\\\/noticias\\\/\"},{\"@type\":\"ListItem\",\"position\":2,\"name\":\"Confer\u00eancia Tax Is Cool 2026: Inova\u00e7\u00f5es na superintelig\u00eancia tribut\u00e1ria.\"}]},{\"@type\":\"WebSite\",\"@id\":\"https:\\\/\\\/motorista.com.br\\\/noticias\\\/#website\",\"url\":\"https:\\\/\\\/motorista.com.br\\\/noticias\\\/\",\"name\":\"Motorista.com.br\",\"description\":\"Not\u00edcia do Motorista\",\"publisher\":{\"@id\":\"https:\\\/\\\/motorista.com.br\\\/noticias\\\/#organization\"},\"potentialAction\":[{\"@type\":\"SearchAction\",\"target\":{\"@type\":\"EntryPoint\",\"urlTemplate\":\"https:\\\/\\\/motorista.com.br\\\/noticias\\\/?s={search_term_string}\"},\"query-input\":{\"@type\":\"PropertyValueSpecification\",\"valueRequired\":true,\"valueName\":\"search_term_string\"}}],\"inLanguage\":\"pt-BR\"},{\"@type\":\"Organization\",\"@id\":\"https:\\\/\\\/motorista.com.br\\\/noticias\\\/#organization\",\"name\":\"Motorista.com.br\",\"url\":\"https:\\\/\\\/motorista.com.br\\\/noticias\\\/\",\"logo\":{\"@type\":\"ImageObject\",\"inLanguage\":\"pt-BR\",\"@id\":\"https:\\\/\\\/motorista.com.br\\\/noticias\\\/#\\\/schema\\\/logo\\\/image\\\/\",\"url\":\"https:\\\/\\\/motorista.com.br\\\/noticias\\\/wp-content\\\/uploads\\\/2025\\\/06\\\/Design-sem-nome-9.png\",\"contentUrl\":\"https:\\\/\\\/motorista.com.br\\\/noticias\\\/wp-content\\\/uploads\\\/2025\\\/06\\\/Design-sem-nome-9.png\",\"width\":150,\"height\":85,\"caption\":\"Motorista.com.br\"},\"image\":{\"@id\":\"https:\\\/\\\/motorista.com.br\\\/noticias\\\/#\\\/schema\\\/logo\\\/image\\\/\"}},{\"@type\":\"Person\",\"@id\":\"https:\\\/\\\/motorista.com.br\\\/noticias\\\/#\\\/schema\\\/person\\\/dc93afc2981c0e3ce6bc3c053fd847be\",\"name\":\"Equipe Reda\u00e7\u00e3o\",\"image\":{\"@type\":\"ImageObject\",\"inLanguage\":\"pt-BR\",\"@id\":\"https:\\\/\\\/secure.gravatar.com\\\/avatar\\\/4f525efbf18dd2bb300ccad28bfb99d95a9465a5ba268407c8c37b37e1f28d2d?s=96&d=mm&r=g9e099043a0c61e9ae27e293b9fa75ffc\",\"url\":\"https:\\\/\\\/secure.gravatar.com\\\/avatar\\\/4f525efbf18dd2bb300ccad28bfb99d95a9465a5ba268407c8c37b37e1f28d2d?s=96&d=mm&r=g\",\"contentUrl\":\"https:\\\/\\\/secure.gravatar.com\\\/avatar\\\/4f525efbf18dd2bb300ccad28bfb99d95a9465a5ba268407c8c37b37e1f28d2d?s=96&d=mm&r=g\",\"caption\":\"Equipe Reda\u00e7\u00e3o\"},\"description\":\"Equipe de reda\u00e7\u00e3o \u00e9 um grupo de profissionais que trabalham juntos para criar conte\u00fado escrito para Motorista.com.br\",\"url\":\"https:\\\/\\\/motorista.com.br\\\/noticias\\\/author\\\/equiperedacao\\\/\"}]}<\/script>\n<!-- \/ Yoast SEO Premium plugin. -->","yoast_head_json":{"title":"Confer\u00eancia Tax Is Cool 2026: Inova\u00e7\u00f5es na superintelig\u00eancia tribut\u00e1ria. - Motorista.com.br","robots":{"index":"index","follow":"follow","max-snippet":"max-snippet:-1","max-image-preview":"max-image-preview:large","max-video-preview":"max-video-preview:-1"},"canonical":"https:\/\/motorista.com.br\/noticias\/2026\/04\/27\/conferencia-tax-is-cool-2026-inovacoes-na-superinteligencia-tributaria\/","og_locale":"pt_BR","og_type":"article","og_title":"Confer\u00eancia Tax Is Cool 2026: Inova\u00e7\u00f5es na superintelig\u00eancia tribut\u00e1ria.","og_description":"Tax Is Cool Conference 2026: A Era da Superintelig\u00eancia Tribut\u00e1ria e Suas Implica\u00e7\u00f5es para Motoristas e Mobilidade O Tax Is Cool Conference de 2026, realizado em S\u00e3o Paulo, destacou os impactos da tecnologia no setor tribut\u00e1rio e introduziu a &quot;era da superintelig\u00eancia tribut\u00e1ria&quot;. Reunindo cerca de 300 profissionais, o evento enfatizou como a intelig\u00eancia artificial &hellip;","og_url":"https:\/\/motorista.com.br\/noticias\/2026\/04\/27\/conferencia-tax-is-cool-2026-inovacoes-na-superinteligencia-tributaria\/","og_site_name":"Motorista.com.br","article_published_time":"2026-04-27T07:30:48+00:00","author":"Equipe Reda\u00e7\u00e3o","twitter_card":"summary_large_image","twitter_misc":{"Escrito por":"Equipe Reda\u00e7\u00e3o","Est. tempo de leitura":"3 minutos","Written by":"Equipe Reda\u00e7\u00e3o"},"schema":{"@context":"https:\/\/schema.org","@graph":[{"@type":"Article","@id":"https:\/\/motorista.com.br\/noticias\/2026\/04\/27\/conferencia-tax-is-cool-2026-inovacoes-na-superinteligencia-tributaria\/#article","isPartOf":{"@id":"https:\/\/motorista.com.br\/noticias\/2026\/04\/27\/conferencia-tax-is-cool-2026-inovacoes-na-superinteligencia-tributaria\/"},"author":{"name":"Equipe Reda\u00e7\u00e3o","@id":"https:\/\/motorista.com.br\/noticias\/#\/schema\/person\/dc93afc2981c0e3ce6bc3c053fd847be"},"headline":"Confer\u00eancia Tax Is Cool 2026: Inova\u00e7\u00f5es na superintelig\u00eancia tribut\u00e1ria.","datePublished":"2026-04-27T07:30:48+00:00","mainEntityOfPage":{"@id":"https:\/\/motorista.com.br\/noticias\/2026\/04\/27\/conferencia-tax-is-cool-2026-inovacoes-na-superinteligencia-tributaria\/"},"wordCount":573,"publisher":{"@id":"https:\/\/motorista.com.br\/noticias\/#organization"},"image":{"@id":"https:\/\/motorista.com.br\/noticias\/2026\/04\/27\/conferencia-tax-is-cool-2026-inovacoes-na-superinteligencia-tributaria\/#primaryimage"},"thumbnailUrl":"https:\/\/motorista.com.br\/noticias\/wp-content\/uploads\/2026\/04\/tax-is-cool-confererence-2026-6.jpg","articleSection":["Legisla\u00e7\u00e3o"],"inLanguage":"pt-BR"},{"@type":"WebPage","@id":"https:\/\/motorista.com.br\/noticias\/2026\/04\/27\/conferencia-tax-is-cool-2026-inovacoes-na-superinteligencia-tributaria\/","url":"https:\/\/motorista.com.br\/noticias\/2026\/04\/27\/conferencia-tax-is-cool-2026-inovacoes-na-superinteligencia-tributaria\/","name":"Confer\u00eancia Tax Is Cool 2026: Inova\u00e7\u00f5es na superintelig\u00eancia tribut\u00e1ria. - Motorista.com.br","isPartOf":{"@id":"https:\/\/motorista.com.br\/noticias\/#website"},"primaryImageOfPage":{"@id":"https:\/\/motorista.com.br\/noticias\/2026\/04\/27\/conferencia-tax-is-cool-2026-inovacoes-na-superinteligencia-tributaria\/#primaryimage"},"image":{"@id":"https:\/\/motorista.com.br\/noticias\/2026\/04\/27\/conferencia-tax-is-cool-2026-inovacoes-na-superinteligencia-tributaria\/#primaryimage"},"thumbnailUrl":"https:\/\/motorista.com.br\/noticias\/wp-content\/uploads\/2026\/04\/tax-is-cool-confererence-2026-6.jpg","datePublished":"2026-04-27T07:30:48+00:00","breadcrumb":{"@id":"https:\/\/motorista.com.br\/noticias\/2026\/04\/27\/conferencia-tax-is-cool-2026-inovacoes-na-superinteligencia-tributaria\/#breadcrumb"},"inLanguage":"pt-BR","potentialAction":[{"@type":"ReadAction","target":["https:\/\/motorista.com.br\/noticias\/2026\/04\/27\/conferencia-tax-is-cool-2026-inovacoes-na-superinteligencia-tributaria\/"]}]},{"@type":"ImageObject","inLanguage":"pt-BR","@id":"https:\/\/motorista.com.br\/noticias\/2026\/04\/27\/conferencia-tax-is-cool-2026-inovacoes-na-superinteligencia-tributaria\/#primaryimage","url":"https:\/\/motorista.com.br\/noticias\/wp-content\/uploads\/2026\/04\/tax-is-cool-confererence-2026-6.jpg","contentUrl":"https:\/\/motorista.com.br\/noticias\/wp-content\/uploads\/2026\/04\/tax-is-cool-confererence-2026-6.jpg","width":1080,"height":720},{"@type":"BreadcrumbList","@id":"https:\/\/motorista.com.br\/noticias\/2026\/04\/27\/conferencia-tax-is-cool-2026-inovacoes-na-superinteligencia-tributaria\/#breadcrumb","itemListElement":[{"@type":"ListItem","position":1,"name":"In\u00edcio","item":"https:\/\/motorista.com.br\/noticias\/"},{"@type":"ListItem","position":2,"name":"Confer\u00eancia Tax Is Cool 2026: Inova\u00e7\u00f5es na superintelig\u00eancia tribut\u00e1ria."}]},{"@type":"WebSite","@id":"https:\/\/motorista.com.br\/noticias\/#website","url":"https:\/\/motorista.com.br\/noticias\/","name":"Motorista.com.br","description":"Not\u00edcia do Motorista","publisher":{"@id":"https:\/\/motorista.com.br\/noticias\/#organization"},"potentialAction":[{"@type":"SearchAction","target":{"@type":"EntryPoint","urlTemplate":"https:\/\/motorista.com.br\/noticias\/?s={search_term_string}"},"query-input":{"@type":"PropertyValueSpecification","valueRequired":true,"valueName":"search_term_string"}}],"inLanguage":"pt-BR"},{"@type":"Organization","@id":"https:\/\/motorista.com.br\/noticias\/#organization","name":"Motorista.com.br","url":"https:\/\/motorista.com.br\/noticias\/","logo":{"@type":"ImageObject","inLanguage":"pt-BR","@id":"https:\/\/motorista.com.br\/noticias\/#\/schema\/logo\/image\/","url":"https:\/\/motorista.com.br\/noticias\/wp-content\/uploads\/2025\/06\/Design-sem-nome-9.png","contentUrl":"https:\/\/motorista.com.br\/noticias\/wp-content\/uploads\/2025\/06\/Design-sem-nome-9.png","width":150,"height":85,"caption":"Motorista.com.br"},"image":{"@id":"https:\/\/motorista.com.br\/noticias\/#\/schema\/logo\/image\/"}},{"@type":"Person","@id":"https:\/\/motorista.com.br\/noticias\/#\/schema\/person\/dc93afc2981c0e3ce6bc3c053fd847be","name":"Equipe Reda\u00e7\u00e3o","image":{"@type":"ImageObject","inLanguage":"pt-BR","@id":"https:\/\/secure.gravatar.com\/avatar\/4f525efbf18dd2bb300ccad28bfb99d95a9465a5ba268407c8c37b37e1f28d2d?s=96&d=mm&r=g9e099043a0c61e9ae27e293b9fa75ffc","url":"https:\/\/secure.gravatar.com\/avatar\/4f525efbf18dd2bb300ccad28bfb99d95a9465a5ba268407c8c37b37e1f28d2d?s=96&d=mm&r=g","contentUrl":"https:\/\/secure.gravatar.com\/avatar\/4f525efbf18dd2bb300ccad28bfb99d95a9465a5ba268407c8c37b37e1f28d2d?s=96&d=mm&r=g","caption":"Equipe Reda\u00e7\u00e3o"},"description":"Equipe de reda\u00e7\u00e3o \u00e9 um grupo de profissionais que trabalham juntos para criar conte\u00fado escrito para Motorista.com.br","url":"https:\/\/motorista.com.br\/noticias\/author\/equiperedacao\/"}]}},"_links":{"self":[{"href":"https:\/\/motorista.com.br\/noticias\/wp-json\/wp\/v2\/posts\/9204","targetHints":{"allow":["GET"]}}],"collection":[{"href":"https:\/\/motorista.com.br\/noticias\/wp-json\/wp\/v2\/posts"}],"about":[{"href":"https:\/\/motorista.com.br\/noticias\/wp-json\/wp\/v2\/types\/post"}],"author":[{"embeddable":true,"href":"https:\/\/motorista.com.br\/noticias\/wp-json\/wp\/v2\/users\/4"}],"replies":[{"embeddable":true,"href":"https:\/\/motorista.com.br\/noticias\/wp-json\/wp\/v2\/comments?post=9204"}],"version-history":[{"count":0,"href":"https:\/\/motorista.com.br\/noticias\/wp-json\/wp\/v2\/posts\/9204\/revisions"}],"wp:featuredmedia":[{"embeddable":true,"href":"https:\/\/motorista.com.br\/noticias\/wp-json\/wp\/v2\/media\/9205"}],"wp:attachment":[{"href":"https:\/\/motorista.com.br\/noticias\/wp-json\/wp\/v2\/media?parent=9204"}],"wp:term":[{"taxonomy":"category","embeddable":true,"href":"https:\/\/motorista.com.br\/noticias\/wp-json\/wp\/v2\/categories?post=9204"},{"taxonomy":"post_tag","embeddable":true,"href":"https:\/\/motorista.com.br\/noticias\/wp-json\/wp\/v2\/tags?post=9204"},{"taxonomy":"author","embeddable":true,"href":"https:\/\/motorista.com.br\/noticias\/wp-json\/wp\/v2\/coauthors?post=9204"}],"curies":[{"name":"wp","href":"https:\/\/api.w.org\/{rel}","templated":true}]}}