{"id":9196,"date":"2026-04-27T00:04:17","date_gmt":"2026-04-27T03:04:17","guid":{"rendered":"https:\/\/motorista.com.br\/noticias\/2026\/04\/27\/ficco-pr-captura-25-toneladas-de-maconha-em-caminhao-motorista-preso-em-guarapuava\/"},"modified":"2026-04-27T00:04:17","modified_gmt":"2026-04-27T03:04:17","slug":"ficco-pr-captura-25-toneladas-de-maconha-em-caminhao-motorista-preso-em-guarapuava","status":"publish","type":"post","link":"https:\/\/motorista.com.br\/noticias\/2026\/04\/27\/ficco-pr-captura-25-toneladas-de-maconha-em-caminhao-motorista-preso-em-guarapuava\/","title":{"rendered":"Ficco\/PR captura 2,5 toneladas de maconha em caminh\u00e3o; motorista preso em Guarapuava."},"content":{"rendered":"<p>A For\u00e7a Integrada de Combate ao Crime Organizado no Paran\u00e1 (FICCO\/PR) fez uma apreens\u00e3o significativa de mais de 2,5 toneladas de maconha na BR-277, em Guarapuava, durante uma opera\u00e7\u00e3o de fiscaliza\u00e7\u00e3o. O motorista, um homem de 41 anos, mostrava grande nervosismo e n\u00e3o conseguia explicar claramente a origem ou o destino da sua viagem, levantando suspeitas que levaram os policiais a verificar a carga que ele transportava.<\/p>\n<p>Ao abrirem o compartimento de carga, encontraram cerca de 2.580 quilos da droga, que o motorista alegou ter pegado em Foz do Igua\u00e7u com destino a Curitiba. O indiv\u00edduo foi preso e a carga, juntamente com o caminh\u00e3o, foi encaminhada \u00e0 Delegacia da Pol\u00edcia Federal em Guarapuava.<\/p>\n<p>Essas opera\u00e7\u00f5es de fiscaliza\u00e7\u00e3o t\u00eam um impacto direto na seguran\u00e7a dos motoristas e na mobilidade geral nas estradas. A presen\u00e7a ativa das for\u00e7as de seguran\u00e7a nas rodovias n\u00e3o apenas atua como um dissuasor para atividades criminosas, mas tamb\u00e9m garante que as estradas permane\u00e7am seguras para o transporte leg\u00edtimo de mercadorias. Quando o tr\u00e1fico de drogas \u00e9 combatido efetivamente, as condi\u00e7\u00f5es de tr\u00e1fego tendem a melhorar, tornando as viagens mais seguras e menos propensas a interrup\u00e7\u00f5es.<\/p>\n<p>Al\u00e9m disso, a\u00e7\u00f5es como essa promovem um sentimento de seguran\u00e7a entre os motoristas, que podem se sentir mais confiantes ao atuar em um ambiente em que as autoridades est\u00e3o vigilantes. Isso n\u00e3o s\u00f3 ajuda a proteger os motoristas e suas cargas, mas tamb\u00e9m colabora para um sistema de transporte mais eficiente e confi\u00e1vel, essencial para a economia local e nacional.<\/p>\n<p>A atua\u00e7\u00e3o cont\u00ednua e eficaz de organiza\u00e7\u00f5es como a FICCO\/PR \u00e9 vital para garantir que as rodovias permane\u00e7am livres de criminalidade, beneficiando todos os usu\u00e1rios e contribuindo para um sistema de mobilidade mais ordenado e seguro.<\/p>\n","protected":false},"excerpt":{"rendered":"<p>A For\u00e7a Integrada de Combate ao Crime Organizado no Paran\u00e1 (FICCO\/PR) fez uma apreens\u00e3o significativa de mais de 2,5 toneladas de maconha na BR-277, em Guarapuava, durante uma opera\u00e7\u00e3o de fiscaliza\u00e7\u00e3o. O motorista, um homem de 41 anos, mostrava grande nervosismo e n\u00e3o conseguia explicar claramente a origem ou o destino da sua viagem, levantando &hellip;<\/p>\n","protected":false},"author":4,"featured_media":9197,"comment_status":"","ping_status":"open","sticky":false,"template":"","format":"standard","meta":{"footnotes":""},"categories":[45],"tags":[],"coauthors":[42],"class_list":["post-9196","post","type-post","status-publish","format-standard","has-post-thumbnail","hentry","category-mundo"],"yoast_head":"<!-- This site is optimized with the Yoast SEO Premium plugin v25.5 (Yoast SEO v27.5) - https:\/\/yoast.com\/product\/yoast-seo-premium-wordpress\/ -->\n<title>Ficco\/PR captura 2,5 toneladas de maconha em caminh\u00e3o; motorista preso em Guarapuava. - Motorista.com.br<\/title>\n<meta name=\"robots\" content=\"index, follow, max-snippet:-1, max-image-preview:large, max-video-preview:-1\" \/>\n<link rel=\"canonical\" href=\"https:\/\/motorista.com.br\/noticias\/2026\/04\/27\/ficco-pr-captura-25-toneladas-de-maconha-em-caminhao-motorista-preso-em-guarapuava\/\" \/>\n<meta property=\"og:locale\" content=\"pt_BR\" \/>\n<meta property=\"og:type\" content=\"article\" \/>\n<meta property=\"og:title\" content=\"Ficco\/PR captura 2,5 toneladas de maconha em caminh\u00e3o; motorista preso em Guarapuava.\" \/>\n<meta property=\"og:description\" content=\"A For\u00e7a Integrada de Combate ao Crime Organizado no Paran\u00e1 (FICCO\/PR) fez uma apreens\u00e3o significativa de mais de 2,5 toneladas de maconha na BR-277, em Guarapuava, durante uma opera\u00e7\u00e3o de fiscaliza\u00e7\u00e3o. O motorista, um homem de 41 anos, mostrava grande nervosismo e n\u00e3o conseguia explicar claramente a origem ou o destino da sua viagem, levantando &hellip;\" \/>\n<meta property=\"og:url\" content=\"https:\/\/motorista.com.br\/noticias\/2026\/04\/27\/ficco-pr-captura-25-toneladas-de-maconha-em-caminhao-motorista-preso-em-guarapuava\/\" \/>\n<meta property=\"og:site_name\" content=\"Motorista.com.br\" \/>\n<meta property=\"article:published_time\" content=\"2026-04-27T03:04:17+00:00\" \/>\n<meta name=\"author\" content=\"Equipe Reda\u00e7\u00e3o\" \/>\n<meta name=\"twitter:card\" content=\"summary_large_image\" \/>\n<meta name=\"twitter:label1\" content=\"Escrito por\" \/>\n\t<meta name=\"twitter:data1\" content=\"Equipe Reda\u00e7\u00e3o\" \/>\n\t<meta name=\"twitter:label2\" content=\"Est. tempo de leitura\" \/>\n\t<meta name=\"twitter:data2\" content=\"2 minutos\" \/>\n\t<meta name=\"twitter:label3\" content=\"Written by\" \/>\n\t<meta name=\"twitter:data3\" content=\"Equipe Reda\u00e7\u00e3o\" \/>\n<script type=\"application\/ld+json\" class=\"yoast-schema-graph\">{\"@context\":\"https:\\\/\\\/schema.org\",\"@graph\":[{\"@type\":\"Article\",\"@id\":\"https:\\\/\\\/motorista.com.br\\\/noticias\\\/2026\\\/04\\\/27\\\/ficco-pr-captura-25-toneladas-de-maconha-em-caminhao-motorista-preso-em-guarapuava\\\/#article\",\"isPartOf\":{\"@id\":\"https:\\\/\\\/motorista.com.br\\\/noticias\\\/2026\\\/04\\\/27\\\/ficco-pr-captura-25-toneladas-de-maconha-em-caminhao-motorista-preso-em-guarapuava\\\/\"},\"author\":{\"name\":\"Equipe Reda\u00e7\u00e3o\",\"@id\":\"https:\\\/\\\/motorista.com.br\\\/noticias\\\/#\\\/schema\\\/person\\\/dc93afc2981c0e3ce6bc3c053fd847be\"},\"headline\":\"Ficco\\\/PR captura 2,5 toneladas de maconha em caminh\u00e3o; motorista preso em Guarapuava.\",\"datePublished\":\"2026-04-27T03:04:17+00:00\",\"mainEntityOfPage\":{\"@id\":\"https:\\\/\\\/motorista.com.br\\\/noticias\\\/2026\\\/04\\\/27\\\/ficco-pr-captura-25-toneladas-de-maconha-em-caminhao-motorista-preso-em-guarapuava\\\/\"},\"wordCount\":330,\"publisher\":{\"@id\":\"https:\\\/\\\/motorista.com.br\\\/noticias\\\/#organization\"},\"image\":{\"@id\":\"https:\\\/\\\/motorista.com.br\\\/noticias\\\/2026\\\/04\\\/27\\\/ficco-pr-captura-25-toneladas-de-maconha-em-caminhao-motorista-preso-em-guarapuava\\\/#primaryimage\"},\"thumbnailUrl\":\"https:\\\/\\\/motorista.com.br\\\/noticias\\\/wp-content\\\/uploads\\\/2026\\\/04\\\/20260426174555_ogImage_37.jpg\",\"articleSection\":[\"Mundo\"],\"inLanguage\":\"pt-BR\"},{\"@type\":\"WebPage\",\"@id\":\"https:\\\/\\\/motorista.com.br\\\/noticias\\\/2026\\\/04\\\/27\\\/ficco-pr-captura-25-toneladas-de-maconha-em-caminhao-motorista-preso-em-guarapuava\\\/\",\"url\":\"https:\\\/\\\/motorista.com.br\\\/noticias\\\/2026\\\/04\\\/27\\\/ficco-pr-captura-25-toneladas-de-maconha-em-caminhao-motorista-preso-em-guarapuava\\\/\",\"name\":\"Ficco\\\/PR captura 2,5 toneladas de maconha em caminh\u00e3o; motorista preso em Guarapuava. - Motorista.com.br\",\"isPartOf\":{\"@id\":\"https:\\\/\\\/motorista.com.br\\\/noticias\\\/#website\"},\"primaryImageOfPage\":{\"@id\":\"https:\\\/\\\/motorista.com.br\\\/noticias\\\/2026\\\/04\\\/27\\\/ficco-pr-captura-25-toneladas-de-maconha-em-caminhao-motorista-preso-em-guarapuava\\\/#primaryimage\"},\"image\":{\"@id\":\"https:\\\/\\\/motorista.com.br\\\/noticias\\\/2026\\\/04\\\/27\\\/ficco-pr-captura-25-toneladas-de-maconha-em-caminhao-motorista-preso-em-guarapuava\\\/#primaryimage\"},\"thumbnailUrl\":\"https:\\\/\\\/motorista.com.br\\\/noticias\\\/wp-content\\\/uploads\\\/2026\\\/04\\\/20260426174555_ogImage_37.jpg\",\"datePublished\":\"2026-04-27T03:04:17+00:00\",\"breadcrumb\":{\"@id\":\"https:\\\/\\\/motorista.com.br\\\/noticias\\\/2026\\\/04\\\/27\\\/ficco-pr-captura-25-toneladas-de-maconha-em-caminhao-motorista-preso-em-guarapuava\\\/#breadcrumb\"},\"inLanguage\":\"pt-BR\",\"potentialAction\":[{\"@type\":\"ReadAction\",\"target\":[\"https:\\\/\\\/motorista.com.br\\\/noticias\\\/2026\\\/04\\\/27\\\/ficco-pr-captura-25-toneladas-de-maconha-em-caminhao-motorista-preso-em-guarapuava\\\/\"]}]},{\"@type\":\"ImageObject\",\"inLanguage\":\"pt-BR\",\"@id\":\"https:\\\/\\\/motorista.com.br\\\/noticias\\\/2026\\\/04\\\/27\\\/ficco-pr-captura-25-toneladas-de-maconha-em-caminhao-motorista-preso-em-guarapuava\\\/#primaryimage\",\"url\":\"https:\\\/\\\/motorista.com.br\\\/noticias\\\/wp-content\\\/uploads\\\/2026\\\/04\\\/20260426174555_ogImage_37.jpg\",\"contentUrl\":\"https:\\\/\\\/motorista.com.br\\\/noticias\\\/wp-content\\\/uploads\\\/2026\\\/04\\\/20260426174555_ogImage_37.jpg\",\"width\":730,\"height\":400},{\"@type\":\"BreadcrumbList\",\"@id\":\"https:\\\/\\\/motorista.com.br\\\/noticias\\\/2026\\\/04\\\/27\\\/ficco-pr-captura-25-toneladas-de-maconha-em-caminhao-motorista-preso-em-guarapuava\\\/#breadcrumb\",\"itemListElement\":[{\"@type\":\"ListItem\",\"position\":1,\"name\":\"In\u00edcio\",\"item\":\"https:\\\/\\\/motorista.com.br\\\/noticias\\\/\"},{\"@type\":\"ListItem\",\"position\":2,\"name\":\"Ficco\\\/PR captura 2,5 toneladas de maconha em caminh\u00e3o; motorista preso em Guarapuava.\"}]},{\"@type\":\"WebSite\",\"@id\":\"https:\\\/\\\/motorista.com.br\\\/noticias\\\/#website\",\"url\":\"https:\\\/\\\/motorista.com.br\\\/noticias\\\/\",\"name\":\"Motorista.com.br\",\"description\":\"Not\u00edcia do Motorista\",\"publisher\":{\"@id\":\"https:\\\/\\\/motorista.com.br\\\/noticias\\\/#organization\"},\"potentialAction\":[{\"@type\":\"SearchAction\",\"target\":{\"@type\":\"EntryPoint\",\"urlTemplate\":\"https:\\\/\\\/motorista.com.br\\\/noticias\\\/?s={search_term_string}\"},\"query-input\":{\"@type\":\"PropertyValueSpecification\",\"valueRequired\":true,\"valueName\":\"search_term_string\"}}],\"inLanguage\":\"pt-BR\"},{\"@type\":\"Organization\",\"@id\":\"https:\\\/\\\/motorista.com.br\\\/noticias\\\/#organization\",\"name\":\"Motorista.com.br\",\"url\":\"https:\\\/\\\/motorista.com.br\\\/noticias\\\/\",\"logo\":{\"@type\":\"ImageObject\",\"inLanguage\":\"pt-BR\",\"@id\":\"https:\\\/\\\/motorista.com.br\\\/noticias\\\/#\\\/schema\\\/logo\\\/image\\\/\",\"url\":\"https:\\\/\\\/motorista.com.br\\\/noticias\\\/wp-content\\\/uploads\\\/2025\\\/06\\\/Design-sem-nome-9.png\",\"contentUrl\":\"https:\\\/\\\/motorista.com.br\\\/noticias\\\/wp-content\\\/uploads\\\/2025\\\/06\\\/Design-sem-nome-9.png\",\"width\":150,\"height\":85,\"caption\":\"Motorista.com.br\"},\"image\":{\"@id\":\"https:\\\/\\\/motorista.com.br\\\/noticias\\\/#\\\/schema\\\/logo\\\/image\\\/\"}},{\"@type\":\"Person\",\"@id\":\"https:\\\/\\\/motorista.com.br\\\/noticias\\\/#\\\/schema\\\/person\\\/dc93afc2981c0e3ce6bc3c053fd847be\",\"name\":\"Equipe Reda\u00e7\u00e3o\",\"image\":{\"@type\":\"ImageObject\",\"inLanguage\":\"pt-BR\",\"@id\":\"https:\\\/\\\/secure.gravatar.com\\\/avatar\\\/4f525efbf18dd2bb300ccad28bfb99d95a9465a5ba268407c8c37b37e1f28d2d?s=96&d=mm&r=g9e099043a0c61e9ae27e293b9fa75ffc\",\"url\":\"https:\\\/\\\/secure.gravatar.com\\\/avatar\\\/4f525efbf18dd2bb300ccad28bfb99d95a9465a5ba268407c8c37b37e1f28d2d?s=96&d=mm&r=g\",\"contentUrl\":\"https:\\\/\\\/secure.gravatar.com\\\/avatar\\\/4f525efbf18dd2bb300ccad28bfb99d95a9465a5ba268407c8c37b37e1f28d2d?s=96&d=mm&r=g\",\"caption\":\"Equipe Reda\u00e7\u00e3o\"},\"description\":\"Equipe de reda\u00e7\u00e3o \u00e9 um grupo de profissionais que trabalham juntos para criar conte\u00fado escrito para Motorista.com.br\",\"url\":\"https:\\\/\\\/motorista.com.br\\\/noticias\\\/author\\\/equiperedacao\\\/\"}]}<\/script>\n<!-- \/ Yoast SEO Premium plugin. -->","yoast_head_json":{"title":"Ficco\/PR captura 2,5 toneladas de maconha em caminh\u00e3o; motorista preso em Guarapuava. - Motorista.com.br","robots":{"index":"index","follow":"follow","max-snippet":"max-snippet:-1","max-image-preview":"max-image-preview:large","max-video-preview":"max-video-preview:-1"},"canonical":"https:\/\/motorista.com.br\/noticias\/2026\/04\/27\/ficco-pr-captura-25-toneladas-de-maconha-em-caminhao-motorista-preso-em-guarapuava\/","og_locale":"pt_BR","og_type":"article","og_title":"Ficco\/PR captura 2,5 toneladas de maconha em caminh\u00e3o; motorista preso em Guarapuava.","og_description":"A For\u00e7a Integrada de Combate ao Crime Organizado no Paran\u00e1 (FICCO\/PR) fez uma apreens\u00e3o significativa de mais de 2,5 toneladas de maconha na BR-277, em Guarapuava, durante uma opera\u00e7\u00e3o de fiscaliza\u00e7\u00e3o. O motorista, um homem de 41 anos, mostrava grande nervosismo e n\u00e3o conseguia explicar claramente a origem ou o destino da sua viagem, levantando &hellip;","og_url":"https:\/\/motorista.com.br\/noticias\/2026\/04\/27\/ficco-pr-captura-25-toneladas-de-maconha-em-caminhao-motorista-preso-em-guarapuava\/","og_site_name":"Motorista.com.br","article_published_time":"2026-04-27T03:04:17+00:00","author":"Equipe Reda\u00e7\u00e3o","twitter_card":"summary_large_image","twitter_misc":{"Escrito por":"Equipe Reda\u00e7\u00e3o","Est. tempo de leitura":"2 minutos","Written by":"Equipe Reda\u00e7\u00e3o"},"schema":{"@context":"https:\/\/schema.org","@graph":[{"@type":"Article","@id":"https:\/\/motorista.com.br\/noticias\/2026\/04\/27\/ficco-pr-captura-25-toneladas-de-maconha-em-caminhao-motorista-preso-em-guarapuava\/#article","isPartOf":{"@id":"https:\/\/motorista.com.br\/noticias\/2026\/04\/27\/ficco-pr-captura-25-toneladas-de-maconha-em-caminhao-motorista-preso-em-guarapuava\/"},"author":{"name":"Equipe Reda\u00e7\u00e3o","@id":"https:\/\/motorista.com.br\/noticias\/#\/schema\/person\/dc93afc2981c0e3ce6bc3c053fd847be"},"headline":"Ficco\/PR captura 2,5 toneladas de maconha em caminh\u00e3o; motorista preso em Guarapuava.","datePublished":"2026-04-27T03:04:17+00:00","mainEntityOfPage":{"@id":"https:\/\/motorista.com.br\/noticias\/2026\/04\/27\/ficco-pr-captura-25-toneladas-de-maconha-em-caminhao-motorista-preso-em-guarapuava\/"},"wordCount":330,"publisher":{"@id":"https:\/\/motorista.com.br\/noticias\/#organization"},"image":{"@id":"https:\/\/motorista.com.br\/noticias\/2026\/04\/27\/ficco-pr-captura-25-toneladas-de-maconha-em-caminhao-motorista-preso-em-guarapuava\/#primaryimage"},"thumbnailUrl":"https:\/\/motorista.com.br\/noticias\/wp-content\/uploads\/2026\/04\/20260426174555_ogImage_37.jpg","articleSection":["Mundo"],"inLanguage":"pt-BR"},{"@type":"WebPage","@id":"https:\/\/motorista.com.br\/noticias\/2026\/04\/27\/ficco-pr-captura-25-toneladas-de-maconha-em-caminhao-motorista-preso-em-guarapuava\/","url":"https:\/\/motorista.com.br\/noticias\/2026\/04\/27\/ficco-pr-captura-25-toneladas-de-maconha-em-caminhao-motorista-preso-em-guarapuava\/","name":"Ficco\/PR captura 2,5 toneladas de maconha em caminh\u00e3o; motorista preso em Guarapuava. - Motorista.com.br","isPartOf":{"@id":"https:\/\/motorista.com.br\/noticias\/#website"},"primaryImageOfPage":{"@id":"https:\/\/motorista.com.br\/noticias\/2026\/04\/27\/ficco-pr-captura-25-toneladas-de-maconha-em-caminhao-motorista-preso-em-guarapuava\/#primaryimage"},"image":{"@id":"https:\/\/motorista.com.br\/noticias\/2026\/04\/27\/ficco-pr-captura-25-toneladas-de-maconha-em-caminhao-motorista-preso-em-guarapuava\/#primaryimage"},"thumbnailUrl":"https:\/\/motorista.com.br\/noticias\/wp-content\/uploads\/2026\/04\/20260426174555_ogImage_37.jpg","datePublished":"2026-04-27T03:04:17+00:00","breadcrumb":{"@id":"https:\/\/motorista.com.br\/noticias\/2026\/04\/27\/ficco-pr-captura-25-toneladas-de-maconha-em-caminhao-motorista-preso-em-guarapuava\/#breadcrumb"},"inLanguage":"pt-BR","potentialAction":[{"@type":"ReadAction","target":["https:\/\/motorista.com.br\/noticias\/2026\/04\/27\/ficco-pr-captura-25-toneladas-de-maconha-em-caminhao-motorista-preso-em-guarapuava\/"]}]},{"@type":"ImageObject","inLanguage":"pt-BR","@id":"https:\/\/motorista.com.br\/noticias\/2026\/04\/27\/ficco-pr-captura-25-toneladas-de-maconha-em-caminhao-motorista-preso-em-guarapuava\/#primaryimage","url":"https:\/\/motorista.com.br\/noticias\/wp-content\/uploads\/2026\/04\/20260426174555_ogImage_37.jpg","contentUrl":"https:\/\/motorista.com.br\/noticias\/wp-content\/uploads\/2026\/04\/20260426174555_ogImage_37.jpg","width":730,"height":400},{"@type":"BreadcrumbList","@id":"https:\/\/motorista.com.br\/noticias\/2026\/04\/27\/ficco-pr-captura-25-toneladas-de-maconha-em-caminhao-motorista-preso-em-guarapuava\/#breadcrumb","itemListElement":[{"@type":"ListItem","position":1,"name":"In\u00edcio","item":"https:\/\/motorista.com.br\/noticias\/"},{"@type":"ListItem","position":2,"name":"Ficco\/PR captura 2,5 toneladas de maconha em caminh\u00e3o; motorista preso em Guarapuava."}]},{"@type":"WebSite","@id":"https:\/\/motorista.com.br\/noticias\/#website","url":"https:\/\/motorista.com.br\/noticias\/","name":"Motorista.com.br","description":"Not\u00edcia do Motorista","publisher":{"@id":"https:\/\/motorista.com.br\/noticias\/#organization"},"potentialAction":[{"@type":"SearchAction","target":{"@type":"EntryPoint","urlTemplate":"https:\/\/motorista.com.br\/noticias\/?s={search_term_string}"},"query-input":{"@type":"PropertyValueSpecification","valueRequired":true,"valueName":"search_term_string"}}],"inLanguage":"pt-BR"},{"@type":"Organization","@id":"https:\/\/motorista.com.br\/noticias\/#organization","name":"Motorista.com.br","url":"https:\/\/motorista.com.br\/noticias\/","logo":{"@type":"ImageObject","inLanguage":"pt-BR","@id":"https:\/\/motorista.com.br\/noticias\/#\/schema\/logo\/image\/","url":"https:\/\/motorista.com.br\/noticias\/wp-content\/uploads\/2025\/06\/Design-sem-nome-9.png","contentUrl":"https:\/\/motorista.com.br\/noticias\/wp-content\/uploads\/2025\/06\/Design-sem-nome-9.png","width":150,"height":85,"caption":"Motorista.com.br"},"image":{"@id":"https:\/\/motorista.com.br\/noticias\/#\/schema\/logo\/image\/"}},{"@type":"Person","@id":"https:\/\/motorista.com.br\/noticias\/#\/schema\/person\/dc93afc2981c0e3ce6bc3c053fd847be","name":"Equipe Reda\u00e7\u00e3o","image":{"@type":"ImageObject","inLanguage":"pt-BR","@id":"https:\/\/secure.gravatar.com\/avatar\/4f525efbf18dd2bb300ccad28bfb99d95a9465a5ba268407c8c37b37e1f28d2d?s=96&d=mm&r=g9e099043a0c61e9ae27e293b9fa75ffc","url":"https:\/\/secure.gravatar.com\/avatar\/4f525efbf18dd2bb300ccad28bfb99d95a9465a5ba268407c8c37b37e1f28d2d?s=96&d=mm&r=g","contentUrl":"https:\/\/secure.gravatar.com\/avatar\/4f525efbf18dd2bb300ccad28bfb99d95a9465a5ba268407c8c37b37e1f28d2d?s=96&d=mm&r=g","caption":"Equipe Reda\u00e7\u00e3o"},"description":"Equipe de reda\u00e7\u00e3o \u00e9 um grupo de profissionais que trabalham juntos para criar conte\u00fado escrito para Motorista.com.br","url":"https:\/\/motorista.com.br\/noticias\/author\/equiperedacao\/"}]}},"_links":{"self":[{"href":"https:\/\/motorista.com.br\/noticias\/wp-json\/wp\/v2\/posts\/9196","targetHints":{"allow":["GET"]}}],"collection":[{"href":"https:\/\/motorista.com.br\/noticias\/wp-json\/wp\/v2\/posts"}],"about":[{"href":"https:\/\/motorista.com.br\/noticias\/wp-json\/wp\/v2\/types\/post"}],"author":[{"embeddable":true,"href":"https:\/\/motorista.com.br\/noticias\/wp-json\/wp\/v2\/users\/4"}],"replies":[{"embeddable":true,"href":"https:\/\/motorista.com.br\/noticias\/wp-json\/wp\/v2\/comments?post=9196"}],"version-history":[{"count":0,"href":"https:\/\/motorista.com.br\/noticias\/wp-json\/wp\/v2\/posts\/9196\/revisions"}],"wp:featuredmedia":[{"embeddable":true,"href":"https:\/\/motorista.com.br\/noticias\/wp-json\/wp\/v2\/media\/9197"}],"wp:attachment":[{"href":"https:\/\/motorista.com.br\/noticias\/wp-json\/wp\/v2\/media?parent=9196"}],"wp:term":[{"taxonomy":"category","embeddable":true,"href":"https:\/\/motorista.com.br\/noticias\/wp-json\/wp\/v2\/categories?post=9196"},{"taxonomy":"post_tag","embeddable":true,"href":"https:\/\/motorista.com.br\/noticias\/wp-json\/wp\/v2\/tags?post=9196"},{"taxonomy":"author","embeddable":true,"href":"https:\/\/motorista.com.br\/noticias\/wp-json\/wp\/v2\/coauthors?post=9196"}],"curies":[{"name":"wp","href":"https:\/\/api.w.org\/{rel}","templated":true}]}}