{"id":9194,"date":"2026-04-26T23:59:52","date_gmt":"2026-04-27T02:59:52","guid":{"rendered":"https:\/\/motorista.com.br\/noticias\/2026\/04\/26\/agenda-da-semana-copom-fed-e-indicadores-importantes-veja\/"},"modified":"2026-04-26T23:59:52","modified_gmt":"2026-04-27T02:59:52","slug":"agenda-da-semana-copom-fed-e-indicadores-importantes-veja","status":"publish","type":"post","link":"https:\/\/motorista.com.br\/noticias\/2026\/04\/26\/agenda-da-semana-copom-fed-e-indicadores-importantes-veja\/","title":{"rendered":"Agenda da semana: Copom, Fed e indicadores importantes; veja!"},"content":{"rendered":"<p><\/p>\n<p><strong>Agenda da Semana: Copom, Fed e Indicadores Econ\u00f4micos &#8211; O Impacto na Mobilidade e nos Motoristas<\/strong><\/p>\n<p>A rotina econ\u00f4mica desta semana, marcada por decis\u00f5es de juros e indicadores importantes, pode ter implica\u00e7\u00f5es diretas e indiretas para motoristas e a mobilidade em geral. No centro das aten\u00e7\u00f5es est\u00e1 a t\u00e3o aguardada &quot;Super Quarta&quot;, quando tanto o Banco Central quanto o Federal Reserve ir\u00e3o anunciar suas decis\u00f5es de juros. Esse momento \u00e9 crucial, pois o movimento dos juros pode afetar a infla\u00e7\u00e3o, e, por consequ\u00eancia, o custo do combust\u00edvel e outros insumos.<\/p>\n<p>Na segunda-feira, o Boletim Focus calibra as expectativas do mercado, preparando o terreno para os dados mais relevantes ao longo da semana, como o IPCA-15, que revela as tend\u00eancias inflacion\u00e1rias. A infla\u00e7\u00e3o elevada, em especial no setor de combust\u00edveis, pode levar a um aumento nos pre\u00e7os, impactando diretamente o bolso dos motoristas.<\/p>\n<p>A decis\u00e3o do Copom na quarta-feira \u00e9 especialmente importante. A expectativa de um corte moderado na taxa Selic poderia aliviar as press\u00f5es sobre a infla\u00e7\u00e3o e, em teoria, permitir que os custos operacionais para motoristas \u2013 como combust\u00edvel e manuten\u00e7\u00e3o \u2013 n\u00e3o aumentem tanto. Isso tamb\u00e9m pode estimular o consumo e, por conseguinte, melhorar a movimenta\u00e7\u00e3o de bens e servi\u00e7os, beneficiando o fluxo de ve\u00edculos nas ruas.<\/p>\n<p>Por outro lado, a semana tamb\u00e9m traz dados de atividade e contas p\u00fablicas, como a taxa de desemprego e o CAGED. Um cen\u00e1rio econ\u00f4mico favor\u00e1vel pode resultar em um aumento no tr\u00e1fego e na demanda por servi\u00e7os de transporte. Isso significa que motoristas poderia experimentar um aumento nas corridas, especialmente aqueles que atuam em aplicativos de mobilidade.<\/p>\n<p>Nos Estados Unidos, a din\u00e2mica n\u00e3o \u00e9 diferente. Os dados de emprego e a confian\u00e7a do consumidor s\u00e3o os bar\u00f4metros que ajudam a prever o comportamento da economia. Um aumento na confian\u00e7a pode resultar em mais pessoas utilizando servi\u00e7os de transporte, impactando positivamente a mobilidade.<\/p>\n<p>Do ponto de vista global, as decis\u00f5es de pol\u00edtica monet\u00e1ria do Banco Central Europeu e do Banco da Inglaterra tamb\u00e9m influenciam as expectativas do mercado, o que reflete no c\u00e2mbio e, portanto, nos custos dos combust\u00edveis importados. Para os motoristas, isso significa que as flutua\u00e7\u00f5es nas taxas de juros podem ter um efeito cascata, impactando a infla\u00e7\u00e3o e, consequentemente, seus gastos semanais.<\/p>\n<p>\u00c0 medida que esses indicadores s\u00e3o divulgados ao longo da semana, \u00e9 crucial que os motoristas e usu\u00e1rios de transporte estejam atentos \u00e0s mudan\u00e7as econ\u00f4micas. As decis\u00f5es tomadas pelos bancos centrais poder\u00e3o n\u00e3o apenas moldar a economia, mas tamb\u00e9m afetar diretamente a mobilidade urbana e os custos associados ao transporte.<\/p>\n<p>Acompanhar esses desenvolvimentos \u00e9 fundamental, pois eles se entrela\u00e7am na vida cotidiana, demonstrando como a economia e a mobilidade andam lado a lado.<\/p>\n<p><strong>Fonte<\/strong>: Money Times<\/p>\n","protected":false},"excerpt":{"rendered":"<p>Agenda da Semana: Copom, Fed e Indicadores Econ\u00f4micos &#8211; O Impacto na Mobilidade e nos Motoristas A rotina econ\u00f4mica desta semana, marcada por decis\u00f5es de juros e indicadores importantes, pode ter implica\u00e7\u00f5es diretas e indiretas para motoristas e a mobilidade em geral. No centro das aten\u00e7\u00f5es est\u00e1 a t\u00e3o aguardada &quot;Super Quarta&quot;, quando tanto o &hellip;<\/p>\n","protected":false},"author":4,"featured_media":9195,"comment_status":"","ping_status":"open","sticky":false,"template":"","format":"standard","meta":{"footnotes":""},"categories":[61],"tags":[],"coauthors":[42],"class_list":["post-9194","post","type-post","status-publish","format-standard","has-post-thumbnail","hentry","category-mercado-financeiro"],"yoast_head":"<!-- This site is optimized with the Yoast SEO Premium plugin v25.5 (Yoast SEO v27.5) - https:\/\/yoast.com\/product\/yoast-seo-premium-wordpress\/ -->\n<title>Agenda da semana: Copom, Fed e indicadores importantes; veja! - Motorista.com.br<\/title>\n<meta name=\"robots\" content=\"index, follow, max-snippet:-1, max-image-preview:large, max-video-preview:-1\" \/>\n<link rel=\"canonical\" href=\"https:\/\/motorista.com.br\/noticias\/2026\/04\/26\/agenda-da-semana-copom-fed-e-indicadores-importantes-veja\/\" \/>\n<meta property=\"og:locale\" content=\"pt_BR\" \/>\n<meta property=\"og:type\" content=\"article\" \/>\n<meta property=\"og:title\" content=\"Agenda da semana: Copom, Fed e indicadores importantes; veja!\" \/>\n<meta property=\"og:description\" content=\"Agenda da Semana: Copom, Fed e Indicadores Econ\u00f4micos &#8211; O Impacto na Mobilidade e nos Motoristas A rotina econ\u00f4mica desta semana, marcada por decis\u00f5es de juros e indicadores importantes, pode ter implica\u00e7\u00f5es diretas e indiretas para motoristas e a mobilidade em geral. No centro das aten\u00e7\u00f5es est\u00e1 a t\u00e3o aguardada &quot;Super Quarta&quot;, quando tanto o &hellip;\" \/>\n<meta property=\"og:url\" content=\"https:\/\/motorista.com.br\/noticias\/2026\/04\/26\/agenda-da-semana-copom-fed-e-indicadores-importantes-veja\/\" \/>\n<meta property=\"og:site_name\" content=\"Motorista.com.br\" \/>\n<meta property=\"article:published_time\" content=\"2026-04-27T02:59:52+00:00\" \/>\n<meta name=\"author\" content=\"Equipe Reda\u00e7\u00e3o\" \/>\n<meta name=\"twitter:card\" content=\"summary_large_image\" \/>\n<meta name=\"twitter:label1\" content=\"Escrito por\" \/>\n\t<meta name=\"twitter:data1\" content=\"Equipe Reda\u00e7\u00e3o\" \/>\n\t<meta name=\"twitter:label2\" content=\"Est. tempo de leitura\" \/>\n\t<meta name=\"twitter:data2\" content=\"3 minutos\" \/>\n\t<meta name=\"twitter:label3\" content=\"Written by\" \/>\n\t<meta name=\"twitter:data3\" content=\"Equipe Reda\u00e7\u00e3o\" \/>\n<script type=\"application\/ld+json\" class=\"yoast-schema-graph\">{\"@context\":\"https:\\\/\\\/schema.org\",\"@graph\":[{\"@type\":\"Article\",\"@id\":\"https:\\\/\\\/motorista.com.br\\\/noticias\\\/2026\\\/04\\\/26\\\/agenda-da-semana-copom-fed-e-indicadores-importantes-veja\\\/#article\",\"isPartOf\":{\"@id\":\"https:\\\/\\\/motorista.com.br\\\/noticias\\\/2026\\\/04\\\/26\\\/agenda-da-semana-copom-fed-e-indicadores-importantes-veja\\\/\"},\"author\":{\"name\":\"Equipe Reda\u00e7\u00e3o\",\"@id\":\"https:\\\/\\\/motorista.com.br\\\/noticias\\\/#\\\/schema\\\/person\\\/dc93afc2981c0e3ce6bc3c053fd847be\"},\"headline\":\"Agenda da semana: Copom, Fed e indicadores importantes; veja!\",\"datePublished\":\"2026-04-27T02:59:52+00:00\",\"mainEntityOfPage\":{\"@id\":\"https:\\\/\\\/motorista.com.br\\\/noticias\\\/2026\\\/04\\\/26\\\/agenda-da-semana-copom-fed-e-indicadores-importantes-veja\\\/\"},\"wordCount\":509,\"publisher\":{\"@id\":\"https:\\\/\\\/motorista.com.br\\\/noticias\\\/#organization\"},\"image\":{\"@id\":\"https:\\\/\\\/motorista.com.br\\\/noticias\\\/2026\\\/04\\\/26\\\/agenda-da-semana-copom-fed-e-indicadores-importantes-veja\\\/#primaryimage\"},\"thumbnailUrl\":\"https:\\\/\\\/motorista.com.br\\\/noticias\\\/wp-content\\\/uploads\\\/2026\\\/04\\\/agenda-indicadores-economia-inflacao-juros-.jpg\",\"articleSection\":[\"Mercado Financeiro\"],\"inLanguage\":\"pt-BR\"},{\"@type\":\"WebPage\",\"@id\":\"https:\\\/\\\/motorista.com.br\\\/noticias\\\/2026\\\/04\\\/26\\\/agenda-da-semana-copom-fed-e-indicadores-importantes-veja\\\/\",\"url\":\"https:\\\/\\\/motorista.com.br\\\/noticias\\\/2026\\\/04\\\/26\\\/agenda-da-semana-copom-fed-e-indicadores-importantes-veja\\\/\",\"name\":\"Agenda da semana: Copom, Fed e indicadores importantes; veja! - Motorista.com.br\",\"isPartOf\":{\"@id\":\"https:\\\/\\\/motorista.com.br\\\/noticias\\\/#website\"},\"primaryImageOfPage\":{\"@id\":\"https:\\\/\\\/motorista.com.br\\\/noticias\\\/2026\\\/04\\\/26\\\/agenda-da-semana-copom-fed-e-indicadores-importantes-veja\\\/#primaryimage\"},\"image\":{\"@id\":\"https:\\\/\\\/motorista.com.br\\\/noticias\\\/2026\\\/04\\\/26\\\/agenda-da-semana-copom-fed-e-indicadores-importantes-veja\\\/#primaryimage\"},\"thumbnailUrl\":\"https:\\\/\\\/motorista.com.br\\\/noticias\\\/wp-content\\\/uploads\\\/2026\\\/04\\\/agenda-indicadores-economia-inflacao-juros-.jpg\",\"datePublished\":\"2026-04-27T02:59:52+00:00\",\"breadcrumb\":{\"@id\":\"https:\\\/\\\/motorista.com.br\\\/noticias\\\/2026\\\/04\\\/26\\\/agenda-da-semana-copom-fed-e-indicadores-importantes-veja\\\/#breadcrumb\"},\"inLanguage\":\"pt-BR\",\"potentialAction\":[{\"@type\":\"ReadAction\",\"target\":[\"https:\\\/\\\/motorista.com.br\\\/noticias\\\/2026\\\/04\\\/26\\\/agenda-da-semana-copom-fed-e-indicadores-importantes-veja\\\/\"]}]},{\"@type\":\"ImageObject\",\"inLanguage\":\"pt-BR\",\"@id\":\"https:\\\/\\\/motorista.com.br\\\/noticias\\\/2026\\\/04\\\/26\\\/agenda-da-semana-copom-fed-e-indicadores-importantes-veja\\\/#primaryimage\",\"url\":\"https:\\\/\\\/motorista.com.br\\\/noticias\\\/wp-content\\\/uploads\\\/2026\\\/04\\\/agenda-indicadores-economia-inflacao-juros-.jpg\",\"contentUrl\":\"https:\\\/\\\/motorista.com.br\\\/noticias\\\/wp-content\\\/uploads\\\/2026\\\/04\\\/agenda-indicadores-economia-inflacao-juros-.jpg\",\"width\":1280,\"height\":680},{\"@type\":\"BreadcrumbList\",\"@id\":\"https:\\\/\\\/motorista.com.br\\\/noticias\\\/2026\\\/04\\\/26\\\/agenda-da-semana-copom-fed-e-indicadores-importantes-veja\\\/#breadcrumb\",\"itemListElement\":[{\"@type\":\"ListItem\",\"position\":1,\"name\":\"In\u00edcio\",\"item\":\"https:\\\/\\\/motorista.com.br\\\/noticias\\\/\"},{\"@type\":\"ListItem\",\"position\":2,\"name\":\"Agenda da semana: Copom, Fed e indicadores importantes; veja!\"}]},{\"@type\":\"WebSite\",\"@id\":\"https:\\\/\\\/motorista.com.br\\\/noticias\\\/#website\",\"url\":\"https:\\\/\\\/motorista.com.br\\\/noticias\\\/\",\"name\":\"Motorista.com.br\",\"description\":\"Not\u00edcia do Motorista\",\"publisher\":{\"@id\":\"https:\\\/\\\/motorista.com.br\\\/noticias\\\/#organization\"},\"potentialAction\":[{\"@type\":\"SearchAction\",\"target\":{\"@type\":\"EntryPoint\",\"urlTemplate\":\"https:\\\/\\\/motorista.com.br\\\/noticias\\\/?s={search_term_string}\"},\"query-input\":{\"@type\":\"PropertyValueSpecification\",\"valueRequired\":true,\"valueName\":\"search_term_string\"}}],\"inLanguage\":\"pt-BR\"},{\"@type\":\"Organization\",\"@id\":\"https:\\\/\\\/motorista.com.br\\\/noticias\\\/#organization\",\"name\":\"Motorista.com.br\",\"url\":\"https:\\\/\\\/motorista.com.br\\\/noticias\\\/\",\"logo\":{\"@type\":\"ImageObject\",\"inLanguage\":\"pt-BR\",\"@id\":\"https:\\\/\\\/motorista.com.br\\\/noticias\\\/#\\\/schema\\\/logo\\\/image\\\/\",\"url\":\"https:\\\/\\\/motorista.com.br\\\/noticias\\\/wp-content\\\/uploads\\\/2025\\\/06\\\/Design-sem-nome-9.png\",\"contentUrl\":\"https:\\\/\\\/motorista.com.br\\\/noticias\\\/wp-content\\\/uploads\\\/2025\\\/06\\\/Design-sem-nome-9.png\",\"width\":150,\"height\":85,\"caption\":\"Motorista.com.br\"},\"image\":{\"@id\":\"https:\\\/\\\/motorista.com.br\\\/noticias\\\/#\\\/schema\\\/logo\\\/image\\\/\"}},{\"@type\":\"Person\",\"@id\":\"https:\\\/\\\/motorista.com.br\\\/noticias\\\/#\\\/schema\\\/person\\\/dc93afc2981c0e3ce6bc3c053fd847be\",\"name\":\"Equipe Reda\u00e7\u00e3o\",\"image\":{\"@type\":\"ImageObject\",\"inLanguage\":\"pt-BR\",\"@id\":\"https:\\\/\\\/secure.gravatar.com\\\/avatar\\\/4f525efbf18dd2bb300ccad28bfb99d95a9465a5ba268407c8c37b37e1f28d2d?s=96&d=mm&r=g9e099043a0c61e9ae27e293b9fa75ffc\",\"url\":\"https:\\\/\\\/secure.gravatar.com\\\/avatar\\\/4f525efbf18dd2bb300ccad28bfb99d95a9465a5ba268407c8c37b37e1f28d2d?s=96&d=mm&r=g\",\"contentUrl\":\"https:\\\/\\\/secure.gravatar.com\\\/avatar\\\/4f525efbf18dd2bb300ccad28bfb99d95a9465a5ba268407c8c37b37e1f28d2d?s=96&d=mm&r=g\",\"caption\":\"Equipe Reda\u00e7\u00e3o\"},\"description\":\"Equipe de reda\u00e7\u00e3o \u00e9 um grupo de profissionais que trabalham juntos para criar conte\u00fado escrito para Motorista.com.br\",\"url\":\"https:\\\/\\\/motorista.com.br\\\/noticias\\\/author\\\/equiperedacao\\\/\"}]}<\/script>\n<!-- \/ Yoast SEO Premium plugin. -->","yoast_head_json":{"title":"Agenda da semana: Copom, Fed e indicadores importantes; veja! - Motorista.com.br","robots":{"index":"index","follow":"follow","max-snippet":"max-snippet:-1","max-image-preview":"max-image-preview:large","max-video-preview":"max-video-preview:-1"},"canonical":"https:\/\/motorista.com.br\/noticias\/2026\/04\/26\/agenda-da-semana-copom-fed-e-indicadores-importantes-veja\/","og_locale":"pt_BR","og_type":"article","og_title":"Agenda da semana: Copom, Fed e indicadores importantes; veja!","og_description":"Agenda da Semana: Copom, Fed e Indicadores Econ\u00f4micos &#8211; O Impacto na Mobilidade e nos Motoristas A rotina econ\u00f4mica desta semana, marcada por decis\u00f5es de juros e indicadores importantes, pode ter implica\u00e7\u00f5es diretas e indiretas para motoristas e a mobilidade em geral. No centro das aten\u00e7\u00f5es est\u00e1 a t\u00e3o aguardada &quot;Super Quarta&quot;, quando tanto o &hellip;","og_url":"https:\/\/motorista.com.br\/noticias\/2026\/04\/26\/agenda-da-semana-copom-fed-e-indicadores-importantes-veja\/","og_site_name":"Motorista.com.br","article_published_time":"2026-04-27T02:59:52+00:00","author":"Equipe Reda\u00e7\u00e3o","twitter_card":"summary_large_image","twitter_misc":{"Escrito por":"Equipe Reda\u00e7\u00e3o","Est. tempo de leitura":"3 minutos","Written by":"Equipe Reda\u00e7\u00e3o"},"schema":{"@context":"https:\/\/schema.org","@graph":[{"@type":"Article","@id":"https:\/\/motorista.com.br\/noticias\/2026\/04\/26\/agenda-da-semana-copom-fed-e-indicadores-importantes-veja\/#article","isPartOf":{"@id":"https:\/\/motorista.com.br\/noticias\/2026\/04\/26\/agenda-da-semana-copom-fed-e-indicadores-importantes-veja\/"},"author":{"name":"Equipe Reda\u00e7\u00e3o","@id":"https:\/\/motorista.com.br\/noticias\/#\/schema\/person\/dc93afc2981c0e3ce6bc3c053fd847be"},"headline":"Agenda da semana: Copom, Fed e indicadores importantes; veja!","datePublished":"2026-04-27T02:59:52+00:00","mainEntityOfPage":{"@id":"https:\/\/motorista.com.br\/noticias\/2026\/04\/26\/agenda-da-semana-copom-fed-e-indicadores-importantes-veja\/"},"wordCount":509,"publisher":{"@id":"https:\/\/motorista.com.br\/noticias\/#organization"},"image":{"@id":"https:\/\/motorista.com.br\/noticias\/2026\/04\/26\/agenda-da-semana-copom-fed-e-indicadores-importantes-veja\/#primaryimage"},"thumbnailUrl":"https:\/\/motorista.com.br\/noticias\/wp-content\/uploads\/2026\/04\/agenda-indicadores-economia-inflacao-juros-.jpg","articleSection":["Mercado Financeiro"],"inLanguage":"pt-BR"},{"@type":"WebPage","@id":"https:\/\/motorista.com.br\/noticias\/2026\/04\/26\/agenda-da-semana-copom-fed-e-indicadores-importantes-veja\/","url":"https:\/\/motorista.com.br\/noticias\/2026\/04\/26\/agenda-da-semana-copom-fed-e-indicadores-importantes-veja\/","name":"Agenda da semana: Copom, Fed e indicadores importantes; veja! - Motorista.com.br","isPartOf":{"@id":"https:\/\/motorista.com.br\/noticias\/#website"},"primaryImageOfPage":{"@id":"https:\/\/motorista.com.br\/noticias\/2026\/04\/26\/agenda-da-semana-copom-fed-e-indicadores-importantes-veja\/#primaryimage"},"image":{"@id":"https:\/\/motorista.com.br\/noticias\/2026\/04\/26\/agenda-da-semana-copom-fed-e-indicadores-importantes-veja\/#primaryimage"},"thumbnailUrl":"https:\/\/motorista.com.br\/noticias\/wp-content\/uploads\/2026\/04\/agenda-indicadores-economia-inflacao-juros-.jpg","datePublished":"2026-04-27T02:59:52+00:00","breadcrumb":{"@id":"https:\/\/motorista.com.br\/noticias\/2026\/04\/26\/agenda-da-semana-copom-fed-e-indicadores-importantes-veja\/#breadcrumb"},"inLanguage":"pt-BR","potentialAction":[{"@type":"ReadAction","target":["https:\/\/motorista.com.br\/noticias\/2026\/04\/26\/agenda-da-semana-copom-fed-e-indicadores-importantes-veja\/"]}]},{"@type":"ImageObject","inLanguage":"pt-BR","@id":"https:\/\/motorista.com.br\/noticias\/2026\/04\/26\/agenda-da-semana-copom-fed-e-indicadores-importantes-veja\/#primaryimage","url":"https:\/\/motorista.com.br\/noticias\/wp-content\/uploads\/2026\/04\/agenda-indicadores-economia-inflacao-juros-.jpg","contentUrl":"https:\/\/motorista.com.br\/noticias\/wp-content\/uploads\/2026\/04\/agenda-indicadores-economia-inflacao-juros-.jpg","width":1280,"height":680},{"@type":"BreadcrumbList","@id":"https:\/\/motorista.com.br\/noticias\/2026\/04\/26\/agenda-da-semana-copom-fed-e-indicadores-importantes-veja\/#breadcrumb","itemListElement":[{"@type":"ListItem","position":1,"name":"In\u00edcio","item":"https:\/\/motorista.com.br\/noticias\/"},{"@type":"ListItem","position":2,"name":"Agenda da semana: Copom, Fed e indicadores importantes; veja!"}]},{"@type":"WebSite","@id":"https:\/\/motorista.com.br\/noticias\/#website","url":"https:\/\/motorista.com.br\/noticias\/","name":"Motorista.com.br","description":"Not\u00edcia do Motorista","publisher":{"@id":"https:\/\/motorista.com.br\/noticias\/#organization"},"potentialAction":[{"@type":"SearchAction","target":{"@type":"EntryPoint","urlTemplate":"https:\/\/motorista.com.br\/noticias\/?s={search_term_string}"},"query-input":{"@type":"PropertyValueSpecification","valueRequired":true,"valueName":"search_term_string"}}],"inLanguage":"pt-BR"},{"@type":"Organization","@id":"https:\/\/motorista.com.br\/noticias\/#organization","name":"Motorista.com.br","url":"https:\/\/motorista.com.br\/noticias\/","logo":{"@type":"ImageObject","inLanguage":"pt-BR","@id":"https:\/\/motorista.com.br\/noticias\/#\/schema\/logo\/image\/","url":"https:\/\/motorista.com.br\/noticias\/wp-content\/uploads\/2025\/06\/Design-sem-nome-9.png","contentUrl":"https:\/\/motorista.com.br\/noticias\/wp-content\/uploads\/2025\/06\/Design-sem-nome-9.png","width":150,"height":85,"caption":"Motorista.com.br"},"image":{"@id":"https:\/\/motorista.com.br\/noticias\/#\/schema\/logo\/image\/"}},{"@type":"Person","@id":"https:\/\/motorista.com.br\/noticias\/#\/schema\/person\/dc93afc2981c0e3ce6bc3c053fd847be","name":"Equipe Reda\u00e7\u00e3o","image":{"@type":"ImageObject","inLanguage":"pt-BR","@id":"https:\/\/secure.gravatar.com\/avatar\/4f525efbf18dd2bb300ccad28bfb99d95a9465a5ba268407c8c37b37e1f28d2d?s=96&d=mm&r=g9e099043a0c61e9ae27e293b9fa75ffc","url":"https:\/\/secure.gravatar.com\/avatar\/4f525efbf18dd2bb300ccad28bfb99d95a9465a5ba268407c8c37b37e1f28d2d?s=96&d=mm&r=g","contentUrl":"https:\/\/secure.gravatar.com\/avatar\/4f525efbf18dd2bb300ccad28bfb99d95a9465a5ba268407c8c37b37e1f28d2d?s=96&d=mm&r=g","caption":"Equipe Reda\u00e7\u00e3o"},"description":"Equipe de reda\u00e7\u00e3o \u00e9 um grupo de profissionais que trabalham juntos para criar conte\u00fado escrito para Motorista.com.br","url":"https:\/\/motorista.com.br\/noticias\/author\/equiperedacao\/"}]}},"_links":{"self":[{"href":"https:\/\/motorista.com.br\/noticias\/wp-json\/wp\/v2\/posts\/9194","targetHints":{"allow":["GET"]}}],"collection":[{"href":"https:\/\/motorista.com.br\/noticias\/wp-json\/wp\/v2\/posts"}],"about":[{"href":"https:\/\/motorista.com.br\/noticias\/wp-json\/wp\/v2\/types\/post"}],"author":[{"embeddable":true,"href":"https:\/\/motorista.com.br\/noticias\/wp-json\/wp\/v2\/users\/4"}],"replies":[{"embeddable":true,"href":"https:\/\/motorista.com.br\/noticias\/wp-json\/wp\/v2\/comments?post=9194"}],"version-history":[{"count":0,"href":"https:\/\/motorista.com.br\/noticias\/wp-json\/wp\/v2\/posts\/9194\/revisions"}],"wp:featuredmedia":[{"embeddable":true,"href":"https:\/\/motorista.com.br\/noticias\/wp-json\/wp\/v2\/media\/9195"}],"wp:attachment":[{"href":"https:\/\/motorista.com.br\/noticias\/wp-json\/wp\/v2\/media?parent=9194"}],"wp:term":[{"taxonomy":"category","embeddable":true,"href":"https:\/\/motorista.com.br\/noticias\/wp-json\/wp\/v2\/categories?post=9194"},{"taxonomy":"post_tag","embeddable":true,"href":"https:\/\/motorista.com.br\/noticias\/wp-json\/wp\/v2\/tags?post=9194"},{"taxonomy":"author","embeddable":true,"href":"https:\/\/motorista.com.br\/noticias\/wp-json\/wp\/v2\/coauthors?post=9194"}],"curies":[{"name":"wp","href":"https:\/\/api.w.org\/{rel}","templated":true}]}}