{"id":9192,"date":"2026-04-26T23:40:09","date_gmt":"2026-04-27T02:40:09","guid":{"rendered":"https:\/\/motorista.com.br\/noticias\/2026\/04\/26\/sequoia-transfere-ativos-ao-mercado-livre-e-reestrutura-marca-flash-courier\/"},"modified":"2026-04-26T23:40:09","modified_gmt":"2026-04-27T02:40:09","slug":"sequoia-transfere-ativos-ao-mercado-livre-e-reestrutura-marca-flash-courier","status":"publish","type":"post","link":"https:\/\/motorista.com.br\/noticias\/2026\/04\/26\/sequoia-transfere-ativos-ao-mercado-livre-e-reestrutura-marca-flash-courier\/","title":{"rendered":"Sequoia transfere ativos ao Mercado Livre e reestrutura marca Flash Courier."},"content":{"rendered":"<p><\/p>\n<h3>Sequoia Vende Ativos ao Mercado Livre e Reposiciona Opera\u00e7\u00e3o sob a Marca Flash Courier<\/h3>\n<p>A Sequoia Log\u00edstica anunciou a venda de ativos operacionais para o Mercado Livre por US$ 7,5 milh\u00f5es, mudando o foco de suas opera\u00e7\u00f5es para a nova marca Flash Courier. Essa reestrutura\u00e7\u00e3o traz \u00e0 tona um modelo mais leve e previs\u00edvel de gera\u00e7\u00e3o de receita, priorizando contratos recorrentes e buscando menor exposi\u00e7\u00e3o \u00e0 volatilidade do e-commerce. <\/p>\n<p>\u00c0 medida que grandes marketplaces, como o Mercado Livre, aumentam sua presen\u00e7a na log\u00edstica interna \u2014 incluindo armazenagem e entregas \u2014 o antigo modelo B2C tornou-se menos vi\u00e1vel. As margens de lucro est\u00e3o comprimidas e a perda de escala \u00e9 uma realidade para muitas empresas independentes. Dessa forma, a Sequoia optou por se readequar, concentrando-se em dois segmentos principais: a log\u00edstica de pequenos volumes e objetos de valor, e o transporte de carga fechada, com contratos recorrentes para grandes empresas.<\/p>\n<p>Com uma abordagem mais focada, a Flash Courier j\u00e1 conta com 423 franquias exclusivas e uma presen\u00e7a significativa em 1.511 munic\u00edpios, alcan\u00e7ando cerca de 72% da popula\u00e7\u00e3o brasileira. A empresa investiu em uma malha dedicada e sistemas pr\u00f3prios de rastreabilidade, al\u00e9m de uma estrutura confi\u00e1vel para prevenir fraudes, fatores que agregam valor e seguran\u00e7a ao servi\u00e7o.<\/p>\n<p>Essa mudan\u00e7a n\u00e3o apenas visa a recupera\u00e7\u00e3o da gera\u00e7\u00e3o de caixa e a estabilidade operacional, mas tamb\u00e9m reflete um impacto direto na mobilidade e na efici\u00eancia log\u00edstica, fatores cruciais para motoristas e consumidores. Um modelo de opera\u00e7\u00e3o mais previs\u00edvel e eficiente pode resultar em melhores rotas, menores tempos de espera e uma entrega mais confi\u00e1vel. Esses aspectos s\u00e3o fundamentais para a melhoria da mobilidade urbana, onde a integra\u00e7\u00e3o entre transportes e servi\u00e7os log\u00edsticos \u00e9 cada vez mais necess\u00e1ria.<\/p>\n<p>Os motoristas, por sua vez, podem se beneficiar de um sistema que prioriza a efici\u00eancia e a seguran\u00e7a nas entregas, permitindo que realizem suas atividades de forma mais organizada e com menos incertezas relacionadas \u00e0 demanda. Com a reestrutura\u00e7\u00e3o da Sequoia, a expectativa \u00e9 que a mobilidade geral se torne mais fluida, trazendo benef\u00edcios tanto para quem dirige quanto para quem recebe os servi\u00e7os.<\/p>\n<p>A transa\u00e7\u00e3o marca um novo cap\u00edtulo na hist\u00f3ria da Sequoia, que, com o reposicionamento da marca Flash Courier, busca enfrentear novos desafios em um ambiente log\u00edstico em constante evolu\u00e7\u00e3o.<\/p>\n<p><strong>Fonte:<\/strong> Carta de Log\u00edstica.<\/p>\n","protected":false},"excerpt":{"rendered":"<p>Sequoia Vende Ativos ao Mercado Livre e Reposiciona Opera\u00e7\u00e3o sob a Marca Flash Courier A Sequoia Log\u00edstica anunciou a venda de ativos operacionais para o Mercado Livre por US$ 7,5 milh\u00f5es, mudando o foco de suas opera\u00e7\u00f5es para a nova marca Flash Courier. Essa reestrutura\u00e7\u00e3o traz \u00e0 tona um modelo mais leve e previs\u00edvel de &hellip;<\/p>\n","protected":false},"author":4,"featured_media":9193,"comment_status":"","ping_status":"open","sticky":false,"template":"","format":"standard","meta":{"footnotes":""},"categories":[62],"tags":[],"coauthors":[42],"class_list":["post-9192","post","type-post","status-publish","format-standard","has-post-thumbnail","hentry","category-logistica"],"yoast_head":"<!-- This site is optimized with the Yoast SEO Premium plugin v25.5 (Yoast SEO v27.5) - https:\/\/yoast.com\/product\/yoast-seo-premium-wordpress\/ -->\n<title>Sequoia transfere ativos ao Mercado Livre e reestrutura marca Flash Courier. - Motorista.com.br<\/title>\n<meta name=\"robots\" content=\"index, follow, max-snippet:-1, max-image-preview:large, max-video-preview:-1\" \/>\n<link rel=\"canonical\" href=\"https:\/\/motorista.com.br\/noticias\/2026\/04\/26\/sequoia-transfere-ativos-ao-mercado-livre-e-reestrutura-marca-flash-courier\/\" \/>\n<meta property=\"og:locale\" content=\"pt_BR\" \/>\n<meta property=\"og:type\" content=\"article\" \/>\n<meta property=\"og:title\" content=\"Sequoia transfere ativos ao Mercado Livre e reestrutura marca Flash Courier.\" \/>\n<meta property=\"og:description\" content=\"Sequoia Vende Ativos ao Mercado Livre e Reposiciona Opera\u00e7\u00e3o sob a Marca Flash Courier A Sequoia Log\u00edstica anunciou a venda de ativos operacionais para o Mercado Livre por US$ 7,5 milh\u00f5es, mudando o foco de suas opera\u00e7\u00f5es para a nova marca Flash Courier. Essa reestrutura\u00e7\u00e3o traz \u00e0 tona um modelo mais leve e previs\u00edvel de &hellip;\" \/>\n<meta property=\"og:url\" content=\"https:\/\/motorista.com.br\/noticias\/2026\/04\/26\/sequoia-transfere-ativos-ao-mercado-livre-e-reestrutura-marca-flash-courier\/\" \/>\n<meta property=\"og:site_name\" content=\"Motorista.com.br\" \/>\n<meta property=\"article:published_time\" content=\"2026-04-27T02:40:09+00:00\" \/>\n<meta name=\"author\" content=\"Equipe Reda\u00e7\u00e3o\" \/>\n<meta name=\"twitter:card\" content=\"summary_large_image\" \/>\n<meta name=\"twitter:label1\" content=\"Escrito por\" \/>\n\t<meta name=\"twitter:data1\" content=\"Equipe Reda\u00e7\u00e3o\" \/>\n\t<meta name=\"twitter:label2\" content=\"Est. tempo de leitura\" \/>\n\t<meta name=\"twitter:data2\" content=\"2 minutos\" \/>\n\t<meta name=\"twitter:label3\" content=\"Written by\" \/>\n\t<meta name=\"twitter:data3\" content=\"Equipe Reda\u00e7\u00e3o\" \/>\n<script type=\"application\/ld+json\" class=\"yoast-schema-graph\">{\"@context\":\"https:\\\/\\\/schema.org\",\"@graph\":[{\"@type\":\"Article\",\"@id\":\"https:\\\/\\\/motorista.com.br\\\/noticias\\\/2026\\\/04\\\/26\\\/sequoia-transfere-ativos-ao-mercado-livre-e-reestrutura-marca-flash-courier\\\/#article\",\"isPartOf\":{\"@id\":\"https:\\\/\\\/motorista.com.br\\\/noticias\\\/2026\\\/04\\\/26\\\/sequoia-transfere-ativos-ao-mercado-livre-e-reestrutura-marca-flash-courier\\\/\"},\"author\":{\"name\":\"Equipe Reda\u00e7\u00e3o\",\"@id\":\"https:\\\/\\\/motorista.com.br\\\/noticias\\\/#\\\/schema\\\/person\\\/dc93afc2981c0e3ce6bc3c053fd847be\"},\"headline\":\"Sequoia transfere ativos ao Mercado Livre e reestrutura marca Flash Courier.\",\"datePublished\":\"2026-04-27T02:40:09+00:00\",\"mainEntityOfPage\":{\"@id\":\"https:\\\/\\\/motorista.com.br\\\/noticias\\\/2026\\\/04\\\/26\\\/sequoia-transfere-ativos-ao-mercado-livre-e-reestrutura-marca-flash-courier\\\/\"},\"wordCount\":427,\"publisher\":{\"@id\":\"https:\\\/\\\/motorista.com.br\\\/noticias\\\/#organization\"},\"image\":{\"@id\":\"https:\\\/\\\/motorista.com.br\\\/noticias\\\/2026\\\/04\\\/26\\\/sequoia-transfere-ativos-ao-mercado-livre-e-reestrutura-marca-flash-courier\\\/#primaryimage\"},\"thumbnailUrl\":\"https:\\\/\\\/motorista.com.br\\\/noticias\\\/wp-content\\\/uploads\\\/2026\\\/04\\\/ID-CL-1000-px-x-830-px-Sequoia.png\",\"articleSection\":[\"Log\u00edstica\"],\"inLanguage\":\"pt-BR\"},{\"@type\":\"WebPage\",\"@id\":\"https:\\\/\\\/motorista.com.br\\\/noticias\\\/2026\\\/04\\\/26\\\/sequoia-transfere-ativos-ao-mercado-livre-e-reestrutura-marca-flash-courier\\\/\",\"url\":\"https:\\\/\\\/motorista.com.br\\\/noticias\\\/2026\\\/04\\\/26\\\/sequoia-transfere-ativos-ao-mercado-livre-e-reestrutura-marca-flash-courier\\\/\",\"name\":\"Sequoia transfere ativos ao Mercado Livre e reestrutura marca Flash Courier. - Motorista.com.br\",\"isPartOf\":{\"@id\":\"https:\\\/\\\/motorista.com.br\\\/noticias\\\/#website\"},\"primaryImageOfPage\":{\"@id\":\"https:\\\/\\\/motorista.com.br\\\/noticias\\\/2026\\\/04\\\/26\\\/sequoia-transfere-ativos-ao-mercado-livre-e-reestrutura-marca-flash-courier\\\/#primaryimage\"},\"image\":{\"@id\":\"https:\\\/\\\/motorista.com.br\\\/noticias\\\/2026\\\/04\\\/26\\\/sequoia-transfere-ativos-ao-mercado-livre-e-reestrutura-marca-flash-courier\\\/#primaryimage\"},\"thumbnailUrl\":\"https:\\\/\\\/motorista.com.br\\\/noticias\\\/wp-content\\\/uploads\\\/2026\\\/04\\\/ID-CL-1000-px-x-830-px-Sequoia.png\",\"datePublished\":\"2026-04-27T02:40:09+00:00\",\"breadcrumb\":{\"@id\":\"https:\\\/\\\/motorista.com.br\\\/noticias\\\/2026\\\/04\\\/26\\\/sequoia-transfere-ativos-ao-mercado-livre-e-reestrutura-marca-flash-courier\\\/#breadcrumb\"},\"inLanguage\":\"pt-BR\",\"potentialAction\":[{\"@type\":\"ReadAction\",\"target\":[\"https:\\\/\\\/motorista.com.br\\\/noticias\\\/2026\\\/04\\\/26\\\/sequoia-transfere-ativos-ao-mercado-livre-e-reestrutura-marca-flash-courier\\\/\"]}]},{\"@type\":\"ImageObject\",\"inLanguage\":\"pt-BR\",\"@id\":\"https:\\\/\\\/motorista.com.br\\\/noticias\\\/2026\\\/04\\\/26\\\/sequoia-transfere-ativos-ao-mercado-livre-e-reestrutura-marca-flash-courier\\\/#primaryimage\",\"url\":\"https:\\\/\\\/motorista.com.br\\\/noticias\\\/wp-content\\\/uploads\\\/2026\\\/04\\\/ID-CL-1000-px-x-830-px-Sequoia.png\",\"contentUrl\":\"https:\\\/\\\/motorista.com.br\\\/noticias\\\/wp-content\\\/uploads\\\/2026\\\/04\\\/ID-CL-1000-px-x-830-px-Sequoia.png\",\"width\":1000,\"height\":821},{\"@type\":\"BreadcrumbList\",\"@id\":\"https:\\\/\\\/motorista.com.br\\\/noticias\\\/2026\\\/04\\\/26\\\/sequoia-transfere-ativos-ao-mercado-livre-e-reestrutura-marca-flash-courier\\\/#breadcrumb\",\"itemListElement\":[{\"@type\":\"ListItem\",\"position\":1,\"name\":\"In\u00edcio\",\"item\":\"https:\\\/\\\/motorista.com.br\\\/noticias\\\/\"},{\"@type\":\"ListItem\",\"position\":2,\"name\":\"Sequoia transfere ativos ao Mercado Livre e reestrutura marca Flash Courier.\"}]},{\"@type\":\"WebSite\",\"@id\":\"https:\\\/\\\/motorista.com.br\\\/noticias\\\/#website\",\"url\":\"https:\\\/\\\/motorista.com.br\\\/noticias\\\/\",\"name\":\"Motorista.com.br\",\"description\":\"Not\u00edcia do Motorista\",\"publisher\":{\"@id\":\"https:\\\/\\\/motorista.com.br\\\/noticias\\\/#organization\"},\"potentialAction\":[{\"@type\":\"SearchAction\",\"target\":{\"@type\":\"EntryPoint\",\"urlTemplate\":\"https:\\\/\\\/motorista.com.br\\\/noticias\\\/?s={search_term_string}\"},\"query-input\":{\"@type\":\"PropertyValueSpecification\",\"valueRequired\":true,\"valueName\":\"search_term_string\"}}],\"inLanguage\":\"pt-BR\"},{\"@type\":\"Organization\",\"@id\":\"https:\\\/\\\/motorista.com.br\\\/noticias\\\/#organization\",\"name\":\"Motorista.com.br\",\"url\":\"https:\\\/\\\/motorista.com.br\\\/noticias\\\/\",\"logo\":{\"@type\":\"ImageObject\",\"inLanguage\":\"pt-BR\",\"@id\":\"https:\\\/\\\/motorista.com.br\\\/noticias\\\/#\\\/schema\\\/logo\\\/image\\\/\",\"url\":\"https:\\\/\\\/motorista.com.br\\\/noticias\\\/wp-content\\\/uploads\\\/2025\\\/06\\\/Design-sem-nome-9.png\",\"contentUrl\":\"https:\\\/\\\/motorista.com.br\\\/noticias\\\/wp-content\\\/uploads\\\/2025\\\/06\\\/Design-sem-nome-9.png\",\"width\":150,\"height\":85,\"caption\":\"Motorista.com.br\"},\"image\":{\"@id\":\"https:\\\/\\\/motorista.com.br\\\/noticias\\\/#\\\/schema\\\/logo\\\/image\\\/\"}},{\"@type\":\"Person\",\"@id\":\"https:\\\/\\\/motorista.com.br\\\/noticias\\\/#\\\/schema\\\/person\\\/dc93afc2981c0e3ce6bc3c053fd847be\",\"name\":\"Equipe Reda\u00e7\u00e3o\",\"image\":{\"@type\":\"ImageObject\",\"inLanguage\":\"pt-BR\",\"@id\":\"https:\\\/\\\/secure.gravatar.com\\\/avatar\\\/4f525efbf18dd2bb300ccad28bfb99d95a9465a5ba268407c8c37b37e1f28d2d?s=96&d=mm&r=g9e099043a0c61e9ae27e293b9fa75ffc\",\"url\":\"https:\\\/\\\/secure.gravatar.com\\\/avatar\\\/4f525efbf18dd2bb300ccad28bfb99d95a9465a5ba268407c8c37b37e1f28d2d?s=96&d=mm&r=g\",\"contentUrl\":\"https:\\\/\\\/secure.gravatar.com\\\/avatar\\\/4f525efbf18dd2bb300ccad28bfb99d95a9465a5ba268407c8c37b37e1f28d2d?s=96&d=mm&r=g\",\"caption\":\"Equipe Reda\u00e7\u00e3o\"},\"description\":\"Equipe de reda\u00e7\u00e3o \u00e9 um grupo de profissionais que trabalham juntos para criar conte\u00fado escrito para Motorista.com.br\",\"url\":\"https:\\\/\\\/motorista.com.br\\\/noticias\\\/author\\\/equiperedacao\\\/\"}]}<\/script>\n<!-- \/ Yoast SEO Premium plugin. -->","yoast_head_json":{"title":"Sequoia transfere ativos ao Mercado Livre e reestrutura marca Flash Courier. - Motorista.com.br","robots":{"index":"index","follow":"follow","max-snippet":"max-snippet:-1","max-image-preview":"max-image-preview:large","max-video-preview":"max-video-preview:-1"},"canonical":"https:\/\/motorista.com.br\/noticias\/2026\/04\/26\/sequoia-transfere-ativos-ao-mercado-livre-e-reestrutura-marca-flash-courier\/","og_locale":"pt_BR","og_type":"article","og_title":"Sequoia transfere ativos ao Mercado Livre e reestrutura marca Flash Courier.","og_description":"Sequoia Vende Ativos ao Mercado Livre e Reposiciona Opera\u00e7\u00e3o sob a Marca Flash Courier A Sequoia Log\u00edstica anunciou a venda de ativos operacionais para o Mercado Livre por US$ 7,5 milh\u00f5es, mudando o foco de suas opera\u00e7\u00f5es para a nova marca Flash Courier. Essa reestrutura\u00e7\u00e3o traz \u00e0 tona um modelo mais leve e previs\u00edvel de &hellip;","og_url":"https:\/\/motorista.com.br\/noticias\/2026\/04\/26\/sequoia-transfere-ativos-ao-mercado-livre-e-reestrutura-marca-flash-courier\/","og_site_name":"Motorista.com.br","article_published_time":"2026-04-27T02:40:09+00:00","author":"Equipe Reda\u00e7\u00e3o","twitter_card":"summary_large_image","twitter_misc":{"Escrito por":"Equipe Reda\u00e7\u00e3o","Est. tempo de leitura":"2 minutos","Written by":"Equipe Reda\u00e7\u00e3o"},"schema":{"@context":"https:\/\/schema.org","@graph":[{"@type":"Article","@id":"https:\/\/motorista.com.br\/noticias\/2026\/04\/26\/sequoia-transfere-ativos-ao-mercado-livre-e-reestrutura-marca-flash-courier\/#article","isPartOf":{"@id":"https:\/\/motorista.com.br\/noticias\/2026\/04\/26\/sequoia-transfere-ativos-ao-mercado-livre-e-reestrutura-marca-flash-courier\/"},"author":{"name":"Equipe Reda\u00e7\u00e3o","@id":"https:\/\/motorista.com.br\/noticias\/#\/schema\/person\/dc93afc2981c0e3ce6bc3c053fd847be"},"headline":"Sequoia transfere ativos ao Mercado Livre e reestrutura marca Flash Courier.","datePublished":"2026-04-27T02:40:09+00:00","mainEntityOfPage":{"@id":"https:\/\/motorista.com.br\/noticias\/2026\/04\/26\/sequoia-transfere-ativos-ao-mercado-livre-e-reestrutura-marca-flash-courier\/"},"wordCount":427,"publisher":{"@id":"https:\/\/motorista.com.br\/noticias\/#organization"},"image":{"@id":"https:\/\/motorista.com.br\/noticias\/2026\/04\/26\/sequoia-transfere-ativos-ao-mercado-livre-e-reestrutura-marca-flash-courier\/#primaryimage"},"thumbnailUrl":"https:\/\/motorista.com.br\/noticias\/wp-content\/uploads\/2026\/04\/ID-CL-1000-px-x-830-px-Sequoia.png","articleSection":["Log\u00edstica"],"inLanguage":"pt-BR"},{"@type":"WebPage","@id":"https:\/\/motorista.com.br\/noticias\/2026\/04\/26\/sequoia-transfere-ativos-ao-mercado-livre-e-reestrutura-marca-flash-courier\/","url":"https:\/\/motorista.com.br\/noticias\/2026\/04\/26\/sequoia-transfere-ativos-ao-mercado-livre-e-reestrutura-marca-flash-courier\/","name":"Sequoia transfere ativos ao Mercado Livre e reestrutura marca Flash Courier. - Motorista.com.br","isPartOf":{"@id":"https:\/\/motorista.com.br\/noticias\/#website"},"primaryImageOfPage":{"@id":"https:\/\/motorista.com.br\/noticias\/2026\/04\/26\/sequoia-transfere-ativos-ao-mercado-livre-e-reestrutura-marca-flash-courier\/#primaryimage"},"image":{"@id":"https:\/\/motorista.com.br\/noticias\/2026\/04\/26\/sequoia-transfere-ativos-ao-mercado-livre-e-reestrutura-marca-flash-courier\/#primaryimage"},"thumbnailUrl":"https:\/\/motorista.com.br\/noticias\/wp-content\/uploads\/2026\/04\/ID-CL-1000-px-x-830-px-Sequoia.png","datePublished":"2026-04-27T02:40:09+00:00","breadcrumb":{"@id":"https:\/\/motorista.com.br\/noticias\/2026\/04\/26\/sequoia-transfere-ativos-ao-mercado-livre-e-reestrutura-marca-flash-courier\/#breadcrumb"},"inLanguage":"pt-BR","potentialAction":[{"@type":"ReadAction","target":["https:\/\/motorista.com.br\/noticias\/2026\/04\/26\/sequoia-transfere-ativos-ao-mercado-livre-e-reestrutura-marca-flash-courier\/"]}]},{"@type":"ImageObject","inLanguage":"pt-BR","@id":"https:\/\/motorista.com.br\/noticias\/2026\/04\/26\/sequoia-transfere-ativos-ao-mercado-livre-e-reestrutura-marca-flash-courier\/#primaryimage","url":"https:\/\/motorista.com.br\/noticias\/wp-content\/uploads\/2026\/04\/ID-CL-1000-px-x-830-px-Sequoia.png","contentUrl":"https:\/\/motorista.com.br\/noticias\/wp-content\/uploads\/2026\/04\/ID-CL-1000-px-x-830-px-Sequoia.png","width":1000,"height":821},{"@type":"BreadcrumbList","@id":"https:\/\/motorista.com.br\/noticias\/2026\/04\/26\/sequoia-transfere-ativos-ao-mercado-livre-e-reestrutura-marca-flash-courier\/#breadcrumb","itemListElement":[{"@type":"ListItem","position":1,"name":"In\u00edcio","item":"https:\/\/motorista.com.br\/noticias\/"},{"@type":"ListItem","position":2,"name":"Sequoia transfere ativos ao Mercado Livre e reestrutura marca Flash Courier."}]},{"@type":"WebSite","@id":"https:\/\/motorista.com.br\/noticias\/#website","url":"https:\/\/motorista.com.br\/noticias\/","name":"Motorista.com.br","description":"Not\u00edcia do Motorista","publisher":{"@id":"https:\/\/motorista.com.br\/noticias\/#organization"},"potentialAction":[{"@type":"SearchAction","target":{"@type":"EntryPoint","urlTemplate":"https:\/\/motorista.com.br\/noticias\/?s={search_term_string}"},"query-input":{"@type":"PropertyValueSpecification","valueRequired":true,"valueName":"search_term_string"}}],"inLanguage":"pt-BR"},{"@type":"Organization","@id":"https:\/\/motorista.com.br\/noticias\/#organization","name":"Motorista.com.br","url":"https:\/\/motorista.com.br\/noticias\/","logo":{"@type":"ImageObject","inLanguage":"pt-BR","@id":"https:\/\/motorista.com.br\/noticias\/#\/schema\/logo\/image\/","url":"https:\/\/motorista.com.br\/noticias\/wp-content\/uploads\/2025\/06\/Design-sem-nome-9.png","contentUrl":"https:\/\/motorista.com.br\/noticias\/wp-content\/uploads\/2025\/06\/Design-sem-nome-9.png","width":150,"height":85,"caption":"Motorista.com.br"},"image":{"@id":"https:\/\/motorista.com.br\/noticias\/#\/schema\/logo\/image\/"}},{"@type":"Person","@id":"https:\/\/motorista.com.br\/noticias\/#\/schema\/person\/dc93afc2981c0e3ce6bc3c053fd847be","name":"Equipe Reda\u00e7\u00e3o","image":{"@type":"ImageObject","inLanguage":"pt-BR","@id":"https:\/\/secure.gravatar.com\/avatar\/4f525efbf18dd2bb300ccad28bfb99d95a9465a5ba268407c8c37b37e1f28d2d?s=96&d=mm&r=g9e099043a0c61e9ae27e293b9fa75ffc","url":"https:\/\/secure.gravatar.com\/avatar\/4f525efbf18dd2bb300ccad28bfb99d95a9465a5ba268407c8c37b37e1f28d2d?s=96&d=mm&r=g","contentUrl":"https:\/\/secure.gravatar.com\/avatar\/4f525efbf18dd2bb300ccad28bfb99d95a9465a5ba268407c8c37b37e1f28d2d?s=96&d=mm&r=g","caption":"Equipe Reda\u00e7\u00e3o"},"description":"Equipe de reda\u00e7\u00e3o \u00e9 um grupo de profissionais que trabalham juntos para criar conte\u00fado escrito para Motorista.com.br","url":"https:\/\/motorista.com.br\/noticias\/author\/equiperedacao\/"}]}},"_links":{"self":[{"href":"https:\/\/motorista.com.br\/noticias\/wp-json\/wp\/v2\/posts\/9192","targetHints":{"allow":["GET"]}}],"collection":[{"href":"https:\/\/motorista.com.br\/noticias\/wp-json\/wp\/v2\/posts"}],"about":[{"href":"https:\/\/motorista.com.br\/noticias\/wp-json\/wp\/v2\/types\/post"}],"author":[{"embeddable":true,"href":"https:\/\/motorista.com.br\/noticias\/wp-json\/wp\/v2\/users\/4"}],"replies":[{"embeddable":true,"href":"https:\/\/motorista.com.br\/noticias\/wp-json\/wp\/v2\/comments?post=9192"}],"version-history":[{"count":0,"href":"https:\/\/motorista.com.br\/noticias\/wp-json\/wp\/v2\/posts\/9192\/revisions"}],"wp:featuredmedia":[{"embeddable":true,"href":"https:\/\/motorista.com.br\/noticias\/wp-json\/wp\/v2\/media\/9193"}],"wp:attachment":[{"href":"https:\/\/motorista.com.br\/noticias\/wp-json\/wp\/v2\/media?parent=9192"}],"wp:term":[{"taxonomy":"category","embeddable":true,"href":"https:\/\/motorista.com.br\/noticias\/wp-json\/wp\/v2\/categories?post=9192"},{"taxonomy":"post_tag","embeddable":true,"href":"https:\/\/motorista.com.br\/noticias\/wp-json\/wp\/v2\/tags?post=9192"},{"taxonomy":"author","embeddable":true,"href":"https:\/\/motorista.com.br\/noticias\/wp-json\/wp\/v2\/coauthors?post=9192"}],"curies":[{"name":"wp","href":"https:\/\/api.w.org\/{rel}","templated":true}]}}