{"id":9190,"date":"2026-04-26T20:02:19","date_gmt":"2026-04-26T23:02:19","guid":{"rendered":"https:\/\/motorista.com.br\/noticias\/2026\/04\/26\/stf-aprova-limites-para-aquisicao-de-terras-por-estrangeiros\/"},"modified":"2026-04-26T20:02:19","modified_gmt":"2026-04-26T23:02:19","slug":"stf-aprova-limites-para-aquisicao-de-terras-por-estrangeiros","status":"publish","type":"post","link":"https:\/\/motorista.com.br\/noticias\/2026\/04\/26\/stf-aprova-limites-para-aquisicao-de-terras-por-estrangeiros\/","title":{"rendered":"STF aprova limites para aquisi\u00e7\u00e3o de terras por estrangeiros"},"content":{"rendered":"<p>O Supremo Tribunal Federal (STF) decidiu, por unanimidade, manter as regras que limitam a aquisi\u00e7\u00e3o de im\u00f3veis rurais por estrangeiros e por empresas brasileiras controladas por capital externo, confirmando a constitucionalidade da Lei 5.709\/1971. Essa decis\u00e3o \u00e9 relevante n\u00e3o apenas para o contexto jur\u00eddico, mas tamb\u00e9m para a mobilidade e os motoristas no Brasil.<\/p>\n<p>A discuss\u00e3o em torno da A\u00e7\u00e3o Civil Origin\u00e1ria 2.463 e da Argui\u00e7\u00e3o de Descumprimento de Preceito Fundamental 342 levantou quest\u00f5es importantes sobre a prote\u00e7\u00e3o da soberania nacional e o controle da especula\u00e7\u00e3o sobre terras, aspectos que t\u00eam um impacto direto na infraestrutura rural e, consequentemente, na mobilidade.<\/p>\n<p>A restri\u00e7\u00e3o \u00e0 aquisi\u00e7\u00e3o de terras por capital externo visa preservar a seguran\u00e7a alimentar do pa\u00eds, garantindo que \u00e1reas de cultivo e produ\u00e7\u00e3o permane\u00e7am sob o controle nacional. Para os motoristas, isso significa que as rotas de transporte agr\u00e1rio e as redes log\u00edsticas n\u00e3o ser\u00e3o comprometidas por interesses especulativos. Quando as terras s\u00e3o mantidas sob controle nacional, a produ\u00e7\u00e3o agr\u00edcola tende a ser mais est\u00e1vel, o que se reflete na oferta de alimentos e na demanda por transporte.<\/p>\n<p>Al\u00e9m disso, a manuten\u00e7\u00e3o dessas normas contribui para um ambiente de neg\u00f3cios mais s\u00f3lido e seguro, o que pode, a longo prazo, estimular investimentos em infraestrutura rodovi\u00e1ria e de transporte. Estradas melhores e mais seguras beneficiam diretamente os motoristas, tornando suas atividades mais r\u00e1pidas e eficientes.<\/p>\n<p>Assim, a decis\u00e3o do STF n\u00e3o \u00e9 apenas uma quest\u00e3o jur\u00eddica, mas tem repercuss\u00f5es significativas para a mobilidade geral no Brasil. Ao proteger a soberania nacional e assegurar a estabilidade da produ\u00e7\u00e3o agr\u00edcola, o Tribunal est\u00e1 defendendo a base sobre a qual se sustentam muitas das atividades que dependem do transporte, impactando positivamente tanto motoristas quanto usu\u00e1rios de servi\u00e7os de transporte.<\/p>\n","protected":false},"excerpt":{"rendered":"<p>O Supremo Tribunal Federal (STF) decidiu, por unanimidade, manter as regras que limitam a aquisi\u00e7\u00e3o de im\u00f3veis rurais por estrangeiros e por empresas brasileiras controladas por capital externo, confirmando a constitucionalidade da Lei 5.709\/1971. Essa decis\u00e3o \u00e9 relevante n\u00e3o apenas para o contexto jur\u00eddico, mas tamb\u00e9m para a mobilidade e os motoristas no Brasil. A &hellip;<\/p>\n","protected":false},"author":4,"featured_media":9191,"comment_status":"","ping_status":"open","sticky":false,"template":"","format":"standard","meta":{"footnotes":""},"categories":[45],"tags":[],"coauthors":[42],"class_list":["post-9190","post","type-post","status-publish","format-standard","has-post-thumbnail","hentry","category-mundo"],"yoast_head":"<!-- This site is optimized with the Yoast SEO Premium plugin v25.5 (Yoast SEO v27.5) - https:\/\/yoast.com\/product\/yoast-seo-premium-wordpress\/ -->\n<title>STF aprova limites para aquisi\u00e7\u00e3o de terras por estrangeiros - Motorista.com.br<\/title>\n<meta name=\"robots\" content=\"index, follow, max-snippet:-1, max-image-preview:large, max-video-preview:-1\" \/>\n<link rel=\"canonical\" href=\"https:\/\/motorista.com.br\/noticias\/2026\/04\/26\/stf-aprova-limites-para-aquisicao-de-terras-por-estrangeiros\/\" \/>\n<meta property=\"og:locale\" content=\"pt_BR\" \/>\n<meta property=\"og:type\" content=\"article\" \/>\n<meta property=\"og:title\" content=\"STF aprova limites para aquisi\u00e7\u00e3o de terras por estrangeiros\" \/>\n<meta property=\"og:description\" content=\"O Supremo Tribunal Federal (STF) decidiu, por unanimidade, manter as regras que limitam a aquisi\u00e7\u00e3o de im\u00f3veis rurais por estrangeiros e por empresas brasileiras controladas por capital externo, confirmando a constitucionalidade da Lei 5.709\/1971. Essa decis\u00e3o \u00e9 relevante n\u00e3o apenas para o contexto jur\u00eddico, mas tamb\u00e9m para a mobilidade e os motoristas no Brasil. A &hellip;\" \/>\n<meta property=\"og:url\" content=\"https:\/\/motorista.com.br\/noticias\/2026\/04\/26\/stf-aprova-limites-para-aquisicao-de-terras-por-estrangeiros\/\" \/>\n<meta property=\"og:site_name\" content=\"Motorista.com.br\" \/>\n<meta property=\"article:published_time\" content=\"2026-04-26T23:02:19+00:00\" \/>\n<meta name=\"author\" content=\"Equipe Reda\u00e7\u00e3o\" \/>\n<meta name=\"twitter:card\" content=\"summary_large_image\" \/>\n<meta name=\"twitter:label1\" content=\"Escrito por\" \/>\n\t<meta name=\"twitter:data1\" content=\"Equipe Reda\u00e7\u00e3o\" \/>\n\t<meta name=\"twitter:label2\" content=\"Est. tempo de leitura\" \/>\n\t<meta name=\"twitter:data2\" content=\"2 minutos\" \/>\n\t<meta name=\"twitter:label3\" content=\"Written by\" \/>\n\t<meta name=\"twitter:data3\" content=\"Equipe Reda\u00e7\u00e3o\" \/>\n<script type=\"application\/ld+json\" class=\"yoast-schema-graph\">{\"@context\":\"https:\\\/\\\/schema.org\",\"@graph\":[{\"@type\":\"Article\",\"@id\":\"https:\\\/\\\/motorista.com.br\\\/noticias\\\/2026\\\/04\\\/26\\\/stf-aprova-limites-para-aquisicao-de-terras-por-estrangeiros\\\/#article\",\"isPartOf\":{\"@id\":\"https:\\\/\\\/motorista.com.br\\\/noticias\\\/2026\\\/04\\\/26\\\/stf-aprova-limites-para-aquisicao-de-terras-por-estrangeiros\\\/\"},\"author\":{\"name\":\"Equipe Reda\u00e7\u00e3o\",\"@id\":\"https:\\\/\\\/motorista.com.br\\\/noticias\\\/#\\\/schema\\\/person\\\/dc93afc2981c0e3ce6bc3c053fd847be\"},\"headline\":\"STF aprova limites para aquisi\u00e7\u00e3o de terras por estrangeiros\",\"datePublished\":\"2026-04-26T23:02:19+00:00\",\"mainEntityOfPage\":{\"@id\":\"https:\\\/\\\/motorista.com.br\\\/noticias\\\/2026\\\/04\\\/26\\\/stf-aprova-limites-para-aquisicao-de-terras-por-estrangeiros\\\/\"},\"wordCount\":333,\"publisher\":{\"@id\":\"https:\\\/\\\/motorista.com.br\\\/noticias\\\/#organization\"},\"image\":{\"@id\":\"https:\\\/\\\/motorista.com.br\\\/noticias\\\/2026\\\/04\\\/26\\\/stf-aprova-limites-para-aquisicao-de-terras-por-estrangeiros\\\/#primaryimage\"},\"thumbnailUrl\":\"https:\\\/\\\/motorista.com.br\\\/noticias\\\/wp-content\\\/uploads\\\/2026\\\/04\\\/supremo-tribunal-federal-foto-dorivan-marinho-sco-stf.jpeg\",\"articleSection\":[\"Mundo\"],\"inLanguage\":\"pt-BR\"},{\"@type\":\"WebPage\",\"@id\":\"https:\\\/\\\/motorista.com.br\\\/noticias\\\/2026\\\/04\\\/26\\\/stf-aprova-limites-para-aquisicao-de-terras-por-estrangeiros\\\/\",\"url\":\"https:\\\/\\\/motorista.com.br\\\/noticias\\\/2026\\\/04\\\/26\\\/stf-aprova-limites-para-aquisicao-de-terras-por-estrangeiros\\\/\",\"name\":\"STF aprova limites para aquisi\u00e7\u00e3o de terras por estrangeiros - Motorista.com.br\",\"isPartOf\":{\"@id\":\"https:\\\/\\\/motorista.com.br\\\/noticias\\\/#website\"},\"primaryImageOfPage\":{\"@id\":\"https:\\\/\\\/motorista.com.br\\\/noticias\\\/2026\\\/04\\\/26\\\/stf-aprova-limites-para-aquisicao-de-terras-por-estrangeiros\\\/#primaryimage\"},\"image\":{\"@id\":\"https:\\\/\\\/motorista.com.br\\\/noticias\\\/2026\\\/04\\\/26\\\/stf-aprova-limites-para-aquisicao-de-terras-por-estrangeiros\\\/#primaryimage\"},\"thumbnailUrl\":\"https:\\\/\\\/motorista.com.br\\\/noticias\\\/wp-content\\\/uploads\\\/2026\\\/04\\\/supremo-tribunal-federal-foto-dorivan-marinho-sco-stf.jpeg\",\"datePublished\":\"2026-04-26T23:02:19+00:00\",\"breadcrumb\":{\"@id\":\"https:\\\/\\\/motorista.com.br\\\/noticias\\\/2026\\\/04\\\/26\\\/stf-aprova-limites-para-aquisicao-de-terras-por-estrangeiros\\\/#breadcrumb\"},\"inLanguage\":\"pt-BR\",\"potentialAction\":[{\"@type\":\"ReadAction\",\"target\":[\"https:\\\/\\\/motorista.com.br\\\/noticias\\\/2026\\\/04\\\/26\\\/stf-aprova-limites-para-aquisicao-de-terras-por-estrangeiros\\\/\"]}]},{\"@type\":\"ImageObject\",\"inLanguage\":\"pt-BR\",\"@id\":\"https:\\\/\\\/motorista.com.br\\\/noticias\\\/2026\\\/04\\\/26\\\/stf-aprova-limites-para-aquisicao-de-terras-por-estrangeiros\\\/#primaryimage\",\"url\":\"https:\\\/\\\/motorista.com.br\\\/noticias\\\/wp-content\\\/uploads\\\/2026\\\/04\\\/supremo-tribunal-federal-foto-dorivan-marinho-sco-stf.jpeg\",\"contentUrl\":\"https:\\\/\\\/motorista.com.br\\\/noticias\\\/wp-content\\\/uploads\\\/2026\\\/04\\\/supremo-tribunal-federal-foto-dorivan-marinho-sco-stf.jpeg\",\"width\":1280,\"height\":853},{\"@type\":\"BreadcrumbList\",\"@id\":\"https:\\\/\\\/motorista.com.br\\\/noticias\\\/2026\\\/04\\\/26\\\/stf-aprova-limites-para-aquisicao-de-terras-por-estrangeiros\\\/#breadcrumb\",\"itemListElement\":[{\"@type\":\"ListItem\",\"position\":1,\"name\":\"In\u00edcio\",\"item\":\"https:\\\/\\\/motorista.com.br\\\/noticias\\\/\"},{\"@type\":\"ListItem\",\"position\":2,\"name\":\"STF aprova limites para aquisi\u00e7\u00e3o de terras por estrangeiros\"}]},{\"@type\":\"WebSite\",\"@id\":\"https:\\\/\\\/motorista.com.br\\\/noticias\\\/#website\",\"url\":\"https:\\\/\\\/motorista.com.br\\\/noticias\\\/\",\"name\":\"Motorista.com.br\",\"description\":\"Not\u00edcia do Motorista\",\"publisher\":{\"@id\":\"https:\\\/\\\/motorista.com.br\\\/noticias\\\/#organization\"},\"potentialAction\":[{\"@type\":\"SearchAction\",\"target\":{\"@type\":\"EntryPoint\",\"urlTemplate\":\"https:\\\/\\\/motorista.com.br\\\/noticias\\\/?s={search_term_string}\"},\"query-input\":{\"@type\":\"PropertyValueSpecification\",\"valueRequired\":true,\"valueName\":\"search_term_string\"}}],\"inLanguage\":\"pt-BR\"},{\"@type\":\"Organization\",\"@id\":\"https:\\\/\\\/motorista.com.br\\\/noticias\\\/#organization\",\"name\":\"Motorista.com.br\",\"url\":\"https:\\\/\\\/motorista.com.br\\\/noticias\\\/\",\"logo\":{\"@type\":\"ImageObject\",\"inLanguage\":\"pt-BR\",\"@id\":\"https:\\\/\\\/motorista.com.br\\\/noticias\\\/#\\\/schema\\\/logo\\\/image\\\/\",\"url\":\"https:\\\/\\\/motorista.com.br\\\/noticias\\\/wp-content\\\/uploads\\\/2025\\\/06\\\/Design-sem-nome-9.png\",\"contentUrl\":\"https:\\\/\\\/motorista.com.br\\\/noticias\\\/wp-content\\\/uploads\\\/2025\\\/06\\\/Design-sem-nome-9.png\",\"width\":150,\"height\":85,\"caption\":\"Motorista.com.br\"},\"image\":{\"@id\":\"https:\\\/\\\/motorista.com.br\\\/noticias\\\/#\\\/schema\\\/logo\\\/image\\\/\"}},{\"@type\":\"Person\",\"@id\":\"https:\\\/\\\/motorista.com.br\\\/noticias\\\/#\\\/schema\\\/person\\\/dc93afc2981c0e3ce6bc3c053fd847be\",\"name\":\"Equipe Reda\u00e7\u00e3o\",\"image\":{\"@type\":\"ImageObject\",\"inLanguage\":\"pt-BR\",\"@id\":\"https:\\\/\\\/secure.gravatar.com\\\/avatar\\\/4f525efbf18dd2bb300ccad28bfb99d95a9465a5ba268407c8c37b37e1f28d2d?s=96&d=mm&r=g9e099043a0c61e9ae27e293b9fa75ffc\",\"url\":\"https:\\\/\\\/secure.gravatar.com\\\/avatar\\\/4f525efbf18dd2bb300ccad28bfb99d95a9465a5ba268407c8c37b37e1f28d2d?s=96&d=mm&r=g\",\"contentUrl\":\"https:\\\/\\\/secure.gravatar.com\\\/avatar\\\/4f525efbf18dd2bb300ccad28bfb99d95a9465a5ba268407c8c37b37e1f28d2d?s=96&d=mm&r=g\",\"caption\":\"Equipe Reda\u00e7\u00e3o\"},\"description\":\"Equipe de reda\u00e7\u00e3o \u00e9 um grupo de profissionais que trabalham juntos para criar conte\u00fado escrito para Motorista.com.br\",\"url\":\"https:\\\/\\\/motorista.com.br\\\/noticias\\\/author\\\/equiperedacao\\\/\"}]}<\/script>\n<!-- \/ Yoast SEO Premium plugin. -->","yoast_head_json":{"title":"STF aprova limites para aquisi\u00e7\u00e3o de terras por estrangeiros - Motorista.com.br","robots":{"index":"index","follow":"follow","max-snippet":"max-snippet:-1","max-image-preview":"max-image-preview:large","max-video-preview":"max-video-preview:-1"},"canonical":"https:\/\/motorista.com.br\/noticias\/2026\/04\/26\/stf-aprova-limites-para-aquisicao-de-terras-por-estrangeiros\/","og_locale":"pt_BR","og_type":"article","og_title":"STF aprova limites para aquisi\u00e7\u00e3o de terras por estrangeiros","og_description":"O Supremo Tribunal Federal (STF) decidiu, por unanimidade, manter as regras que limitam a aquisi\u00e7\u00e3o de im\u00f3veis rurais por estrangeiros e por empresas brasileiras controladas por capital externo, confirmando a constitucionalidade da Lei 5.709\/1971. Essa decis\u00e3o \u00e9 relevante n\u00e3o apenas para o contexto jur\u00eddico, mas tamb\u00e9m para a mobilidade e os motoristas no Brasil. A &hellip;","og_url":"https:\/\/motorista.com.br\/noticias\/2026\/04\/26\/stf-aprova-limites-para-aquisicao-de-terras-por-estrangeiros\/","og_site_name":"Motorista.com.br","article_published_time":"2026-04-26T23:02:19+00:00","author":"Equipe Reda\u00e7\u00e3o","twitter_card":"summary_large_image","twitter_misc":{"Escrito por":"Equipe Reda\u00e7\u00e3o","Est. tempo de leitura":"2 minutos","Written by":"Equipe Reda\u00e7\u00e3o"},"schema":{"@context":"https:\/\/schema.org","@graph":[{"@type":"Article","@id":"https:\/\/motorista.com.br\/noticias\/2026\/04\/26\/stf-aprova-limites-para-aquisicao-de-terras-por-estrangeiros\/#article","isPartOf":{"@id":"https:\/\/motorista.com.br\/noticias\/2026\/04\/26\/stf-aprova-limites-para-aquisicao-de-terras-por-estrangeiros\/"},"author":{"name":"Equipe Reda\u00e7\u00e3o","@id":"https:\/\/motorista.com.br\/noticias\/#\/schema\/person\/dc93afc2981c0e3ce6bc3c053fd847be"},"headline":"STF aprova limites para aquisi\u00e7\u00e3o de terras por estrangeiros","datePublished":"2026-04-26T23:02:19+00:00","mainEntityOfPage":{"@id":"https:\/\/motorista.com.br\/noticias\/2026\/04\/26\/stf-aprova-limites-para-aquisicao-de-terras-por-estrangeiros\/"},"wordCount":333,"publisher":{"@id":"https:\/\/motorista.com.br\/noticias\/#organization"},"image":{"@id":"https:\/\/motorista.com.br\/noticias\/2026\/04\/26\/stf-aprova-limites-para-aquisicao-de-terras-por-estrangeiros\/#primaryimage"},"thumbnailUrl":"https:\/\/motorista.com.br\/noticias\/wp-content\/uploads\/2026\/04\/supremo-tribunal-federal-foto-dorivan-marinho-sco-stf.jpeg","articleSection":["Mundo"],"inLanguage":"pt-BR"},{"@type":"WebPage","@id":"https:\/\/motorista.com.br\/noticias\/2026\/04\/26\/stf-aprova-limites-para-aquisicao-de-terras-por-estrangeiros\/","url":"https:\/\/motorista.com.br\/noticias\/2026\/04\/26\/stf-aprova-limites-para-aquisicao-de-terras-por-estrangeiros\/","name":"STF aprova limites para aquisi\u00e7\u00e3o de terras por estrangeiros - Motorista.com.br","isPartOf":{"@id":"https:\/\/motorista.com.br\/noticias\/#website"},"primaryImageOfPage":{"@id":"https:\/\/motorista.com.br\/noticias\/2026\/04\/26\/stf-aprova-limites-para-aquisicao-de-terras-por-estrangeiros\/#primaryimage"},"image":{"@id":"https:\/\/motorista.com.br\/noticias\/2026\/04\/26\/stf-aprova-limites-para-aquisicao-de-terras-por-estrangeiros\/#primaryimage"},"thumbnailUrl":"https:\/\/motorista.com.br\/noticias\/wp-content\/uploads\/2026\/04\/supremo-tribunal-federal-foto-dorivan-marinho-sco-stf.jpeg","datePublished":"2026-04-26T23:02:19+00:00","breadcrumb":{"@id":"https:\/\/motorista.com.br\/noticias\/2026\/04\/26\/stf-aprova-limites-para-aquisicao-de-terras-por-estrangeiros\/#breadcrumb"},"inLanguage":"pt-BR","potentialAction":[{"@type":"ReadAction","target":["https:\/\/motorista.com.br\/noticias\/2026\/04\/26\/stf-aprova-limites-para-aquisicao-de-terras-por-estrangeiros\/"]}]},{"@type":"ImageObject","inLanguage":"pt-BR","@id":"https:\/\/motorista.com.br\/noticias\/2026\/04\/26\/stf-aprova-limites-para-aquisicao-de-terras-por-estrangeiros\/#primaryimage","url":"https:\/\/motorista.com.br\/noticias\/wp-content\/uploads\/2026\/04\/supremo-tribunal-federal-foto-dorivan-marinho-sco-stf.jpeg","contentUrl":"https:\/\/motorista.com.br\/noticias\/wp-content\/uploads\/2026\/04\/supremo-tribunal-federal-foto-dorivan-marinho-sco-stf.jpeg","width":1280,"height":853},{"@type":"BreadcrumbList","@id":"https:\/\/motorista.com.br\/noticias\/2026\/04\/26\/stf-aprova-limites-para-aquisicao-de-terras-por-estrangeiros\/#breadcrumb","itemListElement":[{"@type":"ListItem","position":1,"name":"In\u00edcio","item":"https:\/\/motorista.com.br\/noticias\/"},{"@type":"ListItem","position":2,"name":"STF aprova limites para aquisi\u00e7\u00e3o de terras por estrangeiros"}]},{"@type":"WebSite","@id":"https:\/\/motorista.com.br\/noticias\/#website","url":"https:\/\/motorista.com.br\/noticias\/","name":"Motorista.com.br","description":"Not\u00edcia do Motorista","publisher":{"@id":"https:\/\/motorista.com.br\/noticias\/#organization"},"potentialAction":[{"@type":"SearchAction","target":{"@type":"EntryPoint","urlTemplate":"https:\/\/motorista.com.br\/noticias\/?s={search_term_string}"},"query-input":{"@type":"PropertyValueSpecification","valueRequired":true,"valueName":"search_term_string"}}],"inLanguage":"pt-BR"},{"@type":"Organization","@id":"https:\/\/motorista.com.br\/noticias\/#organization","name":"Motorista.com.br","url":"https:\/\/motorista.com.br\/noticias\/","logo":{"@type":"ImageObject","inLanguage":"pt-BR","@id":"https:\/\/motorista.com.br\/noticias\/#\/schema\/logo\/image\/","url":"https:\/\/motorista.com.br\/noticias\/wp-content\/uploads\/2025\/06\/Design-sem-nome-9.png","contentUrl":"https:\/\/motorista.com.br\/noticias\/wp-content\/uploads\/2025\/06\/Design-sem-nome-9.png","width":150,"height":85,"caption":"Motorista.com.br"},"image":{"@id":"https:\/\/motorista.com.br\/noticias\/#\/schema\/logo\/image\/"}},{"@type":"Person","@id":"https:\/\/motorista.com.br\/noticias\/#\/schema\/person\/dc93afc2981c0e3ce6bc3c053fd847be","name":"Equipe Reda\u00e7\u00e3o","image":{"@type":"ImageObject","inLanguage":"pt-BR","@id":"https:\/\/secure.gravatar.com\/avatar\/4f525efbf18dd2bb300ccad28bfb99d95a9465a5ba268407c8c37b37e1f28d2d?s=96&d=mm&r=g9e099043a0c61e9ae27e293b9fa75ffc","url":"https:\/\/secure.gravatar.com\/avatar\/4f525efbf18dd2bb300ccad28bfb99d95a9465a5ba268407c8c37b37e1f28d2d?s=96&d=mm&r=g","contentUrl":"https:\/\/secure.gravatar.com\/avatar\/4f525efbf18dd2bb300ccad28bfb99d95a9465a5ba268407c8c37b37e1f28d2d?s=96&d=mm&r=g","caption":"Equipe Reda\u00e7\u00e3o"},"description":"Equipe de reda\u00e7\u00e3o \u00e9 um grupo de profissionais que trabalham juntos para criar conte\u00fado escrito para Motorista.com.br","url":"https:\/\/motorista.com.br\/noticias\/author\/equiperedacao\/"}]}},"_links":{"self":[{"href":"https:\/\/motorista.com.br\/noticias\/wp-json\/wp\/v2\/posts\/9190","targetHints":{"allow":["GET"]}}],"collection":[{"href":"https:\/\/motorista.com.br\/noticias\/wp-json\/wp\/v2\/posts"}],"about":[{"href":"https:\/\/motorista.com.br\/noticias\/wp-json\/wp\/v2\/types\/post"}],"author":[{"embeddable":true,"href":"https:\/\/motorista.com.br\/noticias\/wp-json\/wp\/v2\/users\/4"}],"replies":[{"embeddable":true,"href":"https:\/\/motorista.com.br\/noticias\/wp-json\/wp\/v2\/comments?post=9190"}],"version-history":[{"count":0,"href":"https:\/\/motorista.com.br\/noticias\/wp-json\/wp\/v2\/posts\/9190\/revisions"}],"wp:featuredmedia":[{"embeddable":true,"href":"https:\/\/motorista.com.br\/noticias\/wp-json\/wp\/v2\/media\/9191"}],"wp:attachment":[{"href":"https:\/\/motorista.com.br\/noticias\/wp-json\/wp\/v2\/media?parent=9190"}],"wp:term":[{"taxonomy":"category","embeddable":true,"href":"https:\/\/motorista.com.br\/noticias\/wp-json\/wp\/v2\/categories?post=9190"},{"taxonomy":"post_tag","embeddable":true,"href":"https:\/\/motorista.com.br\/noticias\/wp-json\/wp\/v2\/tags?post=9190"},{"taxonomy":"author","embeddable":true,"href":"https:\/\/motorista.com.br\/noticias\/wp-json\/wp\/v2\/coauthors?post=9190"}],"curies":[{"name":"wp","href":"https:\/\/api.w.org\/{rel}","templated":true}]}}