{"id":9189,"date":"2026-04-26T16:45:37","date_gmt":"2026-04-26T19:45:37","guid":{"rendered":"https:\/\/motorista.com.br\/noticias\/2026\/04\/26\/ministerio-de-minas-e-energia-inicia-testes-com-biodiesel-b16\/"},"modified":"2026-04-26T16:45:37","modified_gmt":"2026-04-26T19:45:37","slug":"ministerio-de-minas-e-energia-inicia-testes-com-biodiesel-b16","status":"publish","type":"post","link":"https:\/\/motorista.com.br\/noticias\/2026\/04\/26\/ministerio-de-minas-e-energia-inicia-testes-com-biodiesel-b16\/","title":{"rendered":"Minist\u00e9rio de Minas e Energia inicia testes com biodiesel B16."},"content":{"rendered":"<p><\/p>\n<h1>Minist\u00e9rio de Minas e Energia Confirma In\u00edcio de Testagem de Biodiesel B16<\/h1>\n<p>Recentemente, o Secret\u00e1rio substituto de Petr\u00f3leo, G\u00e1s Natural e Biocombust\u00edveis do Minist\u00e9rio de Minas e Energia (MME), Marlon Arraes, anunciou o in\u00edcio de testes para aumentar a mistura de biodiesel ao diesel, come\u00e7ando em maio. Essa iniciativa foi revelada durante um evento em S\u00e3o Paulo, promovido pela Associa\u00e7\u00e3o das Ind\u00fastrias de \u00d3leos Vegetais (Abiove) e pelo Instituto Brasileiro do Petr\u00f3leo (IBP).<\/p>\n<p>A not\u00edcia \u00e9 promissora, pois pode revolucionar o setor de biocombust\u00edveis no Brasil. Jer\u00f4nimo Goergen, presidente da APROBIO (Associa\u00e7\u00e3o dos Produtores de Biocombust\u00edveis do Brasil), comentou que a perspectiva \u00e9 de avan\u00e7ar para uma mistura de 16% de biodiesel ainda em 2026. Este aumento n\u00e3o apenas consolidar\u00e1 o setor, mas tamb\u00e9m representa um passo significativo para a redu\u00e7\u00e3o da depend\u00eancia do diesel f\u00f3ssil importado, que pode impactar positivamente os pre\u00e7os do combust\u00edvel.<\/p>\n<p>Os testes planejados tamb\u00e9m estudar\u00e3o a viabilidade de um aumento gradual na mistura at\u00e9 20%, conforme a Lei do Combust\u00edvel do Futuro. Essa transi\u00e7\u00e3o pode beneficiar os motoristas, visto que a diversifica\u00e7\u00e3o da matriz de combust\u00edveis pode levar a uma maior estabilidade nos pre\u00e7os e menos vulnerabilidade em rela\u00e7\u00e3o a flutua\u00e7\u00f5es do mercado internacional de petr\u00f3leo.<\/p>\n<p>Ademais, a ado\u00e7\u00e3o de biocombust\u00edveis como o biodiesel tem impactos ambientais positivos, reduzindo emiss\u00f5es de gases poluentes, o que contribui para melhorar a qualidade do ar nas cidades. Motoristas de todo o Brasil poder\u00e3o experimentar n\u00e3o apenas a possibilidade de um combust\u00edvel mais acess\u00edvel no futuro, mas tamb\u00e9m se beneficiar de uma mobilidade mais sustent\u00e1vel.<\/p>\n<p>As avalia\u00e7\u00f5es que ocorrer\u00e3o durante os testes ser\u00e3o cruciais para garantir que os motores possam operar com seguran\u00e7a e efici\u00eancia em propor\u00e7\u00f5es maiores de biodiesel. Essa seguran\u00e7a n\u00e3o \u00e9 relevante apenas para o mercado interno, mas tamb\u00e9m pode abrir portas para a exporta\u00e7\u00e3o de tecnologia e produtos para outros pa\u00edses, especialmente na Am\u00e9rica do Sul.<\/p>\n<p>Em resumo, o in\u00edcio da testagem do biodiesel B16 \u00e9 um investimento estrat\u00e9gico que pode trazer benef\u00edcios econ\u00f4micos substanciais e promover a mobilidade sustent\u00e1vel. Declarando um compromisso com inova\u00e7\u00f5es que favorecem tanto o setor de transportes quanto o meio ambiente, essa iniciativa pode estabelecer um novo paradigma para o uso de biocombust\u00edveis no Brasil.<\/p>\n","protected":false},"excerpt":{"rendered":"<p>Minist\u00e9rio de Minas e Energia Confirma In\u00edcio de Testagem de Biodiesel B16 Recentemente, o Secret\u00e1rio substituto de Petr\u00f3leo, G\u00e1s Natural e Biocombust\u00edveis do Minist\u00e9rio de Minas e Energia (MME), Marlon Arraes, anunciou o in\u00edcio de testes para aumentar a mistura de biodiesel ao diesel, come\u00e7ando em maio. Essa iniciativa foi revelada durante um evento em &hellip;<\/p>\n","protected":false},"author":4,"featured_media":8472,"comment_status":"","ping_status":"open","sticky":false,"template":"","format":"standard","meta":{"footnotes":""},"categories":[78,77],"tags":[],"coauthors":[42],"class_list":["post-9189","post","type-post","status-publish","format-standard","has-post-thumbnail","hentry","category-carreteiro","category-motorista"],"yoast_head":"<!-- This site is optimized with the Yoast SEO Premium plugin v25.5 (Yoast SEO v27.5) - https:\/\/yoast.com\/product\/yoast-seo-premium-wordpress\/ -->\n<title>Minist\u00e9rio de Minas e Energia inicia testes com biodiesel B16. - Motorista.com.br<\/title>\n<meta name=\"robots\" content=\"index, follow, max-snippet:-1, max-image-preview:large, max-video-preview:-1\" \/>\n<link rel=\"canonical\" href=\"https:\/\/motorista.com.br\/noticias\/2026\/04\/26\/ministerio-de-minas-e-energia-inicia-testes-com-biodiesel-b16\/\" \/>\n<meta property=\"og:locale\" content=\"pt_BR\" \/>\n<meta property=\"og:type\" content=\"article\" \/>\n<meta property=\"og:title\" content=\"Minist\u00e9rio de Minas e Energia inicia testes com biodiesel B16.\" \/>\n<meta property=\"og:description\" content=\"Minist\u00e9rio de Minas e Energia Confirma In\u00edcio de Testagem de Biodiesel B16 Recentemente, o Secret\u00e1rio substituto de Petr\u00f3leo, G\u00e1s Natural e Biocombust\u00edveis do Minist\u00e9rio de Minas e Energia (MME), Marlon Arraes, anunciou o in\u00edcio de testes para aumentar a mistura de biodiesel ao diesel, come\u00e7ando em maio. Essa iniciativa foi revelada durante um evento em &hellip;\" \/>\n<meta property=\"og:url\" content=\"https:\/\/motorista.com.br\/noticias\/2026\/04\/26\/ministerio-de-minas-e-energia-inicia-testes-com-biodiesel-b16\/\" \/>\n<meta property=\"og:site_name\" content=\"Motorista.com.br\" \/>\n<meta property=\"article:published_time\" content=\"2026-04-26T19:45:37+00:00\" \/>\n<meta name=\"author\" content=\"Equipe Reda\u00e7\u00e3o\" \/>\n<meta name=\"twitter:card\" content=\"summary_large_image\" \/>\n<meta name=\"twitter:label1\" content=\"Escrito por\" \/>\n\t<meta name=\"twitter:data1\" content=\"Equipe Reda\u00e7\u00e3o\" \/>\n\t<meta name=\"twitter:label2\" content=\"Est. tempo de leitura\" \/>\n\t<meta name=\"twitter:data2\" content=\"2 minutos\" \/>\n\t<meta name=\"twitter:label3\" content=\"Written by\" \/>\n\t<meta name=\"twitter:data3\" content=\"Equipe Reda\u00e7\u00e3o\" \/>\n<script type=\"application\/ld+json\" class=\"yoast-schema-graph\">{\"@context\":\"https:\\\/\\\/schema.org\",\"@graph\":[{\"@type\":\"Article\",\"@id\":\"https:\\\/\\\/motorista.com.br\\\/noticias\\\/2026\\\/04\\\/26\\\/ministerio-de-minas-e-energia-inicia-testes-com-biodiesel-b16\\\/#article\",\"isPartOf\":{\"@id\":\"https:\\\/\\\/motorista.com.br\\\/noticias\\\/2026\\\/04\\\/26\\\/ministerio-de-minas-e-energia-inicia-testes-com-biodiesel-b16\\\/\"},\"author\":{\"name\":\"Equipe Reda\u00e7\u00e3o\",\"@id\":\"https:\\\/\\\/motorista.com.br\\\/noticias\\\/#\\\/schema\\\/person\\\/dc93afc2981c0e3ce6bc3c053fd847be\"},\"headline\":\"Minist\u00e9rio de Minas e Energia inicia testes com biodiesel B16.\",\"datePublished\":\"2026-04-26T19:45:37+00:00\",\"mainEntityOfPage\":{\"@id\":\"https:\\\/\\\/motorista.com.br\\\/noticias\\\/2026\\\/04\\\/26\\\/ministerio-de-minas-e-energia-inicia-testes-com-biodiesel-b16\\\/\"},\"wordCount\":433,\"publisher\":{\"@id\":\"https:\\\/\\\/motorista.com.br\\\/noticias\\\/#organization\"},\"image\":{\"@id\":\"https:\\\/\\\/motorista.com.br\\\/noticias\\\/2026\\\/04\\\/26\\\/ministerio-de-minas-e-energia-inicia-testes-com-biodiesel-b16\\\/#primaryimage\"},\"thumbnailUrl\":\"https:\\\/\\\/motorista.com.br\\\/noticias\\\/wp-content\\\/uploads\\\/2026\\\/04\\\/biodiesel.jpg\",\"articleSection\":[\"Carreteiro\",\"Motorista\"],\"inLanguage\":\"pt-BR\"},{\"@type\":\"WebPage\",\"@id\":\"https:\\\/\\\/motorista.com.br\\\/noticias\\\/2026\\\/04\\\/26\\\/ministerio-de-minas-e-energia-inicia-testes-com-biodiesel-b16\\\/\",\"url\":\"https:\\\/\\\/motorista.com.br\\\/noticias\\\/2026\\\/04\\\/26\\\/ministerio-de-minas-e-energia-inicia-testes-com-biodiesel-b16\\\/\",\"name\":\"Minist\u00e9rio de Minas e Energia inicia testes com biodiesel B16. - Motorista.com.br\",\"isPartOf\":{\"@id\":\"https:\\\/\\\/motorista.com.br\\\/noticias\\\/#website\"},\"primaryImageOfPage\":{\"@id\":\"https:\\\/\\\/motorista.com.br\\\/noticias\\\/2026\\\/04\\\/26\\\/ministerio-de-minas-e-energia-inicia-testes-com-biodiesel-b16\\\/#primaryimage\"},\"image\":{\"@id\":\"https:\\\/\\\/motorista.com.br\\\/noticias\\\/2026\\\/04\\\/26\\\/ministerio-de-minas-e-energia-inicia-testes-com-biodiesel-b16\\\/#primaryimage\"},\"thumbnailUrl\":\"https:\\\/\\\/motorista.com.br\\\/noticias\\\/wp-content\\\/uploads\\\/2026\\\/04\\\/biodiesel.jpg\",\"datePublished\":\"2026-04-26T19:45:37+00:00\",\"breadcrumb\":{\"@id\":\"https:\\\/\\\/motorista.com.br\\\/noticias\\\/2026\\\/04\\\/26\\\/ministerio-de-minas-e-energia-inicia-testes-com-biodiesel-b16\\\/#breadcrumb\"},\"inLanguage\":\"pt-BR\",\"potentialAction\":[{\"@type\":\"ReadAction\",\"target\":[\"https:\\\/\\\/motorista.com.br\\\/noticias\\\/2026\\\/04\\\/26\\\/ministerio-de-minas-e-energia-inicia-testes-com-biodiesel-b16\\\/\"]}]},{\"@type\":\"ImageObject\",\"inLanguage\":\"pt-BR\",\"@id\":\"https:\\\/\\\/motorista.com.br\\\/noticias\\\/2026\\\/04\\\/26\\\/ministerio-de-minas-e-energia-inicia-testes-com-biodiesel-b16\\\/#primaryimage\",\"url\":\"https:\\\/\\\/motorista.com.br\\\/noticias\\\/wp-content\\\/uploads\\\/2026\\\/04\\\/biodiesel.jpg\",\"contentUrl\":\"https:\\\/\\\/motorista.com.br\\\/noticias\\\/wp-content\\\/uploads\\\/2026\\\/04\\\/biodiesel.jpg\",\"width\":1201,\"height\":800},{\"@type\":\"BreadcrumbList\",\"@id\":\"https:\\\/\\\/motorista.com.br\\\/noticias\\\/2026\\\/04\\\/26\\\/ministerio-de-minas-e-energia-inicia-testes-com-biodiesel-b16\\\/#breadcrumb\",\"itemListElement\":[{\"@type\":\"ListItem\",\"position\":1,\"name\":\"In\u00edcio\",\"item\":\"https:\\\/\\\/motorista.com.br\\\/noticias\\\/\"},{\"@type\":\"ListItem\",\"position\":2,\"name\":\"Minist\u00e9rio de Minas e Energia inicia testes com biodiesel B16.\"}]},{\"@type\":\"WebSite\",\"@id\":\"https:\\\/\\\/motorista.com.br\\\/noticias\\\/#website\",\"url\":\"https:\\\/\\\/motorista.com.br\\\/noticias\\\/\",\"name\":\"Motorista.com.br\",\"description\":\"Not\u00edcia do Motorista\",\"publisher\":{\"@id\":\"https:\\\/\\\/motorista.com.br\\\/noticias\\\/#organization\"},\"potentialAction\":[{\"@type\":\"SearchAction\",\"target\":{\"@type\":\"EntryPoint\",\"urlTemplate\":\"https:\\\/\\\/motorista.com.br\\\/noticias\\\/?s={search_term_string}\"},\"query-input\":{\"@type\":\"PropertyValueSpecification\",\"valueRequired\":true,\"valueName\":\"search_term_string\"}}],\"inLanguage\":\"pt-BR\"},{\"@type\":\"Organization\",\"@id\":\"https:\\\/\\\/motorista.com.br\\\/noticias\\\/#organization\",\"name\":\"Motorista.com.br\",\"url\":\"https:\\\/\\\/motorista.com.br\\\/noticias\\\/\",\"logo\":{\"@type\":\"ImageObject\",\"inLanguage\":\"pt-BR\",\"@id\":\"https:\\\/\\\/motorista.com.br\\\/noticias\\\/#\\\/schema\\\/logo\\\/image\\\/\",\"url\":\"https:\\\/\\\/motorista.com.br\\\/noticias\\\/wp-content\\\/uploads\\\/2025\\\/06\\\/Design-sem-nome-9.png\",\"contentUrl\":\"https:\\\/\\\/motorista.com.br\\\/noticias\\\/wp-content\\\/uploads\\\/2025\\\/06\\\/Design-sem-nome-9.png\",\"width\":150,\"height\":85,\"caption\":\"Motorista.com.br\"},\"image\":{\"@id\":\"https:\\\/\\\/motorista.com.br\\\/noticias\\\/#\\\/schema\\\/logo\\\/image\\\/\"}},{\"@type\":\"Person\",\"@id\":\"https:\\\/\\\/motorista.com.br\\\/noticias\\\/#\\\/schema\\\/person\\\/dc93afc2981c0e3ce6bc3c053fd847be\",\"name\":\"Equipe Reda\u00e7\u00e3o\",\"image\":{\"@type\":\"ImageObject\",\"inLanguage\":\"pt-BR\",\"@id\":\"https:\\\/\\\/secure.gravatar.com\\\/avatar\\\/4f525efbf18dd2bb300ccad28bfb99d95a9465a5ba268407c8c37b37e1f28d2d?s=96&d=mm&r=g9e099043a0c61e9ae27e293b9fa75ffc\",\"url\":\"https:\\\/\\\/secure.gravatar.com\\\/avatar\\\/4f525efbf18dd2bb300ccad28bfb99d95a9465a5ba268407c8c37b37e1f28d2d?s=96&d=mm&r=g\",\"contentUrl\":\"https:\\\/\\\/secure.gravatar.com\\\/avatar\\\/4f525efbf18dd2bb300ccad28bfb99d95a9465a5ba268407c8c37b37e1f28d2d?s=96&d=mm&r=g\",\"caption\":\"Equipe Reda\u00e7\u00e3o\"},\"description\":\"Equipe de reda\u00e7\u00e3o \u00e9 um grupo de profissionais que trabalham juntos para criar conte\u00fado escrito para Motorista.com.br\",\"url\":\"https:\\\/\\\/motorista.com.br\\\/noticias\\\/author\\\/equiperedacao\\\/\"}]}<\/script>\n<!-- \/ Yoast SEO Premium plugin. -->","yoast_head_json":{"title":"Minist\u00e9rio de Minas e Energia inicia testes com biodiesel B16. - Motorista.com.br","robots":{"index":"index","follow":"follow","max-snippet":"max-snippet:-1","max-image-preview":"max-image-preview:large","max-video-preview":"max-video-preview:-1"},"canonical":"https:\/\/motorista.com.br\/noticias\/2026\/04\/26\/ministerio-de-minas-e-energia-inicia-testes-com-biodiesel-b16\/","og_locale":"pt_BR","og_type":"article","og_title":"Minist\u00e9rio de Minas e Energia inicia testes com biodiesel B16.","og_description":"Minist\u00e9rio de Minas e Energia Confirma In\u00edcio de Testagem de Biodiesel B16 Recentemente, o Secret\u00e1rio substituto de Petr\u00f3leo, G\u00e1s Natural e Biocombust\u00edveis do Minist\u00e9rio de Minas e Energia (MME), Marlon Arraes, anunciou o in\u00edcio de testes para aumentar a mistura de biodiesel ao diesel, come\u00e7ando em maio. Essa iniciativa foi revelada durante um evento em &hellip;","og_url":"https:\/\/motorista.com.br\/noticias\/2026\/04\/26\/ministerio-de-minas-e-energia-inicia-testes-com-biodiesel-b16\/","og_site_name":"Motorista.com.br","article_published_time":"2026-04-26T19:45:37+00:00","author":"Equipe Reda\u00e7\u00e3o","twitter_card":"summary_large_image","twitter_misc":{"Escrito por":"Equipe Reda\u00e7\u00e3o","Est. tempo de leitura":"2 minutos","Written by":"Equipe Reda\u00e7\u00e3o"},"schema":{"@context":"https:\/\/schema.org","@graph":[{"@type":"Article","@id":"https:\/\/motorista.com.br\/noticias\/2026\/04\/26\/ministerio-de-minas-e-energia-inicia-testes-com-biodiesel-b16\/#article","isPartOf":{"@id":"https:\/\/motorista.com.br\/noticias\/2026\/04\/26\/ministerio-de-minas-e-energia-inicia-testes-com-biodiesel-b16\/"},"author":{"name":"Equipe Reda\u00e7\u00e3o","@id":"https:\/\/motorista.com.br\/noticias\/#\/schema\/person\/dc93afc2981c0e3ce6bc3c053fd847be"},"headline":"Minist\u00e9rio de Minas e Energia inicia testes com biodiesel B16.","datePublished":"2026-04-26T19:45:37+00:00","mainEntityOfPage":{"@id":"https:\/\/motorista.com.br\/noticias\/2026\/04\/26\/ministerio-de-minas-e-energia-inicia-testes-com-biodiesel-b16\/"},"wordCount":433,"publisher":{"@id":"https:\/\/motorista.com.br\/noticias\/#organization"},"image":{"@id":"https:\/\/motorista.com.br\/noticias\/2026\/04\/26\/ministerio-de-minas-e-energia-inicia-testes-com-biodiesel-b16\/#primaryimage"},"thumbnailUrl":"https:\/\/motorista.com.br\/noticias\/wp-content\/uploads\/2026\/04\/biodiesel.jpg","articleSection":["Carreteiro","Motorista"],"inLanguage":"pt-BR"},{"@type":"WebPage","@id":"https:\/\/motorista.com.br\/noticias\/2026\/04\/26\/ministerio-de-minas-e-energia-inicia-testes-com-biodiesel-b16\/","url":"https:\/\/motorista.com.br\/noticias\/2026\/04\/26\/ministerio-de-minas-e-energia-inicia-testes-com-biodiesel-b16\/","name":"Minist\u00e9rio de Minas e Energia inicia testes com biodiesel B16. - Motorista.com.br","isPartOf":{"@id":"https:\/\/motorista.com.br\/noticias\/#website"},"primaryImageOfPage":{"@id":"https:\/\/motorista.com.br\/noticias\/2026\/04\/26\/ministerio-de-minas-e-energia-inicia-testes-com-biodiesel-b16\/#primaryimage"},"image":{"@id":"https:\/\/motorista.com.br\/noticias\/2026\/04\/26\/ministerio-de-minas-e-energia-inicia-testes-com-biodiesel-b16\/#primaryimage"},"thumbnailUrl":"https:\/\/motorista.com.br\/noticias\/wp-content\/uploads\/2026\/04\/biodiesel.jpg","datePublished":"2026-04-26T19:45:37+00:00","breadcrumb":{"@id":"https:\/\/motorista.com.br\/noticias\/2026\/04\/26\/ministerio-de-minas-e-energia-inicia-testes-com-biodiesel-b16\/#breadcrumb"},"inLanguage":"pt-BR","potentialAction":[{"@type":"ReadAction","target":["https:\/\/motorista.com.br\/noticias\/2026\/04\/26\/ministerio-de-minas-e-energia-inicia-testes-com-biodiesel-b16\/"]}]},{"@type":"ImageObject","inLanguage":"pt-BR","@id":"https:\/\/motorista.com.br\/noticias\/2026\/04\/26\/ministerio-de-minas-e-energia-inicia-testes-com-biodiesel-b16\/#primaryimage","url":"https:\/\/motorista.com.br\/noticias\/wp-content\/uploads\/2026\/04\/biodiesel.jpg","contentUrl":"https:\/\/motorista.com.br\/noticias\/wp-content\/uploads\/2026\/04\/biodiesel.jpg","width":1201,"height":800},{"@type":"BreadcrumbList","@id":"https:\/\/motorista.com.br\/noticias\/2026\/04\/26\/ministerio-de-minas-e-energia-inicia-testes-com-biodiesel-b16\/#breadcrumb","itemListElement":[{"@type":"ListItem","position":1,"name":"In\u00edcio","item":"https:\/\/motorista.com.br\/noticias\/"},{"@type":"ListItem","position":2,"name":"Minist\u00e9rio de Minas e Energia inicia testes com biodiesel B16."}]},{"@type":"WebSite","@id":"https:\/\/motorista.com.br\/noticias\/#website","url":"https:\/\/motorista.com.br\/noticias\/","name":"Motorista.com.br","description":"Not\u00edcia do Motorista","publisher":{"@id":"https:\/\/motorista.com.br\/noticias\/#organization"},"potentialAction":[{"@type":"SearchAction","target":{"@type":"EntryPoint","urlTemplate":"https:\/\/motorista.com.br\/noticias\/?s={search_term_string}"},"query-input":{"@type":"PropertyValueSpecification","valueRequired":true,"valueName":"search_term_string"}}],"inLanguage":"pt-BR"},{"@type":"Organization","@id":"https:\/\/motorista.com.br\/noticias\/#organization","name":"Motorista.com.br","url":"https:\/\/motorista.com.br\/noticias\/","logo":{"@type":"ImageObject","inLanguage":"pt-BR","@id":"https:\/\/motorista.com.br\/noticias\/#\/schema\/logo\/image\/","url":"https:\/\/motorista.com.br\/noticias\/wp-content\/uploads\/2025\/06\/Design-sem-nome-9.png","contentUrl":"https:\/\/motorista.com.br\/noticias\/wp-content\/uploads\/2025\/06\/Design-sem-nome-9.png","width":150,"height":85,"caption":"Motorista.com.br"},"image":{"@id":"https:\/\/motorista.com.br\/noticias\/#\/schema\/logo\/image\/"}},{"@type":"Person","@id":"https:\/\/motorista.com.br\/noticias\/#\/schema\/person\/dc93afc2981c0e3ce6bc3c053fd847be","name":"Equipe Reda\u00e7\u00e3o","image":{"@type":"ImageObject","inLanguage":"pt-BR","@id":"https:\/\/secure.gravatar.com\/avatar\/4f525efbf18dd2bb300ccad28bfb99d95a9465a5ba268407c8c37b37e1f28d2d?s=96&d=mm&r=g9e099043a0c61e9ae27e293b9fa75ffc","url":"https:\/\/secure.gravatar.com\/avatar\/4f525efbf18dd2bb300ccad28bfb99d95a9465a5ba268407c8c37b37e1f28d2d?s=96&d=mm&r=g","contentUrl":"https:\/\/secure.gravatar.com\/avatar\/4f525efbf18dd2bb300ccad28bfb99d95a9465a5ba268407c8c37b37e1f28d2d?s=96&d=mm&r=g","caption":"Equipe Reda\u00e7\u00e3o"},"description":"Equipe de reda\u00e7\u00e3o \u00e9 um grupo de profissionais que trabalham juntos para criar conte\u00fado escrito para Motorista.com.br","url":"https:\/\/motorista.com.br\/noticias\/author\/equiperedacao\/"}]}},"_links":{"self":[{"href":"https:\/\/motorista.com.br\/noticias\/wp-json\/wp\/v2\/posts\/9189","targetHints":{"allow":["GET"]}}],"collection":[{"href":"https:\/\/motorista.com.br\/noticias\/wp-json\/wp\/v2\/posts"}],"about":[{"href":"https:\/\/motorista.com.br\/noticias\/wp-json\/wp\/v2\/types\/post"}],"author":[{"embeddable":true,"href":"https:\/\/motorista.com.br\/noticias\/wp-json\/wp\/v2\/users\/4"}],"replies":[{"embeddable":true,"href":"https:\/\/motorista.com.br\/noticias\/wp-json\/wp\/v2\/comments?post=9189"}],"version-history":[{"count":0,"href":"https:\/\/motorista.com.br\/noticias\/wp-json\/wp\/v2\/posts\/9189\/revisions"}],"wp:featuredmedia":[{"embeddable":true,"href":"https:\/\/motorista.com.br\/noticias\/wp-json\/wp\/v2\/media\/8472"}],"wp:attachment":[{"href":"https:\/\/motorista.com.br\/noticias\/wp-json\/wp\/v2\/media?parent=9189"}],"wp:term":[{"taxonomy":"category","embeddable":true,"href":"https:\/\/motorista.com.br\/noticias\/wp-json\/wp\/v2\/categories?post=9189"},{"taxonomy":"post_tag","embeddable":true,"href":"https:\/\/motorista.com.br\/noticias\/wp-json\/wp\/v2\/tags?post=9189"},{"taxonomy":"author","embeddable":true,"href":"https:\/\/motorista.com.br\/noticias\/wp-json\/wp\/v2\/coauthors?post=9189"}],"curies":[{"name":"wp","href":"https:\/\/api.w.org\/{rel}","templated":true}]}}