{"id":9187,"date":"2026-04-26T15:58:09","date_gmt":"2026-04-26T18:58:09","guid":{"rendered":"https:\/\/motorista.com.br\/noticias\/2026\/04\/26\/lideres-globais-condenam-ataque-em-jantar-com-trump\/"},"modified":"2026-04-26T15:58:09","modified_gmt":"2026-04-26T18:58:09","slug":"lideres-globais-condenam-ataque-em-jantar-com-trump","status":"publish","type":"post","link":"https:\/\/motorista.com.br\/noticias\/2026\/04\/26\/lideres-globais-condenam-ataque-em-jantar-com-trump\/","title":{"rendered":"L\u00edderes globais condenam ataque em jantar com Trump"},"content":{"rendered":"<p><\/p>\n<div>\n<p>O presidente Luiz In\u00e1cio Lula da Silva, juntamente com outros l\u00edderes mundiais, expressou sua condena\u00e7\u00e3o \u00e0 tentativa de ataque durante um jantar da Associa\u00e7\u00e3o de Correspondentes da Casa Branca, realizado no \u00faltimo s\u00e1bado (25\/04) e que contava com a presen\u00e7a do presidente dos Estados Unidos, Donald Trump.<\/p>\n<p>Um homem, armado com uma espingarda, pistola e facas, tentou invadir o hotel Hilton em Washington, mas foi rapidamente detido pelo Servi\u00e7o Secreto. O local foi evacuado, incluindo o presidente Trump e a primeira-dama, Melania, que foram retirados em seguran\u00e7a. Um agente do Servi\u00e7o Secreto foi ferido, mas est\u00e1 fora de perigo.<\/p>\n<h3>Solidariedade e Rep\u00fadio<\/h3>\n<p>Ap\u00f3s o ataque, Lula postou uma mensagem nas redes sociais, expressando sua solidariedade a Trump e aos presentes no evento: &#8220;O Brasil repudia veementemente o ataque de ontem \u00e0 noite. A viol\u00eancia pol\u00edtica \u00e9 uma afronta aos valores democr\u00e1ticos que todos devemos proteger&#8221;.<\/p>\n<h3>Rea\u00e7\u00f5es de L\u00edderes Internacionais<\/h3>\n<p>Al\u00e9m de Lula, outros l\u00edderes internacionais se manifestaram. A presidente do M\u00e9xico, Claudia Sheinbaum, expressou al\u00edvio pela seguran\u00e7a de Trump e sua esposa. O primeiro-ministro indiano, Narendra Modi, enviou seus melhores votos e destacou que \u201ca viol\u00eancia n\u00e3o tem lugar na democracia\u201d. L\u00edderes da Europa, como Emmanuel Macron e Ursula von der Leyen, tamb\u00e9m se pronunciaram, ressaltando que \u201ca viol\u00eancia n\u00e3o tem lugar na pol\u00edtica\u201d.<\/p>\n<h3>Reflex\u00f5es sobre a Mobilidade e Seguran\u00e7a<\/h3>\n<p>A ocorr\u00eancia de eventos como este, que envolvem atentados e viol\u00eancia, tem implica\u00e7\u00f5es diretas n\u00e3o apenas para a pol\u00edtica, mas tamb\u00e9m para a mobilidade. A inseguran\u00e7a provoca um impacto negativo na liberdade de deslocamento n\u00e3o apenas de l\u00edderes, mas de cidad\u00e3os comuns. As inseguran\u00e7as nas \u00e1reas urbanas, especialmente em grandes eventos, podem levar a um aumento nas restri\u00e7\u00f5es e a um maior controle de circula\u00e7\u00e3o.<\/p>\n<p>Repudiar a viol\u00eancia, como fizeram Lula e outros l\u00edderes, n\u00e3o \u00e9 apenas uma quest\u00e3o de solidariedade, mas tamb\u00e9m pode ser interpretado como um apelo \u00e0 restaura\u00e7\u00e3o da ordem e da normalidade nas intera\u00e7\u00f5es sociais e no tr\u00e2nsito das cidades. A capacidade de se mover com seguran\u00e7a \u00e9 um pilar fundamental da vida urbana e afeta todas as esferas, desde neg\u00f3cios at\u00e9 a vida cotidiana dos motoristas e pedestres. Portanto, a defesa da democracia \u00e9, em \u00faltima an\u00e1lise, uma defesa do direito de ir e vir sem medo.<\/p>\n<h3>O Suspeito e Consequ\u00eancias Legais<\/h3>\n<p>O atirador, um residente da Calif\u00f3rnia, ser\u00e1 levado a tribunal para enfrentar acusa\u00e7\u00f5es como porte ilegal de arma e agress\u00e3o. A natureza de suas a\u00e7\u00f5es levanta quest\u00f5es sobre a sa\u00fade mental e a seguran\u00e7a, temas que s\u00e3o cr\u00edticos n\u00e3o apenas nas discuss\u00f5es pol\u00edticas, mas tamb\u00e9m no contexto da mobilidade e da vida p\u00fablica.<\/p>\n<\/div>\n","protected":false},"excerpt":{"rendered":"<p>O presidente Luiz In\u00e1cio Lula da Silva, juntamente com outros l\u00edderes mundiais, expressou sua condena\u00e7\u00e3o \u00e0 tentativa de ataque durante um jantar da Associa\u00e7\u00e3o de Correspondentes da Casa Branca, realizado no \u00faltimo s\u00e1bado (25\/04) e que contava com a presen\u00e7a do presidente dos Estados Unidos, Donald Trump. Um homem, armado com uma espingarda, pistola e &hellip;<\/p>\n","protected":false},"author":4,"featured_media":9188,"comment_status":"","ping_status":"open","sticky":false,"template":"","format":"standard","meta":{"footnotes":""},"categories":[45],"tags":[],"coauthors":[42],"class_list":["post-9187","post","type-post","status-publish","format-standard","has-post-thumbnail","hentry","category-mundo"],"yoast_head":"<!-- This site is optimized with the Yoast SEO Premium plugin v25.5 (Yoast SEO v27.5) - https:\/\/yoast.com\/product\/yoast-seo-premium-wordpress\/ -->\n<title>L\u00edderes globais condenam ataque em jantar com Trump - Motorista.com.br<\/title>\n<meta name=\"robots\" content=\"index, follow, max-snippet:-1, max-image-preview:large, max-video-preview:-1\" \/>\n<link rel=\"canonical\" href=\"https:\/\/motorista.com.br\/noticias\/2026\/04\/26\/lideres-globais-condenam-ataque-em-jantar-com-trump\/\" \/>\n<meta property=\"og:locale\" content=\"pt_BR\" \/>\n<meta property=\"og:type\" content=\"article\" \/>\n<meta property=\"og:title\" content=\"L\u00edderes globais condenam ataque em jantar com Trump\" \/>\n<meta property=\"og:description\" content=\"O presidente Luiz In\u00e1cio Lula da Silva, juntamente com outros l\u00edderes mundiais, expressou sua condena\u00e7\u00e3o \u00e0 tentativa de ataque durante um jantar da Associa\u00e7\u00e3o de Correspondentes da Casa Branca, realizado no \u00faltimo s\u00e1bado (25\/04) e que contava com a presen\u00e7a do presidente dos Estados Unidos, Donald Trump. Um homem, armado com uma espingarda, pistola e &hellip;\" \/>\n<meta property=\"og:url\" content=\"https:\/\/motorista.com.br\/noticias\/2026\/04\/26\/lideres-globais-condenam-ataque-em-jantar-com-trump\/\" \/>\n<meta property=\"og:site_name\" content=\"Motorista.com.br\" \/>\n<meta property=\"article:published_time\" content=\"2026-04-26T18:58:09+00:00\" \/>\n<meta name=\"author\" content=\"Equipe Reda\u00e7\u00e3o\" \/>\n<meta name=\"twitter:card\" content=\"summary_large_image\" \/>\n<meta name=\"twitter:label1\" content=\"Escrito por\" \/>\n\t<meta name=\"twitter:data1\" content=\"Equipe Reda\u00e7\u00e3o\" \/>\n\t<meta name=\"twitter:label2\" content=\"Est. tempo de leitura\" \/>\n\t<meta name=\"twitter:data2\" content=\"2 minutos\" \/>\n\t<meta name=\"twitter:label3\" content=\"Written by\" \/>\n\t<meta name=\"twitter:data3\" content=\"Equipe Reda\u00e7\u00e3o\" \/>\n<script type=\"application\/ld+json\" class=\"yoast-schema-graph\">{\"@context\":\"https:\\\/\\\/schema.org\",\"@graph\":[{\"@type\":\"Article\",\"@id\":\"https:\\\/\\\/motorista.com.br\\\/noticias\\\/2026\\\/04\\\/26\\\/lideres-globais-condenam-ataque-em-jantar-com-trump\\\/#article\",\"isPartOf\":{\"@id\":\"https:\\\/\\\/motorista.com.br\\\/noticias\\\/2026\\\/04\\\/26\\\/lideres-globais-condenam-ataque-em-jantar-com-trump\\\/\"},\"author\":{\"name\":\"Equipe Reda\u00e7\u00e3o\",\"@id\":\"https:\\\/\\\/motorista.com.br\\\/noticias\\\/#\\\/schema\\\/person\\\/dc93afc2981c0e3ce6bc3c053fd847be\"},\"headline\":\"L\u00edderes globais condenam ataque em jantar com Trump\",\"datePublished\":\"2026-04-26T18:58:09+00:00\",\"mainEntityOfPage\":{\"@id\":\"https:\\\/\\\/motorista.com.br\\\/noticias\\\/2026\\\/04\\\/26\\\/lideres-globais-condenam-ataque-em-jantar-com-trump\\\/\"},\"wordCount\":500,\"publisher\":{\"@id\":\"https:\\\/\\\/motorista.com.br\\\/noticias\\\/#organization\"},\"image\":{\"@id\":\"https:\\\/\\\/motorista.com.br\\\/noticias\\\/2026\\\/04\\\/26\\\/lideres-globais-condenam-ataque-em-jantar-com-trump\\\/#primaryimage\"},\"thumbnailUrl\":\"https:\\\/\\\/motorista.com.br\\\/noticias\\\/wp-content\\\/uploads\\\/2026\\\/04\\\/captura-de-tela-2026-04-26-132704.png\",\"articleSection\":[\"Mundo\"],\"inLanguage\":\"pt-BR\"},{\"@type\":\"WebPage\",\"@id\":\"https:\\\/\\\/motorista.com.br\\\/noticias\\\/2026\\\/04\\\/26\\\/lideres-globais-condenam-ataque-em-jantar-com-trump\\\/\",\"url\":\"https:\\\/\\\/motorista.com.br\\\/noticias\\\/2026\\\/04\\\/26\\\/lideres-globais-condenam-ataque-em-jantar-com-trump\\\/\",\"name\":\"L\u00edderes globais condenam ataque em jantar com Trump - Motorista.com.br\",\"isPartOf\":{\"@id\":\"https:\\\/\\\/motorista.com.br\\\/noticias\\\/#website\"},\"primaryImageOfPage\":{\"@id\":\"https:\\\/\\\/motorista.com.br\\\/noticias\\\/2026\\\/04\\\/26\\\/lideres-globais-condenam-ataque-em-jantar-com-trump\\\/#primaryimage\"},\"image\":{\"@id\":\"https:\\\/\\\/motorista.com.br\\\/noticias\\\/2026\\\/04\\\/26\\\/lideres-globais-condenam-ataque-em-jantar-com-trump\\\/#primaryimage\"},\"thumbnailUrl\":\"https:\\\/\\\/motorista.com.br\\\/noticias\\\/wp-content\\\/uploads\\\/2026\\\/04\\\/captura-de-tela-2026-04-26-132704.png\",\"datePublished\":\"2026-04-26T18:58:09+00:00\",\"breadcrumb\":{\"@id\":\"https:\\\/\\\/motorista.com.br\\\/noticias\\\/2026\\\/04\\\/26\\\/lideres-globais-condenam-ataque-em-jantar-com-trump\\\/#breadcrumb\"},\"inLanguage\":\"pt-BR\",\"potentialAction\":[{\"@type\":\"ReadAction\",\"target\":[\"https:\\\/\\\/motorista.com.br\\\/noticias\\\/2026\\\/04\\\/26\\\/lideres-globais-condenam-ataque-em-jantar-com-trump\\\/\"]}]},{\"@type\":\"ImageObject\",\"inLanguage\":\"pt-BR\",\"@id\":\"https:\\\/\\\/motorista.com.br\\\/noticias\\\/2026\\\/04\\\/26\\\/lideres-globais-condenam-ataque-em-jantar-com-trump\\\/#primaryimage\",\"url\":\"https:\\\/\\\/motorista.com.br\\\/noticias\\\/wp-content\\\/uploads\\\/2026\\\/04\\\/captura-de-tela-2026-04-26-132704.png\",\"contentUrl\":\"https:\\\/\\\/motorista.com.br\\\/noticias\\\/wp-content\\\/uploads\\\/2026\\\/04\\\/captura-de-tela-2026-04-26-132704.png\",\"width\":826,\"height\":591},{\"@type\":\"BreadcrumbList\",\"@id\":\"https:\\\/\\\/motorista.com.br\\\/noticias\\\/2026\\\/04\\\/26\\\/lideres-globais-condenam-ataque-em-jantar-com-trump\\\/#breadcrumb\",\"itemListElement\":[{\"@type\":\"ListItem\",\"position\":1,\"name\":\"In\u00edcio\",\"item\":\"https:\\\/\\\/motorista.com.br\\\/noticias\\\/\"},{\"@type\":\"ListItem\",\"position\":2,\"name\":\"L\u00edderes globais condenam ataque em jantar com Trump\"}]},{\"@type\":\"WebSite\",\"@id\":\"https:\\\/\\\/motorista.com.br\\\/noticias\\\/#website\",\"url\":\"https:\\\/\\\/motorista.com.br\\\/noticias\\\/\",\"name\":\"Motorista.com.br\",\"description\":\"Not\u00edcia do Motorista\",\"publisher\":{\"@id\":\"https:\\\/\\\/motorista.com.br\\\/noticias\\\/#organization\"},\"potentialAction\":[{\"@type\":\"SearchAction\",\"target\":{\"@type\":\"EntryPoint\",\"urlTemplate\":\"https:\\\/\\\/motorista.com.br\\\/noticias\\\/?s={search_term_string}\"},\"query-input\":{\"@type\":\"PropertyValueSpecification\",\"valueRequired\":true,\"valueName\":\"search_term_string\"}}],\"inLanguage\":\"pt-BR\"},{\"@type\":\"Organization\",\"@id\":\"https:\\\/\\\/motorista.com.br\\\/noticias\\\/#organization\",\"name\":\"Motorista.com.br\",\"url\":\"https:\\\/\\\/motorista.com.br\\\/noticias\\\/\",\"logo\":{\"@type\":\"ImageObject\",\"inLanguage\":\"pt-BR\",\"@id\":\"https:\\\/\\\/motorista.com.br\\\/noticias\\\/#\\\/schema\\\/logo\\\/image\\\/\",\"url\":\"https:\\\/\\\/motorista.com.br\\\/noticias\\\/wp-content\\\/uploads\\\/2025\\\/06\\\/Design-sem-nome-9.png\",\"contentUrl\":\"https:\\\/\\\/motorista.com.br\\\/noticias\\\/wp-content\\\/uploads\\\/2025\\\/06\\\/Design-sem-nome-9.png\",\"width\":150,\"height\":85,\"caption\":\"Motorista.com.br\"},\"image\":{\"@id\":\"https:\\\/\\\/motorista.com.br\\\/noticias\\\/#\\\/schema\\\/logo\\\/image\\\/\"}},{\"@type\":\"Person\",\"@id\":\"https:\\\/\\\/motorista.com.br\\\/noticias\\\/#\\\/schema\\\/person\\\/dc93afc2981c0e3ce6bc3c053fd847be\",\"name\":\"Equipe Reda\u00e7\u00e3o\",\"image\":{\"@type\":\"ImageObject\",\"inLanguage\":\"pt-BR\",\"@id\":\"https:\\\/\\\/secure.gravatar.com\\\/avatar\\\/4f525efbf18dd2bb300ccad28bfb99d95a9465a5ba268407c8c37b37e1f28d2d?s=96&d=mm&r=g9e099043a0c61e9ae27e293b9fa75ffc\",\"url\":\"https:\\\/\\\/secure.gravatar.com\\\/avatar\\\/4f525efbf18dd2bb300ccad28bfb99d95a9465a5ba268407c8c37b37e1f28d2d?s=96&d=mm&r=g\",\"contentUrl\":\"https:\\\/\\\/secure.gravatar.com\\\/avatar\\\/4f525efbf18dd2bb300ccad28bfb99d95a9465a5ba268407c8c37b37e1f28d2d?s=96&d=mm&r=g\",\"caption\":\"Equipe Reda\u00e7\u00e3o\"},\"description\":\"Equipe de reda\u00e7\u00e3o \u00e9 um grupo de profissionais que trabalham juntos para criar conte\u00fado escrito para Motorista.com.br\",\"url\":\"https:\\\/\\\/motorista.com.br\\\/noticias\\\/author\\\/equiperedacao\\\/\"}]}<\/script>\n<!-- \/ Yoast SEO Premium plugin. -->","yoast_head_json":{"title":"L\u00edderes globais condenam ataque em jantar com Trump - Motorista.com.br","robots":{"index":"index","follow":"follow","max-snippet":"max-snippet:-1","max-image-preview":"max-image-preview:large","max-video-preview":"max-video-preview:-1"},"canonical":"https:\/\/motorista.com.br\/noticias\/2026\/04\/26\/lideres-globais-condenam-ataque-em-jantar-com-trump\/","og_locale":"pt_BR","og_type":"article","og_title":"L\u00edderes globais condenam ataque em jantar com Trump","og_description":"O presidente Luiz In\u00e1cio Lula da Silva, juntamente com outros l\u00edderes mundiais, expressou sua condena\u00e7\u00e3o \u00e0 tentativa de ataque durante um jantar da Associa\u00e7\u00e3o de Correspondentes da Casa Branca, realizado no \u00faltimo s\u00e1bado (25\/04) e que contava com a presen\u00e7a do presidente dos Estados Unidos, Donald Trump. Um homem, armado com uma espingarda, pistola e &hellip;","og_url":"https:\/\/motorista.com.br\/noticias\/2026\/04\/26\/lideres-globais-condenam-ataque-em-jantar-com-trump\/","og_site_name":"Motorista.com.br","article_published_time":"2026-04-26T18:58:09+00:00","author":"Equipe Reda\u00e7\u00e3o","twitter_card":"summary_large_image","twitter_misc":{"Escrito por":"Equipe Reda\u00e7\u00e3o","Est. tempo de leitura":"2 minutos","Written by":"Equipe Reda\u00e7\u00e3o"},"schema":{"@context":"https:\/\/schema.org","@graph":[{"@type":"Article","@id":"https:\/\/motorista.com.br\/noticias\/2026\/04\/26\/lideres-globais-condenam-ataque-em-jantar-com-trump\/#article","isPartOf":{"@id":"https:\/\/motorista.com.br\/noticias\/2026\/04\/26\/lideres-globais-condenam-ataque-em-jantar-com-trump\/"},"author":{"name":"Equipe Reda\u00e7\u00e3o","@id":"https:\/\/motorista.com.br\/noticias\/#\/schema\/person\/dc93afc2981c0e3ce6bc3c053fd847be"},"headline":"L\u00edderes globais condenam ataque em jantar com Trump","datePublished":"2026-04-26T18:58:09+00:00","mainEntityOfPage":{"@id":"https:\/\/motorista.com.br\/noticias\/2026\/04\/26\/lideres-globais-condenam-ataque-em-jantar-com-trump\/"},"wordCount":500,"publisher":{"@id":"https:\/\/motorista.com.br\/noticias\/#organization"},"image":{"@id":"https:\/\/motorista.com.br\/noticias\/2026\/04\/26\/lideres-globais-condenam-ataque-em-jantar-com-trump\/#primaryimage"},"thumbnailUrl":"https:\/\/motorista.com.br\/noticias\/wp-content\/uploads\/2026\/04\/captura-de-tela-2026-04-26-132704.png","articleSection":["Mundo"],"inLanguage":"pt-BR"},{"@type":"WebPage","@id":"https:\/\/motorista.com.br\/noticias\/2026\/04\/26\/lideres-globais-condenam-ataque-em-jantar-com-trump\/","url":"https:\/\/motorista.com.br\/noticias\/2026\/04\/26\/lideres-globais-condenam-ataque-em-jantar-com-trump\/","name":"L\u00edderes globais condenam ataque em jantar com Trump - Motorista.com.br","isPartOf":{"@id":"https:\/\/motorista.com.br\/noticias\/#website"},"primaryImageOfPage":{"@id":"https:\/\/motorista.com.br\/noticias\/2026\/04\/26\/lideres-globais-condenam-ataque-em-jantar-com-trump\/#primaryimage"},"image":{"@id":"https:\/\/motorista.com.br\/noticias\/2026\/04\/26\/lideres-globais-condenam-ataque-em-jantar-com-trump\/#primaryimage"},"thumbnailUrl":"https:\/\/motorista.com.br\/noticias\/wp-content\/uploads\/2026\/04\/captura-de-tela-2026-04-26-132704.png","datePublished":"2026-04-26T18:58:09+00:00","breadcrumb":{"@id":"https:\/\/motorista.com.br\/noticias\/2026\/04\/26\/lideres-globais-condenam-ataque-em-jantar-com-trump\/#breadcrumb"},"inLanguage":"pt-BR","potentialAction":[{"@type":"ReadAction","target":["https:\/\/motorista.com.br\/noticias\/2026\/04\/26\/lideres-globais-condenam-ataque-em-jantar-com-trump\/"]}]},{"@type":"ImageObject","inLanguage":"pt-BR","@id":"https:\/\/motorista.com.br\/noticias\/2026\/04\/26\/lideres-globais-condenam-ataque-em-jantar-com-trump\/#primaryimage","url":"https:\/\/motorista.com.br\/noticias\/wp-content\/uploads\/2026\/04\/captura-de-tela-2026-04-26-132704.png","contentUrl":"https:\/\/motorista.com.br\/noticias\/wp-content\/uploads\/2026\/04\/captura-de-tela-2026-04-26-132704.png","width":826,"height":591},{"@type":"BreadcrumbList","@id":"https:\/\/motorista.com.br\/noticias\/2026\/04\/26\/lideres-globais-condenam-ataque-em-jantar-com-trump\/#breadcrumb","itemListElement":[{"@type":"ListItem","position":1,"name":"In\u00edcio","item":"https:\/\/motorista.com.br\/noticias\/"},{"@type":"ListItem","position":2,"name":"L\u00edderes globais condenam ataque em jantar com Trump"}]},{"@type":"WebSite","@id":"https:\/\/motorista.com.br\/noticias\/#website","url":"https:\/\/motorista.com.br\/noticias\/","name":"Motorista.com.br","description":"Not\u00edcia do Motorista","publisher":{"@id":"https:\/\/motorista.com.br\/noticias\/#organization"},"potentialAction":[{"@type":"SearchAction","target":{"@type":"EntryPoint","urlTemplate":"https:\/\/motorista.com.br\/noticias\/?s={search_term_string}"},"query-input":{"@type":"PropertyValueSpecification","valueRequired":true,"valueName":"search_term_string"}}],"inLanguage":"pt-BR"},{"@type":"Organization","@id":"https:\/\/motorista.com.br\/noticias\/#organization","name":"Motorista.com.br","url":"https:\/\/motorista.com.br\/noticias\/","logo":{"@type":"ImageObject","inLanguage":"pt-BR","@id":"https:\/\/motorista.com.br\/noticias\/#\/schema\/logo\/image\/","url":"https:\/\/motorista.com.br\/noticias\/wp-content\/uploads\/2025\/06\/Design-sem-nome-9.png","contentUrl":"https:\/\/motorista.com.br\/noticias\/wp-content\/uploads\/2025\/06\/Design-sem-nome-9.png","width":150,"height":85,"caption":"Motorista.com.br"},"image":{"@id":"https:\/\/motorista.com.br\/noticias\/#\/schema\/logo\/image\/"}},{"@type":"Person","@id":"https:\/\/motorista.com.br\/noticias\/#\/schema\/person\/dc93afc2981c0e3ce6bc3c053fd847be","name":"Equipe Reda\u00e7\u00e3o","image":{"@type":"ImageObject","inLanguage":"pt-BR","@id":"https:\/\/secure.gravatar.com\/avatar\/4f525efbf18dd2bb300ccad28bfb99d95a9465a5ba268407c8c37b37e1f28d2d?s=96&d=mm&r=g9e099043a0c61e9ae27e293b9fa75ffc","url":"https:\/\/secure.gravatar.com\/avatar\/4f525efbf18dd2bb300ccad28bfb99d95a9465a5ba268407c8c37b37e1f28d2d?s=96&d=mm&r=g","contentUrl":"https:\/\/secure.gravatar.com\/avatar\/4f525efbf18dd2bb300ccad28bfb99d95a9465a5ba268407c8c37b37e1f28d2d?s=96&d=mm&r=g","caption":"Equipe Reda\u00e7\u00e3o"},"description":"Equipe de reda\u00e7\u00e3o \u00e9 um grupo de profissionais que trabalham juntos para criar conte\u00fado escrito para Motorista.com.br","url":"https:\/\/motorista.com.br\/noticias\/author\/equiperedacao\/"}]}},"_links":{"self":[{"href":"https:\/\/motorista.com.br\/noticias\/wp-json\/wp\/v2\/posts\/9187","targetHints":{"allow":["GET"]}}],"collection":[{"href":"https:\/\/motorista.com.br\/noticias\/wp-json\/wp\/v2\/posts"}],"about":[{"href":"https:\/\/motorista.com.br\/noticias\/wp-json\/wp\/v2\/types\/post"}],"author":[{"embeddable":true,"href":"https:\/\/motorista.com.br\/noticias\/wp-json\/wp\/v2\/users\/4"}],"replies":[{"embeddable":true,"href":"https:\/\/motorista.com.br\/noticias\/wp-json\/wp\/v2\/comments?post=9187"}],"version-history":[{"count":0,"href":"https:\/\/motorista.com.br\/noticias\/wp-json\/wp\/v2\/posts\/9187\/revisions"}],"wp:featuredmedia":[{"embeddable":true,"href":"https:\/\/motorista.com.br\/noticias\/wp-json\/wp\/v2\/media\/9188"}],"wp:attachment":[{"href":"https:\/\/motorista.com.br\/noticias\/wp-json\/wp\/v2\/media?parent=9187"}],"wp:term":[{"taxonomy":"category","embeddable":true,"href":"https:\/\/motorista.com.br\/noticias\/wp-json\/wp\/v2\/categories?post=9187"},{"taxonomy":"post_tag","embeddable":true,"href":"https:\/\/motorista.com.br\/noticias\/wp-json\/wp\/v2\/tags?post=9187"},{"taxonomy":"author","embeddable":true,"href":"https:\/\/motorista.com.br\/noticias\/wp-json\/wp\/v2\/coauthors?post=9187"}],"curies":[{"name":"wp","href":"https:\/\/api.w.org\/{rel}","templated":true}]}}