{"id":9185,"date":"2026-04-26T15:38:35","date_gmt":"2026-04-26T18:38:35","guid":{"rendered":"https:\/\/motorista.com.br\/noticias\/2026\/04\/26\/stf-aprova-lei-renato-ferrari-para-proteger-logistica-automotiva\/"},"modified":"2026-04-26T15:38:35","modified_gmt":"2026-04-26T18:38:35","slug":"stf-aprova-lei-renato-ferrari-para-proteger-logistica-automotiva","status":"publish","type":"post","link":"https:\/\/motorista.com.br\/noticias\/2026\/04\/26\/stf-aprova-lei-renato-ferrari-para-proteger-logistica-automotiva\/","title":{"rendered":"STF aprova Lei Renato Ferrari para proteger log\u00edstica automotiva"},"content":{"rendered":"<p><\/p>\n<p><strong>STF valida Lei Renato Ferrari e preserva log\u00edstica automotiva \u2013 Transporte Moderno<\/strong><\/p>\n<p>O Supremo Tribunal Federal decidiu, por unanimidade, reconhecer a constitucionalidade da Lei n\u00ba 6.729\/1979, consolidando um marco regulat\u00f3rio essencial para a rela\u00e7\u00e3o entre montadoras e concession\u00e1rias no Brasil. Essa decis\u00e3o n\u00e3o apenas reafirma a atual estrutura de distribui\u00e7\u00e3o de ve\u00edculos, mas tamb\u00e9m tem repercuss\u00f5es significativas para motoristas e a mobilidade geral no pa\u00eds.<\/p>\n<h3>O que muda (e o que n\u00e3o muda)<\/h3>\n<p>A decis\u00e3o do STF n\u00e3o altera a din\u00e2mica imediata do mercado. Trata-se, na verdade, de uma prote\u00e7\u00e3o ao modelo vigente de distribui\u00e7\u00e3o, que depende das concession\u00e1rias como elo central. Mantendo os contratos formais e a delimita\u00e7\u00e3o territorial, a decis\u00e3o proporciona seguran\u00e7a jur\u00eddica. Para motoristas, isso significa que a rela\u00e7\u00e3o com as concession\u00e1rias, que s\u00e3o fundamentais na manuten\u00e7\u00e3o e suporte, continuar\u00e1 est\u00e1vel e previs\u00edvel.<\/p>\n<h3>Impacto direto no transporte de carga<\/h3>\n<p>O principal efeito da decis\u00e3o \u00e9 a manuten\u00e7\u00e3o da arquitetura log\u00edstica do setor automotivo. Com as concession\u00e1rias atuando como centros de distribui\u00e7\u00e3o, o fluxo de ve\u00edculos e autope\u00e7as se organizam de maneira eficiente entre montadoras e pontos de venda. Para os motoristas, isso se traduz em maior disponibilidade de pe\u00e7as e servi\u00e7os, garantindo que eles possam manter seus ve\u00edculos em boas condi\u00e7\u00f5es e com menos obst\u00e1culos.<\/p>\n<p>Esse arranjo log\u00edstico n\u00e3o s\u00f3 assegura prazos de entrega mais curtos, mas tamb\u00e9m proporciona uma capilaridade na rede de atendimento, essencial para a mobilidade dos motoristas. Ao garantir que as concession\u00e1rias permane\u00e7am como pontos-chave na log\u00edstica, a decis\u00e3o amplia a acessibilidade dos servi\u00e7os automotivos em diversas regi\u00f5es.<\/p>\n<h3>Por que isso importa<\/h3>\n<p>A decis\u00e3o do STF \u00e9 um marco que sustenta a previsibilidade log\u00edstica e a organiza\u00e7\u00e3o dos fluxos de transporte no setor automotivo. Para motoristas, isso representa a continuidade de um sistema que facilita n\u00e3o apenas a compra, mas tamb\u00e9m a manuten\u00e7\u00e3o de ve\u00edculos.<\/p>\n<p>No entanto, o futuro apresenta um desafio: equilibrar a estrutura tradicional com a crescente necessidade de efici\u00eancia em um mercado que se digitaliza rapidamente. A mensagem \u00e9 clara: embora o modelo existente continue, a competitividade requer uma adapta\u00e7\u00e3o constante para atender \u00e0s novas demandas.<\/p>\n<p>Assim, a confirma\u00e7\u00e3o da Lei Renato Ferrari se revela n\u00e3o apenas como uma vit\u00f3ria para as concession\u00e1rias, mas tamb\u00e9m como um passo importante para garantir que motoristas continuem a beneficiar-se de um sistema log\u00edstico robusto e eficaz.<\/p>\n<p><strong>Fonte: transportemoderno<\/strong><\/p>\n","protected":false},"excerpt":{"rendered":"<p>STF valida Lei Renato Ferrari e preserva log\u00edstica automotiva \u2013 Transporte Moderno O Supremo Tribunal Federal decidiu, por unanimidade, reconhecer a constitucionalidade da Lei n\u00ba 6.729\/1979, consolidando um marco regulat\u00f3rio essencial para a rela\u00e7\u00e3o entre montadoras e concession\u00e1rias no Brasil. Essa decis\u00e3o n\u00e3o apenas reafirma a atual estrutura de distribui\u00e7\u00e3o de ve\u00edculos, mas tamb\u00e9m tem &hellip;<\/p>\n","protected":false},"author":4,"featured_media":9186,"comment_status":"","ping_status":"open","sticky":false,"template":"","format":"standard","meta":{"footnotes":""},"categories":[62],"tags":[],"coauthors":[42],"class_list":["post-9185","post","type-post","status-publish","format-standard","has-post-thumbnail","hentry","category-logistica"],"yoast_head":"<!-- This site is optimized with the Yoast SEO Premium plugin v25.5 (Yoast SEO v27.5) - https:\/\/yoast.com\/product\/yoast-seo-premium-wordpress\/ -->\n<title>STF aprova Lei Renato Ferrari para proteger log\u00edstica automotiva - Motorista.com.br<\/title>\n<meta name=\"robots\" content=\"index, follow, max-snippet:-1, max-image-preview:large, max-video-preview:-1\" \/>\n<link rel=\"canonical\" href=\"https:\/\/motorista.com.br\/noticias\/2026\/04\/26\/stf-aprova-lei-renato-ferrari-para-proteger-logistica-automotiva\/\" \/>\n<meta property=\"og:locale\" content=\"pt_BR\" \/>\n<meta property=\"og:type\" content=\"article\" \/>\n<meta property=\"og:title\" content=\"STF aprova Lei Renato Ferrari para proteger log\u00edstica automotiva\" \/>\n<meta property=\"og:description\" content=\"STF valida Lei Renato Ferrari e preserva log\u00edstica automotiva \u2013 Transporte Moderno O Supremo Tribunal Federal decidiu, por unanimidade, reconhecer a constitucionalidade da Lei n\u00ba 6.729\/1979, consolidando um marco regulat\u00f3rio essencial para a rela\u00e7\u00e3o entre montadoras e concession\u00e1rias no Brasil. Essa decis\u00e3o n\u00e3o apenas reafirma a atual estrutura de distribui\u00e7\u00e3o de ve\u00edculos, mas tamb\u00e9m tem &hellip;\" \/>\n<meta property=\"og:url\" content=\"https:\/\/motorista.com.br\/noticias\/2026\/04\/26\/stf-aprova-lei-renato-ferrari-para-proteger-logistica-automotiva\/\" \/>\n<meta property=\"og:site_name\" content=\"Motorista.com.br\" \/>\n<meta property=\"article:published_time\" content=\"2026-04-26T18:38:35+00:00\" \/>\n<meta name=\"author\" content=\"Equipe Reda\u00e7\u00e3o\" \/>\n<meta name=\"twitter:card\" content=\"summary_large_image\" \/>\n<meta name=\"twitter:label1\" content=\"Escrito por\" \/>\n\t<meta name=\"twitter:data1\" content=\"Equipe Reda\u00e7\u00e3o\" \/>\n\t<meta name=\"twitter:label2\" content=\"Est. tempo de leitura\" \/>\n\t<meta name=\"twitter:data2\" content=\"2 minutos\" \/>\n\t<meta name=\"twitter:label3\" content=\"Written by\" \/>\n\t<meta name=\"twitter:data3\" content=\"Equipe Reda\u00e7\u00e3o\" \/>\n<script type=\"application\/ld+json\" class=\"yoast-schema-graph\">{\"@context\":\"https:\\\/\\\/schema.org\",\"@graph\":[{\"@type\":\"Article\",\"@id\":\"https:\\\/\\\/motorista.com.br\\\/noticias\\\/2026\\\/04\\\/26\\\/stf-aprova-lei-renato-ferrari-para-proteger-logistica-automotiva\\\/#article\",\"isPartOf\":{\"@id\":\"https:\\\/\\\/motorista.com.br\\\/noticias\\\/2026\\\/04\\\/26\\\/stf-aprova-lei-renato-ferrari-para-proteger-logistica-automotiva\\\/\"},\"author\":{\"name\":\"Equipe Reda\u00e7\u00e3o\",\"@id\":\"https:\\\/\\\/motorista.com.br\\\/noticias\\\/#\\\/schema\\\/person\\\/dc93afc2981c0e3ce6bc3c053fd847be\"},\"headline\":\"STF aprova Lei Renato Ferrari para proteger log\u00edstica automotiva\",\"datePublished\":\"2026-04-26T18:38:35+00:00\",\"mainEntityOfPage\":{\"@id\":\"https:\\\/\\\/motorista.com.br\\\/noticias\\\/2026\\\/04\\\/26\\\/stf-aprova-lei-renato-ferrari-para-proteger-logistica-automotiva\\\/\"},\"wordCount\":454,\"publisher\":{\"@id\":\"https:\\\/\\\/motorista.com.br\\\/noticias\\\/#organization\"},\"image\":{\"@id\":\"https:\\\/\\\/motorista.com.br\\\/noticias\\\/2026\\\/04\\\/26\\\/stf-aprova-lei-renato-ferrari-para-proteger-logistica-automotiva\\\/#primaryimage\"},\"thumbnailUrl\":\"https:\\\/\\\/motorista.com.br\\\/noticias\\\/wp-content\\\/uploads\\\/2026\\\/04\\\/SrqRptrB05RbxHjB7wpzSjlxDq_57Te5GUfQW0v08S241pv0HhzoAog0Xv88A0Z4JY3uQfmtiUQa15lOQSIuQ3dY4jTlv8VlIWob.jpeg\",\"articleSection\":[\"Log\u00edstica\"],\"inLanguage\":\"pt-BR\"},{\"@type\":\"WebPage\",\"@id\":\"https:\\\/\\\/motorista.com.br\\\/noticias\\\/2026\\\/04\\\/26\\\/stf-aprova-lei-renato-ferrari-para-proteger-logistica-automotiva\\\/\",\"url\":\"https:\\\/\\\/motorista.com.br\\\/noticias\\\/2026\\\/04\\\/26\\\/stf-aprova-lei-renato-ferrari-para-proteger-logistica-automotiva\\\/\",\"name\":\"STF aprova Lei Renato Ferrari para proteger log\u00edstica automotiva - Motorista.com.br\",\"isPartOf\":{\"@id\":\"https:\\\/\\\/motorista.com.br\\\/noticias\\\/#website\"},\"primaryImageOfPage\":{\"@id\":\"https:\\\/\\\/motorista.com.br\\\/noticias\\\/2026\\\/04\\\/26\\\/stf-aprova-lei-renato-ferrari-para-proteger-logistica-automotiva\\\/#primaryimage\"},\"image\":{\"@id\":\"https:\\\/\\\/motorista.com.br\\\/noticias\\\/2026\\\/04\\\/26\\\/stf-aprova-lei-renato-ferrari-para-proteger-logistica-automotiva\\\/#primaryimage\"},\"thumbnailUrl\":\"https:\\\/\\\/motorista.com.br\\\/noticias\\\/wp-content\\\/uploads\\\/2026\\\/04\\\/SrqRptrB05RbxHjB7wpzSjlxDq_57Te5GUfQW0v08S241pv0HhzoAog0Xv88A0Z4JY3uQfmtiUQa15lOQSIuQ3dY4jTlv8VlIWob.jpeg\",\"datePublished\":\"2026-04-26T18:38:35+00:00\",\"breadcrumb\":{\"@id\":\"https:\\\/\\\/motorista.com.br\\\/noticias\\\/2026\\\/04\\\/26\\\/stf-aprova-lei-renato-ferrari-para-proteger-logistica-automotiva\\\/#breadcrumb\"},\"inLanguage\":\"pt-BR\",\"potentialAction\":[{\"@type\":\"ReadAction\",\"target\":[\"https:\\\/\\\/motorista.com.br\\\/noticias\\\/2026\\\/04\\\/26\\\/stf-aprova-lei-renato-ferrari-para-proteger-logistica-automotiva\\\/\"]}]},{\"@type\":\"ImageObject\",\"inLanguage\":\"pt-BR\",\"@id\":\"https:\\\/\\\/motorista.com.br\\\/noticias\\\/2026\\\/04\\\/26\\\/stf-aprova-lei-renato-ferrari-para-proteger-logistica-automotiva\\\/#primaryimage\",\"url\":\"https:\\\/\\\/motorista.com.br\\\/noticias\\\/wp-content\\\/uploads\\\/2026\\\/04\\\/SrqRptrB05RbxHjB7wpzSjlxDq_57Te5GUfQW0v08S241pv0HhzoAog0Xv88A0Z4JY3uQfmtiUQa15lOQSIuQ3dY4jTlv8VlIWob.jpeg\",\"contentUrl\":\"https:\\\/\\\/motorista.com.br\\\/noticias\\\/wp-content\\\/uploads\\\/2026\\\/04\\\/SrqRptrB05RbxHjB7wpzSjlxDq_57Te5GUfQW0v08S241pv0HhzoAog0Xv88A0Z4JY3uQfmtiUQa15lOQSIuQ3dY4jTlv8VlIWob.jpeg\",\"width\":454,\"height\":283},{\"@type\":\"BreadcrumbList\",\"@id\":\"https:\\\/\\\/motorista.com.br\\\/noticias\\\/2026\\\/04\\\/26\\\/stf-aprova-lei-renato-ferrari-para-proteger-logistica-automotiva\\\/#breadcrumb\",\"itemListElement\":[{\"@type\":\"ListItem\",\"position\":1,\"name\":\"In\u00edcio\",\"item\":\"https:\\\/\\\/motorista.com.br\\\/noticias\\\/\"},{\"@type\":\"ListItem\",\"position\":2,\"name\":\"STF aprova Lei Renato Ferrari para proteger log\u00edstica automotiva\"}]},{\"@type\":\"WebSite\",\"@id\":\"https:\\\/\\\/motorista.com.br\\\/noticias\\\/#website\",\"url\":\"https:\\\/\\\/motorista.com.br\\\/noticias\\\/\",\"name\":\"Motorista.com.br\",\"description\":\"Not\u00edcia do Motorista\",\"publisher\":{\"@id\":\"https:\\\/\\\/motorista.com.br\\\/noticias\\\/#organization\"},\"potentialAction\":[{\"@type\":\"SearchAction\",\"target\":{\"@type\":\"EntryPoint\",\"urlTemplate\":\"https:\\\/\\\/motorista.com.br\\\/noticias\\\/?s={search_term_string}\"},\"query-input\":{\"@type\":\"PropertyValueSpecification\",\"valueRequired\":true,\"valueName\":\"search_term_string\"}}],\"inLanguage\":\"pt-BR\"},{\"@type\":\"Organization\",\"@id\":\"https:\\\/\\\/motorista.com.br\\\/noticias\\\/#organization\",\"name\":\"Motorista.com.br\",\"url\":\"https:\\\/\\\/motorista.com.br\\\/noticias\\\/\",\"logo\":{\"@type\":\"ImageObject\",\"inLanguage\":\"pt-BR\",\"@id\":\"https:\\\/\\\/motorista.com.br\\\/noticias\\\/#\\\/schema\\\/logo\\\/image\\\/\",\"url\":\"https:\\\/\\\/motorista.com.br\\\/noticias\\\/wp-content\\\/uploads\\\/2025\\\/06\\\/Design-sem-nome-9.png\",\"contentUrl\":\"https:\\\/\\\/motorista.com.br\\\/noticias\\\/wp-content\\\/uploads\\\/2025\\\/06\\\/Design-sem-nome-9.png\",\"width\":150,\"height\":85,\"caption\":\"Motorista.com.br\"},\"image\":{\"@id\":\"https:\\\/\\\/motorista.com.br\\\/noticias\\\/#\\\/schema\\\/logo\\\/image\\\/\"}},{\"@type\":\"Person\",\"@id\":\"https:\\\/\\\/motorista.com.br\\\/noticias\\\/#\\\/schema\\\/person\\\/dc93afc2981c0e3ce6bc3c053fd847be\",\"name\":\"Equipe Reda\u00e7\u00e3o\",\"image\":{\"@type\":\"ImageObject\",\"inLanguage\":\"pt-BR\",\"@id\":\"https:\\\/\\\/secure.gravatar.com\\\/avatar\\\/4f525efbf18dd2bb300ccad28bfb99d95a9465a5ba268407c8c37b37e1f28d2d?s=96&d=mm&r=g9e099043a0c61e9ae27e293b9fa75ffc\",\"url\":\"https:\\\/\\\/secure.gravatar.com\\\/avatar\\\/4f525efbf18dd2bb300ccad28bfb99d95a9465a5ba268407c8c37b37e1f28d2d?s=96&d=mm&r=g\",\"contentUrl\":\"https:\\\/\\\/secure.gravatar.com\\\/avatar\\\/4f525efbf18dd2bb300ccad28bfb99d95a9465a5ba268407c8c37b37e1f28d2d?s=96&d=mm&r=g\",\"caption\":\"Equipe Reda\u00e7\u00e3o\"},\"description\":\"Equipe de reda\u00e7\u00e3o \u00e9 um grupo de profissionais que trabalham juntos para criar conte\u00fado escrito para Motorista.com.br\",\"url\":\"https:\\\/\\\/motorista.com.br\\\/noticias\\\/author\\\/equiperedacao\\\/\"}]}<\/script>\n<!-- \/ Yoast SEO Premium plugin. -->","yoast_head_json":{"title":"STF aprova Lei Renato Ferrari para proteger log\u00edstica automotiva - Motorista.com.br","robots":{"index":"index","follow":"follow","max-snippet":"max-snippet:-1","max-image-preview":"max-image-preview:large","max-video-preview":"max-video-preview:-1"},"canonical":"https:\/\/motorista.com.br\/noticias\/2026\/04\/26\/stf-aprova-lei-renato-ferrari-para-proteger-logistica-automotiva\/","og_locale":"pt_BR","og_type":"article","og_title":"STF aprova Lei Renato Ferrari para proteger log\u00edstica automotiva","og_description":"STF valida Lei Renato Ferrari e preserva log\u00edstica automotiva \u2013 Transporte Moderno O Supremo Tribunal Federal decidiu, por unanimidade, reconhecer a constitucionalidade da Lei n\u00ba 6.729\/1979, consolidando um marco regulat\u00f3rio essencial para a rela\u00e7\u00e3o entre montadoras e concession\u00e1rias no Brasil. Essa decis\u00e3o n\u00e3o apenas reafirma a atual estrutura de distribui\u00e7\u00e3o de ve\u00edculos, mas tamb\u00e9m tem &hellip;","og_url":"https:\/\/motorista.com.br\/noticias\/2026\/04\/26\/stf-aprova-lei-renato-ferrari-para-proteger-logistica-automotiva\/","og_site_name":"Motorista.com.br","article_published_time":"2026-04-26T18:38:35+00:00","author":"Equipe Reda\u00e7\u00e3o","twitter_card":"summary_large_image","twitter_misc":{"Escrito por":"Equipe Reda\u00e7\u00e3o","Est. tempo de leitura":"2 minutos","Written by":"Equipe Reda\u00e7\u00e3o"},"schema":{"@context":"https:\/\/schema.org","@graph":[{"@type":"Article","@id":"https:\/\/motorista.com.br\/noticias\/2026\/04\/26\/stf-aprova-lei-renato-ferrari-para-proteger-logistica-automotiva\/#article","isPartOf":{"@id":"https:\/\/motorista.com.br\/noticias\/2026\/04\/26\/stf-aprova-lei-renato-ferrari-para-proteger-logistica-automotiva\/"},"author":{"name":"Equipe Reda\u00e7\u00e3o","@id":"https:\/\/motorista.com.br\/noticias\/#\/schema\/person\/dc93afc2981c0e3ce6bc3c053fd847be"},"headline":"STF aprova Lei Renato Ferrari para proteger log\u00edstica automotiva","datePublished":"2026-04-26T18:38:35+00:00","mainEntityOfPage":{"@id":"https:\/\/motorista.com.br\/noticias\/2026\/04\/26\/stf-aprova-lei-renato-ferrari-para-proteger-logistica-automotiva\/"},"wordCount":454,"publisher":{"@id":"https:\/\/motorista.com.br\/noticias\/#organization"},"image":{"@id":"https:\/\/motorista.com.br\/noticias\/2026\/04\/26\/stf-aprova-lei-renato-ferrari-para-proteger-logistica-automotiva\/#primaryimage"},"thumbnailUrl":"https:\/\/motorista.com.br\/noticias\/wp-content\/uploads\/2026\/04\/SrqRptrB05RbxHjB7wpzSjlxDq_57Te5GUfQW0v08S241pv0HhzoAog0Xv88A0Z4JY3uQfmtiUQa15lOQSIuQ3dY4jTlv8VlIWob.jpeg","articleSection":["Log\u00edstica"],"inLanguage":"pt-BR"},{"@type":"WebPage","@id":"https:\/\/motorista.com.br\/noticias\/2026\/04\/26\/stf-aprova-lei-renato-ferrari-para-proteger-logistica-automotiva\/","url":"https:\/\/motorista.com.br\/noticias\/2026\/04\/26\/stf-aprova-lei-renato-ferrari-para-proteger-logistica-automotiva\/","name":"STF aprova Lei Renato Ferrari para proteger log\u00edstica automotiva - Motorista.com.br","isPartOf":{"@id":"https:\/\/motorista.com.br\/noticias\/#website"},"primaryImageOfPage":{"@id":"https:\/\/motorista.com.br\/noticias\/2026\/04\/26\/stf-aprova-lei-renato-ferrari-para-proteger-logistica-automotiva\/#primaryimage"},"image":{"@id":"https:\/\/motorista.com.br\/noticias\/2026\/04\/26\/stf-aprova-lei-renato-ferrari-para-proteger-logistica-automotiva\/#primaryimage"},"thumbnailUrl":"https:\/\/motorista.com.br\/noticias\/wp-content\/uploads\/2026\/04\/SrqRptrB05RbxHjB7wpzSjlxDq_57Te5GUfQW0v08S241pv0HhzoAog0Xv88A0Z4JY3uQfmtiUQa15lOQSIuQ3dY4jTlv8VlIWob.jpeg","datePublished":"2026-04-26T18:38:35+00:00","breadcrumb":{"@id":"https:\/\/motorista.com.br\/noticias\/2026\/04\/26\/stf-aprova-lei-renato-ferrari-para-proteger-logistica-automotiva\/#breadcrumb"},"inLanguage":"pt-BR","potentialAction":[{"@type":"ReadAction","target":["https:\/\/motorista.com.br\/noticias\/2026\/04\/26\/stf-aprova-lei-renato-ferrari-para-proteger-logistica-automotiva\/"]}]},{"@type":"ImageObject","inLanguage":"pt-BR","@id":"https:\/\/motorista.com.br\/noticias\/2026\/04\/26\/stf-aprova-lei-renato-ferrari-para-proteger-logistica-automotiva\/#primaryimage","url":"https:\/\/motorista.com.br\/noticias\/wp-content\/uploads\/2026\/04\/SrqRptrB05RbxHjB7wpzSjlxDq_57Te5GUfQW0v08S241pv0HhzoAog0Xv88A0Z4JY3uQfmtiUQa15lOQSIuQ3dY4jTlv8VlIWob.jpeg","contentUrl":"https:\/\/motorista.com.br\/noticias\/wp-content\/uploads\/2026\/04\/SrqRptrB05RbxHjB7wpzSjlxDq_57Te5GUfQW0v08S241pv0HhzoAog0Xv88A0Z4JY3uQfmtiUQa15lOQSIuQ3dY4jTlv8VlIWob.jpeg","width":454,"height":283},{"@type":"BreadcrumbList","@id":"https:\/\/motorista.com.br\/noticias\/2026\/04\/26\/stf-aprova-lei-renato-ferrari-para-proteger-logistica-automotiva\/#breadcrumb","itemListElement":[{"@type":"ListItem","position":1,"name":"In\u00edcio","item":"https:\/\/motorista.com.br\/noticias\/"},{"@type":"ListItem","position":2,"name":"STF aprova Lei Renato Ferrari para proteger log\u00edstica automotiva"}]},{"@type":"WebSite","@id":"https:\/\/motorista.com.br\/noticias\/#website","url":"https:\/\/motorista.com.br\/noticias\/","name":"Motorista.com.br","description":"Not\u00edcia do Motorista","publisher":{"@id":"https:\/\/motorista.com.br\/noticias\/#organization"},"potentialAction":[{"@type":"SearchAction","target":{"@type":"EntryPoint","urlTemplate":"https:\/\/motorista.com.br\/noticias\/?s={search_term_string}"},"query-input":{"@type":"PropertyValueSpecification","valueRequired":true,"valueName":"search_term_string"}}],"inLanguage":"pt-BR"},{"@type":"Organization","@id":"https:\/\/motorista.com.br\/noticias\/#organization","name":"Motorista.com.br","url":"https:\/\/motorista.com.br\/noticias\/","logo":{"@type":"ImageObject","inLanguage":"pt-BR","@id":"https:\/\/motorista.com.br\/noticias\/#\/schema\/logo\/image\/","url":"https:\/\/motorista.com.br\/noticias\/wp-content\/uploads\/2025\/06\/Design-sem-nome-9.png","contentUrl":"https:\/\/motorista.com.br\/noticias\/wp-content\/uploads\/2025\/06\/Design-sem-nome-9.png","width":150,"height":85,"caption":"Motorista.com.br"},"image":{"@id":"https:\/\/motorista.com.br\/noticias\/#\/schema\/logo\/image\/"}},{"@type":"Person","@id":"https:\/\/motorista.com.br\/noticias\/#\/schema\/person\/dc93afc2981c0e3ce6bc3c053fd847be","name":"Equipe Reda\u00e7\u00e3o","image":{"@type":"ImageObject","inLanguage":"pt-BR","@id":"https:\/\/secure.gravatar.com\/avatar\/4f525efbf18dd2bb300ccad28bfb99d95a9465a5ba268407c8c37b37e1f28d2d?s=96&d=mm&r=g9e099043a0c61e9ae27e293b9fa75ffc","url":"https:\/\/secure.gravatar.com\/avatar\/4f525efbf18dd2bb300ccad28bfb99d95a9465a5ba268407c8c37b37e1f28d2d?s=96&d=mm&r=g","contentUrl":"https:\/\/secure.gravatar.com\/avatar\/4f525efbf18dd2bb300ccad28bfb99d95a9465a5ba268407c8c37b37e1f28d2d?s=96&d=mm&r=g","caption":"Equipe Reda\u00e7\u00e3o"},"description":"Equipe de reda\u00e7\u00e3o \u00e9 um grupo de profissionais que trabalham juntos para criar conte\u00fado escrito para Motorista.com.br","url":"https:\/\/motorista.com.br\/noticias\/author\/equiperedacao\/"}]}},"_links":{"self":[{"href":"https:\/\/motorista.com.br\/noticias\/wp-json\/wp\/v2\/posts\/9185","targetHints":{"allow":["GET"]}}],"collection":[{"href":"https:\/\/motorista.com.br\/noticias\/wp-json\/wp\/v2\/posts"}],"about":[{"href":"https:\/\/motorista.com.br\/noticias\/wp-json\/wp\/v2\/types\/post"}],"author":[{"embeddable":true,"href":"https:\/\/motorista.com.br\/noticias\/wp-json\/wp\/v2\/users\/4"}],"replies":[{"embeddable":true,"href":"https:\/\/motorista.com.br\/noticias\/wp-json\/wp\/v2\/comments?post=9185"}],"version-history":[{"count":0,"href":"https:\/\/motorista.com.br\/noticias\/wp-json\/wp\/v2\/posts\/9185\/revisions"}],"wp:featuredmedia":[{"embeddable":true,"href":"https:\/\/motorista.com.br\/noticias\/wp-json\/wp\/v2\/media\/9186"}],"wp:attachment":[{"href":"https:\/\/motorista.com.br\/noticias\/wp-json\/wp\/v2\/media?parent=9185"}],"wp:term":[{"taxonomy":"category","embeddable":true,"href":"https:\/\/motorista.com.br\/noticias\/wp-json\/wp\/v2\/categories?post=9185"},{"taxonomy":"post_tag","embeddable":true,"href":"https:\/\/motorista.com.br\/noticias\/wp-json\/wp\/v2\/tags?post=9185"},{"taxonomy":"author","embeddable":true,"href":"https:\/\/motorista.com.br\/noticias\/wp-json\/wp\/v2\/coauthors?post=9185"}],"curies":[{"name":"wp","href":"https:\/\/api.w.org\/{rel}","templated":true}]}}