{"id":9183,"date":"2026-04-26T13:39:07","date_gmt":"2026-04-26T16:39:07","guid":{"rendered":"https:\/\/motorista.com.br\/noticias\/2026\/04\/26\/byd-apresenta-supercarro-eletrico-com-aceleracao-de-0-a-100-km-h-em-menos-de-2s\/"},"modified":"2026-04-26T13:39:07","modified_gmt":"2026-04-26T16:39:07","slug":"byd-apresenta-supercarro-eletrico-com-aceleracao-de-0-a-100-km-h-em-menos-de-2s","status":"publish","type":"post","link":"https:\/\/motorista.com.br\/noticias\/2026\/04\/26\/byd-apresenta-supercarro-eletrico-com-aceleracao-de-0-a-100-km-h-em-menos-de-2s\/","title":{"rendered":"BYD apresenta supercarro el\u00e9trico com acelera\u00e7\u00e3o de 0 a 100 km\/h em menos de 2s."},"content":{"rendered":"<p><\/p>\n<h2>BYD Revela Supercarro El\u00e9trico que Vai de 0 a 100 km\/h em Menos de 2 Segundos<\/h2>\n<p>A BYD acaba de apresentar seu projeto mais audacioso na Denza, sua linha premium, durante o Sal\u00e3o de Pequim. O Denza Z, um supercarro el\u00e9trico convers\u00edvel, visa conquistar o topo no segmento global de alto desempenho e tamb\u00e9m chegar\u00e1 ao Brasil.<\/p>\n<p>Esse modelo marca uma nova etapa para a Denza, agora com enfoque em esportivos de alta pot\u00eancia, caracterizado por um design assinado por Wolfgang Egger. A filosofia do ve\u00edculo \u00e9 a &quot;Pure Emotion&quot;, que se reflete em sua est\u00e9tica e performance. Sua carroceria em fibra de carbono e o teto retr\u00e1til promovem n\u00e3o apenas um visual atraente, mas tamb\u00e9m garantem a rigidez estrutural essencial para um desempenho superior.<\/p>\n<h3>Desempenho Impressionante<\/h3>\n<p>O Denza Z \u00e9 equipado com um chassi que incorpora o sistema DiSus-M, um controle de carroceria eletromagn\u00e9tico, permitindo uma pot\u00eancia de mais de 1.000 cv e uma acelera\u00e7\u00e3o de 0 a 100 km\/h em menos de dois segundos. Essas especifica\u00e7\u00f5es o colocam em um patamar equivalente a hipercarros el\u00e9tricos renomados.<\/p>\n<p>Com testes j\u00e1 iniciados no circuito N\u00fcrburgring Nordschleife, o Denza Z promete fazer sua estreia global no Goodwood Festival of Speed, no Reino Unido. <\/p>\n<h3>Inova\u00e7\u00e3o em Baterias e Recarga<\/h3>\n<p>Um dos principais atrativos do Denza Z \u00e9 sua bateria de segunda gera\u00e7\u00e3o, a Blade, que combina a avan\u00e7ada tecnologia Flash Charging. Essa op\u00e7\u00e3o de recarga ultrarr\u00e1pida visa proporcionar n\u00e3o apenas uma experi\u00eancia de alt\u00edssimo desempenho, mas tamb\u00e9m a viabilidade para longas dist\u00e2ncias \u2014 um aspecto bastante relevante para os motoristas de supercarros el\u00e9tricos.<\/p>\n<h3>Impacto na Mobilidade<\/h3>\n<p>A chegada desse tipo de ve\u00edculo ao mercado brasileiro pode ter diversas implica\u00e7\u00f5es positivas para a mobilidade urbana. Supercarros el\u00e9tricos como o Denza Z est\u00e3o na vanguarda da tecnologia automotiva, promovendo n\u00e3o apenas efici\u00eancia energ\u00e9tica, mas tamb\u00e9m reduzindo a emiss\u00e3o de poluentes. Al\u00e9m disso, ao demonstrarem a viabilidade de performances elevadas em ve\u00edculos el\u00e9tricos, eles ajudam a desmistificar a ideia de que a eletrifica\u00e7\u00e3o \u00e9 sin\u00f4nimo de menor prazer ao dirigir.<\/p>\n<p>A BYD, com sua proposta audaciosa, tamb\u00e9m promove um c\u00edrculo virtuoso para a ind\u00fastria automotiva nacional. \u00c0 medida que mais op\u00e7\u00f5es de carros el\u00e9tricos de alto desempenho se tornam dispon\u00edveis, a infraestrutura de recarga deve acompanhar essa evolu\u00e7\u00e3o, favorecendo a mobilidade el\u00e9trica e sustent\u00e1vel.<\/p>\n<h3>Expectativa no Brasil<\/h3>\n<p>A introdu\u00e7\u00e3o da Denza no Brasil, inicialmente com os modelos B5 e Z9 GT, e agora com o Denza Z, representa um passo importante na populariza\u00e7\u00e3o dos ve\u00edculos el\u00e9tricos no pa\u00eds. A expans\u00e3o da marca e a crescente aceita\u00e7\u00e3o do p\u00fablico podem contribuir para um futuro mais sustent\u00e1vel e com menos congestionamentos, expectativa que se alinha \u00e0s tend\u00eancias globais de eletrifica\u00e7\u00e3o e inova\u00e7\u00e3o na mobilidade. <\/p>\n<p>Assim, o Denza Z n\u00e3o \u00e9 apenas uma realiza\u00e7\u00e3o da engenharia automotiva, mas tamb\u00e9m uma pe\u00e7a-chave na transforma\u00e7\u00e3o do cen\u00e1rio automotivo global e local, incentivando pr\u00e1ticas mais sustent\u00e1veis e oferecendo aos motoristas uma nova experi\u00eancia de dire\u00e7\u00e3o.<\/p>\n","protected":false},"excerpt":{"rendered":"<p>BYD Revela Supercarro El\u00e9trico que Vai de 0 a 100 km\/h em Menos de 2 Segundos A BYD acaba de apresentar seu projeto mais audacioso na Denza, sua linha premium, durante o Sal\u00e3o de Pequim. O Denza Z, um supercarro el\u00e9trico convers\u00edvel, visa conquistar o topo no segmento global de alto desempenho e tamb\u00e9m chegar\u00e1 &hellip;<\/p>\n","protected":false},"author":4,"featured_media":9184,"comment_status":"","ping_status":"open","sticky":false,"template":"","format":"standard","meta":{"footnotes":""},"categories":[56],"tags":[],"coauthors":[42],"class_list":["post-9183","post","type-post","status-publish","format-standard","has-post-thumbnail","hentry","category-tecnologia"],"yoast_head":"<!-- This site is optimized with the Yoast SEO Premium plugin v25.5 (Yoast SEO v27.5) - https:\/\/yoast.com\/product\/yoast-seo-premium-wordpress\/ -->\n<title>BYD apresenta supercarro el\u00e9trico com acelera\u00e7\u00e3o de 0 a 100 km\/h em menos de 2s. - Motorista.com.br<\/title>\n<meta name=\"robots\" content=\"index, follow, max-snippet:-1, max-image-preview:large, max-video-preview:-1\" \/>\n<link rel=\"canonical\" href=\"https:\/\/motorista.com.br\/noticias\/2026\/04\/26\/byd-apresenta-supercarro-eletrico-com-aceleracao-de-0-a-100-km-h-em-menos-de-2s\/\" \/>\n<meta property=\"og:locale\" content=\"pt_BR\" \/>\n<meta property=\"og:type\" content=\"article\" \/>\n<meta property=\"og:title\" content=\"BYD apresenta supercarro el\u00e9trico com acelera\u00e7\u00e3o de 0 a 100 km\/h em menos de 2s.\" \/>\n<meta property=\"og:description\" content=\"BYD Revela Supercarro El\u00e9trico que Vai de 0 a 100 km\/h em Menos de 2 Segundos A BYD acaba de apresentar seu projeto mais audacioso na Denza, sua linha premium, durante o Sal\u00e3o de Pequim. O Denza Z, um supercarro el\u00e9trico convers\u00edvel, visa conquistar o topo no segmento global de alto desempenho e tamb\u00e9m chegar\u00e1 &hellip;\" \/>\n<meta property=\"og:url\" content=\"https:\/\/motorista.com.br\/noticias\/2026\/04\/26\/byd-apresenta-supercarro-eletrico-com-aceleracao-de-0-a-100-km-h-em-menos-de-2s\/\" \/>\n<meta property=\"og:site_name\" content=\"Motorista.com.br\" \/>\n<meta property=\"article:published_time\" content=\"2026-04-26T16:39:07+00:00\" \/>\n<meta name=\"author\" content=\"Equipe Reda\u00e7\u00e3o\" \/>\n<meta name=\"twitter:card\" content=\"summary_large_image\" \/>\n<meta name=\"twitter:label1\" content=\"Escrito por\" \/>\n\t<meta name=\"twitter:data1\" content=\"Equipe Reda\u00e7\u00e3o\" \/>\n\t<meta name=\"twitter:label2\" content=\"Est. tempo de leitura\" \/>\n\t<meta name=\"twitter:data2\" content=\"3 minutos\" \/>\n\t<meta name=\"twitter:label3\" content=\"Written by\" \/>\n\t<meta name=\"twitter:data3\" content=\"Equipe Reda\u00e7\u00e3o\" \/>\n<script type=\"application\/ld+json\" class=\"yoast-schema-graph\">{\"@context\":\"https:\\\/\\\/schema.org\",\"@graph\":[{\"@type\":\"Article\",\"@id\":\"https:\\\/\\\/motorista.com.br\\\/noticias\\\/2026\\\/04\\\/26\\\/byd-apresenta-supercarro-eletrico-com-aceleracao-de-0-a-100-km-h-em-menos-de-2s\\\/#article\",\"isPartOf\":{\"@id\":\"https:\\\/\\\/motorista.com.br\\\/noticias\\\/2026\\\/04\\\/26\\\/byd-apresenta-supercarro-eletrico-com-aceleracao-de-0-a-100-km-h-em-menos-de-2s\\\/\"},\"author\":{\"name\":\"Equipe Reda\u00e7\u00e3o\",\"@id\":\"https:\\\/\\\/motorista.com.br\\\/noticias\\\/#\\\/schema\\\/person\\\/dc93afc2981c0e3ce6bc3c053fd847be\"},\"headline\":\"BYD apresenta supercarro el\u00e9trico com acelera\u00e7\u00e3o de 0 a 100 km\\\/h em menos de 2s.\",\"datePublished\":\"2026-04-26T16:39:07+00:00\",\"mainEntityOfPage\":{\"@id\":\"https:\\\/\\\/motorista.com.br\\\/noticias\\\/2026\\\/04\\\/26\\\/byd-apresenta-supercarro-eletrico-com-aceleracao-de-0-a-100-km-h-em-menos-de-2s\\\/\"},\"wordCount\":564,\"publisher\":{\"@id\":\"https:\\\/\\\/motorista.com.br\\\/noticias\\\/#organization\"},\"image\":{\"@id\":\"https:\\\/\\\/motorista.com.br\\\/noticias\\\/2026\\\/04\\\/26\\\/byd-apresenta-supercarro-eletrico-com-aceleracao-de-0-a-100-km-h-em-menos-de-2s\\\/#primaryimage\"},\"thumbnailUrl\":\"https:\\\/\\\/motorista.com.br\\\/noticias\\\/wp-content\\\/uploads\\\/2026\\\/04\\\/BYD-R5_W4976.JPG-scaled.webp.webp\",\"articleSection\":[\"Tecnologia\"],\"inLanguage\":\"pt-BR\"},{\"@type\":\"WebPage\",\"@id\":\"https:\\\/\\\/motorista.com.br\\\/noticias\\\/2026\\\/04\\\/26\\\/byd-apresenta-supercarro-eletrico-com-aceleracao-de-0-a-100-km-h-em-menos-de-2s\\\/\",\"url\":\"https:\\\/\\\/motorista.com.br\\\/noticias\\\/2026\\\/04\\\/26\\\/byd-apresenta-supercarro-eletrico-com-aceleracao-de-0-a-100-km-h-em-menos-de-2s\\\/\",\"name\":\"BYD apresenta supercarro el\u00e9trico com acelera\u00e7\u00e3o de 0 a 100 km\\\/h em menos de 2s. - Motorista.com.br\",\"isPartOf\":{\"@id\":\"https:\\\/\\\/motorista.com.br\\\/noticias\\\/#website\"},\"primaryImageOfPage\":{\"@id\":\"https:\\\/\\\/motorista.com.br\\\/noticias\\\/2026\\\/04\\\/26\\\/byd-apresenta-supercarro-eletrico-com-aceleracao-de-0-a-100-km-h-em-menos-de-2s\\\/#primaryimage\"},\"image\":{\"@id\":\"https:\\\/\\\/motorista.com.br\\\/noticias\\\/2026\\\/04\\\/26\\\/byd-apresenta-supercarro-eletrico-com-aceleracao-de-0-a-100-km-h-em-menos-de-2s\\\/#primaryimage\"},\"thumbnailUrl\":\"https:\\\/\\\/motorista.com.br\\\/noticias\\\/wp-content\\\/uploads\\\/2026\\\/04\\\/BYD-R5_W4976.JPG-scaled.webp.webp\",\"datePublished\":\"2026-04-26T16:39:07+00:00\",\"breadcrumb\":{\"@id\":\"https:\\\/\\\/motorista.com.br\\\/noticias\\\/2026\\\/04\\\/26\\\/byd-apresenta-supercarro-eletrico-com-aceleracao-de-0-a-100-km-h-em-menos-de-2s\\\/#breadcrumb\"},\"inLanguage\":\"pt-BR\",\"potentialAction\":[{\"@type\":\"ReadAction\",\"target\":[\"https:\\\/\\\/motorista.com.br\\\/noticias\\\/2026\\\/04\\\/26\\\/byd-apresenta-supercarro-eletrico-com-aceleracao-de-0-a-100-km-h-em-menos-de-2s\\\/\"]}]},{\"@type\":\"ImageObject\",\"inLanguage\":\"pt-BR\",\"@id\":\"https:\\\/\\\/motorista.com.br\\\/noticias\\\/2026\\\/04\\\/26\\\/byd-apresenta-supercarro-eletrico-com-aceleracao-de-0-a-100-km-h-em-menos-de-2s\\\/#primaryimage\",\"url\":\"https:\\\/\\\/motorista.com.br\\\/noticias\\\/wp-content\\\/uploads\\\/2026\\\/04\\\/BYD-R5_W4976.JPG-scaled.webp.webp\",\"contentUrl\":\"https:\\\/\\\/motorista.com.br\\\/noticias\\\/wp-content\\\/uploads\\\/2026\\\/04\\\/BYD-R5_W4976.JPG-scaled.webp.webp\",\"width\":2560,\"height\":1708},{\"@type\":\"BreadcrumbList\",\"@id\":\"https:\\\/\\\/motorista.com.br\\\/noticias\\\/2026\\\/04\\\/26\\\/byd-apresenta-supercarro-eletrico-com-aceleracao-de-0-a-100-km-h-em-menos-de-2s\\\/#breadcrumb\",\"itemListElement\":[{\"@type\":\"ListItem\",\"position\":1,\"name\":\"In\u00edcio\",\"item\":\"https:\\\/\\\/motorista.com.br\\\/noticias\\\/\"},{\"@type\":\"ListItem\",\"position\":2,\"name\":\"BYD apresenta supercarro el\u00e9trico com acelera\u00e7\u00e3o de 0 a 100 km\\\/h em menos de 2s.\"}]},{\"@type\":\"WebSite\",\"@id\":\"https:\\\/\\\/motorista.com.br\\\/noticias\\\/#website\",\"url\":\"https:\\\/\\\/motorista.com.br\\\/noticias\\\/\",\"name\":\"Motorista.com.br\",\"description\":\"Not\u00edcia do Motorista\",\"publisher\":{\"@id\":\"https:\\\/\\\/motorista.com.br\\\/noticias\\\/#organization\"},\"potentialAction\":[{\"@type\":\"SearchAction\",\"target\":{\"@type\":\"EntryPoint\",\"urlTemplate\":\"https:\\\/\\\/motorista.com.br\\\/noticias\\\/?s={search_term_string}\"},\"query-input\":{\"@type\":\"PropertyValueSpecification\",\"valueRequired\":true,\"valueName\":\"search_term_string\"}}],\"inLanguage\":\"pt-BR\"},{\"@type\":\"Organization\",\"@id\":\"https:\\\/\\\/motorista.com.br\\\/noticias\\\/#organization\",\"name\":\"Motorista.com.br\",\"url\":\"https:\\\/\\\/motorista.com.br\\\/noticias\\\/\",\"logo\":{\"@type\":\"ImageObject\",\"inLanguage\":\"pt-BR\",\"@id\":\"https:\\\/\\\/motorista.com.br\\\/noticias\\\/#\\\/schema\\\/logo\\\/image\\\/\",\"url\":\"https:\\\/\\\/motorista.com.br\\\/noticias\\\/wp-content\\\/uploads\\\/2025\\\/06\\\/Design-sem-nome-9.png\",\"contentUrl\":\"https:\\\/\\\/motorista.com.br\\\/noticias\\\/wp-content\\\/uploads\\\/2025\\\/06\\\/Design-sem-nome-9.png\",\"width\":150,\"height\":85,\"caption\":\"Motorista.com.br\"},\"image\":{\"@id\":\"https:\\\/\\\/motorista.com.br\\\/noticias\\\/#\\\/schema\\\/logo\\\/image\\\/\"}},{\"@type\":\"Person\",\"@id\":\"https:\\\/\\\/motorista.com.br\\\/noticias\\\/#\\\/schema\\\/person\\\/dc93afc2981c0e3ce6bc3c053fd847be\",\"name\":\"Equipe Reda\u00e7\u00e3o\",\"image\":{\"@type\":\"ImageObject\",\"inLanguage\":\"pt-BR\",\"@id\":\"https:\\\/\\\/secure.gravatar.com\\\/avatar\\\/4f525efbf18dd2bb300ccad28bfb99d95a9465a5ba268407c8c37b37e1f28d2d?s=96&d=mm&r=g9e099043a0c61e9ae27e293b9fa75ffc\",\"url\":\"https:\\\/\\\/secure.gravatar.com\\\/avatar\\\/4f525efbf18dd2bb300ccad28bfb99d95a9465a5ba268407c8c37b37e1f28d2d?s=96&d=mm&r=g\",\"contentUrl\":\"https:\\\/\\\/secure.gravatar.com\\\/avatar\\\/4f525efbf18dd2bb300ccad28bfb99d95a9465a5ba268407c8c37b37e1f28d2d?s=96&d=mm&r=g\",\"caption\":\"Equipe Reda\u00e7\u00e3o\"},\"description\":\"Equipe de reda\u00e7\u00e3o \u00e9 um grupo de profissionais que trabalham juntos para criar conte\u00fado escrito para Motorista.com.br\",\"url\":\"https:\\\/\\\/motorista.com.br\\\/noticias\\\/author\\\/equiperedacao\\\/\"}]}<\/script>\n<!-- \/ Yoast SEO Premium plugin. -->","yoast_head_json":{"title":"BYD apresenta supercarro el\u00e9trico com acelera\u00e7\u00e3o de 0 a 100 km\/h em menos de 2s. - Motorista.com.br","robots":{"index":"index","follow":"follow","max-snippet":"max-snippet:-1","max-image-preview":"max-image-preview:large","max-video-preview":"max-video-preview:-1"},"canonical":"https:\/\/motorista.com.br\/noticias\/2026\/04\/26\/byd-apresenta-supercarro-eletrico-com-aceleracao-de-0-a-100-km-h-em-menos-de-2s\/","og_locale":"pt_BR","og_type":"article","og_title":"BYD apresenta supercarro el\u00e9trico com acelera\u00e7\u00e3o de 0 a 100 km\/h em menos de 2s.","og_description":"BYD Revela Supercarro El\u00e9trico que Vai de 0 a 100 km\/h em Menos de 2 Segundos A BYD acaba de apresentar seu projeto mais audacioso na Denza, sua linha premium, durante o Sal\u00e3o de Pequim. O Denza Z, um supercarro el\u00e9trico convers\u00edvel, visa conquistar o topo no segmento global de alto desempenho e tamb\u00e9m chegar\u00e1 &hellip;","og_url":"https:\/\/motorista.com.br\/noticias\/2026\/04\/26\/byd-apresenta-supercarro-eletrico-com-aceleracao-de-0-a-100-km-h-em-menos-de-2s\/","og_site_name":"Motorista.com.br","article_published_time":"2026-04-26T16:39:07+00:00","author":"Equipe Reda\u00e7\u00e3o","twitter_card":"summary_large_image","twitter_misc":{"Escrito por":"Equipe Reda\u00e7\u00e3o","Est. tempo de leitura":"3 minutos","Written by":"Equipe Reda\u00e7\u00e3o"},"schema":{"@context":"https:\/\/schema.org","@graph":[{"@type":"Article","@id":"https:\/\/motorista.com.br\/noticias\/2026\/04\/26\/byd-apresenta-supercarro-eletrico-com-aceleracao-de-0-a-100-km-h-em-menos-de-2s\/#article","isPartOf":{"@id":"https:\/\/motorista.com.br\/noticias\/2026\/04\/26\/byd-apresenta-supercarro-eletrico-com-aceleracao-de-0-a-100-km-h-em-menos-de-2s\/"},"author":{"name":"Equipe Reda\u00e7\u00e3o","@id":"https:\/\/motorista.com.br\/noticias\/#\/schema\/person\/dc93afc2981c0e3ce6bc3c053fd847be"},"headline":"BYD apresenta supercarro el\u00e9trico com acelera\u00e7\u00e3o de 0 a 100 km\/h em menos de 2s.","datePublished":"2026-04-26T16:39:07+00:00","mainEntityOfPage":{"@id":"https:\/\/motorista.com.br\/noticias\/2026\/04\/26\/byd-apresenta-supercarro-eletrico-com-aceleracao-de-0-a-100-km-h-em-menos-de-2s\/"},"wordCount":564,"publisher":{"@id":"https:\/\/motorista.com.br\/noticias\/#organization"},"image":{"@id":"https:\/\/motorista.com.br\/noticias\/2026\/04\/26\/byd-apresenta-supercarro-eletrico-com-aceleracao-de-0-a-100-km-h-em-menos-de-2s\/#primaryimage"},"thumbnailUrl":"https:\/\/motorista.com.br\/noticias\/wp-content\/uploads\/2026\/04\/BYD-R5_W4976.JPG-scaled.webp.webp","articleSection":["Tecnologia"],"inLanguage":"pt-BR"},{"@type":"WebPage","@id":"https:\/\/motorista.com.br\/noticias\/2026\/04\/26\/byd-apresenta-supercarro-eletrico-com-aceleracao-de-0-a-100-km-h-em-menos-de-2s\/","url":"https:\/\/motorista.com.br\/noticias\/2026\/04\/26\/byd-apresenta-supercarro-eletrico-com-aceleracao-de-0-a-100-km-h-em-menos-de-2s\/","name":"BYD apresenta supercarro el\u00e9trico com acelera\u00e7\u00e3o de 0 a 100 km\/h em menos de 2s. - Motorista.com.br","isPartOf":{"@id":"https:\/\/motorista.com.br\/noticias\/#website"},"primaryImageOfPage":{"@id":"https:\/\/motorista.com.br\/noticias\/2026\/04\/26\/byd-apresenta-supercarro-eletrico-com-aceleracao-de-0-a-100-km-h-em-menos-de-2s\/#primaryimage"},"image":{"@id":"https:\/\/motorista.com.br\/noticias\/2026\/04\/26\/byd-apresenta-supercarro-eletrico-com-aceleracao-de-0-a-100-km-h-em-menos-de-2s\/#primaryimage"},"thumbnailUrl":"https:\/\/motorista.com.br\/noticias\/wp-content\/uploads\/2026\/04\/BYD-R5_W4976.JPG-scaled.webp.webp","datePublished":"2026-04-26T16:39:07+00:00","breadcrumb":{"@id":"https:\/\/motorista.com.br\/noticias\/2026\/04\/26\/byd-apresenta-supercarro-eletrico-com-aceleracao-de-0-a-100-km-h-em-menos-de-2s\/#breadcrumb"},"inLanguage":"pt-BR","potentialAction":[{"@type":"ReadAction","target":["https:\/\/motorista.com.br\/noticias\/2026\/04\/26\/byd-apresenta-supercarro-eletrico-com-aceleracao-de-0-a-100-km-h-em-menos-de-2s\/"]}]},{"@type":"ImageObject","inLanguage":"pt-BR","@id":"https:\/\/motorista.com.br\/noticias\/2026\/04\/26\/byd-apresenta-supercarro-eletrico-com-aceleracao-de-0-a-100-km-h-em-menos-de-2s\/#primaryimage","url":"https:\/\/motorista.com.br\/noticias\/wp-content\/uploads\/2026\/04\/BYD-R5_W4976.JPG-scaled.webp.webp","contentUrl":"https:\/\/motorista.com.br\/noticias\/wp-content\/uploads\/2026\/04\/BYD-R5_W4976.JPG-scaled.webp.webp","width":2560,"height":1708},{"@type":"BreadcrumbList","@id":"https:\/\/motorista.com.br\/noticias\/2026\/04\/26\/byd-apresenta-supercarro-eletrico-com-aceleracao-de-0-a-100-km-h-em-menos-de-2s\/#breadcrumb","itemListElement":[{"@type":"ListItem","position":1,"name":"In\u00edcio","item":"https:\/\/motorista.com.br\/noticias\/"},{"@type":"ListItem","position":2,"name":"BYD apresenta supercarro el\u00e9trico com acelera\u00e7\u00e3o de 0 a 100 km\/h em menos de 2s."}]},{"@type":"WebSite","@id":"https:\/\/motorista.com.br\/noticias\/#website","url":"https:\/\/motorista.com.br\/noticias\/","name":"Motorista.com.br","description":"Not\u00edcia do Motorista","publisher":{"@id":"https:\/\/motorista.com.br\/noticias\/#organization"},"potentialAction":[{"@type":"SearchAction","target":{"@type":"EntryPoint","urlTemplate":"https:\/\/motorista.com.br\/noticias\/?s={search_term_string}"},"query-input":{"@type":"PropertyValueSpecification","valueRequired":true,"valueName":"search_term_string"}}],"inLanguage":"pt-BR"},{"@type":"Organization","@id":"https:\/\/motorista.com.br\/noticias\/#organization","name":"Motorista.com.br","url":"https:\/\/motorista.com.br\/noticias\/","logo":{"@type":"ImageObject","inLanguage":"pt-BR","@id":"https:\/\/motorista.com.br\/noticias\/#\/schema\/logo\/image\/","url":"https:\/\/motorista.com.br\/noticias\/wp-content\/uploads\/2025\/06\/Design-sem-nome-9.png","contentUrl":"https:\/\/motorista.com.br\/noticias\/wp-content\/uploads\/2025\/06\/Design-sem-nome-9.png","width":150,"height":85,"caption":"Motorista.com.br"},"image":{"@id":"https:\/\/motorista.com.br\/noticias\/#\/schema\/logo\/image\/"}},{"@type":"Person","@id":"https:\/\/motorista.com.br\/noticias\/#\/schema\/person\/dc93afc2981c0e3ce6bc3c053fd847be","name":"Equipe Reda\u00e7\u00e3o","image":{"@type":"ImageObject","inLanguage":"pt-BR","@id":"https:\/\/secure.gravatar.com\/avatar\/4f525efbf18dd2bb300ccad28bfb99d95a9465a5ba268407c8c37b37e1f28d2d?s=96&d=mm&r=g9e099043a0c61e9ae27e293b9fa75ffc","url":"https:\/\/secure.gravatar.com\/avatar\/4f525efbf18dd2bb300ccad28bfb99d95a9465a5ba268407c8c37b37e1f28d2d?s=96&d=mm&r=g","contentUrl":"https:\/\/secure.gravatar.com\/avatar\/4f525efbf18dd2bb300ccad28bfb99d95a9465a5ba268407c8c37b37e1f28d2d?s=96&d=mm&r=g","caption":"Equipe Reda\u00e7\u00e3o"},"description":"Equipe de reda\u00e7\u00e3o \u00e9 um grupo de profissionais que trabalham juntos para criar conte\u00fado escrito para Motorista.com.br","url":"https:\/\/motorista.com.br\/noticias\/author\/equiperedacao\/"}]}},"_links":{"self":[{"href":"https:\/\/motorista.com.br\/noticias\/wp-json\/wp\/v2\/posts\/9183","targetHints":{"allow":["GET"]}}],"collection":[{"href":"https:\/\/motorista.com.br\/noticias\/wp-json\/wp\/v2\/posts"}],"about":[{"href":"https:\/\/motorista.com.br\/noticias\/wp-json\/wp\/v2\/types\/post"}],"author":[{"embeddable":true,"href":"https:\/\/motorista.com.br\/noticias\/wp-json\/wp\/v2\/users\/4"}],"replies":[{"embeddable":true,"href":"https:\/\/motorista.com.br\/noticias\/wp-json\/wp\/v2\/comments?post=9183"}],"version-history":[{"count":0,"href":"https:\/\/motorista.com.br\/noticias\/wp-json\/wp\/v2\/posts\/9183\/revisions"}],"wp:featuredmedia":[{"embeddable":true,"href":"https:\/\/motorista.com.br\/noticias\/wp-json\/wp\/v2\/media\/9184"}],"wp:attachment":[{"href":"https:\/\/motorista.com.br\/noticias\/wp-json\/wp\/v2\/media?parent=9183"}],"wp:term":[{"taxonomy":"category","embeddable":true,"href":"https:\/\/motorista.com.br\/noticias\/wp-json\/wp\/v2\/categories?post=9183"},{"taxonomy":"post_tag","embeddable":true,"href":"https:\/\/motorista.com.br\/noticias\/wp-json\/wp\/v2\/tags?post=9183"},{"taxonomy":"author","embeddable":true,"href":"https:\/\/motorista.com.br\/noticias\/wp-json\/wp\/v2\/coauthors?post=9183"}],"curies":[{"name":"wp","href":"https:\/\/api.w.org\/{rel}","templated":true}]}}