{"id":9179,"date":"2026-04-26T11:55:46","date_gmt":"2026-04-26T14:55:46","guid":{"rendered":"https:\/\/motorista.com.br\/noticias\/2026\/04\/26\/explosao-na-colombia-resulta-em-14-vitimas-fatais\/"},"modified":"2026-04-26T11:55:46","modified_gmt":"2026-04-26T14:55:46","slug":"explosao-na-colombia-resulta-em-14-vitimas-fatais","status":"publish","type":"post","link":"https:\/\/motorista.com.br\/noticias\/2026\/04\/26\/explosao-na-colombia-resulta-em-14-vitimas-fatais\/","title":{"rendered":"Explos\u00e3o na Col\u00f4mbia resulta em 14 v\u00edtimas fatais."},"content":{"rendered":"<p><\/p>\n<p><strong>Ataque a bomba deixa 14 mortos na Col\u00f4mbia: Implica\u00e7\u00f5es para motoristas e a mobilidade geral<\/strong><\/p>\n<p>Um ataque com bomba ocorrido no s\u00e1bado (25\/04) no sudoeste da Col\u00f4mbia resultou na morte de pelo menos 14 pessoas e deixou mais de 38 feridos. O atentado, no departamento de Cauca, destaca a escalada de viol\u00eancia que assola a regi\u00e3o, marcada historicamente por atividades ilegais e a presen\u00e7a de grupos armados. O governador de Cauca, Octavio Guzm\u00e1n, informou que entre as v\u00edtimas h\u00e1 cinco menores de idade, um fato que ressalta o impacto tr\u00e1gico sobre a popula\u00e7\u00e3o civil.<\/p>\n<p>Na mesma data, atentados em outros locais pr\u00f3ximos, como El T\u00fanel e Popay\u00e1n, intensificaram os desafios enfrentados por motoristas e cidad\u00e3os em geral. A explos\u00e3o afetou ve\u00edculos em uma estrada crucial, tornando-a um ponto de risco e inseguran\u00e7a.<\/p>\n<p><strong>Impactos na Mobilidade<\/strong><\/p>\n<p>Os efeitos desse tipo de viol\u00eancia v\u00e3o al\u00e9m da perda de vidas; eles geram um clima de inseguran\u00e7a que afeta a mobilidade urbana. Motoristas e usu\u00e1rios de transporte p\u00fablico frequentemente se veem obrigados a alterar seus trajetos, o que pode criar congestionamentos inesperados e complicar ainda mais as j\u00e1 desafiadoras condi\u00e7\u00f5es de tr\u00e1fego nas \u00e1reas afetadas. Essa inseguran\u00e7a tamb\u00e9m desestimula o uso de ve\u00edculos, impactando o com\u00e9rcio local e a confian\u00e7a nas institui\u00e7\u00f5es.<\/p>\n<p>O presidente colombiano, Gustavo Petro, classificou os respons\u00e1veis pelo ataque como um grupo de terroristas, enfatizando a necessidade de uma &quot;m\u00e1xima persegui\u00e7\u00e3o mundial&quot; contra eles. Essa mobiliza\u00e7\u00e3o institucional pode, a longo prazo, trazer mais seguran\u00e7a \u00e0s vias, mas o impacto imediato \u00e9 um aumento da inseguran\u00e7a e da hesita\u00e7\u00e3o entre motoristas em se deslocarem nas \u00e1reas afetadas.<\/p>\n<p><strong>Conclus\u00e3o<\/strong><\/p>\n<p>A escalada da viol\u00eancia na Col\u00f4mbia n\u00e3o \u00e9 apenas um problema de seguran\u00e7a p\u00fablica, mas tamb\u00e9m um desastre para a mobilidade. Motoristas precisam estar atentos e conscientes do ambiente em que transitam. Diante de tais eventos, \u00e9 fundamental que as autoridades implementem estrat\u00e9gias eficazes para garantir a seguran\u00e7a nas estradas, permitindo que a popula\u00e7\u00e3o se desloque com tranquilidade e assegurando a integridade das comunidades. Somente atrav\u00e9s de um esfor\u00e7o conjunto entre governo e sociedade \u00e9 que ser\u00e1 poss\u00edvel restaurar a confian\u00e7a e promover um ambiente de mobilidade mais seguro e eficiente.<\/p>\n","protected":false},"excerpt":{"rendered":"<p>Ataque a bomba deixa 14 mortos na Col\u00f4mbia: Implica\u00e7\u00f5es para motoristas e a mobilidade geral Um ataque com bomba ocorrido no s\u00e1bado (25\/04) no sudoeste da Col\u00f4mbia resultou na morte de pelo menos 14 pessoas e deixou mais de 38 feridos. O atentado, no departamento de Cauca, destaca a escalada de viol\u00eancia que assola a &hellip;<\/p>\n","protected":false},"author":4,"featured_media":9180,"comment_status":"","ping_status":"open","sticky":false,"template":"","format":"standard","meta":{"footnotes":""},"categories":[45],"tags":[],"coauthors":[42],"class_list":["post-9179","post","type-post","status-publish","format-standard","has-post-thumbnail","hentry","category-mundo"],"yoast_head":"<!-- This site is optimized with the Yoast SEO Premium plugin v25.5 (Yoast SEO v27.5) - https:\/\/yoast.com\/product\/yoast-seo-premium-wordpress\/ -->\n<title>Explos\u00e3o na Col\u00f4mbia resulta em 14 v\u00edtimas fatais. - Motorista.com.br<\/title>\n<meta name=\"robots\" content=\"index, follow, max-snippet:-1, max-image-preview:large, max-video-preview:-1\" \/>\n<link rel=\"canonical\" href=\"https:\/\/motorista.com.br\/noticias\/2026\/04\/26\/explosao-na-colombia-resulta-em-14-vitimas-fatais\/\" \/>\n<meta property=\"og:locale\" content=\"pt_BR\" \/>\n<meta property=\"og:type\" content=\"article\" \/>\n<meta property=\"og:title\" content=\"Explos\u00e3o na Col\u00f4mbia resulta em 14 v\u00edtimas fatais.\" \/>\n<meta property=\"og:description\" content=\"Ataque a bomba deixa 14 mortos na Col\u00f4mbia: Implica\u00e7\u00f5es para motoristas e a mobilidade geral Um ataque com bomba ocorrido no s\u00e1bado (25\/04) no sudoeste da Col\u00f4mbia resultou na morte de pelo menos 14 pessoas e deixou mais de 38 feridos. O atentado, no departamento de Cauca, destaca a escalada de viol\u00eancia que assola a &hellip;\" \/>\n<meta property=\"og:url\" content=\"https:\/\/motorista.com.br\/noticias\/2026\/04\/26\/explosao-na-colombia-resulta-em-14-vitimas-fatais\/\" \/>\n<meta property=\"og:site_name\" content=\"Motorista.com.br\" \/>\n<meta property=\"article:published_time\" content=\"2026-04-26T14:55:46+00:00\" \/>\n<meta name=\"author\" content=\"Equipe Reda\u00e7\u00e3o\" \/>\n<meta name=\"twitter:card\" content=\"summary_large_image\" \/>\n<meta name=\"twitter:label1\" content=\"Escrito por\" \/>\n\t<meta name=\"twitter:data1\" content=\"Equipe Reda\u00e7\u00e3o\" \/>\n\t<meta name=\"twitter:label2\" content=\"Est. tempo de leitura\" \/>\n\t<meta name=\"twitter:data2\" content=\"2 minutos\" \/>\n\t<meta name=\"twitter:label3\" content=\"Written by\" \/>\n\t<meta name=\"twitter:data3\" content=\"Equipe Reda\u00e7\u00e3o\" \/>\n<script type=\"application\/ld+json\" class=\"yoast-schema-graph\">{\"@context\":\"https:\\\/\\\/schema.org\",\"@graph\":[{\"@type\":\"Article\",\"@id\":\"https:\\\/\\\/motorista.com.br\\\/noticias\\\/2026\\\/04\\\/26\\\/explosao-na-colombia-resulta-em-14-vitimas-fatais\\\/#article\",\"isPartOf\":{\"@id\":\"https:\\\/\\\/motorista.com.br\\\/noticias\\\/2026\\\/04\\\/26\\\/explosao-na-colombia-resulta-em-14-vitimas-fatais\\\/\"},\"author\":{\"name\":\"Equipe Reda\u00e7\u00e3o\",\"@id\":\"https:\\\/\\\/motorista.com.br\\\/noticias\\\/#\\\/schema\\\/person\\\/dc93afc2981c0e3ce6bc3c053fd847be\"},\"headline\":\"Explos\u00e3o na Col\u00f4mbia resulta em 14 v\u00edtimas fatais.\",\"datePublished\":\"2026-04-26T14:55:46+00:00\",\"mainEntityOfPage\":{\"@id\":\"https:\\\/\\\/motorista.com.br\\\/noticias\\\/2026\\\/04\\\/26\\\/explosao-na-colombia-resulta-em-14-vitimas-fatais\\\/\"},\"wordCount\":414,\"publisher\":{\"@id\":\"https:\\\/\\\/motorista.com.br\\\/noticias\\\/#organization\"},\"image\":{\"@id\":\"https:\\\/\\\/motorista.com.br\\\/noticias\\\/2026\\\/04\\\/26\\\/explosao-na-colombia-resulta-em-14-vitimas-fatais\\\/#primaryimage\"},\"thumbnailUrl\":\"https:\\\/\\\/motorista.com.br\\\/noticias\\\/wp-content\\\/uploads\\\/2026\\\/04\\\/colombia-atentado.jpg\",\"articleSection\":[\"Mundo\"],\"inLanguage\":\"pt-BR\"},{\"@type\":\"WebPage\",\"@id\":\"https:\\\/\\\/motorista.com.br\\\/noticias\\\/2026\\\/04\\\/26\\\/explosao-na-colombia-resulta-em-14-vitimas-fatais\\\/\",\"url\":\"https:\\\/\\\/motorista.com.br\\\/noticias\\\/2026\\\/04\\\/26\\\/explosao-na-colombia-resulta-em-14-vitimas-fatais\\\/\",\"name\":\"Explos\u00e3o na Col\u00f4mbia resulta em 14 v\u00edtimas fatais. - Motorista.com.br\",\"isPartOf\":{\"@id\":\"https:\\\/\\\/motorista.com.br\\\/noticias\\\/#website\"},\"primaryImageOfPage\":{\"@id\":\"https:\\\/\\\/motorista.com.br\\\/noticias\\\/2026\\\/04\\\/26\\\/explosao-na-colombia-resulta-em-14-vitimas-fatais\\\/#primaryimage\"},\"image\":{\"@id\":\"https:\\\/\\\/motorista.com.br\\\/noticias\\\/2026\\\/04\\\/26\\\/explosao-na-colombia-resulta-em-14-vitimas-fatais\\\/#primaryimage\"},\"thumbnailUrl\":\"https:\\\/\\\/motorista.com.br\\\/noticias\\\/wp-content\\\/uploads\\\/2026\\\/04\\\/colombia-atentado.jpg\",\"datePublished\":\"2026-04-26T14:55:46+00:00\",\"breadcrumb\":{\"@id\":\"https:\\\/\\\/motorista.com.br\\\/noticias\\\/2026\\\/04\\\/26\\\/explosao-na-colombia-resulta-em-14-vitimas-fatais\\\/#breadcrumb\"},\"inLanguage\":\"pt-BR\",\"potentialAction\":[{\"@type\":\"ReadAction\",\"target\":[\"https:\\\/\\\/motorista.com.br\\\/noticias\\\/2026\\\/04\\\/26\\\/explosao-na-colombia-resulta-em-14-vitimas-fatais\\\/\"]}]},{\"@type\":\"ImageObject\",\"inLanguage\":\"pt-BR\",\"@id\":\"https:\\\/\\\/motorista.com.br\\\/noticias\\\/2026\\\/04\\\/26\\\/explosao-na-colombia-resulta-em-14-vitimas-fatais\\\/#primaryimage\",\"url\":\"https:\\\/\\\/motorista.com.br\\\/noticias\\\/wp-content\\\/uploads\\\/2026\\\/04\\\/colombia-atentado.jpg\",\"contentUrl\":\"https:\\\/\\\/motorista.com.br\\\/noticias\\\/wp-content\\\/uploads\\\/2026\\\/04\\\/colombia-atentado.jpg\",\"width\":739,\"height\":495},{\"@type\":\"BreadcrumbList\",\"@id\":\"https:\\\/\\\/motorista.com.br\\\/noticias\\\/2026\\\/04\\\/26\\\/explosao-na-colombia-resulta-em-14-vitimas-fatais\\\/#breadcrumb\",\"itemListElement\":[{\"@type\":\"ListItem\",\"position\":1,\"name\":\"In\u00edcio\",\"item\":\"https:\\\/\\\/motorista.com.br\\\/noticias\\\/\"},{\"@type\":\"ListItem\",\"position\":2,\"name\":\"Explos\u00e3o na Col\u00f4mbia resulta em 14 v\u00edtimas fatais.\"}]},{\"@type\":\"WebSite\",\"@id\":\"https:\\\/\\\/motorista.com.br\\\/noticias\\\/#website\",\"url\":\"https:\\\/\\\/motorista.com.br\\\/noticias\\\/\",\"name\":\"Motorista.com.br\",\"description\":\"Not\u00edcia do Motorista\",\"publisher\":{\"@id\":\"https:\\\/\\\/motorista.com.br\\\/noticias\\\/#organization\"},\"potentialAction\":[{\"@type\":\"SearchAction\",\"target\":{\"@type\":\"EntryPoint\",\"urlTemplate\":\"https:\\\/\\\/motorista.com.br\\\/noticias\\\/?s={search_term_string}\"},\"query-input\":{\"@type\":\"PropertyValueSpecification\",\"valueRequired\":true,\"valueName\":\"search_term_string\"}}],\"inLanguage\":\"pt-BR\"},{\"@type\":\"Organization\",\"@id\":\"https:\\\/\\\/motorista.com.br\\\/noticias\\\/#organization\",\"name\":\"Motorista.com.br\",\"url\":\"https:\\\/\\\/motorista.com.br\\\/noticias\\\/\",\"logo\":{\"@type\":\"ImageObject\",\"inLanguage\":\"pt-BR\",\"@id\":\"https:\\\/\\\/motorista.com.br\\\/noticias\\\/#\\\/schema\\\/logo\\\/image\\\/\",\"url\":\"https:\\\/\\\/motorista.com.br\\\/noticias\\\/wp-content\\\/uploads\\\/2025\\\/06\\\/Design-sem-nome-9.png\",\"contentUrl\":\"https:\\\/\\\/motorista.com.br\\\/noticias\\\/wp-content\\\/uploads\\\/2025\\\/06\\\/Design-sem-nome-9.png\",\"width\":150,\"height\":85,\"caption\":\"Motorista.com.br\"},\"image\":{\"@id\":\"https:\\\/\\\/motorista.com.br\\\/noticias\\\/#\\\/schema\\\/logo\\\/image\\\/\"}},{\"@type\":\"Person\",\"@id\":\"https:\\\/\\\/motorista.com.br\\\/noticias\\\/#\\\/schema\\\/person\\\/dc93afc2981c0e3ce6bc3c053fd847be\",\"name\":\"Equipe Reda\u00e7\u00e3o\",\"image\":{\"@type\":\"ImageObject\",\"inLanguage\":\"pt-BR\",\"@id\":\"https:\\\/\\\/secure.gravatar.com\\\/avatar\\\/4f525efbf18dd2bb300ccad28bfb99d95a9465a5ba268407c8c37b37e1f28d2d?s=96&d=mm&r=g9e099043a0c61e9ae27e293b9fa75ffc\",\"url\":\"https:\\\/\\\/secure.gravatar.com\\\/avatar\\\/4f525efbf18dd2bb300ccad28bfb99d95a9465a5ba268407c8c37b37e1f28d2d?s=96&d=mm&r=g\",\"contentUrl\":\"https:\\\/\\\/secure.gravatar.com\\\/avatar\\\/4f525efbf18dd2bb300ccad28bfb99d95a9465a5ba268407c8c37b37e1f28d2d?s=96&d=mm&r=g\",\"caption\":\"Equipe Reda\u00e7\u00e3o\"},\"description\":\"Equipe de reda\u00e7\u00e3o \u00e9 um grupo de profissionais que trabalham juntos para criar conte\u00fado escrito para Motorista.com.br\",\"url\":\"https:\\\/\\\/motorista.com.br\\\/noticias\\\/author\\\/equiperedacao\\\/\"}]}<\/script>\n<!-- \/ Yoast SEO Premium plugin. -->","yoast_head_json":{"title":"Explos\u00e3o na Col\u00f4mbia resulta em 14 v\u00edtimas fatais. - Motorista.com.br","robots":{"index":"index","follow":"follow","max-snippet":"max-snippet:-1","max-image-preview":"max-image-preview:large","max-video-preview":"max-video-preview:-1"},"canonical":"https:\/\/motorista.com.br\/noticias\/2026\/04\/26\/explosao-na-colombia-resulta-em-14-vitimas-fatais\/","og_locale":"pt_BR","og_type":"article","og_title":"Explos\u00e3o na Col\u00f4mbia resulta em 14 v\u00edtimas fatais.","og_description":"Ataque a bomba deixa 14 mortos na Col\u00f4mbia: Implica\u00e7\u00f5es para motoristas e a mobilidade geral Um ataque com bomba ocorrido no s\u00e1bado (25\/04) no sudoeste da Col\u00f4mbia resultou na morte de pelo menos 14 pessoas e deixou mais de 38 feridos. O atentado, no departamento de Cauca, destaca a escalada de viol\u00eancia que assola a &hellip;","og_url":"https:\/\/motorista.com.br\/noticias\/2026\/04\/26\/explosao-na-colombia-resulta-em-14-vitimas-fatais\/","og_site_name":"Motorista.com.br","article_published_time":"2026-04-26T14:55:46+00:00","author":"Equipe Reda\u00e7\u00e3o","twitter_card":"summary_large_image","twitter_misc":{"Escrito por":"Equipe Reda\u00e7\u00e3o","Est. tempo de leitura":"2 minutos","Written by":"Equipe Reda\u00e7\u00e3o"},"schema":{"@context":"https:\/\/schema.org","@graph":[{"@type":"Article","@id":"https:\/\/motorista.com.br\/noticias\/2026\/04\/26\/explosao-na-colombia-resulta-em-14-vitimas-fatais\/#article","isPartOf":{"@id":"https:\/\/motorista.com.br\/noticias\/2026\/04\/26\/explosao-na-colombia-resulta-em-14-vitimas-fatais\/"},"author":{"name":"Equipe Reda\u00e7\u00e3o","@id":"https:\/\/motorista.com.br\/noticias\/#\/schema\/person\/dc93afc2981c0e3ce6bc3c053fd847be"},"headline":"Explos\u00e3o na Col\u00f4mbia resulta em 14 v\u00edtimas fatais.","datePublished":"2026-04-26T14:55:46+00:00","mainEntityOfPage":{"@id":"https:\/\/motorista.com.br\/noticias\/2026\/04\/26\/explosao-na-colombia-resulta-em-14-vitimas-fatais\/"},"wordCount":414,"publisher":{"@id":"https:\/\/motorista.com.br\/noticias\/#organization"},"image":{"@id":"https:\/\/motorista.com.br\/noticias\/2026\/04\/26\/explosao-na-colombia-resulta-em-14-vitimas-fatais\/#primaryimage"},"thumbnailUrl":"https:\/\/motorista.com.br\/noticias\/wp-content\/uploads\/2026\/04\/colombia-atentado.jpg","articleSection":["Mundo"],"inLanguage":"pt-BR"},{"@type":"WebPage","@id":"https:\/\/motorista.com.br\/noticias\/2026\/04\/26\/explosao-na-colombia-resulta-em-14-vitimas-fatais\/","url":"https:\/\/motorista.com.br\/noticias\/2026\/04\/26\/explosao-na-colombia-resulta-em-14-vitimas-fatais\/","name":"Explos\u00e3o na Col\u00f4mbia resulta em 14 v\u00edtimas fatais. - Motorista.com.br","isPartOf":{"@id":"https:\/\/motorista.com.br\/noticias\/#website"},"primaryImageOfPage":{"@id":"https:\/\/motorista.com.br\/noticias\/2026\/04\/26\/explosao-na-colombia-resulta-em-14-vitimas-fatais\/#primaryimage"},"image":{"@id":"https:\/\/motorista.com.br\/noticias\/2026\/04\/26\/explosao-na-colombia-resulta-em-14-vitimas-fatais\/#primaryimage"},"thumbnailUrl":"https:\/\/motorista.com.br\/noticias\/wp-content\/uploads\/2026\/04\/colombia-atentado.jpg","datePublished":"2026-04-26T14:55:46+00:00","breadcrumb":{"@id":"https:\/\/motorista.com.br\/noticias\/2026\/04\/26\/explosao-na-colombia-resulta-em-14-vitimas-fatais\/#breadcrumb"},"inLanguage":"pt-BR","potentialAction":[{"@type":"ReadAction","target":["https:\/\/motorista.com.br\/noticias\/2026\/04\/26\/explosao-na-colombia-resulta-em-14-vitimas-fatais\/"]}]},{"@type":"ImageObject","inLanguage":"pt-BR","@id":"https:\/\/motorista.com.br\/noticias\/2026\/04\/26\/explosao-na-colombia-resulta-em-14-vitimas-fatais\/#primaryimage","url":"https:\/\/motorista.com.br\/noticias\/wp-content\/uploads\/2026\/04\/colombia-atentado.jpg","contentUrl":"https:\/\/motorista.com.br\/noticias\/wp-content\/uploads\/2026\/04\/colombia-atentado.jpg","width":739,"height":495},{"@type":"BreadcrumbList","@id":"https:\/\/motorista.com.br\/noticias\/2026\/04\/26\/explosao-na-colombia-resulta-em-14-vitimas-fatais\/#breadcrumb","itemListElement":[{"@type":"ListItem","position":1,"name":"In\u00edcio","item":"https:\/\/motorista.com.br\/noticias\/"},{"@type":"ListItem","position":2,"name":"Explos\u00e3o na Col\u00f4mbia resulta em 14 v\u00edtimas fatais."}]},{"@type":"WebSite","@id":"https:\/\/motorista.com.br\/noticias\/#website","url":"https:\/\/motorista.com.br\/noticias\/","name":"Motorista.com.br","description":"Not\u00edcia do Motorista","publisher":{"@id":"https:\/\/motorista.com.br\/noticias\/#organization"},"potentialAction":[{"@type":"SearchAction","target":{"@type":"EntryPoint","urlTemplate":"https:\/\/motorista.com.br\/noticias\/?s={search_term_string}"},"query-input":{"@type":"PropertyValueSpecification","valueRequired":true,"valueName":"search_term_string"}}],"inLanguage":"pt-BR"},{"@type":"Organization","@id":"https:\/\/motorista.com.br\/noticias\/#organization","name":"Motorista.com.br","url":"https:\/\/motorista.com.br\/noticias\/","logo":{"@type":"ImageObject","inLanguage":"pt-BR","@id":"https:\/\/motorista.com.br\/noticias\/#\/schema\/logo\/image\/","url":"https:\/\/motorista.com.br\/noticias\/wp-content\/uploads\/2025\/06\/Design-sem-nome-9.png","contentUrl":"https:\/\/motorista.com.br\/noticias\/wp-content\/uploads\/2025\/06\/Design-sem-nome-9.png","width":150,"height":85,"caption":"Motorista.com.br"},"image":{"@id":"https:\/\/motorista.com.br\/noticias\/#\/schema\/logo\/image\/"}},{"@type":"Person","@id":"https:\/\/motorista.com.br\/noticias\/#\/schema\/person\/dc93afc2981c0e3ce6bc3c053fd847be","name":"Equipe Reda\u00e7\u00e3o","image":{"@type":"ImageObject","inLanguage":"pt-BR","@id":"https:\/\/secure.gravatar.com\/avatar\/4f525efbf18dd2bb300ccad28bfb99d95a9465a5ba268407c8c37b37e1f28d2d?s=96&d=mm&r=g9e099043a0c61e9ae27e293b9fa75ffc","url":"https:\/\/secure.gravatar.com\/avatar\/4f525efbf18dd2bb300ccad28bfb99d95a9465a5ba268407c8c37b37e1f28d2d?s=96&d=mm&r=g","contentUrl":"https:\/\/secure.gravatar.com\/avatar\/4f525efbf18dd2bb300ccad28bfb99d95a9465a5ba268407c8c37b37e1f28d2d?s=96&d=mm&r=g","caption":"Equipe Reda\u00e7\u00e3o"},"description":"Equipe de reda\u00e7\u00e3o \u00e9 um grupo de profissionais que trabalham juntos para criar conte\u00fado escrito para Motorista.com.br","url":"https:\/\/motorista.com.br\/noticias\/author\/equiperedacao\/"}]}},"_links":{"self":[{"href":"https:\/\/motorista.com.br\/noticias\/wp-json\/wp\/v2\/posts\/9179","targetHints":{"allow":["GET"]}}],"collection":[{"href":"https:\/\/motorista.com.br\/noticias\/wp-json\/wp\/v2\/posts"}],"about":[{"href":"https:\/\/motorista.com.br\/noticias\/wp-json\/wp\/v2\/types\/post"}],"author":[{"embeddable":true,"href":"https:\/\/motorista.com.br\/noticias\/wp-json\/wp\/v2\/users\/4"}],"replies":[{"embeddable":true,"href":"https:\/\/motorista.com.br\/noticias\/wp-json\/wp\/v2\/comments?post=9179"}],"version-history":[{"count":0,"href":"https:\/\/motorista.com.br\/noticias\/wp-json\/wp\/v2\/posts\/9179\/revisions"}],"wp:featuredmedia":[{"embeddable":true,"href":"https:\/\/motorista.com.br\/noticias\/wp-json\/wp\/v2\/media\/9180"}],"wp:attachment":[{"href":"https:\/\/motorista.com.br\/noticias\/wp-json\/wp\/v2\/media?parent=9179"}],"wp:term":[{"taxonomy":"category","embeddable":true,"href":"https:\/\/motorista.com.br\/noticias\/wp-json\/wp\/v2\/categories?post=9179"},{"taxonomy":"post_tag","embeddable":true,"href":"https:\/\/motorista.com.br\/noticias\/wp-json\/wp\/v2\/tags?post=9179"},{"taxonomy":"author","embeddable":true,"href":"https:\/\/motorista.com.br\/noticias\/wp-json\/wp\/v2\/coauthors?post=9179"}],"curies":[{"name":"wp","href":"https:\/\/api.w.org\/{rel}","templated":true}]}}