{"id":9177,"date":"2026-04-26T08:41:18","date_gmt":"2026-04-26T11:41:18","guid":{"rendered":"https:\/\/motorista.com.br\/noticias\/2026\/04\/26\/mercedes-benz-eactros-300-eletrico-se-destaca-em-testes-reais-na-suzano\/"},"modified":"2026-04-26T08:41:18","modified_gmt":"2026-04-26T11:41:18","slug":"mercedes-benz-eactros-300-eletrico-se-destaca-em-testes-reais-na-suzano","status":"publish","type":"post","link":"https:\/\/motorista.com.br\/noticias\/2026\/04\/26\/mercedes-benz-eactros-300-eletrico-se-destaca-em-testes-reais-na-suzano\/","title":{"rendered":"Mercedes-Benz eActros 300 el\u00e9trico se destaca em testes reais na Suzano"},"content":{"rendered":"<p><\/p>\n<h3>Mercedes-Benz eActros 300 El\u00e9trico: Inova\u00e7\u00f5es que Transformam a Mobilidade e Benef\u00edcios para Motoristas<\/h3>\n<p>Os primeiros testes realizados com o Mercedes-Benz eActros 300, um caminh\u00e3o el\u00e9trico \u00e0 bateria, t\u00eam superado as expectativas em opera\u00e7\u00f5es da Suzano, destacada fabricante de celulose. Este ve\u00edculo, equipado com baterias de 336 kWh, alcan\u00e7a autonomia m\u00e9dia di\u00e1ria de 250 km com uma \u00fanica carga, competindo diretamente com caminh\u00f5es movidos a diesel. Ap\u00f3s mais de 13.500 km rodados, o eActros demonstrou um consumo m\u00e9dio de 0,97 kWh\/km, transportando 21 toneladas de carga, evidenciando sua efici\u00eancia.<\/p>\n<p>Os resultados positivos n\u00e3o apenas sublinham o desempenho do eActros, mas tamb\u00e9m ressaltam uma mudan\u00e7a significativa na forma como o transporte de cargas pode ser realizado. A Suzano, por exemplo, compromete-se com a descarboniza\u00e7\u00e3o e sustentabilidade, e os testes com o eActros refletem esse compromisso. Os motoristas envolvidos nas opera\u00e7\u00f5es destacaram a experi\u00eancia de dirigir um ve\u00edculo el\u00e9trico: conforto, dirigibilidade e um ambiente silencioso s\u00e3o apenas alguns dos benef\u00edcios observados.<\/p>\n<p>Al\u00e9m do impacto ambiental, a introdu\u00e7\u00e3o de caminh\u00f5es el\u00e9tricos como o eActros no mercado brasileiro promete transformar a mobilidade urbana. A redu\u00e7\u00e3o de emiss\u00f5es de CO2 e poluentes melhora a qualidade do ar nas cidades, beneficiando n\u00e3o apenas os motoristas, mas a comunidade em geral. As solu\u00e7\u00f5es de eletromobilidade como esta s\u00e3o essenciais para promover um transporte sustent\u00e1vel e inovador, adequando-se \u00e0s exig\u00eancias atuais de um mundo que busca alternativas mais limpas e eficientes.<\/p>\n<p>O eActros tamb\u00e9m se destaca por oferecer a mesma efici\u00eancia e robustez que os caminh\u00f5es a diesel, comprovando ser uma op\u00e7\u00e3o vi\u00e1vel para as opera\u00e7\u00f5es log\u00edsticas. O sucesso dos testes com a Suzano e na pr\u00f3pria log\u00edstica da Mercedes-Benz refor\u00e7a a ideia de que caminh\u00f5es el\u00e9tricos n\u00e3o apenas atendem \u00e0s necessidades operacionais, mas tamb\u00e9m contribuem para uma vis\u00e3o mais sustent\u00e1vel do transporte. Os dados coletados durante essas experi\u00eancias s\u00e3o essenciais para avalia\u00e7\u00f5es mais robustas da viabilidade operacional e ambiental dos ve\u00edculos el\u00e9tricos pesados.<\/p>\n<p>Os chamativos avan\u00e7os tecnol\u00f3gicos do eActros incluem um sistema de trem de for\u00e7a altamente eficiente e uma gama de recursos de seguran\u00e7a que priorizam a prote\u00e7\u00e3o dos motoristas e demais usu\u00e1rios das vias. Com um interior projetado para m\u00e1ximo conforto e praticidade, o eActros n\u00e3o s\u00f3 promove uma nova era de transporte, mas tamb\u00e9m potencializa a carreira dos motoristas, oferecendo-lhes uma experi\u00eancia de condu\u00e7\u00e3o inovadora.<\/p>\n<h3>Conclus\u00e3o<\/h3>\n<p>A implementa\u00e7\u00e3o do Mercedes-Benz eActros 300 \u00e9 um passo significativo em dire\u00e7\u00e3o a um futuro mais sustent\u00e1vel para a mobilidade no Brasil. Com resultados promissores nos testes e uma infraestrutura que apoia a eletromobilidade, a tend\u00eancia \u00e9 que mais empresas adotem solu\u00e7\u00f5es el\u00e9tricas, beneficiando n\u00e3o apenas o setor de transporte, mas toda a sociedade. A uni\u00e3o entre inova\u00e7\u00e3o tecnol\u00f3gica e compromisso ambiental \u00e9 o caminho para transformar o futuro da log\u00edstica urbana.<\/p>\n","protected":false},"excerpt":{"rendered":"<p>Mercedes-Benz eActros 300 El\u00e9trico: Inova\u00e7\u00f5es que Transformam a Mobilidade e Benef\u00edcios para Motoristas Os primeiros testes realizados com o Mercedes-Benz eActros 300, um caminh\u00e3o el\u00e9trico \u00e0 bateria, t\u00eam superado as expectativas em opera\u00e7\u00f5es da Suzano, destacada fabricante de celulose. Este ve\u00edculo, equipado com baterias de 336 kWh, alcan\u00e7a autonomia m\u00e9dia di\u00e1ria de 250 km com &hellip;<\/p>\n","protected":false},"author":4,"featured_media":9178,"comment_status":"","ping_status":"open","sticky":false,"template":"","format":"standard","meta":{"footnotes":""},"categories":[78,77],"tags":[],"coauthors":[42],"class_list":["post-9177","post","type-post","status-publish","format-standard","has-post-thumbnail","hentry","category-carreteiro","category-motorista"],"yoast_head":"<!-- This site is optimized with the Yoast SEO Premium plugin v25.5 (Yoast SEO v27.4) - https:\/\/yoast.com\/product\/yoast-seo-premium-wordpress\/ -->\n<title>Mercedes-Benz eActros 300 el\u00e9trico se destaca em testes reais na Suzano - Motorista.com.br<\/title>\n<meta name=\"robots\" content=\"index, follow, max-snippet:-1, max-image-preview:large, max-video-preview:-1\" \/>\n<link rel=\"canonical\" href=\"https:\/\/motorista.com.br\/noticias\/2026\/04\/26\/mercedes-benz-eactros-300-eletrico-se-destaca-em-testes-reais-na-suzano\/\" \/>\n<meta property=\"og:locale\" content=\"pt_BR\" \/>\n<meta property=\"og:type\" content=\"article\" \/>\n<meta property=\"og:title\" content=\"Mercedes-Benz eActros 300 el\u00e9trico se destaca em testes reais na Suzano\" \/>\n<meta property=\"og:description\" content=\"Mercedes-Benz eActros 300 El\u00e9trico: Inova\u00e7\u00f5es que Transformam a Mobilidade e Benef\u00edcios para Motoristas Os primeiros testes realizados com o Mercedes-Benz eActros 300, um caminh\u00e3o el\u00e9trico \u00e0 bateria, t\u00eam superado as expectativas em opera\u00e7\u00f5es da Suzano, destacada fabricante de celulose. Este ve\u00edculo, equipado com baterias de 336 kWh, alcan\u00e7a autonomia m\u00e9dia di\u00e1ria de 250 km com &hellip;\" \/>\n<meta property=\"og:url\" content=\"https:\/\/motorista.com.br\/noticias\/2026\/04\/26\/mercedes-benz-eactros-300-eletrico-se-destaca-em-testes-reais-na-suzano\/\" \/>\n<meta property=\"og:site_name\" content=\"Motorista.com.br\" \/>\n<meta property=\"article:published_time\" content=\"2026-04-26T11:41:18+00:00\" \/>\n<meta name=\"author\" content=\"Equipe Reda\u00e7\u00e3o\" \/>\n<meta name=\"twitter:card\" content=\"summary_large_image\" \/>\n<meta name=\"twitter:label1\" content=\"Escrito por\" \/>\n\t<meta name=\"twitter:data1\" content=\"Equipe Reda\u00e7\u00e3o\" \/>\n\t<meta name=\"twitter:label2\" content=\"Est. tempo de leitura\" \/>\n\t<meta name=\"twitter:data2\" content=\"3 minutos\" \/>\n\t<meta name=\"twitter:label3\" content=\"Written by\" \/>\n\t<meta name=\"twitter:data3\" content=\"Equipe Reda\u00e7\u00e3o\" \/>\n<script type=\"application\/ld+json\" class=\"yoast-schema-graph\">{\"@context\":\"https:\\\/\\\/schema.org\",\"@graph\":[{\"@type\":\"Article\",\"@id\":\"https:\\\/\\\/motorista.com.br\\\/noticias\\\/2026\\\/04\\\/26\\\/mercedes-benz-eactros-300-eletrico-se-destaca-em-testes-reais-na-suzano\\\/#article\",\"isPartOf\":{\"@id\":\"https:\\\/\\\/motorista.com.br\\\/noticias\\\/2026\\\/04\\\/26\\\/mercedes-benz-eactros-300-eletrico-se-destaca-em-testes-reais-na-suzano\\\/\"},\"author\":{\"name\":\"Equipe Reda\u00e7\u00e3o\",\"@id\":\"https:\\\/\\\/motorista.com.br\\\/noticias\\\/#\\\/schema\\\/person\\\/dc93afc2981c0e3ce6bc3c053fd847be\"},\"headline\":\"Mercedes-Benz eActros 300 el\u00e9trico se destaca em testes reais na Suzano\",\"datePublished\":\"2026-04-26T11:41:18+00:00\",\"mainEntityOfPage\":{\"@id\":\"https:\\\/\\\/motorista.com.br\\\/noticias\\\/2026\\\/04\\\/26\\\/mercedes-benz-eactros-300-eletrico-se-destaca-em-testes-reais-na-suzano\\\/\"},\"wordCount\":533,\"publisher\":{\"@id\":\"https:\\\/\\\/motorista.com.br\\\/noticias\\\/#organization\"},\"image\":{\"@id\":\"https:\\\/\\\/motorista.com.br\\\/noticias\\\/2026\\\/04\\\/26\\\/mercedes-benz-eactros-300-eletrico-se-destaca-em-testes-reais-na-suzano\\\/#primaryimage\"},\"thumbnailUrl\":\"https:\\\/\\\/motorista.com.br\\\/noticias\\\/wp-content\\\/uploads\\\/2026\\\/04\\\/Mercedes-Benz-eActros-300-eletrico-2.jpg\",\"articleSection\":[\"Carreteiro\",\"Motorista\"],\"inLanguage\":\"pt-BR\"},{\"@type\":\"WebPage\",\"@id\":\"https:\\\/\\\/motorista.com.br\\\/noticias\\\/2026\\\/04\\\/26\\\/mercedes-benz-eactros-300-eletrico-se-destaca-em-testes-reais-na-suzano\\\/\",\"url\":\"https:\\\/\\\/motorista.com.br\\\/noticias\\\/2026\\\/04\\\/26\\\/mercedes-benz-eactros-300-eletrico-se-destaca-em-testes-reais-na-suzano\\\/\",\"name\":\"Mercedes-Benz eActros 300 el\u00e9trico se destaca em testes reais na Suzano - Motorista.com.br\",\"isPartOf\":{\"@id\":\"https:\\\/\\\/motorista.com.br\\\/noticias\\\/#website\"},\"primaryImageOfPage\":{\"@id\":\"https:\\\/\\\/motorista.com.br\\\/noticias\\\/2026\\\/04\\\/26\\\/mercedes-benz-eactros-300-eletrico-se-destaca-em-testes-reais-na-suzano\\\/#primaryimage\"},\"image\":{\"@id\":\"https:\\\/\\\/motorista.com.br\\\/noticias\\\/2026\\\/04\\\/26\\\/mercedes-benz-eactros-300-eletrico-se-destaca-em-testes-reais-na-suzano\\\/#primaryimage\"},\"thumbnailUrl\":\"https:\\\/\\\/motorista.com.br\\\/noticias\\\/wp-content\\\/uploads\\\/2026\\\/04\\\/Mercedes-Benz-eActros-300-eletrico-2.jpg\",\"datePublished\":\"2026-04-26T11:41:18+00:00\",\"breadcrumb\":{\"@id\":\"https:\\\/\\\/motorista.com.br\\\/noticias\\\/2026\\\/04\\\/26\\\/mercedes-benz-eactros-300-eletrico-se-destaca-em-testes-reais-na-suzano\\\/#breadcrumb\"},\"inLanguage\":\"pt-BR\",\"potentialAction\":[{\"@type\":\"ReadAction\",\"target\":[\"https:\\\/\\\/motorista.com.br\\\/noticias\\\/2026\\\/04\\\/26\\\/mercedes-benz-eactros-300-eletrico-se-destaca-em-testes-reais-na-suzano\\\/\"]}]},{\"@type\":\"ImageObject\",\"inLanguage\":\"pt-BR\",\"@id\":\"https:\\\/\\\/motorista.com.br\\\/noticias\\\/2026\\\/04\\\/26\\\/mercedes-benz-eactros-300-eletrico-se-destaca-em-testes-reais-na-suzano\\\/#primaryimage\",\"url\":\"https:\\\/\\\/motorista.com.br\\\/noticias\\\/wp-content\\\/uploads\\\/2026\\\/04\\\/Mercedes-Benz-eActros-300-eletrico-2.jpg\",\"contentUrl\":\"https:\\\/\\\/motorista.com.br\\\/noticias\\\/wp-content\\\/uploads\\\/2026\\\/04\\\/Mercedes-Benz-eActros-300-eletrico-2.jpg\",\"width\":1300,\"height\":866},{\"@type\":\"BreadcrumbList\",\"@id\":\"https:\\\/\\\/motorista.com.br\\\/noticias\\\/2026\\\/04\\\/26\\\/mercedes-benz-eactros-300-eletrico-se-destaca-em-testes-reais-na-suzano\\\/#breadcrumb\",\"itemListElement\":[{\"@type\":\"ListItem\",\"position\":1,\"name\":\"In\u00edcio\",\"item\":\"https:\\\/\\\/motorista.com.br\\\/noticias\\\/\"},{\"@type\":\"ListItem\",\"position\":2,\"name\":\"Mercedes-Benz eActros 300 el\u00e9trico se destaca em testes reais na Suzano\"}]},{\"@type\":\"WebSite\",\"@id\":\"https:\\\/\\\/motorista.com.br\\\/noticias\\\/#website\",\"url\":\"https:\\\/\\\/motorista.com.br\\\/noticias\\\/\",\"name\":\"Motorista.com.br\",\"description\":\"Not\u00edcia do Motorista\",\"publisher\":{\"@id\":\"https:\\\/\\\/motorista.com.br\\\/noticias\\\/#organization\"},\"potentialAction\":[{\"@type\":\"SearchAction\",\"target\":{\"@type\":\"EntryPoint\",\"urlTemplate\":\"https:\\\/\\\/motorista.com.br\\\/noticias\\\/?s={search_term_string}\"},\"query-input\":{\"@type\":\"PropertyValueSpecification\",\"valueRequired\":true,\"valueName\":\"search_term_string\"}}],\"inLanguage\":\"pt-BR\"},{\"@type\":\"Organization\",\"@id\":\"https:\\\/\\\/motorista.com.br\\\/noticias\\\/#organization\",\"name\":\"Motorista.com.br\",\"url\":\"https:\\\/\\\/motorista.com.br\\\/noticias\\\/\",\"logo\":{\"@type\":\"ImageObject\",\"inLanguage\":\"pt-BR\",\"@id\":\"https:\\\/\\\/motorista.com.br\\\/noticias\\\/#\\\/schema\\\/logo\\\/image\\\/\",\"url\":\"https:\\\/\\\/motorista.com.br\\\/noticias\\\/wp-content\\\/uploads\\\/2025\\\/06\\\/Design-sem-nome-9.png\",\"contentUrl\":\"https:\\\/\\\/motorista.com.br\\\/noticias\\\/wp-content\\\/uploads\\\/2025\\\/06\\\/Design-sem-nome-9.png\",\"width\":150,\"height\":85,\"caption\":\"Motorista.com.br\"},\"image\":{\"@id\":\"https:\\\/\\\/motorista.com.br\\\/noticias\\\/#\\\/schema\\\/logo\\\/image\\\/\"}},{\"@type\":\"Person\",\"@id\":\"https:\\\/\\\/motorista.com.br\\\/noticias\\\/#\\\/schema\\\/person\\\/dc93afc2981c0e3ce6bc3c053fd847be\",\"name\":\"Equipe Reda\u00e7\u00e3o\",\"image\":{\"@type\":\"ImageObject\",\"inLanguage\":\"pt-BR\",\"@id\":\"https:\\\/\\\/secure.gravatar.com\\\/avatar\\\/4f525efbf18dd2bb300ccad28bfb99d95a9465a5ba268407c8c37b37e1f28d2d?s=96&d=mm&r=g9e099043a0c61e9ae27e293b9fa75ffc\",\"url\":\"https:\\\/\\\/secure.gravatar.com\\\/avatar\\\/4f525efbf18dd2bb300ccad28bfb99d95a9465a5ba268407c8c37b37e1f28d2d?s=96&d=mm&r=g\",\"contentUrl\":\"https:\\\/\\\/secure.gravatar.com\\\/avatar\\\/4f525efbf18dd2bb300ccad28bfb99d95a9465a5ba268407c8c37b37e1f28d2d?s=96&d=mm&r=g\",\"caption\":\"Equipe Reda\u00e7\u00e3o\"},\"description\":\"Equipe de reda\u00e7\u00e3o \u00e9 um grupo de profissionais que trabalham juntos para criar conte\u00fado escrito para Motorista.com.br\",\"url\":\"https:\\\/\\\/motorista.com.br\\\/noticias\\\/author\\\/equiperedacao\\\/\"}]}<\/script>\n<!-- \/ Yoast SEO Premium plugin. -->","yoast_head_json":{"title":"Mercedes-Benz eActros 300 el\u00e9trico se destaca em testes reais na Suzano - Motorista.com.br","robots":{"index":"index","follow":"follow","max-snippet":"max-snippet:-1","max-image-preview":"max-image-preview:large","max-video-preview":"max-video-preview:-1"},"canonical":"https:\/\/motorista.com.br\/noticias\/2026\/04\/26\/mercedes-benz-eactros-300-eletrico-se-destaca-em-testes-reais-na-suzano\/","og_locale":"pt_BR","og_type":"article","og_title":"Mercedes-Benz eActros 300 el\u00e9trico se destaca em testes reais na Suzano","og_description":"Mercedes-Benz eActros 300 El\u00e9trico: Inova\u00e7\u00f5es que Transformam a Mobilidade e Benef\u00edcios para Motoristas Os primeiros testes realizados com o Mercedes-Benz eActros 300, um caminh\u00e3o el\u00e9trico \u00e0 bateria, t\u00eam superado as expectativas em opera\u00e7\u00f5es da Suzano, destacada fabricante de celulose. Este ve\u00edculo, equipado com baterias de 336 kWh, alcan\u00e7a autonomia m\u00e9dia di\u00e1ria de 250 km com &hellip;","og_url":"https:\/\/motorista.com.br\/noticias\/2026\/04\/26\/mercedes-benz-eactros-300-eletrico-se-destaca-em-testes-reais-na-suzano\/","og_site_name":"Motorista.com.br","article_published_time":"2026-04-26T11:41:18+00:00","author":"Equipe Reda\u00e7\u00e3o","twitter_card":"summary_large_image","twitter_misc":{"Escrito por":"Equipe Reda\u00e7\u00e3o","Est. tempo de leitura":"3 minutos","Written by":"Equipe Reda\u00e7\u00e3o"},"schema":{"@context":"https:\/\/schema.org","@graph":[{"@type":"Article","@id":"https:\/\/motorista.com.br\/noticias\/2026\/04\/26\/mercedes-benz-eactros-300-eletrico-se-destaca-em-testes-reais-na-suzano\/#article","isPartOf":{"@id":"https:\/\/motorista.com.br\/noticias\/2026\/04\/26\/mercedes-benz-eactros-300-eletrico-se-destaca-em-testes-reais-na-suzano\/"},"author":{"name":"Equipe Reda\u00e7\u00e3o","@id":"https:\/\/motorista.com.br\/noticias\/#\/schema\/person\/dc93afc2981c0e3ce6bc3c053fd847be"},"headline":"Mercedes-Benz eActros 300 el\u00e9trico se destaca em testes reais na Suzano","datePublished":"2026-04-26T11:41:18+00:00","mainEntityOfPage":{"@id":"https:\/\/motorista.com.br\/noticias\/2026\/04\/26\/mercedes-benz-eactros-300-eletrico-se-destaca-em-testes-reais-na-suzano\/"},"wordCount":533,"publisher":{"@id":"https:\/\/motorista.com.br\/noticias\/#organization"},"image":{"@id":"https:\/\/motorista.com.br\/noticias\/2026\/04\/26\/mercedes-benz-eactros-300-eletrico-se-destaca-em-testes-reais-na-suzano\/#primaryimage"},"thumbnailUrl":"https:\/\/motorista.com.br\/noticias\/wp-content\/uploads\/2026\/04\/Mercedes-Benz-eActros-300-eletrico-2.jpg","articleSection":["Carreteiro","Motorista"],"inLanguage":"pt-BR"},{"@type":"WebPage","@id":"https:\/\/motorista.com.br\/noticias\/2026\/04\/26\/mercedes-benz-eactros-300-eletrico-se-destaca-em-testes-reais-na-suzano\/","url":"https:\/\/motorista.com.br\/noticias\/2026\/04\/26\/mercedes-benz-eactros-300-eletrico-se-destaca-em-testes-reais-na-suzano\/","name":"Mercedes-Benz eActros 300 el\u00e9trico se destaca em testes reais na Suzano - Motorista.com.br","isPartOf":{"@id":"https:\/\/motorista.com.br\/noticias\/#website"},"primaryImageOfPage":{"@id":"https:\/\/motorista.com.br\/noticias\/2026\/04\/26\/mercedes-benz-eactros-300-eletrico-se-destaca-em-testes-reais-na-suzano\/#primaryimage"},"image":{"@id":"https:\/\/motorista.com.br\/noticias\/2026\/04\/26\/mercedes-benz-eactros-300-eletrico-se-destaca-em-testes-reais-na-suzano\/#primaryimage"},"thumbnailUrl":"https:\/\/motorista.com.br\/noticias\/wp-content\/uploads\/2026\/04\/Mercedes-Benz-eActros-300-eletrico-2.jpg","datePublished":"2026-04-26T11:41:18+00:00","breadcrumb":{"@id":"https:\/\/motorista.com.br\/noticias\/2026\/04\/26\/mercedes-benz-eactros-300-eletrico-se-destaca-em-testes-reais-na-suzano\/#breadcrumb"},"inLanguage":"pt-BR","potentialAction":[{"@type":"ReadAction","target":["https:\/\/motorista.com.br\/noticias\/2026\/04\/26\/mercedes-benz-eactros-300-eletrico-se-destaca-em-testes-reais-na-suzano\/"]}]},{"@type":"ImageObject","inLanguage":"pt-BR","@id":"https:\/\/motorista.com.br\/noticias\/2026\/04\/26\/mercedes-benz-eactros-300-eletrico-se-destaca-em-testes-reais-na-suzano\/#primaryimage","url":"https:\/\/motorista.com.br\/noticias\/wp-content\/uploads\/2026\/04\/Mercedes-Benz-eActros-300-eletrico-2.jpg","contentUrl":"https:\/\/motorista.com.br\/noticias\/wp-content\/uploads\/2026\/04\/Mercedes-Benz-eActros-300-eletrico-2.jpg","width":1300,"height":866},{"@type":"BreadcrumbList","@id":"https:\/\/motorista.com.br\/noticias\/2026\/04\/26\/mercedes-benz-eactros-300-eletrico-se-destaca-em-testes-reais-na-suzano\/#breadcrumb","itemListElement":[{"@type":"ListItem","position":1,"name":"In\u00edcio","item":"https:\/\/motorista.com.br\/noticias\/"},{"@type":"ListItem","position":2,"name":"Mercedes-Benz eActros 300 el\u00e9trico se destaca em testes reais na Suzano"}]},{"@type":"WebSite","@id":"https:\/\/motorista.com.br\/noticias\/#website","url":"https:\/\/motorista.com.br\/noticias\/","name":"Motorista.com.br","description":"Not\u00edcia do Motorista","publisher":{"@id":"https:\/\/motorista.com.br\/noticias\/#organization"},"potentialAction":[{"@type":"SearchAction","target":{"@type":"EntryPoint","urlTemplate":"https:\/\/motorista.com.br\/noticias\/?s={search_term_string}"},"query-input":{"@type":"PropertyValueSpecification","valueRequired":true,"valueName":"search_term_string"}}],"inLanguage":"pt-BR"},{"@type":"Organization","@id":"https:\/\/motorista.com.br\/noticias\/#organization","name":"Motorista.com.br","url":"https:\/\/motorista.com.br\/noticias\/","logo":{"@type":"ImageObject","inLanguage":"pt-BR","@id":"https:\/\/motorista.com.br\/noticias\/#\/schema\/logo\/image\/","url":"https:\/\/motorista.com.br\/noticias\/wp-content\/uploads\/2025\/06\/Design-sem-nome-9.png","contentUrl":"https:\/\/motorista.com.br\/noticias\/wp-content\/uploads\/2025\/06\/Design-sem-nome-9.png","width":150,"height":85,"caption":"Motorista.com.br"},"image":{"@id":"https:\/\/motorista.com.br\/noticias\/#\/schema\/logo\/image\/"}},{"@type":"Person","@id":"https:\/\/motorista.com.br\/noticias\/#\/schema\/person\/dc93afc2981c0e3ce6bc3c053fd847be","name":"Equipe Reda\u00e7\u00e3o","image":{"@type":"ImageObject","inLanguage":"pt-BR","@id":"https:\/\/secure.gravatar.com\/avatar\/4f525efbf18dd2bb300ccad28bfb99d95a9465a5ba268407c8c37b37e1f28d2d?s=96&d=mm&r=g9e099043a0c61e9ae27e293b9fa75ffc","url":"https:\/\/secure.gravatar.com\/avatar\/4f525efbf18dd2bb300ccad28bfb99d95a9465a5ba268407c8c37b37e1f28d2d?s=96&d=mm&r=g","contentUrl":"https:\/\/secure.gravatar.com\/avatar\/4f525efbf18dd2bb300ccad28bfb99d95a9465a5ba268407c8c37b37e1f28d2d?s=96&d=mm&r=g","caption":"Equipe Reda\u00e7\u00e3o"},"description":"Equipe de reda\u00e7\u00e3o \u00e9 um grupo de profissionais que trabalham juntos para criar conte\u00fado escrito para Motorista.com.br","url":"https:\/\/motorista.com.br\/noticias\/author\/equiperedacao\/"}]}},"_links":{"self":[{"href":"https:\/\/motorista.com.br\/noticias\/wp-json\/wp\/v2\/posts\/9177","targetHints":{"allow":["GET"]}}],"collection":[{"href":"https:\/\/motorista.com.br\/noticias\/wp-json\/wp\/v2\/posts"}],"about":[{"href":"https:\/\/motorista.com.br\/noticias\/wp-json\/wp\/v2\/types\/post"}],"author":[{"embeddable":true,"href":"https:\/\/motorista.com.br\/noticias\/wp-json\/wp\/v2\/users\/4"}],"replies":[{"embeddable":true,"href":"https:\/\/motorista.com.br\/noticias\/wp-json\/wp\/v2\/comments?post=9177"}],"version-history":[{"count":0,"href":"https:\/\/motorista.com.br\/noticias\/wp-json\/wp\/v2\/posts\/9177\/revisions"}],"wp:featuredmedia":[{"embeddable":true,"href":"https:\/\/motorista.com.br\/noticias\/wp-json\/wp\/v2\/media\/9178"}],"wp:attachment":[{"href":"https:\/\/motorista.com.br\/noticias\/wp-json\/wp\/v2\/media?parent=9177"}],"wp:term":[{"taxonomy":"category","embeddable":true,"href":"https:\/\/motorista.com.br\/noticias\/wp-json\/wp\/v2\/categories?post=9177"},{"taxonomy":"post_tag","embeddable":true,"href":"https:\/\/motorista.com.br\/noticias\/wp-json\/wp\/v2\/tags?post=9177"},{"taxonomy":"author","embeddable":true,"href":"https:\/\/motorista.com.br\/noticias\/wp-json\/wp\/v2\/coauthors?post=9177"}],"curies":[{"name":"wp","href":"https:\/\/api.w.org\/{rel}","templated":true}]}}